{"id":2472,"date":"2024-10-01T12:00:56","date_gmt":"2024-10-01T18:00:56","guid":{"rendered":"https:\/\/www.nexoinformativo.mx\/?p=2472"},"modified":"2024-10-06T19:14:18","modified_gmt":"2024-10-07T01:14:18","slug":"claudia-sheinbaum-inicia-su-mandato-presidencial-con-un-compromiso-humanista-y-10-principios-de-bienestar-social","status":"publish","type":"post","link":"https:\/\/www.nexoinformativo.mx\/index.php\/2024\/10\/01\/claudia-sheinbaum-inicia-su-mandato-presidencial-con-un-compromiso-humanista-y-10-principios-de-bienestar-social\/","title":{"rendered":"Claudia Sheinbaum inicia su mandato presidencial con un compromiso humanista y 10 principios de bienestar social."},"content":{"rendered":"<p style=\"text-align: justify;\">Claudia Sheinbaum, presidenta de M\u00e9xico para el periodo 2024-2030, ha tomado protesta reafirmando su compromiso con el &#8220;humanismo mexicano&#8221;, una visi\u00f3n pol\u00edtica centrada en la dignidad de las personas y el bienestar de los m\u00e1s vulnerables. En su discurso, Sheinbaum desglos\u00f3 los 10 principios fundamentales que guiar\u00e1n su administraci\u00f3n, poniendo \u00e9nfasis en la justicia social, la igualdad y el respeto a los derechos humanos.<\/p>\n<p>&nbsp;<\/p>\n<p style=\"text-align: justify;\">Entre los principios m\u00e1s destacados, Sheinbaum subray\u00f3 que &#8220;por el bien de todos, primero los pobres&#8221;, colocando a los sectores m\u00e1s vulnerables en el centro de su estrategia gubernamental. Adem\u00e1s, prometi\u00f3 combatir la corrupci\u00f3n bajo el lema \u201cla honestidad da resultados\u201d, enfatizando la transparencia y el uso eficiente de los recursos p\u00fablicos.<\/p>\n<p>&nbsp;<\/p>\n<p style=\"text-align: justify;\">Otro de los pilares de su administraci\u00f3n ser\u00e1 la igualdad de g\u00e9nero, comprometi\u00e9ndose a garantizar los derechos de las mujeres y avanzar en la lucha contra la discriminaci\u00f3n. Sheinbaum tambi\u00e9n enfatiz\u00f3 la importancia del cuidado ambiental, afirmando que el desarrollo econ\u00f3mico debe ir de la mano con la protecci\u00f3n de los recursos naturales.<\/p>\n<p>&nbsp;<\/p>\n<p style=\"text-align: justify;\">En el \u00e1mbito internacional, asegur\u00f3 que M\u00e9xico mantendr\u00e1 una pol\u00edtica exterior basada en la libertad y el respeto mutuo, sin someterse a influencias extranjeras. Con un llamado a la unidad y al amor por la patria, Sheinbaum dej\u00f3 claro que su gobierno se enfocar\u00e1 en fortalecer el bienestar colectivo y consolidar los avances logrados durante la Cuarta Transformaci\u00f3n.<\/p>\n<p>&nbsp;<\/p>\n<p>&nbsp;<\/p>\n<p style=\"text-align: center;\"><strong><em>\u00a1Informaci\u00f3n que transforma!<\/em><\/strong><\/p>\n","protected":false},"excerpt":{"rendered":"<p>Claudia Sheinbaum, presidenta de M\u00e9xico para el periodo 2024-2030, ha tomado protesta reafirmando su compromiso con el &#8220;humanismo mexicano&#8221;, una visi\u00f3n pol\u00edtica centrada en la dignidad de las personas y el bienestar de los m\u00e1s vulnerables.<\/p>\n","protected":false},"author":3,"featured_media":2475,"comment_status":"open","ping_status":"open","sticky":false,"template":"","format":"standard","meta":{"footnotes":""},"categories":[88,58],"tags":[985,987,986,984],"class_list":["post-2472","post","type-post","status-publish","format-standard","has-post-thumbnail","hentry","category-nacional","category-ultima-hora","tag-humanismomexicano","tag-justiciasocialmexico","tag-porelbiendetodos","tag-sheinbaumpresidenta"],"yoast_head":"<!-- This site is optimized with the Yoast SEO plugin v25.0 - https:\/\/yoast.com\/wordpress\/plugins\/seo\/ -->\n<title>Claudia Sheinbaum inicia su mandato presidencial con un compromiso humanista y 10 principios de bienestar social. | Nexo Informativo Santiago de Quer\u00e9taro<\/title>\n<meta name=\"description\" content=\"Claudia Sheinbaum inicia su mandato presidencial con un compromiso humanista y 10 principios de bienestar social.\" \/>\n<meta name=\"robots\" content=\"index, follow, max-snippet:-1, max-image-preview:large, max-video-preview:-1\" \/>\n<link rel=\"canonical\" href=\"https:\/\/www.nexoinformativo.mx\/index.php\/2024\/10\/01\/claudia-sheinbaum-inicia-su-mandato-presidencial-con-un-compromiso-humanista-y-10-principios-de-bienestar-social\/\" \/>\n<meta property=\"og:locale\" content=\"es_MX\" \/>\n<meta property=\"og:type\" content=\"article\" \/>\n<meta property=\"og:title\" content=\"Claudia Sheinbaum inicia su mandato presidencial con un compromiso humanista y 10 principios de bienestar social. | Nexo Informativo Santiago de Quer\u00e9taro\" \/>\n<meta property=\"og:description\" content=\"Claudia Sheinbaum inicia su mandato presidencial con un compromiso humanista y 10 principios de bienestar social.\" \/>\n<meta property=\"og:url\" content=\"https:\/\/www.nexoinformativo.mx\/index.php\/2024\/10\/01\/claudia-sheinbaum-inicia-su-mandato-presidencial-con-un-compromiso-humanista-y-10-principios-de-bienestar-social\/\" \/>\n<meta property=\"og:site_name\" content=\"Nexo Informativo Santiago de Quer\u00e9taro\" \/>\n<meta property=\"article:publisher\" content=\"https:\/\/www.facebook.com\/people\/Nexo-Informativo\/61564066885511\/\" \/>\n<meta property=\"article:published_time\" content=\"2024-10-01T18:00:56+00:00\" \/>\n<meta property=\"article:modified_time\" content=\"2024-10-07T01:14:18+00:00\" \/>\n<meta property=\"og:image\" content=\"https:\/\/www.nexoinformativo.mx\/wp-content\/uploads\/2024\/10\/IMG-20241001-WA0064-e1727814160636.jpg\" \/>\n\t<meta property=\"og:image:width\" content=\"800\" \/>\n\t<meta property=\"og:image:height\" content=\"529\" \/>\n\t<meta property=\"og:image:type\" content=\"image\/jpeg\" \/>\n<meta name=\"author\" content=\"Nexo Informativo\" \/>\n<meta name=\"twitter:card\" content=\"summary_large_image\" \/>\n<meta name=\"twitter:label1\" content=\"Escrito por\" \/>\n\t<meta name=\"twitter:data1\" content=\"Nexo Informativo\" \/>\n\t<meta name=\"twitter:label2\" content=\"Tiempo de lectura\" \/>\n\t<meta name=\"twitter:data2\" content=\"2 minutos\" \/>\n<script type=\"application\/ld+json\" class=\"yoast-schema-graph\">{\"@context\":\"https:\/\/schema.org\",\"@graph\":[{\"@type\":\"Article\",\"@id\":\"https:\/\/www.nexoinformativo.mx\/index.php\/2024\/10\/01\/claudia-sheinbaum-inicia-su-mandato-presidencial-con-un-compromiso-humanista-y-10-principios-de-bienestar-social\/#article\",\"isPartOf\":{\"@id\":\"https:\/\/www.nexoinformativo.mx\/index.php\/2024\/10\/01\/claudia-sheinbaum-inicia-su-mandato-presidencial-con-un-compromiso-humanista-y-10-principios-de-bienestar-social\/\"},\"author\":{\"name\":\"Nexo Informativo\",\"@id\":\"https:\/\/www.nexoinformativo.mx\/#\/schema\/person\/7749d380ba08c8ca00d7bc76fd907b7d\"},\"headline\":\"Claudia Sheinbaum inicia su mandato presidencial con un compromiso humanista y 10 principios de bienestar social.\",\"datePublished\":\"2024-10-01T18:00:56+00:00\",\"dateModified\":\"2024-10-07T01:14:18+00:00\",\"mainEntityOfPage\":{\"@id\":\"https:\/\/www.nexoinformativo.mx\/index.php\/2024\/10\/01\/claudia-sheinbaum-inicia-su-mandato-presidencial-con-un-compromiso-humanista-y-10-principios-de-bienestar-social\/\"},\"wordCount\":271,\"commentCount\":0,\"publisher\":{\"@id\":\"https:\/\/www.nexoinformativo.mx\/#organization\"},\"image\":{\"@id\":\"https:\/\/www.nexoinformativo.mx\/index.php\/2024\/10\/01\/claudia-sheinbaum-inicia-su-mandato-presidencial-con-un-compromiso-humanista-y-10-principios-de-bienestar-social\/#primaryimage\"},\"thumbnailUrl\":\"https:\/\/www.nexoinformativo.mx\/wp-content\/uploads\/2024\/10\/IMG-20241001-WA0064-e1727814160636.jpg\",\"keywords\":[\"HumanismoMexicano\",\"JusticiaSocialM\u00e9xico\",\"PorElBienDeTodos\",\"SheinbaumPresidenta\"],\"articleSection\":[\"Nacional\",\"\u00daltima Hora\"],\"inLanguage\":\"es\",\"potentialAction\":[{\"@type\":\"CommentAction\",\"name\":\"Comment\",\"target\":[\"https:\/\/www.nexoinformativo.mx\/index.php\/2024\/10\/01\/claudia-sheinbaum-inicia-su-mandato-presidencial-con-un-compromiso-humanista-y-10-principios-de-bienestar-social\/#respond\"]}]},{\"@type\":\"WebPage\",\"@id\":\"https:\/\/www.nexoinformativo.mx\/index.php\/2024\/10\/01\/claudia-sheinbaum-inicia-su-mandato-presidencial-con-un-compromiso-humanista-y-10-principios-de-bienestar-social\/\",\"url\":\"https:\/\/www.nexoinformativo.mx\/index.php\/2024\/10\/01\/claudia-sheinbaum-inicia-su-mandato-presidencial-con-un-compromiso-humanista-y-10-principios-de-bienestar-social\/\",\"name\":\"Claudia Sheinbaum inicia su mandato presidencial con un compromiso humanista y 10 principios de bienestar social. | Nexo Informativo Santiago de Quer\u00e9taro\",\"isPartOf\":{\"@id\":\"https:\/\/www.nexoinformativo.mx\/#website\"},\"primaryImageOfPage\":{\"@id\":\"https:\/\/www.nexoinformativo.mx\/index.php\/2024\/10\/01\/claudia-sheinbaum-inicia-su-mandato-presidencial-con-un-compromiso-humanista-y-10-principios-de-bienestar-social\/#primaryimage\"},\"image\":{\"@id\":\"https:\/\/www.nexoinformativo.mx\/index.php\/2024\/10\/01\/claudia-sheinbaum-inicia-su-mandato-presidencial-con-un-compromiso-humanista-y-10-principios-de-bienestar-social\/#primaryimage\"},\"thumbnailUrl\":\"https:\/\/www.nexoinformativo.mx\/wp-content\/uploads\/2024\/10\/IMG-20241001-WA0064-e1727814160636.jpg\",\"datePublished\":\"2024-10-01T18:00:56+00:00\",\"dateModified\":\"2024-10-07T01:14:18+00:00\",\"description\":\"Claudia Sheinbaum inicia su mandato presidencial con un compromiso humanista y 10 principios de bienestar social.\",\"breadcrumb\":{\"@id\":\"https:\/\/www.nexoinformativo.mx\/index.php\/2024\/10\/01\/claudia-sheinbaum-inicia-su-mandato-presidencial-con-un-compromiso-humanista-y-10-principios-de-bienestar-social\/#breadcrumb\"},\"inLanguage\":\"es\",\"potentialAction\":[{\"@type\":\"ReadAction\",\"target\":[\"https:\/\/www.nexoinformativo.mx\/index.php\/2024\/10\/01\/claudia-sheinbaum-inicia-su-mandato-presidencial-con-un-compromiso-humanista-y-10-principios-de-bienestar-social\/\"]}]},{\"@type\":\"ImageObject\",\"inLanguage\":\"es\",\"@id\":\"https:\/\/www.nexoinformativo.mx\/index.php\/2024\/10\/01\/claudia-sheinbaum-inicia-su-mandato-presidencial-con-un-compromiso-humanista-y-10-principios-de-bienestar-social\/#primaryimage\",\"url\":\"https:\/\/www.nexoinformativo.mx\/wp-content\/uploads\/2024\/10\/IMG-20241001-WA0064-e1727814160636.jpg\",\"contentUrl\":\"https:\/\/www.nexoinformativo.mx\/wp-content\/uploads\/2024\/10\/IMG-20241001-WA0064-e1727814160636.jpg\",\"width\":800,\"height\":529},{\"@type\":\"BreadcrumbList\",\"@id\":\"https:\/\/www.nexoinformativo.mx\/index.php\/2024\/10\/01\/claudia-sheinbaum-inicia-su-mandato-presidencial-con-un-compromiso-humanista-y-10-principios-de-bienestar-social\/#breadcrumb\",\"itemListElement\":[{\"@type\":\"ListItem\",\"position\":1,\"name\":\"Inicio\",\"item\":\"https:\/\/www.nexoinformativo.mx\/\"},{\"@type\":\"ListItem\",\"position\":2,\"name\":\"Claudia Sheinbaum inicia su mandato presidencial con un compromiso humanista y 10 principios de bienestar social.\"}]},{\"@type\":\"WebSite\",\"@id\":\"https:\/\/www.nexoinformativo.mx\/#website\",\"url\":\"https:\/\/www.nexoinformativo.mx\/\",\"name\":\"Nexo Informativo Santiago de Quer\u00e9taro\",\"description\":\"Explora NexoInformativo y convi\u00e9rtete en parte de una comunidad que valora el conocimiento y la verdad. Tu nexoinformativo es tu puente hacia una comprensi\u00f3n m\u00e1s profunda del mundo que te rodea.\",\"publisher\":{\"@id\":\"https:\/\/www.nexoinformativo.mx\/#organization\"},\"potentialAction\":[{\"@type\":\"SearchAction\",\"target\":{\"@type\":\"EntryPoint\",\"urlTemplate\":\"https:\/\/www.nexoinformativo.mx\/?s={search_term_string}\"},\"query-input\":{\"@type\":\"PropertyValueSpecification\",\"valueRequired\":true,\"valueName\":\"search_term_string\"}}],\"inLanguage\":\"es\"},{\"@type\":\"Organization\",\"@id\":\"https:\/\/www.nexoinformativo.mx\/#organization\",\"name\":\"Nexo Informativo Santiago de Quer\u00e9taro\",\"url\":\"https:\/\/www.nexoinformativo.mx\/\",\"logo\":{\"@type\":\"ImageObject\",\"inLanguage\":\"es\",\"@id\":\"https:\/\/www.nexoinformativo.mx\/#\/schema\/logo\/image\/\",\"url\":\"https:\/\/www.nexoinformativo.mx\/wp-content\/uploads\/2024\/07\/nexoi-trasparente-2.png\",\"contentUrl\":\"https:\/\/www.nexoinformativo.mx\/wp-content\/uploads\/2024\/07\/nexoi-trasparente-2.png\",\"width\":816,\"height\":339,\"caption\":\"Nexo Informativo Santiago de Quer\u00e9taro\"},\"image\":{\"@id\":\"https:\/\/www.nexoinformativo.mx\/#\/schema\/logo\/image\/\"},\"sameAs\":[\"https:\/\/www.facebook.com\/people\/Nexo-Informativo\/61564066885511\/\"]},{\"@type\":\"Person\",\"@id\":\"https:\/\/www.nexoinformativo.mx\/#\/schema\/person\/7749d380ba08c8ca00d7bc76fd907b7d\",\"name\":\"Nexo Informativo\",\"image\":{\"@type\":\"ImageObject\",\"inLanguage\":\"es\",\"@id\":\"https:\/\/www.nexoinformativo.mx\/#\/schema\/person\/image\/\",\"url\":\"https:\/\/secure.gravatar.com\/avatar\/dde2928154642a13d95f87ddf1ea9718fe2b46760a005c53e41ff5ad610704e6?s=96&d=mm&r=g\",\"contentUrl\":\"https:\/\/secure.gravatar.com\/avatar\/dde2928154642a13d95f87ddf1ea9718fe2b46760a005c53e41ff5ad610704e6?s=96&d=mm&r=g\",\"caption\":\"Nexo Informativo\"},\"url\":\"https:\/\/www.nexoinformativo.mx\/index.php\/author\/edicion\/\"}]}<\/script>\n<!-- \/ Yoast SEO plugin. -->","yoast_head_json":{"title":"Claudia Sheinbaum inicia su mandato presidencial con un compromiso humanista y 10 principios de bienestar social. | Nexo Informativo Santiago de Quer\u00e9taro","description":"Claudia Sheinbaum inicia su mandato presidencial con un compromiso humanista y 10 principios de bienestar social.","robots":{"index":"index","follow":"follow","max-snippet":"max-snippet:-1","max-image-preview":"max-image-preview:large","max-video-preview":"max-video-preview:-1"},"canonical":"https:\/\/www.nexoinformativo.mx\/index.php\/2024\/10\/01\/claudia-sheinbaum-inicia-su-mandato-presidencial-con-un-compromiso-humanista-y-10-principios-de-bienestar-social\/","og_locale":"es_MX","og_type":"article","og_title":"Claudia Sheinbaum inicia su mandato presidencial con un compromiso humanista y 10 principios de bienestar social. | Nexo Informativo Santiago de Quer\u00e9taro","og_description":"Claudia Sheinbaum inicia su mandato presidencial con un compromiso humanista y 10 principios de bienestar social.","og_url":"https:\/\/www.nexoinformativo.mx\/index.php\/2024\/10\/01\/claudia-sheinbaum-inicia-su-mandato-presidencial-con-un-compromiso-humanista-y-10-principios-de-bienestar-social\/","og_site_name":"Nexo Informativo Santiago de Quer\u00e9taro","article_publisher":"https:\/\/www.facebook.com\/people\/Nexo-Informativo\/61564066885511\/","article_published_time":"2024-10-01T18:00:56+00:00","article_modified_time":"2024-10-07T01:14:18+00:00","og_image":[{"width":800,"height":529,"url":"https:\/\/www.nexoinformativo.mx\/wp-content\/uploads\/2024\/10\/IMG-20241001-WA0064-e1727814160636.jpg","type":"image\/jpeg"}],"author":"Nexo Informativo","twitter_card":"summary_large_image","twitter_misc":{"Escrito por":"Nexo Informativo","Tiempo de lectura":"2 minutos"},"schema":{"@context":"https:\/\/schema.org","@graph":[{"@type":"Article","@id":"https:\/\/www.nexoinformativo.mx\/index.php\/2024\/10\/01\/claudia-sheinbaum-inicia-su-mandato-presidencial-con-un-compromiso-humanista-y-10-principios-de-bienestar-social\/#article","isPartOf":{"@id":"https:\/\/www.nexoinformativo.mx\/index.php\/2024\/10\/01\/claudia-sheinbaum-inicia-su-mandato-presidencial-con-un-compromiso-humanista-y-10-principios-de-bienestar-social\/"},"author":{"name":"Nexo Informativo","@id":"https:\/\/www.nexoinformativo.mx\/#\/schema\/person\/7749d380ba08c8ca00d7bc76fd907b7d"},"headline":"Claudia Sheinbaum inicia su mandato presidencial con un compromiso humanista y 10 principios de bienestar social.","datePublished":"2024-10-01T18:00:56+00:00","dateModified":"2024-10-07T01:14:18+00:00","mainEntityOfPage":{"@id":"https:\/\/www.nexoinformativo.mx\/index.php\/2024\/10\/01\/claudia-sheinbaum-inicia-su-mandato-presidencial-con-un-compromiso-humanista-y-10-principios-de-bienestar-social\/"},"wordCount":271,"commentCount":0,"publisher":{"@id":"https:\/\/www.nexoinformativo.mx\/#organization"},"image":{"@id":"https:\/\/www.nexoinformativo.mx\/index.php\/2024\/10\/01\/claudia-sheinbaum-inicia-su-mandato-presidencial-con-un-compromiso-humanista-y-10-principios-de-bienestar-social\/#primaryimage"},"thumbnailUrl":"https:\/\/www.nexoinformativo.mx\/wp-content\/uploads\/2024\/10\/IMG-20241001-WA0064-e1727814160636.jpg","keywords":["HumanismoMexicano","JusticiaSocialM\u00e9xico","PorElBienDeTodos","SheinbaumPresidenta"],"articleSection":["Nacional","\u00daltima Hora"],"inLanguage":"es","potentialAction":[{"@type":"CommentAction","name":"Comment","target":["https:\/\/www.nexoinformativo.mx\/index.php\/2024\/10\/01\/claudia-sheinbaum-inicia-su-mandato-presidencial-con-un-compromiso-humanista-y-10-principios-de-bienestar-social\/#respond"]}]},{"@type":"WebPage","@id":"https:\/\/www.nexoinformativo.mx\/index.php\/2024\/10\/01\/claudia-sheinbaum-inicia-su-mandato-presidencial-con-un-compromiso-humanista-y-10-principios-de-bienestar-social\/","url":"https:\/\/www.nexoinformativo.mx\/index.php\/2024\/10\/01\/claudia-sheinbaum-inicia-su-mandato-presidencial-con-un-compromiso-humanista-y-10-principios-de-bienestar-social\/","name":"Claudia Sheinbaum inicia su mandato presidencial con un compromiso humanista y 10 principios de bienestar social. | Nexo Informativo Santiago de Quer\u00e9taro","isPartOf":{"@id":"https:\/\/www.nexoinformativo.mx\/#website"},"primaryImageOfPage":{"@id":"https:\/\/www.nexoinformativo.mx\/index.php\/2024\/10\/01\/claudia-sheinbaum-inicia-su-mandato-presidencial-con-un-compromiso-humanista-y-10-principios-de-bienestar-social\/#primaryimage"},"image":{"@id":"https:\/\/www.nexoinformativo.mx\/index.php\/2024\/10\/01\/claudia-sheinbaum-inicia-su-mandato-presidencial-con-un-compromiso-humanista-y-10-principios-de-bienestar-social\/#primaryimage"},"thumbnailUrl":"https:\/\/www.nexoinformativo.mx\/wp-content\/uploads\/2024\/10\/IMG-20241001-WA0064-e1727814160636.jpg","datePublished":"2024-10-01T18:00:56+00:00","dateModified":"2024-10-07T01:14:18+00:00","description":"Claudia Sheinbaum inicia su mandato presidencial con un compromiso humanista y 10 principios de bienestar social.","breadcrumb":{"@id":"https:\/\/www.nexoinformativo.mx\/index.php\/2024\/10\/01\/claudia-sheinbaum-inicia-su-mandato-presidencial-con-un-compromiso-humanista-y-10-principios-de-bienestar-social\/#breadcrumb"},"inLanguage":"es","potentialAction":[{"@type":"ReadAction","target":["https:\/\/www.nexoinformativo.mx\/index.php\/2024\/10\/01\/claudia-sheinbaum-inicia-su-mandato-presidencial-con-un-compromiso-humanista-y-10-principios-de-bienestar-social\/"]}]},{"@type":"ImageObject","inLanguage":"es","@id":"https:\/\/www.nexoinformativo.mx\/index.php\/2024\/10\/01\/claudia-sheinbaum-inicia-su-mandato-presidencial-con-un-compromiso-humanista-y-10-principios-de-bienestar-social\/#primaryimage","url":"https:\/\/www.nexoinformativo.mx\/wp-content\/uploads\/2024\/10\/IMG-20241001-WA0064-e1727814160636.jpg","contentUrl":"https:\/\/www.nexoinformativo.mx\/wp-content\/uploads\/2024\/10\/IMG-20241001-WA0064-e1727814160636.jpg","width":800,"height":529},{"@type":"BreadcrumbList","@id":"https:\/\/www.nexoinformativo.mx\/index.php\/2024\/10\/01\/claudia-sheinbaum-inicia-su-mandato-presidencial-con-un-compromiso-humanista-y-10-principios-de-bienestar-social\/#breadcrumb","itemListElement":[{"@type":"ListItem","position":1,"name":"Inicio","item":"https:\/\/www.nexoinformativo.mx\/"},{"@type":"ListItem","position":2,"name":"Claudia Sheinbaum inicia su mandato presidencial con un compromiso humanista y 10 principios de bienestar social."}]},{"@type":"WebSite","@id":"https:\/\/www.nexoinformativo.mx\/#website","url":"https:\/\/www.nexoinformativo.mx\/","name":"Nexo Informativo Santiago de Quer\u00e9taro","description":"Explora NexoInformativo y convi\u00e9rtete en parte de una comunidad que valora el conocimiento y la verdad. Tu nexoinformativo es tu puente hacia una comprensi\u00f3n m\u00e1s profunda del mundo que te rodea.","publisher":{"@id":"https:\/\/www.nexoinformativo.mx\/#organization"},"potentialAction":[{"@type":"SearchAction","target":{"@type":"EntryPoint","urlTemplate":"https:\/\/www.nexoinformativo.mx\/?s={search_term_string}"},"query-input":{"@type":"PropertyValueSpecification","valueRequired":true,"valueName":"search_term_string"}}],"inLanguage":"es"},{"@type":"Organization","@id":"https:\/\/www.nexoinformativo.mx\/#organization","name":"Nexo Informativo Santiago de Quer\u00e9taro","url":"https:\/\/www.nexoinformativo.mx\/","logo":{"@type":"ImageObject","inLanguage":"es","@id":"https:\/\/www.nexoinformativo.mx\/#\/schema\/logo\/image\/","url":"https:\/\/www.nexoinformativo.mx\/wp-content\/uploads\/2024\/07\/nexoi-trasparente-2.png","contentUrl":"https:\/\/www.nexoinformativo.mx\/wp-content\/uploads\/2024\/07\/nexoi-trasparente-2.png","width":816,"height":339,"caption":"Nexo Informativo Santiago de Quer\u00e9taro"},"image":{"@id":"https:\/\/www.nexoinformativo.mx\/#\/schema\/logo\/image\/"},"sameAs":["https:\/\/www.facebook.com\/people\/Nexo-Informativo\/61564066885511\/"]},{"@type":"Person","@id":"https:\/\/www.nexoinformativo.mx\/#\/schema\/person\/7749d380ba08c8ca00d7bc76fd907b7d","name":"Nexo Informativo","image":{"@type":"ImageObject","inLanguage":"es","@id":"https:\/\/www.nexoinformativo.mx\/#\/schema\/person\/image\/","url":"https:\/\/secure.gravatar.com\/avatar\/dde2928154642a13d95f87ddf1ea9718fe2b46760a005c53e41ff5ad610704e6?s=96&d=mm&r=g","contentUrl":"https:\/\/secure.gravatar.com\/avatar\/dde2928154642a13d95f87ddf1ea9718fe2b46760a005c53e41ff5ad610704e6?s=96&d=mm&r=g","caption":"Nexo Informativo"},"url":"https:\/\/www.nexoinformativo.mx\/index.php\/author\/edicion\/"}]}},"_links":{"self":[{"href":"https:\/\/www.nexoinformativo.mx\/index.php\/wp-json\/wp\/v2\/posts\/2472","targetHints":{"allow":["GET"]}}],"collection":[{"href":"https:\/\/www.nexoinformativo.mx\/index.php\/wp-json\/wp\/v2\/posts"}],"about":[{"href":"https:\/\/www.nexoinformativo.mx\/index.php\/wp-json\/wp\/v2\/types\/post"}],"author":[{"embeddable":true,"href":"https:\/\/www.nexoinformativo.mx\/index.php\/wp-json\/wp\/v2\/users\/3"}],"replies":[{"embeddable":true,"href":"https:\/\/www.nexoinformativo.mx\/index.php\/wp-json\/wp\/v2\/comments?post=2472"}],"version-history":[{"count":3,"href":"https:\/\/www.nexoinformativo.mx\/index.php\/wp-json\/wp\/v2\/posts\/2472\/revisions"}],"predecessor-version":[{"id":2769,"href":"https:\/\/www.nexoinformativo.mx\/index.php\/wp-json\/wp\/v2\/posts\/2472\/revisions\/2769"}],"wp:featuredmedia":[{"embeddable":true,"href":"https:\/\/www.nexoinformativo.mx\/index.php\/wp-json\/wp\/v2\/media\/2475"}],"wp:attachment":[{"href":"https:\/\/www.nexoinformativo.mx\/index.php\/wp-json\/wp\/v2\/media?parent=2472"}],"wp:term":[{"taxonomy":"category","embeddable":true,"href":"https:\/\/www.nexoinformativo.mx\/index.php\/wp-json\/wp\/v2\/categories?post=2472"},{"taxonomy":"post_tag","embeddable":true,"href":"https:\/\/www.nexoinformativo.mx\/index.php\/wp-json\/wp\/v2\/tags?post=2472"}],"curies":[{"name":"wp","href":"https:\/\/api.w.org\/{rel}","templated":true}]}}