{"id":2476,"date":"2024-10-01T15:00:52","date_gmt":"2024-10-01T21:00:52","guid":{"rendered":"https:\/\/www.nexoinformativo.mx\/?p=2476"},"modified":"2024-10-21T17:44:28","modified_gmt":"2024-10-21T23:44:28","slug":"listo-el-operativo-de-seguridad-para-el-queretaro-maraton-2024-con-19-mil-corredores","status":"publish","type":"post","link":"https:\/\/www.nexoinformativo.mx\/index.php\/2024\/10\/01\/listo-el-operativo-de-seguridad-para-el-queretaro-maraton-2024-con-19-mil-corredores\/","title":{"rendered":"Listo el operativo de seguridad para el Quer\u00e9taro Marat\u00f3n 2024 con 19 mil corredores"},"content":{"rendered":"<p style=\"text-align: justify;\">El Quer\u00e9taro Marat\u00f3n 2024 se llevar\u00e1 a cabo este fin de semana, y la Coordinaci\u00f3n Estatal de Protecci\u00f3n Civil, encabezada por Javier Amaya, ha informado que el operativo de seguridad est\u00e1 listo. Con la participaci\u00f3n de 19 mil corredores, se contar\u00e1 con el apoyo de autoridades estatales y diversas corporaciones municipales para garantizar un evento sin incidentes.<\/p>\n<p>&nbsp;<\/p>\n<p style=\"text-align: justify;\">Amaya destac\u00f3 que, al igual que en las ediciones anteriores, habr\u00e1 un equipo de profesionales de distintas corporaciones acompa\u00f1ando a los participantes para asegurar su bienestar. Adem\u00e1s, se dispondr\u00e1 de personal m\u00e9dico capacitado en puntos estrat\u00e9gicos a lo largo del recorrido, listo para atender cualquier eventualidad.<\/p>\n<p>&nbsp;<\/p>\n<p style=\"text-align: justify;\"><strong>&#8220;Estamos preparados para este gran evento deportivo, y esperamos que todo salga bien, como en los dos \u00faltimos a\u00f1os&#8221;<\/strong>, afirm\u00f3 Amaya.<\/p>\n<p>&nbsp;<\/p>\n<p style=\"text-align: justify;\">Es importante que los ciudadanos tomen en cuenta los cierres viales, que comenzar\u00e1n desde la tarde del s\u00e1bado, con la reapertura de las calles programada para el transcurso del domingo.<\/p>\n<p>&nbsp;<\/p>\n<p>&nbsp;<\/p>\n<p style=\"text-align: center;\"><strong><em>\u00a1Informaci\u00f3n que transforma!<\/em><\/strong><\/p>\n","protected":false},"excerpt":{"rendered":"<p>El Quer\u00e9taro Marat\u00f3n 2024 se llevar\u00e1 a cabo este fin de semana, y la Coordinaci\u00f3n Estatal de Protecci\u00f3n Civil, encabezada por Javier Amaya, ha informado que el operativo de seguridad est\u00e1 completamente listo.<\/p>\n","protected":false},"author":3,"featured_media":2479,"comment_status":"open","ping_status":"open","sticky":false,"template":"","format":"standard","meta":{"footnotes":""},"categories":[65],"tags":[989,990,268,988],"class_list":["post-2476","post","type-post","status-publish","format-standard","has-post-thumbnail","hentry","category-municipios","tag-deporteseguro","tag-maratonqueretaro","tag-proteccioncivilqro","tag-queretaromaraton2024"],"yoast_head":"<!-- This site is optimized with the Yoast SEO plugin v25.0 - https:\/\/yoast.com\/wordpress\/plugins\/seo\/ -->\n<title>Listo el operativo de seguridad para el Quer\u00e9taro Marat\u00f3n 2024 con 19 mil corredores | Nexo Informativo Santiago de Quer\u00e9taro<\/title>\n<meta name=\"description\" content=\"Listo el operativo de seguridad para el Quer\u00e9taro Marat\u00f3n 2024 con 19 mil corredores\" \/>\n<meta name=\"robots\" content=\"index, follow, max-snippet:-1, max-image-preview:large, max-video-preview:-1\" \/>\n<link rel=\"canonical\" href=\"https:\/\/www.nexoinformativo.mx\/index.php\/2024\/10\/01\/listo-el-operativo-de-seguridad-para-el-queretaro-maraton-2024-con-19-mil-corredores\/\" \/>\n<meta property=\"og:locale\" content=\"es_MX\" \/>\n<meta property=\"og:type\" content=\"article\" \/>\n<meta property=\"og:title\" content=\"Listo el operativo de seguridad para el Quer\u00e9taro Marat\u00f3n 2024 con 19 mil corredores | Nexo Informativo Santiago de Quer\u00e9taro\" \/>\n<meta property=\"og:description\" content=\"Listo el operativo de seguridad para el Quer\u00e9taro Marat\u00f3n 2024 con 19 mil corredores\" \/>\n<meta property=\"og:url\" content=\"https:\/\/www.nexoinformativo.mx\/index.php\/2024\/10\/01\/listo-el-operativo-de-seguridad-para-el-queretaro-maraton-2024-con-19-mil-corredores\/\" \/>\n<meta property=\"og:site_name\" content=\"Nexo Informativo Santiago de Quer\u00e9taro\" \/>\n<meta property=\"article:publisher\" content=\"https:\/\/www.facebook.com\/people\/Nexo-Informativo\/61564066885511\/\" \/>\n<meta property=\"article:published_time\" content=\"2024-10-01T21:00:52+00:00\" \/>\n<meta property=\"article:modified_time\" content=\"2024-10-21T23:44:28+00:00\" \/>\n<meta property=\"og:image\" content=\"https:\/\/www.nexoinformativo.mx\/wp-content\/uploads\/2024\/10\/PHOTO-2024-10-01-16-48-46.jpg\" \/>\n\t<meta property=\"og:image:width\" content=\"678\" \/>\n\t<meta property=\"og:image:height\" content=\"452\" \/>\n\t<meta property=\"og:image:type\" content=\"image\/jpeg\" \/>\n<meta name=\"author\" content=\"Nexo Informativo\" \/>\n<meta name=\"twitter:card\" content=\"summary_large_image\" \/>\n<meta name=\"twitter:label1\" content=\"Escrito por\" \/>\n\t<meta name=\"twitter:data1\" content=\"Nexo Informativo\" \/>\n\t<meta name=\"twitter:label2\" content=\"Tiempo de lectura\" \/>\n\t<meta name=\"twitter:data2\" content=\"1 minuto\" \/>\n<script type=\"application\/ld+json\" class=\"yoast-schema-graph\">{\"@context\":\"https:\/\/schema.org\",\"@graph\":[{\"@type\":\"Article\",\"@id\":\"https:\/\/www.nexoinformativo.mx\/index.php\/2024\/10\/01\/listo-el-operativo-de-seguridad-para-el-queretaro-maraton-2024-con-19-mil-corredores\/#article\",\"isPartOf\":{\"@id\":\"https:\/\/www.nexoinformativo.mx\/index.php\/2024\/10\/01\/listo-el-operativo-de-seguridad-para-el-queretaro-maraton-2024-con-19-mil-corredores\/\"},\"author\":{\"name\":\"Nexo Informativo\",\"@id\":\"https:\/\/www.nexoinformativo.mx\/#\/schema\/person\/7749d380ba08c8ca00d7bc76fd907b7d\"},\"headline\":\"Listo el operativo de seguridad para el Quer\u00e9taro Marat\u00f3n 2024 con 19 mil corredores\",\"datePublished\":\"2024-10-01T21:00:52+00:00\",\"dateModified\":\"2024-10-21T23:44:28+00:00\",\"mainEntityOfPage\":{\"@id\":\"https:\/\/www.nexoinformativo.mx\/index.php\/2024\/10\/01\/listo-el-operativo-de-seguridad-para-el-queretaro-maraton-2024-con-19-mil-corredores\/\"},\"wordCount\":187,\"commentCount\":0,\"publisher\":{\"@id\":\"https:\/\/www.nexoinformativo.mx\/#organization\"},\"image\":{\"@id\":\"https:\/\/www.nexoinformativo.mx\/index.php\/2024\/10\/01\/listo-el-operativo-de-seguridad-para-el-queretaro-maraton-2024-con-19-mil-corredores\/#primaryimage\"},\"thumbnailUrl\":\"https:\/\/www.nexoinformativo.mx\/wp-content\/uploads\/2024\/10\/PHOTO-2024-10-01-16-48-46.jpg\",\"keywords\":[\"DeporteSeguro\",\"Marat\u00f3nQuer\u00e9taro\",\"ProteccionCivilQro\",\"Quer\u00e9taroMarat\u00f3n2024\"],\"articleSection\":[\"Municipios\"],\"inLanguage\":\"es\",\"potentialAction\":[{\"@type\":\"CommentAction\",\"name\":\"Comment\",\"target\":[\"https:\/\/www.nexoinformativo.mx\/index.php\/2024\/10\/01\/listo-el-operativo-de-seguridad-para-el-queretaro-maraton-2024-con-19-mil-corredores\/#respond\"]}]},{\"@type\":\"WebPage\",\"@id\":\"https:\/\/www.nexoinformativo.mx\/index.php\/2024\/10\/01\/listo-el-operativo-de-seguridad-para-el-queretaro-maraton-2024-con-19-mil-corredores\/\",\"url\":\"https:\/\/www.nexoinformativo.mx\/index.php\/2024\/10\/01\/listo-el-operativo-de-seguridad-para-el-queretaro-maraton-2024-con-19-mil-corredores\/\",\"name\":\"Listo el operativo de seguridad para el Quer\u00e9taro Marat\u00f3n 2024 con 19 mil corredores | Nexo Informativo Santiago de Quer\u00e9taro\",\"isPartOf\":{\"@id\":\"https:\/\/www.nexoinformativo.mx\/#website\"},\"primaryImageOfPage\":{\"@id\":\"https:\/\/www.nexoinformativo.mx\/index.php\/2024\/10\/01\/listo-el-operativo-de-seguridad-para-el-queretaro-maraton-2024-con-19-mil-corredores\/#primaryimage\"},\"image\":{\"@id\":\"https:\/\/www.nexoinformativo.mx\/index.php\/2024\/10\/01\/listo-el-operativo-de-seguridad-para-el-queretaro-maraton-2024-con-19-mil-corredores\/#primaryimage\"},\"thumbnailUrl\":\"https:\/\/www.nexoinformativo.mx\/wp-content\/uploads\/2024\/10\/PHOTO-2024-10-01-16-48-46.jpg\",\"datePublished\":\"2024-10-01T21:00:52+00:00\",\"dateModified\":\"2024-10-21T23:44:28+00:00\",\"description\":\"Listo el operativo de seguridad para el Quer\u00e9taro Marat\u00f3n 2024 con 19 mil corredores\",\"breadcrumb\":{\"@id\":\"https:\/\/www.nexoinformativo.mx\/index.php\/2024\/10\/01\/listo-el-operativo-de-seguridad-para-el-queretaro-maraton-2024-con-19-mil-corredores\/#breadcrumb\"},\"inLanguage\":\"es\",\"potentialAction\":[{\"@type\":\"ReadAction\",\"target\":[\"https:\/\/www.nexoinformativo.mx\/index.php\/2024\/10\/01\/listo-el-operativo-de-seguridad-para-el-queretaro-maraton-2024-con-19-mil-corredores\/\"]}]},{\"@type\":\"ImageObject\",\"inLanguage\":\"es\",\"@id\":\"https:\/\/www.nexoinformativo.mx\/index.php\/2024\/10\/01\/listo-el-operativo-de-seguridad-para-el-queretaro-maraton-2024-con-19-mil-corredores\/#primaryimage\",\"url\":\"https:\/\/www.nexoinformativo.mx\/wp-content\/uploads\/2024\/10\/PHOTO-2024-10-01-16-48-46.jpg\",\"contentUrl\":\"https:\/\/www.nexoinformativo.mx\/wp-content\/uploads\/2024\/10\/PHOTO-2024-10-01-16-48-46.jpg\",\"width\":678,\"height\":452},{\"@type\":\"BreadcrumbList\",\"@id\":\"https:\/\/www.nexoinformativo.mx\/index.php\/2024\/10\/01\/listo-el-operativo-de-seguridad-para-el-queretaro-maraton-2024-con-19-mil-corredores\/#breadcrumb\",\"itemListElement\":[{\"@type\":\"ListItem\",\"position\":1,\"name\":\"Inicio\",\"item\":\"https:\/\/www.nexoinformativo.mx\/\"},{\"@type\":\"ListItem\",\"position\":2,\"name\":\"Listo el operativo de seguridad para el Quer\u00e9taro Marat\u00f3n 2024 con 19 mil corredores\"}]},{\"@type\":\"WebSite\",\"@id\":\"https:\/\/www.nexoinformativo.mx\/#website\",\"url\":\"https:\/\/www.nexoinformativo.mx\/\",\"name\":\"Nexo Informativo Santiago de Quer\u00e9taro\",\"description\":\"Explora NexoInformativo y convi\u00e9rtete en parte de una comunidad que valora el conocimiento y la verdad. Tu nexoinformativo es tu puente hacia una comprensi\u00f3n m\u00e1s profunda del mundo que te rodea.\",\"publisher\":{\"@id\":\"https:\/\/www.nexoinformativo.mx\/#organization\"},\"potentialAction\":[{\"@type\":\"SearchAction\",\"target\":{\"@type\":\"EntryPoint\",\"urlTemplate\":\"https:\/\/www.nexoinformativo.mx\/?s={search_term_string}\"},\"query-input\":{\"@type\":\"PropertyValueSpecification\",\"valueRequired\":true,\"valueName\":\"search_term_string\"}}],\"inLanguage\":\"es\"},{\"@type\":\"Organization\",\"@id\":\"https:\/\/www.nexoinformativo.mx\/#organization\",\"name\":\"Nexo Informativo Santiago de Quer\u00e9taro\",\"url\":\"https:\/\/www.nexoinformativo.mx\/\",\"logo\":{\"@type\":\"ImageObject\",\"inLanguage\":\"es\",\"@id\":\"https:\/\/www.nexoinformativo.mx\/#\/schema\/logo\/image\/\",\"url\":\"https:\/\/www.nexoinformativo.mx\/wp-content\/uploads\/2024\/07\/nexoi-trasparente-2.png\",\"contentUrl\":\"https:\/\/www.nexoinformativo.mx\/wp-content\/uploads\/2024\/07\/nexoi-trasparente-2.png\",\"width\":816,\"height\":339,\"caption\":\"Nexo Informativo Santiago de Quer\u00e9taro\"},\"image\":{\"@id\":\"https:\/\/www.nexoinformativo.mx\/#\/schema\/logo\/image\/\"},\"sameAs\":[\"https:\/\/www.facebook.com\/people\/Nexo-Informativo\/61564066885511\/\"]},{\"@type\":\"Person\",\"@id\":\"https:\/\/www.nexoinformativo.mx\/#\/schema\/person\/7749d380ba08c8ca00d7bc76fd907b7d\",\"name\":\"Nexo Informativo\",\"image\":{\"@type\":\"ImageObject\",\"inLanguage\":\"es\",\"@id\":\"https:\/\/www.nexoinformativo.mx\/#\/schema\/person\/image\/\",\"url\":\"https:\/\/secure.gravatar.com\/avatar\/dde2928154642a13d95f87ddf1ea9718fe2b46760a005c53e41ff5ad610704e6?s=96&d=mm&r=g\",\"contentUrl\":\"https:\/\/secure.gravatar.com\/avatar\/dde2928154642a13d95f87ddf1ea9718fe2b46760a005c53e41ff5ad610704e6?s=96&d=mm&r=g\",\"caption\":\"Nexo Informativo\"},\"url\":\"https:\/\/www.nexoinformativo.mx\/index.php\/author\/edicion\/\"}]}<\/script>\n<!-- \/ Yoast SEO plugin. -->","yoast_head_json":{"title":"Listo el operativo de seguridad para el Quer\u00e9taro Marat\u00f3n 2024 con 19 mil corredores | Nexo Informativo Santiago de Quer\u00e9taro","description":"Listo el operativo de seguridad para el Quer\u00e9taro Marat\u00f3n 2024 con 19 mil corredores","robots":{"index":"index","follow":"follow","max-snippet":"max-snippet:-1","max-image-preview":"max-image-preview:large","max-video-preview":"max-video-preview:-1"},"canonical":"https:\/\/www.nexoinformativo.mx\/index.php\/2024\/10\/01\/listo-el-operativo-de-seguridad-para-el-queretaro-maraton-2024-con-19-mil-corredores\/","og_locale":"es_MX","og_type":"article","og_title":"Listo el operativo de seguridad para el Quer\u00e9taro Marat\u00f3n 2024 con 19 mil corredores | Nexo Informativo Santiago de Quer\u00e9taro","og_description":"Listo el operativo de seguridad para el Quer\u00e9taro Marat\u00f3n 2024 con 19 mil corredores","og_url":"https:\/\/www.nexoinformativo.mx\/index.php\/2024\/10\/01\/listo-el-operativo-de-seguridad-para-el-queretaro-maraton-2024-con-19-mil-corredores\/","og_site_name":"Nexo Informativo Santiago de Quer\u00e9taro","article_publisher":"https:\/\/www.facebook.com\/people\/Nexo-Informativo\/61564066885511\/","article_published_time":"2024-10-01T21:00:52+00:00","article_modified_time":"2024-10-21T23:44:28+00:00","og_image":[{"width":678,"height":452,"url":"https:\/\/www.nexoinformativo.mx\/wp-content\/uploads\/2024\/10\/PHOTO-2024-10-01-16-48-46.jpg","type":"image\/jpeg"}],"author":"Nexo Informativo","twitter_card":"summary_large_image","twitter_misc":{"Escrito por":"Nexo Informativo","Tiempo de lectura":"1 minuto"},"schema":{"@context":"https:\/\/schema.org","@graph":[{"@type":"Article","@id":"https:\/\/www.nexoinformativo.mx\/index.php\/2024\/10\/01\/listo-el-operativo-de-seguridad-para-el-queretaro-maraton-2024-con-19-mil-corredores\/#article","isPartOf":{"@id":"https:\/\/www.nexoinformativo.mx\/index.php\/2024\/10\/01\/listo-el-operativo-de-seguridad-para-el-queretaro-maraton-2024-con-19-mil-corredores\/"},"author":{"name":"Nexo Informativo","@id":"https:\/\/www.nexoinformativo.mx\/#\/schema\/person\/7749d380ba08c8ca00d7bc76fd907b7d"},"headline":"Listo el operativo de seguridad para el Quer\u00e9taro Marat\u00f3n 2024 con 19 mil corredores","datePublished":"2024-10-01T21:00:52+00:00","dateModified":"2024-10-21T23:44:28+00:00","mainEntityOfPage":{"@id":"https:\/\/www.nexoinformativo.mx\/index.php\/2024\/10\/01\/listo-el-operativo-de-seguridad-para-el-queretaro-maraton-2024-con-19-mil-corredores\/"},"wordCount":187,"commentCount":0,"publisher":{"@id":"https:\/\/www.nexoinformativo.mx\/#organization"},"image":{"@id":"https:\/\/www.nexoinformativo.mx\/index.php\/2024\/10\/01\/listo-el-operativo-de-seguridad-para-el-queretaro-maraton-2024-con-19-mil-corredores\/#primaryimage"},"thumbnailUrl":"https:\/\/www.nexoinformativo.mx\/wp-content\/uploads\/2024\/10\/PHOTO-2024-10-01-16-48-46.jpg","keywords":["DeporteSeguro","Marat\u00f3nQuer\u00e9taro","ProteccionCivilQro","Quer\u00e9taroMarat\u00f3n2024"],"articleSection":["Municipios"],"inLanguage":"es","potentialAction":[{"@type":"CommentAction","name":"Comment","target":["https:\/\/www.nexoinformativo.mx\/index.php\/2024\/10\/01\/listo-el-operativo-de-seguridad-para-el-queretaro-maraton-2024-con-19-mil-corredores\/#respond"]}]},{"@type":"WebPage","@id":"https:\/\/www.nexoinformativo.mx\/index.php\/2024\/10\/01\/listo-el-operativo-de-seguridad-para-el-queretaro-maraton-2024-con-19-mil-corredores\/","url":"https:\/\/www.nexoinformativo.mx\/index.php\/2024\/10\/01\/listo-el-operativo-de-seguridad-para-el-queretaro-maraton-2024-con-19-mil-corredores\/","name":"Listo el operativo de seguridad para el Quer\u00e9taro Marat\u00f3n 2024 con 19 mil corredores | Nexo Informativo Santiago de Quer\u00e9taro","isPartOf":{"@id":"https:\/\/www.nexoinformativo.mx\/#website"},"primaryImageOfPage":{"@id":"https:\/\/www.nexoinformativo.mx\/index.php\/2024\/10\/01\/listo-el-operativo-de-seguridad-para-el-queretaro-maraton-2024-con-19-mil-corredores\/#primaryimage"},"image":{"@id":"https:\/\/www.nexoinformativo.mx\/index.php\/2024\/10\/01\/listo-el-operativo-de-seguridad-para-el-queretaro-maraton-2024-con-19-mil-corredores\/#primaryimage"},"thumbnailUrl":"https:\/\/www.nexoinformativo.mx\/wp-content\/uploads\/2024\/10\/PHOTO-2024-10-01-16-48-46.jpg","datePublished":"2024-10-01T21:00:52+00:00","dateModified":"2024-10-21T23:44:28+00:00","description":"Listo el operativo de seguridad para el Quer\u00e9taro Marat\u00f3n 2024 con 19 mil corredores","breadcrumb":{"@id":"https:\/\/www.nexoinformativo.mx\/index.php\/2024\/10\/01\/listo-el-operativo-de-seguridad-para-el-queretaro-maraton-2024-con-19-mil-corredores\/#breadcrumb"},"inLanguage":"es","potentialAction":[{"@type":"ReadAction","target":["https:\/\/www.nexoinformativo.mx\/index.php\/2024\/10\/01\/listo-el-operativo-de-seguridad-para-el-queretaro-maraton-2024-con-19-mil-corredores\/"]}]},{"@type":"ImageObject","inLanguage":"es","@id":"https:\/\/www.nexoinformativo.mx\/index.php\/2024\/10\/01\/listo-el-operativo-de-seguridad-para-el-queretaro-maraton-2024-con-19-mil-corredores\/#primaryimage","url":"https:\/\/www.nexoinformativo.mx\/wp-content\/uploads\/2024\/10\/PHOTO-2024-10-01-16-48-46.jpg","contentUrl":"https:\/\/www.nexoinformativo.mx\/wp-content\/uploads\/2024\/10\/PHOTO-2024-10-01-16-48-46.jpg","width":678,"height":452},{"@type":"BreadcrumbList","@id":"https:\/\/www.nexoinformativo.mx\/index.php\/2024\/10\/01\/listo-el-operativo-de-seguridad-para-el-queretaro-maraton-2024-con-19-mil-corredores\/#breadcrumb","itemListElement":[{"@type":"ListItem","position":1,"name":"Inicio","item":"https:\/\/www.nexoinformativo.mx\/"},{"@type":"ListItem","position":2,"name":"Listo el operativo de seguridad para el Quer\u00e9taro Marat\u00f3n 2024 con 19 mil corredores"}]},{"@type":"WebSite","@id":"https:\/\/www.nexoinformativo.mx\/#website","url":"https:\/\/www.nexoinformativo.mx\/","name":"Nexo Informativo Santiago de Quer\u00e9taro","description":"Explora NexoInformativo y convi\u00e9rtete en parte de una comunidad que valora el conocimiento y la verdad. Tu nexoinformativo es tu puente hacia una comprensi\u00f3n m\u00e1s profunda del mundo que te rodea.","publisher":{"@id":"https:\/\/www.nexoinformativo.mx\/#organization"},"potentialAction":[{"@type":"SearchAction","target":{"@type":"EntryPoint","urlTemplate":"https:\/\/www.nexoinformativo.mx\/?s={search_term_string}"},"query-input":{"@type":"PropertyValueSpecification","valueRequired":true,"valueName":"search_term_string"}}],"inLanguage":"es"},{"@type":"Organization","@id":"https:\/\/www.nexoinformativo.mx\/#organization","name":"Nexo Informativo Santiago de Quer\u00e9taro","url":"https:\/\/www.nexoinformativo.mx\/","logo":{"@type":"ImageObject","inLanguage":"es","@id":"https:\/\/www.nexoinformativo.mx\/#\/schema\/logo\/image\/","url":"https:\/\/www.nexoinformativo.mx\/wp-content\/uploads\/2024\/07\/nexoi-trasparente-2.png","contentUrl":"https:\/\/www.nexoinformativo.mx\/wp-content\/uploads\/2024\/07\/nexoi-trasparente-2.png","width":816,"height":339,"caption":"Nexo Informativo Santiago de Quer\u00e9taro"},"image":{"@id":"https:\/\/www.nexoinformativo.mx\/#\/schema\/logo\/image\/"},"sameAs":["https:\/\/www.facebook.com\/people\/Nexo-Informativo\/61564066885511\/"]},{"@type":"Person","@id":"https:\/\/www.nexoinformativo.mx\/#\/schema\/person\/7749d380ba08c8ca00d7bc76fd907b7d","name":"Nexo Informativo","image":{"@type":"ImageObject","inLanguage":"es","@id":"https:\/\/www.nexoinformativo.mx\/#\/schema\/person\/image\/","url":"https:\/\/secure.gravatar.com\/avatar\/dde2928154642a13d95f87ddf1ea9718fe2b46760a005c53e41ff5ad610704e6?s=96&d=mm&r=g","contentUrl":"https:\/\/secure.gravatar.com\/avatar\/dde2928154642a13d95f87ddf1ea9718fe2b46760a005c53e41ff5ad610704e6?s=96&d=mm&r=g","caption":"Nexo Informativo"},"url":"https:\/\/www.nexoinformativo.mx\/index.php\/author\/edicion\/"}]}},"_links":{"self":[{"href":"https:\/\/www.nexoinformativo.mx\/index.php\/wp-json\/wp\/v2\/posts\/2476","targetHints":{"allow":["GET"]}}],"collection":[{"href":"https:\/\/www.nexoinformativo.mx\/index.php\/wp-json\/wp\/v2\/posts"}],"about":[{"href":"https:\/\/www.nexoinformativo.mx\/index.php\/wp-json\/wp\/v2\/types\/post"}],"author":[{"embeddable":true,"href":"https:\/\/www.nexoinformativo.mx\/index.php\/wp-json\/wp\/v2\/users\/3"}],"replies":[{"embeddable":true,"href":"https:\/\/www.nexoinformativo.mx\/index.php\/wp-json\/wp\/v2\/comments?post=2476"}],"version-history":[{"count":5,"href":"https:\/\/www.nexoinformativo.mx\/index.php\/wp-json\/wp\/v2\/posts\/2476\/revisions"}],"predecessor-version":[{"id":2767,"href":"https:\/\/www.nexoinformativo.mx\/index.php\/wp-json\/wp\/v2\/posts\/2476\/revisions\/2767"}],"wp:featuredmedia":[{"embeddable":true,"href":"https:\/\/www.nexoinformativo.mx\/index.php\/wp-json\/wp\/v2\/media\/2479"}],"wp:attachment":[{"href":"https:\/\/www.nexoinformativo.mx\/index.php\/wp-json\/wp\/v2\/media?parent=2476"}],"wp:term":[{"taxonomy":"category","embeddable":true,"href":"https:\/\/www.nexoinformativo.mx\/index.php\/wp-json\/wp\/v2\/categories?post=2476"},{"taxonomy":"post_tag","embeddable":true,"href":"https:\/\/www.nexoinformativo.mx\/index.php\/wp-json\/wp\/v2\/tags?post=2476"}],"curies":[{"name":"wp","href":"https:\/\/api.w.org\/{rel}","templated":true}]}}