{"id":2482,"date":"2024-10-01T16:00:40","date_gmt":"2024-10-01T22:00:40","guid":{"rendered":"https:\/\/www.nexoinformativo.mx\/?p=2482"},"modified":"2024-10-06T19:12:09","modified_gmt":"2024-10-07T01:12:09","slug":"fatal-accidente-en-la-carretera-queretaro-san-luis-potosi-deja-una-persona-muerta-y-dos-heridos","status":"publish","type":"post","link":"https:\/\/www.nexoinformativo.mx\/index.php\/2024\/10\/01\/fatal-accidente-en-la-carretera-queretaro-san-luis-potosi-deja-una-persona-muerta-y-dos-heridos\/","title":{"rendered":"Fatal accidente en la carretera Quer\u00e9taro-San Luis Potos\u00ed deja una persona muerta y dos heridos"},"content":{"rendered":"<div class=\"flex-shrink-0 flex flex-col relative items-end\">\n<div class=\"pt-0\">\n<div class=\"gizmo-bot-avatar flex h-8 w-8 items-center justify-center overflow-hidden rounded-full\">\n<div class=\"relative p-1 rounded-sm flex items-center justify-center bg-token-main-surface-primary text-token-text-primary h-8 w-8\" style=\"text-align: justify;\">Un tr\u00e1gico accidente vehicular ocurri\u00f3 en la carretera federal 57, en el tramo Quer\u00e9taro \u2013 San Luis Potos\u00ed, a la altura de la comunidad de Jofrito, delegaci\u00f3n Santa Rosa J\u00e1uregui. El incidente dej\u00f3 un saldo de una persona fallecida y dos personas con heridas de gravedad.<\/div>\n<div><\/div>\n<\/div>\n<\/div>\n<\/div>\n<div class=\"group\/conversation-turn relative flex w-full min-w-0 flex-col agent-turn\">\n<div class=\"flex-col gap-1 md:gap-3\">\n<div class=\"flex max-w-full flex-col flex-grow\">\n<div class=\"min-h-8 text-message flex w-full flex-col items-end gap-2 whitespace-normal break-words [.text-message+&amp;]:mt-5\" dir=\"auto\" data-message-author-role=\"assistant\" data-message-id=\"ab38d6b2-a44b-4e67-8cd9-e49f750714ac\">\n<div class=\"flex w-full flex-col gap-1 empty:hidden first:pt-[3px]\">\n<div class=\"markdown prose w-full break-words dark:prose-invert light\">\n<p style=\"text-align: justify;\">Testigos en el lugar se\u00f1alaron que el accidente se produjo cuando un autob\u00fas de pasajeros presuntamente embisti\u00f3 a un veh\u00edculo particular, que habr\u00eda invadido el carril de alta velocidad al intentar retornar en un tramo de la autopista. El impacto fue tan fuerte que provoc\u00f3 la muerte instant\u00e1nea de uno de los ocupantes del autom\u00f3vil, un hombre de aproximadamente 30 a\u00f1os.<\/p>\n<p style=\"text-align: justify;\">Param\u00e9dicos de Protecci\u00f3n Civil Municipal llegaron al lugar para brindar atenci\u00f3n prehospitalaria. Sin embargo, a pesar de los esfuerzos, no lograron salvar la vida del conductor del veh\u00edculo particular. Las otras dos personas del coche fueron estabilizados y trasladados a un hospital cercano con heridas de gravedad.<\/p>\n<p style=\"text-align: justify;\">Elementos de la Guardia Nacional se presentaron en el lugar para acordonar la zona y facilitar el trabajo de las autoridades. La Fiscal\u00eda General del Estado (FGE) tom\u00f3 conocimiento del hecho, mientras peritos llevaron a cabo las diligencias correspondientes. Posteriormente, personal forense realiz\u00f3 el levantamiento del cuerpo.<\/p>\n<\/div>\n<\/div>\n<p>&nbsp;<\/p>\n<p style=\"text-align: center;\"><strong><em>\u00a1Informaci\u00f3n que transforma!<\/em><\/strong><\/p>\n<\/div>\n<\/div>\n<p>&nbsp;<\/p>\n<\/div>\n<\/div>\n","protected":false},"excerpt":{"rendered":"<p>Un tr\u00e1gico accidente vehicular ocurri\u00f3 en la carretera federal 57, en el tramo Quer\u00e9taro \u2013 San Luis Potos\u00ed, a la altura de la comunidad de Jofrito, delegaci\u00f3n Santa Rosa J\u00e1uregui.<\/p>\n","protected":false},"author":3,"featured_media":2483,"comment_status":"open","ping_status":"open","sticky":false,"template":"","format":"standard","meta":{"footnotes":""},"categories":[137,58],"tags":[636,991,154,476],"class_list":["post-2482","post","type-post","status-publish","format-standard","has-post-thumbnail","hentry","category-sucesos","category-ultima-hora","tag-accidentefatal","tag-carreteraqroslp","tag-proteccioncivil","tag-queretaroseguridad"],"yoast_head":"<!-- This site is optimized with the Yoast SEO plugin v25.0 - https:\/\/yoast.com\/wordpress\/plugins\/seo\/ -->\n<title>Fatal accidente en la carretera Quer\u00e9taro-San Luis Potos\u00ed deja una persona muerta y dos heridos | Nexo Informativo Santiago de Quer\u00e9taro<\/title>\n<meta name=\"description\" content=\"Fatal accidente en la carretera Quer\u00e9taro-San Luis Potos\u00ed deja una persona muerta y dos heridos\" \/>\n<meta name=\"robots\" content=\"index, follow, max-snippet:-1, max-image-preview:large, max-video-preview:-1\" \/>\n<link rel=\"canonical\" href=\"https:\/\/www.nexoinformativo.mx\/index.php\/2024\/10\/01\/fatal-accidente-en-la-carretera-queretaro-san-luis-potosi-deja-una-persona-muerta-y-dos-heridos\/\" \/>\n<meta property=\"og:locale\" content=\"es_MX\" \/>\n<meta property=\"og:type\" content=\"article\" \/>\n<meta property=\"og:title\" content=\"Fatal accidente en la carretera Quer\u00e9taro-San Luis Potos\u00ed deja una persona muerta y dos heridos | Nexo Informativo Santiago de Quer\u00e9taro\" \/>\n<meta property=\"og:description\" content=\"Fatal accidente en la carretera Quer\u00e9taro-San Luis Potos\u00ed deja una persona muerta y dos heridos\" \/>\n<meta property=\"og:url\" content=\"https:\/\/www.nexoinformativo.mx\/index.php\/2024\/10\/01\/fatal-accidente-en-la-carretera-queretaro-san-luis-potosi-deja-una-persona-muerta-y-dos-heridos\/\" \/>\n<meta property=\"og:site_name\" content=\"Nexo Informativo Santiago de Quer\u00e9taro\" \/>\n<meta property=\"article:publisher\" content=\"https:\/\/www.facebook.com\/people\/Nexo-Informativo\/61564066885511\/\" \/>\n<meta property=\"article:published_time\" content=\"2024-10-01T22:00:40+00:00\" \/>\n<meta property=\"article:modified_time\" content=\"2024-10-07T01:12:09+00:00\" \/>\n<meta property=\"og:image\" content=\"https:\/\/www.nexoinformativo.mx\/wp-content\/uploads\/2024\/10\/PHOTO-2024-10-01-16-48-47-e1727826532246.jpg\" \/>\n\t<meta property=\"og:image:width\" content=\"800\" \/>\n\t<meta property=\"og:image:height\" content=\"450\" \/>\n\t<meta property=\"og:image:type\" content=\"image\/jpeg\" \/>\n<meta name=\"author\" content=\"Nexo Informativo\" \/>\n<meta name=\"twitter:card\" content=\"summary_large_image\" \/>\n<meta name=\"twitter:label1\" content=\"Escrito por\" \/>\n\t<meta name=\"twitter:data1\" content=\"Nexo Informativo\" \/>\n\t<meta name=\"twitter:label2\" content=\"Tiempo de lectura\" \/>\n\t<meta name=\"twitter:data2\" content=\"2 minutos\" \/>\n<script type=\"application\/ld+json\" class=\"yoast-schema-graph\">{\"@context\":\"https:\/\/schema.org\",\"@graph\":[{\"@type\":\"Article\",\"@id\":\"https:\/\/www.nexoinformativo.mx\/index.php\/2024\/10\/01\/fatal-accidente-en-la-carretera-queretaro-san-luis-potosi-deja-una-persona-muerta-y-dos-heridos\/#article\",\"isPartOf\":{\"@id\":\"https:\/\/www.nexoinformativo.mx\/index.php\/2024\/10\/01\/fatal-accidente-en-la-carretera-queretaro-san-luis-potosi-deja-una-persona-muerta-y-dos-heridos\/\"},\"author\":{\"name\":\"Nexo Informativo\",\"@id\":\"https:\/\/www.nexoinformativo.mx\/#\/schema\/person\/7749d380ba08c8ca00d7bc76fd907b7d\"},\"headline\":\"Fatal accidente en la carretera Quer\u00e9taro-San Luis Potos\u00ed deja una persona muerta y dos heridos\",\"datePublished\":\"2024-10-01T22:00:40+00:00\",\"dateModified\":\"2024-10-07T01:12:09+00:00\",\"mainEntityOfPage\":{\"@id\":\"https:\/\/www.nexoinformativo.mx\/index.php\/2024\/10\/01\/fatal-accidente-en-la-carretera-queretaro-san-luis-potosi-deja-una-persona-muerta-y-dos-heridos\/\"},\"wordCount\":236,\"commentCount\":0,\"publisher\":{\"@id\":\"https:\/\/www.nexoinformativo.mx\/#organization\"},\"image\":{\"@id\":\"https:\/\/www.nexoinformativo.mx\/index.php\/2024\/10\/01\/fatal-accidente-en-la-carretera-queretaro-san-luis-potosi-deja-una-persona-muerta-y-dos-heridos\/#primaryimage\"},\"thumbnailUrl\":\"https:\/\/www.nexoinformativo.mx\/wp-content\/uploads\/2024\/10\/PHOTO-2024-10-01-16-48-47-e1727826532246.jpg\",\"keywords\":[\"AccidenteFatal\",\"CarreteraQroSLP\",\"proteccioncivil\",\"Quer\u00e9taroSeguridad\"],\"articleSection\":[\"Sucesos\",\"\u00daltima Hora\"],\"inLanguage\":\"es\",\"potentialAction\":[{\"@type\":\"CommentAction\",\"name\":\"Comment\",\"target\":[\"https:\/\/www.nexoinformativo.mx\/index.php\/2024\/10\/01\/fatal-accidente-en-la-carretera-queretaro-san-luis-potosi-deja-una-persona-muerta-y-dos-heridos\/#respond\"]}]},{\"@type\":\"WebPage\",\"@id\":\"https:\/\/www.nexoinformativo.mx\/index.php\/2024\/10\/01\/fatal-accidente-en-la-carretera-queretaro-san-luis-potosi-deja-una-persona-muerta-y-dos-heridos\/\",\"url\":\"https:\/\/www.nexoinformativo.mx\/index.php\/2024\/10\/01\/fatal-accidente-en-la-carretera-queretaro-san-luis-potosi-deja-una-persona-muerta-y-dos-heridos\/\",\"name\":\"Fatal accidente en la carretera Quer\u00e9taro-San Luis Potos\u00ed deja una persona muerta y dos heridos | Nexo Informativo Santiago de Quer\u00e9taro\",\"isPartOf\":{\"@id\":\"https:\/\/www.nexoinformativo.mx\/#website\"},\"primaryImageOfPage\":{\"@id\":\"https:\/\/www.nexoinformativo.mx\/index.php\/2024\/10\/01\/fatal-accidente-en-la-carretera-queretaro-san-luis-potosi-deja-una-persona-muerta-y-dos-heridos\/#primaryimage\"},\"image\":{\"@id\":\"https:\/\/www.nexoinformativo.mx\/index.php\/2024\/10\/01\/fatal-accidente-en-la-carretera-queretaro-san-luis-potosi-deja-una-persona-muerta-y-dos-heridos\/#primaryimage\"},\"thumbnailUrl\":\"https:\/\/www.nexoinformativo.mx\/wp-content\/uploads\/2024\/10\/PHOTO-2024-10-01-16-48-47-e1727826532246.jpg\",\"datePublished\":\"2024-10-01T22:00:40+00:00\",\"dateModified\":\"2024-10-07T01:12:09+00:00\",\"description\":\"Fatal accidente en la carretera Quer\u00e9taro-San Luis Potos\u00ed deja una persona muerta y dos heridos\",\"breadcrumb\":{\"@id\":\"https:\/\/www.nexoinformativo.mx\/index.php\/2024\/10\/01\/fatal-accidente-en-la-carretera-queretaro-san-luis-potosi-deja-una-persona-muerta-y-dos-heridos\/#breadcrumb\"},\"inLanguage\":\"es\",\"potentialAction\":[{\"@type\":\"ReadAction\",\"target\":[\"https:\/\/www.nexoinformativo.mx\/index.php\/2024\/10\/01\/fatal-accidente-en-la-carretera-queretaro-san-luis-potosi-deja-una-persona-muerta-y-dos-heridos\/\"]}]},{\"@type\":\"ImageObject\",\"inLanguage\":\"es\",\"@id\":\"https:\/\/www.nexoinformativo.mx\/index.php\/2024\/10\/01\/fatal-accidente-en-la-carretera-queretaro-san-luis-potosi-deja-una-persona-muerta-y-dos-heridos\/#primaryimage\",\"url\":\"https:\/\/www.nexoinformativo.mx\/wp-content\/uploads\/2024\/10\/PHOTO-2024-10-01-16-48-47-e1727826532246.jpg\",\"contentUrl\":\"https:\/\/www.nexoinformativo.mx\/wp-content\/uploads\/2024\/10\/PHOTO-2024-10-01-16-48-47-e1727826532246.jpg\",\"width\":800,\"height\":450},{\"@type\":\"BreadcrumbList\",\"@id\":\"https:\/\/www.nexoinformativo.mx\/index.php\/2024\/10\/01\/fatal-accidente-en-la-carretera-queretaro-san-luis-potosi-deja-una-persona-muerta-y-dos-heridos\/#breadcrumb\",\"itemListElement\":[{\"@type\":\"ListItem\",\"position\":1,\"name\":\"Inicio\",\"item\":\"https:\/\/www.nexoinformativo.mx\/\"},{\"@type\":\"ListItem\",\"position\":2,\"name\":\"Fatal accidente en la carretera Quer\u00e9taro-San Luis Potos\u00ed deja una persona muerta y dos heridos\"}]},{\"@type\":\"WebSite\",\"@id\":\"https:\/\/www.nexoinformativo.mx\/#website\",\"url\":\"https:\/\/www.nexoinformativo.mx\/\",\"name\":\"Nexo Informativo Santiago de Quer\u00e9taro\",\"description\":\"Explora NexoInformativo y convi\u00e9rtete en parte de una comunidad que valora el conocimiento y la verdad. Tu nexoinformativo es tu puente hacia una comprensi\u00f3n m\u00e1s profunda del mundo que te rodea.\",\"publisher\":{\"@id\":\"https:\/\/www.nexoinformativo.mx\/#organization\"},\"potentialAction\":[{\"@type\":\"SearchAction\",\"target\":{\"@type\":\"EntryPoint\",\"urlTemplate\":\"https:\/\/www.nexoinformativo.mx\/?s={search_term_string}\"},\"query-input\":{\"@type\":\"PropertyValueSpecification\",\"valueRequired\":true,\"valueName\":\"search_term_string\"}}],\"inLanguage\":\"es\"},{\"@type\":\"Organization\",\"@id\":\"https:\/\/www.nexoinformativo.mx\/#organization\",\"name\":\"Nexo Informativo Santiago de Quer\u00e9taro\",\"url\":\"https:\/\/www.nexoinformativo.mx\/\",\"logo\":{\"@type\":\"ImageObject\",\"inLanguage\":\"es\",\"@id\":\"https:\/\/www.nexoinformativo.mx\/#\/schema\/logo\/image\/\",\"url\":\"https:\/\/www.nexoinformativo.mx\/wp-content\/uploads\/2024\/07\/nexoi-trasparente-2.png\",\"contentUrl\":\"https:\/\/www.nexoinformativo.mx\/wp-content\/uploads\/2024\/07\/nexoi-trasparente-2.png\",\"width\":816,\"height\":339,\"caption\":\"Nexo Informativo Santiago de Quer\u00e9taro\"},\"image\":{\"@id\":\"https:\/\/www.nexoinformativo.mx\/#\/schema\/logo\/image\/\"},\"sameAs\":[\"https:\/\/www.facebook.com\/people\/Nexo-Informativo\/61564066885511\/\"]},{\"@type\":\"Person\",\"@id\":\"https:\/\/www.nexoinformativo.mx\/#\/schema\/person\/7749d380ba08c8ca00d7bc76fd907b7d\",\"name\":\"Nexo Informativo\",\"image\":{\"@type\":\"ImageObject\",\"inLanguage\":\"es\",\"@id\":\"https:\/\/www.nexoinformativo.mx\/#\/schema\/person\/image\/\",\"url\":\"https:\/\/secure.gravatar.com\/avatar\/dde2928154642a13d95f87ddf1ea9718fe2b46760a005c53e41ff5ad610704e6?s=96&d=mm&r=g\",\"contentUrl\":\"https:\/\/secure.gravatar.com\/avatar\/dde2928154642a13d95f87ddf1ea9718fe2b46760a005c53e41ff5ad610704e6?s=96&d=mm&r=g\",\"caption\":\"Nexo Informativo\"},\"url\":\"https:\/\/www.nexoinformativo.mx\/index.php\/author\/edicion\/\"}]}<\/script>\n<!-- \/ Yoast SEO plugin. -->","yoast_head_json":{"title":"Fatal accidente en la carretera Quer\u00e9taro-San Luis Potos\u00ed deja una persona muerta y dos heridos | Nexo Informativo Santiago de Quer\u00e9taro","description":"Fatal accidente en la carretera Quer\u00e9taro-San Luis Potos\u00ed deja una persona muerta y dos heridos","robots":{"index":"index","follow":"follow","max-snippet":"max-snippet:-1","max-image-preview":"max-image-preview:large","max-video-preview":"max-video-preview:-1"},"canonical":"https:\/\/www.nexoinformativo.mx\/index.php\/2024\/10\/01\/fatal-accidente-en-la-carretera-queretaro-san-luis-potosi-deja-una-persona-muerta-y-dos-heridos\/","og_locale":"es_MX","og_type":"article","og_title":"Fatal accidente en la carretera Quer\u00e9taro-San Luis Potos\u00ed deja una persona muerta y dos heridos | Nexo Informativo Santiago de Quer\u00e9taro","og_description":"Fatal accidente en la carretera Quer\u00e9taro-San Luis Potos\u00ed deja una persona muerta y dos heridos","og_url":"https:\/\/www.nexoinformativo.mx\/index.php\/2024\/10\/01\/fatal-accidente-en-la-carretera-queretaro-san-luis-potosi-deja-una-persona-muerta-y-dos-heridos\/","og_site_name":"Nexo Informativo Santiago de Quer\u00e9taro","article_publisher":"https:\/\/www.facebook.com\/people\/Nexo-Informativo\/61564066885511\/","article_published_time":"2024-10-01T22:00:40+00:00","article_modified_time":"2024-10-07T01:12:09+00:00","og_image":[{"width":800,"height":450,"url":"https:\/\/www.nexoinformativo.mx\/wp-content\/uploads\/2024\/10\/PHOTO-2024-10-01-16-48-47-e1727826532246.jpg","type":"image\/jpeg"}],"author":"Nexo Informativo","twitter_card":"summary_large_image","twitter_misc":{"Escrito por":"Nexo Informativo","Tiempo de lectura":"2 minutos"},"schema":{"@context":"https:\/\/schema.org","@graph":[{"@type":"Article","@id":"https:\/\/www.nexoinformativo.mx\/index.php\/2024\/10\/01\/fatal-accidente-en-la-carretera-queretaro-san-luis-potosi-deja-una-persona-muerta-y-dos-heridos\/#article","isPartOf":{"@id":"https:\/\/www.nexoinformativo.mx\/index.php\/2024\/10\/01\/fatal-accidente-en-la-carretera-queretaro-san-luis-potosi-deja-una-persona-muerta-y-dos-heridos\/"},"author":{"name":"Nexo Informativo","@id":"https:\/\/www.nexoinformativo.mx\/#\/schema\/person\/7749d380ba08c8ca00d7bc76fd907b7d"},"headline":"Fatal accidente en la carretera Quer\u00e9taro-San Luis Potos\u00ed deja una persona muerta y dos heridos","datePublished":"2024-10-01T22:00:40+00:00","dateModified":"2024-10-07T01:12:09+00:00","mainEntityOfPage":{"@id":"https:\/\/www.nexoinformativo.mx\/index.php\/2024\/10\/01\/fatal-accidente-en-la-carretera-queretaro-san-luis-potosi-deja-una-persona-muerta-y-dos-heridos\/"},"wordCount":236,"commentCount":0,"publisher":{"@id":"https:\/\/www.nexoinformativo.mx\/#organization"},"image":{"@id":"https:\/\/www.nexoinformativo.mx\/index.php\/2024\/10\/01\/fatal-accidente-en-la-carretera-queretaro-san-luis-potosi-deja-una-persona-muerta-y-dos-heridos\/#primaryimage"},"thumbnailUrl":"https:\/\/www.nexoinformativo.mx\/wp-content\/uploads\/2024\/10\/PHOTO-2024-10-01-16-48-47-e1727826532246.jpg","keywords":["AccidenteFatal","CarreteraQroSLP","proteccioncivil","Quer\u00e9taroSeguridad"],"articleSection":["Sucesos","\u00daltima Hora"],"inLanguage":"es","potentialAction":[{"@type":"CommentAction","name":"Comment","target":["https:\/\/www.nexoinformativo.mx\/index.php\/2024\/10\/01\/fatal-accidente-en-la-carretera-queretaro-san-luis-potosi-deja-una-persona-muerta-y-dos-heridos\/#respond"]}]},{"@type":"WebPage","@id":"https:\/\/www.nexoinformativo.mx\/index.php\/2024\/10\/01\/fatal-accidente-en-la-carretera-queretaro-san-luis-potosi-deja-una-persona-muerta-y-dos-heridos\/","url":"https:\/\/www.nexoinformativo.mx\/index.php\/2024\/10\/01\/fatal-accidente-en-la-carretera-queretaro-san-luis-potosi-deja-una-persona-muerta-y-dos-heridos\/","name":"Fatal accidente en la carretera Quer\u00e9taro-San Luis Potos\u00ed deja una persona muerta y dos heridos | Nexo Informativo Santiago de Quer\u00e9taro","isPartOf":{"@id":"https:\/\/www.nexoinformativo.mx\/#website"},"primaryImageOfPage":{"@id":"https:\/\/www.nexoinformativo.mx\/index.php\/2024\/10\/01\/fatal-accidente-en-la-carretera-queretaro-san-luis-potosi-deja-una-persona-muerta-y-dos-heridos\/#primaryimage"},"image":{"@id":"https:\/\/www.nexoinformativo.mx\/index.php\/2024\/10\/01\/fatal-accidente-en-la-carretera-queretaro-san-luis-potosi-deja-una-persona-muerta-y-dos-heridos\/#primaryimage"},"thumbnailUrl":"https:\/\/www.nexoinformativo.mx\/wp-content\/uploads\/2024\/10\/PHOTO-2024-10-01-16-48-47-e1727826532246.jpg","datePublished":"2024-10-01T22:00:40+00:00","dateModified":"2024-10-07T01:12:09+00:00","description":"Fatal accidente en la carretera Quer\u00e9taro-San Luis Potos\u00ed deja una persona muerta y dos heridos","breadcrumb":{"@id":"https:\/\/www.nexoinformativo.mx\/index.php\/2024\/10\/01\/fatal-accidente-en-la-carretera-queretaro-san-luis-potosi-deja-una-persona-muerta-y-dos-heridos\/#breadcrumb"},"inLanguage":"es","potentialAction":[{"@type":"ReadAction","target":["https:\/\/www.nexoinformativo.mx\/index.php\/2024\/10\/01\/fatal-accidente-en-la-carretera-queretaro-san-luis-potosi-deja-una-persona-muerta-y-dos-heridos\/"]}]},{"@type":"ImageObject","inLanguage":"es","@id":"https:\/\/www.nexoinformativo.mx\/index.php\/2024\/10\/01\/fatal-accidente-en-la-carretera-queretaro-san-luis-potosi-deja-una-persona-muerta-y-dos-heridos\/#primaryimage","url":"https:\/\/www.nexoinformativo.mx\/wp-content\/uploads\/2024\/10\/PHOTO-2024-10-01-16-48-47-e1727826532246.jpg","contentUrl":"https:\/\/www.nexoinformativo.mx\/wp-content\/uploads\/2024\/10\/PHOTO-2024-10-01-16-48-47-e1727826532246.jpg","width":800,"height":450},{"@type":"BreadcrumbList","@id":"https:\/\/www.nexoinformativo.mx\/index.php\/2024\/10\/01\/fatal-accidente-en-la-carretera-queretaro-san-luis-potosi-deja-una-persona-muerta-y-dos-heridos\/#breadcrumb","itemListElement":[{"@type":"ListItem","position":1,"name":"Inicio","item":"https:\/\/www.nexoinformativo.mx\/"},{"@type":"ListItem","position":2,"name":"Fatal accidente en la carretera Quer\u00e9taro-San Luis Potos\u00ed deja una persona muerta y dos heridos"}]},{"@type":"WebSite","@id":"https:\/\/www.nexoinformativo.mx\/#website","url":"https:\/\/www.nexoinformativo.mx\/","name":"Nexo Informativo Santiago de Quer\u00e9taro","description":"Explora NexoInformativo y convi\u00e9rtete en parte de una comunidad que valora el conocimiento y la verdad. Tu nexoinformativo es tu puente hacia una comprensi\u00f3n m\u00e1s profunda del mundo que te rodea.","publisher":{"@id":"https:\/\/www.nexoinformativo.mx\/#organization"},"potentialAction":[{"@type":"SearchAction","target":{"@type":"EntryPoint","urlTemplate":"https:\/\/www.nexoinformativo.mx\/?s={search_term_string}"},"query-input":{"@type":"PropertyValueSpecification","valueRequired":true,"valueName":"search_term_string"}}],"inLanguage":"es"},{"@type":"Organization","@id":"https:\/\/www.nexoinformativo.mx\/#organization","name":"Nexo Informativo Santiago de Quer\u00e9taro","url":"https:\/\/www.nexoinformativo.mx\/","logo":{"@type":"ImageObject","inLanguage":"es","@id":"https:\/\/www.nexoinformativo.mx\/#\/schema\/logo\/image\/","url":"https:\/\/www.nexoinformativo.mx\/wp-content\/uploads\/2024\/07\/nexoi-trasparente-2.png","contentUrl":"https:\/\/www.nexoinformativo.mx\/wp-content\/uploads\/2024\/07\/nexoi-trasparente-2.png","width":816,"height":339,"caption":"Nexo Informativo Santiago de Quer\u00e9taro"},"image":{"@id":"https:\/\/www.nexoinformativo.mx\/#\/schema\/logo\/image\/"},"sameAs":["https:\/\/www.facebook.com\/people\/Nexo-Informativo\/61564066885511\/"]},{"@type":"Person","@id":"https:\/\/www.nexoinformativo.mx\/#\/schema\/person\/7749d380ba08c8ca00d7bc76fd907b7d","name":"Nexo Informativo","image":{"@type":"ImageObject","inLanguage":"es","@id":"https:\/\/www.nexoinformativo.mx\/#\/schema\/person\/image\/","url":"https:\/\/secure.gravatar.com\/avatar\/dde2928154642a13d95f87ddf1ea9718fe2b46760a005c53e41ff5ad610704e6?s=96&d=mm&r=g","contentUrl":"https:\/\/secure.gravatar.com\/avatar\/dde2928154642a13d95f87ddf1ea9718fe2b46760a005c53e41ff5ad610704e6?s=96&d=mm&r=g","caption":"Nexo Informativo"},"url":"https:\/\/www.nexoinformativo.mx\/index.php\/author\/edicion\/"}]}},"_links":{"self":[{"href":"https:\/\/www.nexoinformativo.mx\/index.php\/wp-json\/wp\/v2\/posts\/2482","targetHints":{"allow":["GET"]}}],"collection":[{"href":"https:\/\/www.nexoinformativo.mx\/index.php\/wp-json\/wp\/v2\/posts"}],"about":[{"href":"https:\/\/www.nexoinformativo.mx\/index.php\/wp-json\/wp\/v2\/types\/post"}],"author":[{"embeddable":true,"href":"https:\/\/www.nexoinformativo.mx\/index.php\/wp-json\/wp\/v2\/users\/3"}],"replies":[{"embeddable":true,"href":"https:\/\/www.nexoinformativo.mx\/index.php\/wp-json\/wp\/v2\/comments?post=2482"}],"version-history":[{"count":4,"href":"https:\/\/www.nexoinformativo.mx\/index.php\/wp-json\/wp\/v2\/posts\/2482\/revisions"}],"predecessor-version":[{"id":2763,"href":"https:\/\/www.nexoinformativo.mx\/index.php\/wp-json\/wp\/v2\/posts\/2482\/revisions\/2763"}],"wp:featuredmedia":[{"embeddable":true,"href":"https:\/\/www.nexoinformativo.mx\/index.php\/wp-json\/wp\/v2\/media\/2483"}],"wp:attachment":[{"href":"https:\/\/www.nexoinformativo.mx\/index.php\/wp-json\/wp\/v2\/media?parent=2482"}],"wp:term":[{"taxonomy":"category","embeddable":true,"href":"https:\/\/www.nexoinformativo.mx\/index.php\/wp-json\/wp\/v2\/categories?post=2482"},{"taxonomy":"post_tag","embeddable":true,"href":"https:\/\/www.nexoinformativo.mx\/index.php\/wp-json\/wp\/v2\/tags?post=2482"}],"curies":[{"name":"wp","href":"https:\/\/api.w.org\/{rel}","templated":true}]}}