{"id":2487,"date":"2024-10-01T16:00:20","date_gmt":"2024-10-01T22:00:20","guid":{"rendered":"https:\/\/www.nexoinformativo.mx\/?p=2487"},"modified":"2024-10-06T19:12:53","modified_gmt":"2024-10-07T01:12:53","slug":"queretaro-celebra-el-dia-mundial-del-turismo-con-actividades-culturales-y-educativas","status":"publish","type":"post","link":"https:\/\/www.nexoinformativo.mx\/index.php\/2024\/10\/01\/queretaro-celebra-el-dia-mundial-del-turismo-con-actividades-culturales-y-educativas\/","title":{"rendered":"Quer\u00e9taro celebra el D\u00eda Mundial del Turismo con actividades culturales y educativas"},"content":{"rendered":"<div class=\"flex max-w-full flex-col flex-grow\">\n<div class=\"min-h-8 text-message flex w-full flex-col items-end gap-2 whitespace-normal break-words [.text-message+&amp;]:mt-5\" dir=\"auto\" data-message-author-role=\"assistant\" data-message-id=\"794978f0-36d7-4a1d-a342-2765e2e3a6aa\">\n<div class=\"flex w-full flex-col gap-1 empty:hidden first:pt-[3px]\">\n<div class=\"markdown prose w-full break-words dark:prose-invert light\">\n<p style=\"text-align: justify;\">En el marco del <strong>D\u00eda Mundial del Turismo<\/strong>, la Secretar\u00eda de Turismo del estado de Quer\u00e9taro <strong>(SECTUR)<\/strong>, dirigida por Adriana Vega, organiz\u00f3 una serie de eventos y conferencias para conmemorar esta importante fecha. Las actividades incluyeron charlas dirigidas a estudiantes de la Universidad Aut\u00f3noma de Quer\u00e9taro (UAQ) y diversas activaciones en el Centro Hist\u00f3rico de la capital.<\/p>\n<p style=\"text-align: justify;\">Cada 27 de septiembre, el <strong>D\u00eda Mundial del Turismo<\/strong> busca resaltar el valor social, cultural y econ\u00f3mico de este sector a nivel global.\u00a0En este contexto, Adriana Vega ofreci\u00f3 una conferencia a alumnos de la carrera de Administraci\u00f3n de Empresas Tur\u00edsticas, donde present\u00f3 las principales acciones que lleva a cabo la SECTUR, y productos tur\u00edsticos clave que Quer\u00e9taro est\u00e1 promoviendo tanto a nivel nacional como internacional.<\/p>\n<p style=\"text-align: justify;\">Durante su intervenci\u00f3n, Vega destac\u00f3: <strong>\u201cEn Quer\u00e9taro, nuestro gran objetivo es convertir al turismo en una plataforma de desarrollo social, tal como lo ha instruido el gobernador Mauricio Kuri Gonz\u00e1lez. Por ello, trabajamos bajo tres pilares: inclusi\u00f3n, sustentabilidad y digitalizaci\u00f3n con el uso de tecnolog\u00eda.\u201d<\/strong><\/p>\n<p style=\"text-align: justify;\">Adem\u00e1s, las actividades en el <strong>Centro Hist\u00f3rico<\/strong> incluyeron un rally y trivias sobre la gastronom\u00eda local, donde tanto residentes como turistas participaron para ganar premios. Algunos restaurantes tambi\u00e9n se sumaron a la celebraci\u00f3n entregando souvenirs conmemorativos a quienes mencionaban la frase: <strong>\u201cEncontr\u00e9 M\u00e9xico en los Platillos queretanos\u201d.<\/strong><\/p>\n<\/div>\n<\/div>\n<p>&nbsp;<\/p>\n<p style=\"text-align: center;\"><strong><em>\u00a1Informaci\u00f3n que transforma!<\/em><\/strong><\/p>\n<\/div>\n<\/div>\n<div class=\"mb-2 flex gap-3 empty:hidden -ml-2\">\n<div class=\"items-center justify-start rounded-xl p-1 flex\">\n<div class=\"flex items-center justify-center rounded-lg text-token-text-secondary\"><\/div>\n<\/div>\n<\/div>\n","protected":false},"excerpt":{"rendered":"<p>En el marco del D\u00eda Mundial del Turismo, la Secretar\u00eda de Turismo del estado de Quer\u00e9taro (SECTUR), dirigida por Adriana Vega, organiz\u00f3 una serie de eventos y conferencias para conmemorar esta importante fecha.<\/p>\n","protected":false},"author":3,"featured_media":2488,"comment_status":"open","ping_status":"open","sticky":false,"template":"","format":"standard","meta":{"footnotes":""},"categories":[65,58],"tags":[993,295,994,992],"class_list":["post-2487","post","type-post","status-publish","format-standard","has-post-thumbnail","hentry","category-municipios","category-ultima-hora","tag-diamundialdelturismo","tag-gastronomiaqueretaro","tag-queretarosostenible","tag-turismoqueretaro"],"yoast_head":"<!-- This site is optimized with the Yoast SEO plugin v25.0 - https:\/\/yoast.com\/wordpress\/plugins\/seo\/ -->\n<title>Quer\u00e9taro celebra el D\u00eda Mundial del Turismo con actividades culturales y educativas | Nexo Informativo Santiago de Quer\u00e9taro<\/title>\n<meta name=\"description\" content=\"Quer\u00e9taro celebra el D\u00eda Mundial del Turismo con actividades culturales y educativas\" \/>\n<meta name=\"robots\" content=\"index, follow, max-snippet:-1, max-image-preview:large, max-video-preview:-1\" \/>\n<link rel=\"canonical\" href=\"https:\/\/www.nexoinformativo.mx\/index.php\/2024\/10\/01\/queretaro-celebra-el-dia-mundial-del-turismo-con-actividades-culturales-y-educativas\/\" \/>\n<meta property=\"og:locale\" content=\"es_MX\" \/>\n<meta property=\"og:type\" content=\"article\" \/>\n<meta property=\"og:title\" content=\"Quer\u00e9taro celebra el D\u00eda Mundial del Turismo con actividades culturales y educativas | Nexo Informativo Santiago de Quer\u00e9taro\" \/>\n<meta property=\"og:description\" content=\"Quer\u00e9taro celebra el D\u00eda Mundial del Turismo con actividades culturales y educativas\" \/>\n<meta property=\"og:url\" content=\"https:\/\/www.nexoinformativo.mx\/index.php\/2024\/10\/01\/queretaro-celebra-el-dia-mundial-del-turismo-con-actividades-culturales-y-educativas\/\" \/>\n<meta property=\"og:site_name\" content=\"Nexo Informativo Santiago de Quer\u00e9taro\" \/>\n<meta property=\"article:publisher\" content=\"https:\/\/www.facebook.com\/people\/Nexo-Informativo\/61564066885511\/\" \/>\n<meta property=\"article:published_time\" content=\"2024-10-01T22:00:20+00:00\" \/>\n<meta property=\"article:modified_time\" content=\"2024-10-07T01:12:53+00:00\" \/>\n<meta property=\"og:image\" content=\"https:\/\/www.nexoinformativo.mx\/wp-content\/uploads\/2024\/10\/PHOTO-2024-10-01-16-48-48-e1727827037533.jpg\" \/>\n\t<meta property=\"og:image:width\" content=\"800\" \/>\n\t<meta property=\"og:image:height\" content=\"600\" \/>\n\t<meta property=\"og:image:type\" content=\"image\/jpeg\" \/>\n<meta name=\"author\" content=\"Nexo Informativo\" \/>\n<meta name=\"twitter:card\" content=\"summary_large_image\" \/>\n<meta name=\"twitter:label1\" content=\"Escrito por\" \/>\n\t<meta name=\"twitter:data1\" content=\"Nexo Informativo\" \/>\n\t<meta name=\"twitter:label2\" content=\"Tiempo de lectura\" \/>\n\t<meta name=\"twitter:data2\" content=\"2 minutos\" \/>\n<script type=\"application\/ld+json\" class=\"yoast-schema-graph\">{\"@context\":\"https:\/\/schema.org\",\"@graph\":[{\"@type\":\"Article\",\"@id\":\"https:\/\/www.nexoinformativo.mx\/index.php\/2024\/10\/01\/queretaro-celebra-el-dia-mundial-del-turismo-con-actividades-culturales-y-educativas\/#article\",\"isPartOf\":{\"@id\":\"https:\/\/www.nexoinformativo.mx\/index.php\/2024\/10\/01\/queretaro-celebra-el-dia-mundial-del-turismo-con-actividades-culturales-y-educativas\/\"},\"author\":{\"name\":\"Nexo Informativo\",\"@id\":\"https:\/\/www.nexoinformativo.mx\/#\/schema\/person\/7749d380ba08c8ca00d7bc76fd907b7d\"},\"headline\":\"Quer\u00e9taro celebra el D\u00eda Mundial del Turismo con actividades culturales y educativas\",\"datePublished\":\"2024-10-01T22:00:20+00:00\",\"dateModified\":\"2024-10-07T01:12:53+00:00\",\"mainEntityOfPage\":{\"@id\":\"https:\/\/www.nexoinformativo.mx\/index.php\/2024\/10\/01\/queretaro-celebra-el-dia-mundial-del-turismo-con-actividades-culturales-y-educativas\/\"},\"wordCount\":257,\"commentCount\":0,\"publisher\":{\"@id\":\"https:\/\/www.nexoinformativo.mx\/#organization\"},\"image\":{\"@id\":\"https:\/\/www.nexoinformativo.mx\/index.php\/2024\/10\/01\/queretaro-celebra-el-dia-mundial-del-turismo-con-actividades-culturales-y-educativas\/#primaryimage\"},\"thumbnailUrl\":\"https:\/\/www.nexoinformativo.mx\/wp-content\/uploads\/2024\/10\/PHOTO-2024-10-01-16-48-48-e1727827037533.jpg\",\"keywords\":[\"D\u00edaMundialDelTurismo\",\"Gastronom\u00edaQuer\u00e9taro\",\"Quer\u00e9taroSostenible\",\"TurismoQuer\u00e9taro\"],\"articleSection\":[\"Municipios\",\"\u00daltima Hora\"],\"inLanguage\":\"es\",\"potentialAction\":[{\"@type\":\"CommentAction\",\"name\":\"Comment\",\"target\":[\"https:\/\/www.nexoinformativo.mx\/index.php\/2024\/10\/01\/queretaro-celebra-el-dia-mundial-del-turismo-con-actividades-culturales-y-educativas\/#respond\"]}]},{\"@type\":\"WebPage\",\"@id\":\"https:\/\/www.nexoinformativo.mx\/index.php\/2024\/10\/01\/queretaro-celebra-el-dia-mundial-del-turismo-con-actividades-culturales-y-educativas\/\",\"url\":\"https:\/\/www.nexoinformativo.mx\/index.php\/2024\/10\/01\/queretaro-celebra-el-dia-mundial-del-turismo-con-actividades-culturales-y-educativas\/\",\"name\":\"Quer\u00e9taro celebra el D\u00eda Mundial del Turismo con actividades culturales y educativas | Nexo Informativo Santiago de Quer\u00e9taro\",\"isPartOf\":{\"@id\":\"https:\/\/www.nexoinformativo.mx\/#website\"},\"primaryImageOfPage\":{\"@id\":\"https:\/\/www.nexoinformativo.mx\/index.php\/2024\/10\/01\/queretaro-celebra-el-dia-mundial-del-turismo-con-actividades-culturales-y-educativas\/#primaryimage\"},\"image\":{\"@id\":\"https:\/\/www.nexoinformativo.mx\/index.php\/2024\/10\/01\/queretaro-celebra-el-dia-mundial-del-turismo-con-actividades-culturales-y-educativas\/#primaryimage\"},\"thumbnailUrl\":\"https:\/\/www.nexoinformativo.mx\/wp-content\/uploads\/2024\/10\/PHOTO-2024-10-01-16-48-48-e1727827037533.jpg\",\"datePublished\":\"2024-10-01T22:00:20+00:00\",\"dateModified\":\"2024-10-07T01:12:53+00:00\",\"description\":\"Quer\u00e9taro celebra el D\u00eda Mundial del Turismo con actividades culturales y educativas\",\"breadcrumb\":{\"@id\":\"https:\/\/www.nexoinformativo.mx\/index.php\/2024\/10\/01\/queretaro-celebra-el-dia-mundial-del-turismo-con-actividades-culturales-y-educativas\/#breadcrumb\"},\"inLanguage\":\"es\",\"potentialAction\":[{\"@type\":\"ReadAction\",\"target\":[\"https:\/\/www.nexoinformativo.mx\/index.php\/2024\/10\/01\/queretaro-celebra-el-dia-mundial-del-turismo-con-actividades-culturales-y-educativas\/\"]}]},{\"@type\":\"ImageObject\",\"inLanguage\":\"es\",\"@id\":\"https:\/\/www.nexoinformativo.mx\/index.php\/2024\/10\/01\/queretaro-celebra-el-dia-mundial-del-turismo-con-actividades-culturales-y-educativas\/#primaryimage\",\"url\":\"https:\/\/www.nexoinformativo.mx\/wp-content\/uploads\/2024\/10\/PHOTO-2024-10-01-16-48-48-e1727827037533.jpg\",\"contentUrl\":\"https:\/\/www.nexoinformativo.mx\/wp-content\/uploads\/2024\/10\/PHOTO-2024-10-01-16-48-48-e1727827037533.jpg\",\"width\":800,\"height\":600},{\"@type\":\"BreadcrumbList\",\"@id\":\"https:\/\/www.nexoinformativo.mx\/index.php\/2024\/10\/01\/queretaro-celebra-el-dia-mundial-del-turismo-con-actividades-culturales-y-educativas\/#breadcrumb\",\"itemListElement\":[{\"@type\":\"ListItem\",\"position\":1,\"name\":\"Inicio\",\"item\":\"https:\/\/www.nexoinformativo.mx\/\"},{\"@type\":\"ListItem\",\"position\":2,\"name\":\"Quer\u00e9taro celebra el D\u00eda Mundial del Turismo con actividades culturales y educativas\"}]},{\"@type\":\"WebSite\",\"@id\":\"https:\/\/www.nexoinformativo.mx\/#website\",\"url\":\"https:\/\/www.nexoinformativo.mx\/\",\"name\":\"Nexo Informativo Santiago de Quer\u00e9taro\",\"description\":\"Explora NexoInformativo y convi\u00e9rtete en parte de una comunidad que valora el conocimiento y la verdad. Tu nexoinformativo es tu puente hacia una comprensi\u00f3n m\u00e1s profunda del mundo que te rodea.\",\"publisher\":{\"@id\":\"https:\/\/www.nexoinformativo.mx\/#organization\"},\"potentialAction\":[{\"@type\":\"SearchAction\",\"target\":{\"@type\":\"EntryPoint\",\"urlTemplate\":\"https:\/\/www.nexoinformativo.mx\/?s={search_term_string}\"},\"query-input\":{\"@type\":\"PropertyValueSpecification\",\"valueRequired\":true,\"valueName\":\"search_term_string\"}}],\"inLanguage\":\"es\"},{\"@type\":\"Organization\",\"@id\":\"https:\/\/www.nexoinformativo.mx\/#organization\",\"name\":\"Nexo Informativo Santiago de Quer\u00e9taro\",\"url\":\"https:\/\/www.nexoinformativo.mx\/\",\"logo\":{\"@type\":\"ImageObject\",\"inLanguage\":\"es\",\"@id\":\"https:\/\/www.nexoinformativo.mx\/#\/schema\/logo\/image\/\",\"url\":\"https:\/\/www.nexoinformativo.mx\/wp-content\/uploads\/2024\/07\/nexoi-trasparente-2.png\",\"contentUrl\":\"https:\/\/www.nexoinformativo.mx\/wp-content\/uploads\/2024\/07\/nexoi-trasparente-2.png\",\"width\":816,\"height\":339,\"caption\":\"Nexo Informativo Santiago de Quer\u00e9taro\"},\"image\":{\"@id\":\"https:\/\/www.nexoinformativo.mx\/#\/schema\/logo\/image\/\"},\"sameAs\":[\"https:\/\/www.facebook.com\/people\/Nexo-Informativo\/61564066885511\/\"]},{\"@type\":\"Person\",\"@id\":\"https:\/\/www.nexoinformativo.mx\/#\/schema\/person\/7749d380ba08c8ca00d7bc76fd907b7d\",\"name\":\"Nexo Informativo\",\"image\":{\"@type\":\"ImageObject\",\"inLanguage\":\"es\",\"@id\":\"https:\/\/www.nexoinformativo.mx\/#\/schema\/person\/image\/\",\"url\":\"https:\/\/secure.gravatar.com\/avatar\/dde2928154642a13d95f87ddf1ea9718fe2b46760a005c53e41ff5ad610704e6?s=96&d=mm&r=g\",\"contentUrl\":\"https:\/\/secure.gravatar.com\/avatar\/dde2928154642a13d95f87ddf1ea9718fe2b46760a005c53e41ff5ad610704e6?s=96&d=mm&r=g\",\"caption\":\"Nexo Informativo\"},\"url\":\"https:\/\/www.nexoinformativo.mx\/index.php\/author\/edicion\/\"}]}<\/script>\n<!-- \/ Yoast SEO plugin. -->","yoast_head_json":{"title":"Quer\u00e9taro celebra el D\u00eda Mundial del Turismo con actividades culturales y educativas | Nexo Informativo Santiago de Quer\u00e9taro","description":"Quer\u00e9taro celebra el D\u00eda Mundial del Turismo con actividades culturales y educativas","robots":{"index":"index","follow":"follow","max-snippet":"max-snippet:-1","max-image-preview":"max-image-preview:large","max-video-preview":"max-video-preview:-1"},"canonical":"https:\/\/www.nexoinformativo.mx\/index.php\/2024\/10\/01\/queretaro-celebra-el-dia-mundial-del-turismo-con-actividades-culturales-y-educativas\/","og_locale":"es_MX","og_type":"article","og_title":"Quer\u00e9taro celebra el D\u00eda Mundial del Turismo con actividades culturales y educativas | Nexo Informativo Santiago de Quer\u00e9taro","og_description":"Quer\u00e9taro celebra el D\u00eda Mundial del Turismo con actividades culturales y educativas","og_url":"https:\/\/www.nexoinformativo.mx\/index.php\/2024\/10\/01\/queretaro-celebra-el-dia-mundial-del-turismo-con-actividades-culturales-y-educativas\/","og_site_name":"Nexo Informativo Santiago de Quer\u00e9taro","article_publisher":"https:\/\/www.facebook.com\/people\/Nexo-Informativo\/61564066885511\/","article_published_time":"2024-10-01T22:00:20+00:00","article_modified_time":"2024-10-07T01:12:53+00:00","og_image":[{"width":800,"height":600,"url":"https:\/\/www.nexoinformativo.mx\/wp-content\/uploads\/2024\/10\/PHOTO-2024-10-01-16-48-48-e1727827037533.jpg","type":"image\/jpeg"}],"author":"Nexo Informativo","twitter_card":"summary_large_image","twitter_misc":{"Escrito por":"Nexo Informativo","Tiempo de lectura":"2 minutos"},"schema":{"@context":"https:\/\/schema.org","@graph":[{"@type":"Article","@id":"https:\/\/www.nexoinformativo.mx\/index.php\/2024\/10\/01\/queretaro-celebra-el-dia-mundial-del-turismo-con-actividades-culturales-y-educativas\/#article","isPartOf":{"@id":"https:\/\/www.nexoinformativo.mx\/index.php\/2024\/10\/01\/queretaro-celebra-el-dia-mundial-del-turismo-con-actividades-culturales-y-educativas\/"},"author":{"name":"Nexo Informativo","@id":"https:\/\/www.nexoinformativo.mx\/#\/schema\/person\/7749d380ba08c8ca00d7bc76fd907b7d"},"headline":"Quer\u00e9taro celebra el D\u00eda Mundial del Turismo con actividades culturales y educativas","datePublished":"2024-10-01T22:00:20+00:00","dateModified":"2024-10-07T01:12:53+00:00","mainEntityOfPage":{"@id":"https:\/\/www.nexoinformativo.mx\/index.php\/2024\/10\/01\/queretaro-celebra-el-dia-mundial-del-turismo-con-actividades-culturales-y-educativas\/"},"wordCount":257,"commentCount":0,"publisher":{"@id":"https:\/\/www.nexoinformativo.mx\/#organization"},"image":{"@id":"https:\/\/www.nexoinformativo.mx\/index.php\/2024\/10\/01\/queretaro-celebra-el-dia-mundial-del-turismo-con-actividades-culturales-y-educativas\/#primaryimage"},"thumbnailUrl":"https:\/\/www.nexoinformativo.mx\/wp-content\/uploads\/2024\/10\/PHOTO-2024-10-01-16-48-48-e1727827037533.jpg","keywords":["D\u00edaMundialDelTurismo","Gastronom\u00edaQuer\u00e9taro","Quer\u00e9taroSostenible","TurismoQuer\u00e9taro"],"articleSection":["Municipios","\u00daltima Hora"],"inLanguage":"es","potentialAction":[{"@type":"CommentAction","name":"Comment","target":["https:\/\/www.nexoinformativo.mx\/index.php\/2024\/10\/01\/queretaro-celebra-el-dia-mundial-del-turismo-con-actividades-culturales-y-educativas\/#respond"]}]},{"@type":"WebPage","@id":"https:\/\/www.nexoinformativo.mx\/index.php\/2024\/10\/01\/queretaro-celebra-el-dia-mundial-del-turismo-con-actividades-culturales-y-educativas\/","url":"https:\/\/www.nexoinformativo.mx\/index.php\/2024\/10\/01\/queretaro-celebra-el-dia-mundial-del-turismo-con-actividades-culturales-y-educativas\/","name":"Quer\u00e9taro celebra el D\u00eda Mundial del Turismo con actividades culturales y educativas | Nexo Informativo Santiago de Quer\u00e9taro","isPartOf":{"@id":"https:\/\/www.nexoinformativo.mx\/#website"},"primaryImageOfPage":{"@id":"https:\/\/www.nexoinformativo.mx\/index.php\/2024\/10\/01\/queretaro-celebra-el-dia-mundial-del-turismo-con-actividades-culturales-y-educativas\/#primaryimage"},"image":{"@id":"https:\/\/www.nexoinformativo.mx\/index.php\/2024\/10\/01\/queretaro-celebra-el-dia-mundial-del-turismo-con-actividades-culturales-y-educativas\/#primaryimage"},"thumbnailUrl":"https:\/\/www.nexoinformativo.mx\/wp-content\/uploads\/2024\/10\/PHOTO-2024-10-01-16-48-48-e1727827037533.jpg","datePublished":"2024-10-01T22:00:20+00:00","dateModified":"2024-10-07T01:12:53+00:00","description":"Quer\u00e9taro celebra el D\u00eda Mundial del Turismo con actividades culturales y educativas","breadcrumb":{"@id":"https:\/\/www.nexoinformativo.mx\/index.php\/2024\/10\/01\/queretaro-celebra-el-dia-mundial-del-turismo-con-actividades-culturales-y-educativas\/#breadcrumb"},"inLanguage":"es","potentialAction":[{"@type":"ReadAction","target":["https:\/\/www.nexoinformativo.mx\/index.php\/2024\/10\/01\/queretaro-celebra-el-dia-mundial-del-turismo-con-actividades-culturales-y-educativas\/"]}]},{"@type":"ImageObject","inLanguage":"es","@id":"https:\/\/www.nexoinformativo.mx\/index.php\/2024\/10\/01\/queretaro-celebra-el-dia-mundial-del-turismo-con-actividades-culturales-y-educativas\/#primaryimage","url":"https:\/\/www.nexoinformativo.mx\/wp-content\/uploads\/2024\/10\/PHOTO-2024-10-01-16-48-48-e1727827037533.jpg","contentUrl":"https:\/\/www.nexoinformativo.mx\/wp-content\/uploads\/2024\/10\/PHOTO-2024-10-01-16-48-48-e1727827037533.jpg","width":800,"height":600},{"@type":"BreadcrumbList","@id":"https:\/\/www.nexoinformativo.mx\/index.php\/2024\/10\/01\/queretaro-celebra-el-dia-mundial-del-turismo-con-actividades-culturales-y-educativas\/#breadcrumb","itemListElement":[{"@type":"ListItem","position":1,"name":"Inicio","item":"https:\/\/www.nexoinformativo.mx\/"},{"@type":"ListItem","position":2,"name":"Quer\u00e9taro celebra el D\u00eda Mundial del Turismo con actividades culturales y educativas"}]},{"@type":"WebSite","@id":"https:\/\/www.nexoinformativo.mx\/#website","url":"https:\/\/www.nexoinformativo.mx\/","name":"Nexo Informativo Santiago de Quer\u00e9taro","description":"Explora NexoInformativo y convi\u00e9rtete en parte de una comunidad que valora el conocimiento y la verdad. Tu nexoinformativo es tu puente hacia una comprensi\u00f3n m\u00e1s profunda del mundo que te rodea.","publisher":{"@id":"https:\/\/www.nexoinformativo.mx\/#organization"},"potentialAction":[{"@type":"SearchAction","target":{"@type":"EntryPoint","urlTemplate":"https:\/\/www.nexoinformativo.mx\/?s={search_term_string}"},"query-input":{"@type":"PropertyValueSpecification","valueRequired":true,"valueName":"search_term_string"}}],"inLanguage":"es"},{"@type":"Organization","@id":"https:\/\/www.nexoinformativo.mx\/#organization","name":"Nexo Informativo Santiago de Quer\u00e9taro","url":"https:\/\/www.nexoinformativo.mx\/","logo":{"@type":"ImageObject","inLanguage":"es","@id":"https:\/\/www.nexoinformativo.mx\/#\/schema\/logo\/image\/","url":"https:\/\/www.nexoinformativo.mx\/wp-content\/uploads\/2024\/07\/nexoi-trasparente-2.png","contentUrl":"https:\/\/www.nexoinformativo.mx\/wp-content\/uploads\/2024\/07\/nexoi-trasparente-2.png","width":816,"height":339,"caption":"Nexo Informativo Santiago de Quer\u00e9taro"},"image":{"@id":"https:\/\/www.nexoinformativo.mx\/#\/schema\/logo\/image\/"},"sameAs":["https:\/\/www.facebook.com\/people\/Nexo-Informativo\/61564066885511\/"]},{"@type":"Person","@id":"https:\/\/www.nexoinformativo.mx\/#\/schema\/person\/7749d380ba08c8ca00d7bc76fd907b7d","name":"Nexo Informativo","image":{"@type":"ImageObject","inLanguage":"es","@id":"https:\/\/www.nexoinformativo.mx\/#\/schema\/person\/image\/","url":"https:\/\/secure.gravatar.com\/avatar\/dde2928154642a13d95f87ddf1ea9718fe2b46760a005c53e41ff5ad610704e6?s=96&d=mm&r=g","contentUrl":"https:\/\/secure.gravatar.com\/avatar\/dde2928154642a13d95f87ddf1ea9718fe2b46760a005c53e41ff5ad610704e6?s=96&d=mm&r=g","caption":"Nexo Informativo"},"url":"https:\/\/www.nexoinformativo.mx\/index.php\/author\/edicion\/"}]}},"_links":{"self":[{"href":"https:\/\/www.nexoinformativo.mx\/index.php\/wp-json\/wp\/v2\/posts\/2487","targetHints":{"allow":["GET"]}}],"collection":[{"href":"https:\/\/www.nexoinformativo.mx\/index.php\/wp-json\/wp\/v2\/posts"}],"about":[{"href":"https:\/\/www.nexoinformativo.mx\/index.php\/wp-json\/wp\/v2\/types\/post"}],"author":[{"embeddable":true,"href":"https:\/\/www.nexoinformativo.mx\/index.php\/wp-json\/wp\/v2\/users\/3"}],"replies":[{"embeddable":true,"href":"https:\/\/www.nexoinformativo.mx\/index.php\/wp-json\/wp\/v2\/comments?post=2487"}],"version-history":[{"count":5,"href":"https:\/\/www.nexoinformativo.mx\/index.php\/wp-json\/wp\/v2\/posts\/2487\/revisions"}],"predecessor-version":[{"id":2765,"href":"https:\/\/www.nexoinformativo.mx\/index.php\/wp-json\/wp\/v2\/posts\/2487\/revisions\/2765"}],"wp:featuredmedia":[{"embeddable":true,"href":"https:\/\/www.nexoinformativo.mx\/index.php\/wp-json\/wp\/v2\/media\/2488"}],"wp:attachment":[{"href":"https:\/\/www.nexoinformativo.mx\/index.php\/wp-json\/wp\/v2\/media?parent=2487"}],"wp:term":[{"taxonomy":"category","embeddable":true,"href":"https:\/\/www.nexoinformativo.mx\/index.php\/wp-json\/wp\/v2\/categories?post=2487"},{"taxonomy":"post_tag","embeddable":true,"href":"https:\/\/www.nexoinformativo.mx\/index.php\/wp-json\/wp\/v2\/tags?post=2487"}],"curies":[{"name":"wp","href":"https:\/\/api.w.org\/{rel}","templated":true}]}}