{"id":2493,"date":"2024-10-01T17:00:32","date_gmt":"2024-10-01T23:00:32","guid":{"rendered":"https:\/\/www.nexoinformativo.mx\/?p=2493"},"modified":"2024-10-06T19:11:00","modified_gmt":"2024-10-07T01:11:00","slug":"santiago-nieto-castillo-se-unira-al-gobierno-federal-como-titular-del-impi","status":"publish","type":"post","link":"https:\/\/www.nexoinformativo.mx\/index.php\/2024\/10\/01\/santiago-nieto-castillo-se-unira-al-gobierno-federal-como-titular-del-impi\/","title":{"rendered":"Santiago Nieto Castillo se unir\u00e1 al Gobierno Federal como titular del IMPI"},"content":{"rendered":"<div class=\"flex max-w-full flex-col flex-grow\">\n<div class=\"min-h-8 text-message flex w-full flex-col items-end gap-2 whitespace-normal break-words [.text-message+&amp;]:mt-5\" dir=\"auto\" data-message-author-role=\"assistant\" data-message-id=\"b3d8c343-0f89-479e-ae11-ac77e78c0be7\">\n<div class=\"flex w-full flex-col gap-1 empty:hidden first:pt-[3px]\">\n<div class=\"markdown prose w-full break-words dark:prose-invert light\">\n<p style=\"text-align: justify;\">Santiago Nieto Castillo, excandidato al Senado por Morena en Quer\u00e9taro, se incorporar\u00e1 al <strong>Gobierno Federal<\/strong> como titular del <strong>Instituto Mexicano de la Propiedad Industrial (IMPI)<\/strong>, seg\u00fan lo anunci\u00f3 Claudia Sheinbaum, presidenta de M\u00e9xico. En su reciente publicaci\u00f3n, Sheinbaum present\u00f3 una lista con los nombramientos para diversos institutos, direcciones y organismos gubernamentales.<\/p>\n<p style=\"text-align: justify;\">Nieto Castillo, quien previamente se desempe\u00f1\u00f3 como titular de la Unidad de Inteligencia Financiera, ser\u00e1 parte del equipo que busca fortalecer la gesti\u00f3n p\u00fablica en \u00e1reas clave del pa\u00eds.<\/p>\n<p style=\"text-align: justify;\">En la misma lista, Sheinbaum ratific\u00f3 a Paco Ignacio Taibo II como titular del Fondo de Cultura Econ\u00f3mica y a Jorge Mendoza S\u00e1nchez como titular de Banobras. Tambi\u00e9n, se confirm\u00f3 la permanencia de Jes\u00fas Ram\u00edrez Cuevas como coordinador de asesores de la Presidencia.<\/p>\n<p style=\"text-align: justify;\">Este nombramiento es parte de la estrategia de Sheinbaum para consolidar la administraci\u00f3n p\u00fablica con perfiles destacados que contribuyan a la continuidad y \u00e9xito de los programas federales.<\/p>\n<\/div>\n<\/div>\n<\/div>\n<\/div>\n<div class=\"items-center justify-start rounded-xl p-1 flex\"><\/div>\n<div><\/div>\n<div><\/div>\n<div style=\"text-align: center;\"><strong><em>\u00a1Informaci\u00f3n que transforma!<\/em><\/strong><\/div>\n","protected":false},"excerpt":{"rendered":"<p>Santiago Nieto Castillo, excandidato al Senado por Morena en Quer\u00e9taro, se incorporar\u00e1 al Gobierno Federal como titular del Instituto Mexicano de la Propiedad Industrial (IMPI), seg\u00fan lo anunci\u00f3 Claudia Sheinbaum, presidenta de M\u00e9xico.<\/p>\n","protected":false},"author":3,"featured_media":2494,"comment_status":"open","ping_status":"open","sticky":false,"template":"","format":"standard","meta":{"footnotes":""},"categories":[88,58],"tags":[967,996,997,995],"class_list":["post-2493","post","type-post","status-publish","format-standard","has-post-thumbnail","hentry","category-nacional","category-ultima-hora","tag-claudiasheinbaum","tag-gobiernofederal2024","tag-nombramientosmexico","tag-santiagonietoimpi"],"yoast_head":"<!-- This site is optimized with the Yoast SEO plugin v25.0 - https:\/\/yoast.com\/wordpress\/plugins\/seo\/ -->\n<title>Santiago Nieto Castillo se unir\u00e1 al Gobierno Federal como titular del IMPI | Nexo Informativo Santiago de Quer\u00e9taro<\/title>\n<meta name=\"description\" content=\"Santiago Nieto Castillo se unir\u00e1 al Gobierno Federal como titular del IMPI\" \/>\n<meta name=\"robots\" content=\"index, follow, max-snippet:-1, max-image-preview:large, max-video-preview:-1\" \/>\n<link rel=\"canonical\" href=\"https:\/\/www.nexoinformativo.mx\/index.php\/2024\/10\/01\/santiago-nieto-castillo-se-unira-al-gobierno-federal-como-titular-del-impi\/\" \/>\n<meta property=\"og:locale\" content=\"es_MX\" \/>\n<meta property=\"og:type\" content=\"article\" \/>\n<meta property=\"og:title\" content=\"Santiago Nieto Castillo se unir\u00e1 al Gobierno Federal como titular del IMPI | Nexo Informativo Santiago de Quer\u00e9taro\" \/>\n<meta property=\"og:description\" content=\"Santiago Nieto Castillo se unir\u00e1 al Gobierno Federal como titular del IMPI\" \/>\n<meta property=\"og:url\" content=\"https:\/\/www.nexoinformativo.mx\/index.php\/2024\/10\/01\/santiago-nieto-castillo-se-unira-al-gobierno-federal-como-titular-del-impi\/\" \/>\n<meta property=\"og:site_name\" content=\"Nexo Informativo Santiago de Quer\u00e9taro\" \/>\n<meta property=\"article:publisher\" content=\"https:\/\/www.facebook.com\/people\/Nexo-Informativo\/61564066885511\/\" \/>\n<meta property=\"article:published_time\" content=\"2024-10-01T23:00:32+00:00\" \/>\n<meta property=\"article:modified_time\" content=\"2024-10-07T01:11:00+00:00\" \/>\n<meta property=\"og:image\" content=\"https:\/\/www.nexoinformativo.mx\/wp-content\/uploads\/2024\/10\/PHOTO-2024-10-01-16-48-48-2-e1727827990925.jpg\" \/>\n\t<meta property=\"og:image:width\" content=\"500\" \/>\n\t<meta property=\"og:image:height\" content=\"667\" \/>\n\t<meta property=\"og:image:type\" content=\"image\/jpeg\" \/>\n<meta name=\"author\" content=\"Nexo Informativo\" \/>\n<meta name=\"twitter:card\" content=\"summary_large_image\" \/>\n<meta name=\"twitter:label1\" content=\"Escrito por\" \/>\n\t<meta name=\"twitter:data1\" content=\"Nexo Informativo\" \/>\n\t<meta name=\"twitter:label2\" content=\"Tiempo de lectura\" \/>\n\t<meta name=\"twitter:data2\" content=\"1 minuto\" \/>\n<script type=\"application\/ld+json\" class=\"yoast-schema-graph\">{\"@context\":\"https:\/\/schema.org\",\"@graph\":[{\"@type\":\"Article\",\"@id\":\"https:\/\/www.nexoinformativo.mx\/index.php\/2024\/10\/01\/santiago-nieto-castillo-se-unira-al-gobierno-federal-como-titular-del-impi\/#article\",\"isPartOf\":{\"@id\":\"https:\/\/www.nexoinformativo.mx\/index.php\/2024\/10\/01\/santiago-nieto-castillo-se-unira-al-gobierno-federal-como-titular-del-impi\/\"},\"author\":{\"name\":\"Nexo Informativo\",\"@id\":\"https:\/\/www.nexoinformativo.mx\/#\/schema\/person\/7749d380ba08c8ca00d7bc76fd907b7d\"},\"headline\":\"Santiago Nieto Castillo se unir\u00e1 al Gobierno Federal como titular del IMPI\",\"datePublished\":\"2024-10-01T23:00:32+00:00\",\"dateModified\":\"2024-10-07T01:11:00+00:00\",\"mainEntityOfPage\":{\"@id\":\"https:\/\/www.nexoinformativo.mx\/index.php\/2024\/10\/01\/santiago-nieto-castillo-se-unira-al-gobierno-federal-como-titular-del-impi\/\"},\"wordCount\":181,\"commentCount\":0,\"publisher\":{\"@id\":\"https:\/\/www.nexoinformativo.mx\/#organization\"},\"image\":{\"@id\":\"https:\/\/www.nexoinformativo.mx\/index.php\/2024\/10\/01\/santiago-nieto-castillo-se-unira-al-gobierno-federal-como-titular-del-impi\/#primaryimage\"},\"thumbnailUrl\":\"https:\/\/www.nexoinformativo.mx\/wp-content\/uploads\/2024\/10\/PHOTO-2024-10-01-16-48-48-2-e1727827990925.jpg\",\"keywords\":[\"ClaudiaSheinbaum\",\"GobiernoFederal2024\",\"NombramientosM\u00e9xico\",\"SantiagoNietoIMPI\"],\"articleSection\":[\"Nacional\",\"\u00daltima Hora\"],\"inLanguage\":\"es\",\"potentialAction\":[{\"@type\":\"CommentAction\",\"name\":\"Comment\",\"target\":[\"https:\/\/www.nexoinformativo.mx\/index.php\/2024\/10\/01\/santiago-nieto-castillo-se-unira-al-gobierno-federal-como-titular-del-impi\/#respond\"]}]},{\"@type\":\"WebPage\",\"@id\":\"https:\/\/www.nexoinformativo.mx\/index.php\/2024\/10\/01\/santiago-nieto-castillo-se-unira-al-gobierno-federal-como-titular-del-impi\/\",\"url\":\"https:\/\/www.nexoinformativo.mx\/index.php\/2024\/10\/01\/santiago-nieto-castillo-se-unira-al-gobierno-federal-como-titular-del-impi\/\",\"name\":\"Santiago Nieto Castillo se unir\u00e1 al Gobierno Federal como titular del IMPI | Nexo Informativo Santiago de Quer\u00e9taro\",\"isPartOf\":{\"@id\":\"https:\/\/www.nexoinformativo.mx\/#website\"},\"primaryImageOfPage\":{\"@id\":\"https:\/\/www.nexoinformativo.mx\/index.php\/2024\/10\/01\/santiago-nieto-castillo-se-unira-al-gobierno-federal-como-titular-del-impi\/#primaryimage\"},\"image\":{\"@id\":\"https:\/\/www.nexoinformativo.mx\/index.php\/2024\/10\/01\/santiago-nieto-castillo-se-unira-al-gobierno-federal-como-titular-del-impi\/#primaryimage\"},\"thumbnailUrl\":\"https:\/\/www.nexoinformativo.mx\/wp-content\/uploads\/2024\/10\/PHOTO-2024-10-01-16-48-48-2-e1727827990925.jpg\",\"datePublished\":\"2024-10-01T23:00:32+00:00\",\"dateModified\":\"2024-10-07T01:11:00+00:00\",\"description\":\"Santiago Nieto Castillo se unir\u00e1 al Gobierno Federal como titular del IMPI\",\"breadcrumb\":{\"@id\":\"https:\/\/www.nexoinformativo.mx\/index.php\/2024\/10\/01\/santiago-nieto-castillo-se-unira-al-gobierno-federal-como-titular-del-impi\/#breadcrumb\"},\"inLanguage\":\"es\",\"potentialAction\":[{\"@type\":\"ReadAction\",\"target\":[\"https:\/\/www.nexoinformativo.mx\/index.php\/2024\/10\/01\/santiago-nieto-castillo-se-unira-al-gobierno-federal-como-titular-del-impi\/\"]}]},{\"@type\":\"ImageObject\",\"inLanguage\":\"es\",\"@id\":\"https:\/\/www.nexoinformativo.mx\/index.php\/2024\/10\/01\/santiago-nieto-castillo-se-unira-al-gobierno-federal-como-titular-del-impi\/#primaryimage\",\"url\":\"https:\/\/www.nexoinformativo.mx\/wp-content\/uploads\/2024\/10\/PHOTO-2024-10-01-16-48-48-2-e1727827990925.jpg\",\"contentUrl\":\"https:\/\/www.nexoinformativo.mx\/wp-content\/uploads\/2024\/10\/PHOTO-2024-10-01-16-48-48-2-e1727827990925.jpg\",\"width\":500,\"height\":667},{\"@type\":\"BreadcrumbList\",\"@id\":\"https:\/\/www.nexoinformativo.mx\/index.php\/2024\/10\/01\/santiago-nieto-castillo-se-unira-al-gobierno-federal-como-titular-del-impi\/#breadcrumb\",\"itemListElement\":[{\"@type\":\"ListItem\",\"position\":1,\"name\":\"Inicio\",\"item\":\"https:\/\/www.nexoinformativo.mx\/\"},{\"@type\":\"ListItem\",\"position\":2,\"name\":\"Santiago Nieto Castillo se unir\u00e1 al Gobierno Federal como titular del IMPI\"}]},{\"@type\":\"WebSite\",\"@id\":\"https:\/\/www.nexoinformativo.mx\/#website\",\"url\":\"https:\/\/www.nexoinformativo.mx\/\",\"name\":\"Nexo Informativo Santiago de Quer\u00e9taro\",\"description\":\"Explora NexoInformativo y convi\u00e9rtete en parte de una comunidad que valora el conocimiento y la verdad. Tu nexoinformativo es tu puente hacia una comprensi\u00f3n m\u00e1s profunda del mundo que te rodea.\",\"publisher\":{\"@id\":\"https:\/\/www.nexoinformativo.mx\/#organization\"},\"potentialAction\":[{\"@type\":\"SearchAction\",\"target\":{\"@type\":\"EntryPoint\",\"urlTemplate\":\"https:\/\/www.nexoinformativo.mx\/?s={search_term_string}\"},\"query-input\":{\"@type\":\"PropertyValueSpecification\",\"valueRequired\":true,\"valueName\":\"search_term_string\"}}],\"inLanguage\":\"es\"},{\"@type\":\"Organization\",\"@id\":\"https:\/\/www.nexoinformativo.mx\/#organization\",\"name\":\"Nexo Informativo Santiago de Quer\u00e9taro\",\"url\":\"https:\/\/www.nexoinformativo.mx\/\",\"logo\":{\"@type\":\"ImageObject\",\"inLanguage\":\"es\",\"@id\":\"https:\/\/www.nexoinformativo.mx\/#\/schema\/logo\/image\/\",\"url\":\"https:\/\/www.nexoinformativo.mx\/wp-content\/uploads\/2024\/07\/nexoi-trasparente-2.png\",\"contentUrl\":\"https:\/\/www.nexoinformativo.mx\/wp-content\/uploads\/2024\/07\/nexoi-trasparente-2.png\",\"width\":816,\"height\":339,\"caption\":\"Nexo Informativo Santiago de Quer\u00e9taro\"},\"image\":{\"@id\":\"https:\/\/www.nexoinformativo.mx\/#\/schema\/logo\/image\/\"},\"sameAs\":[\"https:\/\/www.facebook.com\/people\/Nexo-Informativo\/61564066885511\/\"]},{\"@type\":\"Person\",\"@id\":\"https:\/\/www.nexoinformativo.mx\/#\/schema\/person\/7749d380ba08c8ca00d7bc76fd907b7d\",\"name\":\"Nexo Informativo\",\"image\":{\"@type\":\"ImageObject\",\"inLanguage\":\"es\",\"@id\":\"https:\/\/www.nexoinformativo.mx\/#\/schema\/person\/image\/\",\"url\":\"https:\/\/secure.gravatar.com\/avatar\/dde2928154642a13d95f87ddf1ea9718fe2b46760a005c53e41ff5ad610704e6?s=96&d=mm&r=g\",\"contentUrl\":\"https:\/\/secure.gravatar.com\/avatar\/dde2928154642a13d95f87ddf1ea9718fe2b46760a005c53e41ff5ad610704e6?s=96&d=mm&r=g\",\"caption\":\"Nexo Informativo\"},\"url\":\"https:\/\/www.nexoinformativo.mx\/index.php\/author\/edicion\/\"}]}<\/script>\n<!-- \/ Yoast SEO plugin. -->","yoast_head_json":{"title":"Santiago Nieto Castillo se unir\u00e1 al Gobierno Federal como titular del IMPI | Nexo Informativo Santiago de Quer\u00e9taro","description":"Santiago Nieto Castillo se unir\u00e1 al Gobierno Federal como titular del IMPI","robots":{"index":"index","follow":"follow","max-snippet":"max-snippet:-1","max-image-preview":"max-image-preview:large","max-video-preview":"max-video-preview:-1"},"canonical":"https:\/\/www.nexoinformativo.mx\/index.php\/2024\/10\/01\/santiago-nieto-castillo-se-unira-al-gobierno-federal-como-titular-del-impi\/","og_locale":"es_MX","og_type":"article","og_title":"Santiago Nieto Castillo se unir\u00e1 al Gobierno Federal como titular del IMPI | Nexo Informativo Santiago de Quer\u00e9taro","og_description":"Santiago Nieto Castillo se unir\u00e1 al Gobierno Federal como titular del IMPI","og_url":"https:\/\/www.nexoinformativo.mx\/index.php\/2024\/10\/01\/santiago-nieto-castillo-se-unira-al-gobierno-federal-como-titular-del-impi\/","og_site_name":"Nexo Informativo Santiago de Quer\u00e9taro","article_publisher":"https:\/\/www.facebook.com\/people\/Nexo-Informativo\/61564066885511\/","article_published_time":"2024-10-01T23:00:32+00:00","article_modified_time":"2024-10-07T01:11:00+00:00","og_image":[{"width":500,"height":667,"url":"https:\/\/www.nexoinformativo.mx\/wp-content\/uploads\/2024\/10\/PHOTO-2024-10-01-16-48-48-2-e1727827990925.jpg","type":"image\/jpeg"}],"author":"Nexo Informativo","twitter_card":"summary_large_image","twitter_misc":{"Escrito por":"Nexo Informativo","Tiempo de lectura":"1 minuto"},"schema":{"@context":"https:\/\/schema.org","@graph":[{"@type":"Article","@id":"https:\/\/www.nexoinformativo.mx\/index.php\/2024\/10\/01\/santiago-nieto-castillo-se-unira-al-gobierno-federal-como-titular-del-impi\/#article","isPartOf":{"@id":"https:\/\/www.nexoinformativo.mx\/index.php\/2024\/10\/01\/santiago-nieto-castillo-se-unira-al-gobierno-federal-como-titular-del-impi\/"},"author":{"name":"Nexo Informativo","@id":"https:\/\/www.nexoinformativo.mx\/#\/schema\/person\/7749d380ba08c8ca00d7bc76fd907b7d"},"headline":"Santiago Nieto Castillo se unir\u00e1 al Gobierno Federal como titular del IMPI","datePublished":"2024-10-01T23:00:32+00:00","dateModified":"2024-10-07T01:11:00+00:00","mainEntityOfPage":{"@id":"https:\/\/www.nexoinformativo.mx\/index.php\/2024\/10\/01\/santiago-nieto-castillo-se-unira-al-gobierno-federal-como-titular-del-impi\/"},"wordCount":181,"commentCount":0,"publisher":{"@id":"https:\/\/www.nexoinformativo.mx\/#organization"},"image":{"@id":"https:\/\/www.nexoinformativo.mx\/index.php\/2024\/10\/01\/santiago-nieto-castillo-se-unira-al-gobierno-federal-como-titular-del-impi\/#primaryimage"},"thumbnailUrl":"https:\/\/www.nexoinformativo.mx\/wp-content\/uploads\/2024\/10\/PHOTO-2024-10-01-16-48-48-2-e1727827990925.jpg","keywords":["ClaudiaSheinbaum","GobiernoFederal2024","NombramientosM\u00e9xico","SantiagoNietoIMPI"],"articleSection":["Nacional","\u00daltima Hora"],"inLanguage":"es","potentialAction":[{"@type":"CommentAction","name":"Comment","target":["https:\/\/www.nexoinformativo.mx\/index.php\/2024\/10\/01\/santiago-nieto-castillo-se-unira-al-gobierno-federal-como-titular-del-impi\/#respond"]}]},{"@type":"WebPage","@id":"https:\/\/www.nexoinformativo.mx\/index.php\/2024\/10\/01\/santiago-nieto-castillo-se-unira-al-gobierno-federal-como-titular-del-impi\/","url":"https:\/\/www.nexoinformativo.mx\/index.php\/2024\/10\/01\/santiago-nieto-castillo-se-unira-al-gobierno-federal-como-titular-del-impi\/","name":"Santiago Nieto Castillo se unir\u00e1 al Gobierno Federal como titular del IMPI | Nexo Informativo Santiago de Quer\u00e9taro","isPartOf":{"@id":"https:\/\/www.nexoinformativo.mx\/#website"},"primaryImageOfPage":{"@id":"https:\/\/www.nexoinformativo.mx\/index.php\/2024\/10\/01\/santiago-nieto-castillo-se-unira-al-gobierno-federal-como-titular-del-impi\/#primaryimage"},"image":{"@id":"https:\/\/www.nexoinformativo.mx\/index.php\/2024\/10\/01\/santiago-nieto-castillo-se-unira-al-gobierno-federal-como-titular-del-impi\/#primaryimage"},"thumbnailUrl":"https:\/\/www.nexoinformativo.mx\/wp-content\/uploads\/2024\/10\/PHOTO-2024-10-01-16-48-48-2-e1727827990925.jpg","datePublished":"2024-10-01T23:00:32+00:00","dateModified":"2024-10-07T01:11:00+00:00","description":"Santiago Nieto Castillo se unir\u00e1 al Gobierno Federal como titular del IMPI","breadcrumb":{"@id":"https:\/\/www.nexoinformativo.mx\/index.php\/2024\/10\/01\/santiago-nieto-castillo-se-unira-al-gobierno-federal-como-titular-del-impi\/#breadcrumb"},"inLanguage":"es","potentialAction":[{"@type":"ReadAction","target":["https:\/\/www.nexoinformativo.mx\/index.php\/2024\/10\/01\/santiago-nieto-castillo-se-unira-al-gobierno-federal-como-titular-del-impi\/"]}]},{"@type":"ImageObject","inLanguage":"es","@id":"https:\/\/www.nexoinformativo.mx\/index.php\/2024\/10\/01\/santiago-nieto-castillo-se-unira-al-gobierno-federal-como-titular-del-impi\/#primaryimage","url":"https:\/\/www.nexoinformativo.mx\/wp-content\/uploads\/2024\/10\/PHOTO-2024-10-01-16-48-48-2-e1727827990925.jpg","contentUrl":"https:\/\/www.nexoinformativo.mx\/wp-content\/uploads\/2024\/10\/PHOTO-2024-10-01-16-48-48-2-e1727827990925.jpg","width":500,"height":667},{"@type":"BreadcrumbList","@id":"https:\/\/www.nexoinformativo.mx\/index.php\/2024\/10\/01\/santiago-nieto-castillo-se-unira-al-gobierno-federal-como-titular-del-impi\/#breadcrumb","itemListElement":[{"@type":"ListItem","position":1,"name":"Inicio","item":"https:\/\/www.nexoinformativo.mx\/"},{"@type":"ListItem","position":2,"name":"Santiago Nieto Castillo se unir\u00e1 al Gobierno Federal como titular del IMPI"}]},{"@type":"WebSite","@id":"https:\/\/www.nexoinformativo.mx\/#website","url":"https:\/\/www.nexoinformativo.mx\/","name":"Nexo Informativo Santiago de Quer\u00e9taro","description":"Explora NexoInformativo y convi\u00e9rtete en parte de una comunidad que valora el conocimiento y la verdad. Tu nexoinformativo es tu puente hacia una comprensi\u00f3n m\u00e1s profunda del mundo que te rodea.","publisher":{"@id":"https:\/\/www.nexoinformativo.mx\/#organization"},"potentialAction":[{"@type":"SearchAction","target":{"@type":"EntryPoint","urlTemplate":"https:\/\/www.nexoinformativo.mx\/?s={search_term_string}"},"query-input":{"@type":"PropertyValueSpecification","valueRequired":true,"valueName":"search_term_string"}}],"inLanguage":"es"},{"@type":"Organization","@id":"https:\/\/www.nexoinformativo.mx\/#organization","name":"Nexo Informativo Santiago de Quer\u00e9taro","url":"https:\/\/www.nexoinformativo.mx\/","logo":{"@type":"ImageObject","inLanguage":"es","@id":"https:\/\/www.nexoinformativo.mx\/#\/schema\/logo\/image\/","url":"https:\/\/www.nexoinformativo.mx\/wp-content\/uploads\/2024\/07\/nexoi-trasparente-2.png","contentUrl":"https:\/\/www.nexoinformativo.mx\/wp-content\/uploads\/2024\/07\/nexoi-trasparente-2.png","width":816,"height":339,"caption":"Nexo Informativo Santiago de Quer\u00e9taro"},"image":{"@id":"https:\/\/www.nexoinformativo.mx\/#\/schema\/logo\/image\/"},"sameAs":["https:\/\/www.facebook.com\/people\/Nexo-Informativo\/61564066885511\/"]},{"@type":"Person","@id":"https:\/\/www.nexoinformativo.mx\/#\/schema\/person\/7749d380ba08c8ca00d7bc76fd907b7d","name":"Nexo Informativo","image":{"@type":"ImageObject","inLanguage":"es","@id":"https:\/\/www.nexoinformativo.mx\/#\/schema\/person\/image\/","url":"https:\/\/secure.gravatar.com\/avatar\/dde2928154642a13d95f87ddf1ea9718fe2b46760a005c53e41ff5ad610704e6?s=96&d=mm&r=g","contentUrl":"https:\/\/secure.gravatar.com\/avatar\/dde2928154642a13d95f87ddf1ea9718fe2b46760a005c53e41ff5ad610704e6?s=96&d=mm&r=g","caption":"Nexo Informativo"},"url":"https:\/\/www.nexoinformativo.mx\/index.php\/author\/edicion\/"}]}},"_links":{"self":[{"href":"https:\/\/www.nexoinformativo.mx\/index.php\/wp-json\/wp\/v2\/posts\/2493","targetHints":{"allow":["GET"]}}],"collection":[{"href":"https:\/\/www.nexoinformativo.mx\/index.php\/wp-json\/wp\/v2\/posts"}],"about":[{"href":"https:\/\/www.nexoinformativo.mx\/index.php\/wp-json\/wp\/v2\/types\/post"}],"author":[{"embeddable":true,"href":"https:\/\/www.nexoinformativo.mx\/index.php\/wp-json\/wp\/v2\/users\/3"}],"replies":[{"embeddable":true,"href":"https:\/\/www.nexoinformativo.mx\/index.php\/wp-json\/wp\/v2\/comments?post=2493"}],"version-history":[{"count":5,"href":"https:\/\/www.nexoinformativo.mx\/index.php\/wp-json\/wp\/v2\/posts\/2493\/revisions"}],"predecessor-version":[{"id":2760,"href":"https:\/\/www.nexoinformativo.mx\/index.php\/wp-json\/wp\/v2\/posts\/2493\/revisions\/2760"}],"wp:featuredmedia":[{"embeddable":true,"href":"https:\/\/www.nexoinformativo.mx\/index.php\/wp-json\/wp\/v2\/media\/2494"}],"wp:attachment":[{"href":"https:\/\/www.nexoinformativo.mx\/index.php\/wp-json\/wp\/v2\/media?parent=2493"}],"wp:term":[{"taxonomy":"category","embeddable":true,"href":"https:\/\/www.nexoinformativo.mx\/index.php\/wp-json\/wp\/v2\/categories?post=2493"},{"taxonomy":"post_tag","embeddable":true,"href":"https:\/\/www.nexoinformativo.mx\/index.php\/wp-json\/wp\/v2\/tags?post=2493"}],"curies":[{"name":"wp","href":"https:\/\/api.w.org\/{rel}","templated":true}]}}