{"id":2507,"date":"2024-10-01T18:00:30","date_gmt":"2024-10-02T00:00:30","guid":{"rendered":"https:\/\/www.nexoinformativo.mx\/?p=2507"},"modified":"2024-10-06T19:10:13","modified_gmt":"2024-10-07T01:10:13","slug":"felifer-macias-apuesta-por-la-seguridad-en-queretaro-con-nuevo-modelo-y-mas-recursos","status":"publish","type":"post","link":"https:\/\/www.nexoinformativo.mx\/index.php\/2024\/10\/01\/felifer-macias-apuesta-por-la-seguridad-en-queretaro-con-nuevo-modelo-y-mas-recursos\/","title":{"rendered":"Felifer Mac\u00edas apuesta por la seguridad en Quer\u00e9taro con nuevo modelo y m\u00e1s recursos"},"content":{"rendered":"<p style=\"text-align: justify;\">El presidente municipal de Quer\u00e9taro, Felifer Mac\u00edas, ha declarado que la seguridad p\u00fablica ser\u00e1 la prioridad de su administraci\u00f3n. Durante el acto de cambio de mando en la Secretar\u00eda de Seguridad P\u00fablica Municipal <strong>(SSPM)<\/strong>, Mac\u00edas destac\u00f3 la necesidad de un nuevo enfoque para proteger a Quer\u00e9taro y aumentar la confianza ciudadana.<\/p>\n<p>&nbsp;<\/p>\n<p style=\"text-align: justify;\">Acompa\u00f1ado del Secretario de Seguridad P\u00fablica, Juan Luis Ferrusca Ortiz, Mac\u00edas anunci\u00f3 la implementaci\u00f3n de un nuevo modelo de seguridad p\u00fablica municipal, que incluir\u00e1 m\u00e1s recursos, equipamiento y beneficios administrativos para las y los elementos de la polic\u00eda municipal.<\/p>\n<p>&nbsp;<\/p>\n<p style=\"text-align: justify;\"><strong>&#8220;Ustedes son el primer contacto del ciudadano con su autoridad municipal&#8221;<\/strong>, afirm\u00f3 Mac\u00edas frente a los 192 integrantes de la corporaci\u00f3n, enfatizando la importancia del compromiso de los polic\u00edas para garantizar la legalidad y el Estado de Derecho.<\/p>\n<p>&nbsp;<\/p>\n<p style=\"text-align: justify;\">Este plan de seguridad incluye un incremento presupuestal para dotar de mejores herramientas a los elementos policiales, lo cual se traducir\u00e1 en una mejor calidad de vida para los queretanos.<\/p>\n<p>&nbsp;<\/p>\n<p>&nbsp;<\/p>\n<p style=\"text-align: center;\"><strong><em>\u00a1Informaci\u00f3n que transforma!<\/em><\/strong><\/p>\n","protected":false},"excerpt":{"rendered":"<p>El presidente municipal de Quer\u00e9taro, Felifer Mac\u00edas, ha declarado que la seguridad p\u00fablica ser\u00e1 la prioridad de su administraci\u00f3n.<\/p>\n","protected":false},"author":3,"featured_media":2509,"comment_status":"open","ping_status":"open","sticky":false,"template":"","format":"standard","meta":{"footnotes":""},"categories":[65,58],"tags":[1001,1000,1002,266],"class_list":["post-2507","post","type-post","status-publish","format-standard","has-post-thumbnail","hentry","category-municipios","category-ultima-hora","tag-confianzaciudadana","tag-felifermacias","tag-nuevomodeloseguridad","tag-seguridadqueretaro"],"yoast_head":"<!-- This site is optimized with the Yoast SEO plugin v25.0 - https:\/\/yoast.com\/wordpress\/plugins\/seo\/ -->\n<title>Felifer Mac\u00edas apuesta por la seguridad en Quer\u00e9taro con nuevo modelo y m\u00e1s recursos | Nexo Informativo Santiago de Quer\u00e9taro<\/title>\n<meta name=\"description\" content=\"Felifer Mac\u00edas apuesta por la seguridad en Quer\u00e9taro con nuevo modelo y m\u00e1s recursos\" \/>\n<meta name=\"robots\" content=\"index, follow, max-snippet:-1, max-image-preview:large, max-video-preview:-1\" \/>\n<link rel=\"canonical\" href=\"https:\/\/www.nexoinformativo.mx\/index.php\/2024\/10\/01\/felifer-macias-apuesta-por-la-seguridad-en-queretaro-con-nuevo-modelo-y-mas-recursos\/\" \/>\n<meta property=\"og:locale\" content=\"es_MX\" \/>\n<meta property=\"og:type\" content=\"article\" \/>\n<meta property=\"og:title\" content=\"Felifer Mac\u00edas apuesta por la seguridad en Quer\u00e9taro con nuevo modelo y m\u00e1s recursos | Nexo Informativo Santiago de Quer\u00e9taro\" \/>\n<meta property=\"og:description\" content=\"Felifer Mac\u00edas apuesta por la seguridad en Quer\u00e9taro con nuevo modelo y m\u00e1s recursos\" \/>\n<meta property=\"og:url\" content=\"https:\/\/www.nexoinformativo.mx\/index.php\/2024\/10\/01\/felifer-macias-apuesta-por-la-seguridad-en-queretaro-con-nuevo-modelo-y-mas-recursos\/\" \/>\n<meta property=\"og:site_name\" content=\"Nexo Informativo Santiago de Quer\u00e9taro\" \/>\n<meta property=\"article:publisher\" content=\"https:\/\/www.facebook.com\/people\/Nexo-Informativo\/61564066885511\/\" \/>\n<meta property=\"article:published_time\" content=\"2024-10-02T00:00:30+00:00\" \/>\n<meta property=\"article:modified_time\" content=\"2024-10-07T01:10:13+00:00\" \/>\n<meta property=\"og:image\" content=\"https:\/\/www.nexoinformativo.mx\/wp-content\/uploads\/2024\/10\/PHOTO-2024-10-01-17-46-19-e1727828686602.jpg\" \/>\n\t<meta property=\"og:image:width\" content=\"800\" \/>\n\t<meta property=\"og:image:height\" content=\"534\" \/>\n\t<meta property=\"og:image:type\" content=\"image\/jpeg\" \/>\n<meta name=\"author\" content=\"Nexo Informativo\" \/>\n<meta name=\"twitter:card\" content=\"summary_large_image\" \/>\n<meta name=\"twitter:label1\" content=\"Escrito por\" \/>\n\t<meta name=\"twitter:data1\" content=\"Nexo Informativo\" \/>\n\t<meta name=\"twitter:label2\" content=\"Tiempo de lectura\" \/>\n\t<meta name=\"twitter:data2\" content=\"1 minuto\" \/>\n<script type=\"application\/ld+json\" class=\"yoast-schema-graph\">{\"@context\":\"https:\/\/schema.org\",\"@graph\":[{\"@type\":\"Article\",\"@id\":\"https:\/\/www.nexoinformativo.mx\/index.php\/2024\/10\/01\/felifer-macias-apuesta-por-la-seguridad-en-queretaro-con-nuevo-modelo-y-mas-recursos\/#article\",\"isPartOf\":{\"@id\":\"https:\/\/www.nexoinformativo.mx\/index.php\/2024\/10\/01\/felifer-macias-apuesta-por-la-seguridad-en-queretaro-con-nuevo-modelo-y-mas-recursos\/\"},\"author\":{\"name\":\"Nexo Informativo\",\"@id\":\"https:\/\/www.nexoinformativo.mx\/#\/schema\/person\/7749d380ba08c8ca00d7bc76fd907b7d\"},\"headline\":\"Felifer Mac\u00edas apuesta por la seguridad en Quer\u00e9taro con nuevo modelo y m\u00e1s recursos\",\"datePublished\":\"2024-10-02T00:00:30+00:00\",\"dateModified\":\"2024-10-07T01:10:13+00:00\",\"mainEntityOfPage\":{\"@id\":\"https:\/\/www.nexoinformativo.mx\/index.php\/2024\/10\/01\/felifer-macias-apuesta-por-la-seguridad-en-queretaro-con-nuevo-modelo-y-mas-recursos\/\"},\"wordCount\":201,\"commentCount\":0,\"publisher\":{\"@id\":\"https:\/\/www.nexoinformativo.mx\/#organization\"},\"image\":{\"@id\":\"https:\/\/www.nexoinformativo.mx\/index.php\/2024\/10\/01\/felifer-macias-apuesta-por-la-seguridad-en-queretaro-con-nuevo-modelo-y-mas-recursos\/#primaryimage\"},\"thumbnailUrl\":\"https:\/\/www.nexoinformativo.mx\/wp-content\/uploads\/2024\/10\/PHOTO-2024-10-01-17-46-19-e1727828686602.jpg\",\"keywords\":[\"ConfianzaCiudadana\",\"FeliferMac\u00edas\",\"NuevoModeloSeguridad\",\"SeguridadQueretaro\"],\"articleSection\":[\"Municipios\",\"\u00daltima Hora\"],\"inLanguage\":\"es\",\"potentialAction\":[{\"@type\":\"CommentAction\",\"name\":\"Comment\",\"target\":[\"https:\/\/www.nexoinformativo.mx\/index.php\/2024\/10\/01\/felifer-macias-apuesta-por-la-seguridad-en-queretaro-con-nuevo-modelo-y-mas-recursos\/#respond\"]}]},{\"@type\":\"WebPage\",\"@id\":\"https:\/\/www.nexoinformativo.mx\/index.php\/2024\/10\/01\/felifer-macias-apuesta-por-la-seguridad-en-queretaro-con-nuevo-modelo-y-mas-recursos\/\",\"url\":\"https:\/\/www.nexoinformativo.mx\/index.php\/2024\/10\/01\/felifer-macias-apuesta-por-la-seguridad-en-queretaro-con-nuevo-modelo-y-mas-recursos\/\",\"name\":\"Felifer Mac\u00edas apuesta por la seguridad en Quer\u00e9taro con nuevo modelo y m\u00e1s recursos | Nexo Informativo Santiago de Quer\u00e9taro\",\"isPartOf\":{\"@id\":\"https:\/\/www.nexoinformativo.mx\/#website\"},\"primaryImageOfPage\":{\"@id\":\"https:\/\/www.nexoinformativo.mx\/index.php\/2024\/10\/01\/felifer-macias-apuesta-por-la-seguridad-en-queretaro-con-nuevo-modelo-y-mas-recursos\/#primaryimage\"},\"image\":{\"@id\":\"https:\/\/www.nexoinformativo.mx\/index.php\/2024\/10\/01\/felifer-macias-apuesta-por-la-seguridad-en-queretaro-con-nuevo-modelo-y-mas-recursos\/#primaryimage\"},\"thumbnailUrl\":\"https:\/\/www.nexoinformativo.mx\/wp-content\/uploads\/2024\/10\/PHOTO-2024-10-01-17-46-19-e1727828686602.jpg\",\"datePublished\":\"2024-10-02T00:00:30+00:00\",\"dateModified\":\"2024-10-07T01:10:13+00:00\",\"description\":\"Felifer Mac\u00edas apuesta por la seguridad en Quer\u00e9taro con nuevo modelo y m\u00e1s recursos\",\"breadcrumb\":{\"@id\":\"https:\/\/www.nexoinformativo.mx\/index.php\/2024\/10\/01\/felifer-macias-apuesta-por-la-seguridad-en-queretaro-con-nuevo-modelo-y-mas-recursos\/#breadcrumb\"},\"inLanguage\":\"es\",\"potentialAction\":[{\"@type\":\"ReadAction\",\"target\":[\"https:\/\/www.nexoinformativo.mx\/index.php\/2024\/10\/01\/felifer-macias-apuesta-por-la-seguridad-en-queretaro-con-nuevo-modelo-y-mas-recursos\/\"]}]},{\"@type\":\"ImageObject\",\"inLanguage\":\"es\",\"@id\":\"https:\/\/www.nexoinformativo.mx\/index.php\/2024\/10\/01\/felifer-macias-apuesta-por-la-seguridad-en-queretaro-con-nuevo-modelo-y-mas-recursos\/#primaryimage\",\"url\":\"https:\/\/www.nexoinformativo.mx\/wp-content\/uploads\/2024\/10\/PHOTO-2024-10-01-17-46-19-e1727828686602.jpg\",\"contentUrl\":\"https:\/\/www.nexoinformativo.mx\/wp-content\/uploads\/2024\/10\/PHOTO-2024-10-01-17-46-19-e1727828686602.jpg\",\"width\":800,\"height\":534},{\"@type\":\"BreadcrumbList\",\"@id\":\"https:\/\/www.nexoinformativo.mx\/index.php\/2024\/10\/01\/felifer-macias-apuesta-por-la-seguridad-en-queretaro-con-nuevo-modelo-y-mas-recursos\/#breadcrumb\",\"itemListElement\":[{\"@type\":\"ListItem\",\"position\":1,\"name\":\"Inicio\",\"item\":\"https:\/\/www.nexoinformativo.mx\/\"},{\"@type\":\"ListItem\",\"position\":2,\"name\":\"Felifer Mac\u00edas apuesta por la seguridad en Quer\u00e9taro con nuevo modelo y m\u00e1s recursos\"}]},{\"@type\":\"WebSite\",\"@id\":\"https:\/\/www.nexoinformativo.mx\/#website\",\"url\":\"https:\/\/www.nexoinformativo.mx\/\",\"name\":\"Nexo Informativo Santiago de Quer\u00e9taro\",\"description\":\"Explora NexoInformativo y convi\u00e9rtete en parte de una comunidad que valora el conocimiento y la verdad. Tu nexoinformativo es tu puente hacia una comprensi\u00f3n m\u00e1s profunda del mundo que te rodea.\",\"publisher\":{\"@id\":\"https:\/\/www.nexoinformativo.mx\/#organization\"},\"potentialAction\":[{\"@type\":\"SearchAction\",\"target\":{\"@type\":\"EntryPoint\",\"urlTemplate\":\"https:\/\/www.nexoinformativo.mx\/?s={search_term_string}\"},\"query-input\":{\"@type\":\"PropertyValueSpecification\",\"valueRequired\":true,\"valueName\":\"search_term_string\"}}],\"inLanguage\":\"es\"},{\"@type\":\"Organization\",\"@id\":\"https:\/\/www.nexoinformativo.mx\/#organization\",\"name\":\"Nexo Informativo Santiago de Quer\u00e9taro\",\"url\":\"https:\/\/www.nexoinformativo.mx\/\",\"logo\":{\"@type\":\"ImageObject\",\"inLanguage\":\"es\",\"@id\":\"https:\/\/www.nexoinformativo.mx\/#\/schema\/logo\/image\/\",\"url\":\"https:\/\/www.nexoinformativo.mx\/wp-content\/uploads\/2024\/07\/nexoi-trasparente-2.png\",\"contentUrl\":\"https:\/\/www.nexoinformativo.mx\/wp-content\/uploads\/2024\/07\/nexoi-trasparente-2.png\",\"width\":816,\"height\":339,\"caption\":\"Nexo Informativo Santiago de Quer\u00e9taro\"},\"image\":{\"@id\":\"https:\/\/www.nexoinformativo.mx\/#\/schema\/logo\/image\/\"},\"sameAs\":[\"https:\/\/www.facebook.com\/people\/Nexo-Informativo\/61564066885511\/\"]},{\"@type\":\"Person\",\"@id\":\"https:\/\/www.nexoinformativo.mx\/#\/schema\/person\/7749d380ba08c8ca00d7bc76fd907b7d\",\"name\":\"Nexo Informativo\",\"image\":{\"@type\":\"ImageObject\",\"inLanguage\":\"es\",\"@id\":\"https:\/\/www.nexoinformativo.mx\/#\/schema\/person\/image\/\",\"url\":\"https:\/\/secure.gravatar.com\/avatar\/dde2928154642a13d95f87ddf1ea9718fe2b46760a005c53e41ff5ad610704e6?s=96&d=mm&r=g\",\"contentUrl\":\"https:\/\/secure.gravatar.com\/avatar\/dde2928154642a13d95f87ddf1ea9718fe2b46760a005c53e41ff5ad610704e6?s=96&d=mm&r=g\",\"caption\":\"Nexo Informativo\"},\"url\":\"https:\/\/www.nexoinformativo.mx\/index.php\/author\/edicion\/\"}]}<\/script>\n<!-- \/ Yoast SEO plugin. -->","yoast_head_json":{"title":"Felifer Mac\u00edas apuesta por la seguridad en Quer\u00e9taro con nuevo modelo y m\u00e1s recursos | Nexo Informativo Santiago de Quer\u00e9taro","description":"Felifer Mac\u00edas apuesta por la seguridad en Quer\u00e9taro con nuevo modelo y m\u00e1s recursos","robots":{"index":"index","follow":"follow","max-snippet":"max-snippet:-1","max-image-preview":"max-image-preview:large","max-video-preview":"max-video-preview:-1"},"canonical":"https:\/\/www.nexoinformativo.mx\/index.php\/2024\/10\/01\/felifer-macias-apuesta-por-la-seguridad-en-queretaro-con-nuevo-modelo-y-mas-recursos\/","og_locale":"es_MX","og_type":"article","og_title":"Felifer Mac\u00edas apuesta por la seguridad en Quer\u00e9taro con nuevo modelo y m\u00e1s recursos | Nexo Informativo Santiago de Quer\u00e9taro","og_description":"Felifer Mac\u00edas apuesta por la seguridad en Quer\u00e9taro con nuevo modelo y m\u00e1s recursos","og_url":"https:\/\/www.nexoinformativo.mx\/index.php\/2024\/10\/01\/felifer-macias-apuesta-por-la-seguridad-en-queretaro-con-nuevo-modelo-y-mas-recursos\/","og_site_name":"Nexo Informativo Santiago de Quer\u00e9taro","article_publisher":"https:\/\/www.facebook.com\/people\/Nexo-Informativo\/61564066885511\/","article_published_time":"2024-10-02T00:00:30+00:00","article_modified_time":"2024-10-07T01:10:13+00:00","og_image":[{"width":800,"height":534,"url":"https:\/\/www.nexoinformativo.mx\/wp-content\/uploads\/2024\/10\/PHOTO-2024-10-01-17-46-19-e1727828686602.jpg","type":"image\/jpeg"}],"author":"Nexo Informativo","twitter_card":"summary_large_image","twitter_misc":{"Escrito por":"Nexo Informativo","Tiempo de lectura":"1 minuto"},"schema":{"@context":"https:\/\/schema.org","@graph":[{"@type":"Article","@id":"https:\/\/www.nexoinformativo.mx\/index.php\/2024\/10\/01\/felifer-macias-apuesta-por-la-seguridad-en-queretaro-con-nuevo-modelo-y-mas-recursos\/#article","isPartOf":{"@id":"https:\/\/www.nexoinformativo.mx\/index.php\/2024\/10\/01\/felifer-macias-apuesta-por-la-seguridad-en-queretaro-con-nuevo-modelo-y-mas-recursos\/"},"author":{"name":"Nexo Informativo","@id":"https:\/\/www.nexoinformativo.mx\/#\/schema\/person\/7749d380ba08c8ca00d7bc76fd907b7d"},"headline":"Felifer Mac\u00edas apuesta por la seguridad en Quer\u00e9taro con nuevo modelo y m\u00e1s recursos","datePublished":"2024-10-02T00:00:30+00:00","dateModified":"2024-10-07T01:10:13+00:00","mainEntityOfPage":{"@id":"https:\/\/www.nexoinformativo.mx\/index.php\/2024\/10\/01\/felifer-macias-apuesta-por-la-seguridad-en-queretaro-con-nuevo-modelo-y-mas-recursos\/"},"wordCount":201,"commentCount":0,"publisher":{"@id":"https:\/\/www.nexoinformativo.mx\/#organization"},"image":{"@id":"https:\/\/www.nexoinformativo.mx\/index.php\/2024\/10\/01\/felifer-macias-apuesta-por-la-seguridad-en-queretaro-con-nuevo-modelo-y-mas-recursos\/#primaryimage"},"thumbnailUrl":"https:\/\/www.nexoinformativo.mx\/wp-content\/uploads\/2024\/10\/PHOTO-2024-10-01-17-46-19-e1727828686602.jpg","keywords":["ConfianzaCiudadana","FeliferMac\u00edas","NuevoModeloSeguridad","SeguridadQueretaro"],"articleSection":["Municipios","\u00daltima Hora"],"inLanguage":"es","potentialAction":[{"@type":"CommentAction","name":"Comment","target":["https:\/\/www.nexoinformativo.mx\/index.php\/2024\/10\/01\/felifer-macias-apuesta-por-la-seguridad-en-queretaro-con-nuevo-modelo-y-mas-recursos\/#respond"]}]},{"@type":"WebPage","@id":"https:\/\/www.nexoinformativo.mx\/index.php\/2024\/10\/01\/felifer-macias-apuesta-por-la-seguridad-en-queretaro-con-nuevo-modelo-y-mas-recursos\/","url":"https:\/\/www.nexoinformativo.mx\/index.php\/2024\/10\/01\/felifer-macias-apuesta-por-la-seguridad-en-queretaro-con-nuevo-modelo-y-mas-recursos\/","name":"Felifer Mac\u00edas apuesta por la seguridad en Quer\u00e9taro con nuevo modelo y m\u00e1s recursos | Nexo Informativo Santiago de Quer\u00e9taro","isPartOf":{"@id":"https:\/\/www.nexoinformativo.mx\/#website"},"primaryImageOfPage":{"@id":"https:\/\/www.nexoinformativo.mx\/index.php\/2024\/10\/01\/felifer-macias-apuesta-por-la-seguridad-en-queretaro-con-nuevo-modelo-y-mas-recursos\/#primaryimage"},"image":{"@id":"https:\/\/www.nexoinformativo.mx\/index.php\/2024\/10\/01\/felifer-macias-apuesta-por-la-seguridad-en-queretaro-con-nuevo-modelo-y-mas-recursos\/#primaryimage"},"thumbnailUrl":"https:\/\/www.nexoinformativo.mx\/wp-content\/uploads\/2024\/10\/PHOTO-2024-10-01-17-46-19-e1727828686602.jpg","datePublished":"2024-10-02T00:00:30+00:00","dateModified":"2024-10-07T01:10:13+00:00","description":"Felifer Mac\u00edas apuesta por la seguridad en Quer\u00e9taro con nuevo modelo y m\u00e1s recursos","breadcrumb":{"@id":"https:\/\/www.nexoinformativo.mx\/index.php\/2024\/10\/01\/felifer-macias-apuesta-por-la-seguridad-en-queretaro-con-nuevo-modelo-y-mas-recursos\/#breadcrumb"},"inLanguage":"es","potentialAction":[{"@type":"ReadAction","target":["https:\/\/www.nexoinformativo.mx\/index.php\/2024\/10\/01\/felifer-macias-apuesta-por-la-seguridad-en-queretaro-con-nuevo-modelo-y-mas-recursos\/"]}]},{"@type":"ImageObject","inLanguage":"es","@id":"https:\/\/www.nexoinformativo.mx\/index.php\/2024\/10\/01\/felifer-macias-apuesta-por-la-seguridad-en-queretaro-con-nuevo-modelo-y-mas-recursos\/#primaryimage","url":"https:\/\/www.nexoinformativo.mx\/wp-content\/uploads\/2024\/10\/PHOTO-2024-10-01-17-46-19-e1727828686602.jpg","contentUrl":"https:\/\/www.nexoinformativo.mx\/wp-content\/uploads\/2024\/10\/PHOTO-2024-10-01-17-46-19-e1727828686602.jpg","width":800,"height":534},{"@type":"BreadcrumbList","@id":"https:\/\/www.nexoinformativo.mx\/index.php\/2024\/10\/01\/felifer-macias-apuesta-por-la-seguridad-en-queretaro-con-nuevo-modelo-y-mas-recursos\/#breadcrumb","itemListElement":[{"@type":"ListItem","position":1,"name":"Inicio","item":"https:\/\/www.nexoinformativo.mx\/"},{"@type":"ListItem","position":2,"name":"Felifer Mac\u00edas apuesta por la seguridad en Quer\u00e9taro con nuevo modelo y m\u00e1s recursos"}]},{"@type":"WebSite","@id":"https:\/\/www.nexoinformativo.mx\/#website","url":"https:\/\/www.nexoinformativo.mx\/","name":"Nexo Informativo Santiago de Quer\u00e9taro","description":"Explora NexoInformativo y convi\u00e9rtete en parte de una comunidad que valora el conocimiento y la verdad. Tu nexoinformativo es tu puente hacia una comprensi\u00f3n m\u00e1s profunda del mundo que te rodea.","publisher":{"@id":"https:\/\/www.nexoinformativo.mx\/#organization"},"potentialAction":[{"@type":"SearchAction","target":{"@type":"EntryPoint","urlTemplate":"https:\/\/www.nexoinformativo.mx\/?s={search_term_string}"},"query-input":{"@type":"PropertyValueSpecification","valueRequired":true,"valueName":"search_term_string"}}],"inLanguage":"es"},{"@type":"Organization","@id":"https:\/\/www.nexoinformativo.mx\/#organization","name":"Nexo Informativo Santiago de Quer\u00e9taro","url":"https:\/\/www.nexoinformativo.mx\/","logo":{"@type":"ImageObject","inLanguage":"es","@id":"https:\/\/www.nexoinformativo.mx\/#\/schema\/logo\/image\/","url":"https:\/\/www.nexoinformativo.mx\/wp-content\/uploads\/2024\/07\/nexoi-trasparente-2.png","contentUrl":"https:\/\/www.nexoinformativo.mx\/wp-content\/uploads\/2024\/07\/nexoi-trasparente-2.png","width":816,"height":339,"caption":"Nexo Informativo Santiago de Quer\u00e9taro"},"image":{"@id":"https:\/\/www.nexoinformativo.mx\/#\/schema\/logo\/image\/"},"sameAs":["https:\/\/www.facebook.com\/people\/Nexo-Informativo\/61564066885511\/"]},{"@type":"Person","@id":"https:\/\/www.nexoinformativo.mx\/#\/schema\/person\/7749d380ba08c8ca00d7bc76fd907b7d","name":"Nexo Informativo","image":{"@type":"ImageObject","inLanguage":"es","@id":"https:\/\/www.nexoinformativo.mx\/#\/schema\/person\/image\/","url":"https:\/\/secure.gravatar.com\/avatar\/dde2928154642a13d95f87ddf1ea9718fe2b46760a005c53e41ff5ad610704e6?s=96&d=mm&r=g","contentUrl":"https:\/\/secure.gravatar.com\/avatar\/dde2928154642a13d95f87ddf1ea9718fe2b46760a005c53e41ff5ad610704e6?s=96&d=mm&r=g","caption":"Nexo Informativo"},"url":"https:\/\/www.nexoinformativo.mx\/index.php\/author\/edicion\/"}]}},"_links":{"self":[{"href":"https:\/\/www.nexoinformativo.mx\/index.php\/wp-json\/wp\/v2\/posts\/2507","targetHints":{"allow":["GET"]}}],"collection":[{"href":"https:\/\/www.nexoinformativo.mx\/index.php\/wp-json\/wp\/v2\/posts"}],"about":[{"href":"https:\/\/www.nexoinformativo.mx\/index.php\/wp-json\/wp\/v2\/types\/post"}],"author":[{"embeddable":true,"href":"https:\/\/www.nexoinformativo.mx\/index.php\/wp-json\/wp\/v2\/users\/3"}],"replies":[{"embeddable":true,"href":"https:\/\/www.nexoinformativo.mx\/index.php\/wp-json\/wp\/v2\/comments?post=2507"}],"version-history":[{"count":4,"href":"https:\/\/www.nexoinformativo.mx\/index.php\/wp-json\/wp\/v2\/posts\/2507\/revisions"}],"predecessor-version":[{"id":2757,"href":"https:\/\/www.nexoinformativo.mx\/index.php\/wp-json\/wp\/v2\/posts\/2507\/revisions\/2757"}],"wp:featuredmedia":[{"embeddable":true,"href":"https:\/\/www.nexoinformativo.mx\/index.php\/wp-json\/wp\/v2\/media\/2509"}],"wp:attachment":[{"href":"https:\/\/www.nexoinformativo.mx\/index.php\/wp-json\/wp\/v2\/media?parent=2507"}],"wp:term":[{"taxonomy":"category","embeddable":true,"href":"https:\/\/www.nexoinformativo.mx\/index.php\/wp-json\/wp\/v2\/categories?post=2507"},{"taxonomy":"post_tag","embeddable":true,"href":"https:\/\/www.nexoinformativo.mx\/index.php\/wp-json\/wp\/v2\/tags?post=2507"}],"curies":[{"name":"wp","href":"https:\/\/api.w.org\/{rel}","templated":true}]}}