{"id":2513,"date":"2024-10-01T19:00:02","date_gmt":"2024-10-02T01:00:02","guid":{"rendered":"https:\/\/www.nexoinformativo.mx\/?p=2513"},"modified":"2024-10-06T19:09:47","modified_gmt":"2024-10-07T01:09:47","slug":"rescate-de-un-halcon-harris-en-juriquilla-queretaro-un-llamado-a-la-proteccion-de-especies","status":"publish","type":"post","link":"https:\/\/www.nexoinformativo.mx\/index.php\/2024\/10\/01\/rescate-de-un-halcon-harris-en-juriquilla-queretaro-un-llamado-a-la-proteccion-de-especies\/","title":{"rendered":"Rescate de un halc\u00f3n Harris en Juriquilla, Quer\u00e9taro: Un llamado a la protecci\u00f3n de especies"},"content":{"rendered":"<p style=\"text-align: justify;\">El pasado martes, personal de Rescate Animal del municipio de Quer\u00e9taro llev\u00f3 a cabo un exitoso operativo para salvar a un halc\u00f3n Harris (Parabuteo unicinctus) que se encontraba atrapado en la antena de una casa en Juriquilla, Quer\u00e9taro. La intervenci\u00f3n requiri\u00f3 precisi\u00f3n y cuidado, debido a la altura y la necesidad de no causar da\u00f1o al ave para su liberaci\u00f3n.<\/p>\n<p>&nbsp;<\/p>\n<p style=\"text-align: justify;\">Despu\u00e9s de ser rescatado, el halc\u00f3n fue evaluado por veterinarios que confirmaron su buen estado de salud. Durante la revisi\u00f3n, se encontr\u00f3 que el animal llevaba un anillo en su pata, lo que indica que posiblemente ten\u00eda un propietario.<\/p>\n<p>&nbsp;<\/p>\n<p style=\"text-align: justify;\">Esta especie, considerada en peligro de extinci\u00f3n por la Procuradur\u00eda Federal de Protecci\u00f3n al Ambiente <strong>(PROFEPA)<\/strong>, juega un papel crucial en la conservaci\u00f3n de la biodiversidad, con un rango de h\u00e1bitat que se extiende desde los Estados Unidos hasta Argentina y Chile.<\/p>\n<p>&nbsp;<\/p>\n<p style=\"text-align: justify;\">El rescate del halc\u00f3n Harris en Juriquilla es un recordatorio del valor de la colaboraci\u00f3n ciudadana y la pronta respuesta de los equipos de rescate, quienes lograron salvar al ave sin mayor complicaci\u00f3n. Este tipo de situaciones destaca la importancia de proteger a las especies que conviven en nuestros entornos urbanos y mantener un equilibrio en la coexistencia con la fauna.<\/p>\n<p>&nbsp;<\/p>\n<p>&nbsp;<\/p>\n<p style=\"text-align: center;\"><strong><em>\u00a1Informaci\u00f3n que transforma!<\/em><\/strong><\/p>\n","protected":false},"excerpt":{"rendered":"<p>El pasado martes, personal de Rescate Animal del municipio de Quer\u00e9taro llev\u00f3 a cabo un exitoso operativo para salvar a un halc\u00f3n Harris (Parabuteo unicinctus) que se encontraba atrapado en la antena de una casa en Juriquilla, Quer\u00e9taro.<\/p>\n","protected":false},"author":3,"featured_media":2514,"comment_status":"open","ping_status":"open","sticky":false,"template":"","format":"standard","meta":{"footnotes":""},"categories":[137,58],"tags":[1004,1005,1006,1003],"class_list":["post-2513","post","type-post","status-publish","format-standard","has-post-thumbnail","hentry","category-sucesos","category-ultima-hora","tag-conservacionbiodiversidad","tag-protegelafauna","tag-queretarosalvaalhalcon","tag-rescateanimal"],"yoast_head":"<!-- This site is optimized with the Yoast SEO plugin v25.0 - https:\/\/yoast.com\/wordpress\/plugins\/seo\/ -->\n<title>Rescate de un halc\u00f3n Harris en Juriquilla, Quer\u00e9taro: Un llamado a la protecci\u00f3n de especies | Nexo Informativo Santiago de Quer\u00e9taro<\/title>\n<meta name=\"description\" content=\"Rescate de un halc\u00f3n Harris en Juriquilla, Quer\u00e9taro: Un llamado a la protecci\u00f3n de especies\" \/>\n<meta name=\"robots\" content=\"index, follow, max-snippet:-1, max-image-preview:large, max-video-preview:-1\" \/>\n<link rel=\"canonical\" href=\"https:\/\/www.nexoinformativo.mx\/index.php\/2024\/10\/01\/rescate-de-un-halcon-harris-en-juriquilla-queretaro-un-llamado-a-la-proteccion-de-especies\/\" \/>\n<meta property=\"og:locale\" content=\"es_MX\" \/>\n<meta property=\"og:type\" content=\"article\" \/>\n<meta property=\"og:title\" content=\"Rescate de un halc\u00f3n Harris en Juriquilla, Quer\u00e9taro: Un llamado a la protecci\u00f3n de especies | Nexo Informativo Santiago de Quer\u00e9taro\" \/>\n<meta property=\"og:description\" content=\"Rescate de un halc\u00f3n Harris en Juriquilla, Quer\u00e9taro: Un llamado a la protecci\u00f3n de especies\" \/>\n<meta property=\"og:url\" content=\"https:\/\/www.nexoinformativo.mx\/index.php\/2024\/10\/01\/rescate-de-un-halcon-harris-en-juriquilla-queretaro-un-llamado-a-la-proteccion-de-especies\/\" \/>\n<meta property=\"og:site_name\" content=\"Nexo Informativo Santiago de Quer\u00e9taro\" \/>\n<meta property=\"article:publisher\" content=\"https:\/\/www.facebook.com\/people\/Nexo-Informativo\/61564066885511\/\" \/>\n<meta property=\"article:published_time\" content=\"2024-10-02T01:00:02+00:00\" \/>\n<meta property=\"article:modified_time\" content=\"2024-10-07T01:09:47+00:00\" \/>\n<meta property=\"og:image\" content=\"https:\/\/www.nexoinformativo.mx\/wp-content\/uploads\/2024\/10\/PHOTO-2024-10-01-19-44-02-e1727838922165.jpg\" \/>\n\t<meta property=\"og:image:width\" content=\"800\" \/>\n\t<meta property=\"og:image:height\" content=\"458\" \/>\n\t<meta property=\"og:image:type\" content=\"image\/jpeg\" \/>\n<meta name=\"author\" content=\"Nexo Informativo\" \/>\n<meta name=\"twitter:card\" content=\"summary_large_image\" \/>\n<meta name=\"twitter:label1\" content=\"Escrito por\" \/>\n\t<meta name=\"twitter:data1\" content=\"Nexo Informativo\" \/>\n\t<meta name=\"twitter:label2\" content=\"Tiempo de lectura\" \/>\n\t<meta name=\"twitter:data2\" content=\"2 minutos\" \/>\n<script type=\"application\/ld+json\" class=\"yoast-schema-graph\">{\"@context\":\"https:\/\/schema.org\",\"@graph\":[{\"@type\":\"Article\",\"@id\":\"https:\/\/www.nexoinformativo.mx\/index.php\/2024\/10\/01\/rescate-de-un-halcon-harris-en-juriquilla-queretaro-un-llamado-a-la-proteccion-de-especies\/#article\",\"isPartOf\":{\"@id\":\"https:\/\/www.nexoinformativo.mx\/index.php\/2024\/10\/01\/rescate-de-un-halcon-harris-en-juriquilla-queretaro-un-llamado-a-la-proteccion-de-especies\/\"},\"author\":{\"name\":\"Nexo Informativo\",\"@id\":\"https:\/\/www.nexoinformativo.mx\/#\/schema\/person\/7749d380ba08c8ca00d7bc76fd907b7d\"},\"headline\":\"Rescate de un halc\u00f3n Harris en Juriquilla, Quer\u00e9taro: Un llamado a la protecci\u00f3n de especies\",\"datePublished\":\"2024-10-02T01:00:02+00:00\",\"dateModified\":\"2024-10-07T01:09:47+00:00\",\"mainEntityOfPage\":{\"@id\":\"https:\/\/www.nexoinformativo.mx\/index.php\/2024\/10\/01\/rescate-de-un-halcon-harris-en-juriquilla-queretaro-un-llamado-a-la-proteccion-de-especies\/\"},\"wordCount\":248,\"commentCount\":0,\"publisher\":{\"@id\":\"https:\/\/www.nexoinformativo.mx\/#organization\"},\"image\":{\"@id\":\"https:\/\/www.nexoinformativo.mx\/index.php\/2024\/10\/01\/rescate-de-un-halcon-harris-en-juriquilla-queretaro-un-llamado-a-la-proteccion-de-especies\/#primaryimage\"},\"thumbnailUrl\":\"https:\/\/www.nexoinformativo.mx\/wp-content\/uploads\/2024\/10\/PHOTO-2024-10-01-19-44-02-e1727838922165.jpg\",\"keywords\":[\"Conservaci\u00f3nBiodiversidad\",\"ProtegeLaFauna\",\"Quer\u00e9taroSalvaAlHalc\u00f3n\",\"RescateAnimal\"],\"articleSection\":[\"Sucesos\",\"\u00daltima Hora\"],\"inLanguage\":\"es\",\"potentialAction\":[{\"@type\":\"CommentAction\",\"name\":\"Comment\",\"target\":[\"https:\/\/www.nexoinformativo.mx\/index.php\/2024\/10\/01\/rescate-de-un-halcon-harris-en-juriquilla-queretaro-un-llamado-a-la-proteccion-de-especies\/#respond\"]}]},{\"@type\":\"WebPage\",\"@id\":\"https:\/\/www.nexoinformativo.mx\/index.php\/2024\/10\/01\/rescate-de-un-halcon-harris-en-juriquilla-queretaro-un-llamado-a-la-proteccion-de-especies\/\",\"url\":\"https:\/\/www.nexoinformativo.mx\/index.php\/2024\/10\/01\/rescate-de-un-halcon-harris-en-juriquilla-queretaro-un-llamado-a-la-proteccion-de-especies\/\",\"name\":\"Rescate de un halc\u00f3n Harris en Juriquilla, Quer\u00e9taro: Un llamado a la protecci\u00f3n de especies | Nexo Informativo Santiago de Quer\u00e9taro\",\"isPartOf\":{\"@id\":\"https:\/\/www.nexoinformativo.mx\/#website\"},\"primaryImageOfPage\":{\"@id\":\"https:\/\/www.nexoinformativo.mx\/index.php\/2024\/10\/01\/rescate-de-un-halcon-harris-en-juriquilla-queretaro-un-llamado-a-la-proteccion-de-especies\/#primaryimage\"},\"image\":{\"@id\":\"https:\/\/www.nexoinformativo.mx\/index.php\/2024\/10\/01\/rescate-de-un-halcon-harris-en-juriquilla-queretaro-un-llamado-a-la-proteccion-de-especies\/#primaryimage\"},\"thumbnailUrl\":\"https:\/\/www.nexoinformativo.mx\/wp-content\/uploads\/2024\/10\/PHOTO-2024-10-01-19-44-02-e1727838922165.jpg\",\"datePublished\":\"2024-10-02T01:00:02+00:00\",\"dateModified\":\"2024-10-07T01:09:47+00:00\",\"description\":\"Rescate de un halc\u00f3n Harris en Juriquilla, Quer\u00e9taro: Un llamado a la protecci\u00f3n de especies\",\"breadcrumb\":{\"@id\":\"https:\/\/www.nexoinformativo.mx\/index.php\/2024\/10\/01\/rescate-de-un-halcon-harris-en-juriquilla-queretaro-un-llamado-a-la-proteccion-de-especies\/#breadcrumb\"},\"inLanguage\":\"es\",\"potentialAction\":[{\"@type\":\"ReadAction\",\"target\":[\"https:\/\/www.nexoinformativo.mx\/index.php\/2024\/10\/01\/rescate-de-un-halcon-harris-en-juriquilla-queretaro-un-llamado-a-la-proteccion-de-especies\/\"]}]},{\"@type\":\"ImageObject\",\"inLanguage\":\"es\",\"@id\":\"https:\/\/www.nexoinformativo.mx\/index.php\/2024\/10\/01\/rescate-de-un-halcon-harris-en-juriquilla-queretaro-un-llamado-a-la-proteccion-de-especies\/#primaryimage\",\"url\":\"https:\/\/www.nexoinformativo.mx\/wp-content\/uploads\/2024\/10\/PHOTO-2024-10-01-19-44-02-e1727838922165.jpg\",\"contentUrl\":\"https:\/\/www.nexoinformativo.mx\/wp-content\/uploads\/2024\/10\/PHOTO-2024-10-01-19-44-02-e1727838922165.jpg\",\"width\":800,\"height\":458},{\"@type\":\"BreadcrumbList\",\"@id\":\"https:\/\/www.nexoinformativo.mx\/index.php\/2024\/10\/01\/rescate-de-un-halcon-harris-en-juriquilla-queretaro-un-llamado-a-la-proteccion-de-especies\/#breadcrumb\",\"itemListElement\":[{\"@type\":\"ListItem\",\"position\":1,\"name\":\"Inicio\",\"item\":\"https:\/\/www.nexoinformativo.mx\/\"},{\"@type\":\"ListItem\",\"position\":2,\"name\":\"Rescate de un halc\u00f3n Harris en Juriquilla, Quer\u00e9taro: Un llamado a la protecci\u00f3n de especies\"}]},{\"@type\":\"WebSite\",\"@id\":\"https:\/\/www.nexoinformativo.mx\/#website\",\"url\":\"https:\/\/www.nexoinformativo.mx\/\",\"name\":\"Nexo Informativo Santiago de Quer\u00e9taro\",\"description\":\"Explora NexoInformativo y convi\u00e9rtete en parte de una comunidad que valora el conocimiento y la verdad. Tu nexoinformativo es tu puente hacia una comprensi\u00f3n m\u00e1s profunda del mundo que te rodea.\",\"publisher\":{\"@id\":\"https:\/\/www.nexoinformativo.mx\/#organization\"},\"potentialAction\":[{\"@type\":\"SearchAction\",\"target\":{\"@type\":\"EntryPoint\",\"urlTemplate\":\"https:\/\/www.nexoinformativo.mx\/?s={search_term_string}\"},\"query-input\":{\"@type\":\"PropertyValueSpecification\",\"valueRequired\":true,\"valueName\":\"search_term_string\"}}],\"inLanguage\":\"es\"},{\"@type\":\"Organization\",\"@id\":\"https:\/\/www.nexoinformativo.mx\/#organization\",\"name\":\"Nexo Informativo Santiago de Quer\u00e9taro\",\"url\":\"https:\/\/www.nexoinformativo.mx\/\",\"logo\":{\"@type\":\"ImageObject\",\"inLanguage\":\"es\",\"@id\":\"https:\/\/www.nexoinformativo.mx\/#\/schema\/logo\/image\/\",\"url\":\"https:\/\/www.nexoinformativo.mx\/wp-content\/uploads\/2024\/07\/nexoi-trasparente-2.png\",\"contentUrl\":\"https:\/\/www.nexoinformativo.mx\/wp-content\/uploads\/2024\/07\/nexoi-trasparente-2.png\",\"width\":816,\"height\":339,\"caption\":\"Nexo Informativo Santiago de Quer\u00e9taro\"},\"image\":{\"@id\":\"https:\/\/www.nexoinformativo.mx\/#\/schema\/logo\/image\/\"},\"sameAs\":[\"https:\/\/www.facebook.com\/people\/Nexo-Informativo\/61564066885511\/\"]},{\"@type\":\"Person\",\"@id\":\"https:\/\/www.nexoinformativo.mx\/#\/schema\/person\/7749d380ba08c8ca00d7bc76fd907b7d\",\"name\":\"Nexo Informativo\",\"image\":{\"@type\":\"ImageObject\",\"inLanguage\":\"es\",\"@id\":\"https:\/\/www.nexoinformativo.mx\/#\/schema\/person\/image\/\",\"url\":\"https:\/\/secure.gravatar.com\/avatar\/dde2928154642a13d95f87ddf1ea9718fe2b46760a005c53e41ff5ad610704e6?s=96&d=mm&r=g\",\"contentUrl\":\"https:\/\/secure.gravatar.com\/avatar\/dde2928154642a13d95f87ddf1ea9718fe2b46760a005c53e41ff5ad610704e6?s=96&d=mm&r=g\",\"caption\":\"Nexo Informativo\"},\"url\":\"https:\/\/www.nexoinformativo.mx\/index.php\/author\/edicion\/\"}]}<\/script>\n<!-- \/ Yoast SEO plugin. -->","yoast_head_json":{"title":"Rescate de un halc\u00f3n Harris en Juriquilla, Quer\u00e9taro: Un llamado a la protecci\u00f3n de especies | Nexo Informativo Santiago de Quer\u00e9taro","description":"Rescate de un halc\u00f3n Harris en Juriquilla, Quer\u00e9taro: Un llamado a la protecci\u00f3n de especies","robots":{"index":"index","follow":"follow","max-snippet":"max-snippet:-1","max-image-preview":"max-image-preview:large","max-video-preview":"max-video-preview:-1"},"canonical":"https:\/\/www.nexoinformativo.mx\/index.php\/2024\/10\/01\/rescate-de-un-halcon-harris-en-juriquilla-queretaro-un-llamado-a-la-proteccion-de-especies\/","og_locale":"es_MX","og_type":"article","og_title":"Rescate de un halc\u00f3n Harris en Juriquilla, Quer\u00e9taro: Un llamado a la protecci\u00f3n de especies | Nexo Informativo Santiago de Quer\u00e9taro","og_description":"Rescate de un halc\u00f3n Harris en Juriquilla, Quer\u00e9taro: Un llamado a la protecci\u00f3n de especies","og_url":"https:\/\/www.nexoinformativo.mx\/index.php\/2024\/10\/01\/rescate-de-un-halcon-harris-en-juriquilla-queretaro-un-llamado-a-la-proteccion-de-especies\/","og_site_name":"Nexo Informativo Santiago de Quer\u00e9taro","article_publisher":"https:\/\/www.facebook.com\/people\/Nexo-Informativo\/61564066885511\/","article_published_time":"2024-10-02T01:00:02+00:00","article_modified_time":"2024-10-07T01:09:47+00:00","og_image":[{"width":800,"height":458,"url":"https:\/\/www.nexoinformativo.mx\/wp-content\/uploads\/2024\/10\/PHOTO-2024-10-01-19-44-02-e1727838922165.jpg","type":"image\/jpeg"}],"author":"Nexo Informativo","twitter_card":"summary_large_image","twitter_misc":{"Escrito por":"Nexo Informativo","Tiempo de lectura":"2 minutos"},"schema":{"@context":"https:\/\/schema.org","@graph":[{"@type":"Article","@id":"https:\/\/www.nexoinformativo.mx\/index.php\/2024\/10\/01\/rescate-de-un-halcon-harris-en-juriquilla-queretaro-un-llamado-a-la-proteccion-de-especies\/#article","isPartOf":{"@id":"https:\/\/www.nexoinformativo.mx\/index.php\/2024\/10\/01\/rescate-de-un-halcon-harris-en-juriquilla-queretaro-un-llamado-a-la-proteccion-de-especies\/"},"author":{"name":"Nexo Informativo","@id":"https:\/\/www.nexoinformativo.mx\/#\/schema\/person\/7749d380ba08c8ca00d7bc76fd907b7d"},"headline":"Rescate de un halc\u00f3n Harris en Juriquilla, Quer\u00e9taro: Un llamado a la protecci\u00f3n de especies","datePublished":"2024-10-02T01:00:02+00:00","dateModified":"2024-10-07T01:09:47+00:00","mainEntityOfPage":{"@id":"https:\/\/www.nexoinformativo.mx\/index.php\/2024\/10\/01\/rescate-de-un-halcon-harris-en-juriquilla-queretaro-un-llamado-a-la-proteccion-de-especies\/"},"wordCount":248,"commentCount":0,"publisher":{"@id":"https:\/\/www.nexoinformativo.mx\/#organization"},"image":{"@id":"https:\/\/www.nexoinformativo.mx\/index.php\/2024\/10\/01\/rescate-de-un-halcon-harris-en-juriquilla-queretaro-un-llamado-a-la-proteccion-de-especies\/#primaryimage"},"thumbnailUrl":"https:\/\/www.nexoinformativo.mx\/wp-content\/uploads\/2024\/10\/PHOTO-2024-10-01-19-44-02-e1727838922165.jpg","keywords":["Conservaci\u00f3nBiodiversidad","ProtegeLaFauna","Quer\u00e9taroSalvaAlHalc\u00f3n","RescateAnimal"],"articleSection":["Sucesos","\u00daltima Hora"],"inLanguage":"es","potentialAction":[{"@type":"CommentAction","name":"Comment","target":["https:\/\/www.nexoinformativo.mx\/index.php\/2024\/10\/01\/rescate-de-un-halcon-harris-en-juriquilla-queretaro-un-llamado-a-la-proteccion-de-especies\/#respond"]}]},{"@type":"WebPage","@id":"https:\/\/www.nexoinformativo.mx\/index.php\/2024\/10\/01\/rescate-de-un-halcon-harris-en-juriquilla-queretaro-un-llamado-a-la-proteccion-de-especies\/","url":"https:\/\/www.nexoinformativo.mx\/index.php\/2024\/10\/01\/rescate-de-un-halcon-harris-en-juriquilla-queretaro-un-llamado-a-la-proteccion-de-especies\/","name":"Rescate de un halc\u00f3n Harris en Juriquilla, Quer\u00e9taro: Un llamado a la protecci\u00f3n de especies | Nexo Informativo Santiago de Quer\u00e9taro","isPartOf":{"@id":"https:\/\/www.nexoinformativo.mx\/#website"},"primaryImageOfPage":{"@id":"https:\/\/www.nexoinformativo.mx\/index.php\/2024\/10\/01\/rescate-de-un-halcon-harris-en-juriquilla-queretaro-un-llamado-a-la-proteccion-de-especies\/#primaryimage"},"image":{"@id":"https:\/\/www.nexoinformativo.mx\/index.php\/2024\/10\/01\/rescate-de-un-halcon-harris-en-juriquilla-queretaro-un-llamado-a-la-proteccion-de-especies\/#primaryimage"},"thumbnailUrl":"https:\/\/www.nexoinformativo.mx\/wp-content\/uploads\/2024\/10\/PHOTO-2024-10-01-19-44-02-e1727838922165.jpg","datePublished":"2024-10-02T01:00:02+00:00","dateModified":"2024-10-07T01:09:47+00:00","description":"Rescate de un halc\u00f3n Harris en Juriquilla, Quer\u00e9taro: Un llamado a la protecci\u00f3n de especies","breadcrumb":{"@id":"https:\/\/www.nexoinformativo.mx\/index.php\/2024\/10\/01\/rescate-de-un-halcon-harris-en-juriquilla-queretaro-un-llamado-a-la-proteccion-de-especies\/#breadcrumb"},"inLanguage":"es","potentialAction":[{"@type":"ReadAction","target":["https:\/\/www.nexoinformativo.mx\/index.php\/2024\/10\/01\/rescate-de-un-halcon-harris-en-juriquilla-queretaro-un-llamado-a-la-proteccion-de-especies\/"]}]},{"@type":"ImageObject","inLanguage":"es","@id":"https:\/\/www.nexoinformativo.mx\/index.php\/2024\/10\/01\/rescate-de-un-halcon-harris-en-juriquilla-queretaro-un-llamado-a-la-proteccion-de-especies\/#primaryimage","url":"https:\/\/www.nexoinformativo.mx\/wp-content\/uploads\/2024\/10\/PHOTO-2024-10-01-19-44-02-e1727838922165.jpg","contentUrl":"https:\/\/www.nexoinformativo.mx\/wp-content\/uploads\/2024\/10\/PHOTO-2024-10-01-19-44-02-e1727838922165.jpg","width":800,"height":458},{"@type":"BreadcrumbList","@id":"https:\/\/www.nexoinformativo.mx\/index.php\/2024\/10\/01\/rescate-de-un-halcon-harris-en-juriquilla-queretaro-un-llamado-a-la-proteccion-de-especies\/#breadcrumb","itemListElement":[{"@type":"ListItem","position":1,"name":"Inicio","item":"https:\/\/www.nexoinformativo.mx\/"},{"@type":"ListItem","position":2,"name":"Rescate de un halc\u00f3n Harris en Juriquilla, Quer\u00e9taro: Un llamado a la protecci\u00f3n de especies"}]},{"@type":"WebSite","@id":"https:\/\/www.nexoinformativo.mx\/#website","url":"https:\/\/www.nexoinformativo.mx\/","name":"Nexo Informativo Santiago de Quer\u00e9taro","description":"Explora NexoInformativo y convi\u00e9rtete en parte de una comunidad que valora el conocimiento y la verdad. Tu nexoinformativo es tu puente hacia una comprensi\u00f3n m\u00e1s profunda del mundo que te rodea.","publisher":{"@id":"https:\/\/www.nexoinformativo.mx\/#organization"},"potentialAction":[{"@type":"SearchAction","target":{"@type":"EntryPoint","urlTemplate":"https:\/\/www.nexoinformativo.mx\/?s={search_term_string}"},"query-input":{"@type":"PropertyValueSpecification","valueRequired":true,"valueName":"search_term_string"}}],"inLanguage":"es"},{"@type":"Organization","@id":"https:\/\/www.nexoinformativo.mx\/#organization","name":"Nexo Informativo Santiago de Quer\u00e9taro","url":"https:\/\/www.nexoinformativo.mx\/","logo":{"@type":"ImageObject","inLanguage":"es","@id":"https:\/\/www.nexoinformativo.mx\/#\/schema\/logo\/image\/","url":"https:\/\/www.nexoinformativo.mx\/wp-content\/uploads\/2024\/07\/nexoi-trasparente-2.png","contentUrl":"https:\/\/www.nexoinformativo.mx\/wp-content\/uploads\/2024\/07\/nexoi-trasparente-2.png","width":816,"height":339,"caption":"Nexo Informativo Santiago de Quer\u00e9taro"},"image":{"@id":"https:\/\/www.nexoinformativo.mx\/#\/schema\/logo\/image\/"},"sameAs":["https:\/\/www.facebook.com\/people\/Nexo-Informativo\/61564066885511\/"]},{"@type":"Person","@id":"https:\/\/www.nexoinformativo.mx\/#\/schema\/person\/7749d380ba08c8ca00d7bc76fd907b7d","name":"Nexo Informativo","image":{"@type":"ImageObject","inLanguage":"es","@id":"https:\/\/www.nexoinformativo.mx\/#\/schema\/person\/image\/","url":"https:\/\/secure.gravatar.com\/avatar\/dde2928154642a13d95f87ddf1ea9718fe2b46760a005c53e41ff5ad610704e6?s=96&d=mm&r=g","contentUrl":"https:\/\/secure.gravatar.com\/avatar\/dde2928154642a13d95f87ddf1ea9718fe2b46760a005c53e41ff5ad610704e6?s=96&d=mm&r=g","caption":"Nexo Informativo"},"url":"https:\/\/www.nexoinformativo.mx\/index.php\/author\/edicion\/"}]}},"_links":{"self":[{"href":"https:\/\/www.nexoinformativo.mx\/index.php\/wp-json\/wp\/v2\/posts\/2513","targetHints":{"allow":["GET"]}}],"collection":[{"href":"https:\/\/www.nexoinformativo.mx\/index.php\/wp-json\/wp\/v2\/posts"}],"about":[{"href":"https:\/\/www.nexoinformativo.mx\/index.php\/wp-json\/wp\/v2\/types\/post"}],"author":[{"embeddable":true,"href":"https:\/\/www.nexoinformativo.mx\/index.php\/wp-json\/wp\/v2\/users\/3"}],"replies":[{"embeddable":true,"href":"https:\/\/www.nexoinformativo.mx\/index.php\/wp-json\/wp\/v2\/comments?post=2513"}],"version-history":[{"count":3,"href":"https:\/\/www.nexoinformativo.mx\/index.php\/wp-json\/wp\/v2\/posts\/2513\/revisions"}],"predecessor-version":[{"id":2756,"href":"https:\/\/www.nexoinformativo.mx\/index.php\/wp-json\/wp\/v2\/posts\/2513\/revisions\/2756"}],"wp:featuredmedia":[{"embeddable":true,"href":"https:\/\/www.nexoinformativo.mx\/index.php\/wp-json\/wp\/v2\/media\/2514"}],"wp:attachment":[{"href":"https:\/\/www.nexoinformativo.mx\/index.php\/wp-json\/wp\/v2\/media?parent=2513"}],"wp:term":[{"taxonomy":"category","embeddable":true,"href":"https:\/\/www.nexoinformativo.mx\/index.php\/wp-json\/wp\/v2\/categories?post=2513"},{"taxonomy":"post_tag","embeddable":true,"href":"https:\/\/www.nexoinformativo.mx\/index.php\/wp-json\/wp\/v2\/tags?post=2513"}],"curies":[{"name":"wp","href":"https:\/\/api.w.org\/{rel}","templated":true}]}}