{"id":2518,"date":"2024-10-02T10:00:30","date_gmt":"2024-10-02T16:00:30","guid":{"rendered":"https:\/\/www.nexoinformativo.mx\/?p=2518"},"modified":"2024-10-02T12:48:39","modified_gmt":"2024-10-02T18:48:39","slug":"accidente-de-autobus-en-carretera-federal-500-deja-un-fallecido-y-multiples-heridos-en-queretaro","status":"publish","type":"post","link":"https:\/\/www.nexoinformativo.mx\/index.php\/2024\/10\/02\/accidente-de-autobus-en-carretera-federal-500-deja-un-fallecido-y-multiples-heridos-en-queretaro\/","title":{"rendered":"Accidente de autob\u00fas en carretera federal 500 deja un fallecido y m\u00faltiples heridos en Quer\u00e9taro"},"content":{"rendered":"<p style=\"text-align: justify;\">Un tr\u00e1gico accidente vehicular ocurrido en la carretera federal 500 dej\u00f3 como saldo una persona fallecida y varios heridos, seg\u00fan inform\u00f3 el titular de la Coordinaci\u00f3n de Protecci\u00f3n Civil del Estado de Quer\u00e9taro. El incidente involucr\u00f3 un autob\u00fas de pasajeros, al intentar realizar un rebase, colision\u00f3 con un tr\u00e1iler.<\/p>\n<p>&nbsp;<\/p>\n<p style=\"text-align: justify;\">En el lugar de los hechos, se confirm\u00f3 el fallecimiento de una persona. Adem\u00e1s, tres pasajeros fueron trasladados a hospitales en estado grave, mientras que 22 personas resultaron con lesiones leves que no ameritaron traslado. Otros 12 heridos tambi\u00e9n fueron llevados a hospitales cercanos para su atenci\u00f3n m\u00e9dica.<\/p>\n<p>&nbsp;<\/p>\n<p style=\"text-align: justify;\">Las autoridades han se\u00f1alado que, gracias a la pronta intervenci\u00f3n de los servicios de emergencia, la vialidad ha sido pr\u00e1cticamente liberada y el tr\u00e1fico comienza a restablecerse.<\/p>\n<p>&nbsp;<\/p>\n<p style=\"text-align: justify;\">Este lamentable incidente pone de relieve la importancia de extremar precauciones al manejar en carreteras, especialmente en maniobras como el rebase, para evitar tragedias como esta.<\/p>\n","protected":false},"excerpt":{"rendered":"<p>Un tr\u00e1gico accidente vehicular ocurrido en la carretera federal 500 dej\u00f3 como saldo una persona fallecida y varios heridos, seg\u00fan inform\u00f3 el titular de la Coordinaci\u00f3n de Protecci\u00f3n Civil del Estado de Quer\u00e9taro.<\/p>\n","protected":false},"author":3,"featured_media":2519,"comment_status":"open","ping_status":"open","sticky":false,"template":"","format":"standard","meta":{"footnotes":""},"categories":[137,58],"tags":[369,711,154,151],"class_list":["post-2518","post","type-post","status-publish","format-standard","has-post-thumbnail","hentry","category-sucesos","category-ultima-hora","tag-accidentequeretaro","tag-precaucionencarretera","tag-proteccioncivil","tag-seguridadvial"],"yoast_head":"<!-- This site is optimized with the Yoast SEO plugin v25.0 - https:\/\/yoast.com\/wordpress\/plugins\/seo\/ -->\n<title>Accidente de autob\u00fas en carretera federal 500 deja un fallecido y m\u00faltiples heridos en Quer\u00e9taro | Nexo Informativo Santiago de Quer\u00e9taro<\/title>\n<meta name=\"description\" content=\"Accidente de autob\u00fas en carretera federal 500 deja un fallecido y m\u00faltiples heridos en Quer\u00e9taro\" \/>\n<meta name=\"robots\" content=\"index, follow, max-snippet:-1, max-image-preview:large, max-video-preview:-1\" \/>\n<link rel=\"canonical\" href=\"https:\/\/www.nexoinformativo.mx\/index.php\/2024\/10\/02\/accidente-de-autobus-en-carretera-federal-500-deja-un-fallecido-y-multiples-heridos-en-queretaro\/\" \/>\n<meta property=\"og:locale\" content=\"es_MX\" \/>\n<meta property=\"og:type\" content=\"article\" \/>\n<meta property=\"og:title\" content=\"Accidente de autob\u00fas en carretera federal 500 deja un fallecido y m\u00faltiples heridos en Quer\u00e9taro | Nexo Informativo Santiago de Quer\u00e9taro\" \/>\n<meta property=\"og:description\" content=\"Accidente de autob\u00fas en carretera federal 500 deja un fallecido y m\u00faltiples heridos en Quer\u00e9taro\" \/>\n<meta property=\"og:url\" content=\"https:\/\/www.nexoinformativo.mx\/index.php\/2024\/10\/02\/accidente-de-autobus-en-carretera-federal-500-deja-un-fallecido-y-multiples-heridos-en-queretaro\/\" \/>\n<meta property=\"og:site_name\" content=\"Nexo Informativo Santiago de Quer\u00e9taro\" \/>\n<meta property=\"article:publisher\" content=\"https:\/\/www.facebook.com\/people\/Nexo-Informativo\/61564066885511\/\" \/>\n<meta property=\"article:published_time\" content=\"2024-10-02T16:00:30+00:00\" \/>\n<meta property=\"article:modified_time\" content=\"2024-10-02T18:48:39+00:00\" \/>\n<meta property=\"og:image\" content=\"https:\/\/www.nexoinformativo.mx\/wp-content\/uploads\/2024\/10\/PHOTO-2024-10-02-12-09-37-e1727894781317.jpg\" \/>\n\t<meta property=\"og:image:width\" content=\"800\" \/>\n\t<meta property=\"og:image:height\" content=\"600\" \/>\n\t<meta property=\"og:image:type\" content=\"image\/jpeg\" \/>\n<meta name=\"author\" content=\"Nexo Informativo\" \/>\n<meta name=\"twitter:card\" content=\"summary_large_image\" \/>\n<meta name=\"twitter:label1\" content=\"Escrito por\" \/>\n\t<meta name=\"twitter:data1\" content=\"Nexo Informativo\" \/>\n\t<meta name=\"twitter:label2\" content=\"Tiempo de lectura\" \/>\n\t<meta name=\"twitter:data2\" content=\"1 minuto\" \/>\n<script type=\"application\/ld+json\" class=\"yoast-schema-graph\">{\"@context\":\"https:\/\/schema.org\",\"@graph\":[{\"@type\":\"Article\",\"@id\":\"https:\/\/www.nexoinformativo.mx\/index.php\/2024\/10\/02\/accidente-de-autobus-en-carretera-federal-500-deja-un-fallecido-y-multiples-heridos-en-queretaro\/#article\",\"isPartOf\":{\"@id\":\"https:\/\/www.nexoinformativo.mx\/index.php\/2024\/10\/02\/accidente-de-autobus-en-carretera-federal-500-deja-un-fallecido-y-multiples-heridos-en-queretaro\/\"},\"author\":{\"name\":\"Nexo Informativo\",\"@id\":\"https:\/\/www.nexoinformativo.mx\/#\/schema\/person\/7749d380ba08c8ca00d7bc76fd907b7d\"},\"headline\":\"Accidente de autob\u00fas en carretera federal 500 deja un fallecido y m\u00faltiples heridos en Quer\u00e9taro\",\"datePublished\":\"2024-10-02T16:00:30+00:00\",\"dateModified\":\"2024-10-02T18:48:39+00:00\",\"mainEntityOfPage\":{\"@id\":\"https:\/\/www.nexoinformativo.mx\/index.php\/2024\/10\/02\/accidente-de-autobus-en-carretera-federal-500-deja-un-fallecido-y-multiples-heridos-en-queretaro\/\"},\"wordCount\":182,\"commentCount\":0,\"publisher\":{\"@id\":\"https:\/\/www.nexoinformativo.mx\/#organization\"},\"image\":{\"@id\":\"https:\/\/www.nexoinformativo.mx\/index.php\/2024\/10\/02\/accidente-de-autobus-en-carretera-federal-500-deja-un-fallecido-y-multiples-heridos-en-queretaro\/#primaryimage\"},\"thumbnailUrl\":\"https:\/\/www.nexoinformativo.mx\/wp-content\/uploads\/2024\/10\/PHOTO-2024-10-02-12-09-37-e1727894781317.jpg\",\"keywords\":[\"AccidenteQuer\u00e9taro\",\"Precauci\u00f3nEnCarretera\",\"proteccioncivil\",\"seguridadvial\"],\"articleSection\":[\"Sucesos\",\"\u00daltima Hora\"],\"inLanguage\":\"es\",\"potentialAction\":[{\"@type\":\"CommentAction\",\"name\":\"Comment\",\"target\":[\"https:\/\/www.nexoinformativo.mx\/index.php\/2024\/10\/02\/accidente-de-autobus-en-carretera-federal-500-deja-un-fallecido-y-multiples-heridos-en-queretaro\/#respond\"]}]},{\"@type\":\"WebPage\",\"@id\":\"https:\/\/www.nexoinformativo.mx\/index.php\/2024\/10\/02\/accidente-de-autobus-en-carretera-federal-500-deja-un-fallecido-y-multiples-heridos-en-queretaro\/\",\"url\":\"https:\/\/www.nexoinformativo.mx\/index.php\/2024\/10\/02\/accidente-de-autobus-en-carretera-federal-500-deja-un-fallecido-y-multiples-heridos-en-queretaro\/\",\"name\":\"Accidente de autob\u00fas en carretera federal 500 deja un fallecido y m\u00faltiples heridos en Quer\u00e9taro | Nexo Informativo Santiago de Quer\u00e9taro\",\"isPartOf\":{\"@id\":\"https:\/\/www.nexoinformativo.mx\/#website\"},\"primaryImageOfPage\":{\"@id\":\"https:\/\/www.nexoinformativo.mx\/index.php\/2024\/10\/02\/accidente-de-autobus-en-carretera-federal-500-deja-un-fallecido-y-multiples-heridos-en-queretaro\/#primaryimage\"},\"image\":{\"@id\":\"https:\/\/www.nexoinformativo.mx\/index.php\/2024\/10\/02\/accidente-de-autobus-en-carretera-federal-500-deja-un-fallecido-y-multiples-heridos-en-queretaro\/#primaryimage\"},\"thumbnailUrl\":\"https:\/\/www.nexoinformativo.mx\/wp-content\/uploads\/2024\/10\/PHOTO-2024-10-02-12-09-37-e1727894781317.jpg\",\"datePublished\":\"2024-10-02T16:00:30+00:00\",\"dateModified\":\"2024-10-02T18:48:39+00:00\",\"description\":\"Accidente de autob\u00fas en carretera federal 500 deja un fallecido y m\u00faltiples heridos en Quer\u00e9taro\",\"breadcrumb\":{\"@id\":\"https:\/\/www.nexoinformativo.mx\/index.php\/2024\/10\/02\/accidente-de-autobus-en-carretera-federal-500-deja-un-fallecido-y-multiples-heridos-en-queretaro\/#breadcrumb\"},\"inLanguage\":\"es\",\"potentialAction\":[{\"@type\":\"ReadAction\",\"target\":[\"https:\/\/www.nexoinformativo.mx\/index.php\/2024\/10\/02\/accidente-de-autobus-en-carretera-federal-500-deja-un-fallecido-y-multiples-heridos-en-queretaro\/\"]}]},{\"@type\":\"ImageObject\",\"inLanguage\":\"es\",\"@id\":\"https:\/\/www.nexoinformativo.mx\/index.php\/2024\/10\/02\/accidente-de-autobus-en-carretera-federal-500-deja-un-fallecido-y-multiples-heridos-en-queretaro\/#primaryimage\",\"url\":\"https:\/\/www.nexoinformativo.mx\/wp-content\/uploads\/2024\/10\/PHOTO-2024-10-02-12-09-37-e1727894781317.jpg\",\"contentUrl\":\"https:\/\/www.nexoinformativo.mx\/wp-content\/uploads\/2024\/10\/PHOTO-2024-10-02-12-09-37-e1727894781317.jpg\",\"width\":800,\"height\":600},{\"@type\":\"BreadcrumbList\",\"@id\":\"https:\/\/www.nexoinformativo.mx\/index.php\/2024\/10\/02\/accidente-de-autobus-en-carretera-federal-500-deja-un-fallecido-y-multiples-heridos-en-queretaro\/#breadcrumb\",\"itemListElement\":[{\"@type\":\"ListItem\",\"position\":1,\"name\":\"Inicio\",\"item\":\"https:\/\/www.nexoinformativo.mx\/\"},{\"@type\":\"ListItem\",\"position\":2,\"name\":\"Accidente de autob\u00fas en carretera federal 500 deja un fallecido y m\u00faltiples heridos en Quer\u00e9taro\"}]},{\"@type\":\"WebSite\",\"@id\":\"https:\/\/www.nexoinformativo.mx\/#website\",\"url\":\"https:\/\/www.nexoinformativo.mx\/\",\"name\":\"Nexo Informativo Santiago de Quer\u00e9taro\",\"description\":\"Explora NexoInformativo y convi\u00e9rtete en parte de una comunidad que valora el conocimiento y la verdad. Tu nexoinformativo es tu puente hacia una comprensi\u00f3n m\u00e1s profunda del mundo que te rodea.\",\"publisher\":{\"@id\":\"https:\/\/www.nexoinformativo.mx\/#organization\"},\"potentialAction\":[{\"@type\":\"SearchAction\",\"target\":{\"@type\":\"EntryPoint\",\"urlTemplate\":\"https:\/\/www.nexoinformativo.mx\/?s={search_term_string}\"},\"query-input\":{\"@type\":\"PropertyValueSpecification\",\"valueRequired\":true,\"valueName\":\"search_term_string\"}}],\"inLanguage\":\"es\"},{\"@type\":\"Organization\",\"@id\":\"https:\/\/www.nexoinformativo.mx\/#organization\",\"name\":\"Nexo Informativo Santiago de Quer\u00e9taro\",\"url\":\"https:\/\/www.nexoinformativo.mx\/\",\"logo\":{\"@type\":\"ImageObject\",\"inLanguage\":\"es\",\"@id\":\"https:\/\/www.nexoinformativo.mx\/#\/schema\/logo\/image\/\",\"url\":\"https:\/\/www.nexoinformativo.mx\/wp-content\/uploads\/2024\/07\/nexoi-trasparente-2.png\",\"contentUrl\":\"https:\/\/www.nexoinformativo.mx\/wp-content\/uploads\/2024\/07\/nexoi-trasparente-2.png\",\"width\":816,\"height\":339,\"caption\":\"Nexo Informativo Santiago de Quer\u00e9taro\"},\"image\":{\"@id\":\"https:\/\/www.nexoinformativo.mx\/#\/schema\/logo\/image\/\"},\"sameAs\":[\"https:\/\/www.facebook.com\/people\/Nexo-Informativo\/61564066885511\/\"]},{\"@type\":\"Person\",\"@id\":\"https:\/\/www.nexoinformativo.mx\/#\/schema\/person\/7749d380ba08c8ca00d7bc76fd907b7d\",\"name\":\"Nexo Informativo\",\"image\":{\"@type\":\"ImageObject\",\"inLanguage\":\"es\",\"@id\":\"https:\/\/www.nexoinformativo.mx\/#\/schema\/person\/image\/\",\"url\":\"https:\/\/secure.gravatar.com\/avatar\/dde2928154642a13d95f87ddf1ea9718fe2b46760a005c53e41ff5ad610704e6?s=96&d=mm&r=g\",\"contentUrl\":\"https:\/\/secure.gravatar.com\/avatar\/dde2928154642a13d95f87ddf1ea9718fe2b46760a005c53e41ff5ad610704e6?s=96&d=mm&r=g\",\"caption\":\"Nexo Informativo\"},\"url\":\"https:\/\/www.nexoinformativo.mx\/index.php\/author\/edicion\/\"}]}<\/script>\n<!-- \/ Yoast SEO plugin. -->","yoast_head_json":{"title":"Accidente de autob\u00fas en carretera federal 500 deja un fallecido y m\u00faltiples heridos en Quer\u00e9taro | Nexo Informativo Santiago de Quer\u00e9taro","description":"Accidente de autob\u00fas en carretera federal 500 deja un fallecido y m\u00faltiples heridos en Quer\u00e9taro","robots":{"index":"index","follow":"follow","max-snippet":"max-snippet:-1","max-image-preview":"max-image-preview:large","max-video-preview":"max-video-preview:-1"},"canonical":"https:\/\/www.nexoinformativo.mx\/index.php\/2024\/10\/02\/accidente-de-autobus-en-carretera-federal-500-deja-un-fallecido-y-multiples-heridos-en-queretaro\/","og_locale":"es_MX","og_type":"article","og_title":"Accidente de autob\u00fas en carretera federal 500 deja un fallecido y m\u00faltiples heridos en Quer\u00e9taro | Nexo Informativo Santiago de Quer\u00e9taro","og_description":"Accidente de autob\u00fas en carretera federal 500 deja un fallecido y m\u00faltiples heridos en Quer\u00e9taro","og_url":"https:\/\/www.nexoinformativo.mx\/index.php\/2024\/10\/02\/accidente-de-autobus-en-carretera-federal-500-deja-un-fallecido-y-multiples-heridos-en-queretaro\/","og_site_name":"Nexo Informativo Santiago de Quer\u00e9taro","article_publisher":"https:\/\/www.facebook.com\/people\/Nexo-Informativo\/61564066885511\/","article_published_time":"2024-10-02T16:00:30+00:00","article_modified_time":"2024-10-02T18:48:39+00:00","og_image":[{"width":800,"height":600,"url":"https:\/\/www.nexoinformativo.mx\/wp-content\/uploads\/2024\/10\/PHOTO-2024-10-02-12-09-37-e1727894781317.jpg","type":"image\/jpeg"}],"author":"Nexo Informativo","twitter_card":"summary_large_image","twitter_misc":{"Escrito por":"Nexo Informativo","Tiempo de lectura":"1 minuto"},"schema":{"@context":"https:\/\/schema.org","@graph":[{"@type":"Article","@id":"https:\/\/www.nexoinformativo.mx\/index.php\/2024\/10\/02\/accidente-de-autobus-en-carretera-federal-500-deja-un-fallecido-y-multiples-heridos-en-queretaro\/#article","isPartOf":{"@id":"https:\/\/www.nexoinformativo.mx\/index.php\/2024\/10\/02\/accidente-de-autobus-en-carretera-federal-500-deja-un-fallecido-y-multiples-heridos-en-queretaro\/"},"author":{"name":"Nexo Informativo","@id":"https:\/\/www.nexoinformativo.mx\/#\/schema\/person\/7749d380ba08c8ca00d7bc76fd907b7d"},"headline":"Accidente de autob\u00fas en carretera federal 500 deja un fallecido y m\u00faltiples heridos en Quer\u00e9taro","datePublished":"2024-10-02T16:00:30+00:00","dateModified":"2024-10-02T18:48:39+00:00","mainEntityOfPage":{"@id":"https:\/\/www.nexoinformativo.mx\/index.php\/2024\/10\/02\/accidente-de-autobus-en-carretera-federal-500-deja-un-fallecido-y-multiples-heridos-en-queretaro\/"},"wordCount":182,"commentCount":0,"publisher":{"@id":"https:\/\/www.nexoinformativo.mx\/#organization"},"image":{"@id":"https:\/\/www.nexoinformativo.mx\/index.php\/2024\/10\/02\/accidente-de-autobus-en-carretera-federal-500-deja-un-fallecido-y-multiples-heridos-en-queretaro\/#primaryimage"},"thumbnailUrl":"https:\/\/www.nexoinformativo.mx\/wp-content\/uploads\/2024\/10\/PHOTO-2024-10-02-12-09-37-e1727894781317.jpg","keywords":["AccidenteQuer\u00e9taro","Precauci\u00f3nEnCarretera","proteccioncivil","seguridadvial"],"articleSection":["Sucesos","\u00daltima Hora"],"inLanguage":"es","potentialAction":[{"@type":"CommentAction","name":"Comment","target":["https:\/\/www.nexoinformativo.mx\/index.php\/2024\/10\/02\/accidente-de-autobus-en-carretera-federal-500-deja-un-fallecido-y-multiples-heridos-en-queretaro\/#respond"]}]},{"@type":"WebPage","@id":"https:\/\/www.nexoinformativo.mx\/index.php\/2024\/10\/02\/accidente-de-autobus-en-carretera-federal-500-deja-un-fallecido-y-multiples-heridos-en-queretaro\/","url":"https:\/\/www.nexoinformativo.mx\/index.php\/2024\/10\/02\/accidente-de-autobus-en-carretera-federal-500-deja-un-fallecido-y-multiples-heridos-en-queretaro\/","name":"Accidente de autob\u00fas en carretera federal 500 deja un fallecido y m\u00faltiples heridos en Quer\u00e9taro | Nexo Informativo Santiago de Quer\u00e9taro","isPartOf":{"@id":"https:\/\/www.nexoinformativo.mx\/#website"},"primaryImageOfPage":{"@id":"https:\/\/www.nexoinformativo.mx\/index.php\/2024\/10\/02\/accidente-de-autobus-en-carretera-federal-500-deja-un-fallecido-y-multiples-heridos-en-queretaro\/#primaryimage"},"image":{"@id":"https:\/\/www.nexoinformativo.mx\/index.php\/2024\/10\/02\/accidente-de-autobus-en-carretera-federal-500-deja-un-fallecido-y-multiples-heridos-en-queretaro\/#primaryimage"},"thumbnailUrl":"https:\/\/www.nexoinformativo.mx\/wp-content\/uploads\/2024\/10\/PHOTO-2024-10-02-12-09-37-e1727894781317.jpg","datePublished":"2024-10-02T16:00:30+00:00","dateModified":"2024-10-02T18:48:39+00:00","description":"Accidente de autob\u00fas en carretera federal 500 deja un fallecido y m\u00faltiples heridos en Quer\u00e9taro","breadcrumb":{"@id":"https:\/\/www.nexoinformativo.mx\/index.php\/2024\/10\/02\/accidente-de-autobus-en-carretera-federal-500-deja-un-fallecido-y-multiples-heridos-en-queretaro\/#breadcrumb"},"inLanguage":"es","potentialAction":[{"@type":"ReadAction","target":["https:\/\/www.nexoinformativo.mx\/index.php\/2024\/10\/02\/accidente-de-autobus-en-carretera-federal-500-deja-un-fallecido-y-multiples-heridos-en-queretaro\/"]}]},{"@type":"ImageObject","inLanguage":"es","@id":"https:\/\/www.nexoinformativo.mx\/index.php\/2024\/10\/02\/accidente-de-autobus-en-carretera-federal-500-deja-un-fallecido-y-multiples-heridos-en-queretaro\/#primaryimage","url":"https:\/\/www.nexoinformativo.mx\/wp-content\/uploads\/2024\/10\/PHOTO-2024-10-02-12-09-37-e1727894781317.jpg","contentUrl":"https:\/\/www.nexoinformativo.mx\/wp-content\/uploads\/2024\/10\/PHOTO-2024-10-02-12-09-37-e1727894781317.jpg","width":800,"height":600},{"@type":"BreadcrumbList","@id":"https:\/\/www.nexoinformativo.mx\/index.php\/2024\/10\/02\/accidente-de-autobus-en-carretera-federal-500-deja-un-fallecido-y-multiples-heridos-en-queretaro\/#breadcrumb","itemListElement":[{"@type":"ListItem","position":1,"name":"Inicio","item":"https:\/\/www.nexoinformativo.mx\/"},{"@type":"ListItem","position":2,"name":"Accidente de autob\u00fas en carretera federal 500 deja un fallecido y m\u00faltiples heridos en Quer\u00e9taro"}]},{"@type":"WebSite","@id":"https:\/\/www.nexoinformativo.mx\/#website","url":"https:\/\/www.nexoinformativo.mx\/","name":"Nexo Informativo Santiago de Quer\u00e9taro","description":"Explora NexoInformativo y convi\u00e9rtete en parte de una comunidad que valora el conocimiento y la verdad. Tu nexoinformativo es tu puente hacia una comprensi\u00f3n m\u00e1s profunda del mundo que te rodea.","publisher":{"@id":"https:\/\/www.nexoinformativo.mx\/#organization"},"potentialAction":[{"@type":"SearchAction","target":{"@type":"EntryPoint","urlTemplate":"https:\/\/www.nexoinformativo.mx\/?s={search_term_string}"},"query-input":{"@type":"PropertyValueSpecification","valueRequired":true,"valueName":"search_term_string"}}],"inLanguage":"es"},{"@type":"Organization","@id":"https:\/\/www.nexoinformativo.mx\/#organization","name":"Nexo Informativo Santiago de Quer\u00e9taro","url":"https:\/\/www.nexoinformativo.mx\/","logo":{"@type":"ImageObject","inLanguage":"es","@id":"https:\/\/www.nexoinformativo.mx\/#\/schema\/logo\/image\/","url":"https:\/\/www.nexoinformativo.mx\/wp-content\/uploads\/2024\/07\/nexoi-trasparente-2.png","contentUrl":"https:\/\/www.nexoinformativo.mx\/wp-content\/uploads\/2024\/07\/nexoi-trasparente-2.png","width":816,"height":339,"caption":"Nexo Informativo Santiago de Quer\u00e9taro"},"image":{"@id":"https:\/\/www.nexoinformativo.mx\/#\/schema\/logo\/image\/"},"sameAs":["https:\/\/www.facebook.com\/people\/Nexo-Informativo\/61564066885511\/"]},{"@type":"Person","@id":"https:\/\/www.nexoinformativo.mx\/#\/schema\/person\/7749d380ba08c8ca00d7bc76fd907b7d","name":"Nexo Informativo","image":{"@type":"ImageObject","inLanguage":"es","@id":"https:\/\/www.nexoinformativo.mx\/#\/schema\/person\/image\/","url":"https:\/\/secure.gravatar.com\/avatar\/dde2928154642a13d95f87ddf1ea9718fe2b46760a005c53e41ff5ad610704e6?s=96&d=mm&r=g","contentUrl":"https:\/\/secure.gravatar.com\/avatar\/dde2928154642a13d95f87ddf1ea9718fe2b46760a005c53e41ff5ad610704e6?s=96&d=mm&r=g","caption":"Nexo Informativo"},"url":"https:\/\/www.nexoinformativo.mx\/index.php\/author\/edicion\/"}]}},"_links":{"self":[{"href":"https:\/\/www.nexoinformativo.mx\/index.php\/wp-json\/wp\/v2\/posts\/2518","targetHints":{"allow":["GET"]}}],"collection":[{"href":"https:\/\/www.nexoinformativo.mx\/index.php\/wp-json\/wp\/v2\/posts"}],"about":[{"href":"https:\/\/www.nexoinformativo.mx\/index.php\/wp-json\/wp\/v2\/types\/post"}],"author":[{"embeddable":true,"href":"https:\/\/www.nexoinformativo.mx\/index.php\/wp-json\/wp\/v2\/users\/3"}],"replies":[{"embeddable":true,"href":"https:\/\/www.nexoinformativo.mx\/index.php\/wp-json\/wp\/v2\/comments?post=2518"}],"version-history":[{"count":1,"href":"https:\/\/www.nexoinformativo.mx\/index.php\/wp-json\/wp\/v2\/posts\/2518\/revisions"}],"predecessor-version":[{"id":2520,"href":"https:\/\/www.nexoinformativo.mx\/index.php\/wp-json\/wp\/v2\/posts\/2518\/revisions\/2520"}],"wp:featuredmedia":[{"embeddable":true,"href":"https:\/\/www.nexoinformativo.mx\/index.php\/wp-json\/wp\/v2\/media\/2519"}],"wp:attachment":[{"href":"https:\/\/www.nexoinformativo.mx\/index.php\/wp-json\/wp\/v2\/media?parent=2518"}],"wp:term":[{"taxonomy":"category","embeddable":true,"href":"https:\/\/www.nexoinformativo.mx\/index.php\/wp-json\/wp\/v2\/categories?post=2518"},{"taxonomy":"post_tag","embeddable":true,"href":"https:\/\/www.nexoinformativo.mx\/index.php\/wp-json\/wp\/v2\/tags?post=2518"}],"curies":[{"name":"wp","href":"https:\/\/api.w.org\/{rel}","templated":true}]}}