{"id":2523,"date":"2024-10-01T20:00:46","date_gmt":"2024-10-02T02:00:46","guid":{"rendered":"https:\/\/www.nexoinformativo.mx\/?p=2523"},"modified":"2024-10-02T12:57:53","modified_gmt":"2024-10-02T18:57:53","slug":"chepe-guerrero-toma-protesta-como-alcalde-de-corregidora-y-se-compromete-a-un-municipio-sin-hambre","status":"publish","type":"post","link":"https:\/\/www.nexoinformativo.mx\/index.php\/2024\/10\/01\/chepe-guerrero-toma-protesta-como-alcalde-de-corregidora-y-se-compromete-a-un-municipio-sin-hambre\/","title":{"rendered":"Chepe Guerrero toma protesta como alcalde de Corregidora y se compromete a un municipio sin hambre"},"content":{"rendered":"<p style=\"text-align: justify;\">En una emotiva ceremonia en el Jard\u00edn Principal de El Pueblito, Chepe Guerrero rindi\u00f3 protesta como presidente municipal de Corregidora para el periodo 2024-2027. Ante cientos de ciudadanos e invitados, el nuevo alcalde asegur\u00f3 que trabajar\u00e1 para no fallar a los ciudadanos, los principales temas que guiar\u00e1n su gesti\u00f3n: <strong>seguridad, desarrollo econ\u00f3mico, obras p\u00fablicas, movilidad y el bienestar de las mujeres.<\/strong><\/p>\n<p>&nbsp;<\/p>\n<p style=\"text-align: justify;\">Guerrero se comprometi\u00f3 a que Corregidora se convierta en el primer municipio sin hambre del estado de Quer\u00e9taro, una meta que lograr\u00e1 a trav\u00e9s de la correcta administraci\u00f3n de los recursos p\u00fablicos y la transparencia.<\/p>\n<p>&nbsp;<\/p>\n<p style=\"text-align: justify;\">El alcalde destac\u00f3 que la seguridad ser\u00e1 un pilar fundamental en su gesti\u00f3n. Implementar\u00e1 una estrategia integral basada en la prevenci\u00f3n del delito, fortalecimiento de la polic\u00eda y uso de tecnolog\u00eda avanzada. <strong>&#8220;No puede haber desarrollo sin seguridad&#8221;<\/strong>, afirm\u00f3, garantizando que en Corregidora no habr\u00e1 espacio para la delincuencia.<\/p>\n<p>&nbsp;<\/p>\n<p style=\"text-align: justify;\">Asimismo, Chepe Guerrero asegur\u00f3 que su gobierno ser\u00e1 cercano a la ciudadan\u00eda, con un enfoque especial en las mujeres. Se crear\u00e1n programas espec\u00edficos para apoyar su emprendimiento y promover su independencia econ\u00f3mica, adem\u00e1s de fortalecer los programas de atenci\u00f3n a v\u00edctimas de violencia.<\/p>\n<p>&nbsp;<\/p>\n<p style=\"text-align: justify;\">Otro compromiso clave del nuevo alcalde es ser recordado como <strong>&#8220;El Alcalde de la obra p\u00fablica&#8221;<\/strong>. Anunci\u00f3 una reingenier\u00eda de los programas municipales, que incluir\u00e1n la creaci\u00f3n de espacios comunitarios para el deporte, la cultura y la convivencia familiar.<\/p>\n<p>&nbsp;<\/p>\n<p style=\"text-align: justify;\">Por \u00faltimo, Guerrero se\u00f1al\u00f3 que Corregidora continuar\u00e1 siendo un polo de inversi\u00f3n, lo que contribuir\u00e1 al crecimiento econ\u00f3mico asegurando que en los pr\u00f3ximos d\u00edas se dar\u00e1n a conocer importantes proyectos resultado de su gira de trabajo por Nueva York, Londres y Washington.<\/p>\n","protected":false},"excerpt":{"rendered":"<p>En una emotiva ceremonia en el Jard\u00edn Principal de El Pueblito, Chepe Guerrero rindi\u00f3 protesta como presidente municipal de Corregidora para el periodo 2024-2027.<\/p>\n","protected":false},"author":3,"featured_media":2524,"comment_status":"open","ping_status":"open","sticky":false,"template":"","format":"standard","meta":{"footnotes":""},"categories":[65,58],"tags":[1007,513,920,1008],"class_list":["post-2523","post","type-post","status-publish","format-standard","has-post-thumbnail","hentry","category-municipios","category-ultima-hora","tag-alcaldechepeguerrero","tag-corregidoraavanza","tag-seguridadcorregidora","tag-sinhambreenqueretaro"],"yoast_head":"<!-- This site is optimized with the Yoast SEO plugin v25.0 - https:\/\/yoast.com\/wordpress\/plugins\/seo\/ -->\n<title>Chepe Guerrero toma protesta como alcalde de Corregidora y se compromete a un municipio sin hambre | Nexo Informativo Santiago de Quer\u00e9taro<\/title>\n<meta name=\"description\" content=\"Chepe Guerrero toma protesta como alcalde de Corregidora y se compromete a un municipio sin hambre\" \/>\n<meta name=\"robots\" content=\"index, follow, max-snippet:-1, max-image-preview:large, max-video-preview:-1\" \/>\n<link rel=\"canonical\" href=\"https:\/\/www.nexoinformativo.mx\/index.php\/2024\/10\/01\/chepe-guerrero-toma-protesta-como-alcalde-de-corregidora-y-se-compromete-a-un-municipio-sin-hambre\/\" \/>\n<meta property=\"og:locale\" content=\"es_MX\" \/>\n<meta property=\"og:type\" content=\"article\" \/>\n<meta property=\"og:title\" content=\"Chepe Guerrero toma protesta como alcalde de Corregidora y se compromete a un municipio sin hambre | Nexo Informativo Santiago de Quer\u00e9taro\" \/>\n<meta property=\"og:description\" content=\"Chepe Guerrero toma protesta como alcalde de Corregidora y se compromete a un municipio sin hambre\" \/>\n<meta property=\"og:url\" content=\"https:\/\/www.nexoinformativo.mx\/index.php\/2024\/10\/01\/chepe-guerrero-toma-protesta-como-alcalde-de-corregidora-y-se-compromete-a-un-municipio-sin-hambre\/\" \/>\n<meta property=\"og:site_name\" content=\"Nexo Informativo Santiago de Quer\u00e9taro\" \/>\n<meta property=\"article:publisher\" content=\"https:\/\/www.facebook.com\/people\/Nexo-Informativo\/61564066885511\/\" \/>\n<meta property=\"article:published_time\" content=\"2024-10-02T02:00:46+00:00\" \/>\n<meta property=\"article:modified_time\" content=\"2024-10-02T18:57:53+00:00\" \/>\n<meta property=\"og:image\" content=\"https:\/\/www.nexoinformativo.mx\/wp-content\/uploads\/2024\/10\/PHOTO-2024-10-02-10-26-49-e1727895264312.jpg\" \/>\n\t<meta property=\"og:image:width\" content=\"800\" \/>\n\t<meta property=\"og:image:height\" content=\"558\" \/>\n\t<meta property=\"og:image:type\" content=\"image\/jpeg\" \/>\n<meta name=\"author\" content=\"Nexo Informativo\" \/>\n<meta name=\"twitter:card\" content=\"summary_large_image\" \/>\n<meta name=\"twitter:label1\" content=\"Escrito por\" \/>\n\t<meta name=\"twitter:data1\" content=\"Nexo Informativo\" \/>\n\t<meta name=\"twitter:label2\" content=\"Tiempo de lectura\" \/>\n\t<meta name=\"twitter:data2\" content=\"2 minutos\" \/>\n<script type=\"application\/ld+json\" class=\"yoast-schema-graph\">{\"@context\":\"https:\/\/schema.org\",\"@graph\":[{\"@type\":\"Article\",\"@id\":\"https:\/\/www.nexoinformativo.mx\/index.php\/2024\/10\/01\/chepe-guerrero-toma-protesta-como-alcalde-de-corregidora-y-se-compromete-a-un-municipio-sin-hambre\/#article\",\"isPartOf\":{\"@id\":\"https:\/\/www.nexoinformativo.mx\/index.php\/2024\/10\/01\/chepe-guerrero-toma-protesta-como-alcalde-de-corregidora-y-se-compromete-a-un-municipio-sin-hambre\/\"},\"author\":{\"name\":\"Nexo Informativo\",\"@id\":\"https:\/\/www.nexoinformativo.mx\/#\/schema\/person\/7749d380ba08c8ca00d7bc76fd907b7d\"},\"headline\":\"Chepe Guerrero toma protesta como alcalde de Corregidora y se compromete a un municipio sin hambre\",\"datePublished\":\"2024-10-02T02:00:46+00:00\",\"dateModified\":\"2024-10-02T18:57:53+00:00\",\"mainEntityOfPage\":{\"@id\":\"https:\/\/www.nexoinformativo.mx\/index.php\/2024\/10\/01\/chepe-guerrero-toma-protesta-como-alcalde-de-corregidora-y-se-compromete-a-un-municipio-sin-hambre\/\"},\"wordCount\":320,\"commentCount\":0,\"publisher\":{\"@id\":\"https:\/\/www.nexoinformativo.mx\/#organization\"},\"image\":{\"@id\":\"https:\/\/www.nexoinformativo.mx\/index.php\/2024\/10\/01\/chepe-guerrero-toma-protesta-como-alcalde-de-corregidora-y-se-compromete-a-un-municipio-sin-hambre\/#primaryimage\"},\"thumbnailUrl\":\"https:\/\/www.nexoinformativo.mx\/wp-content\/uploads\/2024\/10\/PHOTO-2024-10-02-10-26-49-e1727895264312.jpg\",\"keywords\":[\"AlcaldeChepeGuerrero\",\"CorregidoraAvanza\",\"SeguridadCorregidora\",\"SinHambreEnQuer\u00e9taro\"],\"articleSection\":[\"Municipios\",\"\u00daltima Hora\"],\"inLanguage\":\"es\",\"potentialAction\":[{\"@type\":\"CommentAction\",\"name\":\"Comment\",\"target\":[\"https:\/\/www.nexoinformativo.mx\/index.php\/2024\/10\/01\/chepe-guerrero-toma-protesta-como-alcalde-de-corregidora-y-se-compromete-a-un-municipio-sin-hambre\/#respond\"]}]},{\"@type\":\"WebPage\",\"@id\":\"https:\/\/www.nexoinformativo.mx\/index.php\/2024\/10\/01\/chepe-guerrero-toma-protesta-como-alcalde-de-corregidora-y-se-compromete-a-un-municipio-sin-hambre\/\",\"url\":\"https:\/\/www.nexoinformativo.mx\/index.php\/2024\/10\/01\/chepe-guerrero-toma-protesta-como-alcalde-de-corregidora-y-se-compromete-a-un-municipio-sin-hambre\/\",\"name\":\"Chepe Guerrero toma protesta como alcalde de Corregidora y se compromete a un municipio sin hambre | Nexo Informativo Santiago de Quer\u00e9taro\",\"isPartOf\":{\"@id\":\"https:\/\/www.nexoinformativo.mx\/#website\"},\"primaryImageOfPage\":{\"@id\":\"https:\/\/www.nexoinformativo.mx\/index.php\/2024\/10\/01\/chepe-guerrero-toma-protesta-como-alcalde-de-corregidora-y-se-compromete-a-un-municipio-sin-hambre\/#primaryimage\"},\"image\":{\"@id\":\"https:\/\/www.nexoinformativo.mx\/index.php\/2024\/10\/01\/chepe-guerrero-toma-protesta-como-alcalde-de-corregidora-y-se-compromete-a-un-municipio-sin-hambre\/#primaryimage\"},\"thumbnailUrl\":\"https:\/\/www.nexoinformativo.mx\/wp-content\/uploads\/2024\/10\/PHOTO-2024-10-02-10-26-49-e1727895264312.jpg\",\"datePublished\":\"2024-10-02T02:00:46+00:00\",\"dateModified\":\"2024-10-02T18:57:53+00:00\",\"description\":\"Chepe Guerrero toma protesta como alcalde de Corregidora y se compromete a un municipio sin hambre\",\"breadcrumb\":{\"@id\":\"https:\/\/www.nexoinformativo.mx\/index.php\/2024\/10\/01\/chepe-guerrero-toma-protesta-como-alcalde-de-corregidora-y-se-compromete-a-un-municipio-sin-hambre\/#breadcrumb\"},\"inLanguage\":\"es\",\"potentialAction\":[{\"@type\":\"ReadAction\",\"target\":[\"https:\/\/www.nexoinformativo.mx\/index.php\/2024\/10\/01\/chepe-guerrero-toma-protesta-como-alcalde-de-corregidora-y-se-compromete-a-un-municipio-sin-hambre\/\"]}]},{\"@type\":\"ImageObject\",\"inLanguage\":\"es\",\"@id\":\"https:\/\/www.nexoinformativo.mx\/index.php\/2024\/10\/01\/chepe-guerrero-toma-protesta-como-alcalde-de-corregidora-y-se-compromete-a-un-municipio-sin-hambre\/#primaryimage\",\"url\":\"https:\/\/www.nexoinformativo.mx\/wp-content\/uploads\/2024\/10\/PHOTO-2024-10-02-10-26-49-e1727895264312.jpg\",\"contentUrl\":\"https:\/\/www.nexoinformativo.mx\/wp-content\/uploads\/2024\/10\/PHOTO-2024-10-02-10-26-49-e1727895264312.jpg\",\"width\":800,\"height\":558},{\"@type\":\"BreadcrumbList\",\"@id\":\"https:\/\/www.nexoinformativo.mx\/index.php\/2024\/10\/01\/chepe-guerrero-toma-protesta-como-alcalde-de-corregidora-y-se-compromete-a-un-municipio-sin-hambre\/#breadcrumb\",\"itemListElement\":[{\"@type\":\"ListItem\",\"position\":1,\"name\":\"Inicio\",\"item\":\"https:\/\/www.nexoinformativo.mx\/\"},{\"@type\":\"ListItem\",\"position\":2,\"name\":\"Chepe Guerrero toma protesta como alcalde de Corregidora y se compromete a un municipio sin hambre\"}]},{\"@type\":\"WebSite\",\"@id\":\"https:\/\/www.nexoinformativo.mx\/#website\",\"url\":\"https:\/\/www.nexoinformativo.mx\/\",\"name\":\"Nexo Informativo Santiago de Quer\u00e9taro\",\"description\":\"Explora NexoInformativo y convi\u00e9rtete en parte de una comunidad que valora el conocimiento y la verdad. Tu nexoinformativo es tu puente hacia una comprensi\u00f3n m\u00e1s profunda del mundo que te rodea.\",\"publisher\":{\"@id\":\"https:\/\/www.nexoinformativo.mx\/#organization\"},\"potentialAction\":[{\"@type\":\"SearchAction\",\"target\":{\"@type\":\"EntryPoint\",\"urlTemplate\":\"https:\/\/www.nexoinformativo.mx\/?s={search_term_string}\"},\"query-input\":{\"@type\":\"PropertyValueSpecification\",\"valueRequired\":true,\"valueName\":\"search_term_string\"}}],\"inLanguage\":\"es\"},{\"@type\":\"Organization\",\"@id\":\"https:\/\/www.nexoinformativo.mx\/#organization\",\"name\":\"Nexo Informativo Santiago de Quer\u00e9taro\",\"url\":\"https:\/\/www.nexoinformativo.mx\/\",\"logo\":{\"@type\":\"ImageObject\",\"inLanguage\":\"es\",\"@id\":\"https:\/\/www.nexoinformativo.mx\/#\/schema\/logo\/image\/\",\"url\":\"https:\/\/www.nexoinformativo.mx\/wp-content\/uploads\/2024\/07\/nexoi-trasparente-2.png\",\"contentUrl\":\"https:\/\/www.nexoinformativo.mx\/wp-content\/uploads\/2024\/07\/nexoi-trasparente-2.png\",\"width\":816,\"height\":339,\"caption\":\"Nexo Informativo Santiago de Quer\u00e9taro\"},\"image\":{\"@id\":\"https:\/\/www.nexoinformativo.mx\/#\/schema\/logo\/image\/\"},\"sameAs\":[\"https:\/\/www.facebook.com\/people\/Nexo-Informativo\/61564066885511\/\"]},{\"@type\":\"Person\",\"@id\":\"https:\/\/www.nexoinformativo.mx\/#\/schema\/person\/7749d380ba08c8ca00d7bc76fd907b7d\",\"name\":\"Nexo Informativo\",\"image\":{\"@type\":\"ImageObject\",\"inLanguage\":\"es\",\"@id\":\"https:\/\/www.nexoinformativo.mx\/#\/schema\/person\/image\/\",\"url\":\"https:\/\/secure.gravatar.com\/avatar\/dde2928154642a13d95f87ddf1ea9718fe2b46760a005c53e41ff5ad610704e6?s=96&d=mm&r=g\",\"contentUrl\":\"https:\/\/secure.gravatar.com\/avatar\/dde2928154642a13d95f87ddf1ea9718fe2b46760a005c53e41ff5ad610704e6?s=96&d=mm&r=g\",\"caption\":\"Nexo Informativo\"},\"url\":\"https:\/\/www.nexoinformativo.mx\/index.php\/author\/edicion\/\"}]}<\/script>\n<!-- \/ Yoast SEO plugin. -->","yoast_head_json":{"title":"Chepe Guerrero toma protesta como alcalde de Corregidora y se compromete a un municipio sin hambre | Nexo Informativo Santiago de Quer\u00e9taro","description":"Chepe Guerrero toma protesta como alcalde de Corregidora y se compromete a un municipio sin hambre","robots":{"index":"index","follow":"follow","max-snippet":"max-snippet:-1","max-image-preview":"max-image-preview:large","max-video-preview":"max-video-preview:-1"},"canonical":"https:\/\/www.nexoinformativo.mx\/index.php\/2024\/10\/01\/chepe-guerrero-toma-protesta-como-alcalde-de-corregidora-y-se-compromete-a-un-municipio-sin-hambre\/","og_locale":"es_MX","og_type":"article","og_title":"Chepe Guerrero toma protesta como alcalde de Corregidora y se compromete a un municipio sin hambre | Nexo Informativo Santiago de Quer\u00e9taro","og_description":"Chepe Guerrero toma protesta como alcalde de Corregidora y se compromete a un municipio sin hambre","og_url":"https:\/\/www.nexoinformativo.mx\/index.php\/2024\/10\/01\/chepe-guerrero-toma-protesta-como-alcalde-de-corregidora-y-se-compromete-a-un-municipio-sin-hambre\/","og_site_name":"Nexo Informativo Santiago de Quer\u00e9taro","article_publisher":"https:\/\/www.facebook.com\/people\/Nexo-Informativo\/61564066885511\/","article_published_time":"2024-10-02T02:00:46+00:00","article_modified_time":"2024-10-02T18:57:53+00:00","og_image":[{"width":800,"height":558,"url":"https:\/\/www.nexoinformativo.mx\/wp-content\/uploads\/2024\/10\/PHOTO-2024-10-02-10-26-49-e1727895264312.jpg","type":"image\/jpeg"}],"author":"Nexo Informativo","twitter_card":"summary_large_image","twitter_misc":{"Escrito por":"Nexo Informativo","Tiempo de lectura":"2 minutos"},"schema":{"@context":"https:\/\/schema.org","@graph":[{"@type":"Article","@id":"https:\/\/www.nexoinformativo.mx\/index.php\/2024\/10\/01\/chepe-guerrero-toma-protesta-como-alcalde-de-corregidora-y-se-compromete-a-un-municipio-sin-hambre\/#article","isPartOf":{"@id":"https:\/\/www.nexoinformativo.mx\/index.php\/2024\/10\/01\/chepe-guerrero-toma-protesta-como-alcalde-de-corregidora-y-se-compromete-a-un-municipio-sin-hambre\/"},"author":{"name":"Nexo Informativo","@id":"https:\/\/www.nexoinformativo.mx\/#\/schema\/person\/7749d380ba08c8ca00d7bc76fd907b7d"},"headline":"Chepe Guerrero toma protesta como alcalde de Corregidora y se compromete a un municipio sin hambre","datePublished":"2024-10-02T02:00:46+00:00","dateModified":"2024-10-02T18:57:53+00:00","mainEntityOfPage":{"@id":"https:\/\/www.nexoinformativo.mx\/index.php\/2024\/10\/01\/chepe-guerrero-toma-protesta-como-alcalde-de-corregidora-y-se-compromete-a-un-municipio-sin-hambre\/"},"wordCount":320,"commentCount":0,"publisher":{"@id":"https:\/\/www.nexoinformativo.mx\/#organization"},"image":{"@id":"https:\/\/www.nexoinformativo.mx\/index.php\/2024\/10\/01\/chepe-guerrero-toma-protesta-como-alcalde-de-corregidora-y-se-compromete-a-un-municipio-sin-hambre\/#primaryimage"},"thumbnailUrl":"https:\/\/www.nexoinformativo.mx\/wp-content\/uploads\/2024\/10\/PHOTO-2024-10-02-10-26-49-e1727895264312.jpg","keywords":["AlcaldeChepeGuerrero","CorregidoraAvanza","SeguridadCorregidora","SinHambreEnQuer\u00e9taro"],"articleSection":["Municipios","\u00daltima Hora"],"inLanguage":"es","potentialAction":[{"@type":"CommentAction","name":"Comment","target":["https:\/\/www.nexoinformativo.mx\/index.php\/2024\/10\/01\/chepe-guerrero-toma-protesta-como-alcalde-de-corregidora-y-se-compromete-a-un-municipio-sin-hambre\/#respond"]}]},{"@type":"WebPage","@id":"https:\/\/www.nexoinformativo.mx\/index.php\/2024\/10\/01\/chepe-guerrero-toma-protesta-como-alcalde-de-corregidora-y-se-compromete-a-un-municipio-sin-hambre\/","url":"https:\/\/www.nexoinformativo.mx\/index.php\/2024\/10\/01\/chepe-guerrero-toma-protesta-como-alcalde-de-corregidora-y-se-compromete-a-un-municipio-sin-hambre\/","name":"Chepe Guerrero toma protesta como alcalde de Corregidora y se compromete a un municipio sin hambre | Nexo Informativo Santiago de Quer\u00e9taro","isPartOf":{"@id":"https:\/\/www.nexoinformativo.mx\/#website"},"primaryImageOfPage":{"@id":"https:\/\/www.nexoinformativo.mx\/index.php\/2024\/10\/01\/chepe-guerrero-toma-protesta-como-alcalde-de-corregidora-y-se-compromete-a-un-municipio-sin-hambre\/#primaryimage"},"image":{"@id":"https:\/\/www.nexoinformativo.mx\/index.php\/2024\/10\/01\/chepe-guerrero-toma-protesta-como-alcalde-de-corregidora-y-se-compromete-a-un-municipio-sin-hambre\/#primaryimage"},"thumbnailUrl":"https:\/\/www.nexoinformativo.mx\/wp-content\/uploads\/2024\/10\/PHOTO-2024-10-02-10-26-49-e1727895264312.jpg","datePublished":"2024-10-02T02:00:46+00:00","dateModified":"2024-10-02T18:57:53+00:00","description":"Chepe Guerrero toma protesta como alcalde de Corregidora y se compromete a un municipio sin hambre","breadcrumb":{"@id":"https:\/\/www.nexoinformativo.mx\/index.php\/2024\/10\/01\/chepe-guerrero-toma-protesta-como-alcalde-de-corregidora-y-se-compromete-a-un-municipio-sin-hambre\/#breadcrumb"},"inLanguage":"es","potentialAction":[{"@type":"ReadAction","target":["https:\/\/www.nexoinformativo.mx\/index.php\/2024\/10\/01\/chepe-guerrero-toma-protesta-como-alcalde-de-corregidora-y-se-compromete-a-un-municipio-sin-hambre\/"]}]},{"@type":"ImageObject","inLanguage":"es","@id":"https:\/\/www.nexoinformativo.mx\/index.php\/2024\/10\/01\/chepe-guerrero-toma-protesta-como-alcalde-de-corregidora-y-se-compromete-a-un-municipio-sin-hambre\/#primaryimage","url":"https:\/\/www.nexoinformativo.mx\/wp-content\/uploads\/2024\/10\/PHOTO-2024-10-02-10-26-49-e1727895264312.jpg","contentUrl":"https:\/\/www.nexoinformativo.mx\/wp-content\/uploads\/2024\/10\/PHOTO-2024-10-02-10-26-49-e1727895264312.jpg","width":800,"height":558},{"@type":"BreadcrumbList","@id":"https:\/\/www.nexoinformativo.mx\/index.php\/2024\/10\/01\/chepe-guerrero-toma-protesta-como-alcalde-de-corregidora-y-se-compromete-a-un-municipio-sin-hambre\/#breadcrumb","itemListElement":[{"@type":"ListItem","position":1,"name":"Inicio","item":"https:\/\/www.nexoinformativo.mx\/"},{"@type":"ListItem","position":2,"name":"Chepe Guerrero toma protesta como alcalde de Corregidora y se compromete a un municipio sin hambre"}]},{"@type":"WebSite","@id":"https:\/\/www.nexoinformativo.mx\/#website","url":"https:\/\/www.nexoinformativo.mx\/","name":"Nexo Informativo Santiago de Quer\u00e9taro","description":"Explora NexoInformativo y convi\u00e9rtete en parte de una comunidad que valora el conocimiento y la verdad. Tu nexoinformativo es tu puente hacia una comprensi\u00f3n m\u00e1s profunda del mundo que te rodea.","publisher":{"@id":"https:\/\/www.nexoinformativo.mx\/#organization"},"potentialAction":[{"@type":"SearchAction","target":{"@type":"EntryPoint","urlTemplate":"https:\/\/www.nexoinformativo.mx\/?s={search_term_string}"},"query-input":{"@type":"PropertyValueSpecification","valueRequired":true,"valueName":"search_term_string"}}],"inLanguage":"es"},{"@type":"Organization","@id":"https:\/\/www.nexoinformativo.mx\/#organization","name":"Nexo Informativo Santiago de Quer\u00e9taro","url":"https:\/\/www.nexoinformativo.mx\/","logo":{"@type":"ImageObject","inLanguage":"es","@id":"https:\/\/www.nexoinformativo.mx\/#\/schema\/logo\/image\/","url":"https:\/\/www.nexoinformativo.mx\/wp-content\/uploads\/2024\/07\/nexoi-trasparente-2.png","contentUrl":"https:\/\/www.nexoinformativo.mx\/wp-content\/uploads\/2024\/07\/nexoi-trasparente-2.png","width":816,"height":339,"caption":"Nexo Informativo Santiago de Quer\u00e9taro"},"image":{"@id":"https:\/\/www.nexoinformativo.mx\/#\/schema\/logo\/image\/"},"sameAs":["https:\/\/www.facebook.com\/people\/Nexo-Informativo\/61564066885511\/"]},{"@type":"Person","@id":"https:\/\/www.nexoinformativo.mx\/#\/schema\/person\/7749d380ba08c8ca00d7bc76fd907b7d","name":"Nexo Informativo","image":{"@type":"ImageObject","inLanguage":"es","@id":"https:\/\/www.nexoinformativo.mx\/#\/schema\/person\/image\/","url":"https:\/\/secure.gravatar.com\/avatar\/dde2928154642a13d95f87ddf1ea9718fe2b46760a005c53e41ff5ad610704e6?s=96&d=mm&r=g","contentUrl":"https:\/\/secure.gravatar.com\/avatar\/dde2928154642a13d95f87ddf1ea9718fe2b46760a005c53e41ff5ad610704e6?s=96&d=mm&r=g","caption":"Nexo Informativo"},"url":"https:\/\/www.nexoinformativo.mx\/index.php\/author\/edicion\/"}]}},"_links":{"self":[{"href":"https:\/\/www.nexoinformativo.mx\/index.php\/wp-json\/wp\/v2\/posts\/2523","targetHints":{"allow":["GET"]}}],"collection":[{"href":"https:\/\/www.nexoinformativo.mx\/index.php\/wp-json\/wp\/v2\/posts"}],"about":[{"href":"https:\/\/www.nexoinformativo.mx\/index.php\/wp-json\/wp\/v2\/types\/post"}],"author":[{"embeddable":true,"href":"https:\/\/www.nexoinformativo.mx\/index.php\/wp-json\/wp\/v2\/users\/3"}],"replies":[{"embeddable":true,"href":"https:\/\/www.nexoinformativo.mx\/index.php\/wp-json\/wp\/v2\/comments?post=2523"}],"version-history":[{"count":6,"href":"https:\/\/www.nexoinformativo.mx\/index.php\/wp-json\/wp\/v2\/posts\/2523\/revisions"}],"predecessor-version":[{"id":2526,"href":"https:\/\/www.nexoinformativo.mx\/index.php\/wp-json\/wp\/v2\/posts\/2523\/revisions\/2526"}],"wp:featuredmedia":[{"embeddable":true,"href":"https:\/\/www.nexoinformativo.mx\/index.php\/wp-json\/wp\/v2\/media\/2524"}],"wp:attachment":[{"href":"https:\/\/www.nexoinformativo.mx\/index.php\/wp-json\/wp\/v2\/media?parent=2523"}],"wp:term":[{"taxonomy":"category","embeddable":true,"href":"https:\/\/www.nexoinformativo.mx\/index.php\/wp-json\/wp\/v2\/categories?post=2523"},{"taxonomy":"post_tag","embeddable":true,"href":"https:\/\/www.nexoinformativo.mx\/index.php\/wp-json\/wp\/v2\/tags?post=2523"}],"curies":[{"name":"wp","href":"https:\/\/api.w.org\/{rel}","templated":true}]}}