{"id":2535,"date":"2024-10-02T13:00:52","date_gmt":"2024-10-02T19:00:52","guid":{"rendered":"https:\/\/www.nexoinformativo.mx\/?p=2535"},"modified":"2024-10-02T13:58:03","modified_gmt":"2024-10-02T19:58:03","slug":"hombre-en-situacion-de-calle-resulta-gravemente-herido-al-ser-atropellado-por-un-camion-de-transporte-publico-en-queretaro","status":"publish","type":"post","link":"https:\/\/www.nexoinformativo.mx\/index.php\/2024\/10\/02\/hombre-en-situacion-de-calle-resulta-gravemente-herido-al-ser-atropellado-por-un-camion-de-transporte-publico-en-queretaro\/","title":{"rendered":"Hombre en situaci\u00f3n de calle resulta gravemente herido al ser atropellado por un cami\u00f3n de transporte p\u00fablico en Quer\u00e9taro"},"content":{"rendered":"<p style=\"text-align: justify;\">Un hombre en aparente situaci\u00f3n de calle result\u00f3 gravemente herido este mi\u00e9rcoles al ser atropellado por un cami\u00f3n de transporte p\u00fablico de la l\u00ednea San Jos\u00e9 sobre los carriles de Paseo de la Rep\u00fablica, a la altura del distribuidor vial de Juriquilla, en Quer\u00e9taro.<\/p>\n<p>&nbsp;<\/p>\n<p style=\"text-align: justify;\">Seg\u00fan testigos, el accidente ocurri\u00f3 poco antes del mediod\u00eda, cuando el hombre intent\u00f3 cruzar imprudentemente la transitada vialidad. El conductor del cami\u00f3n suburbano no logr\u00f3 detenerse a tiempo y lo impact\u00f3, caus\u00e1ndole lesiones severas en la cabeza y el t\u00f3rax.<\/p>\n<p>&nbsp;<\/p>\n<p style=\"text-align: justify;\">Param\u00e9dicos del Centro Regulador de Urgencias M\u00e9dicas (CRUM) llegaron r\u00e1pidamente al lugar y estabilizaron al hombre para luego trasladarlo a un hospital cercano, donde su estado de salud es reportado como grave.<\/p>\n<p>&nbsp;<\/p>\n<p style=\"text-align: justify;\">Elementos de la Polic\u00eda Municipal se presentaron en la zona para asegurar el lugar del accidente y pusieron a disposici\u00f3n de las autoridades competentes al conductor del cami\u00f3n para el deslinde de responsabilidades y el inicio de las investigaciones correspondientes.<\/p>\n","protected":false},"excerpt":{"rendered":"<p>Un hombre en aparente situaci\u00f3n de calle result\u00f3 gravemente herido este mi\u00e9rcoles al ser atropellado por un cami\u00f3n de transporte p\u00fablico de la l\u00ednea San Jos\u00e9 sobre los carriles de Paseo de la Rep\u00fablica, a la altura del distribuidor vial de Juriquilla, en Quer\u00e9taro.<\/p>\n","protected":false},"author":3,"featured_media":2536,"comment_status":"open","ping_status":"open","sticky":false,"template":"","format":"standard","meta":{"footnotes":""},"categories":[137,58],"tags":[369,549,151,596],"class_list":["post-2535","post","type-post","status-publish","format-standard","has-post-thumbnail","hentry","category-sucesos","category-ultima-hora","tag-accidentequeretaro","tag-noticiasqueretaro","tag-seguridadvial","tag-transportepublico"],"yoast_head":"<!-- This site is optimized with the Yoast SEO plugin v25.0 - https:\/\/yoast.com\/wordpress\/plugins\/seo\/ -->\n<title>Hombre en situaci\u00f3n de calle resulta gravemente herido al ser atropellado por un cami\u00f3n de transporte p\u00fablico en Quer\u00e9taro | Nexo Informativo Santiago de Quer\u00e9taro<\/title>\n<meta name=\"description\" content=\"Hombre en situaci\u00f3n de calle resulta gravemente herido al ser atropellado por un cami\u00f3n de transporte p\u00fablico en Quer\u00e9taro\" \/>\n<meta name=\"robots\" content=\"index, follow, max-snippet:-1, max-image-preview:large, max-video-preview:-1\" \/>\n<link rel=\"canonical\" href=\"https:\/\/www.nexoinformativo.mx\/index.php\/2024\/10\/02\/hombre-en-situacion-de-calle-resulta-gravemente-herido-al-ser-atropellado-por-un-camion-de-transporte-publico-en-queretaro\/\" \/>\n<meta property=\"og:locale\" content=\"es_MX\" \/>\n<meta property=\"og:type\" content=\"article\" \/>\n<meta property=\"og:title\" content=\"Hombre en situaci\u00f3n de calle resulta gravemente herido al ser atropellado por un cami\u00f3n de transporte p\u00fablico en Quer\u00e9taro | Nexo Informativo Santiago de Quer\u00e9taro\" \/>\n<meta property=\"og:description\" content=\"Hombre en situaci\u00f3n de calle resulta gravemente herido al ser atropellado por un cami\u00f3n de transporte p\u00fablico en Quer\u00e9taro\" \/>\n<meta property=\"og:url\" content=\"https:\/\/www.nexoinformativo.mx\/index.php\/2024\/10\/02\/hombre-en-situacion-de-calle-resulta-gravemente-herido-al-ser-atropellado-por-un-camion-de-transporte-publico-en-queretaro\/\" \/>\n<meta property=\"og:site_name\" content=\"Nexo Informativo Santiago de Quer\u00e9taro\" \/>\n<meta property=\"article:publisher\" content=\"https:\/\/www.facebook.com\/people\/Nexo-Informativo\/61564066885511\/\" \/>\n<meta property=\"article:published_time\" content=\"2024-10-02T19:00:52+00:00\" \/>\n<meta property=\"article:modified_time\" content=\"2024-10-02T19:58:03+00:00\" \/>\n<meta property=\"og:image\" content=\"https:\/\/www.nexoinformativo.mx\/wp-content\/uploads\/2024\/10\/unnamed-e1727899028234.jpg\" \/>\n\t<meta property=\"og:image:width\" content=\"800\" \/>\n\t<meta property=\"og:image:height\" content=\"841\" \/>\n\t<meta property=\"og:image:type\" content=\"image\/jpeg\" \/>\n<meta name=\"author\" content=\"Nexo Informativo\" \/>\n<meta name=\"twitter:card\" content=\"summary_large_image\" \/>\n<meta name=\"twitter:label1\" content=\"Escrito por\" \/>\n\t<meta name=\"twitter:data1\" content=\"Nexo Informativo\" \/>\n\t<meta name=\"twitter:label2\" content=\"Tiempo de lectura\" \/>\n\t<meta name=\"twitter:data2\" content=\"1 minuto\" \/>\n<script type=\"application\/ld+json\" class=\"yoast-schema-graph\">{\"@context\":\"https:\/\/schema.org\",\"@graph\":[{\"@type\":\"Article\",\"@id\":\"https:\/\/www.nexoinformativo.mx\/index.php\/2024\/10\/02\/hombre-en-situacion-de-calle-resulta-gravemente-herido-al-ser-atropellado-por-un-camion-de-transporte-publico-en-queretaro\/#article\",\"isPartOf\":{\"@id\":\"https:\/\/www.nexoinformativo.mx\/index.php\/2024\/10\/02\/hombre-en-situacion-de-calle-resulta-gravemente-herido-al-ser-atropellado-por-un-camion-de-transporte-publico-en-queretaro\/\"},\"author\":{\"name\":\"Nexo Informativo\",\"@id\":\"https:\/\/www.nexoinformativo.mx\/#\/schema\/person\/7749d380ba08c8ca00d7bc76fd907b7d\"},\"headline\":\"Hombre en situaci\u00f3n de calle resulta gravemente herido al ser atropellado por un cami\u00f3n de transporte p\u00fablico en Quer\u00e9taro\",\"datePublished\":\"2024-10-02T19:00:52+00:00\",\"dateModified\":\"2024-10-02T19:58:03+00:00\",\"mainEntityOfPage\":{\"@id\":\"https:\/\/www.nexoinformativo.mx\/index.php\/2024\/10\/02\/hombre-en-situacion-de-calle-resulta-gravemente-herido-al-ser-atropellado-por-un-camion-de-transporte-publico-en-queretaro\/\"},\"wordCount\":200,\"commentCount\":0,\"publisher\":{\"@id\":\"https:\/\/www.nexoinformativo.mx\/#organization\"},\"image\":{\"@id\":\"https:\/\/www.nexoinformativo.mx\/index.php\/2024\/10\/02\/hombre-en-situacion-de-calle-resulta-gravemente-herido-al-ser-atropellado-por-un-camion-de-transporte-publico-en-queretaro\/#primaryimage\"},\"thumbnailUrl\":\"https:\/\/www.nexoinformativo.mx\/wp-content\/uploads\/2024\/10\/unnamed-e1727899028234.jpg\",\"keywords\":[\"AccidenteQuer\u00e9taro\",\"NoticiasQuer\u00e9taro\",\"seguridadvial\",\"TransporteP\u00fablico\"],\"articleSection\":[\"Sucesos\",\"\u00daltima Hora\"],\"inLanguage\":\"es\",\"potentialAction\":[{\"@type\":\"CommentAction\",\"name\":\"Comment\",\"target\":[\"https:\/\/www.nexoinformativo.mx\/index.php\/2024\/10\/02\/hombre-en-situacion-de-calle-resulta-gravemente-herido-al-ser-atropellado-por-un-camion-de-transporte-publico-en-queretaro\/#respond\"]}]},{\"@type\":\"WebPage\",\"@id\":\"https:\/\/www.nexoinformativo.mx\/index.php\/2024\/10\/02\/hombre-en-situacion-de-calle-resulta-gravemente-herido-al-ser-atropellado-por-un-camion-de-transporte-publico-en-queretaro\/\",\"url\":\"https:\/\/www.nexoinformativo.mx\/index.php\/2024\/10\/02\/hombre-en-situacion-de-calle-resulta-gravemente-herido-al-ser-atropellado-por-un-camion-de-transporte-publico-en-queretaro\/\",\"name\":\"Hombre en situaci\u00f3n de calle resulta gravemente herido al ser atropellado por un cami\u00f3n de transporte p\u00fablico en Quer\u00e9taro | Nexo Informativo Santiago de Quer\u00e9taro\",\"isPartOf\":{\"@id\":\"https:\/\/www.nexoinformativo.mx\/#website\"},\"primaryImageOfPage\":{\"@id\":\"https:\/\/www.nexoinformativo.mx\/index.php\/2024\/10\/02\/hombre-en-situacion-de-calle-resulta-gravemente-herido-al-ser-atropellado-por-un-camion-de-transporte-publico-en-queretaro\/#primaryimage\"},\"image\":{\"@id\":\"https:\/\/www.nexoinformativo.mx\/index.php\/2024\/10\/02\/hombre-en-situacion-de-calle-resulta-gravemente-herido-al-ser-atropellado-por-un-camion-de-transporte-publico-en-queretaro\/#primaryimage\"},\"thumbnailUrl\":\"https:\/\/www.nexoinformativo.mx\/wp-content\/uploads\/2024\/10\/unnamed-e1727899028234.jpg\",\"datePublished\":\"2024-10-02T19:00:52+00:00\",\"dateModified\":\"2024-10-02T19:58:03+00:00\",\"description\":\"Hombre en situaci\u00f3n de calle resulta gravemente herido al ser atropellado por un cami\u00f3n de transporte p\u00fablico en Quer\u00e9taro\",\"breadcrumb\":{\"@id\":\"https:\/\/www.nexoinformativo.mx\/index.php\/2024\/10\/02\/hombre-en-situacion-de-calle-resulta-gravemente-herido-al-ser-atropellado-por-un-camion-de-transporte-publico-en-queretaro\/#breadcrumb\"},\"inLanguage\":\"es\",\"potentialAction\":[{\"@type\":\"ReadAction\",\"target\":[\"https:\/\/www.nexoinformativo.mx\/index.php\/2024\/10\/02\/hombre-en-situacion-de-calle-resulta-gravemente-herido-al-ser-atropellado-por-un-camion-de-transporte-publico-en-queretaro\/\"]}]},{\"@type\":\"ImageObject\",\"inLanguage\":\"es\",\"@id\":\"https:\/\/www.nexoinformativo.mx\/index.php\/2024\/10\/02\/hombre-en-situacion-de-calle-resulta-gravemente-herido-al-ser-atropellado-por-un-camion-de-transporte-publico-en-queretaro\/#primaryimage\",\"url\":\"https:\/\/www.nexoinformativo.mx\/wp-content\/uploads\/2024\/10\/unnamed-e1727899028234.jpg\",\"contentUrl\":\"https:\/\/www.nexoinformativo.mx\/wp-content\/uploads\/2024\/10\/unnamed-e1727899028234.jpg\",\"width\":800,\"height\":841},{\"@type\":\"BreadcrumbList\",\"@id\":\"https:\/\/www.nexoinformativo.mx\/index.php\/2024\/10\/02\/hombre-en-situacion-de-calle-resulta-gravemente-herido-al-ser-atropellado-por-un-camion-de-transporte-publico-en-queretaro\/#breadcrumb\",\"itemListElement\":[{\"@type\":\"ListItem\",\"position\":1,\"name\":\"Inicio\",\"item\":\"https:\/\/www.nexoinformativo.mx\/\"},{\"@type\":\"ListItem\",\"position\":2,\"name\":\"Hombre en situaci\u00f3n de calle resulta gravemente herido al ser atropellado por un cami\u00f3n de transporte p\u00fablico en Quer\u00e9taro\"}]},{\"@type\":\"WebSite\",\"@id\":\"https:\/\/www.nexoinformativo.mx\/#website\",\"url\":\"https:\/\/www.nexoinformativo.mx\/\",\"name\":\"Nexo Informativo Santiago de Quer\u00e9taro\",\"description\":\"Explora NexoInformativo y convi\u00e9rtete en parte de una comunidad que valora el conocimiento y la verdad. Tu nexoinformativo es tu puente hacia una comprensi\u00f3n m\u00e1s profunda del mundo que te rodea.\",\"publisher\":{\"@id\":\"https:\/\/www.nexoinformativo.mx\/#organization\"},\"potentialAction\":[{\"@type\":\"SearchAction\",\"target\":{\"@type\":\"EntryPoint\",\"urlTemplate\":\"https:\/\/www.nexoinformativo.mx\/?s={search_term_string}\"},\"query-input\":{\"@type\":\"PropertyValueSpecification\",\"valueRequired\":true,\"valueName\":\"search_term_string\"}}],\"inLanguage\":\"es\"},{\"@type\":\"Organization\",\"@id\":\"https:\/\/www.nexoinformativo.mx\/#organization\",\"name\":\"Nexo Informativo Santiago de Quer\u00e9taro\",\"url\":\"https:\/\/www.nexoinformativo.mx\/\",\"logo\":{\"@type\":\"ImageObject\",\"inLanguage\":\"es\",\"@id\":\"https:\/\/www.nexoinformativo.mx\/#\/schema\/logo\/image\/\",\"url\":\"https:\/\/www.nexoinformativo.mx\/wp-content\/uploads\/2024\/07\/nexoi-trasparente-2.png\",\"contentUrl\":\"https:\/\/www.nexoinformativo.mx\/wp-content\/uploads\/2024\/07\/nexoi-trasparente-2.png\",\"width\":816,\"height\":339,\"caption\":\"Nexo Informativo Santiago de Quer\u00e9taro\"},\"image\":{\"@id\":\"https:\/\/www.nexoinformativo.mx\/#\/schema\/logo\/image\/\"},\"sameAs\":[\"https:\/\/www.facebook.com\/people\/Nexo-Informativo\/61564066885511\/\"]},{\"@type\":\"Person\",\"@id\":\"https:\/\/www.nexoinformativo.mx\/#\/schema\/person\/7749d380ba08c8ca00d7bc76fd907b7d\",\"name\":\"Nexo Informativo\",\"image\":{\"@type\":\"ImageObject\",\"inLanguage\":\"es\",\"@id\":\"https:\/\/www.nexoinformativo.mx\/#\/schema\/person\/image\/\",\"url\":\"https:\/\/secure.gravatar.com\/avatar\/dde2928154642a13d95f87ddf1ea9718fe2b46760a005c53e41ff5ad610704e6?s=96&d=mm&r=g\",\"contentUrl\":\"https:\/\/secure.gravatar.com\/avatar\/dde2928154642a13d95f87ddf1ea9718fe2b46760a005c53e41ff5ad610704e6?s=96&d=mm&r=g\",\"caption\":\"Nexo Informativo\"},\"url\":\"https:\/\/www.nexoinformativo.mx\/index.php\/author\/edicion\/\"}]}<\/script>\n<!-- \/ Yoast SEO plugin. -->","yoast_head_json":{"title":"Hombre en situaci\u00f3n de calle resulta gravemente herido al ser atropellado por un cami\u00f3n de transporte p\u00fablico en Quer\u00e9taro | Nexo Informativo Santiago de Quer\u00e9taro","description":"Hombre en situaci\u00f3n de calle resulta gravemente herido al ser atropellado por un cami\u00f3n de transporte p\u00fablico en Quer\u00e9taro","robots":{"index":"index","follow":"follow","max-snippet":"max-snippet:-1","max-image-preview":"max-image-preview:large","max-video-preview":"max-video-preview:-1"},"canonical":"https:\/\/www.nexoinformativo.mx\/index.php\/2024\/10\/02\/hombre-en-situacion-de-calle-resulta-gravemente-herido-al-ser-atropellado-por-un-camion-de-transporte-publico-en-queretaro\/","og_locale":"es_MX","og_type":"article","og_title":"Hombre en situaci\u00f3n de calle resulta gravemente herido al ser atropellado por un cami\u00f3n de transporte p\u00fablico en Quer\u00e9taro | Nexo Informativo Santiago de Quer\u00e9taro","og_description":"Hombre en situaci\u00f3n de calle resulta gravemente herido al ser atropellado por un cami\u00f3n de transporte p\u00fablico en Quer\u00e9taro","og_url":"https:\/\/www.nexoinformativo.mx\/index.php\/2024\/10\/02\/hombre-en-situacion-de-calle-resulta-gravemente-herido-al-ser-atropellado-por-un-camion-de-transporte-publico-en-queretaro\/","og_site_name":"Nexo Informativo Santiago de Quer\u00e9taro","article_publisher":"https:\/\/www.facebook.com\/people\/Nexo-Informativo\/61564066885511\/","article_published_time":"2024-10-02T19:00:52+00:00","article_modified_time":"2024-10-02T19:58:03+00:00","og_image":[{"width":800,"height":841,"url":"https:\/\/www.nexoinformativo.mx\/wp-content\/uploads\/2024\/10\/unnamed-e1727899028234.jpg","type":"image\/jpeg"}],"author":"Nexo Informativo","twitter_card":"summary_large_image","twitter_misc":{"Escrito por":"Nexo Informativo","Tiempo de lectura":"1 minuto"},"schema":{"@context":"https:\/\/schema.org","@graph":[{"@type":"Article","@id":"https:\/\/www.nexoinformativo.mx\/index.php\/2024\/10\/02\/hombre-en-situacion-de-calle-resulta-gravemente-herido-al-ser-atropellado-por-un-camion-de-transporte-publico-en-queretaro\/#article","isPartOf":{"@id":"https:\/\/www.nexoinformativo.mx\/index.php\/2024\/10\/02\/hombre-en-situacion-de-calle-resulta-gravemente-herido-al-ser-atropellado-por-un-camion-de-transporte-publico-en-queretaro\/"},"author":{"name":"Nexo Informativo","@id":"https:\/\/www.nexoinformativo.mx\/#\/schema\/person\/7749d380ba08c8ca00d7bc76fd907b7d"},"headline":"Hombre en situaci\u00f3n de calle resulta gravemente herido al ser atropellado por un cami\u00f3n de transporte p\u00fablico en Quer\u00e9taro","datePublished":"2024-10-02T19:00:52+00:00","dateModified":"2024-10-02T19:58:03+00:00","mainEntityOfPage":{"@id":"https:\/\/www.nexoinformativo.mx\/index.php\/2024\/10\/02\/hombre-en-situacion-de-calle-resulta-gravemente-herido-al-ser-atropellado-por-un-camion-de-transporte-publico-en-queretaro\/"},"wordCount":200,"commentCount":0,"publisher":{"@id":"https:\/\/www.nexoinformativo.mx\/#organization"},"image":{"@id":"https:\/\/www.nexoinformativo.mx\/index.php\/2024\/10\/02\/hombre-en-situacion-de-calle-resulta-gravemente-herido-al-ser-atropellado-por-un-camion-de-transporte-publico-en-queretaro\/#primaryimage"},"thumbnailUrl":"https:\/\/www.nexoinformativo.mx\/wp-content\/uploads\/2024\/10\/unnamed-e1727899028234.jpg","keywords":["AccidenteQuer\u00e9taro","NoticiasQuer\u00e9taro","seguridadvial","TransporteP\u00fablico"],"articleSection":["Sucesos","\u00daltima Hora"],"inLanguage":"es","potentialAction":[{"@type":"CommentAction","name":"Comment","target":["https:\/\/www.nexoinformativo.mx\/index.php\/2024\/10\/02\/hombre-en-situacion-de-calle-resulta-gravemente-herido-al-ser-atropellado-por-un-camion-de-transporte-publico-en-queretaro\/#respond"]}]},{"@type":"WebPage","@id":"https:\/\/www.nexoinformativo.mx\/index.php\/2024\/10\/02\/hombre-en-situacion-de-calle-resulta-gravemente-herido-al-ser-atropellado-por-un-camion-de-transporte-publico-en-queretaro\/","url":"https:\/\/www.nexoinformativo.mx\/index.php\/2024\/10\/02\/hombre-en-situacion-de-calle-resulta-gravemente-herido-al-ser-atropellado-por-un-camion-de-transporte-publico-en-queretaro\/","name":"Hombre en situaci\u00f3n de calle resulta gravemente herido al ser atropellado por un cami\u00f3n de transporte p\u00fablico en Quer\u00e9taro | Nexo Informativo Santiago de Quer\u00e9taro","isPartOf":{"@id":"https:\/\/www.nexoinformativo.mx\/#website"},"primaryImageOfPage":{"@id":"https:\/\/www.nexoinformativo.mx\/index.php\/2024\/10\/02\/hombre-en-situacion-de-calle-resulta-gravemente-herido-al-ser-atropellado-por-un-camion-de-transporte-publico-en-queretaro\/#primaryimage"},"image":{"@id":"https:\/\/www.nexoinformativo.mx\/index.php\/2024\/10\/02\/hombre-en-situacion-de-calle-resulta-gravemente-herido-al-ser-atropellado-por-un-camion-de-transporte-publico-en-queretaro\/#primaryimage"},"thumbnailUrl":"https:\/\/www.nexoinformativo.mx\/wp-content\/uploads\/2024\/10\/unnamed-e1727899028234.jpg","datePublished":"2024-10-02T19:00:52+00:00","dateModified":"2024-10-02T19:58:03+00:00","description":"Hombre en situaci\u00f3n de calle resulta gravemente herido al ser atropellado por un cami\u00f3n de transporte p\u00fablico en Quer\u00e9taro","breadcrumb":{"@id":"https:\/\/www.nexoinformativo.mx\/index.php\/2024\/10\/02\/hombre-en-situacion-de-calle-resulta-gravemente-herido-al-ser-atropellado-por-un-camion-de-transporte-publico-en-queretaro\/#breadcrumb"},"inLanguage":"es","potentialAction":[{"@type":"ReadAction","target":["https:\/\/www.nexoinformativo.mx\/index.php\/2024\/10\/02\/hombre-en-situacion-de-calle-resulta-gravemente-herido-al-ser-atropellado-por-un-camion-de-transporte-publico-en-queretaro\/"]}]},{"@type":"ImageObject","inLanguage":"es","@id":"https:\/\/www.nexoinformativo.mx\/index.php\/2024\/10\/02\/hombre-en-situacion-de-calle-resulta-gravemente-herido-al-ser-atropellado-por-un-camion-de-transporte-publico-en-queretaro\/#primaryimage","url":"https:\/\/www.nexoinformativo.mx\/wp-content\/uploads\/2024\/10\/unnamed-e1727899028234.jpg","contentUrl":"https:\/\/www.nexoinformativo.mx\/wp-content\/uploads\/2024\/10\/unnamed-e1727899028234.jpg","width":800,"height":841},{"@type":"BreadcrumbList","@id":"https:\/\/www.nexoinformativo.mx\/index.php\/2024\/10\/02\/hombre-en-situacion-de-calle-resulta-gravemente-herido-al-ser-atropellado-por-un-camion-de-transporte-publico-en-queretaro\/#breadcrumb","itemListElement":[{"@type":"ListItem","position":1,"name":"Inicio","item":"https:\/\/www.nexoinformativo.mx\/"},{"@type":"ListItem","position":2,"name":"Hombre en situaci\u00f3n de calle resulta gravemente herido al ser atropellado por un cami\u00f3n de transporte p\u00fablico en Quer\u00e9taro"}]},{"@type":"WebSite","@id":"https:\/\/www.nexoinformativo.mx\/#website","url":"https:\/\/www.nexoinformativo.mx\/","name":"Nexo Informativo Santiago de Quer\u00e9taro","description":"Explora NexoInformativo y convi\u00e9rtete en parte de una comunidad que valora el conocimiento y la verdad. Tu nexoinformativo es tu puente hacia una comprensi\u00f3n m\u00e1s profunda del mundo que te rodea.","publisher":{"@id":"https:\/\/www.nexoinformativo.mx\/#organization"},"potentialAction":[{"@type":"SearchAction","target":{"@type":"EntryPoint","urlTemplate":"https:\/\/www.nexoinformativo.mx\/?s={search_term_string}"},"query-input":{"@type":"PropertyValueSpecification","valueRequired":true,"valueName":"search_term_string"}}],"inLanguage":"es"},{"@type":"Organization","@id":"https:\/\/www.nexoinformativo.mx\/#organization","name":"Nexo Informativo Santiago de Quer\u00e9taro","url":"https:\/\/www.nexoinformativo.mx\/","logo":{"@type":"ImageObject","inLanguage":"es","@id":"https:\/\/www.nexoinformativo.mx\/#\/schema\/logo\/image\/","url":"https:\/\/www.nexoinformativo.mx\/wp-content\/uploads\/2024\/07\/nexoi-trasparente-2.png","contentUrl":"https:\/\/www.nexoinformativo.mx\/wp-content\/uploads\/2024\/07\/nexoi-trasparente-2.png","width":816,"height":339,"caption":"Nexo Informativo Santiago de Quer\u00e9taro"},"image":{"@id":"https:\/\/www.nexoinformativo.mx\/#\/schema\/logo\/image\/"},"sameAs":["https:\/\/www.facebook.com\/people\/Nexo-Informativo\/61564066885511\/"]},{"@type":"Person","@id":"https:\/\/www.nexoinformativo.mx\/#\/schema\/person\/7749d380ba08c8ca00d7bc76fd907b7d","name":"Nexo Informativo","image":{"@type":"ImageObject","inLanguage":"es","@id":"https:\/\/www.nexoinformativo.mx\/#\/schema\/person\/image\/","url":"https:\/\/secure.gravatar.com\/avatar\/dde2928154642a13d95f87ddf1ea9718fe2b46760a005c53e41ff5ad610704e6?s=96&d=mm&r=g","contentUrl":"https:\/\/secure.gravatar.com\/avatar\/dde2928154642a13d95f87ddf1ea9718fe2b46760a005c53e41ff5ad610704e6?s=96&d=mm&r=g","caption":"Nexo Informativo"},"url":"https:\/\/www.nexoinformativo.mx\/index.php\/author\/edicion\/"}]}},"_links":{"self":[{"href":"https:\/\/www.nexoinformativo.mx\/index.php\/wp-json\/wp\/v2\/posts\/2535","targetHints":{"allow":["GET"]}}],"collection":[{"href":"https:\/\/www.nexoinformativo.mx\/index.php\/wp-json\/wp\/v2\/posts"}],"about":[{"href":"https:\/\/www.nexoinformativo.mx\/index.php\/wp-json\/wp\/v2\/types\/post"}],"author":[{"embeddable":true,"href":"https:\/\/www.nexoinformativo.mx\/index.php\/wp-json\/wp\/v2\/users\/3"}],"replies":[{"embeddable":true,"href":"https:\/\/www.nexoinformativo.mx\/index.php\/wp-json\/wp\/v2\/comments?post=2535"}],"version-history":[{"count":1,"href":"https:\/\/www.nexoinformativo.mx\/index.php\/wp-json\/wp\/v2\/posts\/2535\/revisions"}],"predecessor-version":[{"id":2537,"href":"https:\/\/www.nexoinformativo.mx\/index.php\/wp-json\/wp\/v2\/posts\/2535\/revisions\/2537"}],"wp:featuredmedia":[{"embeddable":true,"href":"https:\/\/www.nexoinformativo.mx\/index.php\/wp-json\/wp\/v2\/media\/2536"}],"wp:attachment":[{"href":"https:\/\/www.nexoinformativo.mx\/index.php\/wp-json\/wp\/v2\/media?parent=2535"}],"wp:term":[{"taxonomy":"category","embeddable":true,"href":"https:\/\/www.nexoinformativo.mx\/index.php\/wp-json\/wp\/v2\/categories?post=2535"},{"taxonomy":"post_tag","embeddable":true,"href":"https:\/\/www.nexoinformativo.mx\/index.php\/wp-json\/wp\/v2\/tags?post=2535"}],"curies":[{"name":"wp","href":"https:\/\/api.w.org\/{rel}","templated":true}]}}