{"id":2541,"date":"2024-10-02T12:00:16","date_gmt":"2024-10-02T18:00:16","guid":{"rendered":"https:\/\/www.nexoinformativo.mx\/?p=2541"},"modified":"2024-10-02T14:41:03","modified_gmt":"2024-10-02T20:41:03","slug":"cabildo-de-corregidora-aprueba-nuevos-secretarios-municipales-para-fortalecer-la-gestion-publica","status":"publish","type":"post","link":"https:\/\/www.nexoinformativo.mx\/index.php\/2024\/10\/02\/cabildo-de-corregidora-aprueba-nuevos-secretarios-municipales-para-fortalecer-la-gestion-publica\/","title":{"rendered":"Cabildo de Corregidora Aprueba Nuevos Secretarios Municipales para Fortalecer la Gesti\u00f3n P\u00fablica"},"content":{"rendered":"<p style=\"text-align: justify;\">En una sesi\u00f3n extraordinaria, el Cabildo de Corregidora aprob\u00f3 los nombramientos de nuevos secretarios municipales. Carlos Olgu\u00edn fue designado titular de la Secretar\u00eda de Control y Evaluaci\u00f3n, Carlos Jim\u00e9nez asumir\u00e1 la Secretar\u00eda de Servicios P\u00fablicos, y Rafael Montoya liderar\u00e1 la Secretar\u00eda del Ayuntamiento. Adem\u00e1s, Maricruz Arellano fue nombrada directora del Sistema Municipal DIF, y Enrique Guti\u00e9rrez Rodr\u00edguez ser\u00e1 el Contralor del Sistema para el Desarrollo Integral de la Familia.<\/p>\n<p>&nbsp;<\/p>\n<p style=\"text-align: justify;\">El presidente municipal, Chepe Guerrero, destac\u00f3 que estos nombramientos buscan garantizar un trabajo efectivo en beneficio de la ciudadan\u00eda. Reiter\u00f3 la importancia del di\u00e1logo entre diferentes fuerzas pol\u00edticas para lograr acuerdos que promuevan un Corregidora pujante y en constante crecimiento. \u201cEl disenso es natural en una democracia y buscaremos que fortalezca nuestras acciones en favor del municipio\u201d, afirm\u00f3 Guerrero.<\/p>\n","protected":false},"excerpt":{"rendered":"<p>En una sesi\u00f3n extraordinaria, el Cabildo de Corregidora aprob\u00f3 los nombramientos de nuevos secretarios municipales.<\/p>\n","protected":false},"author":3,"featured_media":2542,"comment_status":"open","ping_status":"open","sticky":false,"template":"","format":"standard","meta":{"footnotes":""},"categories":[65,21,58],"tags":[233,1016,1015,1014],"class_list":["post-2541","post","type-post","status-publish","format-standard","has-post-thumbnail","hentry","category-municipios","category-politica","category-ultima-hora","tag-corregidora","tag-dialogopolitico","tag-gestionpublica","tag-nuevossecretarios"],"yoast_head":"<!-- This site is optimized with the Yoast SEO plugin v25.0 - https:\/\/yoast.com\/wordpress\/plugins\/seo\/ -->\n<title>Cabildo de Corregidora Aprueba Nuevos Secretarios Municipales para Fortalecer la Gesti\u00f3n P\u00fablica | Nexo Informativo Santiago de Quer\u00e9taro<\/title>\n<meta name=\"description\" content=\"Cabildo de Corregidora Aprueba Nuevos Secretarios Municipales para Fortalecer la Gesti\u00f3n P\u00fablica\" \/>\n<meta name=\"robots\" content=\"index, follow, max-snippet:-1, max-image-preview:large, max-video-preview:-1\" \/>\n<link rel=\"canonical\" href=\"https:\/\/www.nexoinformativo.mx\/index.php\/2024\/10\/02\/cabildo-de-corregidora-aprueba-nuevos-secretarios-municipales-para-fortalecer-la-gestion-publica\/\" \/>\n<meta property=\"og:locale\" content=\"es_MX\" \/>\n<meta property=\"og:type\" content=\"article\" \/>\n<meta property=\"og:title\" content=\"Cabildo de Corregidora Aprueba Nuevos Secretarios Municipales para Fortalecer la Gesti\u00f3n P\u00fablica | Nexo Informativo Santiago de Quer\u00e9taro\" \/>\n<meta property=\"og:description\" content=\"Cabildo de Corregidora Aprueba Nuevos Secretarios Municipales para Fortalecer la Gesti\u00f3n P\u00fablica\" \/>\n<meta property=\"og:url\" content=\"https:\/\/www.nexoinformativo.mx\/index.php\/2024\/10\/02\/cabildo-de-corregidora-aprueba-nuevos-secretarios-municipales-para-fortalecer-la-gestion-publica\/\" \/>\n<meta property=\"og:site_name\" content=\"Nexo Informativo Santiago de Quer\u00e9taro\" \/>\n<meta property=\"article:publisher\" content=\"https:\/\/www.facebook.com\/people\/Nexo-Informativo\/61564066885511\/\" \/>\n<meta property=\"article:published_time\" content=\"2024-10-02T18:00:16+00:00\" \/>\n<meta property=\"article:modified_time\" content=\"2024-10-02T20:41:03+00:00\" \/>\n<meta property=\"og:image\" content=\"https:\/\/www.nexoinformativo.mx\/wp-content\/uploads\/2024\/10\/unnamed-2-e1727901595156.jpg\" \/>\n\t<meta property=\"og:image:width\" content=\"801\" \/>\n\t<meta property=\"og:image:height\" content=\"534\" \/>\n\t<meta property=\"og:image:type\" content=\"image\/jpeg\" \/>\n<meta name=\"author\" content=\"Nexo Informativo\" \/>\n<meta name=\"twitter:card\" content=\"summary_large_image\" \/>\n<meta name=\"twitter:label1\" content=\"Escrito por\" \/>\n\t<meta name=\"twitter:data1\" content=\"Nexo Informativo\" \/>\n\t<meta name=\"twitter:label2\" content=\"Tiempo de lectura\" \/>\n\t<meta name=\"twitter:data2\" content=\"1 minuto\" \/>\n<script type=\"application\/ld+json\" class=\"yoast-schema-graph\">{\"@context\":\"https:\/\/schema.org\",\"@graph\":[{\"@type\":\"Article\",\"@id\":\"https:\/\/www.nexoinformativo.mx\/index.php\/2024\/10\/02\/cabildo-de-corregidora-aprueba-nuevos-secretarios-municipales-para-fortalecer-la-gestion-publica\/#article\",\"isPartOf\":{\"@id\":\"https:\/\/www.nexoinformativo.mx\/index.php\/2024\/10\/02\/cabildo-de-corregidora-aprueba-nuevos-secretarios-municipales-para-fortalecer-la-gestion-publica\/\"},\"author\":{\"name\":\"Nexo Informativo\",\"@id\":\"https:\/\/www.nexoinformativo.mx\/#\/schema\/person\/7749d380ba08c8ca00d7bc76fd907b7d\"},\"headline\":\"Cabildo de Corregidora Aprueba Nuevos Secretarios Municipales para Fortalecer la Gesti\u00f3n P\u00fablica\",\"datePublished\":\"2024-10-02T18:00:16+00:00\",\"dateModified\":\"2024-10-02T20:41:03+00:00\",\"mainEntityOfPage\":{\"@id\":\"https:\/\/www.nexoinformativo.mx\/index.php\/2024\/10\/02\/cabildo-de-corregidora-aprueba-nuevos-secretarios-municipales-para-fortalecer-la-gestion-publica\/\"},\"wordCount\":157,\"commentCount\":0,\"publisher\":{\"@id\":\"https:\/\/www.nexoinformativo.mx\/#organization\"},\"image\":{\"@id\":\"https:\/\/www.nexoinformativo.mx\/index.php\/2024\/10\/02\/cabildo-de-corregidora-aprueba-nuevos-secretarios-municipales-para-fortalecer-la-gestion-publica\/#primaryimage\"},\"thumbnailUrl\":\"https:\/\/www.nexoinformativo.mx\/wp-content\/uploads\/2024\/10\/unnamed-2-e1727901595156.jpg\",\"keywords\":[\"Corregidora\",\"Di\u00e1logoPol\u00edtico\",\"Gesti\u00f3nP\u00fablica\",\"NuevosSecretarios\"],\"articleSection\":[\"Municipios\",\"Pol\u00edtica\",\"\u00daltima Hora\"],\"inLanguage\":\"es\",\"potentialAction\":[{\"@type\":\"CommentAction\",\"name\":\"Comment\",\"target\":[\"https:\/\/www.nexoinformativo.mx\/index.php\/2024\/10\/02\/cabildo-de-corregidora-aprueba-nuevos-secretarios-municipales-para-fortalecer-la-gestion-publica\/#respond\"]}]},{\"@type\":\"WebPage\",\"@id\":\"https:\/\/www.nexoinformativo.mx\/index.php\/2024\/10\/02\/cabildo-de-corregidora-aprueba-nuevos-secretarios-municipales-para-fortalecer-la-gestion-publica\/\",\"url\":\"https:\/\/www.nexoinformativo.mx\/index.php\/2024\/10\/02\/cabildo-de-corregidora-aprueba-nuevos-secretarios-municipales-para-fortalecer-la-gestion-publica\/\",\"name\":\"Cabildo de Corregidora Aprueba Nuevos Secretarios Municipales para Fortalecer la Gesti\u00f3n P\u00fablica | Nexo Informativo Santiago de Quer\u00e9taro\",\"isPartOf\":{\"@id\":\"https:\/\/www.nexoinformativo.mx\/#website\"},\"primaryImageOfPage\":{\"@id\":\"https:\/\/www.nexoinformativo.mx\/index.php\/2024\/10\/02\/cabildo-de-corregidora-aprueba-nuevos-secretarios-municipales-para-fortalecer-la-gestion-publica\/#primaryimage\"},\"image\":{\"@id\":\"https:\/\/www.nexoinformativo.mx\/index.php\/2024\/10\/02\/cabildo-de-corregidora-aprueba-nuevos-secretarios-municipales-para-fortalecer-la-gestion-publica\/#primaryimage\"},\"thumbnailUrl\":\"https:\/\/www.nexoinformativo.mx\/wp-content\/uploads\/2024\/10\/unnamed-2-e1727901595156.jpg\",\"datePublished\":\"2024-10-02T18:00:16+00:00\",\"dateModified\":\"2024-10-02T20:41:03+00:00\",\"description\":\"Cabildo de Corregidora Aprueba Nuevos Secretarios Municipales para Fortalecer la Gesti\u00f3n P\u00fablica\",\"breadcrumb\":{\"@id\":\"https:\/\/www.nexoinformativo.mx\/index.php\/2024\/10\/02\/cabildo-de-corregidora-aprueba-nuevos-secretarios-municipales-para-fortalecer-la-gestion-publica\/#breadcrumb\"},\"inLanguage\":\"es\",\"potentialAction\":[{\"@type\":\"ReadAction\",\"target\":[\"https:\/\/www.nexoinformativo.mx\/index.php\/2024\/10\/02\/cabildo-de-corregidora-aprueba-nuevos-secretarios-municipales-para-fortalecer-la-gestion-publica\/\"]}]},{\"@type\":\"ImageObject\",\"inLanguage\":\"es\",\"@id\":\"https:\/\/www.nexoinformativo.mx\/index.php\/2024\/10\/02\/cabildo-de-corregidora-aprueba-nuevos-secretarios-municipales-para-fortalecer-la-gestion-publica\/#primaryimage\",\"url\":\"https:\/\/www.nexoinformativo.mx\/wp-content\/uploads\/2024\/10\/unnamed-2-e1727901595156.jpg\",\"contentUrl\":\"https:\/\/www.nexoinformativo.mx\/wp-content\/uploads\/2024\/10\/unnamed-2-e1727901595156.jpg\",\"width\":801,\"height\":534},{\"@type\":\"BreadcrumbList\",\"@id\":\"https:\/\/www.nexoinformativo.mx\/index.php\/2024\/10\/02\/cabildo-de-corregidora-aprueba-nuevos-secretarios-municipales-para-fortalecer-la-gestion-publica\/#breadcrumb\",\"itemListElement\":[{\"@type\":\"ListItem\",\"position\":1,\"name\":\"Inicio\",\"item\":\"https:\/\/www.nexoinformativo.mx\/\"},{\"@type\":\"ListItem\",\"position\":2,\"name\":\"Cabildo de Corregidora Aprueba Nuevos Secretarios Municipales para Fortalecer la Gesti\u00f3n P\u00fablica\"}]},{\"@type\":\"WebSite\",\"@id\":\"https:\/\/www.nexoinformativo.mx\/#website\",\"url\":\"https:\/\/www.nexoinformativo.mx\/\",\"name\":\"Nexo Informativo Santiago de Quer\u00e9taro\",\"description\":\"Explora NexoInformativo y convi\u00e9rtete en parte de una comunidad que valora el conocimiento y la verdad. Tu nexoinformativo es tu puente hacia una comprensi\u00f3n m\u00e1s profunda del mundo que te rodea.\",\"publisher\":{\"@id\":\"https:\/\/www.nexoinformativo.mx\/#organization\"},\"potentialAction\":[{\"@type\":\"SearchAction\",\"target\":{\"@type\":\"EntryPoint\",\"urlTemplate\":\"https:\/\/www.nexoinformativo.mx\/?s={search_term_string}\"},\"query-input\":{\"@type\":\"PropertyValueSpecification\",\"valueRequired\":true,\"valueName\":\"search_term_string\"}}],\"inLanguage\":\"es\"},{\"@type\":\"Organization\",\"@id\":\"https:\/\/www.nexoinformativo.mx\/#organization\",\"name\":\"Nexo Informativo Santiago de Quer\u00e9taro\",\"url\":\"https:\/\/www.nexoinformativo.mx\/\",\"logo\":{\"@type\":\"ImageObject\",\"inLanguage\":\"es\",\"@id\":\"https:\/\/www.nexoinformativo.mx\/#\/schema\/logo\/image\/\",\"url\":\"https:\/\/www.nexoinformativo.mx\/wp-content\/uploads\/2024\/07\/nexoi-trasparente-2.png\",\"contentUrl\":\"https:\/\/www.nexoinformativo.mx\/wp-content\/uploads\/2024\/07\/nexoi-trasparente-2.png\",\"width\":816,\"height\":339,\"caption\":\"Nexo Informativo Santiago de Quer\u00e9taro\"},\"image\":{\"@id\":\"https:\/\/www.nexoinformativo.mx\/#\/schema\/logo\/image\/\"},\"sameAs\":[\"https:\/\/www.facebook.com\/people\/Nexo-Informativo\/61564066885511\/\"]},{\"@type\":\"Person\",\"@id\":\"https:\/\/www.nexoinformativo.mx\/#\/schema\/person\/7749d380ba08c8ca00d7bc76fd907b7d\",\"name\":\"Nexo Informativo\",\"image\":{\"@type\":\"ImageObject\",\"inLanguage\":\"es\",\"@id\":\"https:\/\/www.nexoinformativo.mx\/#\/schema\/person\/image\/\",\"url\":\"https:\/\/secure.gravatar.com\/avatar\/dde2928154642a13d95f87ddf1ea9718fe2b46760a005c53e41ff5ad610704e6?s=96&d=mm&r=g\",\"contentUrl\":\"https:\/\/secure.gravatar.com\/avatar\/dde2928154642a13d95f87ddf1ea9718fe2b46760a005c53e41ff5ad610704e6?s=96&d=mm&r=g\",\"caption\":\"Nexo Informativo\"},\"url\":\"https:\/\/www.nexoinformativo.mx\/index.php\/author\/edicion\/\"}]}<\/script>\n<!-- \/ Yoast SEO plugin. -->","yoast_head_json":{"title":"Cabildo de Corregidora Aprueba Nuevos Secretarios Municipales para Fortalecer la Gesti\u00f3n P\u00fablica | Nexo Informativo Santiago de Quer\u00e9taro","description":"Cabildo de Corregidora Aprueba Nuevos Secretarios Municipales para Fortalecer la Gesti\u00f3n P\u00fablica","robots":{"index":"index","follow":"follow","max-snippet":"max-snippet:-1","max-image-preview":"max-image-preview:large","max-video-preview":"max-video-preview:-1"},"canonical":"https:\/\/www.nexoinformativo.mx\/index.php\/2024\/10\/02\/cabildo-de-corregidora-aprueba-nuevos-secretarios-municipales-para-fortalecer-la-gestion-publica\/","og_locale":"es_MX","og_type":"article","og_title":"Cabildo de Corregidora Aprueba Nuevos Secretarios Municipales para Fortalecer la Gesti\u00f3n P\u00fablica | Nexo Informativo Santiago de Quer\u00e9taro","og_description":"Cabildo de Corregidora Aprueba Nuevos Secretarios Municipales para Fortalecer la Gesti\u00f3n P\u00fablica","og_url":"https:\/\/www.nexoinformativo.mx\/index.php\/2024\/10\/02\/cabildo-de-corregidora-aprueba-nuevos-secretarios-municipales-para-fortalecer-la-gestion-publica\/","og_site_name":"Nexo Informativo Santiago de Quer\u00e9taro","article_publisher":"https:\/\/www.facebook.com\/people\/Nexo-Informativo\/61564066885511\/","article_published_time":"2024-10-02T18:00:16+00:00","article_modified_time":"2024-10-02T20:41:03+00:00","og_image":[{"width":801,"height":534,"url":"https:\/\/www.nexoinformativo.mx\/wp-content\/uploads\/2024\/10\/unnamed-2-e1727901595156.jpg","type":"image\/jpeg"}],"author":"Nexo Informativo","twitter_card":"summary_large_image","twitter_misc":{"Escrito por":"Nexo Informativo","Tiempo de lectura":"1 minuto"},"schema":{"@context":"https:\/\/schema.org","@graph":[{"@type":"Article","@id":"https:\/\/www.nexoinformativo.mx\/index.php\/2024\/10\/02\/cabildo-de-corregidora-aprueba-nuevos-secretarios-municipales-para-fortalecer-la-gestion-publica\/#article","isPartOf":{"@id":"https:\/\/www.nexoinformativo.mx\/index.php\/2024\/10\/02\/cabildo-de-corregidora-aprueba-nuevos-secretarios-municipales-para-fortalecer-la-gestion-publica\/"},"author":{"name":"Nexo Informativo","@id":"https:\/\/www.nexoinformativo.mx\/#\/schema\/person\/7749d380ba08c8ca00d7bc76fd907b7d"},"headline":"Cabildo de Corregidora Aprueba Nuevos Secretarios Municipales para Fortalecer la Gesti\u00f3n P\u00fablica","datePublished":"2024-10-02T18:00:16+00:00","dateModified":"2024-10-02T20:41:03+00:00","mainEntityOfPage":{"@id":"https:\/\/www.nexoinformativo.mx\/index.php\/2024\/10\/02\/cabildo-de-corregidora-aprueba-nuevos-secretarios-municipales-para-fortalecer-la-gestion-publica\/"},"wordCount":157,"commentCount":0,"publisher":{"@id":"https:\/\/www.nexoinformativo.mx\/#organization"},"image":{"@id":"https:\/\/www.nexoinformativo.mx\/index.php\/2024\/10\/02\/cabildo-de-corregidora-aprueba-nuevos-secretarios-municipales-para-fortalecer-la-gestion-publica\/#primaryimage"},"thumbnailUrl":"https:\/\/www.nexoinformativo.mx\/wp-content\/uploads\/2024\/10\/unnamed-2-e1727901595156.jpg","keywords":["Corregidora","Di\u00e1logoPol\u00edtico","Gesti\u00f3nP\u00fablica","NuevosSecretarios"],"articleSection":["Municipios","Pol\u00edtica","\u00daltima Hora"],"inLanguage":"es","potentialAction":[{"@type":"CommentAction","name":"Comment","target":["https:\/\/www.nexoinformativo.mx\/index.php\/2024\/10\/02\/cabildo-de-corregidora-aprueba-nuevos-secretarios-municipales-para-fortalecer-la-gestion-publica\/#respond"]}]},{"@type":"WebPage","@id":"https:\/\/www.nexoinformativo.mx\/index.php\/2024\/10\/02\/cabildo-de-corregidora-aprueba-nuevos-secretarios-municipales-para-fortalecer-la-gestion-publica\/","url":"https:\/\/www.nexoinformativo.mx\/index.php\/2024\/10\/02\/cabildo-de-corregidora-aprueba-nuevos-secretarios-municipales-para-fortalecer-la-gestion-publica\/","name":"Cabildo de Corregidora Aprueba Nuevos Secretarios Municipales para Fortalecer la Gesti\u00f3n P\u00fablica | Nexo Informativo Santiago de Quer\u00e9taro","isPartOf":{"@id":"https:\/\/www.nexoinformativo.mx\/#website"},"primaryImageOfPage":{"@id":"https:\/\/www.nexoinformativo.mx\/index.php\/2024\/10\/02\/cabildo-de-corregidora-aprueba-nuevos-secretarios-municipales-para-fortalecer-la-gestion-publica\/#primaryimage"},"image":{"@id":"https:\/\/www.nexoinformativo.mx\/index.php\/2024\/10\/02\/cabildo-de-corregidora-aprueba-nuevos-secretarios-municipales-para-fortalecer-la-gestion-publica\/#primaryimage"},"thumbnailUrl":"https:\/\/www.nexoinformativo.mx\/wp-content\/uploads\/2024\/10\/unnamed-2-e1727901595156.jpg","datePublished":"2024-10-02T18:00:16+00:00","dateModified":"2024-10-02T20:41:03+00:00","description":"Cabildo de Corregidora Aprueba Nuevos Secretarios Municipales para Fortalecer la Gesti\u00f3n P\u00fablica","breadcrumb":{"@id":"https:\/\/www.nexoinformativo.mx\/index.php\/2024\/10\/02\/cabildo-de-corregidora-aprueba-nuevos-secretarios-municipales-para-fortalecer-la-gestion-publica\/#breadcrumb"},"inLanguage":"es","potentialAction":[{"@type":"ReadAction","target":["https:\/\/www.nexoinformativo.mx\/index.php\/2024\/10\/02\/cabildo-de-corregidora-aprueba-nuevos-secretarios-municipales-para-fortalecer-la-gestion-publica\/"]}]},{"@type":"ImageObject","inLanguage":"es","@id":"https:\/\/www.nexoinformativo.mx\/index.php\/2024\/10\/02\/cabildo-de-corregidora-aprueba-nuevos-secretarios-municipales-para-fortalecer-la-gestion-publica\/#primaryimage","url":"https:\/\/www.nexoinformativo.mx\/wp-content\/uploads\/2024\/10\/unnamed-2-e1727901595156.jpg","contentUrl":"https:\/\/www.nexoinformativo.mx\/wp-content\/uploads\/2024\/10\/unnamed-2-e1727901595156.jpg","width":801,"height":534},{"@type":"BreadcrumbList","@id":"https:\/\/www.nexoinformativo.mx\/index.php\/2024\/10\/02\/cabildo-de-corregidora-aprueba-nuevos-secretarios-municipales-para-fortalecer-la-gestion-publica\/#breadcrumb","itemListElement":[{"@type":"ListItem","position":1,"name":"Inicio","item":"https:\/\/www.nexoinformativo.mx\/"},{"@type":"ListItem","position":2,"name":"Cabildo de Corregidora Aprueba Nuevos Secretarios Municipales para Fortalecer la Gesti\u00f3n P\u00fablica"}]},{"@type":"WebSite","@id":"https:\/\/www.nexoinformativo.mx\/#website","url":"https:\/\/www.nexoinformativo.mx\/","name":"Nexo Informativo Santiago de Quer\u00e9taro","description":"Explora NexoInformativo y convi\u00e9rtete en parte de una comunidad que valora el conocimiento y la verdad. Tu nexoinformativo es tu puente hacia una comprensi\u00f3n m\u00e1s profunda del mundo que te rodea.","publisher":{"@id":"https:\/\/www.nexoinformativo.mx\/#organization"},"potentialAction":[{"@type":"SearchAction","target":{"@type":"EntryPoint","urlTemplate":"https:\/\/www.nexoinformativo.mx\/?s={search_term_string}"},"query-input":{"@type":"PropertyValueSpecification","valueRequired":true,"valueName":"search_term_string"}}],"inLanguage":"es"},{"@type":"Organization","@id":"https:\/\/www.nexoinformativo.mx\/#organization","name":"Nexo Informativo Santiago de Quer\u00e9taro","url":"https:\/\/www.nexoinformativo.mx\/","logo":{"@type":"ImageObject","inLanguage":"es","@id":"https:\/\/www.nexoinformativo.mx\/#\/schema\/logo\/image\/","url":"https:\/\/www.nexoinformativo.mx\/wp-content\/uploads\/2024\/07\/nexoi-trasparente-2.png","contentUrl":"https:\/\/www.nexoinformativo.mx\/wp-content\/uploads\/2024\/07\/nexoi-trasparente-2.png","width":816,"height":339,"caption":"Nexo Informativo Santiago de Quer\u00e9taro"},"image":{"@id":"https:\/\/www.nexoinformativo.mx\/#\/schema\/logo\/image\/"},"sameAs":["https:\/\/www.facebook.com\/people\/Nexo-Informativo\/61564066885511\/"]},{"@type":"Person","@id":"https:\/\/www.nexoinformativo.mx\/#\/schema\/person\/7749d380ba08c8ca00d7bc76fd907b7d","name":"Nexo Informativo","image":{"@type":"ImageObject","inLanguage":"es","@id":"https:\/\/www.nexoinformativo.mx\/#\/schema\/person\/image\/","url":"https:\/\/secure.gravatar.com\/avatar\/dde2928154642a13d95f87ddf1ea9718fe2b46760a005c53e41ff5ad610704e6?s=96&d=mm&r=g","contentUrl":"https:\/\/secure.gravatar.com\/avatar\/dde2928154642a13d95f87ddf1ea9718fe2b46760a005c53e41ff5ad610704e6?s=96&d=mm&r=g","caption":"Nexo Informativo"},"url":"https:\/\/www.nexoinformativo.mx\/index.php\/author\/edicion\/"}]}},"_links":{"self":[{"href":"https:\/\/www.nexoinformativo.mx\/index.php\/wp-json\/wp\/v2\/posts\/2541","targetHints":{"allow":["GET"]}}],"collection":[{"href":"https:\/\/www.nexoinformativo.mx\/index.php\/wp-json\/wp\/v2\/posts"}],"about":[{"href":"https:\/\/www.nexoinformativo.mx\/index.php\/wp-json\/wp\/v2\/types\/post"}],"author":[{"embeddable":true,"href":"https:\/\/www.nexoinformativo.mx\/index.php\/wp-json\/wp\/v2\/users\/3"}],"replies":[{"embeddable":true,"href":"https:\/\/www.nexoinformativo.mx\/index.php\/wp-json\/wp\/v2\/comments?post=2541"}],"version-history":[{"count":1,"href":"https:\/\/www.nexoinformativo.mx\/index.php\/wp-json\/wp\/v2\/posts\/2541\/revisions"}],"predecessor-version":[{"id":2543,"href":"https:\/\/www.nexoinformativo.mx\/index.php\/wp-json\/wp\/v2\/posts\/2541\/revisions\/2543"}],"wp:featuredmedia":[{"embeddable":true,"href":"https:\/\/www.nexoinformativo.mx\/index.php\/wp-json\/wp\/v2\/media\/2542"}],"wp:attachment":[{"href":"https:\/\/www.nexoinformativo.mx\/index.php\/wp-json\/wp\/v2\/media?parent=2541"}],"wp:term":[{"taxonomy":"category","embeddable":true,"href":"https:\/\/www.nexoinformativo.mx\/index.php\/wp-json\/wp\/v2\/categories?post=2541"},{"taxonomy":"post_tag","embeddable":true,"href":"https:\/\/www.nexoinformativo.mx\/index.php\/wp-json\/wp\/v2\/tags?post=2541"}],"curies":[{"name":"wp","href":"https:\/\/api.w.org\/{rel}","templated":true}]}}