{"id":2565,"date":"2024-10-02T17:00:47","date_gmt":"2024-10-02T23:00:47","guid":{"rendered":"https:\/\/www.nexoinformativo.mx\/?p=2565"},"modified":"2024-10-02T19:05:07","modified_gmt":"2024-10-03T01:05:07","slug":"sedena-informa-sobre-enfrentamiento-en-chiapas-migrantes-fallecen-tras-incidente-con-el-ejercito","status":"publish","type":"post","link":"https:\/\/www.nexoinformativo.mx\/index.php\/2024\/10\/02\/sedena-informa-sobre-enfrentamiento-en-chiapas-migrantes-fallecen-tras-incidente-con-el-ejercito\/","title":{"rendered":"SEDENA informa sobre enfrentamiento en Chiapas: Migrantes fallecen tras incidente con el Ej\u00e9rcito"},"content":{"rendered":"<div class=\"flex max-w-full flex-col flex-grow\">\n<div class=\"min-h-8 text-message flex w-full flex-col items-end gap-2 whitespace-normal break-words [.text-message+&amp;]:mt-5\" dir=\"auto\" data-message-author-role=\"assistant\" data-message-id=\"21eac6ed-31fb-421a-9648-12f344c3e248\">\n<div class=\"flex w-full flex-col gap-1 empty:hidden first:pt-[3px]\">\n<div class=\"markdown prose w-full break-words dark:prose-invert light\">\n<p style=\"text-align: justify;\">La Secretar\u00eda de la Defensa Nacional <strong>(SEDENA)<\/strong> inform\u00f3 sobre un tr\u00e1gico incidente ocurrido la noche del 1 de octubre de 2024 en la carretera Villa Comaltitl\u00e1n-Huixtla, Chiapas. Durante un operativo de reconocimiento terrestre, personal militar detect\u00f3 un veh\u00edculo tipo pick-up que, al notar la presencia del Ej\u00e9rcito Mexicano, intent\u00f3 evadirlos a alta velocidad.<\/p>\n<p style=\"text-align: justify;\">El personal militar escuch\u00f3 detonaciones, ante la sospecha de un ataque, dos elementos accionaron sus armas, lo que provoc\u00f3 que una de las camionetas de redilas se detuviera. Al acercarse al lugar, los soldados descubrieron a 33 migrantes de diversas nacionalidades, entre ellos egipcios, cubanos, nepal\u00edes, hind\u00faes, pakistan\u00edes y personas de origen \u00e1rabe.<\/p>\n<p style=\"text-align: justify;\">Lamentablemente, cuatro migrantes fueron encontrados sin vida en el lugar, mientras que 12 resultaron heridos y 17 permanecieron ilesos. Los heridos recibieron primeros auxilios por parte del personal militar y fueron trasladados de inmediato al Hospital General de Huixtla. A pesar de los esfuerzos m\u00e9dicos, dos migrantes m\u00e1s fallecieron a causa de las heridas.<\/p>\n<p style=\"text-align: justify;\">Los 17 migrantes ilesos quedaron a disposici\u00f3n del Instituto Nacional de Migraci\u00f3n <strong>(INM)<\/strong>. Por otro lado, los dos militares involucrados en los disparos fueron separados de sus funciones, mientras la Fiscal\u00eda General de la Rep\u00fablica (FGR) realiza las investigaciones correspondientes para deslindar responsabilidades.<\/p>\n<p style=\"text-align: justify;\"><strong>SEDENA<\/strong> se comprometi\u00f3 a colaborar de manera plena con las autoridades civiles para el esclarecimiento de los hechosy subray\u00f3 su pol\u00edtica de cero impunidad.\u00a0Este lamentable suceso pone en foco la dif\u00edcil situaci\u00f3n de los migrantes en la regi\u00f3n.<\/p>\n<\/div>\n<\/div>\n<\/div>\n<\/div>\n","protected":false},"excerpt":{"rendered":"<p>La Secretar\u00eda de la Defensa Nacional (SEDENA) inform\u00f3 sobre un tr\u00e1gico incidente ocurrido la noche del 1 de octubre de 2024 en la carretera Villa Comaltitl\u00e1n-Huixtla, Chiapas. Durante un operativo de reconocimiento terrestre, personal militar detect\u00f3 un veh\u00edculo tipo pick-up que, al notar la presencia del Ej\u00e9rcito Mexicano, intent\u00f3 evadirlos a alta velocidad. El personal [&hellip;]<\/p>\n","protected":false},"author":3,"featured_media":2568,"comment_status":"open","ping_status":"open","sticky":false,"template":"","format":"standard","meta":{"footnotes":""},"categories":[88,58],"tags":[499,1029,1027,1028],"class_list":["post-2565","post","type-post","status-publish","format-standard","has-post-thumbnail","hentry","category-nacional","category-ultima-hora","tag-derechoshumanos","tag-justiciamigrante","tag-migranteschiapas","tag-sedena"],"yoast_head":"<!-- This site is optimized with the Yoast SEO plugin v25.0 - https:\/\/yoast.com\/wordpress\/plugins\/seo\/ -->\n<title>SEDENA informa sobre enfrentamiento en Chiapas: Migrantes fallecen tras incidente con el Ej\u00e9rcito | Nexo Informativo Santiago de Quer\u00e9taro<\/title>\n<meta name=\"description\" content=\"SEDENA informa sobre enfrentamiento en Chiapas: Migrantes fallecen tras incidente con el Ej\u00e9rcito\" \/>\n<meta name=\"robots\" content=\"index, follow, max-snippet:-1, max-image-preview:large, max-video-preview:-1\" \/>\n<link rel=\"canonical\" href=\"https:\/\/www.nexoinformativo.mx\/index.php\/2024\/10\/02\/sedena-informa-sobre-enfrentamiento-en-chiapas-migrantes-fallecen-tras-incidente-con-el-ejercito\/\" \/>\n<meta property=\"og:locale\" content=\"es_MX\" \/>\n<meta property=\"og:type\" content=\"article\" \/>\n<meta property=\"og:title\" content=\"SEDENA informa sobre enfrentamiento en Chiapas: Migrantes fallecen tras incidente con el Ej\u00e9rcito | Nexo Informativo Santiago de Quer\u00e9taro\" \/>\n<meta property=\"og:description\" content=\"SEDENA informa sobre enfrentamiento en Chiapas: Migrantes fallecen tras incidente con el Ej\u00e9rcito\" \/>\n<meta property=\"og:url\" content=\"https:\/\/www.nexoinformativo.mx\/index.php\/2024\/10\/02\/sedena-informa-sobre-enfrentamiento-en-chiapas-migrantes-fallecen-tras-incidente-con-el-ejercito\/\" \/>\n<meta property=\"og:site_name\" content=\"Nexo Informativo Santiago de Quer\u00e9taro\" \/>\n<meta property=\"article:publisher\" content=\"https:\/\/www.facebook.com\/people\/Nexo-Informativo\/61564066885511\/\" \/>\n<meta property=\"article:published_time\" content=\"2024-10-02T23:00:47+00:00\" \/>\n<meta property=\"article:modified_time\" content=\"2024-10-03T01:05:07+00:00\" \/>\n<meta property=\"og:image\" content=\"https:\/\/www.nexoinformativo.mx\/wp-content\/uploads\/2024\/10\/IMG_6641.jpg\" \/>\n\t<meta property=\"og:image:width\" content=\"713\" \/>\n\t<meta property=\"og:image:height\" content=\"430\" \/>\n\t<meta property=\"og:image:type\" content=\"image\/jpeg\" \/>\n<meta name=\"author\" content=\"Nexo Informativo\" \/>\n<meta name=\"twitter:card\" content=\"summary_large_image\" \/>\n<meta name=\"twitter:label1\" content=\"Escrito por\" \/>\n\t<meta name=\"twitter:data1\" content=\"Nexo Informativo\" \/>\n\t<meta name=\"twitter:label2\" content=\"Tiempo de lectura\" \/>\n\t<meta name=\"twitter:data2\" content=\"2 minutos\" \/>\n<script type=\"application\/ld+json\" class=\"yoast-schema-graph\">{\"@context\":\"https:\/\/schema.org\",\"@graph\":[{\"@type\":\"Article\",\"@id\":\"https:\/\/www.nexoinformativo.mx\/index.php\/2024\/10\/02\/sedena-informa-sobre-enfrentamiento-en-chiapas-migrantes-fallecen-tras-incidente-con-el-ejercito\/#article\",\"isPartOf\":{\"@id\":\"https:\/\/www.nexoinformativo.mx\/index.php\/2024\/10\/02\/sedena-informa-sobre-enfrentamiento-en-chiapas-migrantes-fallecen-tras-incidente-con-el-ejercito\/\"},\"author\":{\"name\":\"Nexo Informativo\",\"@id\":\"https:\/\/www.nexoinformativo.mx\/#\/schema\/person\/7749d380ba08c8ca00d7bc76fd907b7d\"},\"headline\":\"SEDENA informa sobre enfrentamiento en Chiapas: Migrantes fallecen tras incidente con el Ej\u00e9rcito\",\"datePublished\":\"2024-10-02T23:00:47+00:00\",\"dateModified\":\"2024-10-03T01:05:07+00:00\",\"mainEntityOfPage\":{\"@id\":\"https:\/\/www.nexoinformativo.mx\/index.php\/2024\/10\/02\/sedena-informa-sobre-enfrentamiento-en-chiapas-migrantes-fallecen-tras-incidente-con-el-ejercito\/\"},\"wordCount\":268,\"commentCount\":0,\"publisher\":{\"@id\":\"https:\/\/www.nexoinformativo.mx\/#organization\"},\"image\":{\"@id\":\"https:\/\/www.nexoinformativo.mx\/index.php\/2024\/10\/02\/sedena-informa-sobre-enfrentamiento-en-chiapas-migrantes-fallecen-tras-incidente-con-el-ejercito\/#primaryimage\"},\"thumbnailUrl\":\"https:\/\/www.nexoinformativo.mx\/wp-content\/uploads\/2024\/10\/IMG_6641.jpg\",\"keywords\":[\"DerechosHumanos\",\"JusticiaMigrante\",\"MigrantesChiapas\",\"SEDENA\"],\"articleSection\":[\"Nacional\",\"\u00daltima Hora\"],\"inLanguage\":\"es\",\"potentialAction\":[{\"@type\":\"CommentAction\",\"name\":\"Comment\",\"target\":[\"https:\/\/www.nexoinformativo.mx\/index.php\/2024\/10\/02\/sedena-informa-sobre-enfrentamiento-en-chiapas-migrantes-fallecen-tras-incidente-con-el-ejercito\/#respond\"]}]},{\"@type\":\"WebPage\",\"@id\":\"https:\/\/www.nexoinformativo.mx\/index.php\/2024\/10\/02\/sedena-informa-sobre-enfrentamiento-en-chiapas-migrantes-fallecen-tras-incidente-con-el-ejercito\/\",\"url\":\"https:\/\/www.nexoinformativo.mx\/index.php\/2024\/10\/02\/sedena-informa-sobre-enfrentamiento-en-chiapas-migrantes-fallecen-tras-incidente-con-el-ejercito\/\",\"name\":\"SEDENA informa sobre enfrentamiento en Chiapas: Migrantes fallecen tras incidente con el Ej\u00e9rcito | Nexo Informativo Santiago de Quer\u00e9taro\",\"isPartOf\":{\"@id\":\"https:\/\/www.nexoinformativo.mx\/#website\"},\"primaryImageOfPage\":{\"@id\":\"https:\/\/www.nexoinformativo.mx\/index.php\/2024\/10\/02\/sedena-informa-sobre-enfrentamiento-en-chiapas-migrantes-fallecen-tras-incidente-con-el-ejercito\/#primaryimage\"},\"image\":{\"@id\":\"https:\/\/www.nexoinformativo.mx\/index.php\/2024\/10\/02\/sedena-informa-sobre-enfrentamiento-en-chiapas-migrantes-fallecen-tras-incidente-con-el-ejercito\/#primaryimage\"},\"thumbnailUrl\":\"https:\/\/www.nexoinformativo.mx\/wp-content\/uploads\/2024\/10\/IMG_6641.jpg\",\"datePublished\":\"2024-10-02T23:00:47+00:00\",\"dateModified\":\"2024-10-03T01:05:07+00:00\",\"description\":\"SEDENA informa sobre enfrentamiento en Chiapas: Migrantes fallecen tras incidente con el Ej\u00e9rcito\",\"breadcrumb\":{\"@id\":\"https:\/\/www.nexoinformativo.mx\/index.php\/2024\/10\/02\/sedena-informa-sobre-enfrentamiento-en-chiapas-migrantes-fallecen-tras-incidente-con-el-ejercito\/#breadcrumb\"},\"inLanguage\":\"es\",\"potentialAction\":[{\"@type\":\"ReadAction\",\"target\":[\"https:\/\/www.nexoinformativo.mx\/index.php\/2024\/10\/02\/sedena-informa-sobre-enfrentamiento-en-chiapas-migrantes-fallecen-tras-incidente-con-el-ejercito\/\"]}]},{\"@type\":\"ImageObject\",\"inLanguage\":\"es\",\"@id\":\"https:\/\/www.nexoinformativo.mx\/index.php\/2024\/10\/02\/sedena-informa-sobre-enfrentamiento-en-chiapas-migrantes-fallecen-tras-incidente-con-el-ejercito\/#primaryimage\",\"url\":\"https:\/\/www.nexoinformativo.mx\/wp-content\/uploads\/2024\/10\/IMG_6641.jpg\",\"contentUrl\":\"https:\/\/www.nexoinformativo.mx\/wp-content\/uploads\/2024\/10\/IMG_6641.jpg\",\"width\":713,\"height\":430},{\"@type\":\"BreadcrumbList\",\"@id\":\"https:\/\/www.nexoinformativo.mx\/index.php\/2024\/10\/02\/sedena-informa-sobre-enfrentamiento-en-chiapas-migrantes-fallecen-tras-incidente-con-el-ejercito\/#breadcrumb\",\"itemListElement\":[{\"@type\":\"ListItem\",\"position\":1,\"name\":\"Inicio\",\"item\":\"https:\/\/www.nexoinformativo.mx\/\"},{\"@type\":\"ListItem\",\"position\":2,\"name\":\"SEDENA informa sobre enfrentamiento en Chiapas: Migrantes fallecen tras incidente con el Ej\u00e9rcito\"}]},{\"@type\":\"WebSite\",\"@id\":\"https:\/\/www.nexoinformativo.mx\/#website\",\"url\":\"https:\/\/www.nexoinformativo.mx\/\",\"name\":\"Nexo Informativo Santiago de Quer\u00e9taro\",\"description\":\"Explora NexoInformativo y convi\u00e9rtete en parte de una comunidad que valora el conocimiento y la verdad. Tu nexoinformativo es tu puente hacia una comprensi\u00f3n m\u00e1s profunda del mundo que te rodea.\",\"publisher\":{\"@id\":\"https:\/\/www.nexoinformativo.mx\/#organization\"},\"potentialAction\":[{\"@type\":\"SearchAction\",\"target\":{\"@type\":\"EntryPoint\",\"urlTemplate\":\"https:\/\/www.nexoinformativo.mx\/?s={search_term_string}\"},\"query-input\":{\"@type\":\"PropertyValueSpecification\",\"valueRequired\":true,\"valueName\":\"search_term_string\"}}],\"inLanguage\":\"es\"},{\"@type\":\"Organization\",\"@id\":\"https:\/\/www.nexoinformativo.mx\/#organization\",\"name\":\"Nexo Informativo Santiago de Quer\u00e9taro\",\"url\":\"https:\/\/www.nexoinformativo.mx\/\",\"logo\":{\"@type\":\"ImageObject\",\"inLanguage\":\"es\",\"@id\":\"https:\/\/www.nexoinformativo.mx\/#\/schema\/logo\/image\/\",\"url\":\"https:\/\/www.nexoinformativo.mx\/wp-content\/uploads\/2024\/07\/nexoi-trasparente-2.png\",\"contentUrl\":\"https:\/\/www.nexoinformativo.mx\/wp-content\/uploads\/2024\/07\/nexoi-trasparente-2.png\",\"width\":816,\"height\":339,\"caption\":\"Nexo Informativo Santiago de Quer\u00e9taro\"},\"image\":{\"@id\":\"https:\/\/www.nexoinformativo.mx\/#\/schema\/logo\/image\/\"},\"sameAs\":[\"https:\/\/www.facebook.com\/people\/Nexo-Informativo\/61564066885511\/\"]},{\"@type\":\"Person\",\"@id\":\"https:\/\/www.nexoinformativo.mx\/#\/schema\/person\/7749d380ba08c8ca00d7bc76fd907b7d\",\"name\":\"Nexo Informativo\",\"image\":{\"@type\":\"ImageObject\",\"inLanguage\":\"es\",\"@id\":\"https:\/\/www.nexoinformativo.mx\/#\/schema\/person\/image\/\",\"url\":\"https:\/\/secure.gravatar.com\/avatar\/dde2928154642a13d95f87ddf1ea9718fe2b46760a005c53e41ff5ad610704e6?s=96&d=mm&r=g\",\"contentUrl\":\"https:\/\/secure.gravatar.com\/avatar\/dde2928154642a13d95f87ddf1ea9718fe2b46760a005c53e41ff5ad610704e6?s=96&d=mm&r=g\",\"caption\":\"Nexo Informativo\"},\"url\":\"https:\/\/www.nexoinformativo.mx\/index.php\/author\/edicion\/\"}]}<\/script>\n<!-- \/ Yoast SEO plugin. -->","yoast_head_json":{"title":"SEDENA informa sobre enfrentamiento en Chiapas: Migrantes fallecen tras incidente con el Ej\u00e9rcito | Nexo Informativo Santiago de Quer\u00e9taro","description":"SEDENA informa sobre enfrentamiento en Chiapas: Migrantes fallecen tras incidente con el Ej\u00e9rcito","robots":{"index":"index","follow":"follow","max-snippet":"max-snippet:-1","max-image-preview":"max-image-preview:large","max-video-preview":"max-video-preview:-1"},"canonical":"https:\/\/www.nexoinformativo.mx\/index.php\/2024\/10\/02\/sedena-informa-sobre-enfrentamiento-en-chiapas-migrantes-fallecen-tras-incidente-con-el-ejercito\/","og_locale":"es_MX","og_type":"article","og_title":"SEDENA informa sobre enfrentamiento en Chiapas: Migrantes fallecen tras incidente con el Ej\u00e9rcito | Nexo Informativo Santiago de Quer\u00e9taro","og_description":"SEDENA informa sobre enfrentamiento en Chiapas: Migrantes fallecen tras incidente con el Ej\u00e9rcito","og_url":"https:\/\/www.nexoinformativo.mx\/index.php\/2024\/10\/02\/sedena-informa-sobre-enfrentamiento-en-chiapas-migrantes-fallecen-tras-incidente-con-el-ejercito\/","og_site_name":"Nexo Informativo Santiago de Quer\u00e9taro","article_publisher":"https:\/\/www.facebook.com\/people\/Nexo-Informativo\/61564066885511\/","article_published_time":"2024-10-02T23:00:47+00:00","article_modified_time":"2024-10-03T01:05:07+00:00","og_image":[{"width":713,"height":430,"url":"https:\/\/www.nexoinformativo.mx\/wp-content\/uploads\/2024\/10\/IMG_6641.jpg","type":"image\/jpeg"}],"author":"Nexo Informativo","twitter_card":"summary_large_image","twitter_misc":{"Escrito por":"Nexo Informativo","Tiempo de lectura":"2 minutos"},"schema":{"@context":"https:\/\/schema.org","@graph":[{"@type":"Article","@id":"https:\/\/www.nexoinformativo.mx\/index.php\/2024\/10\/02\/sedena-informa-sobre-enfrentamiento-en-chiapas-migrantes-fallecen-tras-incidente-con-el-ejercito\/#article","isPartOf":{"@id":"https:\/\/www.nexoinformativo.mx\/index.php\/2024\/10\/02\/sedena-informa-sobre-enfrentamiento-en-chiapas-migrantes-fallecen-tras-incidente-con-el-ejercito\/"},"author":{"name":"Nexo Informativo","@id":"https:\/\/www.nexoinformativo.mx\/#\/schema\/person\/7749d380ba08c8ca00d7bc76fd907b7d"},"headline":"SEDENA informa sobre enfrentamiento en Chiapas: Migrantes fallecen tras incidente con el Ej\u00e9rcito","datePublished":"2024-10-02T23:00:47+00:00","dateModified":"2024-10-03T01:05:07+00:00","mainEntityOfPage":{"@id":"https:\/\/www.nexoinformativo.mx\/index.php\/2024\/10\/02\/sedena-informa-sobre-enfrentamiento-en-chiapas-migrantes-fallecen-tras-incidente-con-el-ejercito\/"},"wordCount":268,"commentCount":0,"publisher":{"@id":"https:\/\/www.nexoinformativo.mx\/#organization"},"image":{"@id":"https:\/\/www.nexoinformativo.mx\/index.php\/2024\/10\/02\/sedena-informa-sobre-enfrentamiento-en-chiapas-migrantes-fallecen-tras-incidente-con-el-ejercito\/#primaryimage"},"thumbnailUrl":"https:\/\/www.nexoinformativo.mx\/wp-content\/uploads\/2024\/10\/IMG_6641.jpg","keywords":["DerechosHumanos","JusticiaMigrante","MigrantesChiapas","SEDENA"],"articleSection":["Nacional","\u00daltima Hora"],"inLanguage":"es","potentialAction":[{"@type":"CommentAction","name":"Comment","target":["https:\/\/www.nexoinformativo.mx\/index.php\/2024\/10\/02\/sedena-informa-sobre-enfrentamiento-en-chiapas-migrantes-fallecen-tras-incidente-con-el-ejercito\/#respond"]}]},{"@type":"WebPage","@id":"https:\/\/www.nexoinformativo.mx\/index.php\/2024\/10\/02\/sedena-informa-sobre-enfrentamiento-en-chiapas-migrantes-fallecen-tras-incidente-con-el-ejercito\/","url":"https:\/\/www.nexoinformativo.mx\/index.php\/2024\/10\/02\/sedena-informa-sobre-enfrentamiento-en-chiapas-migrantes-fallecen-tras-incidente-con-el-ejercito\/","name":"SEDENA informa sobre enfrentamiento en Chiapas: Migrantes fallecen tras incidente con el Ej\u00e9rcito | Nexo Informativo Santiago de Quer\u00e9taro","isPartOf":{"@id":"https:\/\/www.nexoinformativo.mx\/#website"},"primaryImageOfPage":{"@id":"https:\/\/www.nexoinformativo.mx\/index.php\/2024\/10\/02\/sedena-informa-sobre-enfrentamiento-en-chiapas-migrantes-fallecen-tras-incidente-con-el-ejercito\/#primaryimage"},"image":{"@id":"https:\/\/www.nexoinformativo.mx\/index.php\/2024\/10\/02\/sedena-informa-sobre-enfrentamiento-en-chiapas-migrantes-fallecen-tras-incidente-con-el-ejercito\/#primaryimage"},"thumbnailUrl":"https:\/\/www.nexoinformativo.mx\/wp-content\/uploads\/2024\/10\/IMG_6641.jpg","datePublished":"2024-10-02T23:00:47+00:00","dateModified":"2024-10-03T01:05:07+00:00","description":"SEDENA informa sobre enfrentamiento en Chiapas: Migrantes fallecen tras incidente con el Ej\u00e9rcito","breadcrumb":{"@id":"https:\/\/www.nexoinformativo.mx\/index.php\/2024\/10\/02\/sedena-informa-sobre-enfrentamiento-en-chiapas-migrantes-fallecen-tras-incidente-con-el-ejercito\/#breadcrumb"},"inLanguage":"es","potentialAction":[{"@type":"ReadAction","target":["https:\/\/www.nexoinformativo.mx\/index.php\/2024\/10\/02\/sedena-informa-sobre-enfrentamiento-en-chiapas-migrantes-fallecen-tras-incidente-con-el-ejercito\/"]}]},{"@type":"ImageObject","inLanguage":"es","@id":"https:\/\/www.nexoinformativo.mx\/index.php\/2024\/10\/02\/sedena-informa-sobre-enfrentamiento-en-chiapas-migrantes-fallecen-tras-incidente-con-el-ejercito\/#primaryimage","url":"https:\/\/www.nexoinformativo.mx\/wp-content\/uploads\/2024\/10\/IMG_6641.jpg","contentUrl":"https:\/\/www.nexoinformativo.mx\/wp-content\/uploads\/2024\/10\/IMG_6641.jpg","width":713,"height":430},{"@type":"BreadcrumbList","@id":"https:\/\/www.nexoinformativo.mx\/index.php\/2024\/10\/02\/sedena-informa-sobre-enfrentamiento-en-chiapas-migrantes-fallecen-tras-incidente-con-el-ejercito\/#breadcrumb","itemListElement":[{"@type":"ListItem","position":1,"name":"Inicio","item":"https:\/\/www.nexoinformativo.mx\/"},{"@type":"ListItem","position":2,"name":"SEDENA informa sobre enfrentamiento en Chiapas: Migrantes fallecen tras incidente con el Ej\u00e9rcito"}]},{"@type":"WebSite","@id":"https:\/\/www.nexoinformativo.mx\/#website","url":"https:\/\/www.nexoinformativo.mx\/","name":"Nexo Informativo Santiago de Quer\u00e9taro","description":"Explora NexoInformativo y convi\u00e9rtete en parte de una comunidad que valora el conocimiento y la verdad. Tu nexoinformativo es tu puente hacia una comprensi\u00f3n m\u00e1s profunda del mundo que te rodea.","publisher":{"@id":"https:\/\/www.nexoinformativo.mx\/#organization"},"potentialAction":[{"@type":"SearchAction","target":{"@type":"EntryPoint","urlTemplate":"https:\/\/www.nexoinformativo.mx\/?s={search_term_string}"},"query-input":{"@type":"PropertyValueSpecification","valueRequired":true,"valueName":"search_term_string"}}],"inLanguage":"es"},{"@type":"Organization","@id":"https:\/\/www.nexoinformativo.mx\/#organization","name":"Nexo Informativo Santiago de Quer\u00e9taro","url":"https:\/\/www.nexoinformativo.mx\/","logo":{"@type":"ImageObject","inLanguage":"es","@id":"https:\/\/www.nexoinformativo.mx\/#\/schema\/logo\/image\/","url":"https:\/\/www.nexoinformativo.mx\/wp-content\/uploads\/2024\/07\/nexoi-trasparente-2.png","contentUrl":"https:\/\/www.nexoinformativo.mx\/wp-content\/uploads\/2024\/07\/nexoi-trasparente-2.png","width":816,"height":339,"caption":"Nexo Informativo Santiago de Quer\u00e9taro"},"image":{"@id":"https:\/\/www.nexoinformativo.mx\/#\/schema\/logo\/image\/"},"sameAs":["https:\/\/www.facebook.com\/people\/Nexo-Informativo\/61564066885511\/"]},{"@type":"Person","@id":"https:\/\/www.nexoinformativo.mx\/#\/schema\/person\/7749d380ba08c8ca00d7bc76fd907b7d","name":"Nexo Informativo","image":{"@type":"ImageObject","inLanguage":"es","@id":"https:\/\/www.nexoinformativo.mx\/#\/schema\/person\/image\/","url":"https:\/\/secure.gravatar.com\/avatar\/dde2928154642a13d95f87ddf1ea9718fe2b46760a005c53e41ff5ad610704e6?s=96&d=mm&r=g","contentUrl":"https:\/\/secure.gravatar.com\/avatar\/dde2928154642a13d95f87ddf1ea9718fe2b46760a005c53e41ff5ad610704e6?s=96&d=mm&r=g","caption":"Nexo Informativo"},"url":"https:\/\/www.nexoinformativo.mx\/index.php\/author\/edicion\/"}]}},"_links":{"self":[{"href":"https:\/\/www.nexoinformativo.mx\/index.php\/wp-json\/wp\/v2\/posts\/2565","targetHints":{"allow":["GET"]}}],"collection":[{"href":"https:\/\/www.nexoinformativo.mx\/index.php\/wp-json\/wp\/v2\/posts"}],"about":[{"href":"https:\/\/www.nexoinformativo.mx\/index.php\/wp-json\/wp\/v2\/types\/post"}],"author":[{"embeddable":true,"href":"https:\/\/www.nexoinformativo.mx\/index.php\/wp-json\/wp\/v2\/users\/3"}],"replies":[{"embeddable":true,"href":"https:\/\/www.nexoinformativo.mx\/index.php\/wp-json\/wp\/v2\/comments?post=2565"}],"version-history":[{"count":4,"href":"https:\/\/www.nexoinformativo.mx\/index.php\/wp-json\/wp\/v2\/posts\/2565\/revisions"}],"predecessor-version":[{"id":2570,"href":"https:\/\/www.nexoinformativo.mx\/index.php\/wp-json\/wp\/v2\/posts\/2565\/revisions\/2570"}],"wp:featuredmedia":[{"embeddable":true,"href":"https:\/\/www.nexoinformativo.mx\/index.php\/wp-json\/wp\/v2\/media\/2568"}],"wp:attachment":[{"href":"https:\/\/www.nexoinformativo.mx\/index.php\/wp-json\/wp\/v2\/media?parent=2565"}],"wp:term":[{"taxonomy":"category","embeddable":true,"href":"https:\/\/www.nexoinformativo.mx\/index.php\/wp-json\/wp\/v2\/categories?post=2565"},{"taxonomy":"post_tag","embeddable":true,"href":"https:\/\/www.nexoinformativo.mx\/index.php\/wp-json\/wp\/v2\/tags?post=2565"}],"curies":[{"name":"wp","href":"https:\/\/api.w.org\/{rel}","templated":true}]}}