{"id":2584,"date":"2024-10-03T09:00:15","date_gmt":"2024-10-03T15:00:15","guid":{"rendered":"https:\/\/www.nexoinformativo.mx\/?p=2584"},"modified":"2024-10-03T13:27:21","modified_gmt":"2024-10-03T19:27:21","slug":"policia-estatal-de-queretaro-logra-record-de-aseguramiento-de-armas-en-septiembre","status":"publish","type":"post","link":"https:\/\/www.nexoinformativo.mx\/index.php\/2024\/10\/03\/policia-estatal-de-queretaro-logra-record-de-aseguramiento-de-armas-en-septiembre\/","title":{"rendered":"Polic\u00eda Estatal de Quer\u00e9taro logra r\u00e9cord de aseguramiento de armas en Septiembre"},"content":{"rendered":"<p style=\"text-align: justify;\">En un esfuerzo por mejorar la seguridad en Quer\u00e9taro, la Polic\u00eda Estatal <strong>(POES)<\/strong> logr\u00f3 retirar 33 armas de fuego de las calles durante el mes de septiembre, marcando el mayor aseguramiento registrado en un solo mes por la corporaci\u00f3n. Este resultado fue alcanzado gracias a los 399 operativos desplegados en los 18 municipios de la entidad.<\/p>\n<p>&nbsp;<\/p>\n<p style=\"text-align: justify;\">Se puso a disposici\u00f3n de la Fiscal\u00eda a 297 personas que cometieron delitos del fuero com\u00fan o federal. Adem\u00e1s, 2,350 personas que realizaron incivilidades fueron enviadas al Juzgado C\u00edvico Municipal, demostrando el compromiso de la POES por mantener el orden en la regi\u00f3n.<\/p>\n<p>&nbsp;<\/p>\n<p style=\"text-align: justify;\">Adem\u00e1s del retiro de armas, la corporaci\u00f3n asegur\u00f3 diversas dosis de sustancias il\u00edcitas y recuper\u00f3 85 veh\u00edculos con reporte de robo, los cuales fueron puestos a disposici\u00f3n de las autoridades para su posterior devoluci\u00f3n a sus due\u00f1os.\u00a0Como parte de su labor, la POES tambi\u00e9n se encarg\u00f3 de garantizar la seguridad en eventos masivos, deportivos y culturales, logrando que estos concluyeran sin mayores incidentes.<\/p>\n<p>&nbsp;<\/p>\n<p style=\"text-align: justify;\">Este destacado mes de operativos resalta el papel crucial de la Polic\u00eda Estatal en la lucha contra el crimen y en la protecci\u00f3n de los ciudadanos de Quer\u00e9taro.<\/p>\n<p>&nbsp;<\/p>\n<p>&nbsp;<\/p>\n<p style=\"text-align: center;\"><strong><em>\u00a1Informaci\u00f3n que transforma!<\/em><\/strong><\/p>\n","protected":false},"excerpt":{"rendered":"<p>En un esfuerzo por mejorar la seguridad en Quer\u00e9taro, la Polic\u00eda Estatal (POES) logr\u00f3 retirar 33 armas de fuego de las calles durante el mes de septiembre, marcando el mayor aseguramiento registrado en un solo mes por la corporaci\u00f3n.<\/p>\n","protected":false},"author":3,"featured_media":2585,"comment_status":"open","ping_status":"open","sticky":false,"template":"","format":"standard","meta":{"footnotes":""},"categories":[42,58],"tags":[1038,591,242,266],"class_list":["post-2584","post","type-post","status-publish","format-standard","has-post-thumbnail","hentry","category-estado","category-ultima-hora","tag-aseguramientodearmas","tag-poesenaccion","tag-queretaroseguro","tag-seguridadqueretaro"],"yoast_head":"<!-- This site is optimized with the Yoast SEO plugin v25.0 - https:\/\/yoast.com\/wordpress\/plugins\/seo\/ -->\n<title>Polic\u00eda Estatal de Quer\u00e9taro logra r\u00e9cord de aseguramiento de armas en Septiembre | Nexo Informativo Santiago de Quer\u00e9taro<\/title>\n<meta name=\"description\" content=\"Polic\u00eda Estatal de Quer\u00e9taro logra r\u00e9cord de aseguramiento de armas en Septiembre\" \/>\n<meta name=\"robots\" content=\"index, follow, max-snippet:-1, max-image-preview:large, max-video-preview:-1\" \/>\n<link rel=\"canonical\" href=\"https:\/\/www.nexoinformativo.mx\/index.php\/2024\/10\/03\/policia-estatal-de-queretaro-logra-record-de-aseguramiento-de-armas-en-septiembre\/\" \/>\n<meta property=\"og:locale\" content=\"es_MX\" \/>\n<meta property=\"og:type\" content=\"article\" \/>\n<meta property=\"og:title\" content=\"Polic\u00eda Estatal de Quer\u00e9taro logra r\u00e9cord de aseguramiento de armas en Septiembre | Nexo Informativo Santiago de Quer\u00e9taro\" \/>\n<meta property=\"og:description\" content=\"Polic\u00eda Estatal de Quer\u00e9taro logra r\u00e9cord de aseguramiento de armas en Septiembre\" \/>\n<meta property=\"og:url\" content=\"https:\/\/www.nexoinformativo.mx\/index.php\/2024\/10\/03\/policia-estatal-de-queretaro-logra-record-de-aseguramiento-de-armas-en-septiembre\/\" \/>\n<meta property=\"og:site_name\" content=\"Nexo Informativo Santiago de Quer\u00e9taro\" \/>\n<meta property=\"article:publisher\" content=\"https:\/\/www.facebook.com\/people\/Nexo-Informativo\/61564066885511\/\" \/>\n<meta property=\"article:published_time\" content=\"2024-10-03T15:00:15+00:00\" \/>\n<meta property=\"article:modified_time\" content=\"2024-10-03T19:27:21+00:00\" \/>\n<meta property=\"og:image\" content=\"https:\/\/www.nexoinformativo.mx\/wp-content\/uploads\/2024\/10\/PHOTO-2024-10-03-10-39-39-e1727983210149.jpg\" \/>\n\t<meta property=\"og:image:width\" content=\"800\" \/>\n\t<meta property=\"og:image:height\" content=\"367\" \/>\n\t<meta property=\"og:image:type\" content=\"image\/jpeg\" \/>\n<meta name=\"author\" content=\"Nexo Informativo\" \/>\n<meta name=\"twitter:card\" content=\"summary_large_image\" \/>\n<meta name=\"twitter:label1\" content=\"Escrito por\" \/>\n\t<meta name=\"twitter:data1\" content=\"Nexo Informativo\" \/>\n\t<meta name=\"twitter:label2\" content=\"Tiempo de lectura\" \/>\n\t<meta name=\"twitter:data2\" content=\"2 minutos\" \/>\n<script type=\"application\/ld+json\" class=\"yoast-schema-graph\">{\"@context\":\"https:\/\/schema.org\",\"@graph\":[{\"@type\":\"Article\",\"@id\":\"https:\/\/www.nexoinformativo.mx\/index.php\/2024\/10\/03\/policia-estatal-de-queretaro-logra-record-de-aseguramiento-de-armas-en-septiembre\/#article\",\"isPartOf\":{\"@id\":\"https:\/\/www.nexoinformativo.mx\/index.php\/2024\/10\/03\/policia-estatal-de-queretaro-logra-record-de-aseguramiento-de-armas-en-septiembre\/\"},\"author\":{\"name\":\"Nexo Informativo\",\"@id\":\"https:\/\/www.nexoinformativo.mx\/#\/schema\/person\/7749d380ba08c8ca00d7bc76fd907b7d\"},\"headline\":\"Polic\u00eda Estatal de Quer\u00e9taro logra r\u00e9cord de aseguramiento de armas en Septiembre\",\"datePublished\":\"2024-10-03T15:00:15+00:00\",\"dateModified\":\"2024-10-03T19:27:21+00:00\",\"mainEntityOfPage\":{\"@id\":\"https:\/\/www.nexoinformativo.mx\/index.php\/2024\/10\/03\/policia-estatal-de-queretaro-logra-record-de-aseguramiento-de-armas-en-septiembre\/\"},\"wordCount\":229,\"commentCount\":0,\"publisher\":{\"@id\":\"https:\/\/www.nexoinformativo.mx\/#organization\"},\"image\":{\"@id\":\"https:\/\/www.nexoinformativo.mx\/index.php\/2024\/10\/03\/policia-estatal-de-queretaro-logra-record-de-aseguramiento-de-armas-en-septiembre\/#primaryimage\"},\"thumbnailUrl\":\"https:\/\/www.nexoinformativo.mx\/wp-content\/uploads\/2024\/10\/PHOTO-2024-10-03-10-39-39-e1727983210149.jpg\",\"keywords\":[\"AseguramientoDeArmas\",\"POESenAcci\u00f3n\",\"QueretaroSeguro\",\"SeguridadQueretaro\"],\"articleSection\":[\"Estado\",\"\u00daltima Hora\"],\"inLanguage\":\"es\",\"potentialAction\":[{\"@type\":\"CommentAction\",\"name\":\"Comment\",\"target\":[\"https:\/\/www.nexoinformativo.mx\/index.php\/2024\/10\/03\/policia-estatal-de-queretaro-logra-record-de-aseguramiento-de-armas-en-septiembre\/#respond\"]}]},{\"@type\":\"WebPage\",\"@id\":\"https:\/\/www.nexoinformativo.mx\/index.php\/2024\/10\/03\/policia-estatal-de-queretaro-logra-record-de-aseguramiento-de-armas-en-septiembre\/\",\"url\":\"https:\/\/www.nexoinformativo.mx\/index.php\/2024\/10\/03\/policia-estatal-de-queretaro-logra-record-de-aseguramiento-de-armas-en-septiembre\/\",\"name\":\"Polic\u00eda Estatal de Quer\u00e9taro logra r\u00e9cord de aseguramiento de armas en Septiembre | Nexo Informativo Santiago de Quer\u00e9taro\",\"isPartOf\":{\"@id\":\"https:\/\/www.nexoinformativo.mx\/#website\"},\"primaryImageOfPage\":{\"@id\":\"https:\/\/www.nexoinformativo.mx\/index.php\/2024\/10\/03\/policia-estatal-de-queretaro-logra-record-de-aseguramiento-de-armas-en-septiembre\/#primaryimage\"},\"image\":{\"@id\":\"https:\/\/www.nexoinformativo.mx\/index.php\/2024\/10\/03\/policia-estatal-de-queretaro-logra-record-de-aseguramiento-de-armas-en-septiembre\/#primaryimage\"},\"thumbnailUrl\":\"https:\/\/www.nexoinformativo.mx\/wp-content\/uploads\/2024\/10\/PHOTO-2024-10-03-10-39-39-e1727983210149.jpg\",\"datePublished\":\"2024-10-03T15:00:15+00:00\",\"dateModified\":\"2024-10-03T19:27:21+00:00\",\"description\":\"Polic\u00eda Estatal de Quer\u00e9taro logra r\u00e9cord de aseguramiento de armas en Septiembre\",\"breadcrumb\":{\"@id\":\"https:\/\/www.nexoinformativo.mx\/index.php\/2024\/10\/03\/policia-estatal-de-queretaro-logra-record-de-aseguramiento-de-armas-en-septiembre\/#breadcrumb\"},\"inLanguage\":\"es\",\"potentialAction\":[{\"@type\":\"ReadAction\",\"target\":[\"https:\/\/www.nexoinformativo.mx\/index.php\/2024\/10\/03\/policia-estatal-de-queretaro-logra-record-de-aseguramiento-de-armas-en-septiembre\/\"]}]},{\"@type\":\"ImageObject\",\"inLanguage\":\"es\",\"@id\":\"https:\/\/www.nexoinformativo.mx\/index.php\/2024\/10\/03\/policia-estatal-de-queretaro-logra-record-de-aseguramiento-de-armas-en-septiembre\/#primaryimage\",\"url\":\"https:\/\/www.nexoinformativo.mx\/wp-content\/uploads\/2024\/10\/PHOTO-2024-10-03-10-39-39-e1727983210149.jpg\",\"contentUrl\":\"https:\/\/www.nexoinformativo.mx\/wp-content\/uploads\/2024\/10\/PHOTO-2024-10-03-10-39-39-e1727983210149.jpg\",\"width\":800,\"height\":367},{\"@type\":\"BreadcrumbList\",\"@id\":\"https:\/\/www.nexoinformativo.mx\/index.php\/2024\/10\/03\/policia-estatal-de-queretaro-logra-record-de-aseguramiento-de-armas-en-septiembre\/#breadcrumb\",\"itemListElement\":[{\"@type\":\"ListItem\",\"position\":1,\"name\":\"Inicio\",\"item\":\"https:\/\/www.nexoinformativo.mx\/\"},{\"@type\":\"ListItem\",\"position\":2,\"name\":\"Polic\u00eda Estatal de Quer\u00e9taro logra r\u00e9cord de aseguramiento de armas en Septiembre\"}]},{\"@type\":\"WebSite\",\"@id\":\"https:\/\/www.nexoinformativo.mx\/#website\",\"url\":\"https:\/\/www.nexoinformativo.mx\/\",\"name\":\"Nexo Informativo Santiago de Quer\u00e9taro\",\"description\":\"Explora NexoInformativo y convi\u00e9rtete en parte de una comunidad que valora el conocimiento y la verdad. Tu nexoinformativo es tu puente hacia una comprensi\u00f3n m\u00e1s profunda del mundo que te rodea.\",\"publisher\":{\"@id\":\"https:\/\/www.nexoinformativo.mx\/#organization\"},\"potentialAction\":[{\"@type\":\"SearchAction\",\"target\":{\"@type\":\"EntryPoint\",\"urlTemplate\":\"https:\/\/www.nexoinformativo.mx\/?s={search_term_string}\"},\"query-input\":{\"@type\":\"PropertyValueSpecification\",\"valueRequired\":true,\"valueName\":\"search_term_string\"}}],\"inLanguage\":\"es\"},{\"@type\":\"Organization\",\"@id\":\"https:\/\/www.nexoinformativo.mx\/#organization\",\"name\":\"Nexo Informativo Santiago de Quer\u00e9taro\",\"url\":\"https:\/\/www.nexoinformativo.mx\/\",\"logo\":{\"@type\":\"ImageObject\",\"inLanguage\":\"es\",\"@id\":\"https:\/\/www.nexoinformativo.mx\/#\/schema\/logo\/image\/\",\"url\":\"https:\/\/www.nexoinformativo.mx\/wp-content\/uploads\/2024\/07\/nexoi-trasparente-2.png\",\"contentUrl\":\"https:\/\/www.nexoinformativo.mx\/wp-content\/uploads\/2024\/07\/nexoi-trasparente-2.png\",\"width\":816,\"height\":339,\"caption\":\"Nexo Informativo Santiago de Quer\u00e9taro\"},\"image\":{\"@id\":\"https:\/\/www.nexoinformativo.mx\/#\/schema\/logo\/image\/\"},\"sameAs\":[\"https:\/\/www.facebook.com\/people\/Nexo-Informativo\/61564066885511\/\"]},{\"@type\":\"Person\",\"@id\":\"https:\/\/www.nexoinformativo.mx\/#\/schema\/person\/7749d380ba08c8ca00d7bc76fd907b7d\",\"name\":\"Nexo Informativo\",\"image\":{\"@type\":\"ImageObject\",\"inLanguage\":\"es\",\"@id\":\"https:\/\/www.nexoinformativo.mx\/#\/schema\/person\/image\/\",\"url\":\"https:\/\/secure.gravatar.com\/avatar\/dde2928154642a13d95f87ddf1ea9718fe2b46760a005c53e41ff5ad610704e6?s=96&d=mm&r=g\",\"contentUrl\":\"https:\/\/secure.gravatar.com\/avatar\/dde2928154642a13d95f87ddf1ea9718fe2b46760a005c53e41ff5ad610704e6?s=96&d=mm&r=g\",\"caption\":\"Nexo Informativo\"},\"url\":\"https:\/\/www.nexoinformativo.mx\/index.php\/author\/edicion\/\"}]}<\/script>\n<!-- \/ Yoast SEO plugin. -->","yoast_head_json":{"title":"Polic\u00eda Estatal de Quer\u00e9taro logra r\u00e9cord de aseguramiento de armas en Septiembre | Nexo Informativo Santiago de Quer\u00e9taro","description":"Polic\u00eda Estatal de Quer\u00e9taro logra r\u00e9cord de aseguramiento de armas en Septiembre","robots":{"index":"index","follow":"follow","max-snippet":"max-snippet:-1","max-image-preview":"max-image-preview:large","max-video-preview":"max-video-preview:-1"},"canonical":"https:\/\/www.nexoinformativo.mx\/index.php\/2024\/10\/03\/policia-estatal-de-queretaro-logra-record-de-aseguramiento-de-armas-en-septiembre\/","og_locale":"es_MX","og_type":"article","og_title":"Polic\u00eda Estatal de Quer\u00e9taro logra r\u00e9cord de aseguramiento de armas en Septiembre | Nexo Informativo Santiago de Quer\u00e9taro","og_description":"Polic\u00eda Estatal de Quer\u00e9taro logra r\u00e9cord de aseguramiento de armas en Septiembre","og_url":"https:\/\/www.nexoinformativo.mx\/index.php\/2024\/10\/03\/policia-estatal-de-queretaro-logra-record-de-aseguramiento-de-armas-en-septiembre\/","og_site_name":"Nexo Informativo Santiago de Quer\u00e9taro","article_publisher":"https:\/\/www.facebook.com\/people\/Nexo-Informativo\/61564066885511\/","article_published_time":"2024-10-03T15:00:15+00:00","article_modified_time":"2024-10-03T19:27:21+00:00","og_image":[{"width":800,"height":367,"url":"https:\/\/www.nexoinformativo.mx\/wp-content\/uploads\/2024\/10\/PHOTO-2024-10-03-10-39-39-e1727983210149.jpg","type":"image\/jpeg"}],"author":"Nexo Informativo","twitter_card":"summary_large_image","twitter_misc":{"Escrito por":"Nexo Informativo","Tiempo de lectura":"2 minutos"},"schema":{"@context":"https:\/\/schema.org","@graph":[{"@type":"Article","@id":"https:\/\/www.nexoinformativo.mx\/index.php\/2024\/10\/03\/policia-estatal-de-queretaro-logra-record-de-aseguramiento-de-armas-en-septiembre\/#article","isPartOf":{"@id":"https:\/\/www.nexoinformativo.mx\/index.php\/2024\/10\/03\/policia-estatal-de-queretaro-logra-record-de-aseguramiento-de-armas-en-septiembre\/"},"author":{"name":"Nexo Informativo","@id":"https:\/\/www.nexoinformativo.mx\/#\/schema\/person\/7749d380ba08c8ca00d7bc76fd907b7d"},"headline":"Polic\u00eda Estatal de Quer\u00e9taro logra r\u00e9cord de aseguramiento de armas en Septiembre","datePublished":"2024-10-03T15:00:15+00:00","dateModified":"2024-10-03T19:27:21+00:00","mainEntityOfPage":{"@id":"https:\/\/www.nexoinformativo.mx\/index.php\/2024\/10\/03\/policia-estatal-de-queretaro-logra-record-de-aseguramiento-de-armas-en-septiembre\/"},"wordCount":229,"commentCount":0,"publisher":{"@id":"https:\/\/www.nexoinformativo.mx\/#organization"},"image":{"@id":"https:\/\/www.nexoinformativo.mx\/index.php\/2024\/10\/03\/policia-estatal-de-queretaro-logra-record-de-aseguramiento-de-armas-en-septiembre\/#primaryimage"},"thumbnailUrl":"https:\/\/www.nexoinformativo.mx\/wp-content\/uploads\/2024\/10\/PHOTO-2024-10-03-10-39-39-e1727983210149.jpg","keywords":["AseguramientoDeArmas","POESenAcci\u00f3n","QueretaroSeguro","SeguridadQueretaro"],"articleSection":["Estado","\u00daltima Hora"],"inLanguage":"es","potentialAction":[{"@type":"CommentAction","name":"Comment","target":["https:\/\/www.nexoinformativo.mx\/index.php\/2024\/10\/03\/policia-estatal-de-queretaro-logra-record-de-aseguramiento-de-armas-en-septiembre\/#respond"]}]},{"@type":"WebPage","@id":"https:\/\/www.nexoinformativo.mx\/index.php\/2024\/10\/03\/policia-estatal-de-queretaro-logra-record-de-aseguramiento-de-armas-en-septiembre\/","url":"https:\/\/www.nexoinformativo.mx\/index.php\/2024\/10\/03\/policia-estatal-de-queretaro-logra-record-de-aseguramiento-de-armas-en-septiembre\/","name":"Polic\u00eda Estatal de Quer\u00e9taro logra r\u00e9cord de aseguramiento de armas en Septiembre | Nexo Informativo Santiago de Quer\u00e9taro","isPartOf":{"@id":"https:\/\/www.nexoinformativo.mx\/#website"},"primaryImageOfPage":{"@id":"https:\/\/www.nexoinformativo.mx\/index.php\/2024\/10\/03\/policia-estatal-de-queretaro-logra-record-de-aseguramiento-de-armas-en-septiembre\/#primaryimage"},"image":{"@id":"https:\/\/www.nexoinformativo.mx\/index.php\/2024\/10\/03\/policia-estatal-de-queretaro-logra-record-de-aseguramiento-de-armas-en-septiembre\/#primaryimage"},"thumbnailUrl":"https:\/\/www.nexoinformativo.mx\/wp-content\/uploads\/2024\/10\/PHOTO-2024-10-03-10-39-39-e1727983210149.jpg","datePublished":"2024-10-03T15:00:15+00:00","dateModified":"2024-10-03T19:27:21+00:00","description":"Polic\u00eda Estatal de Quer\u00e9taro logra r\u00e9cord de aseguramiento de armas en Septiembre","breadcrumb":{"@id":"https:\/\/www.nexoinformativo.mx\/index.php\/2024\/10\/03\/policia-estatal-de-queretaro-logra-record-de-aseguramiento-de-armas-en-septiembre\/#breadcrumb"},"inLanguage":"es","potentialAction":[{"@type":"ReadAction","target":["https:\/\/www.nexoinformativo.mx\/index.php\/2024\/10\/03\/policia-estatal-de-queretaro-logra-record-de-aseguramiento-de-armas-en-septiembre\/"]}]},{"@type":"ImageObject","inLanguage":"es","@id":"https:\/\/www.nexoinformativo.mx\/index.php\/2024\/10\/03\/policia-estatal-de-queretaro-logra-record-de-aseguramiento-de-armas-en-septiembre\/#primaryimage","url":"https:\/\/www.nexoinformativo.mx\/wp-content\/uploads\/2024\/10\/PHOTO-2024-10-03-10-39-39-e1727983210149.jpg","contentUrl":"https:\/\/www.nexoinformativo.mx\/wp-content\/uploads\/2024\/10\/PHOTO-2024-10-03-10-39-39-e1727983210149.jpg","width":800,"height":367},{"@type":"BreadcrumbList","@id":"https:\/\/www.nexoinformativo.mx\/index.php\/2024\/10\/03\/policia-estatal-de-queretaro-logra-record-de-aseguramiento-de-armas-en-septiembre\/#breadcrumb","itemListElement":[{"@type":"ListItem","position":1,"name":"Inicio","item":"https:\/\/www.nexoinformativo.mx\/"},{"@type":"ListItem","position":2,"name":"Polic\u00eda Estatal de Quer\u00e9taro logra r\u00e9cord de aseguramiento de armas en Septiembre"}]},{"@type":"WebSite","@id":"https:\/\/www.nexoinformativo.mx\/#website","url":"https:\/\/www.nexoinformativo.mx\/","name":"Nexo Informativo Santiago de Quer\u00e9taro","description":"Explora NexoInformativo y convi\u00e9rtete en parte de una comunidad que valora el conocimiento y la verdad. Tu nexoinformativo es tu puente hacia una comprensi\u00f3n m\u00e1s profunda del mundo que te rodea.","publisher":{"@id":"https:\/\/www.nexoinformativo.mx\/#organization"},"potentialAction":[{"@type":"SearchAction","target":{"@type":"EntryPoint","urlTemplate":"https:\/\/www.nexoinformativo.mx\/?s={search_term_string}"},"query-input":{"@type":"PropertyValueSpecification","valueRequired":true,"valueName":"search_term_string"}}],"inLanguage":"es"},{"@type":"Organization","@id":"https:\/\/www.nexoinformativo.mx\/#organization","name":"Nexo Informativo Santiago de Quer\u00e9taro","url":"https:\/\/www.nexoinformativo.mx\/","logo":{"@type":"ImageObject","inLanguage":"es","@id":"https:\/\/www.nexoinformativo.mx\/#\/schema\/logo\/image\/","url":"https:\/\/www.nexoinformativo.mx\/wp-content\/uploads\/2024\/07\/nexoi-trasparente-2.png","contentUrl":"https:\/\/www.nexoinformativo.mx\/wp-content\/uploads\/2024\/07\/nexoi-trasparente-2.png","width":816,"height":339,"caption":"Nexo Informativo Santiago de Quer\u00e9taro"},"image":{"@id":"https:\/\/www.nexoinformativo.mx\/#\/schema\/logo\/image\/"},"sameAs":["https:\/\/www.facebook.com\/people\/Nexo-Informativo\/61564066885511\/"]},{"@type":"Person","@id":"https:\/\/www.nexoinformativo.mx\/#\/schema\/person\/7749d380ba08c8ca00d7bc76fd907b7d","name":"Nexo Informativo","image":{"@type":"ImageObject","inLanguage":"es","@id":"https:\/\/www.nexoinformativo.mx\/#\/schema\/person\/image\/","url":"https:\/\/secure.gravatar.com\/avatar\/dde2928154642a13d95f87ddf1ea9718fe2b46760a005c53e41ff5ad610704e6?s=96&d=mm&r=g","contentUrl":"https:\/\/secure.gravatar.com\/avatar\/dde2928154642a13d95f87ddf1ea9718fe2b46760a005c53e41ff5ad610704e6?s=96&d=mm&r=g","caption":"Nexo Informativo"},"url":"https:\/\/www.nexoinformativo.mx\/index.php\/author\/edicion\/"}]}},"_links":{"self":[{"href":"https:\/\/www.nexoinformativo.mx\/index.php\/wp-json\/wp\/v2\/posts\/2584","targetHints":{"allow":["GET"]}}],"collection":[{"href":"https:\/\/www.nexoinformativo.mx\/index.php\/wp-json\/wp\/v2\/posts"}],"about":[{"href":"https:\/\/www.nexoinformativo.mx\/index.php\/wp-json\/wp\/v2\/types\/post"}],"author":[{"embeddable":true,"href":"https:\/\/www.nexoinformativo.mx\/index.php\/wp-json\/wp\/v2\/users\/3"}],"replies":[{"embeddable":true,"href":"https:\/\/www.nexoinformativo.mx\/index.php\/wp-json\/wp\/v2\/comments?post=2584"}],"version-history":[{"count":5,"href":"https:\/\/www.nexoinformativo.mx\/index.php\/wp-json\/wp\/v2\/posts\/2584\/revisions"}],"predecessor-version":[{"id":2589,"href":"https:\/\/www.nexoinformativo.mx\/index.php\/wp-json\/wp\/v2\/posts\/2584\/revisions\/2589"}],"wp:featuredmedia":[{"embeddable":true,"href":"https:\/\/www.nexoinformativo.mx\/index.php\/wp-json\/wp\/v2\/media\/2585"}],"wp:attachment":[{"href":"https:\/\/www.nexoinformativo.mx\/index.php\/wp-json\/wp\/v2\/media?parent=2584"}],"wp:term":[{"taxonomy":"category","embeddable":true,"href":"https:\/\/www.nexoinformativo.mx\/index.php\/wp-json\/wp\/v2\/categories?post=2584"},{"taxonomy":"post_tag","embeddable":true,"href":"https:\/\/www.nexoinformativo.mx\/index.php\/wp-json\/wp\/v2\/tags?post=2584"}],"curies":[{"name":"wp","href":"https:\/\/api.w.org\/{rel}","templated":true}]}}