{"id":2592,"date":"2024-10-03T09:00:44","date_gmt":"2024-10-03T15:00:44","guid":{"rendered":"https:\/\/www.nexoinformativo.mx\/?p=2592"},"modified":"2024-10-03T13:33:09","modified_gmt":"2024-10-03T19:33:09","slug":"mas-de-3-mil-tramites-realizados-en-septiembre-mes-del-testamento-en-queretaro","status":"publish","type":"post","link":"https:\/\/www.nexoinformativo.mx\/index.php\/2024\/10\/03\/mas-de-3-mil-tramites-realizados-en-septiembre-mes-del-testamento-en-queretaro\/","title":{"rendered":"M\u00e1s de 3 mil tr\u00e1mites realizados en &#8220;Septiembre, Mes del Testamento&#8221; en Quer\u00e9taro"},"content":{"rendered":"<p style=\"text-align: justify;\">El secretario de Gobierno del estado de Quer\u00e9taro, Carlos Alcaraz, inform\u00f3 que se han iniciado cerca de 3 mil tr\u00e1mites\u00a0de testamentos como parte del programa <strong>&#8220;Septiembre-octubre, Mes del Testamento&#8221;<\/strong>. Esta iniciativa, que concluye este viernes, ha tenido como objetivo ofrecer certeza jur\u00eddica al patrimonio de las familias queretanas, facilitando el acceso a este documento esencial.<\/p>\n<p>&nbsp;<\/p>\n<p style=\"text-align: justify;\">Gracias a la colaboraci\u00f3n con el Consejo de Notarios del Estado, las notar\u00edas p\u00fablicas ofrecieron descuentos del <strong>50%<\/strong>\u00a0en los honorarios notariales para la elaboraci\u00f3n del testamento, adem\u00e1s de la condonaci\u00f3n del pago de derechos por la inscripci\u00f3n del aviso de testamento en el Archivo General de Notar\u00edas, que normalmente tiene un costo de 2 mil 500 pesos.<\/p>\n<p>&nbsp;<\/p>\n<p style=\"text-align: justify;\">Este programa tambi\u00e9n brind\u00f3 asesor\u00eda gratuita, y algunas notar\u00edas estar\u00e1n abiertas durante el fin de semana para atender a quienes deseen aprovechar estos beneficios antes de que concluya la campa\u00f1a. El secretario subray\u00f3 la importancia de esta iniciativa para ofrecer tranquilidad y seguridad jur\u00eddica a las familias, permiti\u00e9ndoles proteger su patrimonio de manera accesible.<\/p>\n<p>&nbsp;<\/p>\n<p>&nbsp;<\/p>\n<p style=\"text-align: center;\"><strong><em>\u00a1Informaci\u00f3n que transforma!<\/em><\/strong><\/p>\n","protected":false},"excerpt":{"rendered":"<p>El secretario de Gobierno del estado de Quer\u00e9taro, Carlos Alcaraz, inform\u00f3 que se han iniciado cerca de 3 mil tr\u00e1mitesde testamentos como parte del programa &#8220;Septiembre-octubre, Mes del Testamento&#8221;.<\/p>\n","protected":false},"author":3,"featured_media":2593,"comment_status":"open","ping_status":"open","sticky":false,"template":"","format":"standard","meta":{"footnotes":""},"categories":[137,58],"tags":[1039,426,1040,1041],"class_list":["post-2592","post","type-post","status-publish","format-standard","has-post-thumbnail","hentry","category-sucesos","category-ultima-hora","tag-certezajuridica","tag-mesdeltestamento","tag-patrimonioseguro","tag-queretarolegal"],"yoast_head":"<!-- This site is optimized with the Yoast SEO plugin v25.0 - https:\/\/yoast.com\/wordpress\/plugins\/seo\/ -->\n<title>M\u00e1s de 3 mil tr\u00e1mites realizados en &quot;Septiembre, Mes del Testamento&quot; en Quer\u00e9taro | Nexo Informativo Santiago de Quer\u00e9taro<\/title>\n<meta name=\"description\" content=\"M\u00e1s de 3 mil tr\u00e1mites realizados en &quot;Septiembre, Mes del Testamento&quot; en Quer\u00e9taro\" \/>\n<meta name=\"robots\" content=\"index, follow, max-snippet:-1, max-image-preview:large, max-video-preview:-1\" \/>\n<link rel=\"canonical\" href=\"https:\/\/www.nexoinformativo.mx\/index.php\/2024\/10\/03\/mas-de-3-mil-tramites-realizados-en-septiembre-mes-del-testamento-en-queretaro\/\" \/>\n<meta property=\"og:locale\" content=\"es_MX\" \/>\n<meta property=\"og:type\" content=\"article\" \/>\n<meta property=\"og:title\" content=\"M\u00e1s de 3 mil tr\u00e1mites realizados en &quot;Septiembre, Mes del Testamento&quot; en Quer\u00e9taro | Nexo Informativo Santiago de Quer\u00e9taro\" \/>\n<meta property=\"og:description\" content=\"M\u00e1s de 3 mil tr\u00e1mites realizados en &quot;Septiembre, Mes del Testamento&quot; en Quer\u00e9taro\" \/>\n<meta property=\"og:url\" content=\"https:\/\/www.nexoinformativo.mx\/index.php\/2024\/10\/03\/mas-de-3-mil-tramites-realizados-en-septiembre-mes-del-testamento-en-queretaro\/\" \/>\n<meta property=\"og:site_name\" content=\"Nexo Informativo Santiago de Quer\u00e9taro\" \/>\n<meta property=\"article:publisher\" content=\"https:\/\/www.facebook.com\/people\/Nexo-Informativo\/61564066885511\/\" \/>\n<meta property=\"article:published_time\" content=\"2024-10-03T15:00:44+00:00\" \/>\n<meta property=\"article:modified_time\" content=\"2024-10-03T19:33:09+00:00\" \/>\n<meta property=\"og:image\" content=\"https:\/\/www.nexoinformativo.mx\/wp-content\/uploads\/2024\/10\/PHOTO-2024-10-03-10-49-09-e1727983908767.jpg\" \/>\n\t<meta property=\"og:image:width\" content=\"800\" \/>\n\t<meta property=\"og:image:height\" content=\"600\" \/>\n\t<meta property=\"og:image:type\" content=\"image\/jpeg\" \/>\n<meta name=\"author\" content=\"Nexo Informativo\" \/>\n<meta name=\"twitter:card\" content=\"summary_large_image\" \/>\n<meta name=\"twitter:label1\" content=\"Escrito por\" \/>\n\t<meta name=\"twitter:data1\" content=\"Nexo Informativo\" \/>\n\t<meta name=\"twitter:label2\" content=\"Tiempo de lectura\" \/>\n\t<meta name=\"twitter:data2\" content=\"1 minuto\" \/>\n<script type=\"application\/ld+json\" class=\"yoast-schema-graph\">{\"@context\":\"https:\/\/schema.org\",\"@graph\":[{\"@type\":\"Article\",\"@id\":\"https:\/\/www.nexoinformativo.mx\/index.php\/2024\/10\/03\/mas-de-3-mil-tramites-realizados-en-septiembre-mes-del-testamento-en-queretaro\/#article\",\"isPartOf\":{\"@id\":\"https:\/\/www.nexoinformativo.mx\/index.php\/2024\/10\/03\/mas-de-3-mil-tramites-realizados-en-septiembre-mes-del-testamento-en-queretaro\/\"},\"author\":{\"name\":\"Nexo Informativo\",\"@id\":\"https:\/\/www.nexoinformativo.mx\/#\/schema\/person\/7749d380ba08c8ca00d7bc76fd907b7d\"},\"headline\":\"M\u00e1s de 3 mil tr\u00e1mites realizados en &#8220;Septiembre, Mes del Testamento&#8221; en Quer\u00e9taro\",\"datePublished\":\"2024-10-03T15:00:44+00:00\",\"dateModified\":\"2024-10-03T19:33:09+00:00\",\"mainEntityOfPage\":{\"@id\":\"https:\/\/www.nexoinformativo.mx\/index.php\/2024\/10\/03\/mas-de-3-mil-tramites-realizados-en-septiembre-mes-del-testamento-en-queretaro\/\"},\"wordCount\":205,\"commentCount\":0,\"publisher\":{\"@id\":\"https:\/\/www.nexoinformativo.mx\/#organization\"},\"image\":{\"@id\":\"https:\/\/www.nexoinformativo.mx\/index.php\/2024\/10\/03\/mas-de-3-mil-tramites-realizados-en-septiembre-mes-del-testamento-en-queretaro\/#primaryimage\"},\"thumbnailUrl\":\"https:\/\/www.nexoinformativo.mx\/wp-content\/uploads\/2024\/10\/PHOTO-2024-10-03-10-49-09-e1727983908767.jpg\",\"keywords\":[\"CertezaJur\u00eddica\",\"MesDelTestamento\",\"PatrimonioSeguro\",\"Quer\u00e9taroLegal\"],\"articleSection\":[\"Sucesos\",\"\u00daltima Hora\"],\"inLanguage\":\"es\",\"potentialAction\":[{\"@type\":\"CommentAction\",\"name\":\"Comment\",\"target\":[\"https:\/\/www.nexoinformativo.mx\/index.php\/2024\/10\/03\/mas-de-3-mil-tramites-realizados-en-septiembre-mes-del-testamento-en-queretaro\/#respond\"]}]},{\"@type\":\"WebPage\",\"@id\":\"https:\/\/www.nexoinformativo.mx\/index.php\/2024\/10\/03\/mas-de-3-mil-tramites-realizados-en-septiembre-mes-del-testamento-en-queretaro\/\",\"url\":\"https:\/\/www.nexoinformativo.mx\/index.php\/2024\/10\/03\/mas-de-3-mil-tramites-realizados-en-septiembre-mes-del-testamento-en-queretaro\/\",\"name\":\"M\u00e1s de 3 mil tr\u00e1mites realizados en \\\"Septiembre, Mes del Testamento\\\" en Quer\u00e9taro | Nexo Informativo Santiago de Quer\u00e9taro\",\"isPartOf\":{\"@id\":\"https:\/\/www.nexoinformativo.mx\/#website\"},\"primaryImageOfPage\":{\"@id\":\"https:\/\/www.nexoinformativo.mx\/index.php\/2024\/10\/03\/mas-de-3-mil-tramites-realizados-en-septiembre-mes-del-testamento-en-queretaro\/#primaryimage\"},\"image\":{\"@id\":\"https:\/\/www.nexoinformativo.mx\/index.php\/2024\/10\/03\/mas-de-3-mil-tramites-realizados-en-septiembre-mes-del-testamento-en-queretaro\/#primaryimage\"},\"thumbnailUrl\":\"https:\/\/www.nexoinformativo.mx\/wp-content\/uploads\/2024\/10\/PHOTO-2024-10-03-10-49-09-e1727983908767.jpg\",\"datePublished\":\"2024-10-03T15:00:44+00:00\",\"dateModified\":\"2024-10-03T19:33:09+00:00\",\"description\":\"M\u00e1s de 3 mil tr\u00e1mites realizados en \\\"Septiembre, Mes del Testamento\\\" en Quer\u00e9taro\",\"breadcrumb\":{\"@id\":\"https:\/\/www.nexoinformativo.mx\/index.php\/2024\/10\/03\/mas-de-3-mil-tramites-realizados-en-septiembre-mes-del-testamento-en-queretaro\/#breadcrumb\"},\"inLanguage\":\"es\",\"potentialAction\":[{\"@type\":\"ReadAction\",\"target\":[\"https:\/\/www.nexoinformativo.mx\/index.php\/2024\/10\/03\/mas-de-3-mil-tramites-realizados-en-septiembre-mes-del-testamento-en-queretaro\/\"]}]},{\"@type\":\"ImageObject\",\"inLanguage\":\"es\",\"@id\":\"https:\/\/www.nexoinformativo.mx\/index.php\/2024\/10\/03\/mas-de-3-mil-tramites-realizados-en-septiembre-mes-del-testamento-en-queretaro\/#primaryimage\",\"url\":\"https:\/\/www.nexoinformativo.mx\/wp-content\/uploads\/2024\/10\/PHOTO-2024-10-03-10-49-09-e1727983908767.jpg\",\"contentUrl\":\"https:\/\/www.nexoinformativo.mx\/wp-content\/uploads\/2024\/10\/PHOTO-2024-10-03-10-49-09-e1727983908767.jpg\",\"width\":800,\"height\":600},{\"@type\":\"BreadcrumbList\",\"@id\":\"https:\/\/www.nexoinformativo.mx\/index.php\/2024\/10\/03\/mas-de-3-mil-tramites-realizados-en-septiembre-mes-del-testamento-en-queretaro\/#breadcrumb\",\"itemListElement\":[{\"@type\":\"ListItem\",\"position\":1,\"name\":\"Inicio\",\"item\":\"https:\/\/www.nexoinformativo.mx\/\"},{\"@type\":\"ListItem\",\"position\":2,\"name\":\"M\u00e1s de 3 mil tr\u00e1mites realizados en &#8220;Septiembre, Mes del Testamento&#8221; en Quer\u00e9taro\"}]},{\"@type\":\"WebSite\",\"@id\":\"https:\/\/www.nexoinformativo.mx\/#website\",\"url\":\"https:\/\/www.nexoinformativo.mx\/\",\"name\":\"Nexo Informativo Santiago de Quer\u00e9taro\",\"description\":\"Explora NexoInformativo y convi\u00e9rtete en parte de una comunidad que valora el conocimiento y la verdad. Tu nexoinformativo es tu puente hacia una comprensi\u00f3n m\u00e1s profunda del mundo que te rodea.\",\"publisher\":{\"@id\":\"https:\/\/www.nexoinformativo.mx\/#organization\"},\"potentialAction\":[{\"@type\":\"SearchAction\",\"target\":{\"@type\":\"EntryPoint\",\"urlTemplate\":\"https:\/\/www.nexoinformativo.mx\/?s={search_term_string}\"},\"query-input\":{\"@type\":\"PropertyValueSpecification\",\"valueRequired\":true,\"valueName\":\"search_term_string\"}}],\"inLanguage\":\"es\"},{\"@type\":\"Organization\",\"@id\":\"https:\/\/www.nexoinformativo.mx\/#organization\",\"name\":\"Nexo Informativo Santiago de Quer\u00e9taro\",\"url\":\"https:\/\/www.nexoinformativo.mx\/\",\"logo\":{\"@type\":\"ImageObject\",\"inLanguage\":\"es\",\"@id\":\"https:\/\/www.nexoinformativo.mx\/#\/schema\/logo\/image\/\",\"url\":\"https:\/\/www.nexoinformativo.mx\/wp-content\/uploads\/2024\/07\/nexoi-trasparente-2.png\",\"contentUrl\":\"https:\/\/www.nexoinformativo.mx\/wp-content\/uploads\/2024\/07\/nexoi-trasparente-2.png\",\"width\":816,\"height\":339,\"caption\":\"Nexo Informativo Santiago de Quer\u00e9taro\"},\"image\":{\"@id\":\"https:\/\/www.nexoinformativo.mx\/#\/schema\/logo\/image\/\"},\"sameAs\":[\"https:\/\/www.facebook.com\/people\/Nexo-Informativo\/61564066885511\/\"]},{\"@type\":\"Person\",\"@id\":\"https:\/\/www.nexoinformativo.mx\/#\/schema\/person\/7749d380ba08c8ca00d7bc76fd907b7d\",\"name\":\"Nexo Informativo\",\"image\":{\"@type\":\"ImageObject\",\"inLanguage\":\"es\",\"@id\":\"https:\/\/www.nexoinformativo.mx\/#\/schema\/person\/image\/\",\"url\":\"https:\/\/secure.gravatar.com\/avatar\/dde2928154642a13d95f87ddf1ea9718fe2b46760a005c53e41ff5ad610704e6?s=96&d=mm&r=g\",\"contentUrl\":\"https:\/\/secure.gravatar.com\/avatar\/dde2928154642a13d95f87ddf1ea9718fe2b46760a005c53e41ff5ad610704e6?s=96&d=mm&r=g\",\"caption\":\"Nexo Informativo\"},\"url\":\"https:\/\/www.nexoinformativo.mx\/index.php\/author\/edicion\/\"}]}<\/script>\n<!-- \/ Yoast SEO plugin. -->","yoast_head_json":{"title":"M\u00e1s de 3 mil tr\u00e1mites realizados en \"Septiembre, Mes del Testamento\" en Quer\u00e9taro | Nexo Informativo Santiago de Quer\u00e9taro","description":"M\u00e1s de 3 mil tr\u00e1mites realizados en \"Septiembre, Mes del Testamento\" en Quer\u00e9taro","robots":{"index":"index","follow":"follow","max-snippet":"max-snippet:-1","max-image-preview":"max-image-preview:large","max-video-preview":"max-video-preview:-1"},"canonical":"https:\/\/www.nexoinformativo.mx\/index.php\/2024\/10\/03\/mas-de-3-mil-tramites-realizados-en-septiembre-mes-del-testamento-en-queretaro\/","og_locale":"es_MX","og_type":"article","og_title":"M\u00e1s de 3 mil tr\u00e1mites realizados en \"Septiembre, Mes del Testamento\" en Quer\u00e9taro | Nexo Informativo Santiago de Quer\u00e9taro","og_description":"M\u00e1s de 3 mil tr\u00e1mites realizados en \"Septiembre, Mes del Testamento\" en Quer\u00e9taro","og_url":"https:\/\/www.nexoinformativo.mx\/index.php\/2024\/10\/03\/mas-de-3-mil-tramites-realizados-en-septiembre-mes-del-testamento-en-queretaro\/","og_site_name":"Nexo Informativo Santiago de Quer\u00e9taro","article_publisher":"https:\/\/www.facebook.com\/people\/Nexo-Informativo\/61564066885511\/","article_published_time":"2024-10-03T15:00:44+00:00","article_modified_time":"2024-10-03T19:33:09+00:00","og_image":[{"width":800,"height":600,"url":"https:\/\/www.nexoinformativo.mx\/wp-content\/uploads\/2024\/10\/PHOTO-2024-10-03-10-49-09-e1727983908767.jpg","type":"image\/jpeg"}],"author":"Nexo Informativo","twitter_card":"summary_large_image","twitter_misc":{"Escrito por":"Nexo Informativo","Tiempo de lectura":"1 minuto"},"schema":{"@context":"https:\/\/schema.org","@graph":[{"@type":"Article","@id":"https:\/\/www.nexoinformativo.mx\/index.php\/2024\/10\/03\/mas-de-3-mil-tramites-realizados-en-septiembre-mes-del-testamento-en-queretaro\/#article","isPartOf":{"@id":"https:\/\/www.nexoinformativo.mx\/index.php\/2024\/10\/03\/mas-de-3-mil-tramites-realizados-en-septiembre-mes-del-testamento-en-queretaro\/"},"author":{"name":"Nexo Informativo","@id":"https:\/\/www.nexoinformativo.mx\/#\/schema\/person\/7749d380ba08c8ca00d7bc76fd907b7d"},"headline":"M\u00e1s de 3 mil tr\u00e1mites realizados en &#8220;Septiembre, Mes del Testamento&#8221; en Quer\u00e9taro","datePublished":"2024-10-03T15:00:44+00:00","dateModified":"2024-10-03T19:33:09+00:00","mainEntityOfPage":{"@id":"https:\/\/www.nexoinformativo.mx\/index.php\/2024\/10\/03\/mas-de-3-mil-tramites-realizados-en-septiembre-mes-del-testamento-en-queretaro\/"},"wordCount":205,"commentCount":0,"publisher":{"@id":"https:\/\/www.nexoinformativo.mx\/#organization"},"image":{"@id":"https:\/\/www.nexoinformativo.mx\/index.php\/2024\/10\/03\/mas-de-3-mil-tramites-realizados-en-septiembre-mes-del-testamento-en-queretaro\/#primaryimage"},"thumbnailUrl":"https:\/\/www.nexoinformativo.mx\/wp-content\/uploads\/2024\/10\/PHOTO-2024-10-03-10-49-09-e1727983908767.jpg","keywords":["CertezaJur\u00eddica","MesDelTestamento","PatrimonioSeguro","Quer\u00e9taroLegal"],"articleSection":["Sucesos","\u00daltima Hora"],"inLanguage":"es","potentialAction":[{"@type":"CommentAction","name":"Comment","target":["https:\/\/www.nexoinformativo.mx\/index.php\/2024\/10\/03\/mas-de-3-mil-tramites-realizados-en-septiembre-mes-del-testamento-en-queretaro\/#respond"]}]},{"@type":"WebPage","@id":"https:\/\/www.nexoinformativo.mx\/index.php\/2024\/10\/03\/mas-de-3-mil-tramites-realizados-en-septiembre-mes-del-testamento-en-queretaro\/","url":"https:\/\/www.nexoinformativo.mx\/index.php\/2024\/10\/03\/mas-de-3-mil-tramites-realizados-en-septiembre-mes-del-testamento-en-queretaro\/","name":"M\u00e1s de 3 mil tr\u00e1mites realizados en \"Septiembre, Mes del Testamento\" en Quer\u00e9taro | Nexo Informativo Santiago de Quer\u00e9taro","isPartOf":{"@id":"https:\/\/www.nexoinformativo.mx\/#website"},"primaryImageOfPage":{"@id":"https:\/\/www.nexoinformativo.mx\/index.php\/2024\/10\/03\/mas-de-3-mil-tramites-realizados-en-septiembre-mes-del-testamento-en-queretaro\/#primaryimage"},"image":{"@id":"https:\/\/www.nexoinformativo.mx\/index.php\/2024\/10\/03\/mas-de-3-mil-tramites-realizados-en-septiembre-mes-del-testamento-en-queretaro\/#primaryimage"},"thumbnailUrl":"https:\/\/www.nexoinformativo.mx\/wp-content\/uploads\/2024\/10\/PHOTO-2024-10-03-10-49-09-e1727983908767.jpg","datePublished":"2024-10-03T15:00:44+00:00","dateModified":"2024-10-03T19:33:09+00:00","description":"M\u00e1s de 3 mil tr\u00e1mites realizados en \"Septiembre, Mes del Testamento\" en Quer\u00e9taro","breadcrumb":{"@id":"https:\/\/www.nexoinformativo.mx\/index.php\/2024\/10\/03\/mas-de-3-mil-tramites-realizados-en-septiembre-mes-del-testamento-en-queretaro\/#breadcrumb"},"inLanguage":"es","potentialAction":[{"@type":"ReadAction","target":["https:\/\/www.nexoinformativo.mx\/index.php\/2024\/10\/03\/mas-de-3-mil-tramites-realizados-en-septiembre-mes-del-testamento-en-queretaro\/"]}]},{"@type":"ImageObject","inLanguage":"es","@id":"https:\/\/www.nexoinformativo.mx\/index.php\/2024\/10\/03\/mas-de-3-mil-tramites-realizados-en-septiembre-mes-del-testamento-en-queretaro\/#primaryimage","url":"https:\/\/www.nexoinformativo.mx\/wp-content\/uploads\/2024\/10\/PHOTO-2024-10-03-10-49-09-e1727983908767.jpg","contentUrl":"https:\/\/www.nexoinformativo.mx\/wp-content\/uploads\/2024\/10\/PHOTO-2024-10-03-10-49-09-e1727983908767.jpg","width":800,"height":600},{"@type":"BreadcrumbList","@id":"https:\/\/www.nexoinformativo.mx\/index.php\/2024\/10\/03\/mas-de-3-mil-tramites-realizados-en-septiembre-mes-del-testamento-en-queretaro\/#breadcrumb","itemListElement":[{"@type":"ListItem","position":1,"name":"Inicio","item":"https:\/\/www.nexoinformativo.mx\/"},{"@type":"ListItem","position":2,"name":"M\u00e1s de 3 mil tr\u00e1mites realizados en &#8220;Septiembre, Mes del Testamento&#8221; en Quer\u00e9taro"}]},{"@type":"WebSite","@id":"https:\/\/www.nexoinformativo.mx\/#website","url":"https:\/\/www.nexoinformativo.mx\/","name":"Nexo Informativo Santiago de Quer\u00e9taro","description":"Explora NexoInformativo y convi\u00e9rtete en parte de una comunidad que valora el conocimiento y la verdad. Tu nexoinformativo es tu puente hacia una comprensi\u00f3n m\u00e1s profunda del mundo que te rodea.","publisher":{"@id":"https:\/\/www.nexoinformativo.mx\/#organization"},"potentialAction":[{"@type":"SearchAction","target":{"@type":"EntryPoint","urlTemplate":"https:\/\/www.nexoinformativo.mx\/?s={search_term_string}"},"query-input":{"@type":"PropertyValueSpecification","valueRequired":true,"valueName":"search_term_string"}}],"inLanguage":"es"},{"@type":"Organization","@id":"https:\/\/www.nexoinformativo.mx\/#organization","name":"Nexo Informativo Santiago de Quer\u00e9taro","url":"https:\/\/www.nexoinformativo.mx\/","logo":{"@type":"ImageObject","inLanguage":"es","@id":"https:\/\/www.nexoinformativo.mx\/#\/schema\/logo\/image\/","url":"https:\/\/www.nexoinformativo.mx\/wp-content\/uploads\/2024\/07\/nexoi-trasparente-2.png","contentUrl":"https:\/\/www.nexoinformativo.mx\/wp-content\/uploads\/2024\/07\/nexoi-trasparente-2.png","width":816,"height":339,"caption":"Nexo Informativo Santiago de Quer\u00e9taro"},"image":{"@id":"https:\/\/www.nexoinformativo.mx\/#\/schema\/logo\/image\/"},"sameAs":["https:\/\/www.facebook.com\/people\/Nexo-Informativo\/61564066885511\/"]},{"@type":"Person","@id":"https:\/\/www.nexoinformativo.mx\/#\/schema\/person\/7749d380ba08c8ca00d7bc76fd907b7d","name":"Nexo Informativo","image":{"@type":"ImageObject","inLanguage":"es","@id":"https:\/\/www.nexoinformativo.mx\/#\/schema\/person\/image\/","url":"https:\/\/secure.gravatar.com\/avatar\/dde2928154642a13d95f87ddf1ea9718fe2b46760a005c53e41ff5ad610704e6?s=96&d=mm&r=g","contentUrl":"https:\/\/secure.gravatar.com\/avatar\/dde2928154642a13d95f87ddf1ea9718fe2b46760a005c53e41ff5ad610704e6?s=96&d=mm&r=g","caption":"Nexo Informativo"},"url":"https:\/\/www.nexoinformativo.mx\/index.php\/author\/edicion\/"}]}},"_links":{"self":[{"href":"https:\/\/www.nexoinformativo.mx\/index.php\/wp-json\/wp\/v2\/posts\/2592","targetHints":{"allow":["GET"]}}],"collection":[{"href":"https:\/\/www.nexoinformativo.mx\/index.php\/wp-json\/wp\/v2\/posts"}],"about":[{"href":"https:\/\/www.nexoinformativo.mx\/index.php\/wp-json\/wp\/v2\/types\/post"}],"author":[{"embeddable":true,"href":"https:\/\/www.nexoinformativo.mx\/index.php\/wp-json\/wp\/v2\/users\/3"}],"replies":[{"embeddable":true,"href":"https:\/\/www.nexoinformativo.mx\/index.php\/wp-json\/wp\/v2\/comments?post=2592"}],"version-history":[{"count":2,"href":"https:\/\/www.nexoinformativo.mx\/index.php\/wp-json\/wp\/v2\/posts\/2592\/revisions"}],"predecessor-version":[{"id":2595,"href":"https:\/\/www.nexoinformativo.mx\/index.php\/wp-json\/wp\/v2\/posts\/2592\/revisions\/2595"}],"wp:featuredmedia":[{"embeddable":true,"href":"https:\/\/www.nexoinformativo.mx\/index.php\/wp-json\/wp\/v2\/media\/2593"}],"wp:attachment":[{"href":"https:\/\/www.nexoinformativo.mx\/index.php\/wp-json\/wp\/v2\/media?parent=2592"}],"wp:term":[{"taxonomy":"category","embeddable":true,"href":"https:\/\/www.nexoinformativo.mx\/index.php\/wp-json\/wp\/v2\/categories?post=2592"},{"taxonomy":"post_tag","embeddable":true,"href":"https:\/\/www.nexoinformativo.mx\/index.php\/wp-json\/wp\/v2\/tags?post=2592"}],"curies":[{"name":"wp","href":"https:\/\/api.w.org\/{rel}","templated":true}]}}