{"id":2608,"date":"2024-10-03T12:00:12","date_gmt":"2024-10-03T18:00:12","guid":{"rendered":"https:\/\/www.nexoinformativo.mx\/?p=2608"},"modified":"2024-10-03T14:00:22","modified_gmt":"2024-10-03T20:00:22","slug":"empresas-constructoras-de-queretaro-piden-reactivacion-de-obra-federal","status":"publish","type":"post","link":"https:\/\/www.nexoinformativo.mx\/index.php\/2024\/10\/03\/empresas-constructoras-de-queretaro-piden-reactivacion-de-obra-federal\/","title":{"rendered":"Empresas constructoras de Quer\u00e9taro piden reactivaci\u00f3n de obra federal"},"content":{"rendered":"<p style=\"text-align: justify;\">La C\u00e1mara Mexicana de la Industria de la Construcci\u00f3n <strong>(CMIC)<\/strong> delegaci\u00f3n Quer\u00e9taro, a trav\u00e9s de su presidente Oscar Hale, ha solicitado la reactivaci\u00f3n de los recursos federales para la ejecuci\u00f3n de obras p\u00fablicas en el estado. Hale mencion\u00f3 que en los \u00faltimos a\u00f1os ha habido una disminuci\u00f3n en el presupuesto destinado a infraestructura, llegando en algunos casos a cero recursos federales.<\/p>\n<p>&nbsp;<\/p>\n<p style=\"text-align: justify;\">El presidente de la CMIC enfatiz\u00f3 la importancia de destinar inversiones al mantenimiento de carreteras federales y a proyectos de gran envergadura. Adem\u00e1s, urgi\u00f3 al Gobierno Federal a regresar las participaciones al gobierno estatal para ejecutar estas obras, involucrando a las empresas constructoras locales en los proyectos.<\/p>\n<p>&nbsp;<\/p>\n<p style=\"text-align: justify;\">Hale tambi\u00e9n destac\u00f3 que la CMIC ha entablado conversaciones con el equipo de la presidenta Claudia Sheinbaum para asegurar una mayor participaci\u00f3n de las compa\u00f1\u00edas queretanas en la ejecuci\u00f3n de obras de infraestructura a nivel federal.<\/p>\n<p>&nbsp;<\/p>\n<p style=\"text-align: justify;\">En el gobierno anterior, las constructoras locales no tuvieron la oportunidad de participar en proyectos clave como la construcci\u00f3n y mantenimiento de vialidades y edificaciones educativas, indic\u00f3 el l\u00edder empresarial.<\/p>\n<p>&nbsp;<\/p>\n<p>&nbsp;<\/p>\n<p style=\"text-align: center;\"><em><strong>\u00a1Informaci\u00f3n que transforma!<\/strong><\/em><\/p>\n","protected":false},"excerpt":{"rendered":"<p>La C\u00e1mara Mexicana de la Industria de la Construcci\u00f3n (CMIC) delegaci\u00f3n Quer\u00e9taro, a trav\u00e9s de su presidente Oscar Hale, ha solicitado la reactivaci\u00f3n de los recursos federales para la ejecuci\u00f3n de obras p\u00fablicas en el estado.<\/p>\n","protected":false},"author":3,"featured_media":2613,"comment_status":"open","ping_status":"open","sticky":false,"template":"","format":"standard","meta":{"footnotes":""},"categories":[65,58],"tags":[1049,380,1050,1048],"class_list":["post-2608","post","type-post","status-publish","format-standard","has-post-thumbnail","hentry","category-municipios","category-ultima-hora","tag-cmicqueretaro","tag-infraestructuraqueretaro","tag-obrapublica2024","tag-reactivacionobrafederal"],"yoast_head":"<!-- This site is optimized with the Yoast SEO plugin v25.0 - https:\/\/yoast.com\/wordpress\/plugins\/seo\/ -->\n<title>Empresas constructoras de Quer\u00e9taro piden reactivaci\u00f3n de obra federal | Nexo Informativo Santiago de Quer\u00e9taro<\/title>\n<meta name=\"description\" content=\"Empresas constructoras de Quer\u00e9taro piden reactivaci\u00f3n de obra federal\" \/>\n<meta name=\"robots\" content=\"index, follow, max-snippet:-1, max-image-preview:large, max-video-preview:-1\" \/>\n<link rel=\"canonical\" href=\"https:\/\/www.nexoinformativo.mx\/index.php\/2024\/10\/03\/empresas-constructoras-de-queretaro-piden-reactivacion-de-obra-federal\/\" \/>\n<meta property=\"og:locale\" content=\"es_MX\" \/>\n<meta property=\"og:type\" content=\"article\" \/>\n<meta property=\"og:title\" content=\"Empresas constructoras de Quer\u00e9taro piden reactivaci\u00f3n de obra federal | Nexo Informativo Santiago de Quer\u00e9taro\" \/>\n<meta property=\"og:description\" content=\"Empresas constructoras de Quer\u00e9taro piden reactivaci\u00f3n de obra federal\" \/>\n<meta property=\"og:url\" content=\"https:\/\/www.nexoinformativo.mx\/index.php\/2024\/10\/03\/empresas-constructoras-de-queretaro-piden-reactivacion-de-obra-federal\/\" \/>\n<meta property=\"og:site_name\" content=\"Nexo Informativo Santiago de Quer\u00e9taro\" \/>\n<meta property=\"article:publisher\" content=\"https:\/\/www.facebook.com\/people\/Nexo-Informativo\/61564066885511\/\" \/>\n<meta property=\"article:published_time\" content=\"2024-10-03T18:00:12+00:00\" \/>\n<meta property=\"article:modified_time\" content=\"2024-10-03T20:00:22+00:00\" \/>\n<meta property=\"og:image\" content=\"https:\/\/www.nexoinformativo.mx\/wp-content\/uploads\/2024\/10\/PHOTO-2024-10-03-13-06-53-e1727985568710.jpg\" \/>\n\t<meta property=\"og:image:width\" content=\"800\" \/>\n\t<meta property=\"og:image:height\" content=\"533\" \/>\n\t<meta property=\"og:image:type\" content=\"image\/jpeg\" \/>\n<meta name=\"author\" content=\"Nexo Informativo\" \/>\n<meta name=\"twitter:card\" content=\"summary_large_image\" \/>\n<meta name=\"twitter:label1\" content=\"Escrito por\" \/>\n\t<meta name=\"twitter:data1\" content=\"Nexo Informativo\" \/>\n\t<meta name=\"twitter:label2\" content=\"Tiempo de lectura\" \/>\n\t<meta name=\"twitter:data2\" content=\"2 minutos\" \/>\n<script type=\"application\/ld+json\" class=\"yoast-schema-graph\">{\"@context\":\"https:\/\/schema.org\",\"@graph\":[{\"@type\":\"Article\",\"@id\":\"https:\/\/www.nexoinformativo.mx\/index.php\/2024\/10\/03\/empresas-constructoras-de-queretaro-piden-reactivacion-de-obra-federal\/#article\",\"isPartOf\":{\"@id\":\"https:\/\/www.nexoinformativo.mx\/index.php\/2024\/10\/03\/empresas-constructoras-de-queretaro-piden-reactivacion-de-obra-federal\/\"},\"author\":{\"name\":\"Nexo Informativo\",\"@id\":\"https:\/\/www.nexoinformativo.mx\/#\/schema\/person\/7749d380ba08c8ca00d7bc76fd907b7d\"},\"headline\":\"Empresas constructoras de Quer\u00e9taro piden reactivaci\u00f3n de obra federal\",\"datePublished\":\"2024-10-03T18:00:12+00:00\",\"dateModified\":\"2024-10-03T20:00:22+00:00\",\"mainEntityOfPage\":{\"@id\":\"https:\/\/www.nexoinformativo.mx\/index.php\/2024\/10\/03\/empresas-constructoras-de-queretaro-piden-reactivacion-de-obra-federal\/\"},\"wordCount\":211,\"commentCount\":0,\"publisher\":{\"@id\":\"https:\/\/www.nexoinformativo.mx\/#organization\"},\"image\":{\"@id\":\"https:\/\/www.nexoinformativo.mx\/index.php\/2024\/10\/03\/empresas-constructoras-de-queretaro-piden-reactivacion-de-obra-federal\/#primaryimage\"},\"thumbnailUrl\":\"https:\/\/www.nexoinformativo.mx\/wp-content\/uploads\/2024\/10\/PHOTO-2024-10-03-13-06-53-e1727985568710.jpg\",\"keywords\":[\"CMICQuer\u00e9taro\",\"InfraestructuraQuer\u00e9taro\",\"ObraP\u00fablica2024\",\"Reactivaci\u00f3nObraFederal\"],\"articleSection\":[\"Municipios\",\"\u00daltima Hora\"],\"inLanguage\":\"es\",\"potentialAction\":[{\"@type\":\"CommentAction\",\"name\":\"Comment\",\"target\":[\"https:\/\/www.nexoinformativo.mx\/index.php\/2024\/10\/03\/empresas-constructoras-de-queretaro-piden-reactivacion-de-obra-federal\/#respond\"]}]},{\"@type\":\"WebPage\",\"@id\":\"https:\/\/www.nexoinformativo.mx\/index.php\/2024\/10\/03\/empresas-constructoras-de-queretaro-piden-reactivacion-de-obra-federal\/\",\"url\":\"https:\/\/www.nexoinformativo.mx\/index.php\/2024\/10\/03\/empresas-constructoras-de-queretaro-piden-reactivacion-de-obra-federal\/\",\"name\":\"Empresas constructoras de Quer\u00e9taro piden reactivaci\u00f3n de obra federal | Nexo Informativo Santiago de Quer\u00e9taro\",\"isPartOf\":{\"@id\":\"https:\/\/www.nexoinformativo.mx\/#website\"},\"primaryImageOfPage\":{\"@id\":\"https:\/\/www.nexoinformativo.mx\/index.php\/2024\/10\/03\/empresas-constructoras-de-queretaro-piden-reactivacion-de-obra-federal\/#primaryimage\"},\"image\":{\"@id\":\"https:\/\/www.nexoinformativo.mx\/index.php\/2024\/10\/03\/empresas-constructoras-de-queretaro-piden-reactivacion-de-obra-federal\/#primaryimage\"},\"thumbnailUrl\":\"https:\/\/www.nexoinformativo.mx\/wp-content\/uploads\/2024\/10\/PHOTO-2024-10-03-13-06-53-e1727985568710.jpg\",\"datePublished\":\"2024-10-03T18:00:12+00:00\",\"dateModified\":\"2024-10-03T20:00:22+00:00\",\"description\":\"Empresas constructoras de Quer\u00e9taro piden reactivaci\u00f3n de obra federal\",\"breadcrumb\":{\"@id\":\"https:\/\/www.nexoinformativo.mx\/index.php\/2024\/10\/03\/empresas-constructoras-de-queretaro-piden-reactivacion-de-obra-federal\/#breadcrumb\"},\"inLanguage\":\"es\",\"potentialAction\":[{\"@type\":\"ReadAction\",\"target\":[\"https:\/\/www.nexoinformativo.mx\/index.php\/2024\/10\/03\/empresas-constructoras-de-queretaro-piden-reactivacion-de-obra-federal\/\"]}]},{\"@type\":\"ImageObject\",\"inLanguage\":\"es\",\"@id\":\"https:\/\/www.nexoinformativo.mx\/index.php\/2024\/10\/03\/empresas-constructoras-de-queretaro-piden-reactivacion-de-obra-federal\/#primaryimage\",\"url\":\"https:\/\/www.nexoinformativo.mx\/wp-content\/uploads\/2024\/10\/PHOTO-2024-10-03-13-06-53-e1727985568710.jpg\",\"contentUrl\":\"https:\/\/www.nexoinformativo.mx\/wp-content\/uploads\/2024\/10\/PHOTO-2024-10-03-13-06-53-e1727985568710.jpg\",\"width\":800,\"height\":533},{\"@type\":\"BreadcrumbList\",\"@id\":\"https:\/\/www.nexoinformativo.mx\/index.php\/2024\/10\/03\/empresas-constructoras-de-queretaro-piden-reactivacion-de-obra-federal\/#breadcrumb\",\"itemListElement\":[{\"@type\":\"ListItem\",\"position\":1,\"name\":\"Inicio\",\"item\":\"https:\/\/www.nexoinformativo.mx\/\"},{\"@type\":\"ListItem\",\"position\":2,\"name\":\"Empresas constructoras de Quer\u00e9taro piden reactivaci\u00f3n de obra federal\"}]},{\"@type\":\"WebSite\",\"@id\":\"https:\/\/www.nexoinformativo.mx\/#website\",\"url\":\"https:\/\/www.nexoinformativo.mx\/\",\"name\":\"Nexo Informativo Santiago de Quer\u00e9taro\",\"description\":\"Explora NexoInformativo y convi\u00e9rtete en parte de una comunidad que valora el conocimiento y la verdad. Tu nexoinformativo es tu puente hacia una comprensi\u00f3n m\u00e1s profunda del mundo que te rodea.\",\"publisher\":{\"@id\":\"https:\/\/www.nexoinformativo.mx\/#organization\"},\"potentialAction\":[{\"@type\":\"SearchAction\",\"target\":{\"@type\":\"EntryPoint\",\"urlTemplate\":\"https:\/\/www.nexoinformativo.mx\/?s={search_term_string}\"},\"query-input\":{\"@type\":\"PropertyValueSpecification\",\"valueRequired\":true,\"valueName\":\"search_term_string\"}}],\"inLanguage\":\"es\"},{\"@type\":\"Organization\",\"@id\":\"https:\/\/www.nexoinformativo.mx\/#organization\",\"name\":\"Nexo Informativo Santiago de Quer\u00e9taro\",\"url\":\"https:\/\/www.nexoinformativo.mx\/\",\"logo\":{\"@type\":\"ImageObject\",\"inLanguage\":\"es\",\"@id\":\"https:\/\/www.nexoinformativo.mx\/#\/schema\/logo\/image\/\",\"url\":\"https:\/\/www.nexoinformativo.mx\/wp-content\/uploads\/2024\/07\/nexoi-trasparente-2.png\",\"contentUrl\":\"https:\/\/www.nexoinformativo.mx\/wp-content\/uploads\/2024\/07\/nexoi-trasparente-2.png\",\"width\":816,\"height\":339,\"caption\":\"Nexo Informativo Santiago de Quer\u00e9taro\"},\"image\":{\"@id\":\"https:\/\/www.nexoinformativo.mx\/#\/schema\/logo\/image\/\"},\"sameAs\":[\"https:\/\/www.facebook.com\/people\/Nexo-Informativo\/61564066885511\/\"]},{\"@type\":\"Person\",\"@id\":\"https:\/\/www.nexoinformativo.mx\/#\/schema\/person\/7749d380ba08c8ca00d7bc76fd907b7d\",\"name\":\"Nexo Informativo\",\"image\":{\"@type\":\"ImageObject\",\"inLanguage\":\"es\",\"@id\":\"https:\/\/www.nexoinformativo.mx\/#\/schema\/person\/image\/\",\"url\":\"https:\/\/secure.gravatar.com\/avatar\/dde2928154642a13d95f87ddf1ea9718fe2b46760a005c53e41ff5ad610704e6?s=96&d=mm&r=g\",\"contentUrl\":\"https:\/\/secure.gravatar.com\/avatar\/dde2928154642a13d95f87ddf1ea9718fe2b46760a005c53e41ff5ad610704e6?s=96&d=mm&r=g\",\"caption\":\"Nexo Informativo\"},\"url\":\"https:\/\/www.nexoinformativo.mx\/index.php\/author\/edicion\/\"}]}<\/script>\n<!-- \/ Yoast SEO plugin. -->","yoast_head_json":{"title":"Empresas constructoras de Quer\u00e9taro piden reactivaci\u00f3n de obra federal | Nexo Informativo Santiago de Quer\u00e9taro","description":"Empresas constructoras de Quer\u00e9taro piden reactivaci\u00f3n de obra federal","robots":{"index":"index","follow":"follow","max-snippet":"max-snippet:-1","max-image-preview":"max-image-preview:large","max-video-preview":"max-video-preview:-1"},"canonical":"https:\/\/www.nexoinformativo.mx\/index.php\/2024\/10\/03\/empresas-constructoras-de-queretaro-piden-reactivacion-de-obra-federal\/","og_locale":"es_MX","og_type":"article","og_title":"Empresas constructoras de Quer\u00e9taro piden reactivaci\u00f3n de obra federal | Nexo Informativo Santiago de Quer\u00e9taro","og_description":"Empresas constructoras de Quer\u00e9taro piden reactivaci\u00f3n de obra federal","og_url":"https:\/\/www.nexoinformativo.mx\/index.php\/2024\/10\/03\/empresas-constructoras-de-queretaro-piden-reactivacion-de-obra-federal\/","og_site_name":"Nexo Informativo Santiago de Quer\u00e9taro","article_publisher":"https:\/\/www.facebook.com\/people\/Nexo-Informativo\/61564066885511\/","article_published_time":"2024-10-03T18:00:12+00:00","article_modified_time":"2024-10-03T20:00:22+00:00","og_image":[{"width":800,"height":533,"url":"https:\/\/www.nexoinformativo.mx\/wp-content\/uploads\/2024\/10\/PHOTO-2024-10-03-13-06-53-e1727985568710.jpg","type":"image\/jpeg"}],"author":"Nexo Informativo","twitter_card":"summary_large_image","twitter_misc":{"Escrito por":"Nexo Informativo","Tiempo de lectura":"2 minutos"},"schema":{"@context":"https:\/\/schema.org","@graph":[{"@type":"Article","@id":"https:\/\/www.nexoinformativo.mx\/index.php\/2024\/10\/03\/empresas-constructoras-de-queretaro-piden-reactivacion-de-obra-federal\/#article","isPartOf":{"@id":"https:\/\/www.nexoinformativo.mx\/index.php\/2024\/10\/03\/empresas-constructoras-de-queretaro-piden-reactivacion-de-obra-federal\/"},"author":{"name":"Nexo Informativo","@id":"https:\/\/www.nexoinformativo.mx\/#\/schema\/person\/7749d380ba08c8ca00d7bc76fd907b7d"},"headline":"Empresas constructoras de Quer\u00e9taro piden reactivaci\u00f3n de obra federal","datePublished":"2024-10-03T18:00:12+00:00","dateModified":"2024-10-03T20:00:22+00:00","mainEntityOfPage":{"@id":"https:\/\/www.nexoinformativo.mx\/index.php\/2024\/10\/03\/empresas-constructoras-de-queretaro-piden-reactivacion-de-obra-federal\/"},"wordCount":211,"commentCount":0,"publisher":{"@id":"https:\/\/www.nexoinformativo.mx\/#organization"},"image":{"@id":"https:\/\/www.nexoinformativo.mx\/index.php\/2024\/10\/03\/empresas-constructoras-de-queretaro-piden-reactivacion-de-obra-federal\/#primaryimage"},"thumbnailUrl":"https:\/\/www.nexoinformativo.mx\/wp-content\/uploads\/2024\/10\/PHOTO-2024-10-03-13-06-53-e1727985568710.jpg","keywords":["CMICQuer\u00e9taro","InfraestructuraQuer\u00e9taro","ObraP\u00fablica2024","Reactivaci\u00f3nObraFederal"],"articleSection":["Municipios","\u00daltima Hora"],"inLanguage":"es","potentialAction":[{"@type":"CommentAction","name":"Comment","target":["https:\/\/www.nexoinformativo.mx\/index.php\/2024\/10\/03\/empresas-constructoras-de-queretaro-piden-reactivacion-de-obra-federal\/#respond"]}]},{"@type":"WebPage","@id":"https:\/\/www.nexoinformativo.mx\/index.php\/2024\/10\/03\/empresas-constructoras-de-queretaro-piden-reactivacion-de-obra-federal\/","url":"https:\/\/www.nexoinformativo.mx\/index.php\/2024\/10\/03\/empresas-constructoras-de-queretaro-piden-reactivacion-de-obra-federal\/","name":"Empresas constructoras de Quer\u00e9taro piden reactivaci\u00f3n de obra federal | Nexo Informativo Santiago de Quer\u00e9taro","isPartOf":{"@id":"https:\/\/www.nexoinformativo.mx\/#website"},"primaryImageOfPage":{"@id":"https:\/\/www.nexoinformativo.mx\/index.php\/2024\/10\/03\/empresas-constructoras-de-queretaro-piden-reactivacion-de-obra-federal\/#primaryimage"},"image":{"@id":"https:\/\/www.nexoinformativo.mx\/index.php\/2024\/10\/03\/empresas-constructoras-de-queretaro-piden-reactivacion-de-obra-federal\/#primaryimage"},"thumbnailUrl":"https:\/\/www.nexoinformativo.mx\/wp-content\/uploads\/2024\/10\/PHOTO-2024-10-03-13-06-53-e1727985568710.jpg","datePublished":"2024-10-03T18:00:12+00:00","dateModified":"2024-10-03T20:00:22+00:00","description":"Empresas constructoras de Quer\u00e9taro piden reactivaci\u00f3n de obra federal","breadcrumb":{"@id":"https:\/\/www.nexoinformativo.mx\/index.php\/2024\/10\/03\/empresas-constructoras-de-queretaro-piden-reactivacion-de-obra-federal\/#breadcrumb"},"inLanguage":"es","potentialAction":[{"@type":"ReadAction","target":["https:\/\/www.nexoinformativo.mx\/index.php\/2024\/10\/03\/empresas-constructoras-de-queretaro-piden-reactivacion-de-obra-federal\/"]}]},{"@type":"ImageObject","inLanguage":"es","@id":"https:\/\/www.nexoinformativo.mx\/index.php\/2024\/10\/03\/empresas-constructoras-de-queretaro-piden-reactivacion-de-obra-federal\/#primaryimage","url":"https:\/\/www.nexoinformativo.mx\/wp-content\/uploads\/2024\/10\/PHOTO-2024-10-03-13-06-53-e1727985568710.jpg","contentUrl":"https:\/\/www.nexoinformativo.mx\/wp-content\/uploads\/2024\/10\/PHOTO-2024-10-03-13-06-53-e1727985568710.jpg","width":800,"height":533},{"@type":"BreadcrumbList","@id":"https:\/\/www.nexoinformativo.mx\/index.php\/2024\/10\/03\/empresas-constructoras-de-queretaro-piden-reactivacion-de-obra-federal\/#breadcrumb","itemListElement":[{"@type":"ListItem","position":1,"name":"Inicio","item":"https:\/\/www.nexoinformativo.mx\/"},{"@type":"ListItem","position":2,"name":"Empresas constructoras de Quer\u00e9taro piden reactivaci\u00f3n de obra federal"}]},{"@type":"WebSite","@id":"https:\/\/www.nexoinformativo.mx\/#website","url":"https:\/\/www.nexoinformativo.mx\/","name":"Nexo Informativo Santiago de Quer\u00e9taro","description":"Explora NexoInformativo y convi\u00e9rtete en parte de una comunidad que valora el conocimiento y la verdad. Tu nexoinformativo es tu puente hacia una comprensi\u00f3n m\u00e1s profunda del mundo que te rodea.","publisher":{"@id":"https:\/\/www.nexoinformativo.mx\/#organization"},"potentialAction":[{"@type":"SearchAction","target":{"@type":"EntryPoint","urlTemplate":"https:\/\/www.nexoinformativo.mx\/?s={search_term_string}"},"query-input":{"@type":"PropertyValueSpecification","valueRequired":true,"valueName":"search_term_string"}}],"inLanguage":"es"},{"@type":"Organization","@id":"https:\/\/www.nexoinformativo.mx\/#organization","name":"Nexo Informativo Santiago de Quer\u00e9taro","url":"https:\/\/www.nexoinformativo.mx\/","logo":{"@type":"ImageObject","inLanguage":"es","@id":"https:\/\/www.nexoinformativo.mx\/#\/schema\/logo\/image\/","url":"https:\/\/www.nexoinformativo.mx\/wp-content\/uploads\/2024\/07\/nexoi-trasparente-2.png","contentUrl":"https:\/\/www.nexoinformativo.mx\/wp-content\/uploads\/2024\/07\/nexoi-trasparente-2.png","width":816,"height":339,"caption":"Nexo Informativo Santiago de Quer\u00e9taro"},"image":{"@id":"https:\/\/www.nexoinformativo.mx\/#\/schema\/logo\/image\/"},"sameAs":["https:\/\/www.facebook.com\/people\/Nexo-Informativo\/61564066885511\/"]},{"@type":"Person","@id":"https:\/\/www.nexoinformativo.mx\/#\/schema\/person\/7749d380ba08c8ca00d7bc76fd907b7d","name":"Nexo Informativo","image":{"@type":"ImageObject","inLanguage":"es","@id":"https:\/\/www.nexoinformativo.mx\/#\/schema\/person\/image\/","url":"https:\/\/secure.gravatar.com\/avatar\/dde2928154642a13d95f87ddf1ea9718fe2b46760a005c53e41ff5ad610704e6?s=96&d=mm&r=g","contentUrl":"https:\/\/secure.gravatar.com\/avatar\/dde2928154642a13d95f87ddf1ea9718fe2b46760a005c53e41ff5ad610704e6?s=96&d=mm&r=g","caption":"Nexo Informativo"},"url":"https:\/\/www.nexoinformativo.mx\/index.php\/author\/edicion\/"}]}},"_links":{"self":[{"href":"https:\/\/www.nexoinformativo.mx\/index.php\/wp-json\/wp\/v2\/posts\/2608","targetHints":{"allow":["GET"]}}],"collection":[{"href":"https:\/\/www.nexoinformativo.mx\/index.php\/wp-json\/wp\/v2\/posts"}],"about":[{"href":"https:\/\/www.nexoinformativo.mx\/index.php\/wp-json\/wp\/v2\/types\/post"}],"author":[{"embeddable":true,"href":"https:\/\/www.nexoinformativo.mx\/index.php\/wp-json\/wp\/v2\/users\/3"}],"replies":[{"embeddable":true,"href":"https:\/\/www.nexoinformativo.mx\/index.php\/wp-json\/wp\/v2\/comments?post=2608"}],"version-history":[{"count":4,"href":"https:\/\/www.nexoinformativo.mx\/index.php\/wp-json\/wp\/v2\/posts\/2608\/revisions"}],"predecessor-version":[{"id":2614,"href":"https:\/\/www.nexoinformativo.mx\/index.php\/wp-json\/wp\/v2\/posts\/2608\/revisions\/2614"}],"wp:featuredmedia":[{"embeddable":true,"href":"https:\/\/www.nexoinformativo.mx\/index.php\/wp-json\/wp\/v2\/media\/2613"}],"wp:attachment":[{"href":"https:\/\/www.nexoinformativo.mx\/index.php\/wp-json\/wp\/v2\/media?parent=2608"}],"wp:term":[{"taxonomy":"category","embeddable":true,"href":"https:\/\/www.nexoinformativo.mx\/index.php\/wp-json\/wp\/v2\/categories?post=2608"},{"taxonomy":"post_tag","embeddable":true,"href":"https:\/\/www.nexoinformativo.mx\/index.php\/wp-json\/wp\/v2\/tags?post=2608"}],"curies":[{"name":"wp","href":"https:\/\/api.w.org\/{rel}","templated":true}]}}