{"id":2616,"date":"2024-10-03T12:00:39","date_gmt":"2024-10-03T18:00:39","guid":{"rendered":"https:\/\/www.nexoinformativo.mx\/?p=2616"},"modified":"2024-10-03T14:07:18","modified_gmt":"2024-10-03T20:07:18","slug":"atiende-el-imss-a-siete-lesionados-tras-accidente-en-el-marques-uno-en-estado-grave","status":"publish","type":"post","link":"https:\/\/www.nexoinformativo.mx\/index.php\/2024\/10\/03\/atiende-el-imss-a-siete-lesionados-tras-accidente-en-el-marques-uno-en-estado-grave\/","title":{"rendered":"Atiende el IMSS a siete lesionados tras accidente en el Marqu\u00e9s; uno en estado grave"},"content":{"rendered":"<p style=\"text-align: justify;\">El Instituto Mexicano del Seguro Social (IMSS) en Quer\u00e9taro inform\u00f3 que, tras el accidente ocurrido en la carretera estatal 500 en el municipio de El Marqu\u00e9s, fueron atendidas 15 personas lesionadas. El choque involucr\u00f3 un cami\u00f3n de pasajeros suburbano y un tr\u00e1iler, lo que dej\u00f3 a varios pasajeros heridos.<\/p>\n<p>&nbsp;<\/p>\n<p style=\"text-align: justify;\">De los 15 afectados, 14 fueron ingresados en el Hospital General Regional N\u00famero 2 (HGR2), ubicado en La Pradera. Siete de ellos ya fueron dados de alta tras recibir atenci\u00f3n m\u00e9dica, mientras que otro paciente fue trasladado al Hospital General N\u00famero 1 (HGR1) en la avenida 5 de febrero, donde tambi\u00e9n fue dado de alta, ya que no presentaba lesiones graves.<\/p>\n<p>&nbsp;<\/p>\n<p style=\"text-align: justify;\">Actualmente, el IMSS reporta que siete pacientes permanecen hospitalizados en el HGR2. Seis de ellos est\u00e1n en condici\u00f3n estable, con fracturas y contusiones leves. Sin embargo, uno de los lesionados se encuentra en estado grave, y su evoluci\u00f3n est\u00e1 siendo monitoreada de cerca por el personal m\u00e9dico.<\/p>\n<p>&nbsp;<\/p>\n<p style=\"text-align: justify;\">Las autoridades del IMSS contin\u00faan brindando atenci\u00f3n a los afectados y seguir\u00e1n informando sobre la evoluci\u00f3n de los pacientes que a\u00fan permanecen internados.<\/p>\n<p>&nbsp;<\/p>\n<p>&nbsp;<\/p>\n<p style=\"text-align: center;\"><em><strong>\u00a1Informaci\u00f3n que transforma!<\/strong><\/em><\/p>\n","protected":false},"excerpt":{"rendered":"<p>El Instituto Mexicano del Seguro Social (IMSS) en Quer\u00e9taro inform\u00f3 que, tras el accidente ocurrido en la carretera estatal 500 en el municipio de El Marqu\u00e9s, fueron atendidas 15 personas lesionadas.<\/p>\n","protected":false},"author":3,"featured_media":2617,"comment_status":"open","ping_status":"open","sticky":false,"template":"","format":"standard","meta":{"footnotes":""},"categories":[65,58],"tags":[1051,1053,1052,1054],"class_list":["post-2616","post","type-post","status-publish","format-standard","has-post-thumbnail","hentry","category-municipios","category-ultima-hora","tag-accidenteelmarques","tag-atencionmedicaimss","tag-imssqueretaro","tag-saludqueretaro"],"yoast_head":"<!-- This site is optimized with the Yoast SEO plugin v25.0 - https:\/\/yoast.com\/wordpress\/plugins\/seo\/ -->\n<title>Atiende el IMSS a siete lesionados tras accidente en el Marqu\u00e9s; uno en estado grave | Nexo Informativo Santiago de Quer\u00e9taro<\/title>\n<meta name=\"description\" content=\"Atiende el IMSS a siete lesionados tras accidente en El Marqu\u00e9s; uno en estado grave\" \/>\n<meta name=\"robots\" content=\"index, follow, max-snippet:-1, max-image-preview:large, max-video-preview:-1\" \/>\n<link rel=\"canonical\" href=\"https:\/\/www.nexoinformativo.mx\/index.php\/2024\/10\/03\/atiende-el-imss-a-siete-lesionados-tras-accidente-en-el-marques-uno-en-estado-grave\/\" \/>\n<meta property=\"og:locale\" content=\"es_MX\" \/>\n<meta property=\"og:type\" content=\"article\" \/>\n<meta property=\"og:title\" content=\"Atiende el IMSS a siete lesionados tras accidente en el Marqu\u00e9s; uno en estado grave | Nexo Informativo Santiago de Quer\u00e9taro\" \/>\n<meta property=\"og:description\" content=\"Atiende el IMSS a siete lesionados tras accidente en El Marqu\u00e9s; uno en estado grave\" \/>\n<meta property=\"og:url\" content=\"https:\/\/www.nexoinformativo.mx\/index.php\/2024\/10\/03\/atiende-el-imss-a-siete-lesionados-tras-accidente-en-el-marques-uno-en-estado-grave\/\" \/>\n<meta property=\"og:site_name\" content=\"Nexo Informativo Santiago de Quer\u00e9taro\" \/>\n<meta property=\"article:publisher\" content=\"https:\/\/www.facebook.com\/people\/Nexo-Informativo\/61564066885511\/\" \/>\n<meta property=\"article:published_time\" content=\"2024-10-03T18:00:39+00:00\" \/>\n<meta property=\"article:modified_time\" content=\"2024-10-03T20:07:18+00:00\" \/>\n<meta property=\"og:image\" content=\"https:\/\/www.nexoinformativo.mx\/wp-content\/uploads\/2024\/10\/PHOTO-2024-10-03-13-06-53-2-e1727985809368.jpg\" \/>\n\t<meta property=\"og:image:width\" content=\"800\" \/>\n\t<meta property=\"og:image:height\" content=\"1067\" \/>\n\t<meta property=\"og:image:type\" content=\"image\/jpeg\" \/>\n<meta name=\"author\" content=\"Nexo Informativo\" \/>\n<meta name=\"twitter:card\" content=\"summary_large_image\" \/>\n<meta name=\"twitter:label1\" content=\"Escrito por\" \/>\n\t<meta name=\"twitter:data1\" content=\"Nexo Informativo\" \/>\n\t<meta name=\"twitter:label2\" content=\"Tiempo de lectura\" \/>\n\t<meta name=\"twitter:data2\" content=\"2 minutos\" \/>\n<script type=\"application\/ld+json\" class=\"yoast-schema-graph\">{\"@context\":\"https:\/\/schema.org\",\"@graph\":[{\"@type\":\"Article\",\"@id\":\"https:\/\/www.nexoinformativo.mx\/index.php\/2024\/10\/03\/atiende-el-imss-a-siete-lesionados-tras-accidente-en-el-marques-uno-en-estado-grave\/#article\",\"isPartOf\":{\"@id\":\"https:\/\/www.nexoinformativo.mx\/index.php\/2024\/10\/03\/atiende-el-imss-a-siete-lesionados-tras-accidente-en-el-marques-uno-en-estado-grave\/\"},\"author\":{\"name\":\"Nexo Informativo\",\"@id\":\"https:\/\/www.nexoinformativo.mx\/#\/schema\/person\/7749d380ba08c8ca00d7bc76fd907b7d\"},\"headline\":\"Atiende el IMSS a siete lesionados tras accidente en el Marqu\u00e9s; uno en estado grave\",\"datePublished\":\"2024-10-03T18:00:39+00:00\",\"dateModified\":\"2024-10-03T20:07:18+00:00\",\"mainEntityOfPage\":{\"@id\":\"https:\/\/www.nexoinformativo.mx\/index.php\/2024\/10\/03\/atiende-el-imss-a-siete-lesionados-tras-accidente-en-el-marques-uno-en-estado-grave\/\"},\"wordCount\":216,\"commentCount\":0,\"publisher\":{\"@id\":\"https:\/\/www.nexoinformativo.mx\/#organization\"},\"image\":{\"@id\":\"https:\/\/www.nexoinformativo.mx\/index.php\/2024\/10\/03\/atiende-el-imss-a-siete-lesionados-tras-accidente-en-el-marques-uno-en-estado-grave\/#primaryimage\"},\"thumbnailUrl\":\"https:\/\/www.nexoinformativo.mx\/wp-content\/uploads\/2024\/10\/PHOTO-2024-10-03-13-06-53-2-e1727985809368.jpg\",\"keywords\":[\"AccidenteElMarqu\u00e9s\",\"Atenci\u00f3nM\u00e9dicaIMSS\",\"IMSSQuer\u00e9taro\",\"SaludQuer\u00e9taro\"],\"articleSection\":[\"Municipios\",\"\u00daltima Hora\"],\"inLanguage\":\"es\",\"potentialAction\":[{\"@type\":\"CommentAction\",\"name\":\"Comment\",\"target\":[\"https:\/\/www.nexoinformativo.mx\/index.php\/2024\/10\/03\/atiende-el-imss-a-siete-lesionados-tras-accidente-en-el-marques-uno-en-estado-grave\/#respond\"]}]},{\"@type\":\"WebPage\",\"@id\":\"https:\/\/www.nexoinformativo.mx\/index.php\/2024\/10\/03\/atiende-el-imss-a-siete-lesionados-tras-accidente-en-el-marques-uno-en-estado-grave\/\",\"url\":\"https:\/\/www.nexoinformativo.mx\/index.php\/2024\/10\/03\/atiende-el-imss-a-siete-lesionados-tras-accidente-en-el-marques-uno-en-estado-grave\/\",\"name\":\"Atiende el IMSS a siete lesionados tras accidente en el Marqu\u00e9s; uno en estado grave | Nexo Informativo Santiago de Quer\u00e9taro\",\"isPartOf\":{\"@id\":\"https:\/\/www.nexoinformativo.mx\/#website\"},\"primaryImageOfPage\":{\"@id\":\"https:\/\/www.nexoinformativo.mx\/index.php\/2024\/10\/03\/atiende-el-imss-a-siete-lesionados-tras-accidente-en-el-marques-uno-en-estado-grave\/#primaryimage\"},\"image\":{\"@id\":\"https:\/\/www.nexoinformativo.mx\/index.php\/2024\/10\/03\/atiende-el-imss-a-siete-lesionados-tras-accidente-en-el-marques-uno-en-estado-grave\/#primaryimage\"},\"thumbnailUrl\":\"https:\/\/www.nexoinformativo.mx\/wp-content\/uploads\/2024\/10\/PHOTO-2024-10-03-13-06-53-2-e1727985809368.jpg\",\"datePublished\":\"2024-10-03T18:00:39+00:00\",\"dateModified\":\"2024-10-03T20:07:18+00:00\",\"description\":\"Atiende el IMSS a siete lesionados tras accidente en El Marqu\u00e9s; uno en estado grave\",\"breadcrumb\":{\"@id\":\"https:\/\/www.nexoinformativo.mx\/index.php\/2024\/10\/03\/atiende-el-imss-a-siete-lesionados-tras-accidente-en-el-marques-uno-en-estado-grave\/#breadcrumb\"},\"inLanguage\":\"es\",\"potentialAction\":[{\"@type\":\"ReadAction\",\"target\":[\"https:\/\/www.nexoinformativo.mx\/index.php\/2024\/10\/03\/atiende-el-imss-a-siete-lesionados-tras-accidente-en-el-marques-uno-en-estado-grave\/\"]}]},{\"@type\":\"ImageObject\",\"inLanguage\":\"es\",\"@id\":\"https:\/\/www.nexoinformativo.mx\/index.php\/2024\/10\/03\/atiende-el-imss-a-siete-lesionados-tras-accidente-en-el-marques-uno-en-estado-grave\/#primaryimage\",\"url\":\"https:\/\/www.nexoinformativo.mx\/wp-content\/uploads\/2024\/10\/PHOTO-2024-10-03-13-06-53-2-e1727985809368.jpg\",\"contentUrl\":\"https:\/\/www.nexoinformativo.mx\/wp-content\/uploads\/2024\/10\/PHOTO-2024-10-03-13-06-53-2-e1727985809368.jpg\",\"width\":800,\"height\":1067},{\"@type\":\"BreadcrumbList\",\"@id\":\"https:\/\/www.nexoinformativo.mx\/index.php\/2024\/10\/03\/atiende-el-imss-a-siete-lesionados-tras-accidente-en-el-marques-uno-en-estado-grave\/#breadcrumb\",\"itemListElement\":[{\"@type\":\"ListItem\",\"position\":1,\"name\":\"Inicio\",\"item\":\"https:\/\/www.nexoinformativo.mx\/\"},{\"@type\":\"ListItem\",\"position\":2,\"name\":\"Atiende el IMSS a siete lesionados tras accidente en el Marqu\u00e9s; uno en estado grave\"}]},{\"@type\":\"WebSite\",\"@id\":\"https:\/\/www.nexoinformativo.mx\/#website\",\"url\":\"https:\/\/www.nexoinformativo.mx\/\",\"name\":\"Nexo Informativo Santiago de Quer\u00e9taro\",\"description\":\"Explora NexoInformativo y convi\u00e9rtete en parte de una comunidad que valora el conocimiento y la verdad. Tu nexoinformativo es tu puente hacia una comprensi\u00f3n m\u00e1s profunda del mundo que te rodea.\",\"publisher\":{\"@id\":\"https:\/\/www.nexoinformativo.mx\/#organization\"},\"potentialAction\":[{\"@type\":\"SearchAction\",\"target\":{\"@type\":\"EntryPoint\",\"urlTemplate\":\"https:\/\/www.nexoinformativo.mx\/?s={search_term_string}\"},\"query-input\":{\"@type\":\"PropertyValueSpecification\",\"valueRequired\":true,\"valueName\":\"search_term_string\"}}],\"inLanguage\":\"es\"},{\"@type\":\"Organization\",\"@id\":\"https:\/\/www.nexoinformativo.mx\/#organization\",\"name\":\"Nexo Informativo Santiago de Quer\u00e9taro\",\"url\":\"https:\/\/www.nexoinformativo.mx\/\",\"logo\":{\"@type\":\"ImageObject\",\"inLanguage\":\"es\",\"@id\":\"https:\/\/www.nexoinformativo.mx\/#\/schema\/logo\/image\/\",\"url\":\"https:\/\/www.nexoinformativo.mx\/wp-content\/uploads\/2024\/07\/nexoi-trasparente-2.png\",\"contentUrl\":\"https:\/\/www.nexoinformativo.mx\/wp-content\/uploads\/2024\/07\/nexoi-trasparente-2.png\",\"width\":816,\"height\":339,\"caption\":\"Nexo Informativo Santiago de Quer\u00e9taro\"},\"image\":{\"@id\":\"https:\/\/www.nexoinformativo.mx\/#\/schema\/logo\/image\/\"},\"sameAs\":[\"https:\/\/www.facebook.com\/people\/Nexo-Informativo\/61564066885511\/\"]},{\"@type\":\"Person\",\"@id\":\"https:\/\/www.nexoinformativo.mx\/#\/schema\/person\/7749d380ba08c8ca00d7bc76fd907b7d\",\"name\":\"Nexo Informativo\",\"image\":{\"@type\":\"ImageObject\",\"inLanguage\":\"es\",\"@id\":\"https:\/\/www.nexoinformativo.mx\/#\/schema\/person\/image\/\",\"url\":\"https:\/\/secure.gravatar.com\/avatar\/dde2928154642a13d95f87ddf1ea9718fe2b46760a005c53e41ff5ad610704e6?s=96&d=mm&r=g\",\"contentUrl\":\"https:\/\/secure.gravatar.com\/avatar\/dde2928154642a13d95f87ddf1ea9718fe2b46760a005c53e41ff5ad610704e6?s=96&d=mm&r=g\",\"caption\":\"Nexo Informativo\"},\"url\":\"https:\/\/www.nexoinformativo.mx\/index.php\/author\/edicion\/\"}]}<\/script>\n<!-- \/ Yoast SEO plugin. -->","yoast_head_json":{"title":"Atiende el IMSS a siete lesionados tras accidente en el Marqu\u00e9s; uno en estado grave | Nexo Informativo Santiago de Quer\u00e9taro","description":"Atiende el IMSS a siete lesionados tras accidente en El Marqu\u00e9s; uno en estado grave","robots":{"index":"index","follow":"follow","max-snippet":"max-snippet:-1","max-image-preview":"max-image-preview:large","max-video-preview":"max-video-preview:-1"},"canonical":"https:\/\/www.nexoinformativo.mx\/index.php\/2024\/10\/03\/atiende-el-imss-a-siete-lesionados-tras-accidente-en-el-marques-uno-en-estado-grave\/","og_locale":"es_MX","og_type":"article","og_title":"Atiende el IMSS a siete lesionados tras accidente en el Marqu\u00e9s; uno en estado grave | Nexo Informativo Santiago de Quer\u00e9taro","og_description":"Atiende el IMSS a siete lesionados tras accidente en El Marqu\u00e9s; uno en estado grave","og_url":"https:\/\/www.nexoinformativo.mx\/index.php\/2024\/10\/03\/atiende-el-imss-a-siete-lesionados-tras-accidente-en-el-marques-uno-en-estado-grave\/","og_site_name":"Nexo Informativo Santiago de Quer\u00e9taro","article_publisher":"https:\/\/www.facebook.com\/people\/Nexo-Informativo\/61564066885511\/","article_published_time":"2024-10-03T18:00:39+00:00","article_modified_time":"2024-10-03T20:07:18+00:00","og_image":[{"width":800,"height":1067,"url":"https:\/\/www.nexoinformativo.mx\/wp-content\/uploads\/2024\/10\/PHOTO-2024-10-03-13-06-53-2-e1727985809368.jpg","type":"image\/jpeg"}],"author":"Nexo Informativo","twitter_card":"summary_large_image","twitter_misc":{"Escrito por":"Nexo Informativo","Tiempo de lectura":"2 minutos"},"schema":{"@context":"https:\/\/schema.org","@graph":[{"@type":"Article","@id":"https:\/\/www.nexoinformativo.mx\/index.php\/2024\/10\/03\/atiende-el-imss-a-siete-lesionados-tras-accidente-en-el-marques-uno-en-estado-grave\/#article","isPartOf":{"@id":"https:\/\/www.nexoinformativo.mx\/index.php\/2024\/10\/03\/atiende-el-imss-a-siete-lesionados-tras-accidente-en-el-marques-uno-en-estado-grave\/"},"author":{"name":"Nexo Informativo","@id":"https:\/\/www.nexoinformativo.mx\/#\/schema\/person\/7749d380ba08c8ca00d7bc76fd907b7d"},"headline":"Atiende el IMSS a siete lesionados tras accidente en el Marqu\u00e9s; uno en estado grave","datePublished":"2024-10-03T18:00:39+00:00","dateModified":"2024-10-03T20:07:18+00:00","mainEntityOfPage":{"@id":"https:\/\/www.nexoinformativo.mx\/index.php\/2024\/10\/03\/atiende-el-imss-a-siete-lesionados-tras-accidente-en-el-marques-uno-en-estado-grave\/"},"wordCount":216,"commentCount":0,"publisher":{"@id":"https:\/\/www.nexoinformativo.mx\/#organization"},"image":{"@id":"https:\/\/www.nexoinformativo.mx\/index.php\/2024\/10\/03\/atiende-el-imss-a-siete-lesionados-tras-accidente-en-el-marques-uno-en-estado-grave\/#primaryimage"},"thumbnailUrl":"https:\/\/www.nexoinformativo.mx\/wp-content\/uploads\/2024\/10\/PHOTO-2024-10-03-13-06-53-2-e1727985809368.jpg","keywords":["AccidenteElMarqu\u00e9s","Atenci\u00f3nM\u00e9dicaIMSS","IMSSQuer\u00e9taro","SaludQuer\u00e9taro"],"articleSection":["Municipios","\u00daltima Hora"],"inLanguage":"es","potentialAction":[{"@type":"CommentAction","name":"Comment","target":["https:\/\/www.nexoinformativo.mx\/index.php\/2024\/10\/03\/atiende-el-imss-a-siete-lesionados-tras-accidente-en-el-marques-uno-en-estado-grave\/#respond"]}]},{"@type":"WebPage","@id":"https:\/\/www.nexoinformativo.mx\/index.php\/2024\/10\/03\/atiende-el-imss-a-siete-lesionados-tras-accidente-en-el-marques-uno-en-estado-grave\/","url":"https:\/\/www.nexoinformativo.mx\/index.php\/2024\/10\/03\/atiende-el-imss-a-siete-lesionados-tras-accidente-en-el-marques-uno-en-estado-grave\/","name":"Atiende el IMSS a siete lesionados tras accidente en el Marqu\u00e9s; uno en estado grave | Nexo Informativo Santiago de Quer\u00e9taro","isPartOf":{"@id":"https:\/\/www.nexoinformativo.mx\/#website"},"primaryImageOfPage":{"@id":"https:\/\/www.nexoinformativo.mx\/index.php\/2024\/10\/03\/atiende-el-imss-a-siete-lesionados-tras-accidente-en-el-marques-uno-en-estado-grave\/#primaryimage"},"image":{"@id":"https:\/\/www.nexoinformativo.mx\/index.php\/2024\/10\/03\/atiende-el-imss-a-siete-lesionados-tras-accidente-en-el-marques-uno-en-estado-grave\/#primaryimage"},"thumbnailUrl":"https:\/\/www.nexoinformativo.mx\/wp-content\/uploads\/2024\/10\/PHOTO-2024-10-03-13-06-53-2-e1727985809368.jpg","datePublished":"2024-10-03T18:00:39+00:00","dateModified":"2024-10-03T20:07:18+00:00","description":"Atiende el IMSS a siete lesionados tras accidente en El Marqu\u00e9s; uno en estado grave","breadcrumb":{"@id":"https:\/\/www.nexoinformativo.mx\/index.php\/2024\/10\/03\/atiende-el-imss-a-siete-lesionados-tras-accidente-en-el-marques-uno-en-estado-grave\/#breadcrumb"},"inLanguage":"es","potentialAction":[{"@type":"ReadAction","target":["https:\/\/www.nexoinformativo.mx\/index.php\/2024\/10\/03\/atiende-el-imss-a-siete-lesionados-tras-accidente-en-el-marques-uno-en-estado-grave\/"]}]},{"@type":"ImageObject","inLanguage":"es","@id":"https:\/\/www.nexoinformativo.mx\/index.php\/2024\/10\/03\/atiende-el-imss-a-siete-lesionados-tras-accidente-en-el-marques-uno-en-estado-grave\/#primaryimage","url":"https:\/\/www.nexoinformativo.mx\/wp-content\/uploads\/2024\/10\/PHOTO-2024-10-03-13-06-53-2-e1727985809368.jpg","contentUrl":"https:\/\/www.nexoinformativo.mx\/wp-content\/uploads\/2024\/10\/PHOTO-2024-10-03-13-06-53-2-e1727985809368.jpg","width":800,"height":1067},{"@type":"BreadcrumbList","@id":"https:\/\/www.nexoinformativo.mx\/index.php\/2024\/10\/03\/atiende-el-imss-a-siete-lesionados-tras-accidente-en-el-marques-uno-en-estado-grave\/#breadcrumb","itemListElement":[{"@type":"ListItem","position":1,"name":"Inicio","item":"https:\/\/www.nexoinformativo.mx\/"},{"@type":"ListItem","position":2,"name":"Atiende el IMSS a siete lesionados tras accidente en el Marqu\u00e9s; uno en estado grave"}]},{"@type":"WebSite","@id":"https:\/\/www.nexoinformativo.mx\/#website","url":"https:\/\/www.nexoinformativo.mx\/","name":"Nexo Informativo Santiago de Quer\u00e9taro","description":"Explora NexoInformativo y convi\u00e9rtete en parte de una comunidad que valora el conocimiento y la verdad. Tu nexoinformativo es tu puente hacia una comprensi\u00f3n m\u00e1s profunda del mundo que te rodea.","publisher":{"@id":"https:\/\/www.nexoinformativo.mx\/#organization"},"potentialAction":[{"@type":"SearchAction","target":{"@type":"EntryPoint","urlTemplate":"https:\/\/www.nexoinformativo.mx\/?s={search_term_string}"},"query-input":{"@type":"PropertyValueSpecification","valueRequired":true,"valueName":"search_term_string"}}],"inLanguage":"es"},{"@type":"Organization","@id":"https:\/\/www.nexoinformativo.mx\/#organization","name":"Nexo Informativo Santiago de Quer\u00e9taro","url":"https:\/\/www.nexoinformativo.mx\/","logo":{"@type":"ImageObject","inLanguage":"es","@id":"https:\/\/www.nexoinformativo.mx\/#\/schema\/logo\/image\/","url":"https:\/\/www.nexoinformativo.mx\/wp-content\/uploads\/2024\/07\/nexoi-trasparente-2.png","contentUrl":"https:\/\/www.nexoinformativo.mx\/wp-content\/uploads\/2024\/07\/nexoi-trasparente-2.png","width":816,"height":339,"caption":"Nexo Informativo Santiago de Quer\u00e9taro"},"image":{"@id":"https:\/\/www.nexoinformativo.mx\/#\/schema\/logo\/image\/"},"sameAs":["https:\/\/www.facebook.com\/people\/Nexo-Informativo\/61564066885511\/"]},{"@type":"Person","@id":"https:\/\/www.nexoinformativo.mx\/#\/schema\/person\/7749d380ba08c8ca00d7bc76fd907b7d","name":"Nexo Informativo","image":{"@type":"ImageObject","inLanguage":"es","@id":"https:\/\/www.nexoinformativo.mx\/#\/schema\/person\/image\/","url":"https:\/\/secure.gravatar.com\/avatar\/dde2928154642a13d95f87ddf1ea9718fe2b46760a005c53e41ff5ad610704e6?s=96&d=mm&r=g","contentUrl":"https:\/\/secure.gravatar.com\/avatar\/dde2928154642a13d95f87ddf1ea9718fe2b46760a005c53e41ff5ad610704e6?s=96&d=mm&r=g","caption":"Nexo Informativo"},"url":"https:\/\/www.nexoinformativo.mx\/index.php\/author\/edicion\/"}]}},"_links":{"self":[{"href":"https:\/\/www.nexoinformativo.mx\/index.php\/wp-json\/wp\/v2\/posts\/2616","targetHints":{"allow":["GET"]}}],"collection":[{"href":"https:\/\/www.nexoinformativo.mx\/index.php\/wp-json\/wp\/v2\/posts"}],"about":[{"href":"https:\/\/www.nexoinformativo.mx\/index.php\/wp-json\/wp\/v2\/types\/post"}],"author":[{"embeddable":true,"href":"https:\/\/www.nexoinformativo.mx\/index.php\/wp-json\/wp\/v2\/users\/3"}],"replies":[{"embeddable":true,"href":"https:\/\/www.nexoinformativo.mx\/index.php\/wp-json\/wp\/v2\/comments?post=2616"}],"version-history":[{"count":3,"href":"https:\/\/www.nexoinformativo.mx\/index.php\/wp-json\/wp\/v2\/posts\/2616\/revisions"}],"predecessor-version":[{"id":2621,"href":"https:\/\/www.nexoinformativo.mx\/index.php\/wp-json\/wp\/v2\/posts\/2616\/revisions\/2621"}],"wp:featuredmedia":[{"embeddable":true,"href":"https:\/\/www.nexoinformativo.mx\/index.php\/wp-json\/wp\/v2\/media\/2617"}],"wp:attachment":[{"href":"https:\/\/www.nexoinformativo.mx\/index.php\/wp-json\/wp\/v2\/media?parent=2616"}],"wp:term":[{"taxonomy":"category","embeddable":true,"href":"https:\/\/www.nexoinformativo.mx\/index.php\/wp-json\/wp\/v2\/categories?post=2616"},{"taxonomy":"post_tag","embeddable":true,"href":"https:\/\/www.nexoinformativo.mx\/index.php\/wp-json\/wp\/v2\/tags?post=2616"}],"curies":[{"name":"wp","href":"https:\/\/api.w.org\/{rel}","templated":true}]}}