{"id":2628,"date":"2024-10-03T13:00:54","date_gmt":"2024-10-03T19:00:54","guid":{"rendered":"https:\/\/www.nexoinformativo.mx\/?p=2628"},"modified":"2024-10-03T15:28:03","modified_gmt":"2024-10-03T21:28:03","slug":"mexico-e-italia-firman-acuerdo-para-impulsar-la-cooperacion-en-ciencia-y-tecnologia","status":"publish","type":"post","link":"https:\/\/www.nexoinformativo.mx\/index.php\/2024\/10\/03\/mexico-e-italia-firman-acuerdo-para-impulsar-la-cooperacion-en-ciencia-y-tecnologia\/","title":{"rendered":"M\u00e9xico e Italia firman acuerdo para impulsar la cooperaci\u00f3n en ciencia y tecnolog\u00eda"},"content":{"rendered":"<p style=\"text-align: justify;\">El Gobierno de M\u00e9xico, a trav\u00e9s del Consejo Nacional de Humanidades, Ciencias y Tecnolog\u00edas <strong>(Conahcyt)<\/strong>, firm\u00f3 una declaraci\u00f3n de intenciones con el Ministerio de la Universidad y la Investigaci\u00f3n <strong>(MUR)<\/strong> de Italia para fortalecer la cooperaci\u00f3n en ciencia y tecnolog\u00eda. Este acuerdo se enmarca en el Programa Ejecutivo de Cooperaci\u00f3n Cient\u00edfica y Tecnol\u00f3gica 2025-2027, \u00a0busca consolidar la colaboraci\u00f3n entre los sistemas de investigaci\u00f3n de ambos pa\u00edses.<\/p>\n<p>&nbsp;<\/p>\n<p style=\"text-align: justify;\">El evento fue encabezado por la secretaria, Rosaura Ruiz Guti\u00e9rrez, y la ministra del MUR, Anna Maria Bernini. Durante la ceremonia, se destac\u00f3 la importancia de la cooperaci\u00f3n bilateral para impulsar proyectos conjuntos que promuevan el desarrollo sostenible y la transformaci\u00f3n socioecon\u00f3mica de ambos pa\u00edses.<\/p>\n<p>&nbsp;<\/p>\n<p style=\"text-align: justify;\">Este acuerdo permitir\u00e1 la creaci\u00f3n de proyectos de investigaci\u00f3n colaborativos, facilitando el intercambio de experiencias y la generaci\u00f3n de acciones conjuntas para el bienestar de M\u00e9xico e Italia. Se acord\u00f3 la futura elaboraci\u00f3n de un memor\u00e1ndum de entendimiento que fortalecer\u00e1 la relaci\u00f3n en ciencia y tecnolog\u00eda.<\/p>\n<p>&nbsp;<\/p>\n<p style=\"text-align: justify;\">El acto cont\u00f3 con la participaci\u00f3n de diversas autoridades, tanto mexicanas como italianas, entre ellas el embajador de Italia en M\u00e9xico, Alessandro Modiano, y el titular de la Autoridad Educativa Federal de la Ciudad de M\u00e9xico, Luciano Concheiro B\u00f3rquez.<\/p>\n<p>&nbsp;<\/p>\n<p>&nbsp;<\/p>\n<p style=\"text-align: center;\"><em><strong>\u00a1informaci\u00f3n que transforma!<\/strong><\/em><\/p>\n","protected":false},"excerpt":{"rendered":"<p>El Gobierno de M\u00e9xico, a trav\u00e9s del Consejo Nacional de Humanidades, Ciencias y Tecnolog\u00edas (Conahcyt), firm\u00f3 una declaraci\u00f3n de intenciones con el Ministerio de la Universidad y la Investigaci\u00f3n (MUR) de Italia para fortalecer la cooperaci\u00f3n en ciencia y tecnolog\u00eda.<\/p>\n","protected":false},"author":3,"featured_media":2629,"comment_status":"open","ping_status":"open","sticky":false,"template":"","format":"standard","meta":{"footnotes":""},"categories":[13,58],"tags":[1058,1060,618,1059],"class_list":["post-2628","post","type-post","status-publish","format-standard","has-post-thumbnail","hentry","category-tecnologia","category-ultima-hora","tag-cooperacioncientifica","tag-desarrollosostenible","tag-innovaciontecnologica","tag-mexicoitalia"],"yoast_head":"<!-- This site is optimized with the Yoast SEO plugin v25.0 - https:\/\/yoast.com\/wordpress\/plugins\/seo\/ -->\n<title>M\u00e9xico e Italia firman acuerdo para impulsar la cooperaci\u00f3n en ciencia y tecnolog\u00eda | Nexo Informativo Santiago de Quer\u00e9taro<\/title>\n<meta name=\"description\" content=\"M\u00e9xico e Italia firman acuerdo para impulsar la cooperaci\u00f3n en ciencia y tecnolog\u00eda\" \/>\n<meta name=\"robots\" content=\"index, follow, max-snippet:-1, max-image-preview:large, max-video-preview:-1\" \/>\n<link rel=\"canonical\" href=\"https:\/\/www.nexoinformativo.mx\/index.php\/2024\/10\/03\/mexico-e-italia-firman-acuerdo-para-impulsar-la-cooperacion-en-ciencia-y-tecnologia\/\" \/>\n<meta property=\"og:locale\" content=\"es_MX\" \/>\n<meta property=\"og:type\" content=\"article\" \/>\n<meta property=\"og:title\" content=\"M\u00e9xico e Italia firman acuerdo para impulsar la cooperaci\u00f3n en ciencia y tecnolog\u00eda | Nexo Informativo Santiago de Quer\u00e9taro\" \/>\n<meta property=\"og:description\" content=\"M\u00e9xico e Italia firman acuerdo para impulsar la cooperaci\u00f3n en ciencia y tecnolog\u00eda\" \/>\n<meta property=\"og:url\" content=\"https:\/\/www.nexoinformativo.mx\/index.php\/2024\/10\/03\/mexico-e-italia-firman-acuerdo-para-impulsar-la-cooperacion-en-ciencia-y-tecnologia\/\" \/>\n<meta property=\"og:site_name\" content=\"Nexo Informativo Santiago de Quer\u00e9taro\" \/>\n<meta property=\"article:publisher\" content=\"https:\/\/www.facebook.com\/people\/Nexo-Informativo\/61564066885511\/\" \/>\n<meta property=\"article:published_time\" content=\"2024-10-03T19:00:54+00:00\" \/>\n<meta property=\"article:modified_time\" content=\"2024-10-03T21:28:03+00:00\" \/>\n<meta property=\"og:image\" content=\"https:\/\/www.nexoinformativo.mx\/wp-content\/uploads\/2024\/10\/IMG_6643.png\" \/>\n\t<meta property=\"og:image:width\" content=\"674\" \/>\n\t<meta property=\"og:image:height\" content=\"431\" \/>\n\t<meta property=\"og:image:type\" content=\"image\/png\" \/>\n<meta name=\"author\" content=\"Nexo Informativo\" \/>\n<meta name=\"twitter:card\" content=\"summary_large_image\" \/>\n<meta name=\"twitter:label1\" content=\"Escrito por\" \/>\n\t<meta name=\"twitter:data1\" content=\"Nexo Informativo\" \/>\n\t<meta name=\"twitter:label2\" content=\"Tiempo de lectura\" \/>\n\t<meta name=\"twitter:data2\" content=\"2 minutos\" \/>\n<script type=\"application\/ld+json\" class=\"yoast-schema-graph\">{\"@context\":\"https:\/\/schema.org\",\"@graph\":[{\"@type\":\"Article\",\"@id\":\"https:\/\/www.nexoinformativo.mx\/index.php\/2024\/10\/03\/mexico-e-italia-firman-acuerdo-para-impulsar-la-cooperacion-en-ciencia-y-tecnologia\/#article\",\"isPartOf\":{\"@id\":\"https:\/\/www.nexoinformativo.mx\/index.php\/2024\/10\/03\/mexico-e-italia-firman-acuerdo-para-impulsar-la-cooperacion-en-ciencia-y-tecnologia\/\"},\"author\":{\"name\":\"Nexo Informativo\",\"@id\":\"https:\/\/www.nexoinformativo.mx\/#\/schema\/person\/7749d380ba08c8ca00d7bc76fd907b7d\"},\"headline\":\"M\u00e9xico e Italia firman acuerdo para impulsar la cooperaci\u00f3n en ciencia y tecnolog\u00eda\",\"datePublished\":\"2024-10-03T19:00:54+00:00\",\"dateModified\":\"2024-10-03T21:28:03+00:00\",\"mainEntityOfPage\":{\"@id\":\"https:\/\/www.nexoinformativo.mx\/index.php\/2024\/10\/03\/mexico-e-italia-firman-acuerdo-para-impulsar-la-cooperacion-en-ciencia-y-tecnologia\/\"},\"wordCount\":251,\"commentCount\":0,\"publisher\":{\"@id\":\"https:\/\/www.nexoinformativo.mx\/#organization\"},\"image\":{\"@id\":\"https:\/\/www.nexoinformativo.mx\/index.php\/2024\/10\/03\/mexico-e-italia-firman-acuerdo-para-impulsar-la-cooperacion-en-ciencia-y-tecnologia\/#primaryimage\"},\"thumbnailUrl\":\"https:\/\/www.nexoinformativo.mx\/wp-content\/uploads\/2024\/10\/IMG_6643.png\",\"keywords\":[\"Cooperaci\u00f3nCient\u00edfica\",\"DesarrolloSostenible\",\"Innovaci\u00f3nTecnol\u00f3gica\",\"M\u00e9xicoItalia\"],\"articleSection\":[\"Tecnolog\u00eda\",\"\u00daltima Hora\"],\"inLanguage\":\"es\",\"potentialAction\":[{\"@type\":\"CommentAction\",\"name\":\"Comment\",\"target\":[\"https:\/\/www.nexoinformativo.mx\/index.php\/2024\/10\/03\/mexico-e-italia-firman-acuerdo-para-impulsar-la-cooperacion-en-ciencia-y-tecnologia\/#respond\"]}]},{\"@type\":\"WebPage\",\"@id\":\"https:\/\/www.nexoinformativo.mx\/index.php\/2024\/10\/03\/mexico-e-italia-firman-acuerdo-para-impulsar-la-cooperacion-en-ciencia-y-tecnologia\/\",\"url\":\"https:\/\/www.nexoinformativo.mx\/index.php\/2024\/10\/03\/mexico-e-italia-firman-acuerdo-para-impulsar-la-cooperacion-en-ciencia-y-tecnologia\/\",\"name\":\"M\u00e9xico e Italia firman acuerdo para impulsar la cooperaci\u00f3n en ciencia y tecnolog\u00eda | Nexo Informativo Santiago de Quer\u00e9taro\",\"isPartOf\":{\"@id\":\"https:\/\/www.nexoinformativo.mx\/#website\"},\"primaryImageOfPage\":{\"@id\":\"https:\/\/www.nexoinformativo.mx\/index.php\/2024\/10\/03\/mexico-e-italia-firman-acuerdo-para-impulsar-la-cooperacion-en-ciencia-y-tecnologia\/#primaryimage\"},\"image\":{\"@id\":\"https:\/\/www.nexoinformativo.mx\/index.php\/2024\/10\/03\/mexico-e-italia-firman-acuerdo-para-impulsar-la-cooperacion-en-ciencia-y-tecnologia\/#primaryimage\"},\"thumbnailUrl\":\"https:\/\/www.nexoinformativo.mx\/wp-content\/uploads\/2024\/10\/IMG_6643.png\",\"datePublished\":\"2024-10-03T19:00:54+00:00\",\"dateModified\":\"2024-10-03T21:28:03+00:00\",\"description\":\"M\u00e9xico e Italia firman acuerdo para impulsar la cooperaci\u00f3n en ciencia y tecnolog\u00eda\",\"breadcrumb\":{\"@id\":\"https:\/\/www.nexoinformativo.mx\/index.php\/2024\/10\/03\/mexico-e-italia-firman-acuerdo-para-impulsar-la-cooperacion-en-ciencia-y-tecnologia\/#breadcrumb\"},\"inLanguage\":\"es\",\"potentialAction\":[{\"@type\":\"ReadAction\",\"target\":[\"https:\/\/www.nexoinformativo.mx\/index.php\/2024\/10\/03\/mexico-e-italia-firman-acuerdo-para-impulsar-la-cooperacion-en-ciencia-y-tecnologia\/\"]}]},{\"@type\":\"ImageObject\",\"inLanguage\":\"es\",\"@id\":\"https:\/\/www.nexoinformativo.mx\/index.php\/2024\/10\/03\/mexico-e-italia-firman-acuerdo-para-impulsar-la-cooperacion-en-ciencia-y-tecnologia\/#primaryimage\",\"url\":\"https:\/\/www.nexoinformativo.mx\/wp-content\/uploads\/2024\/10\/IMG_6643.png\",\"contentUrl\":\"https:\/\/www.nexoinformativo.mx\/wp-content\/uploads\/2024\/10\/IMG_6643.png\",\"width\":674,\"height\":431},{\"@type\":\"BreadcrumbList\",\"@id\":\"https:\/\/www.nexoinformativo.mx\/index.php\/2024\/10\/03\/mexico-e-italia-firman-acuerdo-para-impulsar-la-cooperacion-en-ciencia-y-tecnologia\/#breadcrumb\",\"itemListElement\":[{\"@type\":\"ListItem\",\"position\":1,\"name\":\"Inicio\",\"item\":\"https:\/\/www.nexoinformativo.mx\/\"},{\"@type\":\"ListItem\",\"position\":2,\"name\":\"M\u00e9xico e Italia firman acuerdo para impulsar la cooperaci\u00f3n en ciencia y tecnolog\u00eda\"}]},{\"@type\":\"WebSite\",\"@id\":\"https:\/\/www.nexoinformativo.mx\/#website\",\"url\":\"https:\/\/www.nexoinformativo.mx\/\",\"name\":\"Nexo Informativo Santiago de Quer\u00e9taro\",\"description\":\"Explora NexoInformativo y convi\u00e9rtete en parte de una comunidad que valora el conocimiento y la verdad. Tu nexoinformativo es tu puente hacia una comprensi\u00f3n m\u00e1s profunda del mundo que te rodea.\",\"publisher\":{\"@id\":\"https:\/\/www.nexoinformativo.mx\/#organization\"},\"potentialAction\":[{\"@type\":\"SearchAction\",\"target\":{\"@type\":\"EntryPoint\",\"urlTemplate\":\"https:\/\/www.nexoinformativo.mx\/?s={search_term_string}\"},\"query-input\":{\"@type\":\"PropertyValueSpecification\",\"valueRequired\":true,\"valueName\":\"search_term_string\"}}],\"inLanguage\":\"es\"},{\"@type\":\"Organization\",\"@id\":\"https:\/\/www.nexoinformativo.mx\/#organization\",\"name\":\"Nexo Informativo Santiago de Quer\u00e9taro\",\"url\":\"https:\/\/www.nexoinformativo.mx\/\",\"logo\":{\"@type\":\"ImageObject\",\"inLanguage\":\"es\",\"@id\":\"https:\/\/www.nexoinformativo.mx\/#\/schema\/logo\/image\/\",\"url\":\"https:\/\/www.nexoinformativo.mx\/wp-content\/uploads\/2024\/07\/nexoi-trasparente-2.png\",\"contentUrl\":\"https:\/\/www.nexoinformativo.mx\/wp-content\/uploads\/2024\/07\/nexoi-trasparente-2.png\",\"width\":816,\"height\":339,\"caption\":\"Nexo Informativo Santiago de Quer\u00e9taro\"},\"image\":{\"@id\":\"https:\/\/www.nexoinformativo.mx\/#\/schema\/logo\/image\/\"},\"sameAs\":[\"https:\/\/www.facebook.com\/people\/Nexo-Informativo\/61564066885511\/\"]},{\"@type\":\"Person\",\"@id\":\"https:\/\/www.nexoinformativo.mx\/#\/schema\/person\/7749d380ba08c8ca00d7bc76fd907b7d\",\"name\":\"Nexo Informativo\",\"image\":{\"@type\":\"ImageObject\",\"inLanguage\":\"es\",\"@id\":\"https:\/\/www.nexoinformativo.mx\/#\/schema\/person\/image\/\",\"url\":\"https:\/\/secure.gravatar.com\/avatar\/dde2928154642a13d95f87ddf1ea9718fe2b46760a005c53e41ff5ad610704e6?s=96&d=mm&r=g\",\"contentUrl\":\"https:\/\/secure.gravatar.com\/avatar\/dde2928154642a13d95f87ddf1ea9718fe2b46760a005c53e41ff5ad610704e6?s=96&d=mm&r=g\",\"caption\":\"Nexo Informativo\"},\"url\":\"https:\/\/www.nexoinformativo.mx\/index.php\/author\/edicion\/\"}]}<\/script>\n<!-- \/ Yoast SEO plugin. -->","yoast_head_json":{"title":"M\u00e9xico e Italia firman acuerdo para impulsar la cooperaci\u00f3n en ciencia y tecnolog\u00eda | Nexo Informativo Santiago de Quer\u00e9taro","description":"M\u00e9xico e Italia firman acuerdo para impulsar la cooperaci\u00f3n en ciencia y tecnolog\u00eda","robots":{"index":"index","follow":"follow","max-snippet":"max-snippet:-1","max-image-preview":"max-image-preview:large","max-video-preview":"max-video-preview:-1"},"canonical":"https:\/\/www.nexoinformativo.mx\/index.php\/2024\/10\/03\/mexico-e-italia-firman-acuerdo-para-impulsar-la-cooperacion-en-ciencia-y-tecnologia\/","og_locale":"es_MX","og_type":"article","og_title":"M\u00e9xico e Italia firman acuerdo para impulsar la cooperaci\u00f3n en ciencia y tecnolog\u00eda | Nexo Informativo Santiago de Quer\u00e9taro","og_description":"M\u00e9xico e Italia firman acuerdo para impulsar la cooperaci\u00f3n en ciencia y tecnolog\u00eda","og_url":"https:\/\/www.nexoinformativo.mx\/index.php\/2024\/10\/03\/mexico-e-italia-firman-acuerdo-para-impulsar-la-cooperacion-en-ciencia-y-tecnologia\/","og_site_name":"Nexo Informativo Santiago de Quer\u00e9taro","article_publisher":"https:\/\/www.facebook.com\/people\/Nexo-Informativo\/61564066885511\/","article_published_time":"2024-10-03T19:00:54+00:00","article_modified_time":"2024-10-03T21:28:03+00:00","og_image":[{"width":674,"height":431,"url":"https:\/\/www.nexoinformativo.mx\/wp-content\/uploads\/2024\/10\/IMG_6643.png","type":"image\/png"}],"author":"Nexo Informativo","twitter_card":"summary_large_image","twitter_misc":{"Escrito por":"Nexo Informativo","Tiempo de lectura":"2 minutos"},"schema":{"@context":"https:\/\/schema.org","@graph":[{"@type":"Article","@id":"https:\/\/www.nexoinformativo.mx\/index.php\/2024\/10\/03\/mexico-e-italia-firman-acuerdo-para-impulsar-la-cooperacion-en-ciencia-y-tecnologia\/#article","isPartOf":{"@id":"https:\/\/www.nexoinformativo.mx\/index.php\/2024\/10\/03\/mexico-e-italia-firman-acuerdo-para-impulsar-la-cooperacion-en-ciencia-y-tecnologia\/"},"author":{"name":"Nexo Informativo","@id":"https:\/\/www.nexoinformativo.mx\/#\/schema\/person\/7749d380ba08c8ca00d7bc76fd907b7d"},"headline":"M\u00e9xico e Italia firman acuerdo para impulsar la cooperaci\u00f3n en ciencia y tecnolog\u00eda","datePublished":"2024-10-03T19:00:54+00:00","dateModified":"2024-10-03T21:28:03+00:00","mainEntityOfPage":{"@id":"https:\/\/www.nexoinformativo.mx\/index.php\/2024\/10\/03\/mexico-e-italia-firman-acuerdo-para-impulsar-la-cooperacion-en-ciencia-y-tecnologia\/"},"wordCount":251,"commentCount":0,"publisher":{"@id":"https:\/\/www.nexoinformativo.mx\/#organization"},"image":{"@id":"https:\/\/www.nexoinformativo.mx\/index.php\/2024\/10\/03\/mexico-e-italia-firman-acuerdo-para-impulsar-la-cooperacion-en-ciencia-y-tecnologia\/#primaryimage"},"thumbnailUrl":"https:\/\/www.nexoinformativo.mx\/wp-content\/uploads\/2024\/10\/IMG_6643.png","keywords":["Cooperaci\u00f3nCient\u00edfica","DesarrolloSostenible","Innovaci\u00f3nTecnol\u00f3gica","M\u00e9xicoItalia"],"articleSection":["Tecnolog\u00eda","\u00daltima Hora"],"inLanguage":"es","potentialAction":[{"@type":"CommentAction","name":"Comment","target":["https:\/\/www.nexoinformativo.mx\/index.php\/2024\/10\/03\/mexico-e-italia-firman-acuerdo-para-impulsar-la-cooperacion-en-ciencia-y-tecnologia\/#respond"]}]},{"@type":"WebPage","@id":"https:\/\/www.nexoinformativo.mx\/index.php\/2024\/10\/03\/mexico-e-italia-firman-acuerdo-para-impulsar-la-cooperacion-en-ciencia-y-tecnologia\/","url":"https:\/\/www.nexoinformativo.mx\/index.php\/2024\/10\/03\/mexico-e-italia-firman-acuerdo-para-impulsar-la-cooperacion-en-ciencia-y-tecnologia\/","name":"M\u00e9xico e Italia firman acuerdo para impulsar la cooperaci\u00f3n en ciencia y tecnolog\u00eda | Nexo Informativo Santiago de Quer\u00e9taro","isPartOf":{"@id":"https:\/\/www.nexoinformativo.mx\/#website"},"primaryImageOfPage":{"@id":"https:\/\/www.nexoinformativo.mx\/index.php\/2024\/10\/03\/mexico-e-italia-firman-acuerdo-para-impulsar-la-cooperacion-en-ciencia-y-tecnologia\/#primaryimage"},"image":{"@id":"https:\/\/www.nexoinformativo.mx\/index.php\/2024\/10\/03\/mexico-e-italia-firman-acuerdo-para-impulsar-la-cooperacion-en-ciencia-y-tecnologia\/#primaryimage"},"thumbnailUrl":"https:\/\/www.nexoinformativo.mx\/wp-content\/uploads\/2024\/10\/IMG_6643.png","datePublished":"2024-10-03T19:00:54+00:00","dateModified":"2024-10-03T21:28:03+00:00","description":"M\u00e9xico e Italia firman acuerdo para impulsar la cooperaci\u00f3n en ciencia y tecnolog\u00eda","breadcrumb":{"@id":"https:\/\/www.nexoinformativo.mx\/index.php\/2024\/10\/03\/mexico-e-italia-firman-acuerdo-para-impulsar-la-cooperacion-en-ciencia-y-tecnologia\/#breadcrumb"},"inLanguage":"es","potentialAction":[{"@type":"ReadAction","target":["https:\/\/www.nexoinformativo.mx\/index.php\/2024\/10\/03\/mexico-e-italia-firman-acuerdo-para-impulsar-la-cooperacion-en-ciencia-y-tecnologia\/"]}]},{"@type":"ImageObject","inLanguage":"es","@id":"https:\/\/www.nexoinformativo.mx\/index.php\/2024\/10\/03\/mexico-e-italia-firman-acuerdo-para-impulsar-la-cooperacion-en-ciencia-y-tecnologia\/#primaryimage","url":"https:\/\/www.nexoinformativo.mx\/wp-content\/uploads\/2024\/10\/IMG_6643.png","contentUrl":"https:\/\/www.nexoinformativo.mx\/wp-content\/uploads\/2024\/10\/IMG_6643.png","width":674,"height":431},{"@type":"BreadcrumbList","@id":"https:\/\/www.nexoinformativo.mx\/index.php\/2024\/10\/03\/mexico-e-italia-firman-acuerdo-para-impulsar-la-cooperacion-en-ciencia-y-tecnologia\/#breadcrumb","itemListElement":[{"@type":"ListItem","position":1,"name":"Inicio","item":"https:\/\/www.nexoinformativo.mx\/"},{"@type":"ListItem","position":2,"name":"M\u00e9xico e Italia firman acuerdo para impulsar la cooperaci\u00f3n en ciencia y tecnolog\u00eda"}]},{"@type":"WebSite","@id":"https:\/\/www.nexoinformativo.mx\/#website","url":"https:\/\/www.nexoinformativo.mx\/","name":"Nexo Informativo Santiago de Quer\u00e9taro","description":"Explora NexoInformativo y convi\u00e9rtete en parte de una comunidad que valora el conocimiento y la verdad. Tu nexoinformativo es tu puente hacia una comprensi\u00f3n m\u00e1s profunda del mundo que te rodea.","publisher":{"@id":"https:\/\/www.nexoinformativo.mx\/#organization"},"potentialAction":[{"@type":"SearchAction","target":{"@type":"EntryPoint","urlTemplate":"https:\/\/www.nexoinformativo.mx\/?s={search_term_string}"},"query-input":{"@type":"PropertyValueSpecification","valueRequired":true,"valueName":"search_term_string"}}],"inLanguage":"es"},{"@type":"Organization","@id":"https:\/\/www.nexoinformativo.mx\/#organization","name":"Nexo Informativo Santiago de Quer\u00e9taro","url":"https:\/\/www.nexoinformativo.mx\/","logo":{"@type":"ImageObject","inLanguage":"es","@id":"https:\/\/www.nexoinformativo.mx\/#\/schema\/logo\/image\/","url":"https:\/\/www.nexoinformativo.mx\/wp-content\/uploads\/2024\/07\/nexoi-trasparente-2.png","contentUrl":"https:\/\/www.nexoinformativo.mx\/wp-content\/uploads\/2024\/07\/nexoi-trasparente-2.png","width":816,"height":339,"caption":"Nexo Informativo Santiago de Quer\u00e9taro"},"image":{"@id":"https:\/\/www.nexoinformativo.mx\/#\/schema\/logo\/image\/"},"sameAs":["https:\/\/www.facebook.com\/people\/Nexo-Informativo\/61564066885511\/"]},{"@type":"Person","@id":"https:\/\/www.nexoinformativo.mx\/#\/schema\/person\/7749d380ba08c8ca00d7bc76fd907b7d","name":"Nexo Informativo","image":{"@type":"ImageObject","inLanguage":"es","@id":"https:\/\/www.nexoinformativo.mx\/#\/schema\/person\/image\/","url":"https:\/\/secure.gravatar.com\/avatar\/dde2928154642a13d95f87ddf1ea9718fe2b46760a005c53e41ff5ad610704e6?s=96&d=mm&r=g","contentUrl":"https:\/\/secure.gravatar.com\/avatar\/dde2928154642a13d95f87ddf1ea9718fe2b46760a005c53e41ff5ad610704e6?s=96&d=mm&r=g","caption":"Nexo Informativo"},"url":"https:\/\/www.nexoinformativo.mx\/index.php\/author\/edicion\/"}]}},"_links":{"self":[{"href":"https:\/\/www.nexoinformativo.mx\/index.php\/wp-json\/wp\/v2\/posts\/2628","targetHints":{"allow":["GET"]}}],"collection":[{"href":"https:\/\/www.nexoinformativo.mx\/index.php\/wp-json\/wp\/v2\/posts"}],"about":[{"href":"https:\/\/www.nexoinformativo.mx\/index.php\/wp-json\/wp\/v2\/types\/post"}],"author":[{"embeddable":true,"href":"https:\/\/www.nexoinformativo.mx\/index.php\/wp-json\/wp\/v2\/users\/3"}],"replies":[{"embeddable":true,"href":"https:\/\/www.nexoinformativo.mx\/index.php\/wp-json\/wp\/v2\/comments?post=2628"}],"version-history":[{"count":4,"href":"https:\/\/www.nexoinformativo.mx\/index.php\/wp-json\/wp\/v2\/posts\/2628\/revisions"}],"predecessor-version":[{"id":2633,"href":"https:\/\/www.nexoinformativo.mx\/index.php\/wp-json\/wp\/v2\/posts\/2628\/revisions\/2633"}],"wp:featuredmedia":[{"embeddable":true,"href":"https:\/\/www.nexoinformativo.mx\/index.php\/wp-json\/wp\/v2\/media\/2629"}],"wp:attachment":[{"href":"https:\/\/www.nexoinformativo.mx\/index.php\/wp-json\/wp\/v2\/media?parent=2628"}],"wp:term":[{"taxonomy":"category","embeddable":true,"href":"https:\/\/www.nexoinformativo.mx\/index.php\/wp-json\/wp\/v2\/categories?post=2628"},{"taxonomy":"post_tag","embeddable":true,"href":"https:\/\/www.nexoinformativo.mx\/index.php\/wp-json\/wp\/v2\/tags?post=2628"}],"curies":[{"name":"wp","href":"https:\/\/api.w.org\/{rel}","templated":true}]}}