{"id":2634,"date":"2024-10-04T10:00:44","date_gmt":"2024-10-04T16:00:44","guid":{"rendered":"https:\/\/www.nexoinformativo.mx\/?p=2634"},"modified":"2024-10-04T13:10:18","modified_gmt":"2024-10-04T19:10:18","slug":"inicia-la-cuarta-edicion-del-festival-del-vino-queretano","status":"publish","type":"post","link":"https:\/\/www.nexoinformativo.mx\/index.php\/2024\/10\/04\/inicia-la-cuarta-edicion-del-festival-del-vino-queretano\/","title":{"rendered":"Inicia la Cuarta Edici\u00f3n del Festival del Vino Queretano"},"content":{"rendered":"<p style=\"text-align: justify;\">Este fin de semana, se dio inicio a la cuarta edici\u00f3n del Festival del Vino Queretano, evento inaugurado por la secretaria de Turismo del estado, Adriana Vega V\u00e1zquez. Con sede en el Centro Estatal de las Artes de Quer\u00e9taro, se espera la asistencia de m\u00e1s de dos mil personas que disfrutar\u00e1n de una celebraci\u00f3n dedicada al enoturismo y la gastronom\u00eda local.<\/p>\n<p>&nbsp;<\/p>\n<p style=\"text-align: justify;\">Durante la ceremonia, Vega V\u00e1zquez destac\u00f3 que Quer\u00e9taro ha ganado reconocimiento como un importante destino enotur\u00edstico a nivel nacional e internacional. La regi\u00f3n recibe m\u00e1s de un mill\u00f3n de visitantes anuales en sus vi\u00f1edos, queser\u00edas artesanales y Pueblos M\u00e1gicos, que forman parte de la famosa Ruta Arte, Queso y Vino. El Festival del Vino Queretano se ha consolidado como uno de los eventos m\u00e1s esperados del estado, reuniendo a casas productoras de vino en un solo lugar.<\/p>\n<p>&nbsp;<\/p>\n<p style=\"text-align: justify;\">Este a\u00f1o, los asistentes podr\u00e1n disfrutar de m\u00e1s de 300 etiquetas de vino queretano, adem\u00e1s de una variada oferta gastron\u00f3mica. El festival tambi\u00e9n incluir\u00e1 una jornada t\u00e9cnica con conferencias y talleres sobre producci\u00f3n de vino, y presentaciones art\u00edsticas como el ballet Folkl\u00f3rico de Gerardo Urquiza y El Teatrito La Carcajada.<\/p>\n<p>&nbsp;<\/p>\n<p style=\"text-align: justify;\">Uno de los grandes atractivos de este festival es la presentaci\u00f3n de la quinta edici\u00f3n del <strong>&#8220;Vino Q&#8221;<\/strong>, una etiqueta colaborativa realizada por varios vi\u00f1edos queretanos, que busca representar el sabor distintivo del estado.<\/p>\n<p>&nbsp;<\/p>\n<p style=\"text-align: justify;\">El Festival del Vino Queretano se llevar\u00e1 a cabo del 3 al 6 de octubre, en horario de 12:00 a 21:00 horas. Adem\u00e1s, los participantes del Quer\u00e9taro Marat\u00f3n, que se celebra el 6 de octubre, podr\u00e1n ingresar de manera gratuita presentando su medalla.<\/p>\n<p>&nbsp;<\/p>\n<p>&nbsp;<\/p>\n<p style=\"text-align: center;\"><em><strong>\u00a1Informaci\u00f3n que transforma!<\/strong><\/em><\/p>\n","protected":false},"excerpt":{"rendered":"<p>Este fin de semana, se dio inicio a la cuarta edici\u00f3n del Festival del Vino Queretano, evento inaugurado por la secretaria de Turismo del estado, Adriana Vega V\u00e1zquez.<\/p>\n","protected":false},"author":3,"featured_media":2635,"comment_status":"open","ping_status":"open","sticky":false,"template":"","format":"standard","meta":{"footnotes":""},"categories":[65,58],"tags":[1061,1063,1062,1064],"class_list":["post-2634","post","type-post","status-publish","format-standard","has-post-thumbnail","hentry","category-municipios","category-ultima-hora","tag-festivalvinoqueretano","tag-queretaroenoturismo","tag-rutaartequesovino","tag-vinoqqueretaro"],"yoast_head":"<!-- This site is optimized with the Yoast SEO plugin v25.0 - https:\/\/yoast.com\/wordpress\/plugins\/seo\/ -->\n<title>Inicia la Cuarta Edici\u00f3n del Festival del Vino Queretano | Nexo Informativo Santiago de Quer\u00e9taro<\/title>\n<meta name=\"description\" content=\"Inicia la Cuarta Edici\u00f3n del Festival del Vino Queretano\" \/>\n<meta name=\"robots\" content=\"index, follow, max-snippet:-1, max-image-preview:large, max-video-preview:-1\" \/>\n<link rel=\"canonical\" href=\"https:\/\/www.nexoinformativo.mx\/index.php\/2024\/10\/04\/inicia-la-cuarta-edicion-del-festival-del-vino-queretano\/\" \/>\n<meta property=\"og:locale\" content=\"es_MX\" \/>\n<meta property=\"og:type\" content=\"article\" \/>\n<meta property=\"og:title\" content=\"Inicia la Cuarta Edici\u00f3n del Festival del Vino Queretano | Nexo Informativo Santiago de Quer\u00e9taro\" \/>\n<meta property=\"og:description\" content=\"Inicia la Cuarta Edici\u00f3n del Festival del Vino Queretano\" \/>\n<meta property=\"og:url\" content=\"https:\/\/www.nexoinformativo.mx\/index.php\/2024\/10\/04\/inicia-la-cuarta-edicion-del-festival-del-vino-queretano\/\" \/>\n<meta property=\"og:site_name\" content=\"Nexo Informativo Santiago de Quer\u00e9taro\" \/>\n<meta property=\"article:publisher\" content=\"https:\/\/www.facebook.com\/people\/Nexo-Informativo\/61564066885511\/\" \/>\n<meta property=\"article:published_time\" content=\"2024-10-04T16:00:44+00:00\" \/>\n<meta property=\"article:modified_time\" content=\"2024-10-04T19:10:18+00:00\" \/>\n<meta property=\"og:image\" content=\"https:\/\/www.nexoinformativo.mx\/wp-content\/uploads\/2024\/10\/PHOTO-2024-10-04-10-21-41-e1728059384965.jpg\" \/>\n\t<meta property=\"og:image:width\" content=\"800\" \/>\n\t<meta property=\"og:image:height\" content=\"485\" \/>\n\t<meta property=\"og:image:type\" content=\"image\/jpeg\" \/>\n<meta name=\"author\" content=\"Nexo Informativo\" \/>\n<meta name=\"twitter:card\" content=\"summary_large_image\" \/>\n<meta name=\"twitter:label1\" content=\"Escrito por\" \/>\n\t<meta name=\"twitter:data1\" content=\"Nexo Informativo\" \/>\n\t<meta name=\"twitter:label2\" content=\"Tiempo de lectura\" \/>\n\t<meta name=\"twitter:data2\" content=\"2 minutos\" \/>\n<script type=\"application\/ld+json\" class=\"yoast-schema-graph\">{\"@context\":\"https:\/\/schema.org\",\"@graph\":[{\"@type\":\"Article\",\"@id\":\"https:\/\/www.nexoinformativo.mx\/index.php\/2024\/10\/04\/inicia-la-cuarta-edicion-del-festival-del-vino-queretano\/#article\",\"isPartOf\":{\"@id\":\"https:\/\/www.nexoinformativo.mx\/index.php\/2024\/10\/04\/inicia-la-cuarta-edicion-del-festival-del-vino-queretano\/\"},\"author\":{\"name\":\"Nexo Informativo\",\"@id\":\"https:\/\/www.nexoinformativo.mx\/#\/schema\/person\/7749d380ba08c8ca00d7bc76fd907b7d\"},\"headline\":\"Inicia la Cuarta Edici\u00f3n del Festival del Vino Queretano\",\"datePublished\":\"2024-10-04T16:00:44+00:00\",\"dateModified\":\"2024-10-04T19:10:18+00:00\",\"mainEntityOfPage\":{\"@id\":\"https:\/\/www.nexoinformativo.mx\/index.php\/2024\/10\/04\/inicia-la-cuarta-edicion-del-festival-del-vino-queretano\/\"},\"wordCount\":313,\"commentCount\":0,\"publisher\":{\"@id\":\"https:\/\/www.nexoinformativo.mx\/#organization\"},\"image\":{\"@id\":\"https:\/\/www.nexoinformativo.mx\/index.php\/2024\/10\/04\/inicia-la-cuarta-edicion-del-festival-del-vino-queretano\/#primaryimage\"},\"thumbnailUrl\":\"https:\/\/www.nexoinformativo.mx\/wp-content\/uploads\/2024\/10\/PHOTO-2024-10-04-10-21-41-e1728059384965.jpg\",\"keywords\":[\"FestivalVinoQueretano\",\"Quer\u00e9taroEnoturismo\",\"RutaArteQuesoVino\",\"VinoQQuer\u00e9taro\"],\"articleSection\":[\"Municipios\",\"\u00daltima Hora\"],\"inLanguage\":\"es\",\"potentialAction\":[{\"@type\":\"CommentAction\",\"name\":\"Comment\",\"target\":[\"https:\/\/www.nexoinformativo.mx\/index.php\/2024\/10\/04\/inicia-la-cuarta-edicion-del-festival-del-vino-queretano\/#respond\"]}]},{\"@type\":\"WebPage\",\"@id\":\"https:\/\/www.nexoinformativo.mx\/index.php\/2024\/10\/04\/inicia-la-cuarta-edicion-del-festival-del-vino-queretano\/\",\"url\":\"https:\/\/www.nexoinformativo.mx\/index.php\/2024\/10\/04\/inicia-la-cuarta-edicion-del-festival-del-vino-queretano\/\",\"name\":\"Inicia la Cuarta Edici\u00f3n del Festival del Vino Queretano | Nexo Informativo Santiago de Quer\u00e9taro\",\"isPartOf\":{\"@id\":\"https:\/\/www.nexoinformativo.mx\/#website\"},\"primaryImageOfPage\":{\"@id\":\"https:\/\/www.nexoinformativo.mx\/index.php\/2024\/10\/04\/inicia-la-cuarta-edicion-del-festival-del-vino-queretano\/#primaryimage\"},\"image\":{\"@id\":\"https:\/\/www.nexoinformativo.mx\/index.php\/2024\/10\/04\/inicia-la-cuarta-edicion-del-festival-del-vino-queretano\/#primaryimage\"},\"thumbnailUrl\":\"https:\/\/www.nexoinformativo.mx\/wp-content\/uploads\/2024\/10\/PHOTO-2024-10-04-10-21-41-e1728059384965.jpg\",\"datePublished\":\"2024-10-04T16:00:44+00:00\",\"dateModified\":\"2024-10-04T19:10:18+00:00\",\"description\":\"Inicia la Cuarta Edici\u00f3n del Festival del Vino Queretano\",\"breadcrumb\":{\"@id\":\"https:\/\/www.nexoinformativo.mx\/index.php\/2024\/10\/04\/inicia-la-cuarta-edicion-del-festival-del-vino-queretano\/#breadcrumb\"},\"inLanguage\":\"es\",\"potentialAction\":[{\"@type\":\"ReadAction\",\"target\":[\"https:\/\/www.nexoinformativo.mx\/index.php\/2024\/10\/04\/inicia-la-cuarta-edicion-del-festival-del-vino-queretano\/\"]}]},{\"@type\":\"ImageObject\",\"inLanguage\":\"es\",\"@id\":\"https:\/\/www.nexoinformativo.mx\/index.php\/2024\/10\/04\/inicia-la-cuarta-edicion-del-festival-del-vino-queretano\/#primaryimage\",\"url\":\"https:\/\/www.nexoinformativo.mx\/wp-content\/uploads\/2024\/10\/PHOTO-2024-10-04-10-21-41-e1728059384965.jpg\",\"contentUrl\":\"https:\/\/www.nexoinformativo.mx\/wp-content\/uploads\/2024\/10\/PHOTO-2024-10-04-10-21-41-e1728059384965.jpg\",\"width\":800,\"height\":485},{\"@type\":\"BreadcrumbList\",\"@id\":\"https:\/\/www.nexoinformativo.mx\/index.php\/2024\/10\/04\/inicia-la-cuarta-edicion-del-festival-del-vino-queretano\/#breadcrumb\",\"itemListElement\":[{\"@type\":\"ListItem\",\"position\":1,\"name\":\"Inicio\",\"item\":\"https:\/\/www.nexoinformativo.mx\/\"},{\"@type\":\"ListItem\",\"position\":2,\"name\":\"Inicia la Cuarta Edici\u00f3n del Festival del Vino Queretano\"}]},{\"@type\":\"WebSite\",\"@id\":\"https:\/\/www.nexoinformativo.mx\/#website\",\"url\":\"https:\/\/www.nexoinformativo.mx\/\",\"name\":\"Nexo Informativo Santiago de Quer\u00e9taro\",\"description\":\"Explora NexoInformativo y convi\u00e9rtete en parte de una comunidad que valora el conocimiento y la verdad. Tu nexoinformativo es tu puente hacia una comprensi\u00f3n m\u00e1s profunda del mundo que te rodea.\",\"publisher\":{\"@id\":\"https:\/\/www.nexoinformativo.mx\/#organization\"},\"potentialAction\":[{\"@type\":\"SearchAction\",\"target\":{\"@type\":\"EntryPoint\",\"urlTemplate\":\"https:\/\/www.nexoinformativo.mx\/?s={search_term_string}\"},\"query-input\":{\"@type\":\"PropertyValueSpecification\",\"valueRequired\":true,\"valueName\":\"search_term_string\"}}],\"inLanguage\":\"es\"},{\"@type\":\"Organization\",\"@id\":\"https:\/\/www.nexoinformativo.mx\/#organization\",\"name\":\"Nexo Informativo Santiago de Quer\u00e9taro\",\"url\":\"https:\/\/www.nexoinformativo.mx\/\",\"logo\":{\"@type\":\"ImageObject\",\"inLanguage\":\"es\",\"@id\":\"https:\/\/www.nexoinformativo.mx\/#\/schema\/logo\/image\/\",\"url\":\"https:\/\/www.nexoinformativo.mx\/wp-content\/uploads\/2024\/07\/nexoi-trasparente-2.png\",\"contentUrl\":\"https:\/\/www.nexoinformativo.mx\/wp-content\/uploads\/2024\/07\/nexoi-trasparente-2.png\",\"width\":816,\"height\":339,\"caption\":\"Nexo Informativo Santiago de Quer\u00e9taro\"},\"image\":{\"@id\":\"https:\/\/www.nexoinformativo.mx\/#\/schema\/logo\/image\/\"},\"sameAs\":[\"https:\/\/www.facebook.com\/people\/Nexo-Informativo\/61564066885511\/\"]},{\"@type\":\"Person\",\"@id\":\"https:\/\/www.nexoinformativo.mx\/#\/schema\/person\/7749d380ba08c8ca00d7bc76fd907b7d\",\"name\":\"Nexo Informativo\",\"image\":{\"@type\":\"ImageObject\",\"inLanguage\":\"es\",\"@id\":\"https:\/\/www.nexoinformativo.mx\/#\/schema\/person\/image\/\",\"url\":\"https:\/\/secure.gravatar.com\/avatar\/dde2928154642a13d95f87ddf1ea9718fe2b46760a005c53e41ff5ad610704e6?s=96&d=mm&r=g\",\"contentUrl\":\"https:\/\/secure.gravatar.com\/avatar\/dde2928154642a13d95f87ddf1ea9718fe2b46760a005c53e41ff5ad610704e6?s=96&d=mm&r=g\",\"caption\":\"Nexo Informativo\"},\"url\":\"https:\/\/www.nexoinformativo.mx\/index.php\/author\/edicion\/\"}]}<\/script>\n<!-- \/ Yoast SEO plugin. -->","yoast_head_json":{"title":"Inicia la Cuarta Edici\u00f3n del Festival del Vino Queretano | Nexo Informativo Santiago de Quer\u00e9taro","description":"Inicia la Cuarta Edici\u00f3n del Festival del Vino Queretano","robots":{"index":"index","follow":"follow","max-snippet":"max-snippet:-1","max-image-preview":"max-image-preview:large","max-video-preview":"max-video-preview:-1"},"canonical":"https:\/\/www.nexoinformativo.mx\/index.php\/2024\/10\/04\/inicia-la-cuarta-edicion-del-festival-del-vino-queretano\/","og_locale":"es_MX","og_type":"article","og_title":"Inicia la Cuarta Edici\u00f3n del Festival del Vino Queretano | Nexo Informativo Santiago de Quer\u00e9taro","og_description":"Inicia la Cuarta Edici\u00f3n del Festival del Vino Queretano","og_url":"https:\/\/www.nexoinformativo.mx\/index.php\/2024\/10\/04\/inicia-la-cuarta-edicion-del-festival-del-vino-queretano\/","og_site_name":"Nexo Informativo Santiago de Quer\u00e9taro","article_publisher":"https:\/\/www.facebook.com\/people\/Nexo-Informativo\/61564066885511\/","article_published_time":"2024-10-04T16:00:44+00:00","article_modified_time":"2024-10-04T19:10:18+00:00","og_image":[{"width":800,"height":485,"url":"https:\/\/www.nexoinformativo.mx\/wp-content\/uploads\/2024\/10\/PHOTO-2024-10-04-10-21-41-e1728059384965.jpg","type":"image\/jpeg"}],"author":"Nexo Informativo","twitter_card":"summary_large_image","twitter_misc":{"Escrito por":"Nexo Informativo","Tiempo de lectura":"2 minutos"},"schema":{"@context":"https:\/\/schema.org","@graph":[{"@type":"Article","@id":"https:\/\/www.nexoinformativo.mx\/index.php\/2024\/10\/04\/inicia-la-cuarta-edicion-del-festival-del-vino-queretano\/#article","isPartOf":{"@id":"https:\/\/www.nexoinformativo.mx\/index.php\/2024\/10\/04\/inicia-la-cuarta-edicion-del-festival-del-vino-queretano\/"},"author":{"name":"Nexo Informativo","@id":"https:\/\/www.nexoinformativo.mx\/#\/schema\/person\/7749d380ba08c8ca00d7bc76fd907b7d"},"headline":"Inicia la Cuarta Edici\u00f3n del Festival del Vino Queretano","datePublished":"2024-10-04T16:00:44+00:00","dateModified":"2024-10-04T19:10:18+00:00","mainEntityOfPage":{"@id":"https:\/\/www.nexoinformativo.mx\/index.php\/2024\/10\/04\/inicia-la-cuarta-edicion-del-festival-del-vino-queretano\/"},"wordCount":313,"commentCount":0,"publisher":{"@id":"https:\/\/www.nexoinformativo.mx\/#organization"},"image":{"@id":"https:\/\/www.nexoinformativo.mx\/index.php\/2024\/10\/04\/inicia-la-cuarta-edicion-del-festival-del-vino-queretano\/#primaryimage"},"thumbnailUrl":"https:\/\/www.nexoinformativo.mx\/wp-content\/uploads\/2024\/10\/PHOTO-2024-10-04-10-21-41-e1728059384965.jpg","keywords":["FestivalVinoQueretano","Quer\u00e9taroEnoturismo","RutaArteQuesoVino","VinoQQuer\u00e9taro"],"articleSection":["Municipios","\u00daltima Hora"],"inLanguage":"es","potentialAction":[{"@type":"CommentAction","name":"Comment","target":["https:\/\/www.nexoinformativo.mx\/index.php\/2024\/10\/04\/inicia-la-cuarta-edicion-del-festival-del-vino-queretano\/#respond"]}]},{"@type":"WebPage","@id":"https:\/\/www.nexoinformativo.mx\/index.php\/2024\/10\/04\/inicia-la-cuarta-edicion-del-festival-del-vino-queretano\/","url":"https:\/\/www.nexoinformativo.mx\/index.php\/2024\/10\/04\/inicia-la-cuarta-edicion-del-festival-del-vino-queretano\/","name":"Inicia la Cuarta Edici\u00f3n del Festival del Vino Queretano | Nexo Informativo Santiago de Quer\u00e9taro","isPartOf":{"@id":"https:\/\/www.nexoinformativo.mx\/#website"},"primaryImageOfPage":{"@id":"https:\/\/www.nexoinformativo.mx\/index.php\/2024\/10\/04\/inicia-la-cuarta-edicion-del-festival-del-vino-queretano\/#primaryimage"},"image":{"@id":"https:\/\/www.nexoinformativo.mx\/index.php\/2024\/10\/04\/inicia-la-cuarta-edicion-del-festival-del-vino-queretano\/#primaryimage"},"thumbnailUrl":"https:\/\/www.nexoinformativo.mx\/wp-content\/uploads\/2024\/10\/PHOTO-2024-10-04-10-21-41-e1728059384965.jpg","datePublished":"2024-10-04T16:00:44+00:00","dateModified":"2024-10-04T19:10:18+00:00","description":"Inicia la Cuarta Edici\u00f3n del Festival del Vino Queretano","breadcrumb":{"@id":"https:\/\/www.nexoinformativo.mx\/index.php\/2024\/10\/04\/inicia-la-cuarta-edicion-del-festival-del-vino-queretano\/#breadcrumb"},"inLanguage":"es","potentialAction":[{"@type":"ReadAction","target":["https:\/\/www.nexoinformativo.mx\/index.php\/2024\/10\/04\/inicia-la-cuarta-edicion-del-festival-del-vino-queretano\/"]}]},{"@type":"ImageObject","inLanguage":"es","@id":"https:\/\/www.nexoinformativo.mx\/index.php\/2024\/10\/04\/inicia-la-cuarta-edicion-del-festival-del-vino-queretano\/#primaryimage","url":"https:\/\/www.nexoinformativo.mx\/wp-content\/uploads\/2024\/10\/PHOTO-2024-10-04-10-21-41-e1728059384965.jpg","contentUrl":"https:\/\/www.nexoinformativo.mx\/wp-content\/uploads\/2024\/10\/PHOTO-2024-10-04-10-21-41-e1728059384965.jpg","width":800,"height":485},{"@type":"BreadcrumbList","@id":"https:\/\/www.nexoinformativo.mx\/index.php\/2024\/10\/04\/inicia-la-cuarta-edicion-del-festival-del-vino-queretano\/#breadcrumb","itemListElement":[{"@type":"ListItem","position":1,"name":"Inicio","item":"https:\/\/www.nexoinformativo.mx\/"},{"@type":"ListItem","position":2,"name":"Inicia la Cuarta Edici\u00f3n del Festival del Vino Queretano"}]},{"@type":"WebSite","@id":"https:\/\/www.nexoinformativo.mx\/#website","url":"https:\/\/www.nexoinformativo.mx\/","name":"Nexo Informativo Santiago de Quer\u00e9taro","description":"Explora NexoInformativo y convi\u00e9rtete en parte de una comunidad que valora el conocimiento y la verdad. Tu nexoinformativo es tu puente hacia una comprensi\u00f3n m\u00e1s profunda del mundo que te rodea.","publisher":{"@id":"https:\/\/www.nexoinformativo.mx\/#organization"},"potentialAction":[{"@type":"SearchAction","target":{"@type":"EntryPoint","urlTemplate":"https:\/\/www.nexoinformativo.mx\/?s={search_term_string}"},"query-input":{"@type":"PropertyValueSpecification","valueRequired":true,"valueName":"search_term_string"}}],"inLanguage":"es"},{"@type":"Organization","@id":"https:\/\/www.nexoinformativo.mx\/#organization","name":"Nexo Informativo Santiago de Quer\u00e9taro","url":"https:\/\/www.nexoinformativo.mx\/","logo":{"@type":"ImageObject","inLanguage":"es","@id":"https:\/\/www.nexoinformativo.mx\/#\/schema\/logo\/image\/","url":"https:\/\/www.nexoinformativo.mx\/wp-content\/uploads\/2024\/07\/nexoi-trasparente-2.png","contentUrl":"https:\/\/www.nexoinformativo.mx\/wp-content\/uploads\/2024\/07\/nexoi-trasparente-2.png","width":816,"height":339,"caption":"Nexo Informativo Santiago de Quer\u00e9taro"},"image":{"@id":"https:\/\/www.nexoinformativo.mx\/#\/schema\/logo\/image\/"},"sameAs":["https:\/\/www.facebook.com\/people\/Nexo-Informativo\/61564066885511\/"]},{"@type":"Person","@id":"https:\/\/www.nexoinformativo.mx\/#\/schema\/person\/7749d380ba08c8ca00d7bc76fd907b7d","name":"Nexo Informativo","image":{"@type":"ImageObject","inLanguage":"es","@id":"https:\/\/www.nexoinformativo.mx\/#\/schema\/person\/image\/","url":"https:\/\/secure.gravatar.com\/avatar\/dde2928154642a13d95f87ddf1ea9718fe2b46760a005c53e41ff5ad610704e6?s=96&d=mm&r=g","contentUrl":"https:\/\/secure.gravatar.com\/avatar\/dde2928154642a13d95f87ddf1ea9718fe2b46760a005c53e41ff5ad610704e6?s=96&d=mm&r=g","caption":"Nexo Informativo"},"url":"https:\/\/www.nexoinformativo.mx\/index.php\/author\/edicion\/"}]}},"_links":{"self":[{"href":"https:\/\/www.nexoinformativo.mx\/index.php\/wp-json\/wp\/v2\/posts\/2634","targetHints":{"allow":["GET"]}}],"collection":[{"href":"https:\/\/www.nexoinformativo.mx\/index.php\/wp-json\/wp\/v2\/posts"}],"about":[{"href":"https:\/\/www.nexoinformativo.mx\/index.php\/wp-json\/wp\/v2\/types\/post"}],"author":[{"embeddable":true,"href":"https:\/\/www.nexoinformativo.mx\/index.php\/wp-json\/wp\/v2\/users\/3"}],"replies":[{"embeddable":true,"href":"https:\/\/www.nexoinformativo.mx\/index.php\/wp-json\/wp\/v2\/comments?post=2634"}],"version-history":[{"count":3,"href":"https:\/\/www.nexoinformativo.mx\/index.php\/wp-json\/wp\/v2\/posts\/2634\/revisions"}],"predecessor-version":[{"id":2639,"href":"https:\/\/www.nexoinformativo.mx\/index.php\/wp-json\/wp\/v2\/posts\/2634\/revisions\/2639"}],"wp:featuredmedia":[{"embeddable":true,"href":"https:\/\/www.nexoinformativo.mx\/index.php\/wp-json\/wp\/v2\/media\/2635"}],"wp:attachment":[{"href":"https:\/\/www.nexoinformativo.mx\/index.php\/wp-json\/wp\/v2\/media?parent=2634"}],"wp:term":[{"taxonomy":"category","embeddable":true,"href":"https:\/\/www.nexoinformativo.mx\/index.php\/wp-json\/wp\/v2\/categories?post=2634"},{"taxonomy":"post_tag","embeddable":true,"href":"https:\/\/www.nexoinformativo.mx\/index.php\/wp-json\/wp\/v2\/tags?post=2634"}],"curies":[{"name":"wp","href":"https:\/\/api.w.org\/{rel}","templated":true}]}}