{"id":2640,"date":"2024-10-04T11:00:18","date_gmt":"2024-10-04T17:00:18","guid":{"rendered":"https:\/\/www.nexoinformativo.mx\/?p=2640"},"modified":"2024-10-04T13:10:01","modified_gmt":"2024-10-04T19:10:01","slug":"se-manifiestan-integrantes-del-poder-judicial-en-queretaro-en-defensa-de-la-independencia-judicial","status":"publish","type":"post","link":"https:\/\/www.nexoinformativo.mx\/index.php\/2024\/10\/04\/se-manifiestan-integrantes-del-poder-judicial-en-queretaro-en-defensa-de-la-independencia-judicial\/","title":{"rendered":"Se manifiestan integrantes del poder judicial en Quer\u00e9taro en defensa de la independencia judicial"},"content":{"rendered":"<p style=\"text-align: justify;\">Integrantes del poder judicial en Quer\u00e9taro realizaron una manifestaci\u00f3n por las calles del centro de la ciudad, portando una mega bandera como s\u00edmbolo de protesta contra una reforma que consideran amenaza la independencia judicial. La marcha inici\u00f3 en el monumento de los Arcos y finaliz\u00f3 en la Plaza de Armas, con el acompa\u00f1amiento del personal de movilidad del estado.<\/p>\n<p>&nbsp;<\/p>\n<p style=\"text-align: justify;\">El vocero del movimiento en Quer\u00e9taro, Juan Manuel Torres, explic\u00f3 que esta protesta forma parte de una serie de acciones para visibilizar su lucha, enfatizando que su objetivo no es la defensa de privilegios, sino de la independencia del poder judicial. <strong>&#8220;Nosotros no estamos aqu\u00ed para proteger privilegios, hemos acudido a los medios para aclarar que nuestra intenci\u00f3n es defender la independencia judicial&#8221;<\/strong>, declar\u00f3.<\/p>\n<p>&nbsp;<\/p>\n<p style=\"text-align: justify;\">Los manifestantes recorrieron varias calles importantes de la ciudad, como Zaragoza y Corregidora, hasta llegar al Palacio de Gobierno, donde concluyeron la movilizaci\u00f3n de manera pac\u00edfica.<\/p>\n<p>&nbsp;<\/p>\n<p>&nbsp;<\/p>\n<p style=\"text-align: center;\"><strong><em>\u00a1Informaci\u00f3n que transforma!<\/em><\/strong><\/p>\n","protected":false},"excerpt":{"rendered":"<p>Integrantes del poder judicial en Quer\u00e9taro realizaron una manifestaci\u00f3n por las calles del centro de la ciudad, portando una mega bandera como s\u00edmbolo de protesta contra una reforma que consideran amenaza la independencia judicial.<\/p>\n","protected":false},"author":3,"featured_media":2641,"comment_status":"open","ping_status":"open","sticky":false,"template":"","format":"standard","meta":{"footnotes":""},"categories":[21,58],"tags":[579,1066,1065,1067],"class_list":["post-2640","post","type-post","status-publish","format-standard","has-post-thumbnail","hentry","category-politica","category-ultima-hora","tag-independenciajudicial","tag-marchajudicialqueretaro","tag-protestajudicialqro","tag-reformajudicialqro"],"yoast_head":"<!-- This site is optimized with the Yoast SEO plugin v25.0 - https:\/\/yoast.com\/wordpress\/plugins\/seo\/ -->\n<title>Se manifiestan integrantes del poder judicial en Quer\u00e9taro en defensa de la independencia judicial | Nexo Informativo Santiago de Quer\u00e9taro<\/title>\n<meta name=\"description\" content=\"Se manifiestan integrantes del poder judicial en Quer\u00e9taro en defensa de la independencia judicial\" \/>\n<meta name=\"robots\" content=\"index, follow, max-snippet:-1, max-image-preview:large, max-video-preview:-1\" \/>\n<link rel=\"canonical\" href=\"https:\/\/www.nexoinformativo.mx\/index.php\/2024\/10\/04\/se-manifiestan-integrantes-del-poder-judicial-en-queretaro-en-defensa-de-la-independencia-judicial\/\" \/>\n<meta property=\"og:locale\" content=\"es_MX\" \/>\n<meta property=\"og:type\" content=\"article\" \/>\n<meta property=\"og:title\" content=\"Se manifiestan integrantes del poder judicial en Quer\u00e9taro en defensa de la independencia judicial | Nexo Informativo Santiago de Quer\u00e9taro\" \/>\n<meta property=\"og:description\" content=\"Se manifiestan integrantes del poder judicial en Quer\u00e9taro en defensa de la independencia judicial\" \/>\n<meta property=\"og:url\" content=\"https:\/\/www.nexoinformativo.mx\/index.php\/2024\/10\/04\/se-manifiestan-integrantes-del-poder-judicial-en-queretaro-en-defensa-de-la-independencia-judicial\/\" \/>\n<meta property=\"og:site_name\" content=\"Nexo Informativo Santiago de Quer\u00e9taro\" \/>\n<meta property=\"article:publisher\" content=\"https:\/\/www.facebook.com\/people\/Nexo-Informativo\/61564066885511\/\" \/>\n<meta property=\"article:published_time\" content=\"2024-10-04T17:00:18+00:00\" \/>\n<meta property=\"article:modified_time\" content=\"2024-10-04T19:10:01+00:00\" \/>\n<meta property=\"og:image\" content=\"https:\/\/www.nexoinformativo.mx\/wp-content\/uploads\/2024\/10\/IMG_6647-e1728064067710.jpg\" \/>\n\t<meta property=\"og:image:width\" content=\"800\" \/>\n\t<meta property=\"og:image:height\" content=\"441\" \/>\n\t<meta property=\"og:image:type\" content=\"image\/jpeg\" \/>\n<meta name=\"author\" content=\"Nexo Informativo\" \/>\n<meta name=\"twitter:card\" content=\"summary_large_image\" \/>\n<meta name=\"twitter:label1\" content=\"Escrito por\" \/>\n\t<meta name=\"twitter:data1\" content=\"Nexo Informativo\" \/>\n\t<meta name=\"twitter:label2\" content=\"Tiempo de lectura\" \/>\n\t<meta name=\"twitter:data2\" content=\"1 minuto\" \/>\n<script type=\"application\/ld+json\" class=\"yoast-schema-graph\">{\"@context\":\"https:\/\/schema.org\",\"@graph\":[{\"@type\":\"Article\",\"@id\":\"https:\/\/www.nexoinformativo.mx\/index.php\/2024\/10\/04\/se-manifiestan-integrantes-del-poder-judicial-en-queretaro-en-defensa-de-la-independencia-judicial\/#article\",\"isPartOf\":{\"@id\":\"https:\/\/www.nexoinformativo.mx\/index.php\/2024\/10\/04\/se-manifiestan-integrantes-del-poder-judicial-en-queretaro-en-defensa-de-la-independencia-judicial\/\"},\"author\":{\"name\":\"Nexo Informativo\",\"@id\":\"https:\/\/www.nexoinformativo.mx\/#\/schema\/person\/7749d380ba08c8ca00d7bc76fd907b7d\"},\"headline\":\"Se manifiestan integrantes del poder judicial en Quer\u00e9taro en defensa de la independencia judicial\",\"datePublished\":\"2024-10-04T17:00:18+00:00\",\"dateModified\":\"2024-10-04T19:10:01+00:00\",\"mainEntityOfPage\":{\"@id\":\"https:\/\/www.nexoinformativo.mx\/index.php\/2024\/10\/04\/se-manifiestan-integrantes-del-poder-judicial-en-queretaro-en-defensa-de-la-independencia-judicial\/\"},\"wordCount\":180,\"commentCount\":0,\"publisher\":{\"@id\":\"https:\/\/www.nexoinformativo.mx\/#organization\"},\"image\":{\"@id\":\"https:\/\/www.nexoinformativo.mx\/index.php\/2024\/10\/04\/se-manifiestan-integrantes-del-poder-judicial-en-queretaro-en-defensa-de-la-independencia-judicial\/#primaryimage\"},\"thumbnailUrl\":\"https:\/\/www.nexoinformativo.mx\/wp-content\/uploads\/2024\/10\/IMG_6647-e1728064067710.jpg\",\"keywords\":[\"IndependenciaJudicial\",\"MarchaJudicialQuer\u00e9taro\",\"ProtestaJudicialQRO\",\"ReformaJudicialQRO\"],\"articleSection\":[\"Pol\u00edtica\",\"\u00daltima Hora\"],\"inLanguage\":\"es\",\"potentialAction\":[{\"@type\":\"CommentAction\",\"name\":\"Comment\",\"target\":[\"https:\/\/www.nexoinformativo.mx\/index.php\/2024\/10\/04\/se-manifiestan-integrantes-del-poder-judicial-en-queretaro-en-defensa-de-la-independencia-judicial\/#respond\"]}]},{\"@type\":\"WebPage\",\"@id\":\"https:\/\/www.nexoinformativo.mx\/index.php\/2024\/10\/04\/se-manifiestan-integrantes-del-poder-judicial-en-queretaro-en-defensa-de-la-independencia-judicial\/\",\"url\":\"https:\/\/www.nexoinformativo.mx\/index.php\/2024\/10\/04\/se-manifiestan-integrantes-del-poder-judicial-en-queretaro-en-defensa-de-la-independencia-judicial\/\",\"name\":\"Se manifiestan integrantes del poder judicial en Quer\u00e9taro en defensa de la independencia judicial | Nexo Informativo Santiago de Quer\u00e9taro\",\"isPartOf\":{\"@id\":\"https:\/\/www.nexoinformativo.mx\/#website\"},\"primaryImageOfPage\":{\"@id\":\"https:\/\/www.nexoinformativo.mx\/index.php\/2024\/10\/04\/se-manifiestan-integrantes-del-poder-judicial-en-queretaro-en-defensa-de-la-independencia-judicial\/#primaryimage\"},\"image\":{\"@id\":\"https:\/\/www.nexoinformativo.mx\/index.php\/2024\/10\/04\/se-manifiestan-integrantes-del-poder-judicial-en-queretaro-en-defensa-de-la-independencia-judicial\/#primaryimage\"},\"thumbnailUrl\":\"https:\/\/www.nexoinformativo.mx\/wp-content\/uploads\/2024\/10\/IMG_6647-e1728064067710.jpg\",\"datePublished\":\"2024-10-04T17:00:18+00:00\",\"dateModified\":\"2024-10-04T19:10:01+00:00\",\"description\":\"Se manifiestan integrantes del poder judicial en Quer\u00e9taro en defensa de la independencia judicial\",\"breadcrumb\":{\"@id\":\"https:\/\/www.nexoinformativo.mx\/index.php\/2024\/10\/04\/se-manifiestan-integrantes-del-poder-judicial-en-queretaro-en-defensa-de-la-independencia-judicial\/#breadcrumb\"},\"inLanguage\":\"es\",\"potentialAction\":[{\"@type\":\"ReadAction\",\"target\":[\"https:\/\/www.nexoinformativo.mx\/index.php\/2024\/10\/04\/se-manifiestan-integrantes-del-poder-judicial-en-queretaro-en-defensa-de-la-independencia-judicial\/\"]}]},{\"@type\":\"ImageObject\",\"inLanguage\":\"es\",\"@id\":\"https:\/\/www.nexoinformativo.mx\/index.php\/2024\/10\/04\/se-manifiestan-integrantes-del-poder-judicial-en-queretaro-en-defensa-de-la-independencia-judicial\/#primaryimage\",\"url\":\"https:\/\/www.nexoinformativo.mx\/wp-content\/uploads\/2024\/10\/IMG_6647-e1728064067710.jpg\",\"contentUrl\":\"https:\/\/www.nexoinformativo.mx\/wp-content\/uploads\/2024\/10\/IMG_6647-e1728064067710.jpg\",\"width\":800,\"height\":441,\"caption\":\"Screenshot\"},{\"@type\":\"BreadcrumbList\",\"@id\":\"https:\/\/www.nexoinformativo.mx\/index.php\/2024\/10\/04\/se-manifiestan-integrantes-del-poder-judicial-en-queretaro-en-defensa-de-la-independencia-judicial\/#breadcrumb\",\"itemListElement\":[{\"@type\":\"ListItem\",\"position\":1,\"name\":\"Inicio\",\"item\":\"https:\/\/www.nexoinformativo.mx\/\"},{\"@type\":\"ListItem\",\"position\":2,\"name\":\"Se manifiestan integrantes del poder judicial en Quer\u00e9taro en defensa de la independencia judicial\"}]},{\"@type\":\"WebSite\",\"@id\":\"https:\/\/www.nexoinformativo.mx\/#website\",\"url\":\"https:\/\/www.nexoinformativo.mx\/\",\"name\":\"Nexo Informativo Santiago de Quer\u00e9taro\",\"description\":\"Explora NexoInformativo y convi\u00e9rtete en parte de una comunidad que valora el conocimiento y la verdad. Tu nexoinformativo es tu puente hacia una comprensi\u00f3n m\u00e1s profunda del mundo que te rodea.\",\"publisher\":{\"@id\":\"https:\/\/www.nexoinformativo.mx\/#organization\"},\"potentialAction\":[{\"@type\":\"SearchAction\",\"target\":{\"@type\":\"EntryPoint\",\"urlTemplate\":\"https:\/\/www.nexoinformativo.mx\/?s={search_term_string}\"},\"query-input\":{\"@type\":\"PropertyValueSpecification\",\"valueRequired\":true,\"valueName\":\"search_term_string\"}}],\"inLanguage\":\"es\"},{\"@type\":\"Organization\",\"@id\":\"https:\/\/www.nexoinformativo.mx\/#organization\",\"name\":\"Nexo Informativo Santiago de Quer\u00e9taro\",\"url\":\"https:\/\/www.nexoinformativo.mx\/\",\"logo\":{\"@type\":\"ImageObject\",\"inLanguage\":\"es\",\"@id\":\"https:\/\/www.nexoinformativo.mx\/#\/schema\/logo\/image\/\",\"url\":\"https:\/\/www.nexoinformativo.mx\/wp-content\/uploads\/2024\/07\/nexoi-trasparente-2.png\",\"contentUrl\":\"https:\/\/www.nexoinformativo.mx\/wp-content\/uploads\/2024\/07\/nexoi-trasparente-2.png\",\"width\":816,\"height\":339,\"caption\":\"Nexo Informativo Santiago de Quer\u00e9taro\"},\"image\":{\"@id\":\"https:\/\/www.nexoinformativo.mx\/#\/schema\/logo\/image\/\"},\"sameAs\":[\"https:\/\/www.facebook.com\/people\/Nexo-Informativo\/61564066885511\/\"]},{\"@type\":\"Person\",\"@id\":\"https:\/\/www.nexoinformativo.mx\/#\/schema\/person\/7749d380ba08c8ca00d7bc76fd907b7d\",\"name\":\"Nexo Informativo\",\"image\":{\"@type\":\"ImageObject\",\"inLanguage\":\"es\",\"@id\":\"https:\/\/www.nexoinformativo.mx\/#\/schema\/person\/image\/\",\"url\":\"https:\/\/secure.gravatar.com\/avatar\/dde2928154642a13d95f87ddf1ea9718fe2b46760a005c53e41ff5ad610704e6?s=96&d=mm&r=g\",\"contentUrl\":\"https:\/\/secure.gravatar.com\/avatar\/dde2928154642a13d95f87ddf1ea9718fe2b46760a005c53e41ff5ad610704e6?s=96&d=mm&r=g\",\"caption\":\"Nexo Informativo\"},\"url\":\"https:\/\/www.nexoinformativo.mx\/index.php\/author\/edicion\/\"}]}<\/script>\n<!-- \/ Yoast SEO plugin. -->","yoast_head_json":{"title":"Se manifiestan integrantes del poder judicial en Quer\u00e9taro en defensa de la independencia judicial | Nexo Informativo Santiago de Quer\u00e9taro","description":"Se manifiestan integrantes del poder judicial en Quer\u00e9taro en defensa de la independencia judicial","robots":{"index":"index","follow":"follow","max-snippet":"max-snippet:-1","max-image-preview":"max-image-preview:large","max-video-preview":"max-video-preview:-1"},"canonical":"https:\/\/www.nexoinformativo.mx\/index.php\/2024\/10\/04\/se-manifiestan-integrantes-del-poder-judicial-en-queretaro-en-defensa-de-la-independencia-judicial\/","og_locale":"es_MX","og_type":"article","og_title":"Se manifiestan integrantes del poder judicial en Quer\u00e9taro en defensa de la independencia judicial | Nexo Informativo Santiago de Quer\u00e9taro","og_description":"Se manifiestan integrantes del poder judicial en Quer\u00e9taro en defensa de la independencia judicial","og_url":"https:\/\/www.nexoinformativo.mx\/index.php\/2024\/10\/04\/se-manifiestan-integrantes-del-poder-judicial-en-queretaro-en-defensa-de-la-independencia-judicial\/","og_site_name":"Nexo Informativo Santiago de Quer\u00e9taro","article_publisher":"https:\/\/www.facebook.com\/people\/Nexo-Informativo\/61564066885511\/","article_published_time":"2024-10-04T17:00:18+00:00","article_modified_time":"2024-10-04T19:10:01+00:00","og_image":[{"width":800,"height":441,"url":"https:\/\/www.nexoinformativo.mx\/wp-content\/uploads\/2024\/10\/IMG_6647-e1728064067710.jpg","type":"image\/jpeg"}],"author":"Nexo Informativo","twitter_card":"summary_large_image","twitter_misc":{"Escrito por":"Nexo Informativo","Tiempo de lectura":"1 minuto"},"schema":{"@context":"https:\/\/schema.org","@graph":[{"@type":"Article","@id":"https:\/\/www.nexoinformativo.mx\/index.php\/2024\/10\/04\/se-manifiestan-integrantes-del-poder-judicial-en-queretaro-en-defensa-de-la-independencia-judicial\/#article","isPartOf":{"@id":"https:\/\/www.nexoinformativo.mx\/index.php\/2024\/10\/04\/se-manifiestan-integrantes-del-poder-judicial-en-queretaro-en-defensa-de-la-independencia-judicial\/"},"author":{"name":"Nexo Informativo","@id":"https:\/\/www.nexoinformativo.mx\/#\/schema\/person\/7749d380ba08c8ca00d7bc76fd907b7d"},"headline":"Se manifiestan integrantes del poder judicial en Quer\u00e9taro en defensa de la independencia judicial","datePublished":"2024-10-04T17:00:18+00:00","dateModified":"2024-10-04T19:10:01+00:00","mainEntityOfPage":{"@id":"https:\/\/www.nexoinformativo.mx\/index.php\/2024\/10\/04\/se-manifiestan-integrantes-del-poder-judicial-en-queretaro-en-defensa-de-la-independencia-judicial\/"},"wordCount":180,"commentCount":0,"publisher":{"@id":"https:\/\/www.nexoinformativo.mx\/#organization"},"image":{"@id":"https:\/\/www.nexoinformativo.mx\/index.php\/2024\/10\/04\/se-manifiestan-integrantes-del-poder-judicial-en-queretaro-en-defensa-de-la-independencia-judicial\/#primaryimage"},"thumbnailUrl":"https:\/\/www.nexoinformativo.mx\/wp-content\/uploads\/2024\/10\/IMG_6647-e1728064067710.jpg","keywords":["IndependenciaJudicial","MarchaJudicialQuer\u00e9taro","ProtestaJudicialQRO","ReformaJudicialQRO"],"articleSection":["Pol\u00edtica","\u00daltima Hora"],"inLanguage":"es","potentialAction":[{"@type":"CommentAction","name":"Comment","target":["https:\/\/www.nexoinformativo.mx\/index.php\/2024\/10\/04\/se-manifiestan-integrantes-del-poder-judicial-en-queretaro-en-defensa-de-la-independencia-judicial\/#respond"]}]},{"@type":"WebPage","@id":"https:\/\/www.nexoinformativo.mx\/index.php\/2024\/10\/04\/se-manifiestan-integrantes-del-poder-judicial-en-queretaro-en-defensa-de-la-independencia-judicial\/","url":"https:\/\/www.nexoinformativo.mx\/index.php\/2024\/10\/04\/se-manifiestan-integrantes-del-poder-judicial-en-queretaro-en-defensa-de-la-independencia-judicial\/","name":"Se manifiestan integrantes del poder judicial en Quer\u00e9taro en defensa de la independencia judicial | Nexo Informativo Santiago de Quer\u00e9taro","isPartOf":{"@id":"https:\/\/www.nexoinformativo.mx\/#website"},"primaryImageOfPage":{"@id":"https:\/\/www.nexoinformativo.mx\/index.php\/2024\/10\/04\/se-manifiestan-integrantes-del-poder-judicial-en-queretaro-en-defensa-de-la-independencia-judicial\/#primaryimage"},"image":{"@id":"https:\/\/www.nexoinformativo.mx\/index.php\/2024\/10\/04\/se-manifiestan-integrantes-del-poder-judicial-en-queretaro-en-defensa-de-la-independencia-judicial\/#primaryimage"},"thumbnailUrl":"https:\/\/www.nexoinformativo.mx\/wp-content\/uploads\/2024\/10\/IMG_6647-e1728064067710.jpg","datePublished":"2024-10-04T17:00:18+00:00","dateModified":"2024-10-04T19:10:01+00:00","description":"Se manifiestan integrantes del poder judicial en Quer\u00e9taro en defensa de la independencia judicial","breadcrumb":{"@id":"https:\/\/www.nexoinformativo.mx\/index.php\/2024\/10\/04\/se-manifiestan-integrantes-del-poder-judicial-en-queretaro-en-defensa-de-la-independencia-judicial\/#breadcrumb"},"inLanguage":"es","potentialAction":[{"@type":"ReadAction","target":["https:\/\/www.nexoinformativo.mx\/index.php\/2024\/10\/04\/se-manifiestan-integrantes-del-poder-judicial-en-queretaro-en-defensa-de-la-independencia-judicial\/"]}]},{"@type":"ImageObject","inLanguage":"es","@id":"https:\/\/www.nexoinformativo.mx\/index.php\/2024\/10\/04\/se-manifiestan-integrantes-del-poder-judicial-en-queretaro-en-defensa-de-la-independencia-judicial\/#primaryimage","url":"https:\/\/www.nexoinformativo.mx\/wp-content\/uploads\/2024\/10\/IMG_6647-e1728064067710.jpg","contentUrl":"https:\/\/www.nexoinformativo.mx\/wp-content\/uploads\/2024\/10\/IMG_6647-e1728064067710.jpg","width":800,"height":441,"caption":"Screenshot"},{"@type":"BreadcrumbList","@id":"https:\/\/www.nexoinformativo.mx\/index.php\/2024\/10\/04\/se-manifiestan-integrantes-del-poder-judicial-en-queretaro-en-defensa-de-la-independencia-judicial\/#breadcrumb","itemListElement":[{"@type":"ListItem","position":1,"name":"Inicio","item":"https:\/\/www.nexoinformativo.mx\/"},{"@type":"ListItem","position":2,"name":"Se manifiestan integrantes del poder judicial en Quer\u00e9taro en defensa de la independencia judicial"}]},{"@type":"WebSite","@id":"https:\/\/www.nexoinformativo.mx\/#website","url":"https:\/\/www.nexoinformativo.mx\/","name":"Nexo Informativo Santiago de Quer\u00e9taro","description":"Explora NexoInformativo y convi\u00e9rtete en parte de una comunidad que valora el conocimiento y la verdad. Tu nexoinformativo es tu puente hacia una comprensi\u00f3n m\u00e1s profunda del mundo que te rodea.","publisher":{"@id":"https:\/\/www.nexoinformativo.mx\/#organization"},"potentialAction":[{"@type":"SearchAction","target":{"@type":"EntryPoint","urlTemplate":"https:\/\/www.nexoinformativo.mx\/?s={search_term_string}"},"query-input":{"@type":"PropertyValueSpecification","valueRequired":true,"valueName":"search_term_string"}}],"inLanguage":"es"},{"@type":"Organization","@id":"https:\/\/www.nexoinformativo.mx\/#organization","name":"Nexo Informativo Santiago de Quer\u00e9taro","url":"https:\/\/www.nexoinformativo.mx\/","logo":{"@type":"ImageObject","inLanguage":"es","@id":"https:\/\/www.nexoinformativo.mx\/#\/schema\/logo\/image\/","url":"https:\/\/www.nexoinformativo.mx\/wp-content\/uploads\/2024\/07\/nexoi-trasparente-2.png","contentUrl":"https:\/\/www.nexoinformativo.mx\/wp-content\/uploads\/2024\/07\/nexoi-trasparente-2.png","width":816,"height":339,"caption":"Nexo Informativo Santiago de Quer\u00e9taro"},"image":{"@id":"https:\/\/www.nexoinformativo.mx\/#\/schema\/logo\/image\/"},"sameAs":["https:\/\/www.facebook.com\/people\/Nexo-Informativo\/61564066885511\/"]},{"@type":"Person","@id":"https:\/\/www.nexoinformativo.mx\/#\/schema\/person\/7749d380ba08c8ca00d7bc76fd907b7d","name":"Nexo Informativo","image":{"@type":"ImageObject","inLanguage":"es","@id":"https:\/\/www.nexoinformativo.mx\/#\/schema\/person\/image\/","url":"https:\/\/secure.gravatar.com\/avatar\/dde2928154642a13d95f87ddf1ea9718fe2b46760a005c53e41ff5ad610704e6?s=96&d=mm&r=g","contentUrl":"https:\/\/secure.gravatar.com\/avatar\/dde2928154642a13d95f87ddf1ea9718fe2b46760a005c53e41ff5ad610704e6?s=96&d=mm&r=g","caption":"Nexo Informativo"},"url":"https:\/\/www.nexoinformativo.mx\/index.php\/author\/edicion\/"}]}},"_links":{"self":[{"href":"https:\/\/www.nexoinformativo.mx\/index.php\/wp-json\/wp\/v2\/posts\/2640","targetHints":{"allow":["GET"]}}],"collection":[{"href":"https:\/\/www.nexoinformativo.mx\/index.php\/wp-json\/wp\/v2\/posts"}],"about":[{"href":"https:\/\/www.nexoinformativo.mx\/index.php\/wp-json\/wp\/v2\/types\/post"}],"author":[{"embeddable":true,"href":"https:\/\/www.nexoinformativo.mx\/index.php\/wp-json\/wp\/v2\/users\/3"}],"replies":[{"embeddable":true,"href":"https:\/\/www.nexoinformativo.mx\/index.php\/wp-json\/wp\/v2\/comments?post=2640"}],"version-history":[{"count":1,"href":"https:\/\/www.nexoinformativo.mx\/index.php\/wp-json\/wp\/v2\/posts\/2640\/revisions"}],"predecessor-version":[{"id":2642,"href":"https:\/\/www.nexoinformativo.mx\/index.php\/wp-json\/wp\/v2\/posts\/2640\/revisions\/2642"}],"wp:featuredmedia":[{"embeddable":true,"href":"https:\/\/www.nexoinformativo.mx\/index.php\/wp-json\/wp\/v2\/media\/2641"}],"wp:attachment":[{"href":"https:\/\/www.nexoinformativo.mx\/index.php\/wp-json\/wp\/v2\/media?parent=2640"}],"wp:term":[{"taxonomy":"category","embeddable":true,"href":"https:\/\/www.nexoinformativo.mx\/index.php\/wp-json\/wp\/v2\/categories?post=2640"},{"taxonomy":"post_tag","embeddable":true,"href":"https:\/\/www.nexoinformativo.mx\/index.php\/wp-json\/wp\/v2\/tags?post=2640"}],"curies":[{"name":"wp","href":"https:\/\/api.w.org\/{rel}","templated":true}]}}