{"id":2656,"date":"2024-10-04T12:00:24","date_gmt":"2024-10-04T18:00:24","guid":{"rendered":"https:\/\/www.nexoinformativo.mx\/?p=2656"},"modified":"2024-10-04T13:26:51","modified_gmt":"2024-10-04T19:26:51","slug":"renuevan-flotilla-de-la-ruta-c55-con-nuevas-unidades-de-transporte","status":"publish","type":"post","link":"https:\/\/www.nexoinformativo.mx\/index.php\/2024\/10\/04\/renuevan-flotilla-de-la-ruta-c55-con-nuevas-unidades-de-transporte\/","title":{"rendered":"Renuevan flotilla de la ruta C55 con nuevas unidades de transporte"},"content":{"rendered":"<p style=\"text-align: justify;\">A partir del pr\u00f3ximo s\u00e1bado 5 de octubre, la empresa Flecha Amarilla renovar\u00e1 completamente la flotilla de la ruta C55con la incorporaci\u00f3n de 14 nuevas unidades Mercedes Benz. Este cambio busca mejorar el servicio de transporte p\u00fablico en el estado, ofreciendo mayor comodidad, seguridad y frecuencia a los usuarios.<\/p>\n<p>&nbsp;<\/p>\n<p style=\"text-align: justify;\">Las nuevas unidades cuentan con asientos preferentes, centros de recarga USB, rampa para sillas de ruedas y c\u00e1maras de videovigilancia, lo que fortalece la infraestructura del transporte p\u00fablico.<\/p>\n<p>&nbsp;<\/p>\n<p style=\"text-align: justify;\">La ruta C55, que funciona exclusivamente con tarjeta de prepago Qrobus, conecta puntos importantes de la ciudad como el Blvd. de La Naci\u00f3n, Av. Eur\u00edpides, Av. Plat\u00f3n, Av. Universidad y Av. Revoluci\u00f3n, entre otros.<\/p>\n<p>&nbsp;<\/p>\n<p style=\"text-align: justify;\">Adem\u00e1s, los usuarios que utilicen la tarjeta Qrobus podr\u00e1n acceder a tarifas preferentes, transbordo gratuito y seguro de viaje. Quienes registren su tarjeta en la app Qrobus podr\u00e1n administrar su saldo y llevar un control detallado de sus viajes, mejorando as\u00ed la experiencia del transporte.<\/p>\n<p>&nbsp;<\/p>\n<p>&nbsp;<\/p>\n<p style=\"text-align: center;\"><strong><em>\u00a1Informaci\u00f3n que transforma!<\/em><\/strong><\/p>\n","protected":false},"excerpt":{"rendered":"<p>A partir del pr\u00f3ximo s\u00e1bado 5 de octubre, la empresa Flecha Amarilla renovar\u00e1 completamente la flotilla de la ruta C55con la incorporaci\u00f3n de 14 nuevas unidades Mercedes Benz.<\/p>\n","protected":false},"author":3,"featured_media":2657,"comment_status":"open","ping_status":"open","sticky":false,"template":"","format":"standard","meta":{"footnotes":""},"categories":[42,58],"tags":[1076,1077,1075,288],"class_list":["post-2656","post","type-post","status-publish","format-standard","has-post-thumbnail","hentry","category-estado","category-ultima-hora","tag-nuevasunidadesc55","tag-qrobuscomodidad","tag-rutac55renovada","tag-transportepublicoqueretaro"],"yoast_head":"<!-- This site is optimized with the Yoast SEO plugin v25.0 - https:\/\/yoast.com\/wordpress\/plugins\/seo\/ -->\n<title>Renuevan flotilla de la ruta C55 con nuevas unidades de transporte | Nexo Informativo Santiago de Quer\u00e9taro<\/title>\n<meta name=\"description\" content=\"Renuevan flotilla de la ruta C55 con nuevas unidades de transporte\" \/>\n<meta name=\"robots\" content=\"index, follow, max-snippet:-1, max-image-preview:large, max-video-preview:-1\" \/>\n<link rel=\"canonical\" href=\"https:\/\/www.nexoinformativo.mx\/index.php\/2024\/10\/04\/renuevan-flotilla-de-la-ruta-c55-con-nuevas-unidades-de-transporte\/\" \/>\n<meta property=\"og:locale\" content=\"es_MX\" \/>\n<meta property=\"og:type\" content=\"article\" \/>\n<meta property=\"og:title\" content=\"Renuevan flotilla de la ruta C55 con nuevas unidades de transporte | Nexo Informativo Santiago de Quer\u00e9taro\" \/>\n<meta property=\"og:description\" content=\"Renuevan flotilla de la ruta C55 con nuevas unidades de transporte\" \/>\n<meta property=\"og:url\" content=\"https:\/\/www.nexoinformativo.mx\/index.php\/2024\/10\/04\/renuevan-flotilla-de-la-ruta-c55-con-nuevas-unidades-de-transporte\/\" \/>\n<meta property=\"og:site_name\" content=\"Nexo Informativo Santiago de Quer\u00e9taro\" \/>\n<meta property=\"article:publisher\" content=\"https:\/\/www.facebook.com\/people\/Nexo-Informativo\/61564066885511\/\" \/>\n<meta property=\"article:published_time\" content=\"2024-10-04T18:00:24+00:00\" \/>\n<meta property=\"article:modified_time\" content=\"2024-10-04T19:26:51+00:00\" \/>\n<meta property=\"og:image\" content=\"https:\/\/www.nexoinformativo.mx\/wp-content\/uploads\/2024\/10\/PHOTO-2024-10-04-13-05-47-2-e1728069868275.jpg\" \/>\n\t<meta property=\"og:image:width\" content=\"800\" \/>\n\t<meta property=\"og:image:height\" content=\"338\" \/>\n\t<meta property=\"og:image:type\" content=\"image\/jpeg\" \/>\n<meta name=\"author\" content=\"Nexo Informativo\" \/>\n<meta name=\"twitter:card\" content=\"summary_large_image\" \/>\n<meta name=\"twitter:label1\" content=\"Escrito por\" \/>\n\t<meta name=\"twitter:data1\" content=\"Nexo Informativo\" \/>\n\t<meta name=\"twitter:label2\" content=\"Tiempo de lectura\" \/>\n\t<meta name=\"twitter:data2\" content=\"1 minuto\" \/>\n<script type=\"application\/ld+json\" class=\"yoast-schema-graph\">{\"@context\":\"https:\/\/schema.org\",\"@graph\":[{\"@type\":\"Article\",\"@id\":\"https:\/\/www.nexoinformativo.mx\/index.php\/2024\/10\/04\/renuevan-flotilla-de-la-ruta-c55-con-nuevas-unidades-de-transporte\/#article\",\"isPartOf\":{\"@id\":\"https:\/\/www.nexoinformativo.mx\/index.php\/2024\/10\/04\/renuevan-flotilla-de-la-ruta-c55-con-nuevas-unidades-de-transporte\/\"},\"author\":{\"name\":\"Nexo Informativo\",\"@id\":\"https:\/\/www.nexoinformativo.mx\/#\/schema\/person\/7749d380ba08c8ca00d7bc76fd907b7d\"},\"headline\":\"Renuevan flotilla de la ruta C55 con nuevas unidades de transporte\",\"datePublished\":\"2024-10-04T18:00:24+00:00\",\"dateModified\":\"2024-10-04T19:26:51+00:00\",\"mainEntityOfPage\":{\"@id\":\"https:\/\/www.nexoinformativo.mx\/index.php\/2024\/10\/04\/renuevan-flotilla-de-la-ruta-c55-con-nuevas-unidades-de-transporte\/\"},\"wordCount\":188,\"commentCount\":0,\"publisher\":{\"@id\":\"https:\/\/www.nexoinformativo.mx\/#organization\"},\"image\":{\"@id\":\"https:\/\/www.nexoinformativo.mx\/index.php\/2024\/10\/04\/renuevan-flotilla-de-la-ruta-c55-con-nuevas-unidades-de-transporte\/#primaryimage\"},\"thumbnailUrl\":\"https:\/\/www.nexoinformativo.mx\/wp-content\/uploads\/2024\/10\/PHOTO-2024-10-04-13-05-47-2-e1728069868275.jpg\",\"keywords\":[\"NuevasUnidadesC55\",\"QrobusComodidad\",\"RutaC55Renovada\",\"TransporteP\u00fablicoQuer\u00e9taro\"],\"articleSection\":[\"Estado\",\"\u00daltima Hora\"],\"inLanguage\":\"es\",\"potentialAction\":[{\"@type\":\"CommentAction\",\"name\":\"Comment\",\"target\":[\"https:\/\/www.nexoinformativo.mx\/index.php\/2024\/10\/04\/renuevan-flotilla-de-la-ruta-c55-con-nuevas-unidades-de-transporte\/#respond\"]}]},{\"@type\":\"WebPage\",\"@id\":\"https:\/\/www.nexoinformativo.mx\/index.php\/2024\/10\/04\/renuevan-flotilla-de-la-ruta-c55-con-nuevas-unidades-de-transporte\/\",\"url\":\"https:\/\/www.nexoinformativo.mx\/index.php\/2024\/10\/04\/renuevan-flotilla-de-la-ruta-c55-con-nuevas-unidades-de-transporte\/\",\"name\":\"Renuevan flotilla de la ruta C55 con nuevas unidades de transporte | Nexo Informativo Santiago de Quer\u00e9taro\",\"isPartOf\":{\"@id\":\"https:\/\/www.nexoinformativo.mx\/#website\"},\"primaryImageOfPage\":{\"@id\":\"https:\/\/www.nexoinformativo.mx\/index.php\/2024\/10\/04\/renuevan-flotilla-de-la-ruta-c55-con-nuevas-unidades-de-transporte\/#primaryimage\"},\"image\":{\"@id\":\"https:\/\/www.nexoinformativo.mx\/index.php\/2024\/10\/04\/renuevan-flotilla-de-la-ruta-c55-con-nuevas-unidades-de-transporte\/#primaryimage\"},\"thumbnailUrl\":\"https:\/\/www.nexoinformativo.mx\/wp-content\/uploads\/2024\/10\/PHOTO-2024-10-04-13-05-47-2-e1728069868275.jpg\",\"datePublished\":\"2024-10-04T18:00:24+00:00\",\"dateModified\":\"2024-10-04T19:26:51+00:00\",\"description\":\"Renuevan flotilla de la ruta C55 con nuevas unidades de transporte\",\"breadcrumb\":{\"@id\":\"https:\/\/www.nexoinformativo.mx\/index.php\/2024\/10\/04\/renuevan-flotilla-de-la-ruta-c55-con-nuevas-unidades-de-transporte\/#breadcrumb\"},\"inLanguage\":\"es\",\"potentialAction\":[{\"@type\":\"ReadAction\",\"target\":[\"https:\/\/www.nexoinformativo.mx\/index.php\/2024\/10\/04\/renuevan-flotilla-de-la-ruta-c55-con-nuevas-unidades-de-transporte\/\"]}]},{\"@type\":\"ImageObject\",\"inLanguage\":\"es\",\"@id\":\"https:\/\/www.nexoinformativo.mx\/index.php\/2024\/10\/04\/renuevan-flotilla-de-la-ruta-c55-con-nuevas-unidades-de-transporte\/#primaryimage\",\"url\":\"https:\/\/www.nexoinformativo.mx\/wp-content\/uploads\/2024\/10\/PHOTO-2024-10-04-13-05-47-2-e1728069868275.jpg\",\"contentUrl\":\"https:\/\/www.nexoinformativo.mx\/wp-content\/uploads\/2024\/10\/PHOTO-2024-10-04-13-05-47-2-e1728069868275.jpg\",\"width\":800,\"height\":338},{\"@type\":\"BreadcrumbList\",\"@id\":\"https:\/\/www.nexoinformativo.mx\/index.php\/2024\/10\/04\/renuevan-flotilla-de-la-ruta-c55-con-nuevas-unidades-de-transporte\/#breadcrumb\",\"itemListElement\":[{\"@type\":\"ListItem\",\"position\":1,\"name\":\"Inicio\",\"item\":\"https:\/\/www.nexoinformativo.mx\/\"},{\"@type\":\"ListItem\",\"position\":2,\"name\":\"Renuevan flotilla de la ruta C55 con nuevas unidades de transporte\"}]},{\"@type\":\"WebSite\",\"@id\":\"https:\/\/www.nexoinformativo.mx\/#website\",\"url\":\"https:\/\/www.nexoinformativo.mx\/\",\"name\":\"Nexo Informativo Santiago de Quer\u00e9taro\",\"description\":\"Explora NexoInformativo y convi\u00e9rtete en parte de una comunidad que valora el conocimiento y la verdad. Tu nexoinformativo es tu puente hacia una comprensi\u00f3n m\u00e1s profunda del mundo que te rodea.\",\"publisher\":{\"@id\":\"https:\/\/www.nexoinformativo.mx\/#organization\"},\"potentialAction\":[{\"@type\":\"SearchAction\",\"target\":{\"@type\":\"EntryPoint\",\"urlTemplate\":\"https:\/\/www.nexoinformativo.mx\/?s={search_term_string}\"},\"query-input\":{\"@type\":\"PropertyValueSpecification\",\"valueRequired\":true,\"valueName\":\"search_term_string\"}}],\"inLanguage\":\"es\"},{\"@type\":\"Organization\",\"@id\":\"https:\/\/www.nexoinformativo.mx\/#organization\",\"name\":\"Nexo Informativo Santiago de Quer\u00e9taro\",\"url\":\"https:\/\/www.nexoinformativo.mx\/\",\"logo\":{\"@type\":\"ImageObject\",\"inLanguage\":\"es\",\"@id\":\"https:\/\/www.nexoinformativo.mx\/#\/schema\/logo\/image\/\",\"url\":\"https:\/\/www.nexoinformativo.mx\/wp-content\/uploads\/2024\/07\/nexoi-trasparente-2.png\",\"contentUrl\":\"https:\/\/www.nexoinformativo.mx\/wp-content\/uploads\/2024\/07\/nexoi-trasparente-2.png\",\"width\":816,\"height\":339,\"caption\":\"Nexo Informativo Santiago de Quer\u00e9taro\"},\"image\":{\"@id\":\"https:\/\/www.nexoinformativo.mx\/#\/schema\/logo\/image\/\"},\"sameAs\":[\"https:\/\/www.facebook.com\/people\/Nexo-Informativo\/61564066885511\/\"]},{\"@type\":\"Person\",\"@id\":\"https:\/\/www.nexoinformativo.mx\/#\/schema\/person\/7749d380ba08c8ca00d7bc76fd907b7d\",\"name\":\"Nexo Informativo\",\"image\":{\"@type\":\"ImageObject\",\"inLanguage\":\"es\",\"@id\":\"https:\/\/www.nexoinformativo.mx\/#\/schema\/person\/image\/\",\"url\":\"https:\/\/secure.gravatar.com\/avatar\/dde2928154642a13d95f87ddf1ea9718fe2b46760a005c53e41ff5ad610704e6?s=96&d=mm&r=g\",\"contentUrl\":\"https:\/\/secure.gravatar.com\/avatar\/dde2928154642a13d95f87ddf1ea9718fe2b46760a005c53e41ff5ad610704e6?s=96&d=mm&r=g\",\"caption\":\"Nexo Informativo\"},\"url\":\"https:\/\/www.nexoinformativo.mx\/index.php\/author\/edicion\/\"}]}<\/script>\n<!-- \/ Yoast SEO plugin. -->","yoast_head_json":{"title":"Renuevan flotilla de la ruta C55 con nuevas unidades de transporte | Nexo Informativo Santiago de Quer\u00e9taro","description":"Renuevan flotilla de la ruta C55 con nuevas unidades de transporte","robots":{"index":"index","follow":"follow","max-snippet":"max-snippet:-1","max-image-preview":"max-image-preview:large","max-video-preview":"max-video-preview:-1"},"canonical":"https:\/\/www.nexoinformativo.mx\/index.php\/2024\/10\/04\/renuevan-flotilla-de-la-ruta-c55-con-nuevas-unidades-de-transporte\/","og_locale":"es_MX","og_type":"article","og_title":"Renuevan flotilla de la ruta C55 con nuevas unidades de transporte | Nexo Informativo Santiago de Quer\u00e9taro","og_description":"Renuevan flotilla de la ruta C55 con nuevas unidades de transporte","og_url":"https:\/\/www.nexoinformativo.mx\/index.php\/2024\/10\/04\/renuevan-flotilla-de-la-ruta-c55-con-nuevas-unidades-de-transporte\/","og_site_name":"Nexo Informativo Santiago de Quer\u00e9taro","article_publisher":"https:\/\/www.facebook.com\/people\/Nexo-Informativo\/61564066885511\/","article_published_time":"2024-10-04T18:00:24+00:00","article_modified_time":"2024-10-04T19:26:51+00:00","og_image":[{"width":800,"height":338,"url":"https:\/\/www.nexoinformativo.mx\/wp-content\/uploads\/2024\/10\/PHOTO-2024-10-04-13-05-47-2-e1728069868275.jpg","type":"image\/jpeg"}],"author":"Nexo Informativo","twitter_card":"summary_large_image","twitter_misc":{"Escrito por":"Nexo Informativo","Tiempo de lectura":"1 minuto"},"schema":{"@context":"https:\/\/schema.org","@graph":[{"@type":"Article","@id":"https:\/\/www.nexoinformativo.mx\/index.php\/2024\/10\/04\/renuevan-flotilla-de-la-ruta-c55-con-nuevas-unidades-de-transporte\/#article","isPartOf":{"@id":"https:\/\/www.nexoinformativo.mx\/index.php\/2024\/10\/04\/renuevan-flotilla-de-la-ruta-c55-con-nuevas-unidades-de-transporte\/"},"author":{"name":"Nexo Informativo","@id":"https:\/\/www.nexoinformativo.mx\/#\/schema\/person\/7749d380ba08c8ca00d7bc76fd907b7d"},"headline":"Renuevan flotilla de la ruta C55 con nuevas unidades de transporte","datePublished":"2024-10-04T18:00:24+00:00","dateModified":"2024-10-04T19:26:51+00:00","mainEntityOfPage":{"@id":"https:\/\/www.nexoinformativo.mx\/index.php\/2024\/10\/04\/renuevan-flotilla-de-la-ruta-c55-con-nuevas-unidades-de-transporte\/"},"wordCount":188,"commentCount":0,"publisher":{"@id":"https:\/\/www.nexoinformativo.mx\/#organization"},"image":{"@id":"https:\/\/www.nexoinformativo.mx\/index.php\/2024\/10\/04\/renuevan-flotilla-de-la-ruta-c55-con-nuevas-unidades-de-transporte\/#primaryimage"},"thumbnailUrl":"https:\/\/www.nexoinformativo.mx\/wp-content\/uploads\/2024\/10\/PHOTO-2024-10-04-13-05-47-2-e1728069868275.jpg","keywords":["NuevasUnidadesC55","QrobusComodidad","RutaC55Renovada","TransporteP\u00fablicoQuer\u00e9taro"],"articleSection":["Estado","\u00daltima Hora"],"inLanguage":"es","potentialAction":[{"@type":"CommentAction","name":"Comment","target":["https:\/\/www.nexoinformativo.mx\/index.php\/2024\/10\/04\/renuevan-flotilla-de-la-ruta-c55-con-nuevas-unidades-de-transporte\/#respond"]}]},{"@type":"WebPage","@id":"https:\/\/www.nexoinformativo.mx\/index.php\/2024\/10\/04\/renuevan-flotilla-de-la-ruta-c55-con-nuevas-unidades-de-transporte\/","url":"https:\/\/www.nexoinformativo.mx\/index.php\/2024\/10\/04\/renuevan-flotilla-de-la-ruta-c55-con-nuevas-unidades-de-transporte\/","name":"Renuevan flotilla de la ruta C55 con nuevas unidades de transporte | Nexo Informativo Santiago de Quer\u00e9taro","isPartOf":{"@id":"https:\/\/www.nexoinformativo.mx\/#website"},"primaryImageOfPage":{"@id":"https:\/\/www.nexoinformativo.mx\/index.php\/2024\/10\/04\/renuevan-flotilla-de-la-ruta-c55-con-nuevas-unidades-de-transporte\/#primaryimage"},"image":{"@id":"https:\/\/www.nexoinformativo.mx\/index.php\/2024\/10\/04\/renuevan-flotilla-de-la-ruta-c55-con-nuevas-unidades-de-transporte\/#primaryimage"},"thumbnailUrl":"https:\/\/www.nexoinformativo.mx\/wp-content\/uploads\/2024\/10\/PHOTO-2024-10-04-13-05-47-2-e1728069868275.jpg","datePublished":"2024-10-04T18:00:24+00:00","dateModified":"2024-10-04T19:26:51+00:00","description":"Renuevan flotilla de la ruta C55 con nuevas unidades de transporte","breadcrumb":{"@id":"https:\/\/www.nexoinformativo.mx\/index.php\/2024\/10\/04\/renuevan-flotilla-de-la-ruta-c55-con-nuevas-unidades-de-transporte\/#breadcrumb"},"inLanguage":"es","potentialAction":[{"@type":"ReadAction","target":["https:\/\/www.nexoinformativo.mx\/index.php\/2024\/10\/04\/renuevan-flotilla-de-la-ruta-c55-con-nuevas-unidades-de-transporte\/"]}]},{"@type":"ImageObject","inLanguage":"es","@id":"https:\/\/www.nexoinformativo.mx\/index.php\/2024\/10\/04\/renuevan-flotilla-de-la-ruta-c55-con-nuevas-unidades-de-transporte\/#primaryimage","url":"https:\/\/www.nexoinformativo.mx\/wp-content\/uploads\/2024\/10\/PHOTO-2024-10-04-13-05-47-2-e1728069868275.jpg","contentUrl":"https:\/\/www.nexoinformativo.mx\/wp-content\/uploads\/2024\/10\/PHOTO-2024-10-04-13-05-47-2-e1728069868275.jpg","width":800,"height":338},{"@type":"BreadcrumbList","@id":"https:\/\/www.nexoinformativo.mx\/index.php\/2024\/10\/04\/renuevan-flotilla-de-la-ruta-c55-con-nuevas-unidades-de-transporte\/#breadcrumb","itemListElement":[{"@type":"ListItem","position":1,"name":"Inicio","item":"https:\/\/www.nexoinformativo.mx\/"},{"@type":"ListItem","position":2,"name":"Renuevan flotilla de la ruta C55 con nuevas unidades de transporte"}]},{"@type":"WebSite","@id":"https:\/\/www.nexoinformativo.mx\/#website","url":"https:\/\/www.nexoinformativo.mx\/","name":"Nexo Informativo Santiago de Quer\u00e9taro","description":"Explora NexoInformativo y convi\u00e9rtete en parte de una comunidad que valora el conocimiento y la verdad. Tu nexoinformativo es tu puente hacia una comprensi\u00f3n m\u00e1s profunda del mundo que te rodea.","publisher":{"@id":"https:\/\/www.nexoinformativo.mx\/#organization"},"potentialAction":[{"@type":"SearchAction","target":{"@type":"EntryPoint","urlTemplate":"https:\/\/www.nexoinformativo.mx\/?s={search_term_string}"},"query-input":{"@type":"PropertyValueSpecification","valueRequired":true,"valueName":"search_term_string"}}],"inLanguage":"es"},{"@type":"Organization","@id":"https:\/\/www.nexoinformativo.mx\/#organization","name":"Nexo Informativo Santiago de Quer\u00e9taro","url":"https:\/\/www.nexoinformativo.mx\/","logo":{"@type":"ImageObject","inLanguage":"es","@id":"https:\/\/www.nexoinformativo.mx\/#\/schema\/logo\/image\/","url":"https:\/\/www.nexoinformativo.mx\/wp-content\/uploads\/2024\/07\/nexoi-trasparente-2.png","contentUrl":"https:\/\/www.nexoinformativo.mx\/wp-content\/uploads\/2024\/07\/nexoi-trasparente-2.png","width":816,"height":339,"caption":"Nexo Informativo Santiago de Quer\u00e9taro"},"image":{"@id":"https:\/\/www.nexoinformativo.mx\/#\/schema\/logo\/image\/"},"sameAs":["https:\/\/www.facebook.com\/people\/Nexo-Informativo\/61564066885511\/"]},{"@type":"Person","@id":"https:\/\/www.nexoinformativo.mx\/#\/schema\/person\/7749d380ba08c8ca00d7bc76fd907b7d","name":"Nexo Informativo","image":{"@type":"ImageObject","inLanguage":"es","@id":"https:\/\/www.nexoinformativo.mx\/#\/schema\/person\/image\/","url":"https:\/\/secure.gravatar.com\/avatar\/dde2928154642a13d95f87ddf1ea9718fe2b46760a005c53e41ff5ad610704e6?s=96&d=mm&r=g","contentUrl":"https:\/\/secure.gravatar.com\/avatar\/dde2928154642a13d95f87ddf1ea9718fe2b46760a005c53e41ff5ad610704e6?s=96&d=mm&r=g","caption":"Nexo Informativo"},"url":"https:\/\/www.nexoinformativo.mx\/index.php\/author\/edicion\/"}]}},"_links":{"self":[{"href":"https:\/\/www.nexoinformativo.mx\/index.php\/wp-json\/wp\/v2\/posts\/2656","targetHints":{"allow":["GET"]}}],"collection":[{"href":"https:\/\/www.nexoinformativo.mx\/index.php\/wp-json\/wp\/v2\/posts"}],"about":[{"href":"https:\/\/www.nexoinformativo.mx\/index.php\/wp-json\/wp\/v2\/types\/post"}],"author":[{"embeddable":true,"href":"https:\/\/www.nexoinformativo.mx\/index.php\/wp-json\/wp\/v2\/users\/3"}],"replies":[{"embeddable":true,"href":"https:\/\/www.nexoinformativo.mx\/index.php\/wp-json\/wp\/v2\/comments?post=2656"}],"version-history":[{"count":5,"href":"https:\/\/www.nexoinformativo.mx\/index.php\/wp-json\/wp\/v2\/posts\/2656\/revisions"}],"predecessor-version":[{"id":2659,"href":"https:\/\/www.nexoinformativo.mx\/index.php\/wp-json\/wp\/v2\/posts\/2656\/revisions\/2659"}],"wp:featuredmedia":[{"embeddable":true,"href":"https:\/\/www.nexoinformativo.mx\/index.php\/wp-json\/wp\/v2\/media\/2657"}],"wp:attachment":[{"href":"https:\/\/www.nexoinformativo.mx\/index.php\/wp-json\/wp\/v2\/media?parent=2656"}],"wp:term":[{"taxonomy":"category","embeddable":true,"href":"https:\/\/www.nexoinformativo.mx\/index.php\/wp-json\/wp\/v2\/categories?post=2656"},{"taxonomy":"post_tag","embeddable":true,"href":"https:\/\/www.nexoinformativo.mx\/index.php\/wp-json\/wp\/v2\/tags?post=2656"}],"curies":[{"name":"wp","href":"https:\/\/api.w.org\/{rel}","templated":true}]}}