{"id":2663,"date":"2024-10-04T12:00:07","date_gmt":"2024-10-04T18:00:07","guid":{"rendered":"https:\/\/www.nexoinformativo.mx\/?p=2663"},"modified":"2024-10-04T14:39:58","modified_gmt":"2024-10-04T20:39:58","slug":"david-kershenobich-stalnikowitz-secretario-de-salud-anuncia-fortalecimiento-del-imss-bienestar-para-garantizar-salud-universal-en-mexico","status":"publish","type":"post","link":"https:\/\/www.nexoinformativo.mx\/index.php\/2024\/10\/04\/david-kershenobich-stalnikowitz-secretario-de-salud-anuncia-fortalecimiento-del-imss-bienestar-para-garantizar-salud-universal-en-mexico\/","title":{"rendered":"David Kershenobich Stalnikowitz, Secretario de Salud, Anuncia Fortalecimiento del IMSS-Bienestar para Garantizar Salud Universal en M\u00e9xico"},"content":{"rendered":"<p style=\"text-align: justify;\">En esta administraci\u00f3n, el Gobierno de M\u00e9xico, encabezado por el secretario de Salud, David Kershenobich Stalnikowitz, se comprometi\u00f3 a fortalecer el sistema de <strong>IMSS-Bienestar<\/strong> para que toda persona en el pa\u00eds reciba servicios m\u00e9dicos de calidad, independientemente de su situaci\u00f3n laboral o migratoria.<\/p>\n<p>&nbsp;<\/p>\n<p style=\"text-align: justify;\">El objetivo es prevenir enfermedades cr\u00f3nico-degenerativas y brindar atenci\u00f3n oportuna a trav\u00e9s de un sistema de salud universal, eficiente y gratuito, como parte de una estrategia integral para garantizar el derecho a la salud en todo el pa\u00eds.<\/p>\n<p>&nbsp;<\/p>\n<p style=\"text-align: justify;\">Alejandro Svarch P\u00e9rez, director del IMSS-Bienestar, afirm\u00f3 que la instituci\u00f3n jugar\u00e1 un papel clave en la transformaci\u00f3n del sistema de salud para impactar a m\u00e1s de 64 millones de personas sin seguridad social. Adem\u00e1s, anunci\u00f3 la implementaci\u00f3n de nuevas plataformas tecnol\u00f3gicas para dar seguimiento continuo al estado de salud de la poblaci\u00f3n a lo largo de su vida.<\/p>\n<p>&nbsp;<\/p>\n<p style=\"text-align: justify;\">La colaboraci\u00f3n entre el IMSS-Bienestar y las Secretar\u00edas de Salud estatales ser\u00e1 fundamental para cumplir con la visi\u00f3n de un sistema de atenci\u00f3n m\u00e9dica equitativo y accesible para todos los mexicanos.<\/p>\n<p>&nbsp;<\/p>\n<p>&nbsp;<\/p>\n<p style=\"text-align: center;\"><em><strong>\u00a1Informaci\u00f3n que transforma!<\/strong><\/em><\/p>\n","protected":false},"excerpt":{"rendered":"<p>En esta administraci\u00f3n, el Gobierno de M\u00e9xico, encabezado por el secretario de Salud, David Kershenobich Stalnikowitz, se comprometi\u00f3 a fortalecer el sistema de IMSS-Bienestar para que toda persona en el pa\u00eds reciba servicios m\u00e9dicos de calidad, independientemente de su situaci\u00f3n laboral o migratoria.<\/p>\n","protected":false},"author":3,"featured_media":2664,"comment_status":"open","ping_status":"open","sticky":false,"template":"","format":"standard","meta":{"footnotes":""},"categories":[88,58],"tags":[1080,1078,461,1079],"class_list":["post-2663","post","type-post","status-publish","format-standard","has-post-thumbnail","hentry","category-nacional","category-ultima-hora","tag-atencionmedica","tag-imssbienestar","tag-prevencionsalud","tag-saludparatodos"],"yoast_head":"<!-- This site is optimized with the Yoast SEO plugin v25.0 - https:\/\/yoast.com\/wordpress\/plugins\/seo\/ -->\n<title>David Kershenobich Stalnikowitz, Secretario de Salud, Anuncia Fortalecimiento del IMSS-Bienestar para Garantizar Salud Universal en M\u00e9xico | Nexo Informativo Santiago de Quer\u00e9taro<\/title>\n<meta name=\"description\" content=\"David Kershenobich Stalnikowitz, Secretario de Salud, Anuncia Fortalecimiento del IMSS-Bienestar para Garantizar Salud Universal en M\u00e9xico\" \/>\n<meta name=\"robots\" content=\"index, follow, max-snippet:-1, max-image-preview:large, max-video-preview:-1\" \/>\n<link rel=\"canonical\" href=\"https:\/\/www.nexoinformativo.mx\/index.php\/2024\/10\/04\/david-kershenobich-stalnikowitz-secretario-de-salud-anuncia-fortalecimiento-del-imss-bienestar-para-garantizar-salud-universal-en-mexico\/\" \/>\n<meta property=\"og:locale\" content=\"es_MX\" \/>\n<meta property=\"og:type\" content=\"article\" \/>\n<meta property=\"og:title\" content=\"David Kershenobich Stalnikowitz, Secretario de Salud, Anuncia Fortalecimiento del IMSS-Bienestar para Garantizar Salud Universal en M\u00e9xico | Nexo Informativo Santiago de Quer\u00e9taro\" \/>\n<meta property=\"og:description\" content=\"David Kershenobich Stalnikowitz, Secretario de Salud, Anuncia Fortalecimiento del IMSS-Bienestar para Garantizar Salud Universal en M\u00e9xico\" \/>\n<meta property=\"og:url\" content=\"https:\/\/www.nexoinformativo.mx\/index.php\/2024\/10\/04\/david-kershenobich-stalnikowitz-secretario-de-salud-anuncia-fortalecimiento-del-imss-bienestar-para-garantizar-salud-universal-en-mexico\/\" \/>\n<meta property=\"og:site_name\" content=\"Nexo Informativo Santiago de Quer\u00e9taro\" \/>\n<meta property=\"article:publisher\" content=\"https:\/\/www.facebook.com\/people\/Nexo-Informativo\/61564066885511\/\" \/>\n<meta property=\"article:published_time\" content=\"2024-10-04T18:00:07+00:00\" \/>\n<meta property=\"article:modified_time\" content=\"2024-10-04T20:39:58+00:00\" \/>\n<meta property=\"og:image\" content=\"https:\/\/www.nexoinformativo.mx\/wp-content\/uploads\/2024\/10\/pexels-pixabay-263337-e1728071655543.jpg\" \/>\n\t<meta property=\"og:image:width\" content=\"800\" \/>\n\t<meta property=\"og:image:height\" content=\"1202\" \/>\n\t<meta property=\"og:image:type\" content=\"image\/jpeg\" \/>\n<meta name=\"author\" content=\"Nexo Informativo\" \/>\n<meta name=\"twitter:card\" content=\"summary_large_image\" \/>\n<meta name=\"twitter:label1\" content=\"Escrito por\" \/>\n\t<meta name=\"twitter:data1\" content=\"Nexo Informativo\" \/>\n\t<meta name=\"twitter:label2\" content=\"Tiempo de lectura\" \/>\n\t<meta name=\"twitter:data2\" content=\"1 minuto\" \/>\n<script type=\"application\/ld+json\" class=\"yoast-schema-graph\">{\"@context\":\"https:\/\/schema.org\",\"@graph\":[{\"@type\":\"Article\",\"@id\":\"https:\/\/www.nexoinformativo.mx\/index.php\/2024\/10\/04\/david-kershenobich-stalnikowitz-secretario-de-salud-anuncia-fortalecimiento-del-imss-bienestar-para-garantizar-salud-universal-en-mexico\/#article\",\"isPartOf\":{\"@id\":\"https:\/\/www.nexoinformativo.mx\/index.php\/2024\/10\/04\/david-kershenobich-stalnikowitz-secretario-de-salud-anuncia-fortalecimiento-del-imss-bienestar-para-garantizar-salud-universal-en-mexico\/\"},\"author\":{\"name\":\"Nexo Informativo\",\"@id\":\"https:\/\/www.nexoinformativo.mx\/#\/schema\/person\/7749d380ba08c8ca00d7bc76fd907b7d\"},\"headline\":\"David Kershenobich Stalnikowitz, Secretario de Salud, Anuncia Fortalecimiento del IMSS-Bienestar para Garantizar Salud Universal en M\u00e9xico\",\"datePublished\":\"2024-10-04T18:00:07+00:00\",\"dateModified\":\"2024-10-04T20:39:58+00:00\",\"mainEntityOfPage\":{\"@id\":\"https:\/\/www.nexoinformativo.mx\/index.php\/2024\/10\/04\/david-kershenobich-stalnikowitz-secretario-de-salud-anuncia-fortalecimiento-del-imss-bienestar-para-garantizar-salud-universal-en-mexico\/\"},\"wordCount\":217,\"commentCount\":0,\"publisher\":{\"@id\":\"https:\/\/www.nexoinformativo.mx\/#organization\"},\"image\":{\"@id\":\"https:\/\/www.nexoinformativo.mx\/index.php\/2024\/10\/04\/david-kershenobich-stalnikowitz-secretario-de-salud-anuncia-fortalecimiento-del-imss-bienestar-para-garantizar-salud-universal-en-mexico\/#primaryimage\"},\"thumbnailUrl\":\"https:\/\/www.nexoinformativo.mx\/wp-content\/uploads\/2024\/10\/pexels-pixabay-263337-e1728071655543.jpg\",\"keywords\":[\"Atenci\u00f3nM\u00e9dica\",\"IMSSBienestar\",\"Prevenci\u00f3nSalud\",\"SaludParaTodos\"],\"articleSection\":[\"Nacional\",\"\u00daltima Hora\"],\"inLanguage\":\"es\",\"potentialAction\":[{\"@type\":\"CommentAction\",\"name\":\"Comment\",\"target\":[\"https:\/\/www.nexoinformativo.mx\/index.php\/2024\/10\/04\/david-kershenobich-stalnikowitz-secretario-de-salud-anuncia-fortalecimiento-del-imss-bienestar-para-garantizar-salud-universal-en-mexico\/#respond\"]}]},{\"@type\":\"WebPage\",\"@id\":\"https:\/\/www.nexoinformativo.mx\/index.php\/2024\/10\/04\/david-kershenobich-stalnikowitz-secretario-de-salud-anuncia-fortalecimiento-del-imss-bienestar-para-garantizar-salud-universal-en-mexico\/\",\"url\":\"https:\/\/www.nexoinformativo.mx\/index.php\/2024\/10\/04\/david-kershenobich-stalnikowitz-secretario-de-salud-anuncia-fortalecimiento-del-imss-bienestar-para-garantizar-salud-universal-en-mexico\/\",\"name\":\"David Kershenobich Stalnikowitz, Secretario de Salud, Anuncia Fortalecimiento del IMSS-Bienestar para Garantizar Salud Universal en M\u00e9xico | Nexo Informativo Santiago de Quer\u00e9taro\",\"isPartOf\":{\"@id\":\"https:\/\/www.nexoinformativo.mx\/#website\"},\"primaryImageOfPage\":{\"@id\":\"https:\/\/www.nexoinformativo.mx\/index.php\/2024\/10\/04\/david-kershenobich-stalnikowitz-secretario-de-salud-anuncia-fortalecimiento-del-imss-bienestar-para-garantizar-salud-universal-en-mexico\/#primaryimage\"},\"image\":{\"@id\":\"https:\/\/www.nexoinformativo.mx\/index.php\/2024\/10\/04\/david-kershenobich-stalnikowitz-secretario-de-salud-anuncia-fortalecimiento-del-imss-bienestar-para-garantizar-salud-universal-en-mexico\/#primaryimage\"},\"thumbnailUrl\":\"https:\/\/www.nexoinformativo.mx\/wp-content\/uploads\/2024\/10\/pexels-pixabay-263337-e1728071655543.jpg\",\"datePublished\":\"2024-10-04T18:00:07+00:00\",\"dateModified\":\"2024-10-04T20:39:58+00:00\",\"description\":\"David Kershenobich Stalnikowitz, Secretario de Salud, Anuncia Fortalecimiento del IMSS-Bienestar para Garantizar Salud Universal en M\u00e9xico\",\"breadcrumb\":{\"@id\":\"https:\/\/www.nexoinformativo.mx\/index.php\/2024\/10\/04\/david-kershenobich-stalnikowitz-secretario-de-salud-anuncia-fortalecimiento-del-imss-bienestar-para-garantizar-salud-universal-en-mexico\/#breadcrumb\"},\"inLanguage\":\"es\",\"potentialAction\":[{\"@type\":\"ReadAction\",\"target\":[\"https:\/\/www.nexoinformativo.mx\/index.php\/2024\/10\/04\/david-kershenobich-stalnikowitz-secretario-de-salud-anuncia-fortalecimiento-del-imss-bienestar-para-garantizar-salud-universal-en-mexico\/\"]}]},{\"@type\":\"ImageObject\",\"inLanguage\":\"es\",\"@id\":\"https:\/\/www.nexoinformativo.mx\/index.php\/2024\/10\/04\/david-kershenobich-stalnikowitz-secretario-de-salud-anuncia-fortalecimiento-del-imss-bienestar-para-garantizar-salud-universal-en-mexico\/#primaryimage\",\"url\":\"https:\/\/www.nexoinformativo.mx\/wp-content\/uploads\/2024\/10\/pexels-pixabay-263337-e1728071655543.jpg\",\"contentUrl\":\"https:\/\/www.nexoinformativo.mx\/wp-content\/uploads\/2024\/10\/pexels-pixabay-263337-e1728071655543.jpg\",\"width\":800,\"height\":1202},{\"@type\":\"BreadcrumbList\",\"@id\":\"https:\/\/www.nexoinformativo.mx\/index.php\/2024\/10\/04\/david-kershenobich-stalnikowitz-secretario-de-salud-anuncia-fortalecimiento-del-imss-bienestar-para-garantizar-salud-universal-en-mexico\/#breadcrumb\",\"itemListElement\":[{\"@type\":\"ListItem\",\"position\":1,\"name\":\"Inicio\",\"item\":\"https:\/\/www.nexoinformativo.mx\/\"},{\"@type\":\"ListItem\",\"position\":2,\"name\":\"David Kershenobich Stalnikowitz, Secretario de Salud, Anuncia Fortalecimiento del IMSS-Bienestar para Garantizar Salud Universal en M\u00e9xico\"}]},{\"@type\":\"WebSite\",\"@id\":\"https:\/\/www.nexoinformativo.mx\/#website\",\"url\":\"https:\/\/www.nexoinformativo.mx\/\",\"name\":\"Nexo Informativo Santiago de Quer\u00e9taro\",\"description\":\"Explora NexoInformativo y convi\u00e9rtete en parte de una comunidad que valora el conocimiento y la verdad. Tu nexoinformativo es tu puente hacia una comprensi\u00f3n m\u00e1s profunda del mundo que te rodea.\",\"publisher\":{\"@id\":\"https:\/\/www.nexoinformativo.mx\/#organization\"},\"potentialAction\":[{\"@type\":\"SearchAction\",\"target\":{\"@type\":\"EntryPoint\",\"urlTemplate\":\"https:\/\/www.nexoinformativo.mx\/?s={search_term_string}\"},\"query-input\":{\"@type\":\"PropertyValueSpecification\",\"valueRequired\":true,\"valueName\":\"search_term_string\"}}],\"inLanguage\":\"es\"},{\"@type\":\"Organization\",\"@id\":\"https:\/\/www.nexoinformativo.mx\/#organization\",\"name\":\"Nexo Informativo Santiago de Quer\u00e9taro\",\"url\":\"https:\/\/www.nexoinformativo.mx\/\",\"logo\":{\"@type\":\"ImageObject\",\"inLanguage\":\"es\",\"@id\":\"https:\/\/www.nexoinformativo.mx\/#\/schema\/logo\/image\/\",\"url\":\"https:\/\/www.nexoinformativo.mx\/wp-content\/uploads\/2024\/07\/nexoi-trasparente-2.png\",\"contentUrl\":\"https:\/\/www.nexoinformativo.mx\/wp-content\/uploads\/2024\/07\/nexoi-trasparente-2.png\",\"width\":816,\"height\":339,\"caption\":\"Nexo Informativo Santiago de Quer\u00e9taro\"},\"image\":{\"@id\":\"https:\/\/www.nexoinformativo.mx\/#\/schema\/logo\/image\/\"},\"sameAs\":[\"https:\/\/www.facebook.com\/people\/Nexo-Informativo\/61564066885511\/\"]},{\"@type\":\"Person\",\"@id\":\"https:\/\/www.nexoinformativo.mx\/#\/schema\/person\/7749d380ba08c8ca00d7bc76fd907b7d\",\"name\":\"Nexo Informativo\",\"image\":{\"@type\":\"ImageObject\",\"inLanguage\":\"es\",\"@id\":\"https:\/\/www.nexoinformativo.mx\/#\/schema\/person\/image\/\",\"url\":\"https:\/\/secure.gravatar.com\/avatar\/dde2928154642a13d95f87ddf1ea9718fe2b46760a005c53e41ff5ad610704e6?s=96&d=mm&r=g\",\"contentUrl\":\"https:\/\/secure.gravatar.com\/avatar\/dde2928154642a13d95f87ddf1ea9718fe2b46760a005c53e41ff5ad610704e6?s=96&d=mm&r=g\",\"caption\":\"Nexo Informativo\"},\"url\":\"https:\/\/www.nexoinformativo.mx\/index.php\/author\/edicion\/\"}]}<\/script>\n<!-- \/ Yoast SEO plugin. -->","yoast_head_json":{"title":"David Kershenobich Stalnikowitz, Secretario de Salud, Anuncia Fortalecimiento del IMSS-Bienestar para Garantizar Salud Universal en M\u00e9xico | Nexo Informativo Santiago de Quer\u00e9taro","description":"David Kershenobich Stalnikowitz, Secretario de Salud, Anuncia Fortalecimiento del IMSS-Bienestar para Garantizar Salud Universal en M\u00e9xico","robots":{"index":"index","follow":"follow","max-snippet":"max-snippet:-1","max-image-preview":"max-image-preview:large","max-video-preview":"max-video-preview:-1"},"canonical":"https:\/\/www.nexoinformativo.mx\/index.php\/2024\/10\/04\/david-kershenobich-stalnikowitz-secretario-de-salud-anuncia-fortalecimiento-del-imss-bienestar-para-garantizar-salud-universal-en-mexico\/","og_locale":"es_MX","og_type":"article","og_title":"David Kershenobich Stalnikowitz, Secretario de Salud, Anuncia Fortalecimiento del IMSS-Bienestar para Garantizar Salud Universal en M\u00e9xico | Nexo Informativo Santiago de Quer\u00e9taro","og_description":"David Kershenobich Stalnikowitz, Secretario de Salud, Anuncia Fortalecimiento del IMSS-Bienestar para Garantizar Salud Universal en M\u00e9xico","og_url":"https:\/\/www.nexoinformativo.mx\/index.php\/2024\/10\/04\/david-kershenobich-stalnikowitz-secretario-de-salud-anuncia-fortalecimiento-del-imss-bienestar-para-garantizar-salud-universal-en-mexico\/","og_site_name":"Nexo Informativo Santiago de Quer\u00e9taro","article_publisher":"https:\/\/www.facebook.com\/people\/Nexo-Informativo\/61564066885511\/","article_published_time":"2024-10-04T18:00:07+00:00","article_modified_time":"2024-10-04T20:39:58+00:00","og_image":[{"width":800,"height":1202,"url":"https:\/\/www.nexoinformativo.mx\/wp-content\/uploads\/2024\/10\/pexels-pixabay-263337-e1728071655543.jpg","type":"image\/jpeg"}],"author":"Nexo Informativo","twitter_card":"summary_large_image","twitter_misc":{"Escrito por":"Nexo Informativo","Tiempo de lectura":"1 minuto"},"schema":{"@context":"https:\/\/schema.org","@graph":[{"@type":"Article","@id":"https:\/\/www.nexoinformativo.mx\/index.php\/2024\/10\/04\/david-kershenobich-stalnikowitz-secretario-de-salud-anuncia-fortalecimiento-del-imss-bienestar-para-garantizar-salud-universal-en-mexico\/#article","isPartOf":{"@id":"https:\/\/www.nexoinformativo.mx\/index.php\/2024\/10\/04\/david-kershenobich-stalnikowitz-secretario-de-salud-anuncia-fortalecimiento-del-imss-bienestar-para-garantizar-salud-universal-en-mexico\/"},"author":{"name":"Nexo Informativo","@id":"https:\/\/www.nexoinformativo.mx\/#\/schema\/person\/7749d380ba08c8ca00d7bc76fd907b7d"},"headline":"David Kershenobich Stalnikowitz, Secretario de Salud, Anuncia Fortalecimiento del IMSS-Bienestar para Garantizar Salud Universal en M\u00e9xico","datePublished":"2024-10-04T18:00:07+00:00","dateModified":"2024-10-04T20:39:58+00:00","mainEntityOfPage":{"@id":"https:\/\/www.nexoinformativo.mx\/index.php\/2024\/10\/04\/david-kershenobich-stalnikowitz-secretario-de-salud-anuncia-fortalecimiento-del-imss-bienestar-para-garantizar-salud-universal-en-mexico\/"},"wordCount":217,"commentCount":0,"publisher":{"@id":"https:\/\/www.nexoinformativo.mx\/#organization"},"image":{"@id":"https:\/\/www.nexoinformativo.mx\/index.php\/2024\/10\/04\/david-kershenobich-stalnikowitz-secretario-de-salud-anuncia-fortalecimiento-del-imss-bienestar-para-garantizar-salud-universal-en-mexico\/#primaryimage"},"thumbnailUrl":"https:\/\/www.nexoinformativo.mx\/wp-content\/uploads\/2024\/10\/pexels-pixabay-263337-e1728071655543.jpg","keywords":["Atenci\u00f3nM\u00e9dica","IMSSBienestar","Prevenci\u00f3nSalud","SaludParaTodos"],"articleSection":["Nacional","\u00daltima Hora"],"inLanguage":"es","potentialAction":[{"@type":"CommentAction","name":"Comment","target":["https:\/\/www.nexoinformativo.mx\/index.php\/2024\/10\/04\/david-kershenobich-stalnikowitz-secretario-de-salud-anuncia-fortalecimiento-del-imss-bienestar-para-garantizar-salud-universal-en-mexico\/#respond"]}]},{"@type":"WebPage","@id":"https:\/\/www.nexoinformativo.mx\/index.php\/2024\/10\/04\/david-kershenobich-stalnikowitz-secretario-de-salud-anuncia-fortalecimiento-del-imss-bienestar-para-garantizar-salud-universal-en-mexico\/","url":"https:\/\/www.nexoinformativo.mx\/index.php\/2024\/10\/04\/david-kershenobich-stalnikowitz-secretario-de-salud-anuncia-fortalecimiento-del-imss-bienestar-para-garantizar-salud-universal-en-mexico\/","name":"David Kershenobich Stalnikowitz, Secretario de Salud, Anuncia Fortalecimiento del IMSS-Bienestar para Garantizar Salud Universal en M\u00e9xico | Nexo Informativo Santiago de Quer\u00e9taro","isPartOf":{"@id":"https:\/\/www.nexoinformativo.mx\/#website"},"primaryImageOfPage":{"@id":"https:\/\/www.nexoinformativo.mx\/index.php\/2024\/10\/04\/david-kershenobich-stalnikowitz-secretario-de-salud-anuncia-fortalecimiento-del-imss-bienestar-para-garantizar-salud-universal-en-mexico\/#primaryimage"},"image":{"@id":"https:\/\/www.nexoinformativo.mx\/index.php\/2024\/10\/04\/david-kershenobich-stalnikowitz-secretario-de-salud-anuncia-fortalecimiento-del-imss-bienestar-para-garantizar-salud-universal-en-mexico\/#primaryimage"},"thumbnailUrl":"https:\/\/www.nexoinformativo.mx\/wp-content\/uploads\/2024\/10\/pexels-pixabay-263337-e1728071655543.jpg","datePublished":"2024-10-04T18:00:07+00:00","dateModified":"2024-10-04T20:39:58+00:00","description":"David Kershenobich Stalnikowitz, Secretario de Salud, Anuncia Fortalecimiento del IMSS-Bienestar para Garantizar Salud Universal en M\u00e9xico","breadcrumb":{"@id":"https:\/\/www.nexoinformativo.mx\/index.php\/2024\/10\/04\/david-kershenobich-stalnikowitz-secretario-de-salud-anuncia-fortalecimiento-del-imss-bienestar-para-garantizar-salud-universal-en-mexico\/#breadcrumb"},"inLanguage":"es","potentialAction":[{"@type":"ReadAction","target":["https:\/\/www.nexoinformativo.mx\/index.php\/2024\/10\/04\/david-kershenobich-stalnikowitz-secretario-de-salud-anuncia-fortalecimiento-del-imss-bienestar-para-garantizar-salud-universal-en-mexico\/"]}]},{"@type":"ImageObject","inLanguage":"es","@id":"https:\/\/www.nexoinformativo.mx\/index.php\/2024\/10\/04\/david-kershenobich-stalnikowitz-secretario-de-salud-anuncia-fortalecimiento-del-imss-bienestar-para-garantizar-salud-universal-en-mexico\/#primaryimage","url":"https:\/\/www.nexoinformativo.mx\/wp-content\/uploads\/2024\/10\/pexels-pixabay-263337-e1728071655543.jpg","contentUrl":"https:\/\/www.nexoinformativo.mx\/wp-content\/uploads\/2024\/10\/pexels-pixabay-263337-e1728071655543.jpg","width":800,"height":1202},{"@type":"BreadcrumbList","@id":"https:\/\/www.nexoinformativo.mx\/index.php\/2024\/10\/04\/david-kershenobich-stalnikowitz-secretario-de-salud-anuncia-fortalecimiento-del-imss-bienestar-para-garantizar-salud-universal-en-mexico\/#breadcrumb","itemListElement":[{"@type":"ListItem","position":1,"name":"Inicio","item":"https:\/\/www.nexoinformativo.mx\/"},{"@type":"ListItem","position":2,"name":"David Kershenobich Stalnikowitz, Secretario de Salud, Anuncia Fortalecimiento del IMSS-Bienestar para Garantizar Salud Universal en M\u00e9xico"}]},{"@type":"WebSite","@id":"https:\/\/www.nexoinformativo.mx\/#website","url":"https:\/\/www.nexoinformativo.mx\/","name":"Nexo Informativo Santiago de Quer\u00e9taro","description":"Explora NexoInformativo y convi\u00e9rtete en parte de una comunidad que valora el conocimiento y la verdad. Tu nexoinformativo es tu puente hacia una comprensi\u00f3n m\u00e1s profunda del mundo que te rodea.","publisher":{"@id":"https:\/\/www.nexoinformativo.mx\/#organization"},"potentialAction":[{"@type":"SearchAction","target":{"@type":"EntryPoint","urlTemplate":"https:\/\/www.nexoinformativo.mx\/?s={search_term_string}"},"query-input":{"@type":"PropertyValueSpecification","valueRequired":true,"valueName":"search_term_string"}}],"inLanguage":"es"},{"@type":"Organization","@id":"https:\/\/www.nexoinformativo.mx\/#organization","name":"Nexo Informativo Santiago de Quer\u00e9taro","url":"https:\/\/www.nexoinformativo.mx\/","logo":{"@type":"ImageObject","inLanguage":"es","@id":"https:\/\/www.nexoinformativo.mx\/#\/schema\/logo\/image\/","url":"https:\/\/www.nexoinformativo.mx\/wp-content\/uploads\/2024\/07\/nexoi-trasparente-2.png","contentUrl":"https:\/\/www.nexoinformativo.mx\/wp-content\/uploads\/2024\/07\/nexoi-trasparente-2.png","width":816,"height":339,"caption":"Nexo Informativo Santiago de Quer\u00e9taro"},"image":{"@id":"https:\/\/www.nexoinformativo.mx\/#\/schema\/logo\/image\/"},"sameAs":["https:\/\/www.facebook.com\/people\/Nexo-Informativo\/61564066885511\/"]},{"@type":"Person","@id":"https:\/\/www.nexoinformativo.mx\/#\/schema\/person\/7749d380ba08c8ca00d7bc76fd907b7d","name":"Nexo Informativo","image":{"@type":"ImageObject","inLanguage":"es","@id":"https:\/\/www.nexoinformativo.mx\/#\/schema\/person\/image\/","url":"https:\/\/secure.gravatar.com\/avatar\/dde2928154642a13d95f87ddf1ea9718fe2b46760a005c53e41ff5ad610704e6?s=96&d=mm&r=g","contentUrl":"https:\/\/secure.gravatar.com\/avatar\/dde2928154642a13d95f87ddf1ea9718fe2b46760a005c53e41ff5ad610704e6?s=96&d=mm&r=g","caption":"Nexo Informativo"},"url":"https:\/\/www.nexoinformativo.mx\/index.php\/author\/edicion\/"}]}},"_links":{"self":[{"href":"https:\/\/www.nexoinformativo.mx\/index.php\/wp-json\/wp\/v2\/posts\/2663","targetHints":{"allow":["GET"]}}],"collection":[{"href":"https:\/\/www.nexoinformativo.mx\/index.php\/wp-json\/wp\/v2\/posts"}],"about":[{"href":"https:\/\/www.nexoinformativo.mx\/index.php\/wp-json\/wp\/v2\/types\/post"}],"author":[{"embeddable":true,"href":"https:\/\/www.nexoinformativo.mx\/index.php\/wp-json\/wp\/v2\/users\/3"}],"replies":[{"embeddable":true,"href":"https:\/\/www.nexoinformativo.mx\/index.php\/wp-json\/wp\/v2\/comments?post=2663"}],"version-history":[{"count":4,"href":"https:\/\/www.nexoinformativo.mx\/index.php\/wp-json\/wp\/v2\/posts\/2663\/revisions"}],"predecessor-version":[{"id":2687,"href":"https:\/\/www.nexoinformativo.mx\/index.php\/wp-json\/wp\/v2\/posts\/2663\/revisions\/2687"}],"wp:featuredmedia":[{"embeddable":true,"href":"https:\/\/www.nexoinformativo.mx\/index.php\/wp-json\/wp\/v2\/media\/2664"}],"wp:attachment":[{"href":"https:\/\/www.nexoinformativo.mx\/index.php\/wp-json\/wp\/v2\/media?parent=2663"}],"wp:term":[{"taxonomy":"category","embeddable":true,"href":"https:\/\/www.nexoinformativo.mx\/index.php\/wp-json\/wp\/v2\/categories?post=2663"},{"taxonomy":"post_tag","embeddable":true,"href":"https:\/\/www.nexoinformativo.mx\/index.php\/wp-json\/wp\/v2\/tags?post=2663"}],"curies":[{"name":"wp","href":"https:\/\/api.w.org\/{rel}","templated":true}]}}