{"id":2674,"date":"2024-10-04T13:00:49","date_gmt":"2024-10-04T19:00:49","guid":{"rendered":"https:\/\/www.nexoinformativo.mx\/?p=2674"},"modified":"2024-10-04T14:31:03","modified_gmt":"2024-10-04T20:31:03","slug":"imss-queretaro-realiza-la-sexta-procuracion-multiorganica-de-2024-y-atiende-urgencia-nacional","status":"publish","type":"post","link":"https:\/\/www.nexoinformativo.mx\/index.php\/2024\/10\/04\/imss-queretaro-realiza-la-sexta-procuracion-multiorganica-de-2024-y-atiende-urgencia-nacional\/","title":{"rendered":"IMSS Quer\u00e9taro realiza la sexta procuraci\u00f3n multiorg\u00e1nica de 2024 y atiende urgencia nacional"},"content":{"rendered":"<p style=\"text-align: justify;\">El Instituto Mexicano del Seguro Social <strong>(IMSS)<\/strong> en Quer\u00e9taro llev\u00f3 a cabo la sexta procuraci\u00f3n multiorg\u00e1nica de 2024, gracias al acto altruista de la familia de un joven de 19 a\u00f1os, quien falleci\u00f3 a causa de un traumatismo craneoencef\u00e1licoque provoc\u00f3 muerte encef\u00e1lica.<\/p>\n<p>&nbsp;<\/p>\n<p style=\"text-align: justify;\">La doctora Irene Garc\u00eda Hern\u00e1ndez, coordinadora de Donaci\u00f3n, Procuraci\u00f3n y Trasplante de \u00d3rganos y Tejidos del Hospital General Regional (HGR) No. 1, explic\u00f3 que los ri\u00f1ones del paciente fueron enviados al Centro M\u00e9dico Nacional (CMN) Siglo XXI, mientras que el h\u00edgado ser\u00e1 trasplantado en un programa en Jalisco. Adem\u00e1s, el coraz\u00f3n\u00a0ser\u00e1 trasplantado en el ISSSTE CMN 20 de Noviembre para atender una urgencia nacional.<\/p>\n<p>&nbsp;<\/p>\n<p style=\"text-align: justify;\">El IMSS reiter\u00f3 la importancia de la donaci\u00f3n altruista de \u00f3rganos y pidi\u00f3 a quienes deseen ser donadores que comuniquen su decisi\u00f3n a sus familias para facilitar el proceso. Las personas interesadas pueden obtener m\u00e1s informaci\u00f3n en los sitios web del Centro Nacional de Trasplantes <strong>(CENATRA)<\/strong> o del IMSS.<\/p>\n<p>&nbsp;<\/p>\n<p>&nbsp;<\/p>\n<p style=\"text-align: center;\"><em><strong>\u00a1Informaci\u00f3n que transforma!<\/strong><\/em><\/p>\n","protected":false},"excerpt":{"rendered":"<p>El Instituto Mexicano del Seguro Social (IMSS) en Quer\u00e9taro llev\u00f3 a cabo la sexta procuraci\u00f3n multiorg\u00e1nica de 2024, gracias al acto altruista de la familia de un joven de 19 a\u00f1os, quien falleci\u00f3 a causa de un traumatismo craneoencef\u00e1licoque provoc\u00f3 muerte encef\u00e1lica.<\/p>\n","protected":false},"author":3,"featured_media":2675,"comment_status":"open","ping_status":"open","sticky":false,"template":"","format":"standard","meta":{"footnotes":""},"categories":[42,58],"tags":[326,1052,1089,459],"class_list":["post-2674","post","type-post","status-publish","format-standard","has-post-thumbnail","hentry","category-estado","category-ultima-hora","tag-donaciondeorganos","tag-imssqueretaro","tag-procuracionmultiorganica","tag-salvandovidas"],"yoast_head":"<!-- This site is optimized with the Yoast SEO plugin v25.0 - https:\/\/yoast.com\/wordpress\/plugins\/seo\/ -->\n<title>IMSS Quer\u00e9taro realiza la sexta procuraci\u00f3n multiorg\u00e1nica de 2024 y atiende urgencia nacional | Nexo Informativo Santiago de Quer\u00e9taro<\/title>\n<meta name=\"description\" content=\"IMSS Quer\u00e9taro realiza la sexta procuraci\u00f3n multiorg\u00e1nica de 2024 y atiende urgencia nacional\" \/>\n<meta name=\"robots\" content=\"index, follow, max-snippet:-1, max-image-preview:large, max-video-preview:-1\" \/>\n<link rel=\"canonical\" href=\"https:\/\/www.nexoinformativo.mx\/index.php\/2024\/10\/04\/imss-queretaro-realiza-la-sexta-procuracion-multiorganica-de-2024-y-atiende-urgencia-nacional\/\" \/>\n<meta property=\"og:locale\" content=\"es_MX\" \/>\n<meta property=\"og:type\" content=\"article\" \/>\n<meta property=\"og:title\" content=\"IMSS Quer\u00e9taro realiza la sexta procuraci\u00f3n multiorg\u00e1nica de 2024 y atiende urgencia nacional | Nexo Informativo Santiago de Quer\u00e9taro\" \/>\n<meta property=\"og:description\" content=\"IMSS Quer\u00e9taro realiza la sexta procuraci\u00f3n multiorg\u00e1nica de 2024 y atiende urgencia nacional\" \/>\n<meta property=\"og:url\" content=\"https:\/\/www.nexoinformativo.mx\/index.php\/2024\/10\/04\/imss-queretaro-realiza-la-sexta-procuracion-multiorganica-de-2024-y-atiende-urgencia-nacional\/\" \/>\n<meta property=\"og:site_name\" content=\"Nexo Informativo Santiago de Quer\u00e9taro\" \/>\n<meta property=\"article:publisher\" content=\"https:\/\/www.facebook.com\/people\/Nexo-Informativo\/61564066885511\/\" \/>\n<meta property=\"article:published_time\" content=\"2024-10-04T19:00:49+00:00\" \/>\n<meta property=\"article:modified_time\" content=\"2024-10-04T20:31:03+00:00\" \/>\n<meta property=\"og:image\" content=\"https:\/\/www.nexoinformativo.mx\/wp-content\/uploads\/2024\/10\/PHOTO-2024-10-04-14-01-26-e1728073266878.jpg\" \/>\n\t<meta property=\"og:image:width\" content=\"800\" \/>\n\t<meta property=\"og:image:height\" content=\"533\" \/>\n\t<meta property=\"og:image:type\" content=\"image\/jpeg\" \/>\n<meta name=\"author\" content=\"Nexo Informativo\" \/>\n<meta name=\"twitter:card\" content=\"summary_large_image\" \/>\n<meta name=\"twitter:label1\" content=\"Escrito por\" \/>\n\t<meta name=\"twitter:data1\" content=\"Nexo Informativo\" \/>\n\t<meta name=\"twitter:label2\" content=\"Tiempo de lectura\" \/>\n\t<meta name=\"twitter:data2\" content=\"1 minuto\" \/>\n<script type=\"application\/ld+json\" class=\"yoast-schema-graph\">{\"@context\":\"https:\/\/schema.org\",\"@graph\":[{\"@type\":\"Article\",\"@id\":\"https:\/\/www.nexoinformativo.mx\/index.php\/2024\/10\/04\/imss-queretaro-realiza-la-sexta-procuracion-multiorganica-de-2024-y-atiende-urgencia-nacional\/#article\",\"isPartOf\":{\"@id\":\"https:\/\/www.nexoinformativo.mx\/index.php\/2024\/10\/04\/imss-queretaro-realiza-la-sexta-procuracion-multiorganica-de-2024-y-atiende-urgencia-nacional\/\"},\"author\":{\"name\":\"Nexo Informativo\",\"@id\":\"https:\/\/www.nexoinformativo.mx\/#\/schema\/person\/7749d380ba08c8ca00d7bc76fd907b7d\"},\"headline\":\"IMSS Quer\u00e9taro realiza la sexta procuraci\u00f3n multiorg\u00e1nica de 2024 y atiende urgencia nacional\",\"datePublished\":\"2024-10-04T19:00:49+00:00\",\"dateModified\":\"2024-10-04T20:31:03+00:00\",\"mainEntityOfPage\":{\"@id\":\"https:\/\/www.nexoinformativo.mx\/index.php\/2024\/10\/04\/imss-queretaro-realiza-la-sexta-procuracion-multiorganica-de-2024-y-atiende-urgencia-nacional\/\"},\"wordCount\":194,\"commentCount\":0,\"publisher\":{\"@id\":\"https:\/\/www.nexoinformativo.mx\/#organization\"},\"image\":{\"@id\":\"https:\/\/www.nexoinformativo.mx\/index.php\/2024\/10\/04\/imss-queretaro-realiza-la-sexta-procuracion-multiorganica-de-2024-y-atiende-urgencia-nacional\/#primaryimage\"},\"thumbnailUrl\":\"https:\/\/www.nexoinformativo.mx\/wp-content\/uploads\/2024\/10\/PHOTO-2024-10-04-14-01-26-e1728073266878.jpg\",\"keywords\":[\"Donaci\u00f3nDe\u00d3rganos\",\"IMSSQuer\u00e9taro\",\"Procuraci\u00f3nMultiorg\u00e1nica\",\"SalvandoVidas\"],\"articleSection\":[\"Estado\",\"\u00daltima Hora\"],\"inLanguage\":\"es\",\"potentialAction\":[{\"@type\":\"CommentAction\",\"name\":\"Comment\",\"target\":[\"https:\/\/www.nexoinformativo.mx\/index.php\/2024\/10\/04\/imss-queretaro-realiza-la-sexta-procuracion-multiorganica-de-2024-y-atiende-urgencia-nacional\/#respond\"]}]},{\"@type\":\"WebPage\",\"@id\":\"https:\/\/www.nexoinformativo.mx\/index.php\/2024\/10\/04\/imss-queretaro-realiza-la-sexta-procuracion-multiorganica-de-2024-y-atiende-urgencia-nacional\/\",\"url\":\"https:\/\/www.nexoinformativo.mx\/index.php\/2024\/10\/04\/imss-queretaro-realiza-la-sexta-procuracion-multiorganica-de-2024-y-atiende-urgencia-nacional\/\",\"name\":\"IMSS Quer\u00e9taro realiza la sexta procuraci\u00f3n multiorg\u00e1nica de 2024 y atiende urgencia nacional | Nexo Informativo Santiago de Quer\u00e9taro\",\"isPartOf\":{\"@id\":\"https:\/\/www.nexoinformativo.mx\/#website\"},\"primaryImageOfPage\":{\"@id\":\"https:\/\/www.nexoinformativo.mx\/index.php\/2024\/10\/04\/imss-queretaro-realiza-la-sexta-procuracion-multiorganica-de-2024-y-atiende-urgencia-nacional\/#primaryimage\"},\"image\":{\"@id\":\"https:\/\/www.nexoinformativo.mx\/index.php\/2024\/10\/04\/imss-queretaro-realiza-la-sexta-procuracion-multiorganica-de-2024-y-atiende-urgencia-nacional\/#primaryimage\"},\"thumbnailUrl\":\"https:\/\/www.nexoinformativo.mx\/wp-content\/uploads\/2024\/10\/PHOTO-2024-10-04-14-01-26-e1728073266878.jpg\",\"datePublished\":\"2024-10-04T19:00:49+00:00\",\"dateModified\":\"2024-10-04T20:31:03+00:00\",\"description\":\"IMSS Quer\u00e9taro realiza la sexta procuraci\u00f3n multiorg\u00e1nica de 2024 y atiende urgencia nacional\",\"breadcrumb\":{\"@id\":\"https:\/\/www.nexoinformativo.mx\/index.php\/2024\/10\/04\/imss-queretaro-realiza-la-sexta-procuracion-multiorganica-de-2024-y-atiende-urgencia-nacional\/#breadcrumb\"},\"inLanguage\":\"es\",\"potentialAction\":[{\"@type\":\"ReadAction\",\"target\":[\"https:\/\/www.nexoinformativo.mx\/index.php\/2024\/10\/04\/imss-queretaro-realiza-la-sexta-procuracion-multiorganica-de-2024-y-atiende-urgencia-nacional\/\"]}]},{\"@type\":\"ImageObject\",\"inLanguage\":\"es\",\"@id\":\"https:\/\/www.nexoinformativo.mx\/index.php\/2024\/10\/04\/imss-queretaro-realiza-la-sexta-procuracion-multiorganica-de-2024-y-atiende-urgencia-nacional\/#primaryimage\",\"url\":\"https:\/\/www.nexoinformativo.mx\/wp-content\/uploads\/2024\/10\/PHOTO-2024-10-04-14-01-26-e1728073266878.jpg\",\"contentUrl\":\"https:\/\/www.nexoinformativo.mx\/wp-content\/uploads\/2024\/10\/PHOTO-2024-10-04-14-01-26-e1728073266878.jpg\",\"width\":800,\"height\":533},{\"@type\":\"BreadcrumbList\",\"@id\":\"https:\/\/www.nexoinformativo.mx\/index.php\/2024\/10\/04\/imss-queretaro-realiza-la-sexta-procuracion-multiorganica-de-2024-y-atiende-urgencia-nacional\/#breadcrumb\",\"itemListElement\":[{\"@type\":\"ListItem\",\"position\":1,\"name\":\"Inicio\",\"item\":\"https:\/\/www.nexoinformativo.mx\/\"},{\"@type\":\"ListItem\",\"position\":2,\"name\":\"IMSS Quer\u00e9taro realiza la sexta procuraci\u00f3n multiorg\u00e1nica de 2024 y atiende urgencia nacional\"}]},{\"@type\":\"WebSite\",\"@id\":\"https:\/\/www.nexoinformativo.mx\/#website\",\"url\":\"https:\/\/www.nexoinformativo.mx\/\",\"name\":\"Nexo Informativo Santiago de Quer\u00e9taro\",\"description\":\"Explora NexoInformativo y convi\u00e9rtete en parte de una comunidad que valora el conocimiento y la verdad. Tu nexoinformativo es tu puente hacia una comprensi\u00f3n m\u00e1s profunda del mundo que te rodea.\",\"publisher\":{\"@id\":\"https:\/\/www.nexoinformativo.mx\/#organization\"},\"potentialAction\":[{\"@type\":\"SearchAction\",\"target\":{\"@type\":\"EntryPoint\",\"urlTemplate\":\"https:\/\/www.nexoinformativo.mx\/?s={search_term_string}\"},\"query-input\":{\"@type\":\"PropertyValueSpecification\",\"valueRequired\":true,\"valueName\":\"search_term_string\"}}],\"inLanguage\":\"es\"},{\"@type\":\"Organization\",\"@id\":\"https:\/\/www.nexoinformativo.mx\/#organization\",\"name\":\"Nexo Informativo Santiago de Quer\u00e9taro\",\"url\":\"https:\/\/www.nexoinformativo.mx\/\",\"logo\":{\"@type\":\"ImageObject\",\"inLanguage\":\"es\",\"@id\":\"https:\/\/www.nexoinformativo.mx\/#\/schema\/logo\/image\/\",\"url\":\"https:\/\/www.nexoinformativo.mx\/wp-content\/uploads\/2024\/07\/nexoi-trasparente-2.png\",\"contentUrl\":\"https:\/\/www.nexoinformativo.mx\/wp-content\/uploads\/2024\/07\/nexoi-trasparente-2.png\",\"width\":816,\"height\":339,\"caption\":\"Nexo Informativo Santiago de Quer\u00e9taro\"},\"image\":{\"@id\":\"https:\/\/www.nexoinformativo.mx\/#\/schema\/logo\/image\/\"},\"sameAs\":[\"https:\/\/www.facebook.com\/people\/Nexo-Informativo\/61564066885511\/\"]},{\"@type\":\"Person\",\"@id\":\"https:\/\/www.nexoinformativo.mx\/#\/schema\/person\/7749d380ba08c8ca00d7bc76fd907b7d\",\"name\":\"Nexo Informativo\",\"image\":{\"@type\":\"ImageObject\",\"inLanguage\":\"es\",\"@id\":\"https:\/\/www.nexoinformativo.mx\/#\/schema\/person\/image\/\",\"url\":\"https:\/\/secure.gravatar.com\/avatar\/dde2928154642a13d95f87ddf1ea9718fe2b46760a005c53e41ff5ad610704e6?s=96&d=mm&r=g\",\"contentUrl\":\"https:\/\/secure.gravatar.com\/avatar\/dde2928154642a13d95f87ddf1ea9718fe2b46760a005c53e41ff5ad610704e6?s=96&d=mm&r=g\",\"caption\":\"Nexo Informativo\"},\"url\":\"https:\/\/www.nexoinformativo.mx\/index.php\/author\/edicion\/\"}]}<\/script>\n<!-- \/ Yoast SEO plugin. -->","yoast_head_json":{"title":"IMSS Quer\u00e9taro realiza la sexta procuraci\u00f3n multiorg\u00e1nica de 2024 y atiende urgencia nacional | Nexo Informativo Santiago de Quer\u00e9taro","description":"IMSS Quer\u00e9taro realiza la sexta procuraci\u00f3n multiorg\u00e1nica de 2024 y atiende urgencia nacional","robots":{"index":"index","follow":"follow","max-snippet":"max-snippet:-1","max-image-preview":"max-image-preview:large","max-video-preview":"max-video-preview:-1"},"canonical":"https:\/\/www.nexoinformativo.mx\/index.php\/2024\/10\/04\/imss-queretaro-realiza-la-sexta-procuracion-multiorganica-de-2024-y-atiende-urgencia-nacional\/","og_locale":"es_MX","og_type":"article","og_title":"IMSS Quer\u00e9taro realiza la sexta procuraci\u00f3n multiorg\u00e1nica de 2024 y atiende urgencia nacional | Nexo Informativo Santiago de Quer\u00e9taro","og_description":"IMSS Quer\u00e9taro realiza la sexta procuraci\u00f3n multiorg\u00e1nica de 2024 y atiende urgencia nacional","og_url":"https:\/\/www.nexoinformativo.mx\/index.php\/2024\/10\/04\/imss-queretaro-realiza-la-sexta-procuracion-multiorganica-de-2024-y-atiende-urgencia-nacional\/","og_site_name":"Nexo Informativo Santiago de Quer\u00e9taro","article_publisher":"https:\/\/www.facebook.com\/people\/Nexo-Informativo\/61564066885511\/","article_published_time":"2024-10-04T19:00:49+00:00","article_modified_time":"2024-10-04T20:31:03+00:00","og_image":[{"width":800,"height":533,"url":"https:\/\/www.nexoinformativo.mx\/wp-content\/uploads\/2024\/10\/PHOTO-2024-10-04-14-01-26-e1728073266878.jpg","type":"image\/jpeg"}],"author":"Nexo Informativo","twitter_card":"summary_large_image","twitter_misc":{"Escrito por":"Nexo Informativo","Tiempo de lectura":"1 minuto"},"schema":{"@context":"https:\/\/schema.org","@graph":[{"@type":"Article","@id":"https:\/\/www.nexoinformativo.mx\/index.php\/2024\/10\/04\/imss-queretaro-realiza-la-sexta-procuracion-multiorganica-de-2024-y-atiende-urgencia-nacional\/#article","isPartOf":{"@id":"https:\/\/www.nexoinformativo.mx\/index.php\/2024\/10\/04\/imss-queretaro-realiza-la-sexta-procuracion-multiorganica-de-2024-y-atiende-urgencia-nacional\/"},"author":{"name":"Nexo Informativo","@id":"https:\/\/www.nexoinformativo.mx\/#\/schema\/person\/7749d380ba08c8ca00d7bc76fd907b7d"},"headline":"IMSS Quer\u00e9taro realiza la sexta procuraci\u00f3n multiorg\u00e1nica de 2024 y atiende urgencia nacional","datePublished":"2024-10-04T19:00:49+00:00","dateModified":"2024-10-04T20:31:03+00:00","mainEntityOfPage":{"@id":"https:\/\/www.nexoinformativo.mx\/index.php\/2024\/10\/04\/imss-queretaro-realiza-la-sexta-procuracion-multiorganica-de-2024-y-atiende-urgencia-nacional\/"},"wordCount":194,"commentCount":0,"publisher":{"@id":"https:\/\/www.nexoinformativo.mx\/#organization"},"image":{"@id":"https:\/\/www.nexoinformativo.mx\/index.php\/2024\/10\/04\/imss-queretaro-realiza-la-sexta-procuracion-multiorganica-de-2024-y-atiende-urgencia-nacional\/#primaryimage"},"thumbnailUrl":"https:\/\/www.nexoinformativo.mx\/wp-content\/uploads\/2024\/10\/PHOTO-2024-10-04-14-01-26-e1728073266878.jpg","keywords":["Donaci\u00f3nDe\u00d3rganos","IMSSQuer\u00e9taro","Procuraci\u00f3nMultiorg\u00e1nica","SalvandoVidas"],"articleSection":["Estado","\u00daltima Hora"],"inLanguage":"es","potentialAction":[{"@type":"CommentAction","name":"Comment","target":["https:\/\/www.nexoinformativo.mx\/index.php\/2024\/10\/04\/imss-queretaro-realiza-la-sexta-procuracion-multiorganica-de-2024-y-atiende-urgencia-nacional\/#respond"]}]},{"@type":"WebPage","@id":"https:\/\/www.nexoinformativo.mx\/index.php\/2024\/10\/04\/imss-queretaro-realiza-la-sexta-procuracion-multiorganica-de-2024-y-atiende-urgencia-nacional\/","url":"https:\/\/www.nexoinformativo.mx\/index.php\/2024\/10\/04\/imss-queretaro-realiza-la-sexta-procuracion-multiorganica-de-2024-y-atiende-urgencia-nacional\/","name":"IMSS Quer\u00e9taro realiza la sexta procuraci\u00f3n multiorg\u00e1nica de 2024 y atiende urgencia nacional | Nexo Informativo Santiago de Quer\u00e9taro","isPartOf":{"@id":"https:\/\/www.nexoinformativo.mx\/#website"},"primaryImageOfPage":{"@id":"https:\/\/www.nexoinformativo.mx\/index.php\/2024\/10\/04\/imss-queretaro-realiza-la-sexta-procuracion-multiorganica-de-2024-y-atiende-urgencia-nacional\/#primaryimage"},"image":{"@id":"https:\/\/www.nexoinformativo.mx\/index.php\/2024\/10\/04\/imss-queretaro-realiza-la-sexta-procuracion-multiorganica-de-2024-y-atiende-urgencia-nacional\/#primaryimage"},"thumbnailUrl":"https:\/\/www.nexoinformativo.mx\/wp-content\/uploads\/2024\/10\/PHOTO-2024-10-04-14-01-26-e1728073266878.jpg","datePublished":"2024-10-04T19:00:49+00:00","dateModified":"2024-10-04T20:31:03+00:00","description":"IMSS Quer\u00e9taro realiza la sexta procuraci\u00f3n multiorg\u00e1nica de 2024 y atiende urgencia nacional","breadcrumb":{"@id":"https:\/\/www.nexoinformativo.mx\/index.php\/2024\/10\/04\/imss-queretaro-realiza-la-sexta-procuracion-multiorganica-de-2024-y-atiende-urgencia-nacional\/#breadcrumb"},"inLanguage":"es","potentialAction":[{"@type":"ReadAction","target":["https:\/\/www.nexoinformativo.mx\/index.php\/2024\/10\/04\/imss-queretaro-realiza-la-sexta-procuracion-multiorganica-de-2024-y-atiende-urgencia-nacional\/"]}]},{"@type":"ImageObject","inLanguage":"es","@id":"https:\/\/www.nexoinformativo.mx\/index.php\/2024\/10\/04\/imss-queretaro-realiza-la-sexta-procuracion-multiorganica-de-2024-y-atiende-urgencia-nacional\/#primaryimage","url":"https:\/\/www.nexoinformativo.mx\/wp-content\/uploads\/2024\/10\/PHOTO-2024-10-04-14-01-26-e1728073266878.jpg","contentUrl":"https:\/\/www.nexoinformativo.mx\/wp-content\/uploads\/2024\/10\/PHOTO-2024-10-04-14-01-26-e1728073266878.jpg","width":800,"height":533},{"@type":"BreadcrumbList","@id":"https:\/\/www.nexoinformativo.mx\/index.php\/2024\/10\/04\/imss-queretaro-realiza-la-sexta-procuracion-multiorganica-de-2024-y-atiende-urgencia-nacional\/#breadcrumb","itemListElement":[{"@type":"ListItem","position":1,"name":"Inicio","item":"https:\/\/www.nexoinformativo.mx\/"},{"@type":"ListItem","position":2,"name":"IMSS Quer\u00e9taro realiza la sexta procuraci\u00f3n multiorg\u00e1nica de 2024 y atiende urgencia nacional"}]},{"@type":"WebSite","@id":"https:\/\/www.nexoinformativo.mx\/#website","url":"https:\/\/www.nexoinformativo.mx\/","name":"Nexo Informativo Santiago de Quer\u00e9taro","description":"Explora NexoInformativo y convi\u00e9rtete en parte de una comunidad que valora el conocimiento y la verdad. Tu nexoinformativo es tu puente hacia una comprensi\u00f3n m\u00e1s profunda del mundo que te rodea.","publisher":{"@id":"https:\/\/www.nexoinformativo.mx\/#organization"},"potentialAction":[{"@type":"SearchAction","target":{"@type":"EntryPoint","urlTemplate":"https:\/\/www.nexoinformativo.mx\/?s={search_term_string}"},"query-input":{"@type":"PropertyValueSpecification","valueRequired":true,"valueName":"search_term_string"}}],"inLanguage":"es"},{"@type":"Organization","@id":"https:\/\/www.nexoinformativo.mx\/#organization","name":"Nexo Informativo Santiago de Quer\u00e9taro","url":"https:\/\/www.nexoinformativo.mx\/","logo":{"@type":"ImageObject","inLanguage":"es","@id":"https:\/\/www.nexoinformativo.mx\/#\/schema\/logo\/image\/","url":"https:\/\/www.nexoinformativo.mx\/wp-content\/uploads\/2024\/07\/nexoi-trasparente-2.png","contentUrl":"https:\/\/www.nexoinformativo.mx\/wp-content\/uploads\/2024\/07\/nexoi-trasparente-2.png","width":816,"height":339,"caption":"Nexo Informativo Santiago de Quer\u00e9taro"},"image":{"@id":"https:\/\/www.nexoinformativo.mx\/#\/schema\/logo\/image\/"},"sameAs":["https:\/\/www.facebook.com\/people\/Nexo-Informativo\/61564066885511\/"]},{"@type":"Person","@id":"https:\/\/www.nexoinformativo.mx\/#\/schema\/person\/7749d380ba08c8ca00d7bc76fd907b7d","name":"Nexo Informativo","image":{"@type":"ImageObject","inLanguage":"es","@id":"https:\/\/www.nexoinformativo.mx\/#\/schema\/person\/image\/","url":"https:\/\/secure.gravatar.com\/avatar\/dde2928154642a13d95f87ddf1ea9718fe2b46760a005c53e41ff5ad610704e6?s=96&d=mm&r=g","contentUrl":"https:\/\/secure.gravatar.com\/avatar\/dde2928154642a13d95f87ddf1ea9718fe2b46760a005c53e41ff5ad610704e6?s=96&d=mm&r=g","caption":"Nexo Informativo"},"url":"https:\/\/www.nexoinformativo.mx\/index.php\/author\/edicion\/"}]}},"_links":{"self":[{"href":"https:\/\/www.nexoinformativo.mx\/index.php\/wp-json\/wp\/v2\/posts\/2674","targetHints":{"allow":["GET"]}}],"collection":[{"href":"https:\/\/www.nexoinformativo.mx\/index.php\/wp-json\/wp\/v2\/posts"}],"about":[{"href":"https:\/\/www.nexoinformativo.mx\/index.php\/wp-json\/wp\/v2\/types\/post"}],"author":[{"embeddable":true,"href":"https:\/\/www.nexoinformativo.mx\/index.php\/wp-json\/wp\/v2\/users\/3"}],"replies":[{"embeddable":true,"href":"https:\/\/www.nexoinformativo.mx\/index.php\/wp-json\/wp\/v2\/comments?post=2674"}],"version-history":[{"count":2,"href":"https:\/\/www.nexoinformativo.mx\/index.php\/wp-json\/wp\/v2\/posts\/2674\/revisions"}],"predecessor-version":[{"id":2678,"href":"https:\/\/www.nexoinformativo.mx\/index.php\/wp-json\/wp\/v2\/posts\/2674\/revisions\/2678"}],"wp:featuredmedia":[{"embeddable":true,"href":"https:\/\/www.nexoinformativo.mx\/index.php\/wp-json\/wp\/v2\/media\/2675"}],"wp:attachment":[{"href":"https:\/\/www.nexoinformativo.mx\/index.php\/wp-json\/wp\/v2\/media?parent=2674"}],"wp:term":[{"taxonomy":"category","embeddable":true,"href":"https:\/\/www.nexoinformativo.mx\/index.php\/wp-json\/wp\/v2\/categories?post=2674"},{"taxonomy":"post_tag","embeddable":true,"href":"https:\/\/www.nexoinformativo.mx\/index.php\/wp-json\/wp\/v2\/tags?post=2674"}],"curies":[{"name":"wp","href":"https:\/\/api.w.org\/{rel}","templated":true}]}}