{"id":2680,"date":"2024-10-04T14:00:28","date_gmt":"2024-10-04T20:00:28","guid":{"rendered":"https:\/\/www.nexoinformativo.mx\/?p=2680"},"modified":"2024-10-04T14:38:21","modified_gmt":"2024-10-04T20:38:21","slug":"la-defensa-de-la-comunidad-mexicana-en-el-extranjero-prioridad-de-la-politica-exterior-del-sexenio-juan-ramon-de-la-fuente","status":"publish","type":"post","link":"https:\/\/www.nexoinformativo.mx\/index.php\/2024\/10\/04\/la-defensa-de-la-comunidad-mexicana-en-el-extranjero-prioridad-de-la-politica-exterior-del-sexenio-juan-ramon-de-la-fuente\/","title":{"rendered":"La defensa de la comunidad mexicana en el extranjero, prioridad de la pol\u00edtica exterior del sexenio: Juan Ram\u00f3n de la Fuente"},"content":{"rendered":"<p style=\"text-align: justify;\">El secretario de Relaciones Exteriores, Juan Ram\u00f3n de la Fuente Ram\u00edrez, present\u00f3 las prioridades de la pol\u00edtica exterior del gobierno de M\u00e9xico, liderado por la presidenta Claudia Sheinbaum, y los nuevos nombramientos dentro de la Secretar\u00eda de Relaciones Exteriores <strong>(SRE)<\/strong>. Destac\u00f3 que la defensa de la comunidad mexicana en el extranjero ser\u00e1 uno de los principales enfoques del sexenio.<\/p>\n<p>&nbsp;<\/p>\n<p style=\"text-align: justify;\">De la Fuente subray\u00f3 que el gobierno de Sheinbaum llega con un respaldo popular significativo, lo que permite consolidar la transformaci\u00f3n del pa\u00eds y fortalecer la pol\u00edtica exterior. Entre los puntos clave, destac\u00f3 la importancia de proteger los derechos y garantizar la seguridad de los mexicanos en el extranjero, en l\u00ednea con los principios constitucionales.<\/p>\n<p>&nbsp;<\/p>\n<p style=\"text-align: justify;\">La pol\u00edtica exterior del sexenio tambi\u00e9n pondr\u00e1 \u00e9nfasis en la equidad de g\u00e9nero con la profundizaci\u00f3n de la Pol\u00edtica Exterior Feminista, el perfeccionamiento del Modelo Mexicano de Movilidad Humana, y el fortalecimiento de las relaciones internacionales de M\u00e9xico con Am\u00e9rica del Norte, Am\u00e9rica Latina y el Caribe, as\u00ed como con Europa, Asia, \u00c1frica y el mundo \u00e1rabe.<\/p>\n<p>&nbsp;<\/p>\n<p style=\"text-align: justify;\">En cuanto a los nombramientos, De la Fuente ratific\u00f3 a Mar\u00eda Teresa Mercado P\u00e9rez como subsecretaria de Relaciones Exteriores y design\u00f3 a Raquel Serur Smeke como subsecretaria para Am\u00e9rica Latina y el Caribe, entre otros.<\/p>\n<p>&nbsp;<\/p>\n<p>&nbsp;<\/p>\n<p style=\"text-align: center;\"><strong><em>\u00a1Informaci\u00f3n que transforma!<\/em><\/strong><\/p>\n","protected":false},"excerpt":{"rendered":"<p>El secretario de Relaciones Exteriores, Juan Ram\u00f3n de la Fuente Ram\u00edrez, present\u00f3 las prioridades de la pol\u00edtica exterior del gobierno de M\u00e9xico, liderado por la presidenta Claudia Sheinbaum, y los nuevos nombramientos dentro de la Secretar\u00eda de Relaciones Exteriores (SRE).<\/p>\n","protected":false},"author":3,"featured_media":2681,"comment_status":"open","ping_status":"open","sticky":false,"template":"","format":"standard","meta":{"footnotes":""},"categories":[88,58],"tags":[967,1092,1090,1091],"class_list":["post-2680","post","type-post","status-publish","format-standard","has-post-thumbnail","hentry","category-nacional","category-ultima-hora","tag-claudiasheinbaum","tag-comunidadlgbt","tag-politicaexteriormexico","tag-proteccionmexicanos"],"yoast_head":"<!-- This site is optimized with the Yoast SEO plugin v25.0 - https:\/\/yoast.com\/wordpress\/plugins\/seo\/ -->\n<title>La defensa de la comunidad mexicana en el extranjero, prioridad de la pol\u00edtica exterior del sexenio: Juan Ram\u00f3n de la Fuente | Nexo Informativo Santiago de Quer\u00e9taro<\/title>\n<meta name=\"description\" content=\"La defensa de la comunidad mexicana en el extranjero, prioridad de la pol\u00edtica exterior del sexenio: Juan Ram\u00f3n de la Fuente\" \/>\n<meta name=\"robots\" content=\"index, follow, max-snippet:-1, max-image-preview:large, max-video-preview:-1\" \/>\n<link rel=\"canonical\" href=\"https:\/\/www.nexoinformativo.mx\/index.php\/2024\/10\/04\/la-defensa-de-la-comunidad-mexicana-en-el-extranjero-prioridad-de-la-politica-exterior-del-sexenio-juan-ramon-de-la-fuente\/\" \/>\n<meta property=\"og:locale\" content=\"es_MX\" \/>\n<meta property=\"og:type\" content=\"article\" \/>\n<meta property=\"og:title\" content=\"La defensa de la comunidad mexicana en el extranjero, prioridad de la pol\u00edtica exterior del sexenio: Juan Ram\u00f3n de la Fuente | Nexo Informativo Santiago de Quer\u00e9taro\" \/>\n<meta property=\"og:description\" content=\"La defensa de la comunidad mexicana en el extranjero, prioridad de la pol\u00edtica exterior del sexenio: Juan Ram\u00f3n de la Fuente\" \/>\n<meta property=\"og:url\" content=\"https:\/\/www.nexoinformativo.mx\/index.php\/2024\/10\/04\/la-defensa-de-la-comunidad-mexicana-en-el-extranjero-prioridad-de-la-politica-exterior-del-sexenio-juan-ramon-de-la-fuente\/\" \/>\n<meta property=\"og:site_name\" content=\"Nexo Informativo Santiago de Quer\u00e9taro\" \/>\n<meta property=\"article:publisher\" content=\"https:\/\/www.facebook.com\/people\/Nexo-Informativo\/61564066885511\/\" \/>\n<meta property=\"article:published_time\" content=\"2024-10-04T20:00:28+00:00\" \/>\n<meta property=\"article:modified_time\" content=\"2024-10-04T20:38:21+00:00\" \/>\n<meta property=\"og:image\" content=\"https:\/\/www.nexoinformativo.mx\/wp-content\/uploads\/2024\/10\/IMG_6649.jpg\" \/>\n\t<meta property=\"og:image:width\" content=\"650\" \/>\n\t<meta property=\"og:image:height\" content=\"380\" \/>\n\t<meta property=\"og:image:type\" content=\"image\/jpeg\" \/>\n<meta name=\"author\" content=\"Nexo Informativo\" \/>\n<meta name=\"twitter:card\" content=\"summary_large_image\" \/>\n<meta name=\"twitter:label1\" content=\"Escrito por\" \/>\n\t<meta name=\"twitter:data1\" content=\"Nexo Informativo\" \/>\n\t<meta name=\"twitter:label2\" content=\"Tiempo de lectura\" \/>\n\t<meta name=\"twitter:data2\" content=\"2 minutos\" \/>\n<script type=\"application\/ld+json\" class=\"yoast-schema-graph\">{\"@context\":\"https:\/\/schema.org\",\"@graph\":[{\"@type\":\"Article\",\"@id\":\"https:\/\/www.nexoinformativo.mx\/index.php\/2024\/10\/04\/la-defensa-de-la-comunidad-mexicana-en-el-extranjero-prioridad-de-la-politica-exterior-del-sexenio-juan-ramon-de-la-fuente\/#article\",\"isPartOf\":{\"@id\":\"https:\/\/www.nexoinformativo.mx\/index.php\/2024\/10\/04\/la-defensa-de-la-comunidad-mexicana-en-el-extranjero-prioridad-de-la-politica-exterior-del-sexenio-juan-ramon-de-la-fuente\/\"},\"author\":{\"name\":\"Nexo Informativo\",\"@id\":\"https:\/\/www.nexoinformativo.mx\/#\/schema\/person\/7749d380ba08c8ca00d7bc76fd907b7d\"},\"headline\":\"La defensa de la comunidad mexicana en el extranjero, prioridad de la pol\u00edtica exterior del sexenio: Juan Ram\u00f3n de la Fuente\",\"datePublished\":\"2024-10-04T20:00:28+00:00\",\"dateModified\":\"2024-10-04T20:38:21+00:00\",\"mainEntityOfPage\":{\"@id\":\"https:\/\/www.nexoinformativo.mx\/index.php\/2024\/10\/04\/la-defensa-de-la-comunidad-mexicana-en-el-extranjero-prioridad-de-la-politica-exterior-del-sexenio-juan-ramon-de-la-fuente\/\"},\"wordCount\":258,\"commentCount\":0,\"publisher\":{\"@id\":\"https:\/\/www.nexoinformativo.mx\/#organization\"},\"image\":{\"@id\":\"https:\/\/www.nexoinformativo.mx\/index.php\/2024\/10\/04\/la-defensa-de-la-comunidad-mexicana-en-el-extranjero-prioridad-de-la-politica-exterior-del-sexenio-juan-ramon-de-la-fuente\/#primaryimage\"},\"thumbnailUrl\":\"https:\/\/www.nexoinformativo.mx\/wp-content\/uploads\/2024\/10\/IMG_6649.jpg\",\"keywords\":[\"ClaudiaSheinbaum\",\"ComunidadLGBT\",\"Pol\u00edticaExteriorM\u00e9xico\",\"Protecci\u00f3nMexicanos\"],\"articleSection\":[\"Nacional\",\"\u00daltima Hora\"],\"inLanguage\":\"es\",\"potentialAction\":[{\"@type\":\"CommentAction\",\"name\":\"Comment\",\"target\":[\"https:\/\/www.nexoinformativo.mx\/index.php\/2024\/10\/04\/la-defensa-de-la-comunidad-mexicana-en-el-extranjero-prioridad-de-la-politica-exterior-del-sexenio-juan-ramon-de-la-fuente\/#respond\"]}]},{\"@type\":\"WebPage\",\"@id\":\"https:\/\/www.nexoinformativo.mx\/index.php\/2024\/10\/04\/la-defensa-de-la-comunidad-mexicana-en-el-extranjero-prioridad-de-la-politica-exterior-del-sexenio-juan-ramon-de-la-fuente\/\",\"url\":\"https:\/\/www.nexoinformativo.mx\/index.php\/2024\/10\/04\/la-defensa-de-la-comunidad-mexicana-en-el-extranjero-prioridad-de-la-politica-exterior-del-sexenio-juan-ramon-de-la-fuente\/\",\"name\":\"La defensa de la comunidad mexicana en el extranjero, prioridad de la pol\u00edtica exterior del sexenio: Juan Ram\u00f3n de la Fuente | Nexo Informativo Santiago de Quer\u00e9taro\",\"isPartOf\":{\"@id\":\"https:\/\/www.nexoinformativo.mx\/#website\"},\"primaryImageOfPage\":{\"@id\":\"https:\/\/www.nexoinformativo.mx\/index.php\/2024\/10\/04\/la-defensa-de-la-comunidad-mexicana-en-el-extranjero-prioridad-de-la-politica-exterior-del-sexenio-juan-ramon-de-la-fuente\/#primaryimage\"},\"image\":{\"@id\":\"https:\/\/www.nexoinformativo.mx\/index.php\/2024\/10\/04\/la-defensa-de-la-comunidad-mexicana-en-el-extranjero-prioridad-de-la-politica-exterior-del-sexenio-juan-ramon-de-la-fuente\/#primaryimage\"},\"thumbnailUrl\":\"https:\/\/www.nexoinformativo.mx\/wp-content\/uploads\/2024\/10\/IMG_6649.jpg\",\"datePublished\":\"2024-10-04T20:00:28+00:00\",\"dateModified\":\"2024-10-04T20:38:21+00:00\",\"description\":\"La defensa de la comunidad mexicana en el extranjero, prioridad de la pol\u00edtica exterior del sexenio: Juan Ram\u00f3n de la Fuente\",\"breadcrumb\":{\"@id\":\"https:\/\/www.nexoinformativo.mx\/index.php\/2024\/10\/04\/la-defensa-de-la-comunidad-mexicana-en-el-extranjero-prioridad-de-la-politica-exterior-del-sexenio-juan-ramon-de-la-fuente\/#breadcrumb\"},\"inLanguage\":\"es\",\"potentialAction\":[{\"@type\":\"ReadAction\",\"target\":[\"https:\/\/www.nexoinformativo.mx\/index.php\/2024\/10\/04\/la-defensa-de-la-comunidad-mexicana-en-el-extranjero-prioridad-de-la-politica-exterior-del-sexenio-juan-ramon-de-la-fuente\/\"]}]},{\"@type\":\"ImageObject\",\"inLanguage\":\"es\",\"@id\":\"https:\/\/www.nexoinformativo.mx\/index.php\/2024\/10\/04\/la-defensa-de-la-comunidad-mexicana-en-el-extranjero-prioridad-de-la-politica-exterior-del-sexenio-juan-ramon-de-la-fuente\/#primaryimage\",\"url\":\"https:\/\/www.nexoinformativo.mx\/wp-content\/uploads\/2024\/10\/IMG_6649.jpg\",\"contentUrl\":\"https:\/\/www.nexoinformativo.mx\/wp-content\/uploads\/2024\/10\/IMG_6649.jpg\",\"width\":650,\"height\":380},{\"@type\":\"BreadcrumbList\",\"@id\":\"https:\/\/www.nexoinformativo.mx\/index.php\/2024\/10\/04\/la-defensa-de-la-comunidad-mexicana-en-el-extranjero-prioridad-de-la-politica-exterior-del-sexenio-juan-ramon-de-la-fuente\/#breadcrumb\",\"itemListElement\":[{\"@type\":\"ListItem\",\"position\":1,\"name\":\"Inicio\",\"item\":\"https:\/\/www.nexoinformativo.mx\/\"},{\"@type\":\"ListItem\",\"position\":2,\"name\":\"La defensa de la comunidad mexicana en el extranjero, prioridad de la pol\u00edtica exterior del sexenio: Juan Ram\u00f3n de la Fuente\"}]},{\"@type\":\"WebSite\",\"@id\":\"https:\/\/www.nexoinformativo.mx\/#website\",\"url\":\"https:\/\/www.nexoinformativo.mx\/\",\"name\":\"Nexo Informativo Santiago de Quer\u00e9taro\",\"description\":\"Explora NexoInformativo y convi\u00e9rtete en parte de una comunidad que valora el conocimiento y la verdad. Tu nexoinformativo es tu puente hacia una comprensi\u00f3n m\u00e1s profunda del mundo que te rodea.\",\"publisher\":{\"@id\":\"https:\/\/www.nexoinformativo.mx\/#organization\"},\"potentialAction\":[{\"@type\":\"SearchAction\",\"target\":{\"@type\":\"EntryPoint\",\"urlTemplate\":\"https:\/\/www.nexoinformativo.mx\/?s={search_term_string}\"},\"query-input\":{\"@type\":\"PropertyValueSpecification\",\"valueRequired\":true,\"valueName\":\"search_term_string\"}}],\"inLanguage\":\"es\"},{\"@type\":\"Organization\",\"@id\":\"https:\/\/www.nexoinformativo.mx\/#organization\",\"name\":\"Nexo Informativo Santiago de Quer\u00e9taro\",\"url\":\"https:\/\/www.nexoinformativo.mx\/\",\"logo\":{\"@type\":\"ImageObject\",\"inLanguage\":\"es\",\"@id\":\"https:\/\/www.nexoinformativo.mx\/#\/schema\/logo\/image\/\",\"url\":\"https:\/\/www.nexoinformativo.mx\/wp-content\/uploads\/2024\/07\/nexoi-trasparente-2.png\",\"contentUrl\":\"https:\/\/www.nexoinformativo.mx\/wp-content\/uploads\/2024\/07\/nexoi-trasparente-2.png\",\"width\":816,\"height\":339,\"caption\":\"Nexo Informativo Santiago de Quer\u00e9taro\"},\"image\":{\"@id\":\"https:\/\/www.nexoinformativo.mx\/#\/schema\/logo\/image\/\"},\"sameAs\":[\"https:\/\/www.facebook.com\/people\/Nexo-Informativo\/61564066885511\/\"]},{\"@type\":\"Person\",\"@id\":\"https:\/\/www.nexoinformativo.mx\/#\/schema\/person\/7749d380ba08c8ca00d7bc76fd907b7d\",\"name\":\"Nexo Informativo\",\"image\":{\"@type\":\"ImageObject\",\"inLanguage\":\"es\",\"@id\":\"https:\/\/www.nexoinformativo.mx\/#\/schema\/person\/image\/\",\"url\":\"https:\/\/secure.gravatar.com\/avatar\/dde2928154642a13d95f87ddf1ea9718fe2b46760a005c53e41ff5ad610704e6?s=96&d=mm&r=g\",\"contentUrl\":\"https:\/\/secure.gravatar.com\/avatar\/dde2928154642a13d95f87ddf1ea9718fe2b46760a005c53e41ff5ad610704e6?s=96&d=mm&r=g\",\"caption\":\"Nexo Informativo\"},\"url\":\"https:\/\/www.nexoinformativo.mx\/index.php\/author\/edicion\/\"}]}<\/script>\n<!-- \/ Yoast SEO plugin. -->","yoast_head_json":{"title":"La defensa de la comunidad mexicana en el extranjero, prioridad de la pol\u00edtica exterior del sexenio: Juan Ram\u00f3n de la Fuente | Nexo Informativo Santiago de Quer\u00e9taro","description":"La defensa de la comunidad mexicana en el extranjero, prioridad de la pol\u00edtica exterior del sexenio: Juan Ram\u00f3n de la Fuente","robots":{"index":"index","follow":"follow","max-snippet":"max-snippet:-1","max-image-preview":"max-image-preview:large","max-video-preview":"max-video-preview:-1"},"canonical":"https:\/\/www.nexoinformativo.mx\/index.php\/2024\/10\/04\/la-defensa-de-la-comunidad-mexicana-en-el-extranjero-prioridad-de-la-politica-exterior-del-sexenio-juan-ramon-de-la-fuente\/","og_locale":"es_MX","og_type":"article","og_title":"La defensa de la comunidad mexicana en el extranjero, prioridad de la pol\u00edtica exterior del sexenio: Juan Ram\u00f3n de la Fuente | Nexo Informativo Santiago de Quer\u00e9taro","og_description":"La defensa de la comunidad mexicana en el extranjero, prioridad de la pol\u00edtica exterior del sexenio: Juan Ram\u00f3n de la Fuente","og_url":"https:\/\/www.nexoinformativo.mx\/index.php\/2024\/10\/04\/la-defensa-de-la-comunidad-mexicana-en-el-extranjero-prioridad-de-la-politica-exterior-del-sexenio-juan-ramon-de-la-fuente\/","og_site_name":"Nexo Informativo Santiago de Quer\u00e9taro","article_publisher":"https:\/\/www.facebook.com\/people\/Nexo-Informativo\/61564066885511\/","article_published_time":"2024-10-04T20:00:28+00:00","article_modified_time":"2024-10-04T20:38:21+00:00","og_image":[{"width":650,"height":380,"url":"https:\/\/www.nexoinformativo.mx\/wp-content\/uploads\/2024\/10\/IMG_6649.jpg","type":"image\/jpeg"}],"author":"Nexo Informativo","twitter_card":"summary_large_image","twitter_misc":{"Escrito por":"Nexo Informativo","Tiempo de lectura":"2 minutos"},"schema":{"@context":"https:\/\/schema.org","@graph":[{"@type":"Article","@id":"https:\/\/www.nexoinformativo.mx\/index.php\/2024\/10\/04\/la-defensa-de-la-comunidad-mexicana-en-el-extranjero-prioridad-de-la-politica-exterior-del-sexenio-juan-ramon-de-la-fuente\/#article","isPartOf":{"@id":"https:\/\/www.nexoinformativo.mx\/index.php\/2024\/10\/04\/la-defensa-de-la-comunidad-mexicana-en-el-extranjero-prioridad-de-la-politica-exterior-del-sexenio-juan-ramon-de-la-fuente\/"},"author":{"name":"Nexo Informativo","@id":"https:\/\/www.nexoinformativo.mx\/#\/schema\/person\/7749d380ba08c8ca00d7bc76fd907b7d"},"headline":"La defensa de la comunidad mexicana en el extranjero, prioridad de la pol\u00edtica exterior del sexenio: Juan Ram\u00f3n de la Fuente","datePublished":"2024-10-04T20:00:28+00:00","dateModified":"2024-10-04T20:38:21+00:00","mainEntityOfPage":{"@id":"https:\/\/www.nexoinformativo.mx\/index.php\/2024\/10\/04\/la-defensa-de-la-comunidad-mexicana-en-el-extranjero-prioridad-de-la-politica-exterior-del-sexenio-juan-ramon-de-la-fuente\/"},"wordCount":258,"commentCount":0,"publisher":{"@id":"https:\/\/www.nexoinformativo.mx\/#organization"},"image":{"@id":"https:\/\/www.nexoinformativo.mx\/index.php\/2024\/10\/04\/la-defensa-de-la-comunidad-mexicana-en-el-extranjero-prioridad-de-la-politica-exterior-del-sexenio-juan-ramon-de-la-fuente\/#primaryimage"},"thumbnailUrl":"https:\/\/www.nexoinformativo.mx\/wp-content\/uploads\/2024\/10\/IMG_6649.jpg","keywords":["ClaudiaSheinbaum","ComunidadLGBT","Pol\u00edticaExteriorM\u00e9xico","Protecci\u00f3nMexicanos"],"articleSection":["Nacional","\u00daltima Hora"],"inLanguage":"es","potentialAction":[{"@type":"CommentAction","name":"Comment","target":["https:\/\/www.nexoinformativo.mx\/index.php\/2024\/10\/04\/la-defensa-de-la-comunidad-mexicana-en-el-extranjero-prioridad-de-la-politica-exterior-del-sexenio-juan-ramon-de-la-fuente\/#respond"]}]},{"@type":"WebPage","@id":"https:\/\/www.nexoinformativo.mx\/index.php\/2024\/10\/04\/la-defensa-de-la-comunidad-mexicana-en-el-extranjero-prioridad-de-la-politica-exterior-del-sexenio-juan-ramon-de-la-fuente\/","url":"https:\/\/www.nexoinformativo.mx\/index.php\/2024\/10\/04\/la-defensa-de-la-comunidad-mexicana-en-el-extranjero-prioridad-de-la-politica-exterior-del-sexenio-juan-ramon-de-la-fuente\/","name":"La defensa de la comunidad mexicana en el extranjero, prioridad de la pol\u00edtica exterior del sexenio: Juan Ram\u00f3n de la Fuente | Nexo Informativo Santiago de Quer\u00e9taro","isPartOf":{"@id":"https:\/\/www.nexoinformativo.mx\/#website"},"primaryImageOfPage":{"@id":"https:\/\/www.nexoinformativo.mx\/index.php\/2024\/10\/04\/la-defensa-de-la-comunidad-mexicana-en-el-extranjero-prioridad-de-la-politica-exterior-del-sexenio-juan-ramon-de-la-fuente\/#primaryimage"},"image":{"@id":"https:\/\/www.nexoinformativo.mx\/index.php\/2024\/10\/04\/la-defensa-de-la-comunidad-mexicana-en-el-extranjero-prioridad-de-la-politica-exterior-del-sexenio-juan-ramon-de-la-fuente\/#primaryimage"},"thumbnailUrl":"https:\/\/www.nexoinformativo.mx\/wp-content\/uploads\/2024\/10\/IMG_6649.jpg","datePublished":"2024-10-04T20:00:28+00:00","dateModified":"2024-10-04T20:38:21+00:00","description":"La defensa de la comunidad mexicana en el extranjero, prioridad de la pol\u00edtica exterior del sexenio: Juan Ram\u00f3n de la Fuente","breadcrumb":{"@id":"https:\/\/www.nexoinformativo.mx\/index.php\/2024\/10\/04\/la-defensa-de-la-comunidad-mexicana-en-el-extranjero-prioridad-de-la-politica-exterior-del-sexenio-juan-ramon-de-la-fuente\/#breadcrumb"},"inLanguage":"es","potentialAction":[{"@type":"ReadAction","target":["https:\/\/www.nexoinformativo.mx\/index.php\/2024\/10\/04\/la-defensa-de-la-comunidad-mexicana-en-el-extranjero-prioridad-de-la-politica-exterior-del-sexenio-juan-ramon-de-la-fuente\/"]}]},{"@type":"ImageObject","inLanguage":"es","@id":"https:\/\/www.nexoinformativo.mx\/index.php\/2024\/10\/04\/la-defensa-de-la-comunidad-mexicana-en-el-extranjero-prioridad-de-la-politica-exterior-del-sexenio-juan-ramon-de-la-fuente\/#primaryimage","url":"https:\/\/www.nexoinformativo.mx\/wp-content\/uploads\/2024\/10\/IMG_6649.jpg","contentUrl":"https:\/\/www.nexoinformativo.mx\/wp-content\/uploads\/2024\/10\/IMG_6649.jpg","width":650,"height":380},{"@type":"BreadcrumbList","@id":"https:\/\/www.nexoinformativo.mx\/index.php\/2024\/10\/04\/la-defensa-de-la-comunidad-mexicana-en-el-extranjero-prioridad-de-la-politica-exterior-del-sexenio-juan-ramon-de-la-fuente\/#breadcrumb","itemListElement":[{"@type":"ListItem","position":1,"name":"Inicio","item":"https:\/\/www.nexoinformativo.mx\/"},{"@type":"ListItem","position":2,"name":"La defensa de la comunidad mexicana en el extranjero, prioridad de la pol\u00edtica exterior del sexenio: Juan Ram\u00f3n de la Fuente"}]},{"@type":"WebSite","@id":"https:\/\/www.nexoinformativo.mx\/#website","url":"https:\/\/www.nexoinformativo.mx\/","name":"Nexo Informativo Santiago de Quer\u00e9taro","description":"Explora NexoInformativo y convi\u00e9rtete en parte de una comunidad que valora el conocimiento y la verdad. Tu nexoinformativo es tu puente hacia una comprensi\u00f3n m\u00e1s profunda del mundo que te rodea.","publisher":{"@id":"https:\/\/www.nexoinformativo.mx\/#organization"},"potentialAction":[{"@type":"SearchAction","target":{"@type":"EntryPoint","urlTemplate":"https:\/\/www.nexoinformativo.mx\/?s={search_term_string}"},"query-input":{"@type":"PropertyValueSpecification","valueRequired":true,"valueName":"search_term_string"}}],"inLanguage":"es"},{"@type":"Organization","@id":"https:\/\/www.nexoinformativo.mx\/#organization","name":"Nexo Informativo Santiago de Quer\u00e9taro","url":"https:\/\/www.nexoinformativo.mx\/","logo":{"@type":"ImageObject","inLanguage":"es","@id":"https:\/\/www.nexoinformativo.mx\/#\/schema\/logo\/image\/","url":"https:\/\/www.nexoinformativo.mx\/wp-content\/uploads\/2024\/07\/nexoi-trasparente-2.png","contentUrl":"https:\/\/www.nexoinformativo.mx\/wp-content\/uploads\/2024\/07\/nexoi-trasparente-2.png","width":816,"height":339,"caption":"Nexo Informativo Santiago de Quer\u00e9taro"},"image":{"@id":"https:\/\/www.nexoinformativo.mx\/#\/schema\/logo\/image\/"},"sameAs":["https:\/\/www.facebook.com\/people\/Nexo-Informativo\/61564066885511\/"]},{"@type":"Person","@id":"https:\/\/www.nexoinformativo.mx\/#\/schema\/person\/7749d380ba08c8ca00d7bc76fd907b7d","name":"Nexo Informativo","image":{"@type":"ImageObject","inLanguage":"es","@id":"https:\/\/www.nexoinformativo.mx\/#\/schema\/person\/image\/","url":"https:\/\/secure.gravatar.com\/avatar\/dde2928154642a13d95f87ddf1ea9718fe2b46760a005c53e41ff5ad610704e6?s=96&d=mm&r=g","contentUrl":"https:\/\/secure.gravatar.com\/avatar\/dde2928154642a13d95f87ddf1ea9718fe2b46760a005c53e41ff5ad610704e6?s=96&d=mm&r=g","caption":"Nexo Informativo"},"url":"https:\/\/www.nexoinformativo.mx\/index.php\/author\/edicion\/"}]}},"_links":{"self":[{"href":"https:\/\/www.nexoinformativo.mx\/index.php\/wp-json\/wp\/v2\/posts\/2680","targetHints":{"allow":["GET"]}}],"collection":[{"href":"https:\/\/www.nexoinformativo.mx\/index.php\/wp-json\/wp\/v2\/posts"}],"about":[{"href":"https:\/\/www.nexoinformativo.mx\/index.php\/wp-json\/wp\/v2\/types\/post"}],"author":[{"embeddable":true,"href":"https:\/\/www.nexoinformativo.mx\/index.php\/wp-json\/wp\/v2\/users\/3"}],"replies":[{"embeddable":true,"href":"https:\/\/www.nexoinformativo.mx\/index.php\/wp-json\/wp\/v2\/comments?post=2680"}],"version-history":[{"count":3,"href":"https:\/\/www.nexoinformativo.mx\/index.php\/wp-json\/wp\/v2\/posts\/2680\/revisions"}],"predecessor-version":[{"id":2684,"href":"https:\/\/www.nexoinformativo.mx\/index.php\/wp-json\/wp\/v2\/posts\/2680\/revisions\/2684"}],"wp:featuredmedia":[{"embeddable":true,"href":"https:\/\/www.nexoinformativo.mx\/index.php\/wp-json\/wp\/v2\/media\/2681"}],"wp:attachment":[{"href":"https:\/\/www.nexoinformativo.mx\/index.php\/wp-json\/wp\/v2\/media?parent=2680"}],"wp:term":[{"taxonomy":"category","embeddable":true,"href":"https:\/\/www.nexoinformativo.mx\/index.php\/wp-json\/wp\/v2\/categories?post=2680"},{"taxonomy":"post_tag","embeddable":true,"href":"https:\/\/www.nexoinformativo.mx\/index.php\/wp-json\/wp\/v2\/tags?post=2680"}],"curies":[{"name":"wp","href":"https:\/\/api.w.org\/{rel}","templated":true}]}}