{"id":2688,"date":"2024-10-04T15:00:59","date_gmt":"2024-10-04T21:00:59","guid":{"rendered":"https:\/\/www.nexoinformativo.mx\/?p=2688"},"modified":"2024-10-04T19:52:16","modified_gmt":"2024-10-05T01:52:16","slug":"anuncia-sep-nueva-beca-universal-rita-cetina-gutierrez-para-estudiantes-de-educacion-basica","status":"publish","type":"post","link":"https:\/\/www.nexoinformativo.mx\/index.php\/2024\/10\/04\/anuncia-sep-nueva-beca-universal-rita-cetina-gutierrez-para-estudiantes-de-educacion-basica\/","title":{"rendered":"Anuncia SEP nueva Beca Universal &#8220;Rita Cetina Guti\u00e9rrez&#8221; para estudiantes de Educaci\u00f3n B\u00e1sica"},"content":{"rendered":"<p style=\"text-align: justify;\">El secretario de Educaci\u00f3n P\u00fablica, Mario Delgado, dio a conocer la nueva Beca Universal <strong>&#8220;Rita Cetina Guti\u00e9rrez&#8221;<\/strong>, que beneficiar\u00e1 a 21.4 millones de estudiantes de Educaci\u00f3n B\u00e1sica en M\u00e9xico. Este nuevo apoyo econ\u00f3mico forma parte de las pol\u00edticas educativas del gobierno de la presidenta Claudia Sheinbaum, y comenzar\u00e1 su implementaci\u00f3n en 2025 con estudiantes de secundaria en escuelas p\u00fablicas.<\/p>\n<p>&nbsp;<\/p>\n<p style=\"text-align: justify;\">El titular de la SEP detall\u00f3 que la beca otorgar\u00e1 <strong>$1,900 pesos bimestrales<\/strong> a cada estudiante de secundaria, con un aumento de <strong>$700<\/strong> pesos adicionales por cada ni\u00f1o extra que forme parte de la misma familia. Este beneficio tiene como objetivo apoyar a familias en situaci\u00f3n de pobreza y contribuir al acceso igualitario a la educaci\u00f3n en todo el pa\u00eds.<\/p>\n<p>&nbsp;<\/p>\n<p style=\"text-align: justify;\">La distribuci\u00f3n de esta beca comenzar\u00e1 a partir de <strong>octubre de 2024<\/strong>, cuando servidores de la naci\u00f3n visitar\u00e1n las 35,000 secundarias p\u00fablicas del pa\u00eds para realizar asambleas informativas dirigidas a padres y tutores. Durante estas visitas, se proporcionar\u00e1 informaci\u00f3n detallada sobre los requisitos y documentaci\u00f3n necesarios para acceder al programa, pueden consultarse en\u00a0<strong>https:\/\/www.gob.mx\/becasbenitojuarez<\/strong><\/p>\n<p>&nbsp;<\/p>\n<p style=\"text-align: justify;\">La presidenta Claudia Sheinbaum ha reafirmado su compromiso con el derecho a la educaci\u00f3n, y ha impulsado este nuevo programa bajo el nombre de Rita Cetina Guti\u00e9rrez, en homenaje a la maestra y poeta yucateca del siglo XIX, quien luch\u00f3 por la emancipaci\u00f3n femenina y promovi\u00f3 la educaci\u00f3n de mujeres en su \u00e9poca.<\/p>\n<p>&nbsp;<\/p>\n<p>&nbsp;<\/p>\n<p style=\"text-align: center;\"><em><strong>\u00a1Informaci\u00f3n que transforma!<\/strong><\/em><\/p>\n","protected":false},"excerpt":{"rendered":"<p>El secretario de Educaci\u00f3n P\u00fablica, Mario Delgado, dio a conocer la nueva Beca Universal &#8220;Rita Cetina Guti\u00e9rrez&#8221;, que beneficiar\u00e1 a 21.4 millones de estudiantes de Educaci\u00f3n B\u00e1sica en M\u00e9xico. Este nuevo apoyo econ\u00f3mico forma parte de las pol\u00edticas educativas del gobierno de la presidenta Claudia Sheinbaum, y comenzar\u00e1 su implementaci\u00f3n en 2025 con estudiantes de [&hellip;]<\/p>\n","protected":false},"author":3,"featured_media":2689,"comment_status":"open","ping_status":"open","sticky":false,"template":"","format":"standard","meta":{"footnotes":""},"categories":[88,58],"tags":[1095,1093,168,1094],"class_list":["post-2688","post","type-post","status-publish","format-standard","has-post-thumbnail","hentry","category-nacional","category-ultima-hora","tag-apoyoestudiantil","tag-becaritacetina","tag-educacionparatodos","tag-igualdadeducativa"],"yoast_head":"<!-- This site is optimized with the Yoast SEO plugin v25.0 - https:\/\/yoast.com\/wordpress\/plugins\/seo\/ -->\n<title>Anuncia SEP nueva Beca Universal &quot;Rita Cetina Guti\u00e9rrez&quot; para estudiantes de Educaci\u00f3n B\u00e1sica | Nexo Informativo Santiago de Quer\u00e9taro<\/title>\n<meta name=\"description\" content=\"Anuncia SEP nueva Beca Universal &quot;Rita Cetina Guti\u00e9rrez&quot; para estudiantes de Educaci\u00f3n B\u00e1sica\" \/>\n<meta name=\"robots\" content=\"index, follow, max-snippet:-1, max-image-preview:large, max-video-preview:-1\" \/>\n<link rel=\"canonical\" href=\"https:\/\/www.nexoinformativo.mx\/index.php\/2024\/10\/04\/anuncia-sep-nueva-beca-universal-rita-cetina-gutierrez-para-estudiantes-de-educacion-basica\/\" \/>\n<meta property=\"og:locale\" content=\"es_MX\" \/>\n<meta property=\"og:type\" content=\"article\" \/>\n<meta property=\"og:title\" content=\"Anuncia SEP nueva Beca Universal &quot;Rita Cetina Guti\u00e9rrez&quot; para estudiantes de Educaci\u00f3n B\u00e1sica | Nexo Informativo Santiago de Quer\u00e9taro\" \/>\n<meta property=\"og:description\" content=\"Anuncia SEP nueva Beca Universal &quot;Rita Cetina Guti\u00e9rrez&quot; para estudiantes de Educaci\u00f3n B\u00e1sica\" \/>\n<meta property=\"og:url\" content=\"https:\/\/www.nexoinformativo.mx\/index.php\/2024\/10\/04\/anuncia-sep-nueva-beca-universal-rita-cetina-gutierrez-para-estudiantes-de-educacion-basica\/\" \/>\n<meta property=\"og:site_name\" content=\"Nexo Informativo Santiago de Quer\u00e9taro\" \/>\n<meta property=\"article:publisher\" content=\"https:\/\/www.facebook.com\/people\/Nexo-Informativo\/61564066885511\/\" \/>\n<meta property=\"article:published_time\" content=\"2024-10-04T21:00:59+00:00\" \/>\n<meta property=\"article:modified_time\" content=\"2024-10-05T01:52:16+00:00\" \/>\n<meta property=\"og:image\" content=\"https:\/\/www.nexoinformativo.mx\/wp-content\/uploads\/2024\/10\/IMG_6659.jpg\" \/>\n\t<meta property=\"og:image:width\" content=\"650\" \/>\n\t<meta property=\"og:image:height\" content=\"380\" \/>\n\t<meta property=\"og:image:type\" content=\"image\/jpeg\" \/>\n<meta name=\"author\" content=\"Nexo Informativo\" \/>\n<meta name=\"twitter:card\" content=\"summary_large_image\" \/>\n<meta name=\"twitter:label1\" content=\"Escrito por\" \/>\n\t<meta name=\"twitter:data1\" content=\"Nexo Informativo\" \/>\n\t<meta name=\"twitter:label2\" content=\"Tiempo de lectura\" \/>\n\t<meta name=\"twitter:data2\" content=\"2 minutos\" \/>\n<script type=\"application\/ld+json\" class=\"yoast-schema-graph\">{\"@context\":\"https:\/\/schema.org\",\"@graph\":[{\"@type\":\"Article\",\"@id\":\"https:\/\/www.nexoinformativo.mx\/index.php\/2024\/10\/04\/anuncia-sep-nueva-beca-universal-rita-cetina-gutierrez-para-estudiantes-de-educacion-basica\/#article\",\"isPartOf\":{\"@id\":\"https:\/\/www.nexoinformativo.mx\/index.php\/2024\/10\/04\/anuncia-sep-nueva-beca-universal-rita-cetina-gutierrez-para-estudiantes-de-educacion-basica\/\"},\"author\":{\"name\":\"Nexo Informativo\",\"@id\":\"https:\/\/www.nexoinformativo.mx\/#\/schema\/person\/7749d380ba08c8ca00d7bc76fd907b7d\"},\"headline\":\"Anuncia SEP nueva Beca Universal &#8220;Rita Cetina Guti\u00e9rrez&#8221; para estudiantes de Educaci\u00f3n B\u00e1sica\",\"datePublished\":\"2024-10-04T21:00:59+00:00\",\"dateModified\":\"2024-10-05T01:52:16+00:00\",\"mainEntityOfPage\":{\"@id\":\"https:\/\/www.nexoinformativo.mx\/index.php\/2024\/10\/04\/anuncia-sep-nueva-beca-universal-rita-cetina-gutierrez-para-estudiantes-de-educacion-basica\/\"},\"wordCount\":274,\"commentCount\":0,\"publisher\":{\"@id\":\"https:\/\/www.nexoinformativo.mx\/#organization\"},\"image\":{\"@id\":\"https:\/\/www.nexoinformativo.mx\/index.php\/2024\/10\/04\/anuncia-sep-nueva-beca-universal-rita-cetina-gutierrez-para-estudiantes-de-educacion-basica\/#primaryimage\"},\"thumbnailUrl\":\"https:\/\/www.nexoinformativo.mx\/wp-content\/uploads\/2024\/10\/IMG_6659.jpg\",\"keywords\":[\"ApoyoEstudiantil\",\"BecaRitaCetina\",\"Educacionparatodos\",\"IgualdadEducativa\"],\"articleSection\":[\"Nacional\",\"\u00daltima Hora\"],\"inLanguage\":\"es\",\"potentialAction\":[{\"@type\":\"CommentAction\",\"name\":\"Comment\",\"target\":[\"https:\/\/www.nexoinformativo.mx\/index.php\/2024\/10\/04\/anuncia-sep-nueva-beca-universal-rita-cetina-gutierrez-para-estudiantes-de-educacion-basica\/#respond\"]}]},{\"@type\":\"WebPage\",\"@id\":\"https:\/\/www.nexoinformativo.mx\/index.php\/2024\/10\/04\/anuncia-sep-nueva-beca-universal-rita-cetina-gutierrez-para-estudiantes-de-educacion-basica\/\",\"url\":\"https:\/\/www.nexoinformativo.mx\/index.php\/2024\/10\/04\/anuncia-sep-nueva-beca-universal-rita-cetina-gutierrez-para-estudiantes-de-educacion-basica\/\",\"name\":\"Anuncia SEP nueva Beca Universal \\\"Rita Cetina Guti\u00e9rrez\\\" para estudiantes de Educaci\u00f3n B\u00e1sica | Nexo Informativo Santiago de Quer\u00e9taro\",\"isPartOf\":{\"@id\":\"https:\/\/www.nexoinformativo.mx\/#website\"},\"primaryImageOfPage\":{\"@id\":\"https:\/\/www.nexoinformativo.mx\/index.php\/2024\/10\/04\/anuncia-sep-nueva-beca-universal-rita-cetina-gutierrez-para-estudiantes-de-educacion-basica\/#primaryimage\"},\"image\":{\"@id\":\"https:\/\/www.nexoinformativo.mx\/index.php\/2024\/10\/04\/anuncia-sep-nueva-beca-universal-rita-cetina-gutierrez-para-estudiantes-de-educacion-basica\/#primaryimage\"},\"thumbnailUrl\":\"https:\/\/www.nexoinformativo.mx\/wp-content\/uploads\/2024\/10\/IMG_6659.jpg\",\"datePublished\":\"2024-10-04T21:00:59+00:00\",\"dateModified\":\"2024-10-05T01:52:16+00:00\",\"description\":\"Anuncia SEP nueva Beca Universal \\\"Rita Cetina Guti\u00e9rrez\\\" para estudiantes de Educaci\u00f3n B\u00e1sica\",\"breadcrumb\":{\"@id\":\"https:\/\/www.nexoinformativo.mx\/index.php\/2024\/10\/04\/anuncia-sep-nueva-beca-universal-rita-cetina-gutierrez-para-estudiantes-de-educacion-basica\/#breadcrumb\"},\"inLanguage\":\"es\",\"potentialAction\":[{\"@type\":\"ReadAction\",\"target\":[\"https:\/\/www.nexoinformativo.mx\/index.php\/2024\/10\/04\/anuncia-sep-nueva-beca-universal-rita-cetina-gutierrez-para-estudiantes-de-educacion-basica\/\"]}]},{\"@type\":\"ImageObject\",\"inLanguage\":\"es\",\"@id\":\"https:\/\/www.nexoinformativo.mx\/index.php\/2024\/10\/04\/anuncia-sep-nueva-beca-universal-rita-cetina-gutierrez-para-estudiantes-de-educacion-basica\/#primaryimage\",\"url\":\"https:\/\/www.nexoinformativo.mx\/wp-content\/uploads\/2024\/10\/IMG_6659.jpg\",\"contentUrl\":\"https:\/\/www.nexoinformativo.mx\/wp-content\/uploads\/2024\/10\/IMG_6659.jpg\",\"width\":650,\"height\":380},{\"@type\":\"BreadcrumbList\",\"@id\":\"https:\/\/www.nexoinformativo.mx\/index.php\/2024\/10\/04\/anuncia-sep-nueva-beca-universal-rita-cetina-gutierrez-para-estudiantes-de-educacion-basica\/#breadcrumb\",\"itemListElement\":[{\"@type\":\"ListItem\",\"position\":1,\"name\":\"Inicio\",\"item\":\"https:\/\/www.nexoinformativo.mx\/\"},{\"@type\":\"ListItem\",\"position\":2,\"name\":\"Anuncia SEP nueva Beca Universal &#8220;Rita Cetina Guti\u00e9rrez&#8221; para estudiantes de Educaci\u00f3n B\u00e1sica\"}]},{\"@type\":\"WebSite\",\"@id\":\"https:\/\/www.nexoinformativo.mx\/#website\",\"url\":\"https:\/\/www.nexoinformativo.mx\/\",\"name\":\"Nexo Informativo Santiago de Quer\u00e9taro\",\"description\":\"Explora NexoInformativo y convi\u00e9rtete en parte de una comunidad que valora el conocimiento y la verdad. Tu nexoinformativo es tu puente hacia una comprensi\u00f3n m\u00e1s profunda del mundo que te rodea.\",\"publisher\":{\"@id\":\"https:\/\/www.nexoinformativo.mx\/#organization\"},\"potentialAction\":[{\"@type\":\"SearchAction\",\"target\":{\"@type\":\"EntryPoint\",\"urlTemplate\":\"https:\/\/www.nexoinformativo.mx\/?s={search_term_string}\"},\"query-input\":{\"@type\":\"PropertyValueSpecification\",\"valueRequired\":true,\"valueName\":\"search_term_string\"}}],\"inLanguage\":\"es\"},{\"@type\":\"Organization\",\"@id\":\"https:\/\/www.nexoinformativo.mx\/#organization\",\"name\":\"Nexo Informativo Santiago de Quer\u00e9taro\",\"url\":\"https:\/\/www.nexoinformativo.mx\/\",\"logo\":{\"@type\":\"ImageObject\",\"inLanguage\":\"es\",\"@id\":\"https:\/\/www.nexoinformativo.mx\/#\/schema\/logo\/image\/\",\"url\":\"https:\/\/www.nexoinformativo.mx\/wp-content\/uploads\/2024\/07\/nexoi-trasparente-2.png\",\"contentUrl\":\"https:\/\/www.nexoinformativo.mx\/wp-content\/uploads\/2024\/07\/nexoi-trasparente-2.png\",\"width\":816,\"height\":339,\"caption\":\"Nexo Informativo Santiago de Quer\u00e9taro\"},\"image\":{\"@id\":\"https:\/\/www.nexoinformativo.mx\/#\/schema\/logo\/image\/\"},\"sameAs\":[\"https:\/\/www.facebook.com\/people\/Nexo-Informativo\/61564066885511\/\"]},{\"@type\":\"Person\",\"@id\":\"https:\/\/www.nexoinformativo.mx\/#\/schema\/person\/7749d380ba08c8ca00d7bc76fd907b7d\",\"name\":\"Nexo Informativo\",\"image\":{\"@type\":\"ImageObject\",\"inLanguage\":\"es\",\"@id\":\"https:\/\/www.nexoinformativo.mx\/#\/schema\/person\/image\/\",\"url\":\"https:\/\/secure.gravatar.com\/avatar\/dde2928154642a13d95f87ddf1ea9718fe2b46760a005c53e41ff5ad610704e6?s=96&d=mm&r=g\",\"contentUrl\":\"https:\/\/secure.gravatar.com\/avatar\/dde2928154642a13d95f87ddf1ea9718fe2b46760a005c53e41ff5ad610704e6?s=96&d=mm&r=g\",\"caption\":\"Nexo Informativo\"},\"url\":\"https:\/\/www.nexoinformativo.mx\/index.php\/author\/edicion\/\"}]}<\/script>\n<!-- \/ Yoast SEO plugin. -->","yoast_head_json":{"title":"Anuncia SEP nueva Beca Universal \"Rita Cetina Guti\u00e9rrez\" para estudiantes de Educaci\u00f3n B\u00e1sica | Nexo Informativo Santiago de Quer\u00e9taro","description":"Anuncia SEP nueva Beca Universal \"Rita Cetina Guti\u00e9rrez\" para estudiantes de Educaci\u00f3n B\u00e1sica","robots":{"index":"index","follow":"follow","max-snippet":"max-snippet:-1","max-image-preview":"max-image-preview:large","max-video-preview":"max-video-preview:-1"},"canonical":"https:\/\/www.nexoinformativo.mx\/index.php\/2024\/10\/04\/anuncia-sep-nueva-beca-universal-rita-cetina-gutierrez-para-estudiantes-de-educacion-basica\/","og_locale":"es_MX","og_type":"article","og_title":"Anuncia SEP nueva Beca Universal \"Rita Cetina Guti\u00e9rrez\" para estudiantes de Educaci\u00f3n B\u00e1sica | Nexo Informativo Santiago de Quer\u00e9taro","og_description":"Anuncia SEP nueva Beca Universal \"Rita Cetina Guti\u00e9rrez\" para estudiantes de Educaci\u00f3n B\u00e1sica","og_url":"https:\/\/www.nexoinformativo.mx\/index.php\/2024\/10\/04\/anuncia-sep-nueva-beca-universal-rita-cetina-gutierrez-para-estudiantes-de-educacion-basica\/","og_site_name":"Nexo Informativo Santiago de Quer\u00e9taro","article_publisher":"https:\/\/www.facebook.com\/people\/Nexo-Informativo\/61564066885511\/","article_published_time":"2024-10-04T21:00:59+00:00","article_modified_time":"2024-10-05T01:52:16+00:00","og_image":[{"width":650,"height":380,"url":"https:\/\/www.nexoinformativo.mx\/wp-content\/uploads\/2024\/10\/IMG_6659.jpg","type":"image\/jpeg"}],"author":"Nexo Informativo","twitter_card":"summary_large_image","twitter_misc":{"Escrito por":"Nexo Informativo","Tiempo de lectura":"2 minutos"},"schema":{"@context":"https:\/\/schema.org","@graph":[{"@type":"Article","@id":"https:\/\/www.nexoinformativo.mx\/index.php\/2024\/10\/04\/anuncia-sep-nueva-beca-universal-rita-cetina-gutierrez-para-estudiantes-de-educacion-basica\/#article","isPartOf":{"@id":"https:\/\/www.nexoinformativo.mx\/index.php\/2024\/10\/04\/anuncia-sep-nueva-beca-universal-rita-cetina-gutierrez-para-estudiantes-de-educacion-basica\/"},"author":{"name":"Nexo Informativo","@id":"https:\/\/www.nexoinformativo.mx\/#\/schema\/person\/7749d380ba08c8ca00d7bc76fd907b7d"},"headline":"Anuncia SEP nueva Beca Universal &#8220;Rita Cetina Guti\u00e9rrez&#8221; para estudiantes de Educaci\u00f3n B\u00e1sica","datePublished":"2024-10-04T21:00:59+00:00","dateModified":"2024-10-05T01:52:16+00:00","mainEntityOfPage":{"@id":"https:\/\/www.nexoinformativo.mx\/index.php\/2024\/10\/04\/anuncia-sep-nueva-beca-universal-rita-cetina-gutierrez-para-estudiantes-de-educacion-basica\/"},"wordCount":274,"commentCount":0,"publisher":{"@id":"https:\/\/www.nexoinformativo.mx\/#organization"},"image":{"@id":"https:\/\/www.nexoinformativo.mx\/index.php\/2024\/10\/04\/anuncia-sep-nueva-beca-universal-rita-cetina-gutierrez-para-estudiantes-de-educacion-basica\/#primaryimage"},"thumbnailUrl":"https:\/\/www.nexoinformativo.mx\/wp-content\/uploads\/2024\/10\/IMG_6659.jpg","keywords":["ApoyoEstudiantil","BecaRitaCetina","Educacionparatodos","IgualdadEducativa"],"articleSection":["Nacional","\u00daltima Hora"],"inLanguage":"es","potentialAction":[{"@type":"CommentAction","name":"Comment","target":["https:\/\/www.nexoinformativo.mx\/index.php\/2024\/10\/04\/anuncia-sep-nueva-beca-universal-rita-cetina-gutierrez-para-estudiantes-de-educacion-basica\/#respond"]}]},{"@type":"WebPage","@id":"https:\/\/www.nexoinformativo.mx\/index.php\/2024\/10\/04\/anuncia-sep-nueva-beca-universal-rita-cetina-gutierrez-para-estudiantes-de-educacion-basica\/","url":"https:\/\/www.nexoinformativo.mx\/index.php\/2024\/10\/04\/anuncia-sep-nueva-beca-universal-rita-cetina-gutierrez-para-estudiantes-de-educacion-basica\/","name":"Anuncia SEP nueva Beca Universal \"Rita Cetina Guti\u00e9rrez\" para estudiantes de Educaci\u00f3n B\u00e1sica | Nexo Informativo Santiago de Quer\u00e9taro","isPartOf":{"@id":"https:\/\/www.nexoinformativo.mx\/#website"},"primaryImageOfPage":{"@id":"https:\/\/www.nexoinformativo.mx\/index.php\/2024\/10\/04\/anuncia-sep-nueva-beca-universal-rita-cetina-gutierrez-para-estudiantes-de-educacion-basica\/#primaryimage"},"image":{"@id":"https:\/\/www.nexoinformativo.mx\/index.php\/2024\/10\/04\/anuncia-sep-nueva-beca-universal-rita-cetina-gutierrez-para-estudiantes-de-educacion-basica\/#primaryimage"},"thumbnailUrl":"https:\/\/www.nexoinformativo.mx\/wp-content\/uploads\/2024\/10\/IMG_6659.jpg","datePublished":"2024-10-04T21:00:59+00:00","dateModified":"2024-10-05T01:52:16+00:00","description":"Anuncia SEP nueva Beca Universal \"Rita Cetina Guti\u00e9rrez\" para estudiantes de Educaci\u00f3n B\u00e1sica","breadcrumb":{"@id":"https:\/\/www.nexoinformativo.mx\/index.php\/2024\/10\/04\/anuncia-sep-nueva-beca-universal-rita-cetina-gutierrez-para-estudiantes-de-educacion-basica\/#breadcrumb"},"inLanguage":"es","potentialAction":[{"@type":"ReadAction","target":["https:\/\/www.nexoinformativo.mx\/index.php\/2024\/10\/04\/anuncia-sep-nueva-beca-universal-rita-cetina-gutierrez-para-estudiantes-de-educacion-basica\/"]}]},{"@type":"ImageObject","inLanguage":"es","@id":"https:\/\/www.nexoinformativo.mx\/index.php\/2024\/10\/04\/anuncia-sep-nueva-beca-universal-rita-cetina-gutierrez-para-estudiantes-de-educacion-basica\/#primaryimage","url":"https:\/\/www.nexoinformativo.mx\/wp-content\/uploads\/2024\/10\/IMG_6659.jpg","contentUrl":"https:\/\/www.nexoinformativo.mx\/wp-content\/uploads\/2024\/10\/IMG_6659.jpg","width":650,"height":380},{"@type":"BreadcrumbList","@id":"https:\/\/www.nexoinformativo.mx\/index.php\/2024\/10\/04\/anuncia-sep-nueva-beca-universal-rita-cetina-gutierrez-para-estudiantes-de-educacion-basica\/#breadcrumb","itemListElement":[{"@type":"ListItem","position":1,"name":"Inicio","item":"https:\/\/www.nexoinformativo.mx\/"},{"@type":"ListItem","position":2,"name":"Anuncia SEP nueva Beca Universal &#8220;Rita Cetina Guti\u00e9rrez&#8221; para estudiantes de Educaci\u00f3n B\u00e1sica"}]},{"@type":"WebSite","@id":"https:\/\/www.nexoinformativo.mx\/#website","url":"https:\/\/www.nexoinformativo.mx\/","name":"Nexo Informativo Santiago de Quer\u00e9taro","description":"Explora NexoInformativo y convi\u00e9rtete en parte de una comunidad que valora el conocimiento y la verdad. Tu nexoinformativo es tu puente hacia una comprensi\u00f3n m\u00e1s profunda del mundo que te rodea.","publisher":{"@id":"https:\/\/www.nexoinformativo.mx\/#organization"},"potentialAction":[{"@type":"SearchAction","target":{"@type":"EntryPoint","urlTemplate":"https:\/\/www.nexoinformativo.mx\/?s={search_term_string}"},"query-input":{"@type":"PropertyValueSpecification","valueRequired":true,"valueName":"search_term_string"}}],"inLanguage":"es"},{"@type":"Organization","@id":"https:\/\/www.nexoinformativo.mx\/#organization","name":"Nexo Informativo Santiago de Quer\u00e9taro","url":"https:\/\/www.nexoinformativo.mx\/","logo":{"@type":"ImageObject","inLanguage":"es","@id":"https:\/\/www.nexoinformativo.mx\/#\/schema\/logo\/image\/","url":"https:\/\/www.nexoinformativo.mx\/wp-content\/uploads\/2024\/07\/nexoi-trasparente-2.png","contentUrl":"https:\/\/www.nexoinformativo.mx\/wp-content\/uploads\/2024\/07\/nexoi-trasparente-2.png","width":816,"height":339,"caption":"Nexo Informativo Santiago de Quer\u00e9taro"},"image":{"@id":"https:\/\/www.nexoinformativo.mx\/#\/schema\/logo\/image\/"},"sameAs":["https:\/\/www.facebook.com\/people\/Nexo-Informativo\/61564066885511\/"]},{"@type":"Person","@id":"https:\/\/www.nexoinformativo.mx\/#\/schema\/person\/7749d380ba08c8ca00d7bc76fd907b7d","name":"Nexo Informativo","image":{"@type":"ImageObject","inLanguage":"es","@id":"https:\/\/www.nexoinformativo.mx\/#\/schema\/person\/image\/","url":"https:\/\/secure.gravatar.com\/avatar\/dde2928154642a13d95f87ddf1ea9718fe2b46760a005c53e41ff5ad610704e6?s=96&d=mm&r=g","contentUrl":"https:\/\/secure.gravatar.com\/avatar\/dde2928154642a13d95f87ddf1ea9718fe2b46760a005c53e41ff5ad610704e6?s=96&d=mm&r=g","caption":"Nexo Informativo"},"url":"https:\/\/www.nexoinformativo.mx\/index.php\/author\/edicion\/"}]}},"_links":{"self":[{"href":"https:\/\/www.nexoinformativo.mx\/index.php\/wp-json\/wp\/v2\/posts\/2688","targetHints":{"allow":["GET"]}}],"collection":[{"href":"https:\/\/www.nexoinformativo.mx\/index.php\/wp-json\/wp\/v2\/posts"}],"about":[{"href":"https:\/\/www.nexoinformativo.mx\/index.php\/wp-json\/wp\/v2\/types\/post"}],"author":[{"embeddable":true,"href":"https:\/\/www.nexoinformativo.mx\/index.php\/wp-json\/wp\/v2\/users\/3"}],"replies":[{"embeddable":true,"href":"https:\/\/www.nexoinformativo.mx\/index.php\/wp-json\/wp\/v2\/comments?post=2688"}],"version-history":[{"count":4,"href":"https:\/\/www.nexoinformativo.mx\/index.php\/wp-json\/wp\/v2\/posts\/2688\/revisions"}],"predecessor-version":[{"id":2691,"href":"https:\/\/www.nexoinformativo.mx\/index.php\/wp-json\/wp\/v2\/posts\/2688\/revisions\/2691"}],"wp:featuredmedia":[{"embeddable":true,"href":"https:\/\/www.nexoinformativo.mx\/index.php\/wp-json\/wp\/v2\/media\/2689"}],"wp:attachment":[{"href":"https:\/\/www.nexoinformativo.mx\/index.php\/wp-json\/wp\/v2\/media?parent=2688"}],"wp:term":[{"taxonomy":"category","embeddable":true,"href":"https:\/\/www.nexoinformativo.mx\/index.php\/wp-json\/wp\/v2\/categories?post=2688"},{"taxonomy":"post_tag","embeddable":true,"href":"https:\/\/www.nexoinformativo.mx\/index.php\/wp-json\/wp\/v2\/tags?post=2688"}],"curies":[{"name":"wp","href":"https:\/\/api.w.org\/{rel}","templated":true}]}}