{"id":2694,"date":"2024-10-04T13:00:52","date_gmt":"2024-10-04T19:00:52","guid":{"rendered":"https:\/\/www.nexoinformativo.mx\/?p=2694"},"modified":"2024-10-04T20:10:45","modified_gmt":"2024-10-05T02:10:45","slug":"en-que-consisten-las-nuevas-conferencias-sheinbaum-estrena-la-mananera-del-pueblo","status":"publish","type":"post","link":"https:\/\/www.nexoinformativo.mx\/index.php\/2024\/10\/04\/en-que-consisten-las-nuevas-conferencias-sheinbaum-estrena-la-mananera-del-pueblo\/","title":{"rendered":"En qu\u00e9 consisten las nuevas conferencias, Sheinbaum estrena &#8220;La Ma\u00f1anera del Pueblo&#8221;"},"content":{"rendered":"<p style=\"text-align: justify;\">Este mi\u00e9rcoles, la presidenta de M\u00e9xico, Claudia Sheinbaum, inaugur\u00f3 su primera conferencia matutina bajo el nombre de <strong>\u201cLa Ma\u00f1anera del Pueblo\u201d<\/strong>. A pesar de las similitudes con las conferencias realizadas por el expresidente AMLO, este nuevo formato presenta algunos cambios que buscan enfocarse en temas espec\u00edficos cada d\u00eda de la semana.<\/p>\n<p>&nbsp;<\/p>\n<p style=\"text-align: justify;\">Sheinbaum se\u00f1al\u00f3 que, las ma\u00f1aneras continuar\u00e1n brindando informaci\u00f3n sobre las acciones del gobierno y se responder\u00e1n preguntas de los medios de comunicaci\u00f3n. Sin embargo, cada d\u00eda habr\u00e1 una secci\u00f3n diferente:<\/p>\n<p>&nbsp;<\/p>\n<ul>\n<li><strong>Lunes<\/strong>: \u201cVida Saludable\u201d se dedicar\u00e1 a temas de <strong>alimentaci\u00f3n y salud<\/strong>.<\/li>\n<li><strong>Martes<\/strong>: \u201cHumanismo Mexicano y Memoria Hist\u00f3rica\u201d revisar\u00e1 hechos hist\u00f3ricos y valores culturales.<\/li>\n<li><strong>Mi\u00e9rcoles<\/strong>: \u201cDetector de Mentiras\u201d identificar\u00e1 y desmentir\u00e1 <strong>noticias falsas<\/strong>.<\/li>\n<li><strong>Jueves<\/strong>: \u201cMujeres en la Historia\u201d rendir\u00e1 homenaje a la <strong>participaci\u00f3n femenina<\/strong> en M\u00e9xico.<\/li>\n<li><strong>Viernes<\/strong>: \u201cSuave Patria\u201d destacar\u00e1 logros y eventos que llenan de orgullo a los mexicanos.<\/li>\n<\/ul>\n<p>&nbsp;<\/p>\n<p style=\"text-align: justify;\">El debut de <strong>&#8220;La Ma\u00f1anera del Pueblo&#8221;<\/strong> estuvo dedicado a la conmemoraci\u00f3n de la <strong>matanza estudiantil de 1968<\/strong> en la Plaza de las Tres Culturas, un evento tr\u00e1gico en la historia del pa\u00eds.<\/p>\n<p>&nbsp;<\/p>\n<p style=\"text-align: justify;\">Aunque la estructura b\u00e1sica se mantiene similar a las conferencias de L\u00f3pez Obrador, Sheinbaum ha mostrado un estilo m\u00e1s t\u00e9cnico y directo. A diferencia de su antecesor, quien sol\u00eda extenderse por varias horas, la presidenta ha optado por una duraci\u00f3n m\u00e1s breve, con un enfoque en datos precisos.<\/p>\n<p>&nbsp;<\/p>\n<p>&nbsp;<\/p>\n<p style=\"text-align: center;\"><em><strong>\u00a1Informaci\u00f3n que transforma!<\/strong><\/em><\/p>\n","protected":false},"excerpt":{"rendered":"<p>Este mi\u00e9rcoles, la presidenta de M\u00e9xico, Claudia Sheinbaum, inaugur\u00f3 su primera conferencia matutina bajo el nombre de \u201cLa Ma\u00f1anera del Pueblo\u201d.<\/p>\n","protected":false},"author":3,"featured_media":2697,"comment_status":"open","ping_status":"open","sticky":false,"template":"","format":"standard","meta":{"footnotes":""},"categories":[88,58],"tags":[967,1096,1098,1097],"class_list":["post-2694","post","type-post","status-publish","format-standard","has-post-thumbnail","hentry","category-nacional","category-ultima-hora","tag-claudiasheinbaum","tag-mananeradelpueblo","tag-memoriahistorica","tag-nuevapolitica"],"yoast_head":"<!-- This site is optimized with the Yoast SEO plugin v25.0 - https:\/\/yoast.com\/wordpress\/plugins\/seo\/ -->\n<title>En qu\u00e9 consisten las nuevas conferencias, Sheinbaum estrena &quot;La Ma\u00f1anera del Pueblo&quot; | Nexo Informativo Santiago de Quer\u00e9taro<\/title>\n<meta name=\"description\" content=\"En qu\u00e9 consisten las nuevas conferencias, Sheinbaum estrena &quot;La Ma\u00f1anera del Pueblo&quot;\" \/>\n<meta name=\"robots\" content=\"index, follow, max-snippet:-1, max-image-preview:large, max-video-preview:-1\" \/>\n<link rel=\"canonical\" href=\"https:\/\/www.nexoinformativo.mx\/index.php\/2024\/10\/04\/en-que-consisten-las-nuevas-conferencias-sheinbaum-estrena-la-mananera-del-pueblo\/\" \/>\n<meta property=\"og:locale\" content=\"es_MX\" \/>\n<meta property=\"og:type\" content=\"article\" \/>\n<meta property=\"og:title\" content=\"En qu\u00e9 consisten las nuevas conferencias, Sheinbaum estrena &quot;La Ma\u00f1anera del Pueblo&quot; | Nexo Informativo Santiago de Quer\u00e9taro\" \/>\n<meta property=\"og:description\" content=\"En qu\u00e9 consisten las nuevas conferencias, Sheinbaum estrena &quot;La Ma\u00f1anera del Pueblo&quot;\" \/>\n<meta property=\"og:url\" content=\"https:\/\/www.nexoinformativo.mx\/index.php\/2024\/10\/04\/en-que-consisten-las-nuevas-conferencias-sheinbaum-estrena-la-mananera-del-pueblo\/\" \/>\n<meta property=\"og:site_name\" content=\"Nexo Informativo Santiago de Quer\u00e9taro\" \/>\n<meta property=\"article:publisher\" content=\"https:\/\/www.facebook.com\/people\/Nexo-Informativo\/61564066885511\/\" \/>\n<meta property=\"article:published_time\" content=\"2024-10-04T19:00:52+00:00\" \/>\n<meta property=\"article:modified_time\" content=\"2024-10-05T02:10:45+00:00\" \/>\n<meta property=\"og:image\" content=\"https:\/\/www.nexoinformativo.mx\/wp-content\/uploads\/2024\/10\/IMG_6658.jpg\" \/>\n\t<meta property=\"og:image:width\" content=\"502\" \/>\n\t<meta property=\"og:image:height\" content=\"380\" \/>\n\t<meta property=\"og:image:type\" content=\"image\/jpeg\" \/>\n<meta name=\"author\" content=\"Nexo Informativo\" \/>\n<meta name=\"twitter:card\" content=\"summary_large_image\" \/>\n<meta name=\"twitter:label1\" content=\"Escrito por\" \/>\n\t<meta name=\"twitter:data1\" content=\"Nexo Informativo\" \/>\n\t<meta name=\"twitter:label2\" content=\"Tiempo de lectura\" \/>\n\t<meta name=\"twitter:data2\" content=\"2 minutos\" \/>\n<script type=\"application\/ld+json\" class=\"yoast-schema-graph\">{\"@context\":\"https:\/\/schema.org\",\"@graph\":[{\"@type\":\"Article\",\"@id\":\"https:\/\/www.nexoinformativo.mx\/index.php\/2024\/10\/04\/en-que-consisten-las-nuevas-conferencias-sheinbaum-estrena-la-mananera-del-pueblo\/#article\",\"isPartOf\":{\"@id\":\"https:\/\/www.nexoinformativo.mx\/index.php\/2024\/10\/04\/en-que-consisten-las-nuevas-conferencias-sheinbaum-estrena-la-mananera-del-pueblo\/\"},\"author\":{\"name\":\"Nexo Informativo\",\"@id\":\"https:\/\/www.nexoinformativo.mx\/#\/schema\/person\/7749d380ba08c8ca00d7bc76fd907b7d\"},\"headline\":\"En qu\u00e9 consisten las nuevas conferencias, Sheinbaum estrena &#8220;La Ma\u00f1anera del Pueblo&#8221;\",\"datePublished\":\"2024-10-04T19:00:52+00:00\",\"dateModified\":\"2024-10-05T02:10:45+00:00\",\"mainEntityOfPage\":{\"@id\":\"https:\/\/www.nexoinformativo.mx\/index.php\/2024\/10\/04\/en-que-consisten-las-nuevas-conferencias-sheinbaum-estrena-la-mananera-del-pueblo\/\"},\"wordCount\":273,\"commentCount\":0,\"publisher\":{\"@id\":\"https:\/\/www.nexoinformativo.mx\/#organization\"},\"image\":{\"@id\":\"https:\/\/www.nexoinformativo.mx\/index.php\/2024\/10\/04\/en-que-consisten-las-nuevas-conferencias-sheinbaum-estrena-la-mananera-del-pueblo\/#primaryimage\"},\"thumbnailUrl\":\"https:\/\/www.nexoinformativo.mx\/wp-content\/uploads\/2024\/10\/IMG_6658.jpg\",\"keywords\":[\"ClaudiaSheinbaum\",\"Ma\u00f1aneraDelPueblo\",\"MemoriaHist\u00f3rica\",\"NuevaPol\u00edtica\"],\"articleSection\":[\"Nacional\",\"\u00daltima Hora\"],\"inLanguage\":\"es\",\"potentialAction\":[{\"@type\":\"CommentAction\",\"name\":\"Comment\",\"target\":[\"https:\/\/www.nexoinformativo.mx\/index.php\/2024\/10\/04\/en-que-consisten-las-nuevas-conferencias-sheinbaum-estrena-la-mananera-del-pueblo\/#respond\"]}]},{\"@type\":\"WebPage\",\"@id\":\"https:\/\/www.nexoinformativo.mx\/index.php\/2024\/10\/04\/en-que-consisten-las-nuevas-conferencias-sheinbaum-estrena-la-mananera-del-pueblo\/\",\"url\":\"https:\/\/www.nexoinformativo.mx\/index.php\/2024\/10\/04\/en-que-consisten-las-nuevas-conferencias-sheinbaum-estrena-la-mananera-del-pueblo\/\",\"name\":\"En qu\u00e9 consisten las nuevas conferencias, Sheinbaum estrena \\\"La Ma\u00f1anera del Pueblo\\\" | Nexo Informativo Santiago de Quer\u00e9taro\",\"isPartOf\":{\"@id\":\"https:\/\/www.nexoinformativo.mx\/#website\"},\"primaryImageOfPage\":{\"@id\":\"https:\/\/www.nexoinformativo.mx\/index.php\/2024\/10\/04\/en-que-consisten-las-nuevas-conferencias-sheinbaum-estrena-la-mananera-del-pueblo\/#primaryimage\"},\"image\":{\"@id\":\"https:\/\/www.nexoinformativo.mx\/index.php\/2024\/10\/04\/en-que-consisten-las-nuevas-conferencias-sheinbaum-estrena-la-mananera-del-pueblo\/#primaryimage\"},\"thumbnailUrl\":\"https:\/\/www.nexoinformativo.mx\/wp-content\/uploads\/2024\/10\/IMG_6658.jpg\",\"datePublished\":\"2024-10-04T19:00:52+00:00\",\"dateModified\":\"2024-10-05T02:10:45+00:00\",\"description\":\"En qu\u00e9 consisten las nuevas conferencias, Sheinbaum estrena \\\"La Ma\u00f1anera del Pueblo\\\"\",\"breadcrumb\":{\"@id\":\"https:\/\/www.nexoinformativo.mx\/index.php\/2024\/10\/04\/en-que-consisten-las-nuevas-conferencias-sheinbaum-estrena-la-mananera-del-pueblo\/#breadcrumb\"},\"inLanguage\":\"es\",\"potentialAction\":[{\"@type\":\"ReadAction\",\"target\":[\"https:\/\/www.nexoinformativo.mx\/index.php\/2024\/10\/04\/en-que-consisten-las-nuevas-conferencias-sheinbaum-estrena-la-mananera-del-pueblo\/\"]}]},{\"@type\":\"ImageObject\",\"inLanguage\":\"es\",\"@id\":\"https:\/\/www.nexoinformativo.mx\/index.php\/2024\/10\/04\/en-que-consisten-las-nuevas-conferencias-sheinbaum-estrena-la-mananera-del-pueblo\/#primaryimage\",\"url\":\"https:\/\/www.nexoinformativo.mx\/wp-content\/uploads\/2024\/10\/IMG_6658.jpg\",\"contentUrl\":\"https:\/\/www.nexoinformativo.mx\/wp-content\/uploads\/2024\/10\/IMG_6658.jpg\",\"width\":502,\"height\":380},{\"@type\":\"BreadcrumbList\",\"@id\":\"https:\/\/www.nexoinformativo.mx\/index.php\/2024\/10\/04\/en-que-consisten-las-nuevas-conferencias-sheinbaum-estrena-la-mananera-del-pueblo\/#breadcrumb\",\"itemListElement\":[{\"@type\":\"ListItem\",\"position\":1,\"name\":\"Inicio\",\"item\":\"https:\/\/www.nexoinformativo.mx\/\"},{\"@type\":\"ListItem\",\"position\":2,\"name\":\"En qu\u00e9 consisten las nuevas conferencias, Sheinbaum estrena &#8220;La Ma\u00f1anera del Pueblo&#8221;\"}]},{\"@type\":\"WebSite\",\"@id\":\"https:\/\/www.nexoinformativo.mx\/#website\",\"url\":\"https:\/\/www.nexoinformativo.mx\/\",\"name\":\"Nexo Informativo Santiago de Quer\u00e9taro\",\"description\":\"Explora NexoInformativo y convi\u00e9rtete en parte de una comunidad que valora el conocimiento y la verdad. Tu nexoinformativo es tu puente hacia una comprensi\u00f3n m\u00e1s profunda del mundo que te rodea.\",\"publisher\":{\"@id\":\"https:\/\/www.nexoinformativo.mx\/#organization\"},\"potentialAction\":[{\"@type\":\"SearchAction\",\"target\":{\"@type\":\"EntryPoint\",\"urlTemplate\":\"https:\/\/www.nexoinformativo.mx\/?s={search_term_string}\"},\"query-input\":{\"@type\":\"PropertyValueSpecification\",\"valueRequired\":true,\"valueName\":\"search_term_string\"}}],\"inLanguage\":\"es\"},{\"@type\":\"Organization\",\"@id\":\"https:\/\/www.nexoinformativo.mx\/#organization\",\"name\":\"Nexo Informativo Santiago de Quer\u00e9taro\",\"url\":\"https:\/\/www.nexoinformativo.mx\/\",\"logo\":{\"@type\":\"ImageObject\",\"inLanguage\":\"es\",\"@id\":\"https:\/\/www.nexoinformativo.mx\/#\/schema\/logo\/image\/\",\"url\":\"https:\/\/www.nexoinformativo.mx\/wp-content\/uploads\/2024\/07\/nexoi-trasparente-2.png\",\"contentUrl\":\"https:\/\/www.nexoinformativo.mx\/wp-content\/uploads\/2024\/07\/nexoi-trasparente-2.png\",\"width\":816,\"height\":339,\"caption\":\"Nexo Informativo Santiago de Quer\u00e9taro\"},\"image\":{\"@id\":\"https:\/\/www.nexoinformativo.mx\/#\/schema\/logo\/image\/\"},\"sameAs\":[\"https:\/\/www.facebook.com\/people\/Nexo-Informativo\/61564066885511\/\"]},{\"@type\":\"Person\",\"@id\":\"https:\/\/www.nexoinformativo.mx\/#\/schema\/person\/7749d380ba08c8ca00d7bc76fd907b7d\",\"name\":\"Nexo Informativo\",\"image\":{\"@type\":\"ImageObject\",\"inLanguage\":\"es\",\"@id\":\"https:\/\/www.nexoinformativo.mx\/#\/schema\/person\/image\/\",\"url\":\"https:\/\/secure.gravatar.com\/avatar\/dde2928154642a13d95f87ddf1ea9718fe2b46760a005c53e41ff5ad610704e6?s=96&d=mm&r=g\",\"contentUrl\":\"https:\/\/secure.gravatar.com\/avatar\/dde2928154642a13d95f87ddf1ea9718fe2b46760a005c53e41ff5ad610704e6?s=96&d=mm&r=g\",\"caption\":\"Nexo Informativo\"},\"url\":\"https:\/\/www.nexoinformativo.mx\/index.php\/author\/edicion\/\"}]}<\/script>\n<!-- \/ Yoast SEO plugin. -->","yoast_head_json":{"title":"En qu\u00e9 consisten las nuevas conferencias, Sheinbaum estrena \"La Ma\u00f1anera del Pueblo\" | Nexo Informativo Santiago de Quer\u00e9taro","description":"En qu\u00e9 consisten las nuevas conferencias, Sheinbaum estrena \"La Ma\u00f1anera del Pueblo\"","robots":{"index":"index","follow":"follow","max-snippet":"max-snippet:-1","max-image-preview":"max-image-preview:large","max-video-preview":"max-video-preview:-1"},"canonical":"https:\/\/www.nexoinformativo.mx\/index.php\/2024\/10\/04\/en-que-consisten-las-nuevas-conferencias-sheinbaum-estrena-la-mananera-del-pueblo\/","og_locale":"es_MX","og_type":"article","og_title":"En qu\u00e9 consisten las nuevas conferencias, Sheinbaum estrena \"La Ma\u00f1anera del Pueblo\" | Nexo Informativo Santiago de Quer\u00e9taro","og_description":"En qu\u00e9 consisten las nuevas conferencias, Sheinbaum estrena \"La Ma\u00f1anera del Pueblo\"","og_url":"https:\/\/www.nexoinformativo.mx\/index.php\/2024\/10\/04\/en-que-consisten-las-nuevas-conferencias-sheinbaum-estrena-la-mananera-del-pueblo\/","og_site_name":"Nexo Informativo Santiago de Quer\u00e9taro","article_publisher":"https:\/\/www.facebook.com\/people\/Nexo-Informativo\/61564066885511\/","article_published_time":"2024-10-04T19:00:52+00:00","article_modified_time":"2024-10-05T02:10:45+00:00","og_image":[{"width":502,"height":380,"url":"https:\/\/www.nexoinformativo.mx\/wp-content\/uploads\/2024\/10\/IMG_6658.jpg","type":"image\/jpeg"}],"author":"Nexo Informativo","twitter_card":"summary_large_image","twitter_misc":{"Escrito por":"Nexo Informativo","Tiempo de lectura":"2 minutos"},"schema":{"@context":"https:\/\/schema.org","@graph":[{"@type":"Article","@id":"https:\/\/www.nexoinformativo.mx\/index.php\/2024\/10\/04\/en-que-consisten-las-nuevas-conferencias-sheinbaum-estrena-la-mananera-del-pueblo\/#article","isPartOf":{"@id":"https:\/\/www.nexoinformativo.mx\/index.php\/2024\/10\/04\/en-que-consisten-las-nuevas-conferencias-sheinbaum-estrena-la-mananera-del-pueblo\/"},"author":{"name":"Nexo Informativo","@id":"https:\/\/www.nexoinformativo.mx\/#\/schema\/person\/7749d380ba08c8ca00d7bc76fd907b7d"},"headline":"En qu\u00e9 consisten las nuevas conferencias, Sheinbaum estrena &#8220;La Ma\u00f1anera del Pueblo&#8221;","datePublished":"2024-10-04T19:00:52+00:00","dateModified":"2024-10-05T02:10:45+00:00","mainEntityOfPage":{"@id":"https:\/\/www.nexoinformativo.mx\/index.php\/2024\/10\/04\/en-que-consisten-las-nuevas-conferencias-sheinbaum-estrena-la-mananera-del-pueblo\/"},"wordCount":273,"commentCount":0,"publisher":{"@id":"https:\/\/www.nexoinformativo.mx\/#organization"},"image":{"@id":"https:\/\/www.nexoinformativo.mx\/index.php\/2024\/10\/04\/en-que-consisten-las-nuevas-conferencias-sheinbaum-estrena-la-mananera-del-pueblo\/#primaryimage"},"thumbnailUrl":"https:\/\/www.nexoinformativo.mx\/wp-content\/uploads\/2024\/10\/IMG_6658.jpg","keywords":["ClaudiaSheinbaum","Ma\u00f1aneraDelPueblo","MemoriaHist\u00f3rica","NuevaPol\u00edtica"],"articleSection":["Nacional","\u00daltima Hora"],"inLanguage":"es","potentialAction":[{"@type":"CommentAction","name":"Comment","target":["https:\/\/www.nexoinformativo.mx\/index.php\/2024\/10\/04\/en-que-consisten-las-nuevas-conferencias-sheinbaum-estrena-la-mananera-del-pueblo\/#respond"]}]},{"@type":"WebPage","@id":"https:\/\/www.nexoinformativo.mx\/index.php\/2024\/10\/04\/en-que-consisten-las-nuevas-conferencias-sheinbaum-estrena-la-mananera-del-pueblo\/","url":"https:\/\/www.nexoinformativo.mx\/index.php\/2024\/10\/04\/en-que-consisten-las-nuevas-conferencias-sheinbaum-estrena-la-mananera-del-pueblo\/","name":"En qu\u00e9 consisten las nuevas conferencias, Sheinbaum estrena \"La Ma\u00f1anera del Pueblo\" | Nexo Informativo Santiago de Quer\u00e9taro","isPartOf":{"@id":"https:\/\/www.nexoinformativo.mx\/#website"},"primaryImageOfPage":{"@id":"https:\/\/www.nexoinformativo.mx\/index.php\/2024\/10\/04\/en-que-consisten-las-nuevas-conferencias-sheinbaum-estrena-la-mananera-del-pueblo\/#primaryimage"},"image":{"@id":"https:\/\/www.nexoinformativo.mx\/index.php\/2024\/10\/04\/en-que-consisten-las-nuevas-conferencias-sheinbaum-estrena-la-mananera-del-pueblo\/#primaryimage"},"thumbnailUrl":"https:\/\/www.nexoinformativo.mx\/wp-content\/uploads\/2024\/10\/IMG_6658.jpg","datePublished":"2024-10-04T19:00:52+00:00","dateModified":"2024-10-05T02:10:45+00:00","description":"En qu\u00e9 consisten las nuevas conferencias, Sheinbaum estrena \"La Ma\u00f1anera del Pueblo\"","breadcrumb":{"@id":"https:\/\/www.nexoinformativo.mx\/index.php\/2024\/10\/04\/en-que-consisten-las-nuevas-conferencias-sheinbaum-estrena-la-mananera-del-pueblo\/#breadcrumb"},"inLanguage":"es","potentialAction":[{"@type":"ReadAction","target":["https:\/\/www.nexoinformativo.mx\/index.php\/2024\/10\/04\/en-que-consisten-las-nuevas-conferencias-sheinbaum-estrena-la-mananera-del-pueblo\/"]}]},{"@type":"ImageObject","inLanguage":"es","@id":"https:\/\/www.nexoinformativo.mx\/index.php\/2024\/10\/04\/en-que-consisten-las-nuevas-conferencias-sheinbaum-estrena-la-mananera-del-pueblo\/#primaryimage","url":"https:\/\/www.nexoinformativo.mx\/wp-content\/uploads\/2024\/10\/IMG_6658.jpg","contentUrl":"https:\/\/www.nexoinformativo.mx\/wp-content\/uploads\/2024\/10\/IMG_6658.jpg","width":502,"height":380},{"@type":"BreadcrumbList","@id":"https:\/\/www.nexoinformativo.mx\/index.php\/2024\/10\/04\/en-que-consisten-las-nuevas-conferencias-sheinbaum-estrena-la-mananera-del-pueblo\/#breadcrumb","itemListElement":[{"@type":"ListItem","position":1,"name":"Inicio","item":"https:\/\/www.nexoinformativo.mx\/"},{"@type":"ListItem","position":2,"name":"En qu\u00e9 consisten las nuevas conferencias, Sheinbaum estrena &#8220;La Ma\u00f1anera del Pueblo&#8221;"}]},{"@type":"WebSite","@id":"https:\/\/www.nexoinformativo.mx\/#website","url":"https:\/\/www.nexoinformativo.mx\/","name":"Nexo Informativo Santiago de Quer\u00e9taro","description":"Explora NexoInformativo y convi\u00e9rtete en parte de una comunidad que valora el conocimiento y la verdad. Tu nexoinformativo es tu puente hacia una comprensi\u00f3n m\u00e1s profunda del mundo que te rodea.","publisher":{"@id":"https:\/\/www.nexoinformativo.mx\/#organization"},"potentialAction":[{"@type":"SearchAction","target":{"@type":"EntryPoint","urlTemplate":"https:\/\/www.nexoinformativo.mx\/?s={search_term_string}"},"query-input":{"@type":"PropertyValueSpecification","valueRequired":true,"valueName":"search_term_string"}}],"inLanguage":"es"},{"@type":"Organization","@id":"https:\/\/www.nexoinformativo.mx\/#organization","name":"Nexo Informativo Santiago de Quer\u00e9taro","url":"https:\/\/www.nexoinformativo.mx\/","logo":{"@type":"ImageObject","inLanguage":"es","@id":"https:\/\/www.nexoinformativo.mx\/#\/schema\/logo\/image\/","url":"https:\/\/www.nexoinformativo.mx\/wp-content\/uploads\/2024\/07\/nexoi-trasparente-2.png","contentUrl":"https:\/\/www.nexoinformativo.mx\/wp-content\/uploads\/2024\/07\/nexoi-trasparente-2.png","width":816,"height":339,"caption":"Nexo Informativo Santiago de Quer\u00e9taro"},"image":{"@id":"https:\/\/www.nexoinformativo.mx\/#\/schema\/logo\/image\/"},"sameAs":["https:\/\/www.facebook.com\/people\/Nexo-Informativo\/61564066885511\/"]},{"@type":"Person","@id":"https:\/\/www.nexoinformativo.mx\/#\/schema\/person\/7749d380ba08c8ca00d7bc76fd907b7d","name":"Nexo Informativo","image":{"@type":"ImageObject","inLanguage":"es","@id":"https:\/\/www.nexoinformativo.mx\/#\/schema\/person\/image\/","url":"https:\/\/secure.gravatar.com\/avatar\/dde2928154642a13d95f87ddf1ea9718fe2b46760a005c53e41ff5ad610704e6?s=96&d=mm&r=g","contentUrl":"https:\/\/secure.gravatar.com\/avatar\/dde2928154642a13d95f87ddf1ea9718fe2b46760a005c53e41ff5ad610704e6?s=96&d=mm&r=g","caption":"Nexo Informativo"},"url":"https:\/\/www.nexoinformativo.mx\/index.php\/author\/edicion\/"}]}},"_links":{"self":[{"href":"https:\/\/www.nexoinformativo.mx\/index.php\/wp-json\/wp\/v2\/posts\/2694","targetHints":{"allow":["GET"]}}],"collection":[{"href":"https:\/\/www.nexoinformativo.mx\/index.php\/wp-json\/wp\/v2\/posts"}],"about":[{"href":"https:\/\/www.nexoinformativo.mx\/index.php\/wp-json\/wp\/v2\/types\/post"}],"author":[{"embeddable":true,"href":"https:\/\/www.nexoinformativo.mx\/index.php\/wp-json\/wp\/v2\/users\/3"}],"replies":[{"embeddable":true,"href":"https:\/\/www.nexoinformativo.mx\/index.php\/wp-json\/wp\/v2\/comments?post=2694"}],"version-history":[{"count":5,"href":"https:\/\/www.nexoinformativo.mx\/index.php\/wp-json\/wp\/v2\/posts\/2694\/revisions"}],"predecessor-version":[{"id":2704,"href":"https:\/\/www.nexoinformativo.mx\/index.php\/wp-json\/wp\/v2\/posts\/2694\/revisions\/2704"}],"wp:featuredmedia":[{"embeddable":true,"href":"https:\/\/www.nexoinformativo.mx\/index.php\/wp-json\/wp\/v2\/media\/2697"}],"wp:attachment":[{"href":"https:\/\/www.nexoinformativo.mx\/index.php\/wp-json\/wp\/v2\/media?parent=2694"}],"wp:term":[{"taxonomy":"category","embeddable":true,"href":"https:\/\/www.nexoinformativo.mx\/index.php\/wp-json\/wp\/v2\/categories?post=2694"},{"taxonomy":"post_tag","embeddable":true,"href":"https:\/\/www.nexoinformativo.mx\/index.php\/wp-json\/wp\/v2\/tags?post=2694"}],"curies":[{"name":"wp","href":"https:\/\/api.w.org\/{rel}","templated":true}]}}