{"id":2734,"date":"2024-10-06T07:00:44","date_gmt":"2024-10-06T13:00:44","guid":{"rendered":"https:\/\/www.nexoinformativo.mx\/?p=2734"},"modified":"2024-10-06T19:08:54","modified_gmt":"2024-10-07T01:08:54","slug":"fallece-ifigenia-martinez-historica-lider-de-la-izquierda-mexicana","status":"publish","type":"post","link":"https:\/\/www.nexoinformativo.mx\/index.php\/2024\/10\/06\/fallece-ifigenia-martinez-historica-lider-de-la-izquierda-mexicana\/","title":{"rendered":"Fallece Ifigenia Mart\u00ednez, hist\u00f3rica l\u00edder de la izquierda mexicana"},"content":{"rendered":"<p style=\"text-align: justify;\">Este s\u00e1bado, la pol\u00edtica y economista Ifigenia Mart\u00ednez, una de las principales figuras de la izquierda mexicana, falleci\u00f3 a los 93 a\u00f1os, seg\u00fan confirm\u00f3 la presidenta de M\u00e9xico, Claudia Sheinbaum, a trav\u00e9s de redes sociales. Mart\u00ednez fue la encargada de colocar la banda presidencial a Sheinbaum el 1 de octubre, en la toma de protesta de la nueva mandataria. A pesar de su delicado estado de salud, acudi\u00f3 al Palacio Legislativo, dejando claro su compromiso con la democracia.<\/p>\n<p>&nbsp;<\/p>\n<p style=\"text-align: justify;\">Ifigenia Mart\u00ednez no solo fue la primera mexicana en obtener una maestr\u00eda en Econom\u00eda por la Universidad de Harvard. Fue cofundadora del <strong>Partido de la Revoluci\u00f3n Democr\u00e1tica (PRD)<\/strong> y tuvo un papel crucial en el movimiento estudiantil de 1968. Su trayectoria incluy\u00f3 importantes cargos en la administraci\u00f3n p\u00fablica y el Senado de M\u00e9xico, abogando por los derechos de las mujeres.<\/p>\n<p>&nbsp;<\/p>\n<p style=\"text-align: justify;\">En su mensaje de despedida, Sheinbaum destac\u00f3: <strong>&#8220;El 2 de junio vot\u00e9 por Ifigenia Mart\u00ednez, una mujer consecuente y de convicciones. Hoy nos dej\u00f3. Hasta siempre, querida maestra Ifigenia&#8221;<\/strong>. La partida de Mart\u00ednez deja un profundo vac\u00edo en la pol\u00edtica mexicana, especialmente en la izquierda.<\/p>\n<p>&nbsp;<\/p>\n<p style=\"text-align: justify;\"><strong>Trayectoria de una pionera<\/strong><\/p>\n<p style=\"text-align: justify;\">Nacida en el entonces Distrito Federal, fue una de las primeras mujeres en estudiar y especializarse en desarrollo econ\u00f3mico en M\u00e9xico. Fue directora de la Facultad de Econom\u00eda de la <strong>UNAM<\/strong> y embajadora de M\u00e9xico ante la ONU.<\/p>\n<p>&nbsp;<\/p>\n<p style=\"text-align: justify;\">Su carrera pol\u00edtica comenz\u00f3 en el PRI, pero tras la represi\u00f3n estudiantil de 1968, siendo una de las voces m\u00e1s influyentes en la creaci\u00f3n del PRD junto a Cuauht\u00e9moc C\u00e1rdenas. En 2018, se uni\u00f3 a las filas de Morena, siguiendo a AMLO en su proyecto de transformaci\u00f3n del pa\u00eds.<\/p>\n<p>&nbsp;<\/p>\n<p style=\"text-align: justify;\">Su prol\u00edfica trayectoria fue reconocida en 2021, cuando el Senado le otorg\u00f3 la <strong>presea Belisario Dom\u00ednguez<\/strong>, el mayor reconocimiento que se concede en la C\u00e1mara Alta a quienes han realizado aportes destacados a M\u00e9xico.<\/p>\n<p>&nbsp;<\/p>\n<p>&nbsp;<\/p>\n<p style=\"text-align: center;\"><em><strong>\u00a1Informaci\u00f3n que transforma!<\/strong><\/em><\/p>\n","protected":false},"excerpt":{"rendered":"<p>Este s\u00e1bado, la pol\u00edtica y economista Ifigenia Mart\u00ednez, una de las principales figuras de la izquierda mexicana, falleci\u00f3 a los 93 a\u00f1os, seg\u00fan confirm\u00f3 la presidenta de M\u00e9xico, Claudia Sheinbaum, a trav\u00e9s de redes sociales.<\/p>\n","protected":false},"author":3,"featured_media":2735,"comment_status":"open","ping_status":"open","sticky":false,"template":"","format":"standard","meta":{"footnotes":""},"categories":[88,21,58],"tags":[1121,1118,1120,1119],"class_list":["post-2734","post","type-post","status-publish","format-standard","has-post-thumbnail","hentry","category-nacional","category-politica","category-ultima-hora","tag-heroesdemexico","tag-ifigeniamartinez","tag-legadopolitico","tag-liderdeizquierda"],"yoast_head":"<!-- This site is optimized with the Yoast SEO plugin v25.0 - https:\/\/yoast.com\/wordpress\/plugins\/seo\/ -->\n<title>Fallece Ifigenia Mart\u00ednez, hist\u00f3rica l\u00edder de la izquierda mexicana | Nexo Informativo Santiago de Quer\u00e9taro<\/title>\n<meta name=\"description\" content=\"Fallece Ifigenia Mart\u00ednez, hist\u00f3rica l\u00edder de la izquierda mexicana\" \/>\n<meta name=\"robots\" content=\"index, follow, max-snippet:-1, max-image-preview:large, max-video-preview:-1\" \/>\n<link rel=\"canonical\" href=\"https:\/\/www.nexoinformativo.mx\/index.php\/2024\/10\/06\/fallece-ifigenia-martinez-historica-lider-de-la-izquierda-mexicana\/\" \/>\n<meta property=\"og:locale\" content=\"es_MX\" \/>\n<meta property=\"og:type\" content=\"article\" \/>\n<meta property=\"og:title\" content=\"Fallece Ifigenia Mart\u00ednez, hist\u00f3rica l\u00edder de la izquierda mexicana | Nexo Informativo Santiago de Quer\u00e9taro\" \/>\n<meta property=\"og:description\" content=\"Fallece Ifigenia Mart\u00ednez, hist\u00f3rica l\u00edder de la izquierda mexicana\" \/>\n<meta property=\"og:url\" content=\"https:\/\/www.nexoinformativo.mx\/index.php\/2024\/10\/06\/fallece-ifigenia-martinez-historica-lider-de-la-izquierda-mexicana\/\" \/>\n<meta property=\"og:site_name\" content=\"Nexo Informativo Santiago de Quer\u00e9taro\" \/>\n<meta property=\"article:publisher\" content=\"https:\/\/www.facebook.com\/people\/Nexo-Informativo\/61564066885511\/\" \/>\n<meta property=\"article:published_time\" content=\"2024-10-06T13:00:44+00:00\" \/>\n<meta property=\"article:modified_time\" content=\"2024-10-07T01:08:54+00:00\" \/>\n<meta property=\"og:image\" content=\"https:\/\/www.nexoinformativo.mx\/wp-content\/uploads\/2024\/10\/IMG_6709-e1728235284804.jpg\" \/>\n\t<meta property=\"og:image:width\" content=\"800\" \/>\n\t<meta property=\"og:image:height\" content=\"400\" \/>\n\t<meta property=\"og:image:type\" content=\"image\/jpeg\" \/>\n<meta name=\"author\" content=\"Nexo Informativo\" \/>\n<meta name=\"twitter:card\" content=\"summary_large_image\" \/>\n<meta name=\"twitter:label1\" content=\"Escrito por\" \/>\n\t<meta name=\"twitter:data1\" content=\"Nexo Informativo\" \/>\n\t<meta name=\"twitter:label2\" content=\"Tiempo de lectura\" \/>\n\t<meta name=\"twitter:data2\" content=\"2 minutos\" \/>\n<script type=\"application\/ld+json\" class=\"yoast-schema-graph\">{\"@context\":\"https:\/\/schema.org\",\"@graph\":[{\"@type\":\"Article\",\"@id\":\"https:\/\/www.nexoinformativo.mx\/index.php\/2024\/10\/06\/fallece-ifigenia-martinez-historica-lider-de-la-izquierda-mexicana\/#article\",\"isPartOf\":{\"@id\":\"https:\/\/www.nexoinformativo.mx\/index.php\/2024\/10\/06\/fallece-ifigenia-martinez-historica-lider-de-la-izquierda-mexicana\/\"},\"author\":{\"name\":\"Nexo Informativo\",\"@id\":\"https:\/\/www.nexoinformativo.mx\/#\/schema\/person\/7749d380ba08c8ca00d7bc76fd907b7d\"},\"headline\":\"Fallece Ifigenia Mart\u00ednez, hist\u00f3rica l\u00edder de la izquierda mexicana\",\"datePublished\":\"2024-10-06T13:00:44+00:00\",\"dateModified\":\"2024-10-07T01:08:54+00:00\",\"mainEntityOfPage\":{\"@id\":\"https:\/\/www.nexoinformativo.mx\/index.php\/2024\/10\/06\/fallece-ifigenia-martinez-historica-lider-de-la-izquierda-mexicana\/\"},\"wordCount\":360,\"commentCount\":0,\"publisher\":{\"@id\":\"https:\/\/www.nexoinformativo.mx\/#organization\"},\"image\":{\"@id\":\"https:\/\/www.nexoinformativo.mx\/index.php\/2024\/10\/06\/fallece-ifigenia-martinez-historica-lider-de-la-izquierda-mexicana\/#primaryimage\"},\"thumbnailUrl\":\"https:\/\/www.nexoinformativo.mx\/wp-content\/uploads\/2024\/10\/IMG_6709-e1728235284804.jpg\",\"keywords\":[\"H\u00e9roesDeM\u00e9xico\",\"IfigeniaMart\u00ednez\",\"LegadoPol\u00edtico\",\"LiderDeIzquierda\"],\"articleSection\":[\"Nacional\",\"Pol\u00edtica\",\"\u00daltima Hora\"],\"inLanguage\":\"es\",\"potentialAction\":[{\"@type\":\"CommentAction\",\"name\":\"Comment\",\"target\":[\"https:\/\/www.nexoinformativo.mx\/index.php\/2024\/10\/06\/fallece-ifigenia-martinez-historica-lider-de-la-izquierda-mexicana\/#respond\"]}]},{\"@type\":\"WebPage\",\"@id\":\"https:\/\/www.nexoinformativo.mx\/index.php\/2024\/10\/06\/fallece-ifigenia-martinez-historica-lider-de-la-izquierda-mexicana\/\",\"url\":\"https:\/\/www.nexoinformativo.mx\/index.php\/2024\/10\/06\/fallece-ifigenia-martinez-historica-lider-de-la-izquierda-mexicana\/\",\"name\":\"Fallece Ifigenia Mart\u00ednez, hist\u00f3rica l\u00edder de la izquierda mexicana | Nexo Informativo Santiago de Quer\u00e9taro\",\"isPartOf\":{\"@id\":\"https:\/\/www.nexoinformativo.mx\/#website\"},\"primaryImageOfPage\":{\"@id\":\"https:\/\/www.nexoinformativo.mx\/index.php\/2024\/10\/06\/fallece-ifigenia-martinez-historica-lider-de-la-izquierda-mexicana\/#primaryimage\"},\"image\":{\"@id\":\"https:\/\/www.nexoinformativo.mx\/index.php\/2024\/10\/06\/fallece-ifigenia-martinez-historica-lider-de-la-izquierda-mexicana\/#primaryimage\"},\"thumbnailUrl\":\"https:\/\/www.nexoinformativo.mx\/wp-content\/uploads\/2024\/10\/IMG_6709-e1728235284804.jpg\",\"datePublished\":\"2024-10-06T13:00:44+00:00\",\"dateModified\":\"2024-10-07T01:08:54+00:00\",\"description\":\"Fallece Ifigenia Mart\u00ednez, hist\u00f3rica l\u00edder de la izquierda mexicana\",\"breadcrumb\":{\"@id\":\"https:\/\/www.nexoinformativo.mx\/index.php\/2024\/10\/06\/fallece-ifigenia-martinez-historica-lider-de-la-izquierda-mexicana\/#breadcrumb\"},\"inLanguage\":\"es\",\"potentialAction\":[{\"@type\":\"ReadAction\",\"target\":[\"https:\/\/www.nexoinformativo.mx\/index.php\/2024\/10\/06\/fallece-ifigenia-martinez-historica-lider-de-la-izquierda-mexicana\/\"]}]},{\"@type\":\"ImageObject\",\"inLanguage\":\"es\",\"@id\":\"https:\/\/www.nexoinformativo.mx\/index.php\/2024\/10\/06\/fallece-ifigenia-martinez-historica-lider-de-la-izquierda-mexicana\/#primaryimage\",\"url\":\"https:\/\/www.nexoinformativo.mx\/wp-content\/uploads\/2024\/10\/IMG_6709-e1728235284804.jpg\",\"contentUrl\":\"https:\/\/www.nexoinformativo.mx\/wp-content\/uploads\/2024\/10\/IMG_6709-e1728235284804.jpg\",\"width\":800,\"height\":400},{\"@type\":\"BreadcrumbList\",\"@id\":\"https:\/\/www.nexoinformativo.mx\/index.php\/2024\/10\/06\/fallece-ifigenia-martinez-historica-lider-de-la-izquierda-mexicana\/#breadcrumb\",\"itemListElement\":[{\"@type\":\"ListItem\",\"position\":1,\"name\":\"Inicio\",\"item\":\"https:\/\/www.nexoinformativo.mx\/\"},{\"@type\":\"ListItem\",\"position\":2,\"name\":\"Fallece Ifigenia Mart\u00ednez, hist\u00f3rica l\u00edder de la izquierda mexicana\"}]},{\"@type\":\"WebSite\",\"@id\":\"https:\/\/www.nexoinformativo.mx\/#website\",\"url\":\"https:\/\/www.nexoinformativo.mx\/\",\"name\":\"Nexo Informativo Santiago de Quer\u00e9taro\",\"description\":\"Explora NexoInformativo y convi\u00e9rtete en parte de una comunidad que valora el conocimiento y la verdad. Tu nexoinformativo es tu puente hacia una comprensi\u00f3n m\u00e1s profunda del mundo que te rodea.\",\"publisher\":{\"@id\":\"https:\/\/www.nexoinformativo.mx\/#organization\"},\"potentialAction\":[{\"@type\":\"SearchAction\",\"target\":{\"@type\":\"EntryPoint\",\"urlTemplate\":\"https:\/\/www.nexoinformativo.mx\/?s={search_term_string}\"},\"query-input\":{\"@type\":\"PropertyValueSpecification\",\"valueRequired\":true,\"valueName\":\"search_term_string\"}}],\"inLanguage\":\"es\"},{\"@type\":\"Organization\",\"@id\":\"https:\/\/www.nexoinformativo.mx\/#organization\",\"name\":\"Nexo Informativo Santiago de Quer\u00e9taro\",\"url\":\"https:\/\/www.nexoinformativo.mx\/\",\"logo\":{\"@type\":\"ImageObject\",\"inLanguage\":\"es\",\"@id\":\"https:\/\/www.nexoinformativo.mx\/#\/schema\/logo\/image\/\",\"url\":\"https:\/\/www.nexoinformativo.mx\/wp-content\/uploads\/2024\/07\/nexoi-trasparente-2.png\",\"contentUrl\":\"https:\/\/www.nexoinformativo.mx\/wp-content\/uploads\/2024\/07\/nexoi-trasparente-2.png\",\"width\":816,\"height\":339,\"caption\":\"Nexo Informativo Santiago de Quer\u00e9taro\"},\"image\":{\"@id\":\"https:\/\/www.nexoinformativo.mx\/#\/schema\/logo\/image\/\"},\"sameAs\":[\"https:\/\/www.facebook.com\/people\/Nexo-Informativo\/61564066885511\/\"]},{\"@type\":\"Person\",\"@id\":\"https:\/\/www.nexoinformativo.mx\/#\/schema\/person\/7749d380ba08c8ca00d7bc76fd907b7d\",\"name\":\"Nexo Informativo\",\"image\":{\"@type\":\"ImageObject\",\"inLanguage\":\"es\",\"@id\":\"https:\/\/www.nexoinformativo.mx\/#\/schema\/person\/image\/\",\"url\":\"https:\/\/secure.gravatar.com\/avatar\/dde2928154642a13d95f87ddf1ea9718fe2b46760a005c53e41ff5ad610704e6?s=96&d=mm&r=g\",\"contentUrl\":\"https:\/\/secure.gravatar.com\/avatar\/dde2928154642a13d95f87ddf1ea9718fe2b46760a005c53e41ff5ad610704e6?s=96&d=mm&r=g\",\"caption\":\"Nexo Informativo\"},\"url\":\"https:\/\/www.nexoinformativo.mx\/index.php\/author\/edicion\/\"}]}<\/script>\n<!-- \/ Yoast SEO plugin. -->","yoast_head_json":{"title":"Fallece Ifigenia Mart\u00ednez, hist\u00f3rica l\u00edder de la izquierda mexicana | Nexo Informativo Santiago de Quer\u00e9taro","description":"Fallece Ifigenia Mart\u00ednez, hist\u00f3rica l\u00edder de la izquierda mexicana","robots":{"index":"index","follow":"follow","max-snippet":"max-snippet:-1","max-image-preview":"max-image-preview:large","max-video-preview":"max-video-preview:-1"},"canonical":"https:\/\/www.nexoinformativo.mx\/index.php\/2024\/10\/06\/fallece-ifigenia-martinez-historica-lider-de-la-izquierda-mexicana\/","og_locale":"es_MX","og_type":"article","og_title":"Fallece Ifigenia Mart\u00ednez, hist\u00f3rica l\u00edder de la izquierda mexicana | Nexo Informativo Santiago de Quer\u00e9taro","og_description":"Fallece Ifigenia Mart\u00ednez, hist\u00f3rica l\u00edder de la izquierda mexicana","og_url":"https:\/\/www.nexoinformativo.mx\/index.php\/2024\/10\/06\/fallece-ifigenia-martinez-historica-lider-de-la-izquierda-mexicana\/","og_site_name":"Nexo Informativo Santiago de Quer\u00e9taro","article_publisher":"https:\/\/www.facebook.com\/people\/Nexo-Informativo\/61564066885511\/","article_published_time":"2024-10-06T13:00:44+00:00","article_modified_time":"2024-10-07T01:08:54+00:00","og_image":[{"width":800,"height":400,"url":"https:\/\/www.nexoinformativo.mx\/wp-content\/uploads\/2024\/10\/IMG_6709-e1728235284804.jpg","type":"image\/jpeg"}],"author":"Nexo Informativo","twitter_card":"summary_large_image","twitter_misc":{"Escrito por":"Nexo Informativo","Tiempo de lectura":"2 minutos"},"schema":{"@context":"https:\/\/schema.org","@graph":[{"@type":"Article","@id":"https:\/\/www.nexoinformativo.mx\/index.php\/2024\/10\/06\/fallece-ifigenia-martinez-historica-lider-de-la-izquierda-mexicana\/#article","isPartOf":{"@id":"https:\/\/www.nexoinformativo.mx\/index.php\/2024\/10\/06\/fallece-ifigenia-martinez-historica-lider-de-la-izquierda-mexicana\/"},"author":{"name":"Nexo Informativo","@id":"https:\/\/www.nexoinformativo.mx\/#\/schema\/person\/7749d380ba08c8ca00d7bc76fd907b7d"},"headline":"Fallece Ifigenia Mart\u00ednez, hist\u00f3rica l\u00edder de la izquierda mexicana","datePublished":"2024-10-06T13:00:44+00:00","dateModified":"2024-10-07T01:08:54+00:00","mainEntityOfPage":{"@id":"https:\/\/www.nexoinformativo.mx\/index.php\/2024\/10\/06\/fallece-ifigenia-martinez-historica-lider-de-la-izquierda-mexicana\/"},"wordCount":360,"commentCount":0,"publisher":{"@id":"https:\/\/www.nexoinformativo.mx\/#organization"},"image":{"@id":"https:\/\/www.nexoinformativo.mx\/index.php\/2024\/10\/06\/fallece-ifigenia-martinez-historica-lider-de-la-izquierda-mexicana\/#primaryimage"},"thumbnailUrl":"https:\/\/www.nexoinformativo.mx\/wp-content\/uploads\/2024\/10\/IMG_6709-e1728235284804.jpg","keywords":["H\u00e9roesDeM\u00e9xico","IfigeniaMart\u00ednez","LegadoPol\u00edtico","LiderDeIzquierda"],"articleSection":["Nacional","Pol\u00edtica","\u00daltima Hora"],"inLanguage":"es","potentialAction":[{"@type":"CommentAction","name":"Comment","target":["https:\/\/www.nexoinformativo.mx\/index.php\/2024\/10\/06\/fallece-ifigenia-martinez-historica-lider-de-la-izquierda-mexicana\/#respond"]}]},{"@type":"WebPage","@id":"https:\/\/www.nexoinformativo.mx\/index.php\/2024\/10\/06\/fallece-ifigenia-martinez-historica-lider-de-la-izquierda-mexicana\/","url":"https:\/\/www.nexoinformativo.mx\/index.php\/2024\/10\/06\/fallece-ifigenia-martinez-historica-lider-de-la-izquierda-mexicana\/","name":"Fallece Ifigenia Mart\u00ednez, hist\u00f3rica l\u00edder de la izquierda mexicana | Nexo Informativo Santiago de Quer\u00e9taro","isPartOf":{"@id":"https:\/\/www.nexoinformativo.mx\/#website"},"primaryImageOfPage":{"@id":"https:\/\/www.nexoinformativo.mx\/index.php\/2024\/10\/06\/fallece-ifigenia-martinez-historica-lider-de-la-izquierda-mexicana\/#primaryimage"},"image":{"@id":"https:\/\/www.nexoinformativo.mx\/index.php\/2024\/10\/06\/fallece-ifigenia-martinez-historica-lider-de-la-izquierda-mexicana\/#primaryimage"},"thumbnailUrl":"https:\/\/www.nexoinformativo.mx\/wp-content\/uploads\/2024\/10\/IMG_6709-e1728235284804.jpg","datePublished":"2024-10-06T13:00:44+00:00","dateModified":"2024-10-07T01:08:54+00:00","description":"Fallece Ifigenia Mart\u00ednez, hist\u00f3rica l\u00edder de la izquierda mexicana","breadcrumb":{"@id":"https:\/\/www.nexoinformativo.mx\/index.php\/2024\/10\/06\/fallece-ifigenia-martinez-historica-lider-de-la-izquierda-mexicana\/#breadcrumb"},"inLanguage":"es","potentialAction":[{"@type":"ReadAction","target":["https:\/\/www.nexoinformativo.mx\/index.php\/2024\/10\/06\/fallece-ifigenia-martinez-historica-lider-de-la-izquierda-mexicana\/"]}]},{"@type":"ImageObject","inLanguage":"es","@id":"https:\/\/www.nexoinformativo.mx\/index.php\/2024\/10\/06\/fallece-ifigenia-martinez-historica-lider-de-la-izquierda-mexicana\/#primaryimage","url":"https:\/\/www.nexoinformativo.mx\/wp-content\/uploads\/2024\/10\/IMG_6709-e1728235284804.jpg","contentUrl":"https:\/\/www.nexoinformativo.mx\/wp-content\/uploads\/2024\/10\/IMG_6709-e1728235284804.jpg","width":800,"height":400},{"@type":"BreadcrumbList","@id":"https:\/\/www.nexoinformativo.mx\/index.php\/2024\/10\/06\/fallece-ifigenia-martinez-historica-lider-de-la-izquierda-mexicana\/#breadcrumb","itemListElement":[{"@type":"ListItem","position":1,"name":"Inicio","item":"https:\/\/www.nexoinformativo.mx\/"},{"@type":"ListItem","position":2,"name":"Fallece Ifigenia Mart\u00ednez, hist\u00f3rica l\u00edder de la izquierda mexicana"}]},{"@type":"WebSite","@id":"https:\/\/www.nexoinformativo.mx\/#website","url":"https:\/\/www.nexoinformativo.mx\/","name":"Nexo Informativo Santiago de Quer\u00e9taro","description":"Explora NexoInformativo y convi\u00e9rtete en parte de una comunidad que valora el conocimiento y la verdad. Tu nexoinformativo es tu puente hacia una comprensi\u00f3n m\u00e1s profunda del mundo que te rodea.","publisher":{"@id":"https:\/\/www.nexoinformativo.mx\/#organization"},"potentialAction":[{"@type":"SearchAction","target":{"@type":"EntryPoint","urlTemplate":"https:\/\/www.nexoinformativo.mx\/?s={search_term_string}"},"query-input":{"@type":"PropertyValueSpecification","valueRequired":true,"valueName":"search_term_string"}}],"inLanguage":"es"},{"@type":"Organization","@id":"https:\/\/www.nexoinformativo.mx\/#organization","name":"Nexo Informativo Santiago de Quer\u00e9taro","url":"https:\/\/www.nexoinformativo.mx\/","logo":{"@type":"ImageObject","inLanguage":"es","@id":"https:\/\/www.nexoinformativo.mx\/#\/schema\/logo\/image\/","url":"https:\/\/www.nexoinformativo.mx\/wp-content\/uploads\/2024\/07\/nexoi-trasparente-2.png","contentUrl":"https:\/\/www.nexoinformativo.mx\/wp-content\/uploads\/2024\/07\/nexoi-trasparente-2.png","width":816,"height":339,"caption":"Nexo Informativo Santiago de Quer\u00e9taro"},"image":{"@id":"https:\/\/www.nexoinformativo.mx\/#\/schema\/logo\/image\/"},"sameAs":["https:\/\/www.facebook.com\/people\/Nexo-Informativo\/61564066885511\/"]},{"@type":"Person","@id":"https:\/\/www.nexoinformativo.mx\/#\/schema\/person\/7749d380ba08c8ca00d7bc76fd907b7d","name":"Nexo Informativo","image":{"@type":"ImageObject","inLanguage":"es","@id":"https:\/\/www.nexoinformativo.mx\/#\/schema\/person\/image\/","url":"https:\/\/secure.gravatar.com\/avatar\/dde2928154642a13d95f87ddf1ea9718fe2b46760a005c53e41ff5ad610704e6?s=96&d=mm&r=g","contentUrl":"https:\/\/secure.gravatar.com\/avatar\/dde2928154642a13d95f87ddf1ea9718fe2b46760a005c53e41ff5ad610704e6?s=96&d=mm&r=g","caption":"Nexo Informativo"},"url":"https:\/\/www.nexoinformativo.mx\/index.php\/author\/edicion\/"}]}},"_links":{"self":[{"href":"https:\/\/www.nexoinformativo.mx\/index.php\/wp-json\/wp\/v2\/posts\/2734","targetHints":{"allow":["GET"]}}],"collection":[{"href":"https:\/\/www.nexoinformativo.mx\/index.php\/wp-json\/wp\/v2\/posts"}],"about":[{"href":"https:\/\/www.nexoinformativo.mx\/index.php\/wp-json\/wp\/v2\/types\/post"}],"author":[{"embeddable":true,"href":"https:\/\/www.nexoinformativo.mx\/index.php\/wp-json\/wp\/v2\/users\/3"}],"replies":[{"embeddable":true,"href":"https:\/\/www.nexoinformativo.mx\/index.php\/wp-json\/wp\/v2\/comments?post=2734"}],"version-history":[{"count":9,"href":"https:\/\/www.nexoinformativo.mx\/index.php\/wp-json\/wp\/v2\/posts\/2734\/revisions"}],"predecessor-version":[{"id":2755,"href":"https:\/\/www.nexoinformativo.mx\/index.php\/wp-json\/wp\/v2\/posts\/2734\/revisions\/2755"}],"wp:featuredmedia":[{"embeddable":true,"href":"https:\/\/www.nexoinformativo.mx\/index.php\/wp-json\/wp\/v2\/media\/2735"}],"wp:attachment":[{"href":"https:\/\/www.nexoinformativo.mx\/index.php\/wp-json\/wp\/v2\/media?parent=2734"}],"wp:term":[{"taxonomy":"category","embeddable":true,"href":"https:\/\/www.nexoinformativo.mx\/index.php\/wp-json\/wp\/v2\/categories?post=2734"},{"taxonomy":"post_tag","embeddable":true,"href":"https:\/\/www.nexoinformativo.mx\/index.php\/wp-json\/wp\/v2\/tags?post=2734"}],"curies":[{"name":"wp","href":"https:\/\/api.w.org\/{rel}","templated":true}]}}