{"id":2749,"date":"2024-10-06T12:00:57","date_gmt":"2024-10-06T18:00:57","guid":{"rendered":"https:\/\/www.nexoinformativo.mx\/?p=2749"},"modified":"2024-10-06T13:40:17","modified_gmt":"2024-10-06T19:40:17","slug":"queretaro-maraton-2024-un-evento-deportivo-que-une-a-miles-de-corredores","status":"publish","type":"post","link":"https:\/\/www.nexoinformativo.mx\/index.php\/2024\/10\/06\/queretaro-maraton-2024-un-evento-deportivo-que-une-a-miles-de-corredores\/","title":{"rendered":"Quer\u00e9taro Marat\u00f3n 2024: Un evento deportivo que une a miles de corredores"},"content":{"rendered":"<p style=\"text-align: justify;\">Este domingo, Quer\u00e9taro se llen\u00f3 de energ\u00eda y pasi\u00f3n deportiva con la d\u00e9cima cuarta edici\u00f3n del Quer\u00e9taro Marat\u00f3n, que reuni\u00f3 a <strong>18,500<\/strong> corredores en las inmediaciones de la Alameda Hidalgo. Participantes de todas las edades y niveles, muchos de ellos con disfraces o con la bandera de M\u00e9xico, se prepararon para cumplir sus metas en este emblem\u00e1tico evento.<\/p>\n<p>&nbsp;<\/p>\n<p style=\"text-align: justify;\">La jornada comenz\u00f3 temprano, con el calentamiento oficial a las 05:45 horas. A las 06:00 horas arranc\u00f3 el bloque de corredores en silla de ruedas, muletas y para personas con debilidad visual, seguido del Marat\u00f3n y Medio Marat\u00f3n a las 06:15 horas. A lo largo del recorrido, el ambiente fue festivo, con familiares y amigos alentando a los corredores en cada tramo de la carrera.<\/p>\n<p>&nbsp;<\/p>\n<p style=\"text-align: justify;\">El presidente municipal de Quer\u00e9taro, Felifer Mac\u00edas, particip\u00f3 activamente en el marat\u00f3n y aprovech\u00f3 la ocasi\u00f3n para reiterar su compromiso de seguir impulsando el deporte en la ciudad. Durante el evento, tanto el gobierno municipal como estatal brindaron apoyo con un operativo de seguridad en el que participaron 150 elementos de la Secretar\u00eda de Seguridad P\u00fablica Municipal y 24 elementos de Protecci\u00f3n Civil.<\/p>\n<p>&nbsp;<\/p>\n<p style=\"text-align: justify;\">Las calles comenzaron a cerrarse desde las 09:00 horas de ayer s\u00e1bado 5 de octubre y comenzar\u00e1n a abrirse pasadas las 17:00 horas de hoy domingo 6 de octubre.\u00a0Los resultados oficiales del marat\u00f3n estar\u00e1n disponibles a partir de las 17:00 horas del domingo 6 de octubre en el sitio oficial del evento\u00a0<strong><a href=\"https:\/\/www.queretaromaraton.com.mx\/\" target=\"_blank\" rel=\"noopener\" data-saferedirecturl=\"https:\/\/www.google.com\/url?q=https:\/\/www.queretaromaraton.com.mx\/&amp;source=gmail&amp;ust=1728329288249000&amp;usg=AOvVaw0jPRbdS0D-Ful1sEqGuZwE\">https:\/\/www.<wbr \/>queretaromaraton.com.mx\/<\/a><\/strong><\/p>\n<p>&nbsp;<\/p>\n<p>&nbsp;<\/p>\n<p style=\"text-align: center;\"><strong><em>\u00a1Informaci\u00f3n que transforma!<\/em><\/strong><\/p>\n","protected":false},"excerpt":{"rendered":"<p>Este domingo, Quer\u00e9taro se llen\u00f3 de energ\u00eda y pasi\u00f3n deportiva con la d\u00e9cima cuarta edici\u00f3n del Quer\u00e9taro Marat\u00f3n, que reuni\u00f3 a 18,500 corredores en las inmediaciones de la Alameda Hidalgo. Participantes de todas las edades y niveles, muchos de ellos con disfraces o con la bandera de M\u00e9xico, se prepararon para cumplir sus metas en [&hellip;]<\/p>\n","protected":false},"author":3,"featured_media":2750,"comment_status":"open","ping_status":"open","sticky":false,"template":"","format":"standard","meta":{"footnotes":""},"categories":[50,65,58],"tags":[1123,405,1068,988],"class_list":["post-2749","post","type-post","status-publish","format-standard","has-post-thumbnail","hentry","category-espectaculos","category-municipios","category-ultima-hora","tag-correqueretaro","tag-deporteenqueretaro","tag-fiestadeportiva","tag-queretaromaraton2024"],"yoast_head":"<!-- This site is optimized with the Yoast SEO plugin v25.0 - https:\/\/yoast.com\/wordpress\/plugins\/seo\/ -->\n<title>Quer\u00e9taro Marat\u00f3n 2024: Un evento deportivo que une a miles de corredores | Nexo Informativo Santiago de Quer\u00e9taro<\/title>\n<meta name=\"description\" content=\"Quer\u00e9taro Marat\u00f3n 2024: Un evento deportivo que une a miles de corredores\" \/>\n<meta name=\"robots\" content=\"index, follow, max-snippet:-1, max-image-preview:large, max-video-preview:-1\" \/>\n<link rel=\"canonical\" href=\"https:\/\/www.nexoinformativo.mx\/index.php\/2024\/10\/06\/queretaro-maraton-2024-un-evento-deportivo-que-une-a-miles-de-corredores\/\" \/>\n<meta property=\"og:locale\" content=\"es_MX\" \/>\n<meta property=\"og:type\" content=\"article\" \/>\n<meta property=\"og:title\" content=\"Quer\u00e9taro Marat\u00f3n 2024: Un evento deportivo que une a miles de corredores | Nexo Informativo Santiago de Quer\u00e9taro\" \/>\n<meta property=\"og:description\" content=\"Quer\u00e9taro Marat\u00f3n 2024: Un evento deportivo que une a miles de corredores\" \/>\n<meta property=\"og:url\" content=\"https:\/\/www.nexoinformativo.mx\/index.php\/2024\/10\/06\/queretaro-maraton-2024-un-evento-deportivo-que-une-a-miles-de-corredores\/\" \/>\n<meta property=\"og:site_name\" content=\"Nexo Informativo Santiago de Quer\u00e9taro\" \/>\n<meta property=\"article:publisher\" content=\"https:\/\/www.facebook.com\/people\/Nexo-Informativo\/61564066885511\/\" \/>\n<meta property=\"article:published_time\" content=\"2024-10-06T18:00:57+00:00\" \/>\n<meta property=\"article:modified_time\" content=\"2024-10-06T19:40:17+00:00\" \/>\n<meta property=\"og:image\" content=\"https:\/\/www.nexoinformativo.mx\/wp-content\/uploads\/2024\/10\/IMG_6710-e1728243546678.jpg\" \/>\n\t<meta property=\"og:image:width\" content=\"800\" \/>\n\t<meta property=\"og:image:height\" content=\"600\" \/>\n\t<meta property=\"og:image:type\" content=\"image\/jpeg\" \/>\n<meta name=\"author\" content=\"Nexo Informativo\" \/>\n<meta name=\"twitter:card\" content=\"summary_large_image\" \/>\n<meta name=\"twitter:label1\" content=\"Escrito por\" \/>\n\t<meta name=\"twitter:data1\" content=\"Nexo Informativo\" \/>\n\t<meta name=\"twitter:label2\" content=\"Tiempo de lectura\" \/>\n\t<meta name=\"twitter:data2\" content=\"2 minutos\" \/>\n<script type=\"application\/ld+json\" class=\"yoast-schema-graph\">{\"@context\":\"https:\/\/schema.org\",\"@graph\":[{\"@type\":\"Article\",\"@id\":\"https:\/\/www.nexoinformativo.mx\/index.php\/2024\/10\/06\/queretaro-maraton-2024-un-evento-deportivo-que-une-a-miles-de-corredores\/#article\",\"isPartOf\":{\"@id\":\"https:\/\/www.nexoinformativo.mx\/index.php\/2024\/10\/06\/queretaro-maraton-2024-un-evento-deportivo-que-une-a-miles-de-corredores\/\"},\"author\":{\"name\":\"Nexo Informativo\",\"@id\":\"https:\/\/www.nexoinformativo.mx\/#\/schema\/person\/7749d380ba08c8ca00d7bc76fd907b7d\"},\"headline\":\"Quer\u00e9taro Marat\u00f3n 2024: Un evento deportivo que une a miles de corredores\",\"datePublished\":\"2024-10-06T18:00:57+00:00\",\"dateModified\":\"2024-10-06T19:40:17+00:00\",\"mainEntityOfPage\":{\"@id\":\"https:\/\/www.nexoinformativo.mx\/index.php\/2024\/10\/06\/queretaro-maraton-2024-un-evento-deportivo-que-une-a-miles-de-corredores\/\"},\"wordCount\":276,\"commentCount\":0,\"publisher\":{\"@id\":\"https:\/\/www.nexoinformativo.mx\/#organization\"},\"image\":{\"@id\":\"https:\/\/www.nexoinformativo.mx\/index.php\/2024\/10\/06\/queretaro-maraton-2024-un-evento-deportivo-que-une-a-miles-de-corredores\/#primaryimage\"},\"thumbnailUrl\":\"https:\/\/www.nexoinformativo.mx\/wp-content\/uploads\/2024\/10\/IMG_6710-e1728243546678.jpg\",\"keywords\":[\"CorreQuer\u00e9taro\",\"DeporteEnQuer\u00e9taro\",\"FiestaDeportiva\",\"Quer\u00e9taroMarat\u00f3n2024\"],\"articleSection\":[\"Espect\u00e1culos\",\"Municipios\",\"\u00daltima Hora\"],\"inLanguage\":\"es\",\"potentialAction\":[{\"@type\":\"CommentAction\",\"name\":\"Comment\",\"target\":[\"https:\/\/www.nexoinformativo.mx\/index.php\/2024\/10\/06\/queretaro-maraton-2024-un-evento-deportivo-que-une-a-miles-de-corredores\/#respond\"]}]},{\"@type\":\"WebPage\",\"@id\":\"https:\/\/www.nexoinformativo.mx\/index.php\/2024\/10\/06\/queretaro-maraton-2024-un-evento-deportivo-que-une-a-miles-de-corredores\/\",\"url\":\"https:\/\/www.nexoinformativo.mx\/index.php\/2024\/10\/06\/queretaro-maraton-2024-un-evento-deportivo-que-une-a-miles-de-corredores\/\",\"name\":\"Quer\u00e9taro Marat\u00f3n 2024: Un evento deportivo que une a miles de corredores | Nexo Informativo Santiago de Quer\u00e9taro\",\"isPartOf\":{\"@id\":\"https:\/\/www.nexoinformativo.mx\/#website\"},\"primaryImageOfPage\":{\"@id\":\"https:\/\/www.nexoinformativo.mx\/index.php\/2024\/10\/06\/queretaro-maraton-2024-un-evento-deportivo-que-une-a-miles-de-corredores\/#primaryimage\"},\"image\":{\"@id\":\"https:\/\/www.nexoinformativo.mx\/index.php\/2024\/10\/06\/queretaro-maraton-2024-un-evento-deportivo-que-une-a-miles-de-corredores\/#primaryimage\"},\"thumbnailUrl\":\"https:\/\/www.nexoinformativo.mx\/wp-content\/uploads\/2024\/10\/IMG_6710-e1728243546678.jpg\",\"datePublished\":\"2024-10-06T18:00:57+00:00\",\"dateModified\":\"2024-10-06T19:40:17+00:00\",\"description\":\"Quer\u00e9taro Marat\u00f3n 2024: Un evento deportivo que une a miles de corredores\",\"breadcrumb\":{\"@id\":\"https:\/\/www.nexoinformativo.mx\/index.php\/2024\/10\/06\/queretaro-maraton-2024-un-evento-deportivo-que-une-a-miles-de-corredores\/#breadcrumb\"},\"inLanguage\":\"es\",\"potentialAction\":[{\"@type\":\"ReadAction\",\"target\":[\"https:\/\/www.nexoinformativo.mx\/index.php\/2024\/10\/06\/queretaro-maraton-2024-un-evento-deportivo-que-une-a-miles-de-corredores\/\"]}]},{\"@type\":\"ImageObject\",\"inLanguage\":\"es\",\"@id\":\"https:\/\/www.nexoinformativo.mx\/index.php\/2024\/10\/06\/queretaro-maraton-2024-un-evento-deportivo-que-une-a-miles-de-corredores\/#primaryimage\",\"url\":\"https:\/\/www.nexoinformativo.mx\/wp-content\/uploads\/2024\/10\/IMG_6710-e1728243546678.jpg\",\"contentUrl\":\"https:\/\/www.nexoinformativo.mx\/wp-content\/uploads\/2024\/10\/IMG_6710-e1728243546678.jpg\",\"width\":800,\"height\":600},{\"@type\":\"BreadcrumbList\",\"@id\":\"https:\/\/www.nexoinformativo.mx\/index.php\/2024\/10\/06\/queretaro-maraton-2024-un-evento-deportivo-que-une-a-miles-de-corredores\/#breadcrumb\",\"itemListElement\":[{\"@type\":\"ListItem\",\"position\":1,\"name\":\"Inicio\",\"item\":\"https:\/\/www.nexoinformativo.mx\/\"},{\"@type\":\"ListItem\",\"position\":2,\"name\":\"Quer\u00e9taro Marat\u00f3n 2024: Un evento deportivo que une a miles de corredores\"}]},{\"@type\":\"WebSite\",\"@id\":\"https:\/\/www.nexoinformativo.mx\/#website\",\"url\":\"https:\/\/www.nexoinformativo.mx\/\",\"name\":\"Nexo Informativo Santiago de Quer\u00e9taro\",\"description\":\"Explora NexoInformativo y convi\u00e9rtete en parte de una comunidad que valora el conocimiento y la verdad. Tu nexoinformativo es tu puente hacia una comprensi\u00f3n m\u00e1s profunda del mundo que te rodea.\",\"publisher\":{\"@id\":\"https:\/\/www.nexoinformativo.mx\/#organization\"},\"potentialAction\":[{\"@type\":\"SearchAction\",\"target\":{\"@type\":\"EntryPoint\",\"urlTemplate\":\"https:\/\/www.nexoinformativo.mx\/?s={search_term_string}\"},\"query-input\":{\"@type\":\"PropertyValueSpecification\",\"valueRequired\":true,\"valueName\":\"search_term_string\"}}],\"inLanguage\":\"es\"},{\"@type\":\"Organization\",\"@id\":\"https:\/\/www.nexoinformativo.mx\/#organization\",\"name\":\"Nexo Informativo Santiago de Quer\u00e9taro\",\"url\":\"https:\/\/www.nexoinformativo.mx\/\",\"logo\":{\"@type\":\"ImageObject\",\"inLanguage\":\"es\",\"@id\":\"https:\/\/www.nexoinformativo.mx\/#\/schema\/logo\/image\/\",\"url\":\"https:\/\/www.nexoinformativo.mx\/wp-content\/uploads\/2024\/07\/nexoi-trasparente-2.png\",\"contentUrl\":\"https:\/\/www.nexoinformativo.mx\/wp-content\/uploads\/2024\/07\/nexoi-trasparente-2.png\",\"width\":816,\"height\":339,\"caption\":\"Nexo Informativo Santiago de Quer\u00e9taro\"},\"image\":{\"@id\":\"https:\/\/www.nexoinformativo.mx\/#\/schema\/logo\/image\/\"},\"sameAs\":[\"https:\/\/www.facebook.com\/people\/Nexo-Informativo\/61564066885511\/\"]},{\"@type\":\"Person\",\"@id\":\"https:\/\/www.nexoinformativo.mx\/#\/schema\/person\/7749d380ba08c8ca00d7bc76fd907b7d\",\"name\":\"Nexo Informativo\",\"image\":{\"@type\":\"ImageObject\",\"inLanguage\":\"es\",\"@id\":\"https:\/\/www.nexoinformativo.mx\/#\/schema\/person\/image\/\",\"url\":\"https:\/\/secure.gravatar.com\/avatar\/dde2928154642a13d95f87ddf1ea9718fe2b46760a005c53e41ff5ad610704e6?s=96&d=mm&r=g\",\"contentUrl\":\"https:\/\/secure.gravatar.com\/avatar\/dde2928154642a13d95f87ddf1ea9718fe2b46760a005c53e41ff5ad610704e6?s=96&d=mm&r=g\",\"caption\":\"Nexo Informativo\"},\"url\":\"https:\/\/www.nexoinformativo.mx\/index.php\/author\/edicion\/\"}]}<\/script>\n<!-- \/ Yoast SEO plugin. -->","yoast_head_json":{"title":"Quer\u00e9taro Marat\u00f3n 2024: Un evento deportivo que une a miles de corredores | Nexo Informativo Santiago de Quer\u00e9taro","description":"Quer\u00e9taro Marat\u00f3n 2024: Un evento deportivo que une a miles de corredores","robots":{"index":"index","follow":"follow","max-snippet":"max-snippet:-1","max-image-preview":"max-image-preview:large","max-video-preview":"max-video-preview:-1"},"canonical":"https:\/\/www.nexoinformativo.mx\/index.php\/2024\/10\/06\/queretaro-maraton-2024-un-evento-deportivo-que-une-a-miles-de-corredores\/","og_locale":"es_MX","og_type":"article","og_title":"Quer\u00e9taro Marat\u00f3n 2024: Un evento deportivo que une a miles de corredores | Nexo Informativo Santiago de Quer\u00e9taro","og_description":"Quer\u00e9taro Marat\u00f3n 2024: Un evento deportivo que une a miles de corredores","og_url":"https:\/\/www.nexoinformativo.mx\/index.php\/2024\/10\/06\/queretaro-maraton-2024-un-evento-deportivo-que-une-a-miles-de-corredores\/","og_site_name":"Nexo Informativo Santiago de Quer\u00e9taro","article_publisher":"https:\/\/www.facebook.com\/people\/Nexo-Informativo\/61564066885511\/","article_published_time":"2024-10-06T18:00:57+00:00","article_modified_time":"2024-10-06T19:40:17+00:00","og_image":[{"width":800,"height":600,"url":"https:\/\/www.nexoinformativo.mx\/wp-content\/uploads\/2024\/10\/IMG_6710-e1728243546678.jpg","type":"image\/jpeg"}],"author":"Nexo Informativo","twitter_card":"summary_large_image","twitter_misc":{"Escrito por":"Nexo Informativo","Tiempo de lectura":"2 minutos"},"schema":{"@context":"https:\/\/schema.org","@graph":[{"@type":"Article","@id":"https:\/\/www.nexoinformativo.mx\/index.php\/2024\/10\/06\/queretaro-maraton-2024-un-evento-deportivo-que-une-a-miles-de-corredores\/#article","isPartOf":{"@id":"https:\/\/www.nexoinformativo.mx\/index.php\/2024\/10\/06\/queretaro-maraton-2024-un-evento-deportivo-que-une-a-miles-de-corredores\/"},"author":{"name":"Nexo Informativo","@id":"https:\/\/www.nexoinformativo.mx\/#\/schema\/person\/7749d380ba08c8ca00d7bc76fd907b7d"},"headline":"Quer\u00e9taro Marat\u00f3n 2024: Un evento deportivo que une a miles de corredores","datePublished":"2024-10-06T18:00:57+00:00","dateModified":"2024-10-06T19:40:17+00:00","mainEntityOfPage":{"@id":"https:\/\/www.nexoinformativo.mx\/index.php\/2024\/10\/06\/queretaro-maraton-2024-un-evento-deportivo-que-une-a-miles-de-corredores\/"},"wordCount":276,"commentCount":0,"publisher":{"@id":"https:\/\/www.nexoinformativo.mx\/#organization"},"image":{"@id":"https:\/\/www.nexoinformativo.mx\/index.php\/2024\/10\/06\/queretaro-maraton-2024-un-evento-deportivo-que-une-a-miles-de-corredores\/#primaryimage"},"thumbnailUrl":"https:\/\/www.nexoinformativo.mx\/wp-content\/uploads\/2024\/10\/IMG_6710-e1728243546678.jpg","keywords":["CorreQuer\u00e9taro","DeporteEnQuer\u00e9taro","FiestaDeportiva","Quer\u00e9taroMarat\u00f3n2024"],"articleSection":["Espect\u00e1culos","Municipios","\u00daltima Hora"],"inLanguage":"es","potentialAction":[{"@type":"CommentAction","name":"Comment","target":["https:\/\/www.nexoinformativo.mx\/index.php\/2024\/10\/06\/queretaro-maraton-2024-un-evento-deportivo-que-une-a-miles-de-corredores\/#respond"]}]},{"@type":"WebPage","@id":"https:\/\/www.nexoinformativo.mx\/index.php\/2024\/10\/06\/queretaro-maraton-2024-un-evento-deportivo-que-une-a-miles-de-corredores\/","url":"https:\/\/www.nexoinformativo.mx\/index.php\/2024\/10\/06\/queretaro-maraton-2024-un-evento-deportivo-que-une-a-miles-de-corredores\/","name":"Quer\u00e9taro Marat\u00f3n 2024: Un evento deportivo que une a miles de corredores | Nexo Informativo Santiago de Quer\u00e9taro","isPartOf":{"@id":"https:\/\/www.nexoinformativo.mx\/#website"},"primaryImageOfPage":{"@id":"https:\/\/www.nexoinformativo.mx\/index.php\/2024\/10\/06\/queretaro-maraton-2024-un-evento-deportivo-que-une-a-miles-de-corredores\/#primaryimage"},"image":{"@id":"https:\/\/www.nexoinformativo.mx\/index.php\/2024\/10\/06\/queretaro-maraton-2024-un-evento-deportivo-que-une-a-miles-de-corredores\/#primaryimage"},"thumbnailUrl":"https:\/\/www.nexoinformativo.mx\/wp-content\/uploads\/2024\/10\/IMG_6710-e1728243546678.jpg","datePublished":"2024-10-06T18:00:57+00:00","dateModified":"2024-10-06T19:40:17+00:00","description":"Quer\u00e9taro Marat\u00f3n 2024: Un evento deportivo que une a miles de corredores","breadcrumb":{"@id":"https:\/\/www.nexoinformativo.mx\/index.php\/2024\/10\/06\/queretaro-maraton-2024-un-evento-deportivo-que-une-a-miles-de-corredores\/#breadcrumb"},"inLanguage":"es","potentialAction":[{"@type":"ReadAction","target":["https:\/\/www.nexoinformativo.mx\/index.php\/2024\/10\/06\/queretaro-maraton-2024-un-evento-deportivo-que-une-a-miles-de-corredores\/"]}]},{"@type":"ImageObject","inLanguage":"es","@id":"https:\/\/www.nexoinformativo.mx\/index.php\/2024\/10\/06\/queretaro-maraton-2024-un-evento-deportivo-que-une-a-miles-de-corredores\/#primaryimage","url":"https:\/\/www.nexoinformativo.mx\/wp-content\/uploads\/2024\/10\/IMG_6710-e1728243546678.jpg","contentUrl":"https:\/\/www.nexoinformativo.mx\/wp-content\/uploads\/2024\/10\/IMG_6710-e1728243546678.jpg","width":800,"height":600},{"@type":"BreadcrumbList","@id":"https:\/\/www.nexoinformativo.mx\/index.php\/2024\/10\/06\/queretaro-maraton-2024-un-evento-deportivo-que-une-a-miles-de-corredores\/#breadcrumb","itemListElement":[{"@type":"ListItem","position":1,"name":"Inicio","item":"https:\/\/www.nexoinformativo.mx\/"},{"@type":"ListItem","position":2,"name":"Quer\u00e9taro Marat\u00f3n 2024: Un evento deportivo que une a miles de corredores"}]},{"@type":"WebSite","@id":"https:\/\/www.nexoinformativo.mx\/#website","url":"https:\/\/www.nexoinformativo.mx\/","name":"Nexo Informativo Santiago de Quer\u00e9taro","description":"Explora NexoInformativo y convi\u00e9rtete en parte de una comunidad que valora el conocimiento y la verdad. Tu nexoinformativo es tu puente hacia una comprensi\u00f3n m\u00e1s profunda del mundo que te rodea.","publisher":{"@id":"https:\/\/www.nexoinformativo.mx\/#organization"},"potentialAction":[{"@type":"SearchAction","target":{"@type":"EntryPoint","urlTemplate":"https:\/\/www.nexoinformativo.mx\/?s={search_term_string}"},"query-input":{"@type":"PropertyValueSpecification","valueRequired":true,"valueName":"search_term_string"}}],"inLanguage":"es"},{"@type":"Organization","@id":"https:\/\/www.nexoinformativo.mx\/#organization","name":"Nexo Informativo Santiago de Quer\u00e9taro","url":"https:\/\/www.nexoinformativo.mx\/","logo":{"@type":"ImageObject","inLanguage":"es","@id":"https:\/\/www.nexoinformativo.mx\/#\/schema\/logo\/image\/","url":"https:\/\/www.nexoinformativo.mx\/wp-content\/uploads\/2024\/07\/nexoi-trasparente-2.png","contentUrl":"https:\/\/www.nexoinformativo.mx\/wp-content\/uploads\/2024\/07\/nexoi-trasparente-2.png","width":816,"height":339,"caption":"Nexo Informativo Santiago de Quer\u00e9taro"},"image":{"@id":"https:\/\/www.nexoinformativo.mx\/#\/schema\/logo\/image\/"},"sameAs":["https:\/\/www.facebook.com\/people\/Nexo-Informativo\/61564066885511\/"]},{"@type":"Person","@id":"https:\/\/www.nexoinformativo.mx\/#\/schema\/person\/7749d380ba08c8ca00d7bc76fd907b7d","name":"Nexo Informativo","image":{"@type":"ImageObject","inLanguage":"es","@id":"https:\/\/www.nexoinformativo.mx\/#\/schema\/person\/image\/","url":"https:\/\/secure.gravatar.com\/avatar\/dde2928154642a13d95f87ddf1ea9718fe2b46760a005c53e41ff5ad610704e6?s=96&d=mm&r=g","contentUrl":"https:\/\/secure.gravatar.com\/avatar\/dde2928154642a13d95f87ddf1ea9718fe2b46760a005c53e41ff5ad610704e6?s=96&d=mm&r=g","caption":"Nexo Informativo"},"url":"https:\/\/www.nexoinformativo.mx\/index.php\/author\/edicion\/"}]}},"_links":{"self":[{"href":"https:\/\/www.nexoinformativo.mx\/index.php\/wp-json\/wp\/v2\/posts\/2749","targetHints":{"allow":["GET"]}}],"collection":[{"href":"https:\/\/www.nexoinformativo.mx\/index.php\/wp-json\/wp\/v2\/posts"}],"about":[{"href":"https:\/\/www.nexoinformativo.mx\/index.php\/wp-json\/wp\/v2\/types\/post"}],"author":[{"embeddable":true,"href":"https:\/\/www.nexoinformativo.mx\/index.php\/wp-json\/wp\/v2\/users\/3"}],"replies":[{"embeddable":true,"href":"https:\/\/www.nexoinformativo.mx\/index.php\/wp-json\/wp\/v2\/comments?post=2749"}],"version-history":[{"count":3,"href":"https:\/\/www.nexoinformativo.mx\/index.php\/wp-json\/wp\/v2\/posts\/2749\/revisions"}],"predecessor-version":[{"id":2754,"href":"https:\/\/www.nexoinformativo.mx\/index.php\/wp-json\/wp\/v2\/posts\/2749\/revisions\/2754"}],"wp:featuredmedia":[{"embeddable":true,"href":"https:\/\/www.nexoinformativo.mx\/index.php\/wp-json\/wp\/v2\/media\/2750"}],"wp:attachment":[{"href":"https:\/\/www.nexoinformativo.mx\/index.php\/wp-json\/wp\/v2\/media?parent=2749"}],"wp:term":[{"taxonomy":"category","embeddable":true,"href":"https:\/\/www.nexoinformativo.mx\/index.php\/wp-json\/wp\/v2\/categories?post=2749"},{"taxonomy":"post_tag","embeddable":true,"href":"https:\/\/www.nexoinformativo.mx\/index.php\/wp-json\/wp\/v2\/tags?post=2749"}],"curies":[{"name":"wp","href":"https:\/\/api.w.org\/{rel}","templated":true}]}}