{"id":2827,"date":"2024-10-06T17:00:22","date_gmt":"2024-10-06T23:00:22","guid":{"rendered":"https:\/\/www.nexoinformativo.mx\/?p=2827"},"modified":"2024-10-06T22:38:57","modified_gmt":"2024-10-07T04:38:57","slug":"apple-lanza-su-nueva-ia-para-iphone-apple-intelligence-esto-es-lo-que-necesitas-saber","status":"publish","type":"post","link":"https:\/\/www.nexoinformativo.mx\/index.php\/2024\/10\/06\/apple-lanza-su-nueva-ia-para-iphone-apple-intelligence-esto-es-lo-que-necesitas-saber\/","title":{"rendered":"Apple lanza su nueva IA para iPhone: Apple Intelligence, esto es lo que necesitas saber"},"content":{"rendered":"<p style=\"text-align: justify;\">Este mes, Apple dar\u00e1 a conocer una de sus novedades m\u00e1s esperadas del a\u00f1o: <strong>Apple Intelligence<\/strong>, un conjunto de herramientas de inteligencia artificial que llegar\u00e1n a los iPhone, iPad y Mac a trav\u00e9s de actualizaciones de software gratuitas. No incluye el popular chatbot ChatGPT, esta versi\u00f3n inicial promete ser un avance importante en la tecnolog\u00eda de IA integrada de Apple.<\/p>\n<p>&nbsp;<\/p>\n<p style=\"text-align: justify;\"><strong>Apple Intelligence<\/strong> es una versi\u00f3n &#8220;beta&#8221; y trae mejoras en funciones como Siri, transcripci\u00f3n de audio y edici\u00f3n de fotos, convirti\u00e9ndose en una opci\u00f3n interesante para usuarios que buscan simplificar tareas cotidianas. Por ejemplo, una de las nuevas herramientas puede eliminar distracciones no deseadas en fotos, como personas en el fondo, y otra permite la transcripci\u00f3n autom\u00e1tica de grabaciones de voz.<\/p>\n<p>&nbsp;<\/p>\n<p style=\"text-align: justify;\">Este lanzamiento marca un importante cambio de estrategia para Apple, la empresa decidi\u00f3 redirigir a sus ingenieros hacia esta nueva iniciativa de inteligencia artificial. La empresa busca mantenerse competitiva en el mercado tras el \u00e9xito de tecnolog\u00edas como ChatGPT, que ha revolucionado la industria tecnol\u00f3gica en los \u00faltimos a\u00f1os.<\/p>\n<p>&nbsp;<\/p>\n<p style=\"text-align: justify;\">Esta versi\u00f3n no incluye todas las funcionalidades anunciadas, Apple planea a\u00f1adir mejoras a lo largo del pr\u00f3ximo a\u00f1o, lo que significa que a\u00fan hay mucho por venir en cuanto a inteligencia artificial en los dispositivos. <strong>Apple Intelligence<\/strong> parece ser un primer paso hacia la creaci\u00f3n de un producto robusto y \u00fatil en el futuro cercano.<\/p>\n<p>&nbsp;<\/p>\n<p>&nbsp;<\/p>\n<p style=\"text-align: center;\"><em><strong>\u00a1Informaci\u00f3n que transforma!<\/strong><\/em><\/p>\n","protected":false},"excerpt":{"rendered":"<p>Este mes, Apple dar\u00e1 a conocer una de sus novedades m\u00e1s esperadas del a\u00f1o: Apple Intelligence, un conjunto de herramientas de inteligencia artificial que llegar\u00e1n a los iPhone, iPad y Mac a trav\u00e9s de actualizaciones de software gratuitas<\/p>\n","protected":false},"author":3,"featured_media":2828,"comment_status":"open","ping_status":"open","sticky":false,"template":"","format":"standard","meta":{"footnotes":""},"categories":[13,58],"tags":[1127,1128,1129,1130],"class_list":["post-2827","post","type-post","status-publish","format-standard","has-post-thumbnail","hentry","category-tecnologia","category-ultima-hora","tag-appleintelligence","tag-inteligenciaartificial","tag-iphoneia","tag-tecnologiaapple"],"yoast_head":"<!-- This site is optimized with the Yoast SEO plugin v25.0 - https:\/\/yoast.com\/wordpress\/plugins\/seo\/ -->\n<title>Apple lanza su nueva IA para iPhone: Apple Intelligence, esto es lo que necesitas saber | Nexo Informativo Santiago de Quer\u00e9taro<\/title>\n<meta name=\"description\" content=\"Apple lanza su nueva IA para iPhone: Apple Intelligence, esto es lo que necesitas saber\" \/>\n<meta name=\"robots\" content=\"index, follow, max-snippet:-1, max-image-preview:large, max-video-preview:-1\" \/>\n<link rel=\"canonical\" href=\"https:\/\/www.nexoinformativo.mx\/index.php\/2024\/10\/06\/apple-lanza-su-nueva-ia-para-iphone-apple-intelligence-esto-es-lo-que-necesitas-saber\/\" \/>\n<meta property=\"og:locale\" content=\"es_MX\" \/>\n<meta property=\"og:type\" content=\"article\" \/>\n<meta property=\"og:title\" content=\"Apple lanza su nueva IA para iPhone: Apple Intelligence, esto es lo que necesitas saber | Nexo Informativo Santiago de Quer\u00e9taro\" \/>\n<meta property=\"og:description\" content=\"Apple lanza su nueva IA para iPhone: Apple Intelligence, esto es lo que necesitas saber\" \/>\n<meta property=\"og:url\" content=\"https:\/\/www.nexoinformativo.mx\/index.php\/2024\/10\/06\/apple-lanza-su-nueva-ia-para-iphone-apple-intelligence-esto-es-lo-que-necesitas-saber\/\" \/>\n<meta property=\"og:site_name\" content=\"Nexo Informativo Santiago de Quer\u00e9taro\" \/>\n<meta property=\"article:publisher\" content=\"https:\/\/www.facebook.com\/people\/Nexo-Informativo\/61564066885511\/\" \/>\n<meta property=\"article:published_time\" content=\"2024-10-06T23:00:22+00:00\" \/>\n<meta property=\"article:modified_time\" content=\"2024-10-07T04:38:57+00:00\" \/>\n<meta property=\"og:image\" content=\"https:\/\/www.nexoinformativo.mx\/wp-content\/uploads\/2024\/10\/PHOTO-2024-10-06-21-38-15-e1728273468543.jpg\" \/>\n\t<meta property=\"og:image:width\" content=\"800\" \/>\n\t<meta property=\"og:image:height\" content=\"1200\" \/>\n\t<meta property=\"og:image:type\" content=\"image\/jpeg\" \/>\n<meta name=\"author\" content=\"Nexo Informativo\" \/>\n<meta name=\"twitter:card\" content=\"summary_large_image\" \/>\n<meta name=\"twitter:label1\" content=\"Escrito por\" \/>\n\t<meta name=\"twitter:data1\" content=\"Nexo Informativo\" \/>\n\t<meta name=\"twitter:label2\" content=\"Tiempo de lectura\" \/>\n\t<meta name=\"twitter:data2\" content=\"2 minutos\" \/>\n<script type=\"application\/ld+json\" class=\"yoast-schema-graph\">{\"@context\":\"https:\/\/schema.org\",\"@graph\":[{\"@type\":\"Article\",\"@id\":\"https:\/\/www.nexoinformativo.mx\/index.php\/2024\/10\/06\/apple-lanza-su-nueva-ia-para-iphone-apple-intelligence-esto-es-lo-que-necesitas-saber\/#article\",\"isPartOf\":{\"@id\":\"https:\/\/www.nexoinformativo.mx\/index.php\/2024\/10\/06\/apple-lanza-su-nueva-ia-para-iphone-apple-intelligence-esto-es-lo-que-necesitas-saber\/\"},\"author\":{\"name\":\"Nexo Informativo\",\"@id\":\"https:\/\/www.nexoinformativo.mx\/#\/schema\/person\/7749d380ba08c8ca00d7bc76fd907b7d\"},\"headline\":\"Apple lanza su nueva IA para iPhone: Apple Intelligence, esto es lo que necesitas saber\",\"datePublished\":\"2024-10-06T23:00:22+00:00\",\"dateModified\":\"2024-10-07T04:38:57+00:00\",\"mainEntityOfPage\":{\"@id\":\"https:\/\/www.nexoinformativo.mx\/index.php\/2024\/10\/06\/apple-lanza-su-nueva-ia-para-iphone-apple-intelligence-esto-es-lo-que-necesitas-saber\/\"},\"wordCount\":271,\"commentCount\":0,\"publisher\":{\"@id\":\"https:\/\/www.nexoinformativo.mx\/#organization\"},\"image\":{\"@id\":\"https:\/\/www.nexoinformativo.mx\/index.php\/2024\/10\/06\/apple-lanza-su-nueva-ia-para-iphone-apple-intelligence-esto-es-lo-que-necesitas-saber\/#primaryimage\"},\"thumbnailUrl\":\"https:\/\/www.nexoinformativo.mx\/wp-content\/uploads\/2024\/10\/PHOTO-2024-10-06-21-38-15-e1728273468543.jpg\",\"keywords\":[\"AppleIntelligence\",\"InteligenciaArtificial\",\"iPhoneIA\",\"Tecnolog\u00edaApple\"],\"articleSection\":[\"Tecnolog\u00eda\",\"\u00daltima Hora\"],\"inLanguage\":\"es\",\"potentialAction\":[{\"@type\":\"CommentAction\",\"name\":\"Comment\",\"target\":[\"https:\/\/www.nexoinformativo.mx\/index.php\/2024\/10\/06\/apple-lanza-su-nueva-ia-para-iphone-apple-intelligence-esto-es-lo-que-necesitas-saber\/#respond\"]}]},{\"@type\":\"WebPage\",\"@id\":\"https:\/\/www.nexoinformativo.mx\/index.php\/2024\/10\/06\/apple-lanza-su-nueva-ia-para-iphone-apple-intelligence-esto-es-lo-que-necesitas-saber\/\",\"url\":\"https:\/\/www.nexoinformativo.mx\/index.php\/2024\/10\/06\/apple-lanza-su-nueva-ia-para-iphone-apple-intelligence-esto-es-lo-que-necesitas-saber\/\",\"name\":\"Apple lanza su nueva IA para iPhone: Apple Intelligence, esto es lo que necesitas saber | Nexo Informativo Santiago de Quer\u00e9taro\",\"isPartOf\":{\"@id\":\"https:\/\/www.nexoinformativo.mx\/#website\"},\"primaryImageOfPage\":{\"@id\":\"https:\/\/www.nexoinformativo.mx\/index.php\/2024\/10\/06\/apple-lanza-su-nueva-ia-para-iphone-apple-intelligence-esto-es-lo-que-necesitas-saber\/#primaryimage\"},\"image\":{\"@id\":\"https:\/\/www.nexoinformativo.mx\/index.php\/2024\/10\/06\/apple-lanza-su-nueva-ia-para-iphone-apple-intelligence-esto-es-lo-que-necesitas-saber\/#primaryimage\"},\"thumbnailUrl\":\"https:\/\/www.nexoinformativo.mx\/wp-content\/uploads\/2024\/10\/PHOTO-2024-10-06-21-38-15-e1728273468543.jpg\",\"datePublished\":\"2024-10-06T23:00:22+00:00\",\"dateModified\":\"2024-10-07T04:38:57+00:00\",\"description\":\"Apple lanza su nueva IA para iPhone: Apple Intelligence, esto es lo que necesitas saber\",\"breadcrumb\":{\"@id\":\"https:\/\/www.nexoinformativo.mx\/index.php\/2024\/10\/06\/apple-lanza-su-nueva-ia-para-iphone-apple-intelligence-esto-es-lo-que-necesitas-saber\/#breadcrumb\"},\"inLanguage\":\"es\",\"potentialAction\":[{\"@type\":\"ReadAction\",\"target\":[\"https:\/\/www.nexoinformativo.mx\/index.php\/2024\/10\/06\/apple-lanza-su-nueva-ia-para-iphone-apple-intelligence-esto-es-lo-que-necesitas-saber\/\"]}]},{\"@type\":\"ImageObject\",\"inLanguage\":\"es\",\"@id\":\"https:\/\/www.nexoinformativo.mx\/index.php\/2024\/10\/06\/apple-lanza-su-nueva-ia-para-iphone-apple-intelligence-esto-es-lo-que-necesitas-saber\/#primaryimage\",\"url\":\"https:\/\/www.nexoinformativo.mx\/wp-content\/uploads\/2024\/10\/PHOTO-2024-10-06-21-38-15-e1728273468543.jpg\",\"contentUrl\":\"https:\/\/www.nexoinformativo.mx\/wp-content\/uploads\/2024\/10\/PHOTO-2024-10-06-21-38-15-e1728273468543.jpg\",\"width\":800,\"height\":1200},{\"@type\":\"BreadcrumbList\",\"@id\":\"https:\/\/www.nexoinformativo.mx\/index.php\/2024\/10\/06\/apple-lanza-su-nueva-ia-para-iphone-apple-intelligence-esto-es-lo-que-necesitas-saber\/#breadcrumb\",\"itemListElement\":[{\"@type\":\"ListItem\",\"position\":1,\"name\":\"Inicio\",\"item\":\"https:\/\/www.nexoinformativo.mx\/\"},{\"@type\":\"ListItem\",\"position\":2,\"name\":\"Apple lanza su nueva IA para iPhone: Apple Intelligence, esto es lo que necesitas saber\"}]},{\"@type\":\"WebSite\",\"@id\":\"https:\/\/www.nexoinformativo.mx\/#website\",\"url\":\"https:\/\/www.nexoinformativo.mx\/\",\"name\":\"Nexo Informativo Santiago de Quer\u00e9taro\",\"description\":\"Explora NexoInformativo y convi\u00e9rtete en parte de una comunidad que valora el conocimiento y la verdad. Tu nexoinformativo es tu puente hacia una comprensi\u00f3n m\u00e1s profunda del mundo que te rodea.\",\"publisher\":{\"@id\":\"https:\/\/www.nexoinformativo.mx\/#organization\"},\"potentialAction\":[{\"@type\":\"SearchAction\",\"target\":{\"@type\":\"EntryPoint\",\"urlTemplate\":\"https:\/\/www.nexoinformativo.mx\/?s={search_term_string}\"},\"query-input\":{\"@type\":\"PropertyValueSpecification\",\"valueRequired\":true,\"valueName\":\"search_term_string\"}}],\"inLanguage\":\"es\"},{\"@type\":\"Organization\",\"@id\":\"https:\/\/www.nexoinformativo.mx\/#organization\",\"name\":\"Nexo Informativo Santiago de Quer\u00e9taro\",\"url\":\"https:\/\/www.nexoinformativo.mx\/\",\"logo\":{\"@type\":\"ImageObject\",\"inLanguage\":\"es\",\"@id\":\"https:\/\/www.nexoinformativo.mx\/#\/schema\/logo\/image\/\",\"url\":\"https:\/\/www.nexoinformativo.mx\/wp-content\/uploads\/2024\/07\/nexoi-trasparente-2.png\",\"contentUrl\":\"https:\/\/www.nexoinformativo.mx\/wp-content\/uploads\/2024\/07\/nexoi-trasparente-2.png\",\"width\":816,\"height\":339,\"caption\":\"Nexo Informativo Santiago de Quer\u00e9taro\"},\"image\":{\"@id\":\"https:\/\/www.nexoinformativo.mx\/#\/schema\/logo\/image\/\"},\"sameAs\":[\"https:\/\/www.facebook.com\/people\/Nexo-Informativo\/61564066885511\/\"]},{\"@type\":\"Person\",\"@id\":\"https:\/\/www.nexoinformativo.mx\/#\/schema\/person\/7749d380ba08c8ca00d7bc76fd907b7d\",\"name\":\"Nexo Informativo\",\"image\":{\"@type\":\"ImageObject\",\"inLanguage\":\"es\",\"@id\":\"https:\/\/www.nexoinformativo.mx\/#\/schema\/person\/image\/\",\"url\":\"https:\/\/secure.gravatar.com\/avatar\/dde2928154642a13d95f87ddf1ea9718fe2b46760a005c53e41ff5ad610704e6?s=96&d=mm&r=g\",\"contentUrl\":\"https:\/\/secure.gravatar.com\/avatar\/dde2928154642a13d95f87ddf1ea9718fe2b46760a005c53e41ff5ad610704e6?s=96&d=mm&r=g\",\"caption\":\"Nexo Informativo\"},\"url\":\"https:\/\/www.nexoinformativo.mx\/index.php\/author\/edicion\/\"}]}<\/script>\n<!-- \/ Yoast SEO plugin. -->","yoast_head_json":{"title":"Apple lanza su nueva IA para iPhone: Apple Intelligence, esto es lo que necesitas saber | Nexo Informativo Santiago de Quer\u00e9taro","description":"Apple lanza su nueva IA para iPhone: Apple Intelligence, esto es lo que necesitas saber","robots":{"index":"index","follow":"follow","max-snippet":"max-snippet:-1","max-image-preview":"max-image-preview:large","max-video-preview":"max-video-preview:-1"},"canonical":"https:\/\/www.nexoinformativo.mx\/index.php\/2024\/10\/06\/apple-lanza-su-nueva-ia-para-iphone-apple-intelligence-esto-es-lo-que-necesitas-saber\/","og_locale":"es_MX","og_type":"article","og_title":"Apple lanza su nueva IA para iPhone: Apple Intelligence, esto es lo que necesitas saber | Nexo Informativo Santiago de Quer\u00e9taro","og_description":"Apple lanza su nueva IA para iPhone: Apple Intelligence, esto es lo que necesitas saber","og_url":"https:\/\/www.nexoinformativo.mx\/index.php\/2024\/10\/06\/apple-lanza-su-nueva-ia-para-iphone-apple-intelligence-esto-es-lo-que-necesitas-saber\/","og_site_name":"Nexo Informativo Santiago de Quer\u00e9taro","article_publisher":"https:\/\/www.facebook.com\/people\/Nexo-Informativo\/61564066885511\/","article_published_time":"2024-10-06T23:00:22+00:00","article_modified_time":"2024-10-07T04:38:57+00:00","og_image":[{"width":800,"height":1200,"url":"https:\/\/www.nexoinformativo.mx\/wp-content\/uploads\/2024\/10\/PHOTO-2024-10-06-21-38-15-e1728273468543.jpg","type":"image\/jpeg"}],"author":"Nexo Informativo","twitter_card":"summary_large_image","twitter_misc":{"Escrito por":"Nexo Informativo","Tiempo de lectura":"2 minutos"},"schema":{"@context":"https:\/\/schema.org","@graph":[{"@type":"Article","@id":"https:\/\/www.nexoinformativo.mx\/index.php\/2024\/10\/06\/apple-lanza-su-nueva-ia-para-iphone-apple-intelligence-esto-es-lo-que-necesitas-saber\/#article","isPartOf":{"@id":"https:\/\/www.nexoinformativo.mx\/index.php\/2024\/10\/06\/apple-lanza-su-nueva-ia-para-iphone-apple-intelligence-esto-es-lo-que-necesitas-saber\/"},"author":{"name":"Nexo Informativo","@id":"https:\/\/www.nexoinformativo.mx\/#\/schema\/person\/7749d380ba08c8ca00d7bc76fd907b7d"},"headline":"Apple lanza su nueva IA para iPhone: Apple Intelligence, esto es lo que necesitas saber","datePublished":"2024-10-06T23:00:22+00:00","dateModified":"2024-10-07T04:38:57+00:00","mainEntityOfPage":{"@id":"https:\/\/www.nexoinformativo.mx\/index.php\/2024\/10\/06\/apple-lanza-su-nueva-ia-para-iphone-apple-intelligence-esto-es-lo-que-necesitas-saber\/"},"wordCount":271,"commentCount":0,"publisher":{"@id":"https:\/\/www.nexoinformativo.mx\/#organization"},"image":{"@id":"https:\/\/www.nexoinformativo.mx\/index.php\/2024\/10\/06\/apple-lanza-su-nueva-ia-para-iphone-apple-intelligence-esto-es-lo-que-necesitas-saber\/#primaryimage"},"thumbnailUrl":"https:\/\/www.nexoinformativo.mx\/wp-content\/uploads\/2024\/10\/PHOTO-2024-10-06-21-38-15-e1728273468543.jpg","keywords":["AppleIntelligence","InteligenciaArtificial","iPhoneIA","Tecnolog\u00edaApple"],"articleSection":["Tecnolog\u00eda","\u00daltima Hora"],"inLanguage":"es","potentialAction":[{"@type":"CommentAction","name":"Comment","target":["https:\/\/www.nexoinformativo.mx\/index.php\/2024\/10\/06\/apple-lanza-su-nueva-ia-para-iphone-apple-intelligence-esto-es-lo-que-necesitas-saber\/#respond"]}]},{"@type":"WebPage","@id":"https:\/\/www.nexoinformativo.mx\/index.php\/2024\/10\/06\/apple-lanza-su-nueva-ia-para-iphone-apple-intelligence-esto-es-lo-que-necesitas-saber\/","url":"https:\/\/www.nexoinformativo.mx\/index.php\/2024\/10\/06\/apple-lanza-su-nueva-ia-para-iphone-apple-intelligence-esto-es-lo-que-necesitas-saber\/","name":"Apple lanza su nueva IA para iPhone: Apple Intelligence, esto es lo que necesitas saber | Nexo Informativo Santiago de Quer\u00e9taro","isPartOf":{"@id":"https:\/\/www.nexoinformativo.mx\/#website"},"primaryImageOfPage":{"@id":"https:\/\/www.nexoinformativo.mx\/index.php\/2024\/10\/06\/apple-lanza-su-nueva-ia-para-iphone-apple-intelligence-esto-es-lo-que-necesitas-saber\/#primaryimage"},"image":{"@id":"https:\/\/www.nexoinformativo.mx\/index.php\/2024\/10\/06\/apple-lanza-su-nueva-ia-para-iphone-apple-intelligence-esto-es-lo-que-necesitas-saber\/#primaryimage"},"thumbnailUrl":"https:\/\/www.nexoinformativo.mx\/wp-content\/uploads\/2024\/10\/PHOTO-2024-10-06-21-38-15-e1728273468543.jpg","datePublished":"2024-10-06T23:00:22+00:00","dateModified":"2024-10-07T04:38:57+00:00","description":"Apple lanza su nueva IA para iPhone: Apple Intelligence, esto es lo que necesitas saber","breadcrumb":{"@id":"https:\/\/www.nexoinformativo.mx\/index.php\/2024\/10\/06\/apple-lanza-su-nueva-ia-para-iphone-apple-intelligence-esto-es-lo-que-necesitas-saber\/#breadcrumb"},"inLanguage":"es","potentialAction":[{"@type":"ReadAction","target":["https:\/\/www.nexoinformativo.mx\/index.php\/2024\/10\/06\/apple-lanza-su-nueva-ia-para-iphone-apple-intelligence-esto-es-lo-que-necesitas-saber\/"]}]},{"@type":"ImageObject","inLanguage":"es","@id":"https:\/\/www.nexoinformativo.mx\/index.php\/2024\/10\/06\/apple-lanza-su-nueva-ia-para-iphone-apple-intelligence-esto-es-lo-que-necesitas-saber\/#primaryimage","url":"https:\/\/www.nexoinformativo.mx\/wp-content\/uploads\/2024\/10\/PHOTO-2024-10-06-21-38-15-e1728273468543.jpg","contentUrl":"https:\/\/www.nexoinformativo.mx\/wp-content\/uploads\/2024\/10\/PHOTO-2024-10-06-21-38-15-e1728273468543.jpg","width":800,"height":1200},{"@type":"BreadcrumbList","@id":"https:\/\/www.nexoinformativo.mx\/index.php\/2024\/10\/06\/apple-lanza-su-nueva-ia-para-iphone-apple-intelligence-esto-es-lo-que-necesitas-saber\/#breadcrumb","itemListElement":[{"@type":"ListItem","position":1,"name":"Inicio","item":"https:\/\/www.nexoinformativo.mx\/"},{"@type":"ListItem","position":2,"name":"Apple lanza su nueva IA para iPhone: Apple Intelligence, esto es lo que necesitas saber"}]},{"@type":"WebSite","@id":"https:\/\/www.nexoinformativo.mx\/#website","url":"https:\/\/www.nexoinformativo.mx\/","name":"Nexo Informativo Santiago de Quer\u00e9taro","description":"Explora NexoInformativo y convi\u00e9rtete en parte de una comunidad que valora el conocimiento y la verdad. Tu nexoinformativo es tu puente hacia una comprensi\u00f3n m\u00e1s profunda del mundo que te rodea.","publisher":{"@id":"https:\/\/www.nexoinformativo.mx\/#organization"},"potentialAction":[{"@type":"SearchAction","target":{"@type":"EntryPoint","urlTemplate":"https:\/\/www.nexoinformativo.mx\/?s={search_term_string}"},"query-input":{"@type":"PropertyValueSpecification","valueRequired":true,"valueName":"search_term_string"}}],"inLanguage":"es"},{"@type":"Organization","@id":"https:\/\/www.nexoinformativo.mx\/#organization","name":"Nexo Informativo Santiago de Quer\u00e9taro","url":"https:\/\/www.nexoinformativo.mx\/","logo":{"@type":"ImageObject","inLanguage":"es","@id":"https:\/\/www.nexoinformativo.mx\/#\/schema\/logo\/image\/","url":"https:\/\/www.nexoinformativo.mx\/wp-content\/uploads\/2024\/07\/nexoi-trasparente-2.png","contentUrl":"https:\/\/www.nexoinformativo.mx\/wp-content\/uploads\/2024\/07\/nexoi-trasparente-2.png","width":816,"height":339,"caption":"Nexo Informativo Santiago de Quer\u00e9taro"},"image":{"@id":"https:\/\/www.nexoinformativo.mx\/#\/schema\/logo\/image\/"},"sameAs":["https:\/\/www.facebook.com\/people\/Nexo-Informativo\/61564066885511\/"]},{"@type":"Person","@id":"https:\/\/www.nexoinformativo.mx\/#\/schema\/person\/7749d380ba08c8ca00d7bc76fd907b7d","name":"Nexo Informativo","image":{"@type":"ImageObject","inLanguage":"es","@id":"https:\/\/www.nexoinformativo.mx\/#\/schema\/person\/image\/","url":"https:\/\/secure.gravatar.com\/avatar\/dde2928154642a13d95f87ddf1ea9718fe2b46760a005c53e41ff5ad610704e6?s=96&d=mm&r=g","contentUrl":"https:\/\/secure.gravatar.com\/avatar\/dde2928154642a13d95f87ddf1ea9718fe2b46760a005c53e41ff5ad610704e6?s=96&d=mm&r=g","caption":"Nexo Informativo"},"url":"https:\/\/www.nexoinformativo.mx\/index.php\/author\/edicion\/"}]}},"_links":{"self":[{"href":"https:\/\/www.nexoinformativo.mx\/index.php\/wp-json\/wp\/v2\/posts\/2827","targetHints":{"allow":["GET"]}}],"collection":[{"href":"https:\/\/www.nexoinformativo.mx\/index.php\/wp-json\/wp\/v2\/posts"}],"about":[{"href":"https:\/\/www.nexoinformativo.mx\/index.php\/wp-json\/wp\/v2\/types\/post"}],"author":[{"embeddable":true,"href":"https:\/\/www.nexoinformativo.mx\/index.php\/wp-json\/wp\/v2\/users\/3"}],"replies":[{"embeddable":true,"href":"https:\/\/www.nexoinformativo.mx\/index.php\/wp-json\/wp\/v2\/comments?post=2827"}],"version-history":[{"count":4,"href":"https:\/\/www.nexoinformativo.mx\/index.php\/wp-json\/wp\/v2\/posts\/2827\/revisions"}],"predecessor-version":[{"id":2833,"href":"https:\/\/www.nexoinformativo.mx\/index.php\/wp-json\/wp\/v2\/posts\/2827\/revisions\/2833"}],"wp:featuredmedia":[{"embeddable":true,"href":"https:\/\/www.nexoinformativo.mx\/index.php\/wp-json\/wp\/v2\/media\/2828"}],"wp:attachment":[{"href":"https:\/\/www.nexoinformativo.mx\/index.php\/wp-json\/wp\/v2\/media?parent=2827"}],"wp:term":[{"taxonomy":"category","embeddable":true,"href":"https:\/\/www.nexoinformativo.mx\/index.php\/wp-json\/wp\/v2\/categories?post=2827"},{"taxonomy":"post_tag","embeddable":true,"href":"https:\/\/www.nexoinformativo.mx\/index.php\/wp-json\/wp\/v2\/tags?post=2827"}],"curies":[{"name":"wp","href":"https:\/\/api.w.org\/{rel}","templated":true}]}}