{"id":2834,"date":"2024-10-06T17:00:58","date_gmt":"2024-10-06T23:00:58","guid":{"rendered":"https:\/\/www.nexoinformativo.mx\/?p=2834"},"modified":"2024-10-06T23:25:31","modified_gmt":"2024-10-07T05:25:31","slug":"felifer-macias-celebra-el-45-aniversario-del-tianguis-dominical-miguel-hidalgo-en-la-cruz","status":"publish","type":"post","link":"https:\/\/www.nexoinformativo.mx\/index.php\/2024\/10\/06\/felifer-macias-celebra-el-45-aniversario-del-tianguis-dominical-miguel-hidalgo-en-la-cruz\/","title":{"rendered":"Felifer Mac\u00edas celebra el 45 aniversario del tianguis dominical &#8220;Miguel Hidalgo&#8221; en La Cruz"},"content":{"rendered":"<p style=\"text-align: justify;\">El presidente municipal de Quer\u00e9taro, Felifer Mac\u00edas, celebr\u00f3 el 45 aniversario del tianguis dominical <strong>&#8220;Miguel Hidalgo&#8221; en el Mercado de La Cruz<\/strong>, reconociendo la gran importancia de los espacios comerciales en la econom\u00eda local. Durante una comida conmemorativa, Mac\u00edas reafirm\u00f3 su compromiso de ser un alcalde cercano y siempre dispuesto a apoyar a los comerciantes.<\/p>\n<p>&nbsp;<\/p>\n<p style=\"text-align: justify;\"><strong>&#8220;Ustedes se esfuerzan todos los d\u00edas para salir adelante, y ah\u00ed estar\u00e1 su presidente municipal, hombro a hombro, ayud\u00e1ndoles&#8221;<\/strong>, expres\u00f3 Felifer Mac\u00edas a los presentes, destacando su papel clave en la econom\u00eda queretana. Resalt\u00f3 que estos mercados son un reflejo del esfuerzo y la dedicaci\u00f3n de los comerciantes, quienes contribuyen significativamente al bienestar de las familias de Quer\u00e9taro.<\/p>\n<p>&nbsp;<\/p>\n<p style=\"text-align: justify;\">La celebraci\u00f3n tambi\u00e9n cont\u00f3 con la participaci\u00f3n de diversas autoridades municipales y estatales, como el secretario general del tianguis, Enrique Rangel Ortiz, y otros representantes del sector social y comercial de Quer\u00e9taro.<\/p>\n<p>&nbsp;<\/p>\n<p style=\"text-align: justify;\">Felifer Mac\u00edas finaliz\u00f3 el evento reiterando su compromiso con los tianguistas y mercados, asegurando que su gobierno seguir\u00e1 trabajando para impulsar la econom\u00eda local y mejorar las condiciones de estos importantes puntos de venta.<\/p>\n<p>&nbsp;<\/p>\n<p>&nbsp;<\/p>\n<p style=\"text-align: center;\"><em><strong>\u00a1Informaci\u00f3n que transforma!<\/strong><\/em><\/p>\n","protected":false},"excerpt":{"rendered":"<p>El presidente municipal de Quer\u00e9taro, Felifer Mac\u00edas, celebr\u00f3 el 45 aniversario del tianguis dominical &#8220;Miguel Hidalgo&#8221; en el Mercado de La Cruz, reconociendo la gran importancia de los espacios comerciales en la econom\u00eda local. Durante una comida conmemorativa, Mac\u00edas reafirm\u00f3 su compromiso de ser un alcalde cercano y siempre dispuesto a apoyar a los comerciantes. [&hellip;]<\/p>\n","protected":false},"author":3,"featured_media":2835,"comment_status":"open","ping_status":"open","sticky":false,"template":"","format":"standard","meta":{"footnotes":""},"categories":[65,58],"tags":[1133,1000,1132,1131],"class_list":["post-2834","post","type-post","status-publish","format-standard","has-post-thumbnail","hentry","category-municipios","category-ultima-hora","tag-economialocalqueretaro","tag-felifermacias","tag-queretaro45anos","tag-tianguismiguelhidalgo"],"yoast_head":"<!-- This site is optimized with the Yoast SEO plugin v25.0 - https:\/\/yoast.com\/wordpress\/plugins\/seo\/ -->\n<title>Felifer Mac\u00edas celebra el 45 aniversario del tianguis dominical &quot;Miguel Hidalgo&quot; en La Cruz | Nexo Informativo Santiago de Quer\u00e9taro<\/title>\n<meta name=\"description\" content=\"El presidente municipal de Quer\u00e9taro, Felifer Mac\u00edas, celebr\u00f3 el 45 aniversario del tianguis dominical &quot;Miguel Hidalgo&quot; en el Mercado de La Cruz, reconociendo la gran importancia de los espacios comerciales en la econom\u00eda local y familiar.\" \/>\n<meta name=\"robots\" content=\"index, follow, max-snippet:-1, max-image-preview:large, max-video-preview:-1\" \/>\n<link rel=\"canonical\" href=\"https:\/\/www.nexoinformativo.mx\/index.php\/2024\/10\/06\/felifer-macias-celebra-el-45-aniversario-del-tianguis-dominical-miguel-hidalgo-en-la-cruz\/\" \/>\n<meta property=\"og:locale\" content=\"es_MX\" \/>\n<meta property=\"og:type\" content=\"article\" \/>\n<meta property=\"og:title\" content=\"Felifer Mac\u00edas celebra el 45 aniversario del tianguis dominical &quot;Miguel Hidalgo&quot; en La Cruz | Nexo Informativo Santiago de Quer\u00e9taro\" \/>\n<meta property=\"og:description\" content=\"El presidente municipal de Quer\u00e9taro, Felifer Mac\u00edas, celebr\u00f3 el 45 aniversario del tianguis dominical &quot;Miguel Hidalgo&quot; en el Mercado de La Cruz, reconociendo la gran importancia de los espacios comerciales en la econom\u00eda local y familiar.\" \/>\n<meta property=\"og:url\" content=\"https:\/\/www.nexoinformativo.mx\/index.php\/2024\/10\/06\/felifer-macias-celebra-el-45-aniversario-del-tianguis-dominical-miguel-hidalgo-en-la-cruz\/\" \/>\n<meta property=\"og:site_name\" content=\"Nexo Informativo Santiago de Quer\u00e9taro\" \/>\n<meta property=\"article:publisher\" content=\"https:\/\/www.facebook.com\/people\/Nexo-Informativo\/61564066885511\/\" \/>\n<meta property=\"article:published_time\" content=\"2024-10-06T23:00:58+00:00\" \/>\n<meta property=\"article:modified_time\" content=\"2024-10-07T05:25:31+00:00\" \/>\n<meta property=\"og:image\" content=\"https:\/\/www.nexoinformativo.mx\/wp-content\/uploads\/2024\/10\/PHOTO-2024-10-06-22-23-44-e1728276374614.jpg\" \/>\n\t<meta property=\"og:image:width\" content=\"800\" \/>\n\t<meta property=\"og:image:height\" content=\"1201\" \/>\n\t<meta property=\"og:image:type\" content=\"image\/jpeg\" \/>\n<meta name=\"author\" content=\"Nexo Informativo\" \/>\n<meta name=\"twitter:card\" content=\"summary_large_image\" \/>\n<meta name=\"twitter:label1\" content=\"Escrito por\" \/>\n\t<meta name=\"twitter:data1\" content=\"Nexo Informativo\" \/>\n\t<meta name=\"twitter:label2\" content=\"Tiempo de lectura\" \/>\n\t<meta name=\"twitter:data2\" content=\"2 minutos\" \/>\n<script type=\"application\/ld+json\" class=\"yoast-schema-graph\">{\"@context\":\"https:\/\/schema.org\",\"@graph\":[{\"@type\":\"Article\",\"@id\":\"https:\/\/www.nexoinformativo.mx\/index.php\/2024\/10\/06\/felifer-macias-celebra-el-45-aniversario-del-tianguis-dominical-miguel-hidalgo-en-la-cruz\/#article\",\"isPartOf\":{\"@id\":\"https:\/\/www.nexoinformativo.mx\/index.php\/2024\/10\/06\/felifer-macias-celebra-el-45-aniversario-del-tianguis-dominical-miguel-hidalgo-en-la-cruz\/\"},\"author\":{\"name\":\"Nexo Informativo\",\"@id\":\"https:\/\/www.nexoinformativo.mx\/#\/schema\/person\/7749d380ba08c8ca00d7bc76fd907b7d\"},\"headline\":\"Felifer Mac\u00edas celebra el 45 aniversario del tianguis dominical &#8220;Miguel Hidalgo&#8221; en La Cruz\",\"datePublished\":\"2024-10-06T23:00:58+00:00\",\"dateModified\":\"2024-10-07T05:25:31+00:00\",\"mainEntityOfPage\":{\"@id\":\"https:\/\/www.nexoinformativo.mx\/index.php\/2024\/10\/06\/felifer-macias-celebra-el-45-aniversario-del-tianguis-dominical-miguel-hidalgo-en-la-cruz\/\"},\"wordCount\":217,\"commentCount\":0,\"publisher\":{\"@id\":\"https:\/\/www.nexoinformativo.mx\/#organization\"},\"image\":{\"@id\":\"https:\/\/www.nexoinformativo.mx\/index.php\/2024\/10\/06\/felifer-macias-celebra-el-45-aniversario-del-tianguis-dominical-miguel-hidalgo-en-la-cruz\/#primaryimage\"},\"thumbnailUrl\":\"https:\/\/www.nexoinformativo.mx\/wp-content\/uploads\/2024\/10\/PHOTO-2024-10-06-22-23-44-e1728276374614.jpg\",\"keywords\":[\"Econom\u00edaLocalQuer\u00e9taro\",\"FeliferMac\u00edas\",\"Quer\u00e9taro45A\u00f1os\",\"TianguisMiguelHidalgo\"],\"articleSection\":[\"Municipios\",\"\u00daltima Hora\"],\"inLanguage\":\"es\",\"potentialAction\":[{\"@type\":\"CommentAction\",\"name\":\"Comment\",\"target\":[\"https:\/\/www.nexoinformativo.mx\/index.php\/2024\/10\/06\/felifer-macias-celebra-el-45-aniversario-del-tianguis-dominical-miguel-hidalgo-en-la-cruz\/#respond\"]}]},{\"@type\":\"WebPage\",\"@id\":\"https:\/\/www.nexoinformativo.mx\/index.php\/2024\/10\/06\/felifer-macias-celebra-el-45-aniversario-del-tianguis-dominical-miguel-hidalgo-en-la-cruz\/\",\"url\":\"https:\/\/www.nexoinformativo.mx\/index.php\/2024\/10\/06\/felifer-macias-celebra-el-45-aniversario-del-tianguis-dominical-miguel-hidalgo-en-la-cruz\/\",\"name\":\"Felifer Mac\u00edas celebra el 45 aniversario del tianguis dominical \\\"Miguel Hidalgo\\\" en La Cruz | Nexo Informativo Santiago de Quer\u00e9taro\",\"isPartOf\":{\"@id\":\"https:\/\/www.nexoinformativo.mx\/#website\"},\"primaryImageOfPage\":{\"@id\":\"https:\/\/www.nexoinformativo.mx\/index.php\/2024\/10\/06\/felifer-macias-celebra-el-45-aniversario-del-tianguis-dominical-miguel-hidalgo-en-la-cruz\/#primaryimage\"},\"image\":{\"@id\":\"https:\/\/www.nexoinformativo.mx\/index.php\/2024\/10\/06\/felifer-macias-celebra-el-45-aniversario-del-tianguis-dominical-miguel-hidalgo-en-la-cruz\/#primaryimage\"},\"thumbnailUrl\":\"https:\/\/www.nexoinformativo.mx\/wp-content\/uploads\/2024\/10\/PHOTO-2024-10-06-22-23-44-e1728276374614.jpg\",\"datePublished\":\"2024-10-06T23:00:58+00:00\",\"dateModified\":\"2024-10-07T05:25:31+00:00\",\"description\":\"El presidente municipal de Quer\u00e9taro, Felifer Mac\u00edas, celebr\u00f3 el 45 aniversario del tianguis dominical \\\"Miguel Hidalgo\\\" en el Mercado de La Cruz, reconociendo la gran importancia de los espacios comerciales en la econom\u00eda local y familiar.\",\"breadcrumb\":{\"@id\":\"https:\/\/www.nexoinformativo.mx\/index.php\/2024\/10\/06\/felifer-macias-celebra-el-45-aniversario-del-tianguis-dominical-miguel-hidalgo-en-la-cruz\/#breadcrumb\"},\"inLanguage\":\"es\",\"potentialAction\":[{\"@type\":\"ReadAction\",\"target\":[\"https:\/\/www.nexoinformativo.mx\/index.php\/2024\/10\/06\/felifer-macias-celebra-el-45-aniversario-del-tianguis-dominical-miguel-hidalgo-en-la-cruz\/\"]}]},{\"@type\":\"ImageObject\",\"inLanguage\":\"es\",\"@id\":\"https:\/\/www.nexoinformativo.mx\/index.php\/2024\/10\/06\/felifer-macias-celebra-el-45-aniversario-del-tianguis-dominical-miguel-hidalgo-en-la-cruz\/#primaryimage\",\"url\":\"https:\/\/www.nexoinformativo.mx\/wp-content\/uploads\/2024\/10\/PHOTO-2024-10-06-22-23-44-e1728276374614.jpg\",\"contentUrl\":\"https:\/\/www.nexoinformativo.mx\/wp-content\/uploads\/2024\/10\/PHOTO-2024-10-06-22-23-44-e1728276374614.jpg\",\"width\":800,\"height\":1201},{\"@type\":\"BreadcrumbList\",\"@id\":\"https:\/\/www.nexoinformativo.mx\/index.php\/2024\/10\/06\/felifer-macias-celebra-el-45-aniversario-del-tianguis-dominical-miguel-hidalgo-en-la-cruz\/#breadcrumb\",\"itemListElement\":[{\"@type\":\"ListItem\",\"position\":1,\"name\":\"Inicio\",\"item\":\"https:\/\/www.nexoinformativo.mx\/\"},{\"@type\":\"ListItem\",\"position\":2,\"name\":\"Felifer Mac\u00edas celebra el 45 aniversario del tianguis dominical &#8220;Miguel Hidalgo&#8221; en La Cruz\"}]},{\"@type\":\"WebSite\",\"@id\":\"https:\/\/www.nexoinformativo.mx\/#website\",\"url\":\"https:\/\/www.nexoinformativo.mx\/\",\"name\":\"Nexo Informativo Santiago de Quer\u00e9taro\",\"description\":\"Explora NexoInformativo y convi\u00e9rtete en parte de una comunidad que valora el conocimiento y la verdad. Tu nexoinformativo es tu puente hacia una comprensi\u00f3n m\u00e1s profunda del mundo que te rodea.\",\"publisher\":{\"@id\":\"https:\/\/www.nexoinformativo.mx\/#organization\"},\"potentialAction\":[{\"@type\":\"SearchAction\",\"target\":{\"@type\":\"EntryPoint\",\"urlTemplate\":\"https:\/\/www.nexoinformativo.mx\/?s={search_term_string}\"},\"query-input\":{\"@type\":\"PropertyValueSpecification\",\"valueRequired\":true,\"valueName\":\"search_term_string\"}}],\"inLanguage\":\"es\"},{\"@type\":\"Organization\",\"@id\":\"https:\/\/www.nexoinformativo.mx\/#organization\",\"name\":\"Nexo Informativo Santiago de Quer\u00e9taro\",\"url\":\"https:\/\/www.nexoinformativo.mx\/\",\"logo\":{\"@type\":\"ImageObject\",\"inLanguage\":\"es\",\"@id\":\"https:\/\/www.nexoinformativo.mx\/#\/schema\/logo\/image\/\",\"url\":\"https:\/\/www.nexoinformativo.mx\/wp-content\/uploads\/2024\/07\/nexoi-trasparente-2.png\",\"contentUrl\":\"https:\/\/www.nexoinformativo.mx\/wp-content\/uploads\/2024\/07\/nexoi-trasparente-2.png\",\"width\":816,\"height\":339,\"caption\":\"Nexo Informativo Santiago de Quer\u00e9taro\"},\"image\":{\"@id\":\"https:\/\/www.nexoinformativo.mx\/#\/schema\/logo\/image\/\"},\"sameAs\":[\"https:\/\/www.facebook.com\/people\/Nexo-Informativo\/61564066885511\/\"]},{\"@type\":\"Person\",\"@id\":\"https:\/\/www.nexoinformativo.mx\/#\/schema\/person\/7749d380ba08c8ca00d7bc76fd907b7d\",\"name\":\"Nexo Informativo\",\"image\":{\"@type\":\"ImageObject\",\"inLanguage\":\"es\",\"@id\":\"https:\/\/www.nexoinformativo.mx\/#\/schema\/person\/image\/\",\"url\":\"https:\/\/secure.gravatar.com\/avatar\/dde2928154642a13d95f87ddf1ea9718fe2b46760a005c53e41ff5ad610704e6?s=96&d=mm&r=g\",\"contentUrl\":\"https:\/\/secure.gravatar.com\/avatar\/dde2928154642a13d95f87ddf1ea9718fe2b46760a005c53e41ff5ad610704e6?s=96&d=mm&r=g\",\"caption\":\"Nexo Informativo\"},\"url\":\"https:\/\/www.nexoinformativo.mx\/index.php\/author\/edicion\/\"}]}<\/script>\n<!-- \/ Yoast SEO plugin. -->","yoast_head_json":{"title":"Felifer Mac\u00edas celebra el 45 aniversario del tianguis dominical \"Miguel Hidalgo\" en La Cruz | Nexo Informativo Santiago de Quer\u00e9taro","description":"El presidente municipal de Quer\u00e9taro, Felifer Mac\u00edas, celebr\u00f3 el 45 aniversario del tianguis dominical \"Miguel Hidalgo\" en el Mercado de La Cruz, reconociendo la gran importancia de los espacios comerciales en la econom\u00eda local y familiar.","robots":{"index":"index","follow":"follow","max-snippet":"max-snippet:-1","max-image-preview":"max-image-preview:large","max-video-preview":"max-video-preview:-1"},"canonical":"https:\/\/www.nexoinformativo.mx\/index.php\/2024\/10\/06\/felifer-macias-celebra-el-45-aniversario-del-tianguis-dominical-miguel-hidalgo-en-la-cruz\/","og_locale":"es_MX","og_type":"article","og_title":"Felifer Mac\u00edas celebra el 45 aniversario del tianguis dominical \"Miguel Hidalgo\" en La Cruz | Nexo Informativo Santiago de Quer\u00e9taro","og_description":"El presidente municipal de Quer\u00e9taro, Felifer Mac\u00edas, celebr\u00f3 el 45 aniversario del tianguis dominical \"Miguel Hidalgo\" en el Mercado de La Cruz, reconociendo la gran importancia de los espacios comerciales en la econom\u00eda local y familiar.","og_url":"https:\/\/www.nexoinformativo.mx\/index.php\/2024\/10\/06\/felifer-macias-celebra-el-45-aniversario-del-tianguis-dominical-miguel-hidalgo-en-la-cruz\/","og_site_name":"Nexo Informativo Santiago de Quer\u00e9taro","article_publisher":"https:\/\/www.facebook.com\/people\/Nexo-Informativo\/61564066885511\/","article_published_time":"2024-10-06T23:00:58+00:00","article_modified_time":"2024-10-07T05:25:31+00:00","og_image":[{"width":800,"height":1201,"url":"https:\/\/www.nexoinformativo.mx\/wp-content\/uploads\/2024\/10\/PHOTO-2024-10-06-22-23-44-e1728276374614.jpg","type":"image\/jpeg"}],"author":"Nexo Informativo","twitter_card":"summary_large_image","twitter_misc":{"Escrito por":"Nexo Informativo","Tiempo de lectura":"2 minutos"},"schema":{"@context":"https:\/\/schema.org","@graph":[{"@type":"Article","@id":"https:\/\/www.nexoinformativo.mx\/index.php\/2024\/10\/06\/felifer-macias-celebra-el-45-aniversario-del-tianguis-dominical-miguel-hidalgo-en-la-cruz\/#article","isPartOf":{"@id":"https:\/\/www.nexoinformativo.mx\/index.php\/2024\/10\/06\/felifer-macias-celebra-el-45-aniversario-del-tianguis-dominical-miguel-hidalgo-en-la-cruz\/"},"author":{"name":"Nexo Informativo","@id":"https:\/\/www.nexoinformativo.mx\/#\/schema\/person\/7749d380ba08c8ca00d7bc76fd907b7d"},"headline":"Felifer Mac\u00edas celebra el 45 aniversario del tianguis dominical &#8220;Miguel Hidalgo&#8221; en La Cruz","datePublished":"2024-10-06T23:00:58+00:00","dateModified":"2024-10-07T05:25:31+00:00","mainEntityOfPage":{"@id":"https:\/\/www.nexoinformativo.mx\/index.php\/2024\/10\/06\/felifer-macias-celebra-el-45-aniversario-del-tianguis-dominical-miguel-hidalgo-en-la-cruz\/"},"wordCount":217,"commentCount":0,"publisher":{"@id":"https:\/\/www.nexoinformativo.mx\/#organization"},"image":{"@id":"https:\/\/www.nexoinformativo.mx\/index.php\/2024\/10\/06\/felifer-macias-celebra-el-45-aniversario-del-tianguis-dominical-miguel-hidalgo-en-la-cruz\/#primaryimage"},"thumbnailUrl":"https:\/\/www.nexoinformativo.mx\/wp-content\/uploads\/2024\/10\/PHOTO-2024-10-06-22-23-44-e1728276374614.jpg","keywords":["Econom\u00edaLocalQuer\u00e9taro","FeliferMac\u00edas","Quer\u00e9taro45A\u00f1os","TianguisMiguelHidalgo"],"articleSection":["Municipios","\u00daltima Hora"],"inLanguage":"es","potentialAction":[{"@type":"CommentAction","name":"Comment","target":["https:\/\/www.nexoinformativo.mx\/index.php\/2024\/10\/06\/felifer-macias-celebra-el-45-aniversario-del-tianguis-dominical-miguel-hidalgo-en-la-cruz\/#respond"]}]},{"@type":"WebPage","@id":"https:\/\/www.nexoinformativo.mx\/index.php\/2024\/10\/06\/felifer-macias-celebra-el-45-aniversario-del-tianguis-dominical-miguel-hidalgo-en-la-cruz\/","url":"https:\/\/www.nexoinformativo.mx\/index.php\/2024\/10\/06\/felifer-macias-celebra-el-45-aniversario-del-tianguis-dominical-miguel-hidalgo-en-la-cruz\/","name":"Felifer Mac\u00edas celebra el 45 aniversario del tianguis dominical \"Miguel Hidalgo\" en La Cruz | Nexo Informativo Santiago de Quer\u00e9taro","isPartOf":{"@id":"https:\/\/www.nexoinformativo.mx\/#website"},"primaryImageOfPage":{"@id":"https:\/\/www.nexoinformativo.mx\/index.php\/2024\/10\/06\/felifer-macias-celebra-el-45-aniversario-del-tianguis-dominical-miguel-hidalgo-en-la-cruz\/#primaryimage"},"image":{"@id":"https:\/\/www.nexoinformativo.mx\/index.php\/2024\/10\/06\/felifer-macias-celebra-el-45-aniversario-del-tianguis-dominical-miguel-hidalgo-en-la-cruz\/#primaryimage"},"thumbnailUrl":"https:\/\/www.nexoinformativo.mx\/wp-content\/uploads\/2024\/10\/PHOTO-2024-10-06-22-23-44-e1728276374614.jpg","datePublished":"2024-10-06T23:00:58+00:00","dateModified":"2024-10-07T05:25:31+00:00","description":"El presidente municipal de Quer\u00e9taro, Felifer Mac\u00edas, celebr\u00f3 el 45 aniversario del tianguis dominical \"Miguel Hidalgo\" en el Mercado de La Cruz, reconociendo la gran importancia de los espacios comerciales en la econom\u00eda local y familiar.","breadcrumb":{"@id":"https:\/\/www.nexoinformativo.mx\/index.php\/2024\/10\/06\/felifer-macias-celebra-el-45-aniversario-del-tianguis-dominical-miguel-hidalgo-en-la-cruz\/#breadcrumb"},"inLanguage":"es","potentialAction":[{"@type":"ReadAction","target":["https:\/\/www.nexoinformativo.mx\/index.php\/2024\/10\/06\/felifer-macias-celebra-el-45-aniversario-del-tianguis-dominical-miguel-hidalgo-en-la-cruz\/"]}]},{"@type":"ImageObject","inLanguage":"es","@id":"https:\/\/www.nexoinformativo.mx\/index.php\/2024\/10\/06\/felifer-macias-celebra-el-45-aniversario-del-tianguis-dominical-miguel-hidalgo-en-la-cruz\/#primaryimage","url":"https:\/\/www.nexoinformativo.mx\/wp-content\/uploads\/2024\/10\/PHOTO-2024-10-06-22-23-44-e1728276374614.jpg","contentUrl":"https:\/\/www.nexoinformativo.mx\/wp-content\/uploads\/2024\/10\/PHOTO-2024-10-06-22-23-44-e1728276374614.jpg","width":800,"height":1201},{"@type":"BreadcrumbList","@id":"https:\/\/www.nexoinformativo.mx\/index.php\/2024\/10\/06\/felifer-macias-celebra-el-45-aniversario-del-tianguis-dominical-miguel-hidalgo-en-la-cruz\/#breadcrumb","itemListElement":[{"@type":"ListItem","position":1,"name":"Inicio","item":"https:\/\/www.nexoinformativo.mx\/"},{"@type":"ListItem","position":2,"name":"Felifer Mac\u00edas celebra el 45 aniversario del tianguis dominical &#8220;Miguel Hidalgo&#8221; en La Cruz"}]},{"@type":"WebSite","@id":"https:\/\/www.nexoinformativo.mx\/#website","url":"https:\/\/www.nexoinformativo.mx\/","name":"Nexo Informativo Santiago de Quer\u00e9taro","description":"Explora NexoInformativo y convi\u00e9rtete en parte de una comunidad que valora el conocimiento y la verdad. Tu nexoinformativo es tu puente hacia una comprensi\u00f3n m\u00e1s profunda del mundo que te rodea.","publisher":{"@id":"https:\/\/www.nexoinformativo.mx\/#organization"},"potentialAction":[{"@type":"SearchAction","target":{"@type":"EntryPoint","urlTemplate":"https:\/\/www.nexoinformativo.mx\/?s={search_term_string}"},"query-input":{"@type":"PropertyValueSpecification","valueRequired":true,"valueName":"search_term_string"}}],"inLanguage":"es"},{"@type":"Organization","@id":"https:\/\/www.nexoinformativo.mx\/#organization","name":"Nexo Informativo Santiago de Quer\u00e9taro","url":"https:\/\/www.nexoinformativo.mx\/","logo":{"@type":"ImageObject","inLanguage":"es","@id":"https:\/\/www.nexoinformativo.mx\/#\/schema\/logo\/image\/","url":"https:\/\/www.nexoinformativo.mx\/wp-content\/uploads\/2024\/07\/nexoi-trasparente-2.png","contentUrl":"https:\/\/www.nexoinformativo.mx\/wp-content\/uploads\/2024\/07\/nexoi-trasparente-2.png","width":816,"height":339,"caption":"Nexo Informativo Santiago de Quer\u00e9taro"},"image":{"@id":"https:\/\/www.nexoinformativo.mx\/#\/schema\/logo\/image\/"},"sameAs":["https:\/\/www.facebook.com\/people\/Nexo-Informativo\/61564066885511\/"]},{"@type":"Person","@id":"https:\/\/www.nexoinformativo.mx\/#\/schema\/person\/7749d380ba08c8ca00d7bc76fd907b7d","name":"Nexo Informativo","image":{"@type":"ImageObject","inLanguage":"es","@id":"https:\/\/www.nexoinformativo.mx\/#\/schema\/person\/image\/","url":"https:\/\/secure.gravatar.com\/avatar\/dde2928154642a13d95f87ddf1ea9718fe2b46760a005c53e41ff5ad610704e6?s=96&d=mm&r=g","contentUrl":"https:\/\/secure.gravatar.com\/avatar\/dde2928154642a13d95f87ddf1ea9718fe2b46760a005c53e41ff5ad610704e6?s=96&d=mm&r=g","caption":"Nexo Informativo"},"url":"https:\/\/www.nexoinformativo.mx\/index.php\/author\/edicion\/"}]}},"_links":{"self":[{"href":"https:\/\/www.nexoinformativo.mx\/index.php\/wp-json\/wp\/v2\/posts\/2834","targetHints":{"allow":["GET"]}}],"collection":[{"href":"https:\/\/www.nexoinformativo.mx\/index.php\/wp-json\/wp\/v2\/posts"}],"about":[{"href":"https:\/\/www.nexoinformativo.mx\/index.php\/wp-json\/wp\/v2\/types\/post"}],"author":[{"embeddable":true,"href":"https:\/\/www.nexoinformativo.mx\/index.php\/wp-json\/wp\/v2\/users\/3"}],"replies":[{"embeddable":true,"href":"https:\/\/www.nexoinformativo.mx\/index.php\/wp-json\/wp\/v2\/comments?post=2834"}],"version-history":[{"count":7,"href":"https:\/\/www.nexoinformativo.mx\/index.php\/wp-json\/wp\/v2\/posts\/2834\/revisions"}],"predecessor-version":[{"id":2837,"href":"https:\/\/www.nexoinformativo.mx\/index.php\/wp-json\/wp\/v2\/posts\/2834\/revisions\/2837"}],"wp:featuredmedia":[{"embeddable":true,"href":"https:\/\/www.nexoinformativo.mx\/index.php\/wp-json\/wp\/v2\/media\/2835"}],"wp:attachment":[{"href":"https:\/\/www.nexoinformativo.mx\/index.php\/wp-json\/wp\/v2\/media?parent=2834"}],"wp:term":[{"taxonomy":"category","embeddable":true,"href":"https:\/\/www.nexoinformativo.mx\/index.php\/wp-json\/wp\/v2\/categories?post=2834"},{"taxonomy":"post_tag","embeddable":true,"href":"https:\/\/www.nexoinformativo.mx\/index.php\/wp-json\/wp\/v2\/tags?post=2834"}],"curies":[{"name":"wp","href":"https:\/\/api.w.org\/{rel}","templated":true}]}}