{"id":2842,"date":"2024-10-06T19:00:07","date_gmt":"2024-10-07T01:00:07","guid":{"rendered":"https:\/\/www.nexoinformativo.mx\/?p=2842"},"modified":"2024-10-06T23:31:06","modified_gmt":"2024-10-07T05:31:06","slug":"asesinan-al-alcalde-de-chilpancingo-alejandro-arcos-una-semana-despues-de-asumir-el-cargo","status":"publish","type":"post","link":"https:\/\/www.nexoinformativo.mx\/index.php\/2024\/10\/06\/asesinan-al-alcalde-de-chilpancingo-alejandro-arcos-una-semana-despues-de-asumir-el-cargo\/","title":{"rendered":"Asesinan al alcalde de Chilpancingo Alejandro Arcos, una semana despu\u00e9s de asumir el cargo"},"content":{"rendered":"<p style=\"text-align: justify;\"><strong>Alejandro Arcos<\/strong>, alcalde de Chilpancingo por el PRI, fue asesinado este domingo, apenas una semana despu\u00e9s de haber tomado posesi\u00f3n como presidente municipal de la capital de Guerrero. Este ataque ocurre en medio de un aumento de violencia en el estado, de los m\u00e1s pobres y golpeados por el crimen organizado en el pa\u00eds.<\/p>\n<p>&nbsp;<\/p>\n<p style=\"text-align: justify;\">El pasado jueves, a solo tres d\u00edas despu\u00e9s de la toma de posesi\u00f3n de Arcos, su secretario del ayuntamiento, <strong>Francisco Gonzalo Tapia<\/strong>, tambi\u00e9n fue asesinado a tiros en pleno centro de la ciudad. Visiblemente afectado, Arcos declar\u00f3 en medios locales su exigencia de justicia tras la muerte de su colaborador m\u00e1s cercano. Ahora, el alcalde se convierte en una nueva v\u00edctima de la inseguridad.<\/p>\n<p>&nbsp;<\/p>\n<p style=\"text-align: justify;\">De acuerdo con los primeros informes, el cuerpo de Alejandro Arcos fue hallado este domingo. Fuentes locales se\u00f1alan que el alcalde fue decapitado. La <strong>Fiscal\u00eda de Guerrero<\/strong> y el presidente del PRI, <strong>Alejandro Moreno<\/strong>, confirmaron el asesinato, pero a\u00fan no se han dado a conocer m\u00e1s detalles oficiales.<\/p>\n<p>&nbsp;<\/p>\n<p style=\"text-align: justify;\">Arcos hab\u00eda pasado la ma\u00f1ana del domingo visitando los barrios m\u00e1s afectados por las lluvias e inundaciones que han azotado al estado en las \u00faltimas semanas, demostrando su compromiso con la poblaci\u00f3n afectada.<\/p>\n<p>&nbsp;<\/p>\n<p style=\"text-align: justify;\">Este ataque es un reflejo m\u00e1s de la situaci\u00f3n cr\u00edtica que vive el estado. La violencia pol\u00edtica en M\u00e9xico sigue cobrando v\u00edctimas, y los recientes asesinatos en Chilpancingo son ejemplo de la complejidad de gobernar en regiones controladas por el crimen.<\/p>\n<p>&nbsp;<\/p>\n<p>&nbsp;<\/p>\n<p style=\"text-align: center;\"><em><strong>\u00a1Informaci\u00f3n que transforma!<\/strong><\/em><\/p>\n","protected":false},"excerpt":{"rendered":"<p>Alejandro Arcos, alcalde de Chilpancingo por el PRI, fue asesinado este domingo, apenas una semana despu\u00e9s de haber tomado posesi\u00f3n como presidente municipal de la capital de Guerrero. Este ataque ocurre en medio de un aumento de violencia en el estado, de los m\u00e1s pobres y golpeados por el crimen organizado en el pa\u00eds. &nbsp; [&hellip;]<\/p>\n","protected":false},"author":3,"featured_media":2843,"comment_status":"open","ping_status":"open","sticky":false,"template":"","format":"standard","meta":{"footnotes":""},"categories":[137,58],"tags":[1136,1137,1134,1135],"class_list":["post-2842","post","type-post","status-publish","format-standard","has-post-thumbnail","hentry","category-sucesos","category-ultima-hora","tag-alejandroarcos","tag-inseguridadchilpancingo","tag-justiciaparaguerrero","tag-violenciaenmexico"],"yoast_head":"<!-- This site is optimized with the Yoast SEO plugin v25.0 - https:\/\/yoast.com\/wordpress\/plugins\/seo\/ -->\n<title>Asesinan al alcalde de Chilpancingo Alejandro Arcos, una semana despu\u00e9s de asumir el cargo | Nexo Informativo Santiago de Quer\u00e9taro<\/title>\n<meta name=\"description\" content=\"Asesinan al alcalde de Chilpancingo, Alejandro Arcos, una semana despu\u00e9s de asumir el cargo\" \/>\n<meta name=\"robots\" content=\"index, follow, max-snippet:-1, max-image-preview:large, max-video-preview:-1\" \/>\n<link rel=\"canonical\" href=\"https:\/\/www.nexoinformativo.mx\/index.php\/2024\/10\/06\/asesinan-al-alcalde-de-chilpancingo-alejandro-arcos-una-semana-despues-de-asumir-el-cargo\/\" \/>\n<meta property=\"og:locale\" content=\"es_MX\" \/>\n<meta property=\"og:type\" content=\"article\" \/>\n<meta property=\"og:title\" content=\"Asesinan al alcalde de Chilpancingo Alejandro Arcos, una semana despu\u00e9s de asumir el cargo | Nexo Informativo Santiago de Quer\u00e9taro\" \/>\n<meta property=\"og:description\" content=\"Asesinan al alcalde de Chilpancingo, Alejandro Arcos, una semana despu\u00e9s de asumir el cargo\" \/>\n<meta property=\"og:url\" content=\"https:\/\/www.nexoinformativo.mx\/index.php\/2024\/10\/06\/asesinan-al-alcalde-de-chilpancingo-alejandro-arcos-una-semana-despues-de-asumir-el-cargo\/\" \/>\n<meta property=\"og:site_name\" content=\"Nexo Informativo Santiago de Quer\u00e9taro\" \/>\n<meta property=\"article:publisher\" content=\"https:\/\/www.facebook.com\/people\/Nexo-Informativo\/61564066885511\/\" \/>\n<meta property=\"article:published_time\" content=\"2024-10-07T01:00:07+00:00\" \/>\n<meta property=\"article:modified_time\" content=\"2024-10-07T05:31:06+00:00\" \/>\n<meta property=\"og:image\" content=\"https:\/\/www.nexoinformativo.mx\/wp-content\/uploads\/2024\/10\/IMG_6731.png\" \/>\n\t<meta property=\"og:image:width\" content=\"414\" \/>\n\t<meta property=\"og:image:height\" content=\"275\" \/>\n\t<meta property=\"og:image:type\" content=\"image\/png\" \/>\n<meta name=\"author\" content=\"Nexo Informativo\" \/>\n<meta name=\"twitter:card\" content=\"summary_large_image\" \/>\n<meta name=\"twitter:label1\" content=\"Escrito por\" \/>\n\t<meta name=\"twitter:data1\" content=\"Nexo Informativo\" \/>\n\t<meta name=\"twitter:label2\" content=\"Tiempo de lectura\" \/>\n\t<meta name=\"twitter:data2\" content=\"2 minutos\" \/>\n<script type=\"application\/ld+json\" class=\"yoast-schema-graph\">{\"@context\":\"https:\/\/schema.org\",\"@graph\":[{\"@type\":\"Article\",\"@id\":\"https:\/\/www.nexoinformativo.mx\/index.php\/2024\/10\/06\/asesinan-al-alcalde-de-chilpancingo-alejandro-arcos-una-semana-despues-de-asumir-el-cargo\/#article\",\"isPartOf\":{\"@id\":\"https:\/\/www.nexoinformativo.mx\/index.php\/2024\/10\/06\/asesinan-al-alcalde-de-chilpancingo-alejandro-arcos-una-semana-despues-de-asumir-el-cargo\/\"},\"author\":{\"name\":\"Nexo Informativo\",\"@id\":\"https:\/\/www.nexoinformativo.mx\/#\/schema\/person\/7749d380ba08c8ca00d7bc76fd907b7d\"},\"headline\":\"Asesinan al alcalde de Chilpancingo Alejandro Arcos, una semana despu\u00e9s de asumir el cargo\",\"datePublished\":\"2024-10-07T01:00:07+00:00\",\"dateModified\":\"2024-10-07T05:31:06+00:00\",\"mainEntityOfPage\":{\"@id\":\"https:\/\/www.nexoinformativo.mx\/index.php\/2024\/10\/06\/asesinan-al-alcalde-de-chilpancingo-alejandro-arcos-una-semana-despues-de-asumir-el-cargo\/\"},\"wordCount\":289,\"commentCount\":0,\"publisher\":{\"@id\":\"https:\/\/www.nexoinformativo.mx\/#organization\"},\"image\":{\"@id\":\"https:\/\/www.nexoinformativo.mx\/index.php\/2024\/10\/06\/asesinan-al-alcalde-de-chilpancingo-alejandro-arcos-una-semana-despues-de-asumir-el-cargo\/#primaryimage\"},\"thumbnailUrl\":\"https:\/\/www.nexoinformativo.mx\/wp-content\/uploads\/2024\/10\/IMG_6731.png\",\"keywords\":[\"AlejandroArcos\",\"InseguridadChilpancingo\",\"JusticiaParaGuerrero\",\"ViolenciaEnM\u00e9xico\"],\"articleSection\":[\"Sucesos\",\"\u00daltima Hora\"],\"inLanguage\":\"es\",\"potentialAction\":[{\"@type\":\"CommentAction\",\"name\":\"Comment\",\"target\":[\"https:\/\/www.nexoinformativo.mx\/index.php\/2024\/10\/06\/asesinan-al-alcalde-de-chilpancingo-alejandro-arcos-una-semana-despues-de-asumir-el-cargo\/#respond\"]}]},{\"@type\":\"WebPage\",\"@id\":\"https:\/\/www.nexoinformativo.mx\/index.php\/2024\/10\/06\/asesinan-al-alcalde-de-chilpancingo-alejandro-arcos-una-semana-despues-de-asumir-el-cargo\/\",\"url\":\"https:\/\/www.nexoinformativo.mx\/index.php\/2024\/10\/06\/asesinan-al-alcalde-de-chilpancingo-alejandro-arcos-una-semana-despues-de-asumir-el-cargo\/\",\"name\":\"Asesinan al alcalde de Chilpancingo Alejandro Arcos, una semana despu\u00e9s de asumir el cargo | Nexo Informativo Santiago de Quer\u00e9taro\",\"isPartOf\":{\"@id\":\"https:\/\/www.nexoinformativo.mx\/#website\"},\"primaryImageOfPage\":{\"@id\":\"https:\/\/www.nexoinformativo.mx\/index.php\/2024\/10\/06\/asesinan-al-alcalde-de-chilpancingo-alejandro-arcos-una-semana-despues-de-asumir-el-cargo\/#primaryimage\"},\"image\":{\"@id\":\"https:\/\/www.nexoinformativo.mx\/index.php\/2024\/10\/06\/asesinan-al-alcalde-de-chilpancingo-alejandro-arcos-una-semana-despues-de-asumir-el-cargo\/#primaryimage\"},\"thumbnailUrl\":\"https:\/\/www.nexoinformativo.mx\/wp-content\/uploads\/2024\/10\/IMG_6731.png\",\"datePublished\":\"2024-10-07T01:00:07+00:00\",\"dateModified\":\"2024-10-07T05:31:06+00:00\",\"description\":\"Asesinan al alcalde de Chilpancingo, Alejandro Arcos, una semana despu\u00e9s de asumir el cargo\",\"breadcrumb\":{\"@id\":\"https:\/\/www.nexoinformativo.mx\/index.php\/2024\/10\/06\/asesinan-al-alcalde-de-chilpancingo-alejandro-arcos-una-semana-despues-de-asumir-el-cargo\/#breadcrumb\"},\"inLanguage\":\"es\",\"potentialAction\":[{\"@type\":\"ReadAction\",\"target\":[\"https:\/\/www.nexoinformativo.mx\/index.php\/2024\/10\/06\/asesinan-al-alcalde-de-chilpancingo-alejandro-arcos-una-semana-despues-de-asumir-el-cargo\/\"]}]},{\"@type\":\"ImageObject\",\"inLanguage\":\"es\",\"@id\":\"https:\/\/www.nexoinformativo.mx\/index.php\/2024\/10\/06\/asesinan-al-alcalde-de-chilpancingo-alejandro-arcos-una-semana-despues-de-asumir-el-cargo\/#primaryimage\",\"url\":\"https:\/\/www.nexoinformativo.mx\/wp-content\/uploads\/2024\/10\/IMG_6731.png\",\"contentUrl\":\"https:\/\/www.nexoinformativo.mx\/wp-content\/uploads\/2024\/10\/IMG_6731.png\",\"width\":414,\"height\":275},{\"@type\":\"BreadcrumbList\",\"@id\":\"https:\/\/www.nexoinformativo.mx\/index.php\/2024\/10\/06\/asesinan-al-alcalde-de-chilpancingo-alejandro-arcos-una-semana-despues-de-asumir-el-cargo\/#breadcrumb\",\"itemListElement\":[{\"@type\":\"ListItem\",\"position\":1,\"name\":\"Inicio\",\"item\":\"https:\/\/www.nexoinformativo.mx\/\"},{\"@type\":\"ListItem\",\"position\":2,\"name\":\"Asesinan al alcalde de Chilpancingo Alejandro Arcos, una semana despu\u00e9s de asumir el cargo\"}]},{\"@type\":\"WebSite\",\"@id\":\"https:\/\/www.nexoinformativo.mx\/#website\",\"url\":\"https:\/\/www.nexoinformativo.mx\/\",\"name\":\"Nexo Informativo Santiago de Quer\u00e9taro\",\"description\":\"Explora NexoInformativo y convi\u00e9rtete en parte de una comunidad que valora el conocimiento y la verdad. Tu nexoinformativo es tu puente hacia una comprensi\u00f3n m\u00e1s profunda del mundo que te rodea.\",\"publisher\":{\"@id\":\"https:\/\/www.nexoinformativo.mx\/#organization\"},\"potentialAction\":[{\"@type\":\"SearchAction\",\"target\":{\"@type\":\"EntryPoint\",\"urlTemplate\":\"https:\/\/www.nexoinformativo.mx\/?s={search_term_string}\"},\"query-input\":{\"@type\":\"PropertyValueSpecification\",\"valueRequired\":true,\"valueName\":\"search_term_string\"}}],\"inLanguage\":\"es\"},{\"@type\":\"Organization\",\"@id\":\"https:\/\/www.nexoinformativo.mx\/#organization\",\"name\":\"Nexo Informativo Santiago de Quer\u00e9taro\",\"url\":\"https:\/\/www.nexoinformativo.mx\/\",\"logo\":{\"@type\":\"ImageObject\",\"inLanguage\":\"es\",\"@id\":\"https:\/\/www.nexoinformativo.mx\/#\/schema\/logo\/image\/\",\"url\":\"https:\/\/www.nexoinformativo.mx\/wp-content\/uploads\/2024\/07\/nexoi-trasparente-2.png\",\"contentUrl\":\"https:\/\/www.nexoinformativo.mx\/wp-content\/uploads\/2024\/07\/nexoi-trasparente-2.png\",\"width\":816,\"height\":339,\"caption\":\"Nexo Informativo Santiago de Quer\u00e9taro\"},\"image\":{\"@id\":\"https:\/\/www.nexoinformativo.mx\/#\/schema\/logo\/image\/\"},\"sameAs\":[\"https:\/\/www.facebook.com\/people\/Nexo-Informativo\/61564066885511\/\"]},{\"@type\":\"Person\",\"@id\":\"https:\/\/www.nexoinformativo.mx\/#\/schema\/person\/7749d380ba08c8ca00d7bc76fd907b7d\",\"name\":\"Nexo Informativo\",\"image\":{\"@type\":\"ImageObject\",\"inLanguage\":\"es\",\"@id\":\"https:\/\/www.nexoinformativo.mx\/#\/schema\/person\/image\/\",\"url\":\"https:\/\/secure.gravatar.com\/avatar\/dde2928154642a13d95f87ddf1ea9718fe2b46760a005c53e41ff5ad610704e6?s=96&d=mm&r=g\",\"contentUrl\":\"https:\/\/secure.gravatar.com\/avatar\/dde2928154642a13d95f87ddf1ea9718fe2b46760a005c53e41ff5ad610704e6?s=96&d=mm&r=g\",\"caption\":\"Nexo Informativo\"},\"url\":\"https:\/\/www.nexoinformativo.mx\/index.php\/author\/edicion\/\"}]}<\/script>\n<!-- \/ Yoast SEO plugin. -->","yoast_head_json":{"title":"Asesinan al alcalde de Chilpancingo Alejandro Arcos, una semana despu\u00e9s de asumir el cargo | Nexo Informativo Santiago de Quer\u00e9taro","description":"Asesinan al alcalde de Chilpancingo, Alejandro Arcos, una semana despu\u00e9s de asumir el cargo","robots":{"index":"index","follow":"follow","max-snippet":"max-snippet:-1","max-image-preview":"max-image-preview:large","max-video-preview":"max-video-preview:-1"},"canonical":"https:\/\/www.nexoinformativo.mx\/index.php\/2024\/10\/06\/asesinan-al-alcalde-de-chilpancingo-alejandro-arcos-una-semana-despues-de-asumir-el-cargo\/","og_locale":"es_MX","og_type":"article","og_title":"Asesinan al alcalde de Chilpancingo Alejandro Arcos, una semana despu\u00e9s de asumir el cargo | Nexo Informativo Santiago de Quer\u00e9taro","og_description":"Asesinan al alcalde de Chilpancingo, Alejandro Arcos, una semana despu\u00e9s de asumir el cargo","og_url":"https:\/\/www.nexoinformativo.mx\/index.php\/2024\/10\/06\/asesinan-al-alcalde-de-chilpancingo-alejandro-arcos-una-semana-despues-de-asumir-el-cargo\/","og_site_name":"Nexo Informativo Santiago de Quer\u00e9taro","article_publisher":"https:\/\/www.facebook.com\/people\/Nexo-Informativo\/61564066885511\/","article_published_time":"2024-10-07T01:00:07+00:00","article_modified_time":"2024-10-07T05:31:06+00:00","og_image":[{"width":414,"height":275,"url":"https:\/\/www.nexoinformativo.mx\/wp-content\/uploads\/2024\/10\/IMG_6731.png","type":"image\/png"}],"author":"Nexo Informativo","twitter_card":"summary_large_image","twitter_misc":{"Escrito por":"Nexo Informativo","Tiempo de lectura":"2 minutos"},"schema":{"@context":"https:\/\/schema.org","@graph":[{"@type":"Article","@id":"https:\/\/www.nexoinformativo.mx\/index.php\/2024\/10\/06\/asesinan-al-alcalde-de-chilpancingo-alejandro-arcos-una-semana-despues-de-asumir-el-cargo\/#article","isPartOf":{"@id":"https:\/\/www.nexoinformativo.mx\/index.php\/2024\/10\/06\/asesinan-al-alcalde-de-chilpancingo-alejandro-arcos-una-semana-despues-de-asumir-el-cargo\/"},"author":{"name":"Nexo Informativo","@id":"https:\/\/www.nexoinformativo.mx\/#\/schema\/person\/7749d380ba08c8ca00d7bc76fd907b7d"},"headline":"Asesinan al alcalde de Chilpancingo Alejandro Arcos, una semana despu\u00e9s de asumir el cargo","datePublished":"2024-10-07T01:00:07+00:00","dateModified":"2024-10-07T05:31:06+00:00","mainEntityOfPage":{"@id":"https:\/\/www.nexoinformativo.mx\/index.php\/2024\/10\/06\/asesinan-al-alcalde-de-chilpancingo-alejandro-arcos-una-semana-despues-de-asumir-el-cargo\/"},"wordCount":289,"commentCount":0,"publisher":{"@id":"https:\/\/www.nexoinformativo.mx\/#organization"},"image":{"@id":"https:\/\/www.nexoinformativo.mx\/index.php\/2024\/10\/06\/asesinan-al-alcalde-de-chilpancingo-alejandro-arcos-una-semana-despues-de-asumir-el-cargo\/#primaryimage"},"thumbnailUrl":"https:\/\/www.nexoinformativo.mx\/wp-content\/uploads\/2024\/10\/IMG_6731.png","keywords":["AlejandroArcos","InseguridadChilpancingo","JusticiaParaGuerrero","ViolenciaEnM\u00e9xico"],"articleSection":["Sucesos","\u00daltima Hora"],"inLanguage":"es","potentialAction":[{"@type":"CommentAction","name":"Comment","target":["https:\/\/www.nexoinformativo.mx\/index.php\/2024\/10\/06\/asesinan-al-alcalde-de-chilpancingo-alejandro-arcos-una-semana-despues-de-asumir-el-cargo\/#respond"]}]},{"@type":"WebPage","@id":"https:\/\/www.nexoinformativo.mx\/index.php\/2024\/10\/06\/asesinan-al-alcalde-de-chilpancingo-alejandro-arcos-una-semana-despues-de-asumir-el-cargo\/","url":"https:\/\/www.nexoinformativo.mx\/index.php\/2024\/10\/06\/asesinan-al-alcalde-de-chilpancingo-alejandro-arcos-una-semana-despues-de-asumir-el-cargo\/","name":"Asesinan al alcalde de Chilpancingo Alejandro Arcos, una semana despu\u00e9s de asumir el cargo | Nexo Informativo Santiago de Quer\u00e9taro","isPartOf":{"@id":"https:\/\/www.nexoinformativo.mx\/#website"},"primaryImageOfPage":{"@id":"https:\/\/www.nexoinformativo.mx\/index.php\/2024\/10\/06\/asesinan-al-alcalde-de-chilpancingo-alejandro-arcos-una-semana-despues-de-asumir-el-cargo\/#primaryimage"},"image":{"@id":"https:\/\/www.nexoinformativo.mx\/index.php\/2024\/10\/06\/asesinan-al-alcalde-de-chilpancingo-alejandro-arcos-una-semana-despues-de-asumir-el-cargo\/#primaryimage"},"thumbnailUrl":"https:\/\/www.nexoinformativo.mx\/wp-content\/uploads\/2024\/10\/IMG_6731.png","datePublished":"2024-10-07T01:00:07+00:00","dateModified":"2024-10-07T05:31:06+00:00","description":"Asesinan al alcalde de Chilpancingo, Alejandro Arcos, una semana despu\u00e9s de asumir el cargo","breadcrumb":{"@id":"https:\/\/www.nexoinformativo.mx\/index.php\/2024\/10\/06\/asesinan-al-alcalde-de-chilpancingo-alejandro-arcos-una-semana-despues-de-asumir-el-cargo\/#breadcrumb"},"inLanguage":"es","potentialAction":[{"@type":"ReadAction","target":["https:\/\/www.nexoinformativo.mx\/index.php\/2024\/10\/06\/asesinan-al-alcalde-de-chilpancingo-alejandro-arcos-una-semana-despues-de-asumir-el-cargo\/"]}]},{"@type":"ImageObject","inLanguage":"es","@id":"https:\/\/www.nexoinformativo.mx\/index.php\/2024\/10\/06\/asesinan-al-alcalde-de-chilpancingo-alejandro-arcos-una-semana-despues-de-asumir-el-cargo\/#primaryimage","url":"https:\/\/www.nexoinformativo.mx\/wp-content\/uploads\/2024\/10\/IMG_6731.png","contentUrl":"https:\/\/www.nexoinformativo.mx\/wp-content\/uploads\/2024\/10\/IMG_6731.png","width":414,"height":275},{"@type":"BreadcrumbList","@id":"https:\/\/www.nexoinformativo.mx\/index.php\/2024\/10\/06\/asesinan-al-alcalde-de-chilpancingo-alejandro-arcos-una-semana-despues-de-asumir-el-cargo\/#breadcrumb","itemListElement":[{"@type":"ListItem","position":1,"name":"Inicio","item":"https:\/\/www.nexoinformativo.mx\/"},{"@type":"ListItem","position":2,"name":"Asesinan al alcalde de Chilpancingo Alejandro Arcos, una semana despu\u00e9s de asumir el cargo"}]},{"@type":"WebSite","@id":"https:\/\/www.nexoinformativo.mx\/#website","url":"https:\/\/www.nexoinformativo.mx\/","name":"Nexo Informativo Santiago de Quer\u00e9taro","description":"Explora NexoInformativo y convi\u00e9rtete en parte de una comunidad que valora el conocimiento y la verdad. Tu nexoinformativo es tu puente hacia una comprensi\u00f3n m\u00e1s profunda del mundo que te rodea.","publisher":{"@id":"https:\/\/www.nexoinformativo.mx\/#organization"},"potentialAction":[{"@type":"SearchAction","target":{"@type":"EntryPoint","urlTemplate":"https:\/\/www.nexoinformativo.mx\/?s={search_term_string}"},"query-input":{"@type":"PropertyValueSpecification","valueRequired":true,"valueName":"search_term_string"}}],"inLanguage":"es"},{"@type":"Organization","@id":"https:\/\/www.nexoinformativo.mx\/#organization","name":"Nexo Informativo Santiago de Quer\u00e9taro","url":"https:\/\/www.nexoinformativo.mx\/","logo":{"@type":"ImageObject","inLanguage":"es","@id":"https:\/\/www.nexoinformativo.mx\/#\/schema\/logo\/image\/","url":"https:\/\/www.nexoinformativo.mx\/wp-content\/uploads\/2024\/07\/nexoi-trasparente-2.png","contentUrl":"https:\/\/www.nexoinformativo.mx\/wp-content\/uploads\/2024\/07\/nexoi-trasparente-2.png","width":816,"height":339,"caption":"Nexo Informativo Santiago de Quer\u00e9taro"},"image":{"@id":"https:\/\/www.nexoinformativo.mx\/#\/schema\/logo\/image\/"},"sameAs":["https:\/\/www.facebook.com\/people\/Nexo-Informativo\/61564066885511\/"]},{"@type":"Person","@id":"https:\/\/www.nexoinformativo.mx\/#\/schema\/person\/7749d380ba08c8ca00d7bc76fd907b7d","name":"Nexo Informativo","image":{"@type":"ImageObject","inLanguage":"es","@id":"https:\/\/www.nexoinformativo.mx\/#\/schema\/person\/image\/","url":"https:\/\/secure.gravatar.com\/avatar\/dde2928154642a13d95f87ddf1ea9718fe2b46760a005c53e41ff5ad610704e6?s=96&d=mm&r=g","contentUrl":"https:\/\/secure.gravatar.com\/avatar\/dde2928154642a13d95f87ddf1ea9718fe2b46760a005c53e41ff5ad610704e6?s=96&d=mm&r=g","caption":"Nexo Informativo"},"url":"https:\/\/www.nexoinformativo.mx\/index.php\/author\/edicion\/"}]}},"_links":{"self":[{"href":"https:\/\/www.nexoinformativo.mx\/index.php\/wp-json\/wp\/v2\/posts\/2842","targetHints":{"allow":["GET"]}}],"collection":[{"href":"https:\/\/www.nexoinformativo.mx\/index.php\/wp-json\/wp\/v2\/posts"}],"about":[{"href":"https:\/\/www.nexoinformativo.mx\/index.php\/wp-json\/wp\/v2\/types\/post"}],"author":[{"embeddable":true,"href":"https:\/\/www.nexoinformativo.mx\/index.php\/wp-json\/wp\/v2\/users\/3"}],"replies":[{"embeddable":true,"href":"https:\/\/www.nexoinformativo.mx\/index.php\/wp-json\/wp\/v2\/comments?post=2842"}],"version-history":[{"count":8,"href":"https:\/\/www.nexoinformativo.mx\/index.php\/wp-json\/wp\/v2\/posts\/2842\/revisions"}],"predecessor-version":[{"id":2851,"href":"https:\/\/www.nexoinformativo.mx\/index.php\/wp-json\/wp\/v2\/posts\/2842\/revisions\/2851"}],"wp:featuredmedia":[{"embeddable":true,"href":"https:\/\/www.nexoinformativo.mx\/index.php\/wp-json\/wp\/v2\/media\/2843"}],"wp:attachment":[{"href":"https:\/\/www.nexoinformativo.mx\/index.php\/wp-json\/wp\/v2\/media?parent=2842"}],"wp:term":[{"taxonomy":"category","embeddable":true,"href":"https:\/\/www.nexoinformativo.mx\/index.php\/wp-json\/wp\/v2\/categories?post=2842"},{"taxonomy":"post_tag","embeddable":true,"href":"https:\/\/www.nexoinformativo.mx\/index.php\/wp-json\/wp\/v2\/tags?post=2842"}],"curies":[{"name":"wp","href":"https:\/\/api.w.org\/{rel}","templated":true}]}}