{"id":2854,"date":"2024-10-07T09:00:36","date_gmt":"2024-10-07T15:00:36","guid":{"rendered":"https:\/\/www.nexoinformativo.mx\/?p=2854"},"modified":"2024-10-07T12:14:12","modified_gmt":"2024-10-07T18:14:12","slug":"queretaro-es-sede-del-dia-mundial-del-habitat-del-7-al-10-de-octubre","status":"publish","type":"post","link":"https:\/\/www.nexoinformativo.mx\/index.php\/2024\/10\/07\/queretaro-es-sede-del-dia-mundial-del-habitat-del-7-al-10-de-octubre\/","title":{"rendered":"Quer\u00e9taro, es sede del D\u00eda Mundial del H\u00e1bitat del 7 al 10 de octubre"},"content":{"rendered":"<p style=\"text-align: justify;\">Del 7 al 10 de octubre, Quer\u00e9taro ser\u00e1 el centro de atenci\u00f3n internacional como sede del <strong>D\u00eda Mundial del H\u00e1bitat,<\/strong>\u00a0evento organizado en colaboraci\u00f3n con <strong>ONU-H\u00e1bitat<\/strong> y el gobierno estatal. Con la participaci\u00f3n del gobernador Mauricio Kuri y el presidente municipal Feli Fer Mac\u00edas, este evento re\u00fane a expertos, funcionarios y representantes internacionales para debatir sobre el desarrollo urbano sostenible y pol\u00edticas de vivienda equitativa.<\/p>\n<p>&nbsp;<\/p>\n<p style=\"text-align: justify;\">Ana Claudia Rossbach, representante de ONU-H\u00e1bitat para Am\u00e9rica Latina, destac\u00f3 la importancia de este evento c\u00f3mo plataforma para compartir experiencias y soluciones urbanas que pueden ser replicadas a nivel global. Se abordar\u00e1 la inclusi\u00f3n de la juventud en la planificaci\u00f3n urbana, la sostenibilidad y el dise\u00f1o de ciudades resilientes frente al cambio clim\u00e1tico.<\/p>\n<p>&nbsp;<\/p>\n<p style=\"text-align: justify;\">Este evento representa una gran oportunidad para Quer\u00e9taro de mostrar sus avances en desarrollo urbano y fortalecer alianzas internacionales. Durante 4 d\u00edas, se llevar\u00e1n a cabo mesas redondas, conferencias y talleres centrados en crear ciudades m\u00e1s sostenibles, inclusivas y equitativas, contribuyendo a los objetivos globales de ONU-H\u00e1bitat de mejorar el futuro urbano.<\/p>\n<p>&nbsp;<\/p>\n<p style=\"text-align: justify;\">La sede principal ser\u00e1 el Centro Cultural <strong>Manuel G\u00f3mez Mor\u00edn<\/strong>, donde se celebrar\u00e1 la trig\u00e9sima novena edici\u00f3n de este importante encuentro internacional. Adem\u00e1s, el programa incluir\u00e1 la exposici\u00f3n <strong>\u201cLas Juventudes en Acci\u00f3n\u201d<\/strong>, conferencias magistrales y actividades culturales en distintas plazas de la ciudad. Uno de los momentos clave ser\u00e1 la entrega del Premio Pergamino de Honor de ONU-H\u00e1bitat 2024, que reconocer\u00e1 a tres ciudades y dos personalidades por sus contribuciones al Objetivo de Desarrollo Sostenible.<\/p>\n<p>&nbsp;<\/p>\n<p>&nbsp;<\/p>\n<p style=\"text-align: center;\"><em><strong>\u00a1Informaci\u00f3n que transforma!<\/strong><\/em><\/p>\n","protected":false},"excerpt":{"rendered":"<p>Del 7 al 10 de octubre, Quer\u00e9taro ser\u00e1 el centro de atenci\u00f3n internacional como sede del D\u00eda Mundial del H\u00e1bitat,\u00a0evento organizado en colaboraci\u00f3n con ONU-H\u00e1bitat y el gobierno estatal.<\/p>\n","protected":false},"author":3,"featured_media":2857,"comment_status":"open","ping_status":"open","sticky":false,"template":"","format":"standard","meta":{"footnotes":""},"categories":[42,58],"tags":[1139,1138,1140,994],"class_list":["post-2854","post","type-post","status-publish","format-standard","has-post-thumbnail","hentry","category-estado","category-ultima-hora","tag-ciudadesresilientes","tag-diamundialdelhabitat","tag-juventudesenaccion","tag-queretarosostenible"],"yoast_head":"<!-- This site is optimized with the Yoast SEO plugin v25.0 - https:\/\/yoast.com\/wordpress\/plugins\/seo\/ -->\n<title>Quer\u00e9taro, es sede del D\u00eda Mundial del H\u00e1bitat del 7 al 10 de octubre | Nexo Informativo Santiago de Quer\u00e9taro<\/title>\n<meta name=\"description\" content=\"Quer\u00e9taro, sede del D\u00eda Mundial del H\u00e1bitat del 7 al 10 de octubre\" \/>\n<meta name=\"robots\" content=\"index, follow, max-snippet:-1, max-image-preview:large, max-video-preview:-1\" \/>\n<link rel=\"canonical\" href=\"https:\/\/www.nexoinformativo.mx\/index.php\/2024\/10\/07\/queretaro-es-sede-del-dia-mundial-del-habitat-del-7-al-10-de-octubre\/\" \/>\n<meta property=\"og:locale\" content=\"es_MX\" \/>\n<meta property=\"og:type\" content=\"article\" \/>\n<meta property=\"og:title\" content=\"Quer\u00e9taro, es sede del D\u00eda Mundial del H\u00e1bitat del 7 al 10 de octubre | Nexo Informativo Santiago de Quer\u00e9taro\" \/>\n<meta property=\"og:description\" content=\"Quer\u00e9taro, sede del D\u00eda Mundial del H\u00e1bitat del 7 al 10 de octubre\" \/>\n<meta property=\"og:url\" content=\"https:\/\/www.nexoinformativo.mx\/index.php\/2024\/10\/07\/queretaro-es-sede-del-dia-mundial-del-habitat-del-7-al-10-de-octubre\/\" \/>\n<meta property=\"og:site_name\" content=\"Nexo Informativo Santiago de Quer\u00e9taro\" \/>\n<meta property=\"article:publisher\" content=\"https:\/\/www.facebook.com\/people\/Nexo-Informativo\/61564066885511\/\" \/>\n<meta property=\"article:published_time\" content=\"2024-10-07T15:00:36+00:00\" \/>\n<meta property=\"article:modified_time\" content=\"2024-10-07T18:14:12+00:00\" \/>\n<meta property=\"og:image\" content=\"https:\/\/www.nexoinformativo.mx\/wp-content\/uploads\/2024\/10\/PHOTO-2024-10-07-11-43-07-e1728324843369.jpg\" \/>\n\t<meta property=\"og:image:width\" content=\"800\" \/>\n\t<meta property=\"og:image:height\" content=\"600\" \/>\n\t<meta property=\"og:image:type\" content=\"image\/jpeg\" \/>\n<meta name=\"author\" content=\"Nexo Informativo\" \/>\n<meta name=\"twitter:card\" content=\"summary_large_image\" \/>\n<meta name=\"twitter:label1\" content=\"Escrito por\" \/>\n\t<meta name=\"twitter:data1\" content=\"Nexo Informativo\" \/>\n\t<meta name=\"twitter:label2\" content=\"Tiempo de lectura\" \/>\n\t<meta name=\"twitter:data2\" content=\"2 minutos\" \/>\n<script type=\"application\/ld+json\" class=\"yoast-schema-graph\">{\"@context\":\"https:\/\/schema.org\",\"@graph\":[{\"@type\":\"Article\",\"@id\":\"https:\/\/www.nexoinformativo.mx\/index.php\/2024\/10\/07\/queretaro-es-sede-del-dia-mundial-del-habitat-del-7-al-10-de-octubre\/#article\",\"isPartOf\":{\"@id\":\"https:\/\/www.nexoinformativo.mx\/index.php\/2024\/10\/07\/queretaro-es-sede-del-dia-mundial-del-habitat-del-7-al-10-de-octubre\/\"},\"author\":{\"name\":\"Nexo Informativo\",\"@id\":\"https:\/\/www.nexoinformativo.mx\/#\/schema\/person\/7749d380ba08c8ca00d7bc76fd907b7d\"},\"headline\":\"Quer\u00e9taro, es sede del D\u00eda Mundial del H\u00e1bitat del 7 al 10 de octubre\",\"datePublished\":\"2024-10-07T15:00:36+00:00\",\"dateModified\":\"2024-10-07T18:14:12+00:00\",\"mainEntityOfPage\":{\"@id\":\"https:\/\/www.nexoinformativo.mx\/index.php\/2024\/10\/07\/queretaro-es-sede-del-dia-mundial-del-habitat-del-7-al-10-de-octubre\/\"},\"wordCount\":295,\"commentCount\":0,\"publisher\":{\"@id\":\"https:\/\/www.nexoinformativo.mx\/#organization\"},\"image\":{\"@id\":\"https:\/\/www.nexoinformativo.mx\/index.php\/2024\/10\/07\/queretaro-es-sede-del-dia-mundial-del-habitat-del-7-al-10-de-octubre\/#primaryimage\"},\"thumbnailUrl\":\"https:\/\/www.nexoinformativo.mx\/wp-content\/uploads\/2024\/10\/PHOTO-2024-10-07-11-43-07-e1728324843369.jpg\",\"keywords\":[\"CiudadesResilientes\",\"D\u00edaMundialDelH\u00e1bitat\",\"JuventudesEnAcci\u00f3n\",\"Quer\u00e9taroSostenible\"],\"articleSection\":[\"Estado\",\"\u00daltima Hora\"],\"inLanguage\":\"es\",\"potentialAction\":[{\"@type\":\"CommentAction\",\"name\":\"Comment\",\"target\":[\"https:\/\/www.nexoinformativo.mx\/index.php\/2024\/10\/07\/queretaro-es-sede-del-dia-mundial-del-habitat-del-7-al-10-de-octubre\/#respond\"]}]},{\"@type\":\"WebPage\",\"@id\":\"https:\/\/www.nexoinformativo.mx\/index.php\/2024\/10\/07\/queretaro-es-sede-del-dia-mundial-del-habitat-del-7-al-10-de-octubre\/\",\"url\":\"https:\/\/www.nexoinformativo.mx\/index.php\/2024\/10\/07\/queretaro-es-sede-del-dia-mundial-del-habitat-del-7-al-10-de-octubre\/\",\"name\":\"Quer\u00e9taro, es sede del D\u00eda Mundial del H\u00e1bitat del 7 al 10 de octubre | Nexo Informativo Santiago de Quer\u00e9taro\",\"isPartOf\":{\"@id\":\"https:\/\/www.nexoinformativo.mx\/#website\"},\"primaryImageOfPage\":{\"@id\":\"https:\/\/www.nexoinformativo.mx\/index.php\/2024\/10\/07\/queretaro-es-sede-del-dia-mundial-del-habitat-del-7-al-10-de-octubre\/#primaryimage\"},\"image\":{\"@id\":\"https:\/\/www.nexoinformativo.mx\/index.php\/2024\/10\/07\/queretaro-es-sede-del-dia-mundial-del-habitat-del-7-al-10-de-octubre\/#primaryimage\"},\"thumbnailUrl\":\"https:\/\/www.nexoinformativo.mx\/wp-content\/uploads\/2024\/10\/PHOTO-2024-10-07-11-43-07-e1728324843369.jpg\",\"datePublished\":\"2024-10-07T15:00:36+00:00\",\"dateModified\":\"2024-10-07T18:14:12+00:00\",\"description\":\"Quer\u00e9taro, sede del D\u00eda Mundial del H\u00e1bitat del 7 al 10 de octubre\",\"breadcrumb\":{\"@id\":\"https:\/\/www.nexoinformativo.mx\/index.php\/2024\/10\/07\/queretaro-es-sede-del-dia-mundial-del-habitat-del-7-al-10-de-octubre\/#breadcrumb\"},\"inLanguage\":\"es\",\"potentialAction\":[{\"@type\":\"ReadAction\",\"target\":[\"https:\/\/www.nexoinformativo.mx\/index.php\/2024\/10\/07\/queretaro-es-sede-del-dia-mundial-del-habitat-del-7-al-10-de-octubre\/\"]}]},{\"@type\":\"ImageObject\",\"inLanguage\":\"es\",\"@id\":\"https:\/\/www.nexoinformativo.mx\/index.php\/2024\/10\/07\/queretaro-es-sede-del-dia-mundial-del-habitat-del-7-al-10-de-octubre\/#primaryimage\",\"url\":\"https:\/\/www.nexoinformativo.mx\/wp-content\/uploads\/2024\/10\/PHOTO-2024-10-07-11-43-07-e1728324843369.jpg\",\"contentUrl\":\"https:\/\/www.nexoinformativo.mx\/wp-content\/uploads\/2024\/10\/PHOTO-2024-10-07-11-43-07-e1728324843369.jpg\",\"width\":800,\"height\":600},{\"@type\":\"BreadcrumbList\",\"@id\":\"https:\/\/www.nexoinformativo.mx\/index.php\/2024\/10\/07\/queretaro-es-sede-del-dia-mundial-del-habitat-del-7-al-10-de-octubre\/#breadcrumb\",\"itemListElement\":[{\"@type\":\"ListItem\",\"position\":1,\"name\":\"Inicio\",\"item\":\"https:\/\/www.nexoinformativo.mx\/\"},{\"@type\":\"ListItem\",\"position\":2,\"name\":\"Quer\u00e9taro, es sede del D\u00eda Mundial del H\u00e1bitat del 7 al 10 de octubre\"}]},{\"@type\":\"WebSite\",\"@id\":\"https:\/\/www.nexoinformativo.mx\/#website\",\"url\":\"https:\/\/www.nexoinformativo.mx\/\",\"name\":\"Nexo Informativo Santiago de Quer\u00e9taro\",\"description\":\"Explora NexoInformativo y convi\u00e9rtete en parte de una comunidad que valora el conocimiento y la verdad. Tu nexoinformativo es tu puente hacia una comprensi\u00f3n m\u00e1s profunda del mundo que te rodea.\",\"publisher\":{\"@id\":\"https:\/\/www.nexoinformativo.mx\/#organization\"},\"potentialAction\":[{\"@type\":\"SearchAction\",\"target\":{\"@type\":\"EntryPoint\",\"urlTemplate\":\"https:\/\/www.nexoinformativo.mx\/?s={search_term_string}\"},\"query-input\":{\"@type\":\"PropertyValueSpecification\",\"valueRequired\":true,\"valueName\":\"search_term_string\"}}],\"inLanguage\":\"es\"},{\"@type\":\"Organization\",\"@id\":\"https:\/\/www.nexoinformativo.mx\/#organization\",\"name\":\"Nexo Informativo Santiago de Quer\u00e9taro\",\"url\":\"https:\/\/www.nexoinformativo.mx\/\",\"logo\":{\"@type\":\"ImageObject\",\"inLanguage\":\"es\",\"@id\":\"https:\/\/www.nexoinformativo.mx\/#\/schema\/logo\/image\/\",\"url\":\"https:\/\/www.nexoinformativo.mx\/wp-content\/uploads\/2024\/07\/nexoi-trasparente-2.png\",\"contentUrl\":\"https:\/\/www.nexoinformativo.mx\/wp-content\/uploads\/2024\/07\/nexoi-trasparente-2.png\",\"width\":816,\"height\":339,\"caption\":\"Nexo Informativo Santiago de Quer\u00e9taro\"},\"image\":{\"@id\":\"https:\/\/www.nexoinformativo.mx\/#\/schema\/logo\/image\/\"},\"sameAs\":[\"https:\/\/www.facebook.com\/people\/Nexo-Informativo\/61564066885511\/\"]},{\"@type\":\"Person\",\"@id\":\"https:\/\/www.nexoinformativo.mx\/#\/schema\/person\/7749d380ba08c8ca00d7bc76fd907b7d\",\"name\":\"Nexo Informativo\",\"image\":{\"@type\":\"ImageObject\",\"inLanguage\":\"es\",\"@id\":\"https:\/\/www.nexoinformativo.mx\/#\/schema\/person\/image\/\",\"url\":\"https:\/\/secure.gravatar.com\/avatar\/dde2928154642a13d95f87ddf1ea9718fe2b46760a005c53e41ff5ad610704e6?s=96&d=mm&r=g\",\"contentUrl\":\"https:\/\/secure.gravatar.com\/avatar\/dde2928154642a13d95f87ddf1ea9718fe2b46760a005c53e41ff5ad610704e6?s=96&d=mm&r=g\",\"caption\":\"Nexo Informativo\"},\"url\":\"https:\/\/www.nexoinformativo.mx\/index.php\/author\/edicion\/\"}]}<\/script>\n<!-- \/ Yoast SEO plugin. -->","yoast_head_json":{"title":"Quer\u00e9taro, es sede del D\u00eda Mundial del H\u00e1bitat del 7 al 10 de octubre | Nexo Informativo Santiago de Quer\u00e9taro","description":"Quer\u00e9taro, sede del D\u00eda Mundial del H\u00e1bitat del 7 al 10 de octubre","robots":{"index":"index","follow":"follow","max-snippet":"max-snippet:-1","max-image-preview":"max-image-preview:large","max-video-preview":"max-video-preview:-1"},"canonical":"https:\/\/www.nexoinformativo.mx\/index.php\/2024\/10\/07\/queretaro-es-sede-del-dia-mundial-del-habitat-del-7-al-10-de-octubre\/","og_locale":"es_MX","og_type":"article","og_title":"Quer\u00e9taro, es sede del D\u00eda Mundial del H\u00e1bitat del 7 al 10 de octubre | Nexo Informativo Santiago de Quer\u00e9taro","og_description":"Quer\u00e9taro, sede del D\u00eda Mundial del H\u00e1bitat del 7 al 10 de octubre","og_url":"https:\/\/www.nexoinformativo.mx\/index.php\/2024\/10\/07\/queretaro-es-sede-del-dia-mundial-del-habitat-del-7-al-10-de-octubre\/","og_site_name":"Nexo Informativo Santiago de Quer\u00e9taro","article_publisher":"https:\/\/www.facebook.com\/people\/Nexo-Informativo\/61564066885511\/","article_published_time":"2024-10-07T15:00:36+00:00","article_modified_time":"2024-10-07T18:14:12+00:00","og_image":[{"width":800,"height":600,"url":"https:\/\/www.nexoinformativo.mx\/wp-content\/uploads\/2024\/10\/PHOTO-2024-10-07-11-43-07-e1728324843369.jpg","type":"image\/jpeg"}],"author":"Nexo Informativo","twitter_card":"summary_large_image","twitter_misc":{"Escrito por":"Nexo Informativo","Tiempo de lectura":"2 minutos"},"schema":{"@context":"https:\/\/schema.org","@graph":[{"@type":"Article","@id":"https:\/\/www.nexoinformativo.mx\/index.php\/2024\/10\/07\/queretaro-es-sede-del-dia-mundial-del-habitat-del-7-al-10-de-octubre\/#article","isPartOf":{"@id":"https:\/\/www.nexoinformativo.mx\/index.php\/2024\/10\/07\/queretaro-es-sede-del-dia-mundial-del-habitat-del-7-al-10-de-octubre\/"},"author":{"name":"Nexo Informativo","@id":"https:\/\/www.nexoinformativo.mx\/#\/schema\/person\/7749d380ba08c8ca00d7bc76fd907b7d"},"headline":"Quer\u00e9taro, es sede del D\u00eda Mundial del H\u00e1bitat del 7 al 10 de octubre","datePublished":"2024-10-07T15:00:36+00:00","dateModified":"2024-10-07T18:14:12+00:00","mainEntityOfPage":{"@id":"https:\/\/www.nexoinformativo.mx\/index.php\/2024\/10\/07\/queretaro-es-sede-del-dia-mundial-del-habitat-del-7-al-10-de-octubre\/"},"wordCount":295,"commentCount":0,"publisher":{"@id":"https:\/\/www.nexoinformativo.mx\/#organization"},"image":{"@id":"https:\/\/www.nexoinformativo.mx\/index.php\/2024\/10\/07\/queretaro-es-sede-del-dia-mundial-del-habitat-del-7-al-10-de-octubre\/#primaryimage"},"thumbnailUrl":"https:\/\/www.nexoinformativo.mx\/wp-content\/uploads\/2024\/10\/PHOTO-2024-10-07-11-43-07-e1728324843369.jpg","keywords":["CiudadesResilientes","D\u00edaMundialDelH\u00e1bitat","JuventudesEnAcci\u00f3n","Quer\u00e9taroSostenible"],"articleSection":["Estado","\u00daltima Hora"],"inLanguage":"es","potentialAction":[{"@type":"CommentAction","name":"Comment","target":["https:\/\/www.nexoinformativo.mx\/index.php\/2024\/10\/07\/queretaro-es-sede-del-dia-mundial-del-habitat-del-7-al-10-de-octubre\/#respond"]}]},{"@type":"WebPage","@id":"https:\/\/www.nexoinformativo.mx\/index.php\/2024\/10\/07\/queretaro-es-sede-del-dia-mundial-del-habitat-del-7-al-10-de-octubre\/","url":"https:\/\/www.nexoinformativo.mx\/index.php\/2024\/10\/07\/queretaro-es-sede-del-dia-mundial-del-habitat-del-7-al-10-de-octubre\/","name":"Quer\u00e9taro, es sede del D\u00eda Mundial del H\u00e1bitat del 7 al 10 de octubre | Nexo Informativo Santiago de Quer\u00e9taro","isPartOf":{"@id":"https:\/\/www.nexoinformativo.mx\/#website"},"primaryImageOfPage":{"@id":"https:\/\/www.nexoinformativo.mx\/index.php\/2024\/10\/07\/queretaro-es-sede-del-dia-mundial-del-habitat-del-7-al-10-de-octubre\/#primaryimage"},"image":{"@id":"https:\/\/www.nexoinformativo.mx\/index.php\/2024\/10\/07\/queretaro-es-sede-del-dia-mundial-del-habitat-del-7-al-10-de-octubre\/#primaryimage"},"thumbnailUrl":"https:\/\/www.nexoinformativo.mx\/wp-content\/uploads\/2024\/10\/PHOTO-2024-10-07-11-43-07-e1728324843369.jpg","datePublished":"2024-10-07T15:00:36+00:00","dateModified":"2024-10-07T18:14:12+00:00","description":"Quer\u00e9taro, sede del D\u00eda Mundial del H\u00e1bitat del 7 al 10 de octubre","breadcrumb":{"@id":"https:\/\/www.nexoinformativo.mx\/index.php\/2024\/10\/07\/queretaro-es-sede-del-dia-mundial-del-habitat-del-7-al-10-de-octubre\/#breadcrumb"},"inLanguage":"es","potentialAction":[{"@type":"ReadAction","target":["https:\/\/www.nexoinformativo.mx\/index.php\/2024\/10\/07\/queretaro-es-sede-del-dia-mundial-del-habitat-del-7-al-10-de-octubre\/"]}]},{"@type":"ImageObject","inLanguage":"es","@id":"https:\/\/www.nexoinformativo.mx\/index.php\/2024\/10\/07\/queretaro-es-sede-del-dia-mundial-del-habitat-del-7-al-10-de-octubre\/#primaryimage","url":"https:\/\/www.nexoinformativo.mx\/wp-content\/uploads\/2024\/10\/PHOTO-2024-10-07-11-43-07-e1728324843369.jpg","contentUrl":"https:\/\/www.nexoinformativo.mx\/wp-content\/uploads\/2024\/10\/PHOTO-2024-10-07-11-43-07-e1728324843369.jpg","width":800,"height":600},{"@type":"BreadcrumbList","@id":"https:\/\/www.nexoinformativo.mx\/index.php\/2024\/10\/07\/queretaro-es-sede-del-dia-mundial-del-habitat-del-7-al-10-de-octubre\/#breadcrumb","itemListElement":[{"@type":"ListItem","position":1,"name":"Inicio","item":"https:\/\/www.nexoinformativo.mx\/"},{"@type":"ListItem","position":2,"name":"Quer\u00e9taro, es sede del D\u00eda Mundial del H\u00e1bitat del 7 al 10 de octubre"}]},{"@type":"WebSite","@id":"https:\/\/www.nexoinformativo.mx\/#website","url":"https:\/\/www.nexoinformativo.mx\/","name":"Nexo Informativo Santiago de Quer\u00e9taro","description":"Explora NexoInformativo y convi\u00e9rtete en parte de una comunidad que valora el conocimiento y la verdad. Tu nexoinformativo es tu puente hacia una comprensi\u00f3n m\u00e1s profunda del mundo que te rodea.","publisher":{"@id":"https:\/\/www.nexoinformativo.mx\/#organization"},"potentialAction":[{"@type":"SearchAction","target":{"@type":"EntryPoint","urlTemplate":"https:\/\/www.nexoinformativo.mx\/?s={search_term_string}"},"query-input":{"@type":"PropertyValueSpecification","valueRequired":true,"valueName":"search_term_string"}}],"inLanguage":"es"},{"@type":"Organization","@id":"https:\/\/www.nexoinformativo.mx\/#organization","name":"Nexo Informativo Santiago de Quer\u00e9taro","url":"https:\/\/www.nexoinformativo.mx\/","logo":{"@type":"ImageObject","inLanguage":"es","@id":"https:\/\/www.nexoinformativo.mx\/#\/schema\/logo\/image\/","url":"https:\/\/www.nexoinformativo.mx\/wp-content\/uploads\/2024\/07\/nexoi-trasparente-2.png","contentUrl":"https:\/\/www.nexoinformativo.mx\/wp-content\/uploads\/2024\/07\/nexoi-trasparente-2.png","width":816,"height":339,"caption":"Nexo Informativo Santiago de Quer\u00e9taro"},"image":{"@id":"https:\/\/www.nexoinformativo.mx\/#\/schema\/logo\/image\/"},"sameAs":["https:\/\/www.facebook.com\/people\/Nexo-Informativo\/61564066885511\/"]},{"@type":"Person","@id":"https:\/\/www.nexoinformativo.mx\/#\/schema\/person\/7749d380ba08c8ca00d7bc76fd907b7d","name":"Nexo Informativo","image":{"@type":"ImageObject","inLanguage":"es","@id":"https:\/\/www.nexoinformativo.mx\/#\/schema\/person\/image\/","url":"https:\/\/secure.gravatar.com\/avatar\/dde2928154642a13d95f87ddf1ea9718fe2b46760a005c53e41ff5ad610704e6?s=96&d=mm&r=g","contentUrl":"https:\/\/secure.gravatar.com\/avatar\/dde2928154642a13d95f87ddf1ea9718fe2b46760a005c53e41ff5ad610704e6?s=96&d=mm&r=g","caption":"Nexo Informativo"},"url":"https:\/\/www.nexoinformativo.mx\/index.php\/author\/edicion\/"}]}},"_links":{"self":[{"href":"https:\/\/www.nexoinformativo.mx\/index.php\/wp-json\/wp\/v2\/posts\/2854","targetHints":{"allow":["GET"]}}],"collection":[{"href":"https:\/\/www.nexoinformativo.mx\/index.php\/wp-json\/wp\/v2\/posts"}],"about":[{"href":"https:\/\/www.nexoinformativo.mx\/index.php\/wp-json\/wp\/v2\/types\/post"}],"author":[{"embeddable":true,"href":"https:\/\/www.nexoinformativo.mx\/index.php\/wp-json\/wp\/v2\/users\/3"}],"replies":[{"embeddable":true,"href":"https:\/\/www.nexoinformativo.mx\/index.php\/wp-json\/wp\/v2\/comments?post=2854"}],"version-history":[{"count":2,"href":"https:\/\/www.nexoinformativo.mx\/index.php\/wp-json\/wp\/v2\/posts\/2854\/revisions"}],"predecessor-version":[{"id":2856,"href":"https:\/\/www.nexoinformativo.mx\/index.php\/wp-json\/wp\/v2\/posts\/2854\/revisions\/2856"}],"wp:featuredmedia":[{"embeddable":true,"href":"https:\/\/www.nexoinformativo.mx\/index.php\/wp-json\/wp\/v2\/media\/2857"}],"wp:attachment":[{"href":"https:\/\/www.nexoinformativo.mx\/index.php\/wp-json\/wp\/v2\/media?parent=2854"}],"wp:term":[{"taxonomy":"category","embeddable":true,"href":"https:\/\/www.nexoinformativo.mx\/index.php\/wp-json\/wp\/v2\/categories?post=2854"},{"taxonomy":"post_tag","embeddable":true,"href":"https:\/\/www.nexoinformativo.mx\/index.php\/wp-json\/wp\/v2\/tags?post=2854"}],"curies":[{"name":"wp","href":"https:\/\/api.w.org\/{rel}","templated":true}]}}