{"id":2872,"date":"2024-10-07T12:00:30","date_gmt":"2024-10-07T18:00:30","guid":{"rendered":"https:\/\/www.nexoinformativo.mx\/?p=2872"},"modified":"2024-10-09T18:52:46","modified_gmt":"2024-10-10T00:52:46","slug":"pronostican-lluvias-en-queretaro-por-efectos-del-huracan-milton","status":"publish","type":"post","link":"https:\/\/www.nexoinformativo.mx\/index.php\/2024\/10\/07\/pronostican-lluvias-en-queretaro-por-efectos-del-huracan-milton\/","title":{"rendered":"Pronostican lluvias en Quer\u00e9taro por efectos del Hurac\u00e1n Milton"},"content":{"rendered":"<p style=\"text-align: justify;\">La Coordinaci\u00f3n Estatal de Protecci\u00f3n Civil de Quer\u00e9taro ha emitido un aviso sobre las condiciones clim\u00e1ticas para esta semana, en el que se prev\u00e9n lluvias y temperaturas variables debido a la influencia del Hurac\u00e1n Milton. Seg\u00fan el Servicio Meteorol\u00f3gico Nacional, el clima en la entidad ser\u00e1 caluroso durante las tardes, con temperaturas que oscilar\u00e1n entre los 27 y 9 grados cent\u00edgrados y las ma\u00f1anas y noches ser\u00e1n m\u00e1s frescas.<\/p>\n<p>&nbsp;<\/p>\n<p style=\"text-align: justify;\">En las zonas metropolitanas, centro y sur de Quer\u00e9taro, se espera nubosidad dispersa y viento moderado, con rachas de hasta 22 km\/h. Para estas regiones, hay posibilidad de lluvias ligeras, sobre todo en la zona sur. Por su parte, la zona serrana ver\u00e1 lluvias moderadas entre lunes y martes, con temperaturas m\u00ednimas que llegar\u00e1n hasta los 6 grados cent\u00edgrados.<\/p>\n<p>&nbsp;<\/p>\n<p style=\"text-align: justify;\">El Hurac\u00e1n Milton, que contin\u00faa desplaz\u00e1ndose por el Golfo de M\u00e9xico, provocar\u00e1 lluvias intensas en estados como Campeche y Yucat\u00e1n, mientras que una zona de baja presi\u00f3n frente a Colima y Jalisco contribuir\u00e1 a las precipitaciones en el occidente, centro y sur del pa\u00eds.<\/p>\n<p>&nbsp;<\/p>\n<p style=\"text-align: justify;\">Protecci\u00f3n Civil de Quer\u00e9taro ha instado a la poblaci\u00f3n a mantenerse informada a trav\u00e9s de los canales oficiales y a seguir las recomendaciones emitidas por las autoridades para evitar cualquier tipo de incidente durante los d\u00edas de lluvia.<\/p>\n<p>&nbsp;<\/p>\n<p>&nbsp;<\/p>\n<p style=\"text-align: center;\"><strong><em>\u00a1Informaci\u00f3n que transforma!<\/em><\/strong><\/p>\n","protected":false},"excerpt":{"rendered":"<p>La Coordinaci\u00f3n Estatal de Protecci\u00f3n Civil de Quer\u00e9taro ha emitido un aviso sobre las condiciones clim\u00e1ticas para esta semana, en el que se prev\u00e9n lluvias y temperaturas variables debido a la influencia del Hurac\u00e1n Milton. Seg\u00fan el Servicio Meteorol\u00f3gico Nacional, el clima en la entidad ser\u00e1 caluroso durante las tardes, con temperaturas que oscilar\u00e1n entre [&hellip;]<\/p>\n","protected":false},"author":3,"featured_media":2873,"comment_status":"open","ping_status":"open","sticky":false,"template":"","format":"standard","meta":{"footnotes":""},"categories":[42,58],"tags":[1147,1148,1149,268],"class_list":["post-2872","post","type-post","status-publish","format-standard","has-post-thumbnail","hentry","category-estado","category-ultima-hora","tag-climaqueretaro","tag-huracanmilton","tag-lluviasenqro","tag-proteccioncivilqro"],"yoast_head":"<!-- This site is optimized with the Yoast SEO plugin v25.0 - https:\/\/yoast.com\/wordpress\/plugins\/seo\/ -->\n<title>Pronostican lluvias en Quer\u00e9taro por efectos del Hurac\u00e1n Milton | Nexo Informativo Santiago de Quer\u00e9taro<\/title>\n<meta name=\"description\" content=\"Pronostican lluvias en Quer\u00e9taro por efectos del Hurac\u00e1n Milton\" \/>\n<meta name=\"robots\" content=\"index, follow, max-snippet:-1, max-image-preview:large, max-video-preview:-1\" \/>\n<link rel=\"canonical\" href=\"https:\/\/www.nexoinformativo.mx\/index.php\/2024\/10\/07\/pronostican-lluvias-en-queretaro-por-efectos-del-huracan-milton\/\" \/>\n<meta property=\"og:locale\" content=\"es_MX\" \/>\n<meta property=\"og:type\" content=\"article\" \/>\n<meta property=\"og:title\" content=\"Pronostican lluvias en Quer\u00e9taro por efectos del Hurac\u00e1n Milton | Nexo Informativo Santiago de Quer\u00e9taro\" \/>\n<meta property=\"og:description\" content=\"Pronostican lluvias en Quer\u00e9taro por efectos del Hurac\u00e1n Milton\" \/>\n<meta property=\"og:url\" content=\"https:\/\/www.nexoinformativo.mx\/index.php\/2024\/10\/07\/pronostican-lluvias-en-queretaro-por-efectos-del-huracan-milton\/\" \/>\n<meta property=\"og:site_name\" content=\"Nexo Informativo Santiago de Quer\u00e9taro\" \/>\n<meta property=\"article:publisher\" content=\"https:\/\/www.facebook.com\/people\/Nexo-Informativo\/61564066885511\/\" \/>\n<meta property=\"article:published_time\" content=\"2024-10-07T18:00:30+00:00\" \/>\n<meta property=\"article:modified_time\" content=\"2024-10-10T00:52:46+00:00\" \/>\n<meta property=\"og:image\" content=\"https:\/\/www.nexoinformativo.mx\/wp-content\/uploads\/2024\/10\/PHOTO-2024-10-07-12-50-29-e1728329472838.jpg\" \/>\n\t<meta property=\"og:image:width\" content=\"800\" \/>\n\t<meta property=\"og:image:height\" content=\"677\" \/>\n\t<meta property=\"og:image:type\" content=\"image\/jpeg\" \/>\n<meta name=\"author\" content=\"Nexo Informativo\" \/>\n<meta name=\"twitter:card\" content=\"summary_large_image\" \/>\n<meta name=\"twitter:label1\" content=\"Escrito por\" \/>\n\t<meta name=\"twitter:data1\" content=\"Nexo Informativo\" \/>\n\t<meta name=\"twitter:label2\" content=\"Tiempo de lectura\" \/>\n\t<meta name=\"twitter:data2\" content=\"2 minutos\" \/>\n<script type=\"application\/ld+json\" class=\"yoast-schema-graph\">{\"@context\":\"https:\/\/schema.org\",\"@graph\":[{\"@type\":\"Article\",\"@id\":\"https:\/\/www.nexoinformativo.mx\/index.php\/2024\/10\/07\/pronostican-lluvias-en-queretaro-por-efectos-del-huracan-milton\/#article\",\"isPartOf\":{\"@id\":\"https:\/\/www.nexoinformativo.mx\/index.php\/2024\/10\/07\/pronostican-lluvias-en-queretaro-por-efectos-del-huracan-milton\/\"},\"author\":{\"name\":\"Nexo Informativo\",\"@id\":\"https:\/\/www.nexoinformativo.mx\/#\/schema\/person\/7749d380ba08c8ca00d7bc76fd907b7d\"},\"headline\":\"Pronostican lluvias en Quer\u00e9taro por efectos del Hurac\u00e1n Milton\",\"datePublished\":\"2024-10-07T18:00:30+00:00\",\"dateModified\":\"2024-10-10T00:52:46+00:00\",\"mainEntityOfPage\":{\"@id\":\"https:\/\/www.nexoinformativo.mx\/index.php\/2024\/10\/07\/pronostican-lluvias-en-queretaro-por-efectos-del-huracan-milton\/\"},\"wordCount\":256,\"commentCount\":0,\"publisher\":{\"@id\":\"https:\/\/www.nexoinformativo.mx\/#organization\"},\"image\":{\"@id\":\"https:\/\/www.nexoinformativo.mx\/index.php\/2024\/10\/07\/pronostican-lluvias-en-queretaro-por-efectos-del-huracan-milton\/#primaryimage\"},\"thumbnailUrl\":\"https:\/\/www.nexoinformativo.mx\/wp-content\/uploads\/2024\/10\/PHOTO-2024-10-07-12-50-29-e1728329472838.jpg\",\"keywords\":[\"ClimaQuer\u00e9taro\",\"Hurac\u00e1nMilton\",\"LluviasEnQro\",\"ProteccionCivilQro\"],\"articleSection\":[\"Estado\",\"\u00daltima Hora\"],\"inLanguage\":\"es\",\"potentialAction\":[{\"@type\":\"CommentAction\",\"name\":\"Comment\",\"target\":[\"https:\/\/www.nexoinformativo.mx\/index.php\/2024\/10\/07\/pronostican-lluvias-en-queretaro-por-efectos-del-huracan-milton\/#respond\"]}]},{\"@type\":\"WebPage\",\"@id\":\"https:\/\/www.nexoinformativo.mx\/index.php\/2024\/10\/07\/pronostican-lluvias-en-queretaro-por-efectos-del-huracan-milton\/\",\"url\":\"https:\/\/www.nexoinformativo.mx\/index.php\/2024\/10\/07\/pronostican-lluvias-en-queretaro-por-efectos-del-huracan-milton\/\",\"name\":\"Pronostican lluvias en Quer\u00e9taro por efectos del Hurac\u00e1n Milton | Nexo Informativo Santiago de Quer\u00e9taro\",\"isPartOf\":{\"@id\":\"https:\/\/www.nexoinformativo.mx\/#website\"},\"primaryImageOfPage\":{\"@id\":\"https:\/\/www.nexoinformativo.mx\/index.php\/2024\/10\/07\/pronostican-lluvias-en-queretaro-por-efectos-del-huracan-milton\/#primaryimage\"},\"image\":{\"@id\":\"https:\/\/www.nexoinformativo.mx\/index.php\/2024\/10\/07\/pronostican-lluvias-en-queretaro-por-efectos-del-huracan-milton\/#primaryimage\"},\"thumbnailUrl\":\"https:\/\/www.nexoinformativo.mx\/wp-content\/uploads\/2024\/10\/PHOTO-2024-10-07-12-50-29-e1728329472838.jpg\",\"datePublished\":\"2024-10-07T18:00:30+00:00\",\"dateModified\":\"2024-10-10T00:52:46+00:00\",\"description\":\"Pronostican lluvias en Quer\u00e9taro por efectos del Hurac\u00e1n Milton\",\"breadcrumb\":{\"@id\":\"https:\/\/www.nexoinformativo.mx\/index.php\/2024\/10\/07\/pronostican-lluvias-en-queretaro-por-efectos-del-huracan-milton\/#breadcrumb\"},\"inLanguage\":\"es\",\"potentialAction\":[{\"@type\":\"ReadAction\",\"target\":[\"https:\/\/www.nexoinformativo.mx\/index.php\/2024\/10\/07\/pronostican-lluvias-en-queretaro-por-efectos-del-huracan-milton\/\"]}]},{\"@type\":\"ImageObject\",\"inLanguage\":\"es\",\"@id\":\"https:\/\/www.nexoinformativo.mx\/index.php\/2024\/10\/07\/pronostican-lluvias-en-queretaro-por-efectos-del-huracan-milton\/#primaryimage\",\"url\":\"https:\/\/www.nexoinformativo.mx\/wp-content\/uploads\/2024\/10\/PHOTO-2024-10-07-12-50-29-e1728329472838.jpg\",\"contentUrl\":\"https:\/\/www.nexoinformativo.mx\/wp-content\/uploads\/2024\/10\/PHOTO-2024-10-07-12-50-29-e1728329472838.jpg\",\"width\":800,\"height\":677},{\"@type\":\"BreadcrumbList\",\"@id\":\"https:\/\/www.nexoinformativo.mx\/index.php\/2024\/10\/07\/pronostican-lluvias-en-queretaro-por-efectos-del-huracan-milton\/#breadcrumb\",\"itemListElement\":[{\"@type\":\"ListItem\",\"position\":1,\"name\":\"Inicio\",\"item\":\"https:\/\/www.nexoinformativo.mx\/\"},{\"@type\":\"ListItem\",\"position\":2,\"name\":\"Pronostican lluvias en Quer\u00e9taro por efectos del Hurac\u00e1n Milton\"}]},{\"@type\":\"WebSite\",\"@id\":\"https:\/\/www.nexoinformativo.mx\/#website\",\"url\":\"https:\/\/www.nexoinformativo.mx\/\",\"name\":\"Nexo Informativo Santiago de Quer\u00e9taro\",\"description\":\"Explora NexoInformativo y convi\u00e9rtete en parte de una comunidad que valora el conocimiento y la verdad. Tu nexoinformativo es tu puente hacia una comprensi\u00f3n m\u00e1s profunda del mundo que te rodea.\",\"publisher\":{\"@id\":\"https:\/\/www.nexoinformativo.mx\/#organization\"},\"potentialAction\":[{\"@type\":\"SearchAction\",\"target\":{\"@type\":\"EntryPoint\",\"urlTemplate\":\"https:\/\/www.nexoinformativo.mx\/?s={search_term_string}\"},\"query-input\":{\"@type\":\"PropertyValueSpecification\",\"valueRequired\":true,\"valueName\":\"search_term_string\"}}],\"inLanguage\":\"es\"},{\"@type\":\"Organization\",\"@id\":\"https:\/\/www.nexoinformativo.mx\/#organization\",\"name\":\"Nexo Informativo Santiago de Quer\u00e9taro\",\"url\":\"https:\/\/www.nexoinformativo.mx\/\",\"logo\":{\"@type\":\"ImageObject\",\"inLanguage\":\"es\",\"@id\":\"https:\/\/www.nexoinformativo.mx\/#\/schema\/logo\/image\/\",\"url\":\"https:\/\/www.nexoinformativo.mx\/wp-content\/uploads\/2024\/07\/nexoi-trasparente-2.png\",\"contentUrl\":\"https:\/\/www.nexoinformativo.mx\/wp-content\/uploads\/2024\/07\/nexoi-trasparente-2.png\",\"width\":816,\"height\":339,\"caption\":\"Nexo Informativo Santiago de Quer\u00e9taro\"},\"image\":{\"@id\":\"https:\/\/www.nexoinformativo.mx\/#\/schema\/logo\/image\/\"},\"sameAs\":[\"https:\/\/www.facebook.com\/people\/Nexo-Informativo\/61564066885511\/\"]},{\"@type\":\"Person\",\"@id\":\"https:\/\/www.nexoinformativo.mx\/#\/schema\/person\/7749d380ba08c8ca00d7bc76fd907b7d\",\"name\":\"Nexo Informativo\",\"image\":{\"@type\":\"ImageObject\",\"inLanguage\":\"es\",\"@id\":\"https:\/\/www.nexoinformativo.mx\/#\/schema\/person\/image\/\",\"url\":\"https:\/\/secure.gravatar.com\/avatar\/dde2928154642a13d95f87ddf1ea9718fe2b46760a005c53e41ff5ad610704e6?s=96&d=mm&r=g\",\"contentUrl\":\"https:\/\/secure.gravatar.com\/avatar\/dde2928154642a13d95f87ddf1ea9718fe2b46760a005c53e41ff5ad610704e6?s=96&d=mm&r=g\",\"caption\":\"Nexo Informativo\"},\"url\":\"https:\/\/www.nexoinformativo.mx\/index.php\/author\/edicion\/\"}]}<\/script>\n<!-- \/ Yoast SEO plugin. -->","yoast_head_json":{"title":"Pronostican lluvias en Quer\u00e9taro por efectos del Hurac\u00e1n Milton | Nexo Informativo Santiago de Quer\u00e9taro","description":"Pronostican lluvias en Quer\u00e9taro por efectos del Hurac\u00e1n Milton","robots":{"index":"index","follow":"follow","max-snippet":"max-snippet:-1","max-image-preview":"max-image-preview:large","max-video-preview":"max-video-preview:-1"},"canonical":"https:\/\/www.nexoinformativo.mx\/index.php\/2024\/10\/07\/pronostican-lluvias-en-queretaro-por-efectos-del-huracan-milton\/","og_locale":"es_MX","og_type":"article","og_title":"Pronostican lluvias en Quer\u00e9taro por efectos del Hurac\u00e1n Milton | Nexo Informativo Santiago de Quer\u00e9taro","og_description":"Pronostican lluvias en Quer\u00e9taro por efectos del Hurac\u00e1n Milton","og_url":"https:\/\/www.nexoinformativo.mx\/index.php\/2024\/10\/07\/pronostican-lluvias-en-queretaro-por-efectos-del-huracan-milton\/","og_site_name":"Nexo Informativo Santiago de Quer\u00e9taro","article_publisher":"https:\/\/www.facebook.com\/people\/Nexo-Informativo\/61564066885511\/","article_published_time":"2024-10-07T18:00:30+00:00","article_modified_time":"2024-10-10T00:52:46+00:00","og_image":[{"width":800,"height":677,"url":"https:\/\/www.nexoinformativo.mx\/wp-content\/uploads\/2024\/10\/PHOTO-2024-10-07-12-50-29-e1728329472838.jpg","type":"image\/jpeg"}],"author":"Nexo Informativo","twitter_card":"summary_large_image","twitter_misc":{"Escrito por":"Nexo Informativo","Tiempo de lectura":"2 minutos"},"schema":{"@context":"https:\/\/schema.org","@graph":[{"@type":"Article","@id":"https:\/\/www.nexoinformativo.mx\/index.php\/2024\/10\/07\/pronostican-lluvias-en-queretaro-por-efectos-del-huracan-milton\/#article","isPartOf":{"@id":"https:\/\/www.nexoinformativo.mx\/index.php\/2024\/10\/07\/pronostican-lluvias-en-queretaro-por-efectos-del-huracan-milton\/"},"author":{"name":"Nexo Informativo","@id":"https:\/\/www.nexoinformativo.mx\/#\/schema\/person\/7749d380ba08c8ca00d7bc76fd907b7d"},"headline":"Pronostican lluvias en Quer\u00e9taro por efectos del Hurac\u00e1n Milton","datePublished":"2024-10-07T18:00:30+00:00","dateModified":"2024-10-10T00:52:46+00:00","mainEntityOfPage":{"@id":"https:\/\/www.nexoinformativo.mx\/index.php\/2024\/10\/07\/pronostican-lluvias-en-queretaro-por-efectos-del-huracan-milton\/"},"wordCount":256,"commentCount":0,"publisher":{"@id":"https:\/\/www.nexoinformativo.mx\/#organization"},"image":{"@id":"https:\/\/www.nexoinformativo.mx\/index.php\/2024\/10\/07\/pronostican-lluvias-en-queretaro-por-efectos-del-huracan-milton\/#primaryimage"},"thumbnailUrl":"https:\/\/www.nexoinformativo.mx\/wp-content\/uploads\/2024\/10\/PHOTO-2024-10-07-12-50-29-e1728329472838.jpg","keywords":["ClimaQuer\u00e9taro","Hurac\u00e1nMilton","LluviasEnQro","ProteccionCivilQro"],"articleSection":["Estado","\u00daltima Hora"],"inLanguage":"es","potentialAction":[{"@type":"CommentAction","name":"Comment","target":["https:\/\/www.nexoinformativo.mx\/index.php\/2024\/10\/07\/pronostican-lluvias-en-queretaro-por-efectos-del-huracan-milton\/#respond"]}]},{"@type":"WebPage","@id":"https:\/\/www.nexoinformativo.mx\/index.php\/2024\/10\/07\/pronostican-lluvias-en-queretaro-por-efectos-del-huracan-milton\/","url":"https:\/\/www.nexoinformativo.mx\/index.php\/2024\/10\/07\/pronostican-lluvias-en-queretaro-por-efectos-del-huracan-milton\/","name":"Pronostican lluvias en Quer\u00e9taro por efectos del Hurac\u00e1n Milton | Nexo Informativo Santiago de Quer\u00e9taro","isPartOf":{"@id":"https:\/\/www.nexoinformativo.mx\/#website"},"primaryImageOfPage":{"@id":"https:\/\/www.nexoinformativo.mx\/index.php\/2024\/10\/07\/pronostican-lluvias-en-queretaro-por-efectos-del-huracan-milton\/#primaryimage"},"image":{"@id":"https:\/\/www.nexoinformativo.mx\/index.php\/2024\/10\/07\/pronostican-lluvias-en-queretaro-por-efectos-del-huracan-milton\/#primaryimage"},"thumbnailUrl":"https:\/\/www.nexoinformativo.mx\/wp-content\/uploads\/2024\/10\/PHOTO-2024-10-07-12-50-29-e1728329472838.jpg","datePublished":"2024-10-07T18:00:30+00:00","dateModified":"2024-10-10T00:52:46+00:00","description":"Pronostican lluvias en Quer\u00e9taro por efectos del Hurac\u00e1n Milton","breadcrumb":{"@id":"https:\/\/www.nexoinformativo.mx\/index.php\/2024\/10\/07\/pronostican-lluvias-en-queretaro-por-efectos-del-huracan-milton\/#breadcrumb"},"inLanguage":"es","potentialAction":[{"@type":"ReadAction","target":["https:\/\/www.nexoinformativo.mx\/index.php\/2024\/10\/07\/pronostican-lluvias-en-queretaro-por-efectos-del-huracan-milton\/"]}]},{"@type":"ImageObject","inLanguage":"es","@id":"https:\/\/www.nexoinformativo.mx\/index.php\/2024\/10\/07\/pronostican-lluvias-en-queretaro-por-efectos-del-huracan-milton\/#primaryimage","url":"https:\/\/www.nexoinformativo.mx\/wp-content\/uploads\/2024\/10\/PHOTO-2024-10-07-12-50-29-e1728329472838.jpg","contentUrl":"https:\/\/www.nexoinformativo.mx\/wp-content\/uploads\/2024\/10\/PHOTO-2024-10-07-12-50-29-e1728329472838.jpg","width":800,"height":677},{"@type":"BreadcrumbList","@id":"https:\/\/www.nexoinformativo.mx\/index.php\/2024\/10\/07\/pronostican-lluvias-en-queretaro-por-efectos-del-huracan-milton\/#breadcrumb","itemListElement":[{"@type":"ListItem","position":1,"name":"Inicio","item":"https:\/\/www.nexoinformativo.mx\/"},{"@type":"ListItem","position":2,"name":"Pronostican lluvias en Quer\u00e9taro por efectos del Hurac\u00e1n Milton"}]},{"@type":"WebSite","@id":"https:\/\/www.nexoinformativo.mx\/#website","url":"https:\/\/www.nexoinformativo.mx\/","name":"Nexo Informativo Santiago de Quer\u00e9taro","description":"Explora NexoInformativo y convi\u00e9rtete en parte de una comunidad que valora el conocimiento y la verdad. Tu nexoinformativo es tu puente hacia una comprensi\u00f3n m\u00e1s profunda del mundo que te rodea.","publisher":{"@id":"https:\/\/www.nexoinformativo.mx\/#organization"},"potentialAction":[{"@type":"SearchAction","target":{"@type":"EntryPoint","urlTemplate":"https:\/\/www.nexoinformativo.mx\/?s={search_term_string}"},"query-input":{"@type":"PropertyValueSpecification","valueRequired":true,"valueName":"search_term_string"}}],"inLanguage":"es"},{"@type":"Organization","@id":"https:\/\/www.nexoinformativo.mx\/#organization","name":"Nexo Informativo Santiago de Quer\u00e9taro","url":"https:\/\/www.nexoinformativo.mx\/","logo":{"@type":"ImageObject","inLanguage":"es","@id":"https:\/\/www.nexoinformativo.mx\/#\/schema\/logo\/image\/","url":"https:\/\/www.nexoinformativo.mx\/wp-content\/uploads\/2024\/07\/nexoi-trasparente-2.png","contentUrl":"https:\/\/www.nexoinformativo.mx\/wp-content\/uploads\/2024\/07\/nexoi-trasparente-2.png","width":816,"height":339,"caption":"Nexo Informativo Santiago de Quer\u00e9taro"},"image":{"@id":"https:\/\/www.nexoinformativo.mx\/#\/schema\/logo\/image\/"},"sameAs":["https:\/\/www.facebook.com\/people\/Nexo-Informativo\/61564066885511\/"]},{"@type":"Person","@id":"https:\/\/www.nexoinformativo.mx\/#\/schema\/person\/7749d380ba08c8ca00d7bc76fd907b7d","name":"Nexo Informativo","image":{"@type":"ImageObject","inLanguage":"es","@id":"https:\/\/www.nexoinformativo.mx\/#\/schema\/person\/image\/","url":"https:\/\/secure.gravatar.com\/avatar\/dde2928154642a13d95f87ddf1ea9718fe2b46760a005c53e41ff5ad610704e6?s=96&d=mm&r=g","contentUrl":"https:\/\/secure.gravatar.com\/avatar\/dde2928154642a13d95f87ddf1ea9718fe2b46760a005c53e41ff5ad610704e6?s=96&d=mm&r=g","caption":"Nexo Informativo"},"url":"https:\/\/www.nexoinformativo.mx\/index.php\/author\/edicion\/"}]}},"_links":{"self":[{"href":"https:\/\/www.nexoinformativo.mx\/index.php\/wp-json\/wp\/v2\/posts\/2872","targetHints":{"allow":["GET"]}}],"collection":[{"href":"https:\/\/www.nexoinformativo.mx\/index.php\/wp-json\/wp\/v2\/posts"}],"about":[{"href":"https:\/\/www.nexoinformativo.mx\/index.php\/wp-json\/wp\/v2\/types\/post"}],"author":[{"embeddable":true,"href":"https:\/\/www.nexoinformativo.mx\/index.php\/wp-json\/wp\/v2\/users\/3"}],"replies":[{"embeddable":true,"href":"https:\/\/www.nexoinformativo.mx\/index.php\/wp-json\/wp\/v2\/comments?post=2872"}],"version-history":[{"count":2,"href":"https:\/\/www.nexoinformativo.mx\/index.php\/wp-json\/wp\/v2\/posts\/2872\/revisions"}],"predecessor-version":[{"id":2876,"href":"https:\/\/www.nexoinformativo.mx\/index.php\/wp-json\/wp\/v2\/posts\/2872\/revisions\/2876"}],"wp:featuredmedia":[{"embeddable":true,"href":"https:\/\/www.nexoinformativo.mx\/index.php\/wp-json\/wp\/v2\/media\/2873"}],"wp:attachment":[{"href":"https:\/\/www.nexoinformativo.mx\/index.php\/wp-json\/wp\/v2\/media?parent=2872"}],"wp:term":[{"taxonomy":"category","embeddable":true,"href":"https:\/\/www.nexoinformativo.mx\/index.php\/wp-json\/wp\/v2\/categories?post=2872"},{"taxonomy":"post_tag","embeddable":true,"href":"https:\/\/www.nexoinformativo.mx\/index.php\/wp-json\/wp\/v2\/tags?post=2872"}],"curies":[{"name":"wp","href":"https:\/\/api.w.org\/{rel}","templated":true}]}}