{"id":2884,"date":"2024-10-07T13:00:54","date_gmt":"2024-10-07T19:00:54","guid":{"rendered":"https:\/\/www.nexoinformativo.mx\/?p=2884"},"modified":"2024-10-07T14:15:22","modified_gmt":"2024-10-07T20:15:22","slug":"felifer-macias-apuesta-por-la-sostenibilidad-en-el-plan-municipal-2024-2027","status":"publish","type":"post","link":"https:\/\/www.nexoinformativo.mx\/index.php\/2024\/10\/07\/felifer-macias-apuesta-por-la-sostenibilidad-en-el-plan-municipal-2024-2027\/","title":{"rendered":"Felifer Mac\u00edas apuesta por la sostenibilidad en el Plan Municipal 2024-2027"},"content":{"rendered":"<p style=\"text-align: justify;\">El presidente municipal de Quer\u00e9taro, <strong>Felifer Mac\u00edas<\/strong>, reafirm\u00f3 su compromiso con el desarrollo sostenible durante la inauguraci\u00f3n del evento en el marco del D\u00eda Mundial del H\u00e1bitat, organizado en colaboraci\u00f3n con la <strong>ONU-H\u00e1bitat<\/strong> y encabezado por el gobernador Mauricio Kuri destac\u00f3 que el Plan Municipal 2024-2027 se alinear\u00e1 completamente con los Objetivos de Desarrollo Sostenible <strong>(ODS)<\/strong>, priorizando el crecimiento ordenado, responsable y el respeto por los recursos naturales.<\/p>\n<p>&nbsp;<\/p>\n<p style=\"text-align: justify;\">El alcalde subray\u00f3 que Quer\u00e9taro, como parte de una de las zonas metropolitanas con mayor crecimiento econ\u00f3mico a nivel nacional, enfrenta desaf\u00edos derivados de su expansi\u00f3n. Ante esta situaci\u00f3n, el Plan Municipal se enfocar\u00e1 en garantizar que el crecimiento no comprometa la calidad de vida de los habitantes, con atenci\u00f3n en \u00e1reas clave como la movilidad, seguridad p\u00fablica y servicios esenciales.<\/p>\n<p>&nbsp;<\/p>\n<p style=\"text-align: justify;\">Mac\u00edas resalt\u00f3 que, como parte de una generaci\u00f3n joven, cree en la planeaci\u00f3n a largo plazo, aunque ello implique asumir costos pol\u00edticos. <strong>&#8220;Solo tomando decisiones responsables, m\u00e1s all\u00e1 del corto plazo, podemos asegurar un mejor futuro para las nuevas generaciones&#8221;<\/strong>, afirm\u00f3.<\/p>\n<p>&nbsp;<\/p>\n<p style=\"text-align: justify;\">El evento tambi\u00e9n cont\u00f3 con la presencia de destacadas personalidades de organismos internacionales, como Ana Claudia Marinheiro Rossbach, Directora Ejecutiva de ONU-H\u00e1bitat, y Edna Elena Vega, Secretaria de SEDATU, quienes coincidieron en la importancia de los esfuerzos coordinados entre todos los niveles de gobierno y la comunidad internacional para impulsar el desarrollo urbano sostenible.<\/p>\n<p>&nbsp;<\/p>\n<p style=\"text-align: justify;\">Este Plan Municipal promete marcar una diferencia en el crecimiento de Quer\u00e9taro, promoviendo un equilibrio entre el progreso econ\u00f3mico y la justicia social, con oportunidades equitativas para todos los ciudadanos.<\/p>\n<p>&nbsp;<\/p>\n<p>&nbsp;<\/p>\n<p style=\"text-align: center;\"><em><strong>\u00a1Informaci\u00f3n que transforma!<\/strong><\/em><\/p>\n","protected":false},"excerpt":{"rendered":"<p>El presidente municipal de Quer\u00e9taro, Felifer Mac\u00edas, reafirm\u00f3 su compromiso con el desarrollo sostenible durante la inauguraci\u00f3n del evento en el marco del D\u00eda Mundial del H\u00e1bitat, organizado en colaboraci\u00f3n con la ONU-H\u00e1bitat y encabezado por el gobernador Mauricio Kuri destac\u00f3 que el Plan Municipal 2024-2027 se alinear\u00e1 completamente con los Objetivos de Desarrollo Sostenible [&hellip;]<\/p>\n","protected":false},"author":3,"featured_media":2885,"comment_status":"open","ping_status":"open","sticky":false,"template":"","format":"standard","meta":{"footnotes":""},"categories":[65,58],"tags":[470,1155,1156,1154],"class_list":["post-2884","post","type-post","status-publish","format-standard","has-post-thumbnail","hentry","category-municipios","category-ultima-hora","tag-futurosostenible","tag-odsqueretaro","tag-planeacionlargoplazo","tag-queretarocrece"],"yoast_head":"<!-- This site is optimized with the Yoast SEO plugin v25.0 - https:\/\/yoast.com\/wordpress\/plugins\/seo\/ -->\n<title>Felifer Mac\u00edas apuesta por la sostenibilidad en el Plan Municipal 2024-2027 | Nexo Informativo Santiago de Quer\u00e9taro<\/title>\n<meta name=\"description\" content=\"Felifer Mac\u00edas apuesta por la sostenibilidad en el Plan Municipal 2024-2027\" \/>\n<meta name=\"robots\" content=\"index, follow, max-snippet:-1, max-image-preview:large, max-video-preview:-1\" \/>\n<link rel=\"canonical\" href=\"https:\/\/www.nexoinformativo.mx\/index.php\/2024\/10\/07\/felifer-macias-apuesta-por-la-sostenibilidad-en-el-plan-municipal-2024-2027\/\" \/>\n<meta property=\"og:locale\" content=\"es_MX\" \/>\n<meta property=\"og:type\" content=\"article\" \/>\n<meta property=\"og:title\" content=\"Felifer Mac\u00edas apuesta por la sostenibilidad en el Plan Municipal 2024-2027 | Nexo Informativo Santiago de Quer\u00e9taro\" \/>\n<meta property=\"og:description\" content=\"Felifer Mac\u00edas apuesta por la sostenibilidad en el Plan Municipal 2024-2027\" \/>\n<meta property=\"og:url\" content=\"https:\/\/www.nexoinformativo.mx\/index.php\/2024\/10\/07\/felifer-macias-apuesta-por-la-sostenibilidad-en-el-plan-municipal-2024-2027\/\" \/>\n<meta property=\"og:site_name\" content=\"Nexo Informativo Santiago de Quer\u00e9taro\" \/>\n<meta property=\"article:publisher\" content=\"https:\/\/www.facebook.com\/people\/Nexo-Informativo\/61564066885511\/\" \/>\n<meta property=\"article:published_time\" content=\"2024-10-07T19:00:54+00:00\" \/>\n<meta property=\"article:modified_time\" content=\"2024-10-07T20:15:22+00:00\" \/>\n<meta property=\"og:image\" content=\"https:\/\/www.nexoinformativo.mx\/wp-content\/uploads\/2024\/10\/PHOTO-2024-10-07-13-56-20-e1728331889911.jpg\" \/>\n\t<meta property=\"og:image:width\" content=\"800\" \/>\n\t<meta property=\"og:image:height\" content=\"533\" \/>\n\t<meta property=\"og:image:type\" content=\"image\/jpeg\" \/>\n<meta name=\"author\" content=\"Nexo Informativo\" \/>\n<meta name=\"twitter:card\" content=\"summary_large_image\" \/>\n<meta name=\"twitter:label1\" content=\"Escrito por\" \/>\n\t<meta name=\"twitter:data1\" content=\"Nexo Informativo\" \/>\n\t<meta name=\"twitter:label2\" content=\"Tiempo de lectura\" \/>\n\t<meta name=\"twitter:data2\" content=\"2 minutos\" \/>\n<script type=\"application\/ld+json\" class=\"yoast-schema-graph\">{\"@context\":\"https:\/\/schema.org\",\"@graph\":[{\"@type\":\"Article\",\"@id\":\"https:\/\/www.nexoinformativo.mx\/index.php\/2024\/10\/07\/felifer-macias-apuesta-por-la-sostenibilidad-en-el-plan-municipal-2024-2027\/#article\",\"isPartOf\":{\"@id\":\"https:\/\/www.nexoinformativo.mx\/index.php\/2024\/10\/07\/felifer-macias-apuesta-por-la-sostenibilidad-en-el-plan-municipal-2024-2027\/\"},\"author\":{\"name\":\"Nexo Informativo\",\"@id\":\"https:\/\/www.nexoinformativo.mx\/#\/schema\/person\/7749d380ba08c8ca00d7bc76fd907b7d\"},\"headline\":\"Felifer Mac\u00edas apuesta por la sostenibilidad en el Plan Municipal 2024-2027\",\"datePublished\":\"2024-10-07T19:00:54+00:00\",\"dateModified\":\"2024-10-07T20:15:22+00:00\",\"mainEntityOfPage\":{\"@id\":\"https:\/\/www.nexoinformativo.mx\/index.php\/2024\/10\/07\/felifer-macias-apuesta-por-la-sostenibilidad-en-el-plan-municipal-2024-2027\/\"},\"wordCount\":299,\"commentCount\":0,\"publisher\":{\"@id\":\"https:\/\/www.nexoinformativo.mx\/#organization\"},\"image\":{\"@id\":\"https:\/\/www.nexoinformativo.mx\/index.php\/2024\/10\/07\/felifer-macias-apuesta-por-la-sostenibilidad-en-el-plan-municipal-2024-2027\/#primaryimage\"},\"thumbnailUrl\":\"https:\/\/www.nexoinformativo.mx\/wp-content\/uploads\/2024\/10\/PHOTO-2024-10-07-13-56-20-e1728331889911.jpg\",\"keywords\":[\"FuturoSostenible\",\"ODSQuer\u00e9taro\",\"Planeaci\u00f3nLargoPlazo\",\"Quer\u00e9taroCrece\"],\"articleSection\":[\"Municipios\",\"\u00daltima Hora\"],\"inLanguage\":\"es\",\"potentialAction\":[{\"@type\":\"CommentAction\",\"name\":\"Comment\",\"target\":[\"https:\/\/www.nexoinformativo.mx\/index.php\/2024\/10\/07\/felifer-macias-apuesta-por-la-sostenibilidad-en-el-plan-municipal-2024-2027\/#respond\"]}]},{\"@type\":\"WebPage\",\"@id\":\"https:\/\/www.nexoinformativo.mx\/index.php\/2024\/10\/07\/felifer-macias-apuesta-por-la-sostenibilidad-en-el-plan-municipal-2024-2027\/\",\"url\":\"https:\/\/www.nexoinformativo.mx\/index.php\/2024\/10\/07\/felifer-macias-apuesta-por-la-sostenibilidad-en-el-plan-municipal-2024-2027\/\",\"name\":\"Felifer Mac\u00edas apuesta por la sostenibilidad en el Plan Municipal 2024-2027 | Nexo Informativo Santiago de Quer\u00e9taro\",\"isPartOf\":{\"@id\":\"https:\/\/www.nexoinformativo.mx\/#website\"},\"primaryImageOfPage\":{\"@id\":\"https:\/\/www.nexoinformativo.mx\/index.php\/2024\/10\/07\/felifer-macias-apuesta-por-la-sostenibilidad-en-el-plan-municipal-2024-2027\/#primaryimage\"},\"image\":{\"@id\":\"https:\/\/www.nexoinformativo.mx\/index.php\/2024\/10\/07\/felifer-macias-apuesta-por-la-sostenibilidad-en-el-plan-municipal-2024-2027\/#primaryimage\"},\"thumbnailUrl\":\"https:\/\/www.nexoinformativo.mx\/wp-content\/uploads\/2024\/10\/PHOTO-2024-10-07-13-56-20-e1728331889911.jpg\",\"datePublished\":\"2024-10-07T19:00:54+00:00\",\"dateModified\":\"2024-10-07T20:15:22+00:00\",\"description\":\"Felifer Mac\u00edas apuesta por la sostenibilidad en el Plan Municipal 2024-2027\",\"breadcrumb\":{\"@id\":\"https:\/\/www.nexoinformativo.mx\/index.php\/2024\/10\/07\/felifer-macias-apuesta-por-la-sostenibilidad-en-el-plan-municipal-2024-2027\/#breadcrumb\"},\"inLanguage\":\"es\",\"potentialAction\":[{\"@type\":\"ReadAction\",\"target\":[\"https:\/\/www.nexoinformativo.mx\/index.php\/2024\/10\/07\/felifer-macias-apuesta-por-la-sostenibilidad-en-el-plan-municipal-2024-2027\/\"]}]},{\"@type\":\"ImageObject\",\"inLanguage\":\"es\",\"@id\":\"https:\/\/www.nexoinformativo.mx\/index.php\/2024\/10\/07\/felifer-macias-apuesta-por-la-sostenibilidad-en-el-plan-municipal-2024-2027\/#primaryimage\",\"url\":\"https:\/\/www.nexoinformativo.mx\/wp-content\/uploads\/2024\/10\/PHOTO-2024-10-07-13-56-20-e1728331889911.jpg\",\"contentUrl\":\"https:\/\/www.nexoinformativo.mx\/wp-content\/uploads\/2024\/10\/PHOTO-2024-10-07-13-56-20-e1728331889911.jpg\",\"width\":800,\"height\":533},{\"@type\":\"BreadcrumbList\",\"@id\":\"https:\/\/www.nexoinformativo.mx\/index.php\/2024\/10\/07\/felifer-macias-apuesta-por-la-sostenibilidad-en-el-plan-municipal-2024-2027\/#breadcrumb\",\"itemListElement\":[{\"@type\":\"ListItem\",\"position\":1,\"name\":\"Inicio\",\"item\":\"https:\/\/www.nexoinformativo.mx\/\"},{\"@type\":\"ListItem\",\"position\":2,\"name\":\"Felifer Mac\u00edas apuesta por la sostenibilidad en el Plan Municipal 2024-2027\"}]},{\"@type\":\"WebSite\",\"@id\":\"https:\/\/www.nexoinformativo.mx\/#website\",\"url\":\"https:\/\/www.nexoinformativo.mx\/\",\"name\":\"Nexo Informativo Santiago de Quer\u00e9taro\",\"description\":\"Explora NexoInformativo y convi\u00e9rtete en parte de una comunidad que valora el conocimiento y la verdad. Tu nexoinformativo es tu puente hacia una comprensi\u00f3n m\u00e1s profunda del mundo que te rodea.\",\"publisher\":{\"@id\":\"https:\/\/www.nexoinformativo.mx\/#organization\"},\"potentialAction\":[{\"@type\":\"SearchAction\",\"target\":{\"@type\":\"EntryPoint\",\"urlTemplate\":\"https:\/\/www.nexoinformativo.mx\/?s={search_term_string}\"},\"query-input\":{\"@type\":\"PropertyValueSpecification\",\"valueRequired\":true,\"valueName\":\"search_term_string\"}}],\"inLanguage\":\"es\"},{\"@type\":\"Organization\",\"@id\":\"https:\/\/www.nexoinformativo.mx\/#organization\",\"name\":\"Nexo Informativo Santiago de Quer\u00e9taro\",\"url\":\"https:\/\/www.nexoinformativo.mx\/\",\"logo\":{\"@type\":\"ImageObject\",\"inLanguage\":\"es\",\"@id\":\"https:\/\/www.nexoinformativo.mx\/#\/schema\/logo\/image\/\",\"url\":\"https:\/\/www.nexoinformativo.mx\/wp-content\/uploads\/2024\/07\/nexoi-trasparente-2.png\",\"contentUrl\":\"https:\/\/www.nexoinformativo.mx\/wp-content\/uploads\/2024\/07\/nexoi-trasparente-2.png\",\"width\":816,\"height\":339,\"caption\":\"Nexo Informativo Santiago de Quer\u00e9taro\"},\"image\":{\"@id\":\"https:\/\/www.nexoinformativo.mx\/#\/schema\/logo\/image\/\"},\"sameAs\":[\"https:\/\/www.facebook.com\/people\/Nexo-Informativo\/61564066885511\/\"]},{\"@type\":\"Person\",\"@id\":\"https:\/\/www.nexoinformativo.mx\/#\/schema\/person\/7749d380ba08c8ca00d7bc76fd907b7d\",\"name\":\"Nexo Informativo\",\"image\":{\"@type\":\"ImageObject\",\"inLanguage\":\"es\",\"@id\":\"https:\/\/www.nexoinformativo.mx\/#\/schema\/person\/image\/\",\"url\":\"https:\/\/secure.gravatar.com\/avatar\/dde2928154642a13d95f87ddf1ea9718fe2b46760a005c53e41ff5ad610704e6?s=96&d=mm&r=g\",\"contentUrl\":\"https:\/\/secure.gravatar.com\/avatar\/dde2928154642a13d95f87ddf1ea9718fe2b46760a005c53e41ff5ad610704e6?s=96&d=mm&r=g\",\"caption\":\"Nexo Informativo\"},\"url\":\"https:\/\/www.nexoinformativo.mx\/index.php\/author\/edicion\/\"}]}<\/script>\n<!-- \/ Yoast SEO plugin. -->","yoast_head_json":{"title":"Felifer Mac\u00edas apuesta por la sostenibilidad en el Plan Municipal 2024-2027 | Nexo Informativo Santiago de Quer\u00e9taro","description":"Felifer Mac\u00edas apuesta por la sostenibilidad en el Plan Municipal 2024-2027","robots":{"index":"index","follow":"follow","max-snippet":"max-snippet:-1","max-image-preview":"max-image-preview:large","max-video-preview":"max-video-preview:-1"},"canonical":"https:\/\/www.nexoinformativo.mx\/index.php\/2024\/10\/07\/felifer-macias-apuesta-por-la-sostenibilidad-en-el-plan-municipal-2024-2027\/","og_locale":"es_MX","og_type":"article","og_title":"Felifer Mac\u00edas apuesta por la sostenibilidad en el Plan Municipal 2024-2027 | Nexo Informativo Santiago de Quer\u00e9taro","og_description":"Felifer Mac\u00edas apuesta por la sostenibilidad en el Plan Municipal 2024-2027","og_url":"https:\/\/www.nexoinformativo.mx\/index.php\/2024\/10\/07\/felifer-macias-apuesta-por-la-sostenibilidad-en-el-plan-municipal-2024-2027\/","og_site_name":"Nexo Informativo Santiago de Quer\u00e9taro","article_publisher":"https:\/\/www.facebook.com\/people\/Nexo-Informativo\/61564066885511\/","article_published_time":"2024-10-07T19:00:54+00:00","article_modified_time":"2024-10-07T20:15:22+00:00","og_image":[{"width":800,"height":533,"url":"https:\/\/www.nexoinformativo.mx\/wp-content\/uploads\/2024\/10\/PHOTO-2024-10-07-13-56-20-e1728331889911.jpg","type":"image\/jpeg"}],"author":"Nexo Informativo","twitter_card":"summary_large_image","twitter_misc":{"Escrito por":"Nexo Informativo","Tiempo de lectura":"2 minutos"},"schema":{"@context":"https:\/\/schema.org","@graph":[{"@type":"Article","@id":"https:\/\/www.nexoinformativo.mx\/index.php\/2024\/10\/07\/felifer-macias-apuesta-por-la-sostenibilidad-en-el-plan-municipal-2024-2027\/#article","isPartOf":{"@id":"https:\/\/www.nexoinformativo.mx\/index.php\/2024\/10\/07\/felifer-macias-apuesta-por-la-sostenibilidad-en-el-plan-municipal-2024-2027\/"},"author":{"name":"Nexo Informativo","@id":"https:\/\/www.nexoinformativo.mx\/#\/schema\/person\/7749d380ba08c8ca00d7bc76fd907b7d"},"headline":"Felifer Mac\u00edas apuesta por la sostenibilidad en el Plan Municipal 2024-2027","datePublished":"2024-10-07T19:00:54+00:00","dateModified":"2024-10-07T20:15:22+00:00","mainEntityOfPage":{"@id":"https:\/\/www.nexoinformativo.mx\/index.php\/2024\/10\/07\/felifer-macias-apuesta-por-la-sostenibilidad-en-el-plan-municipal-2024-2027\/"},"wordCount":299,"commentCount":0,"publisher":{"@id":"https:\/\/www.nexoinformativo.mx\/#organization"},"image":{"@id":"https:\/\/www.nexoinformativo.mx\/index.php\/2024\/10\/07\/felifer-macias-apuesta-por-la-sostenibilidad-en-el-plan-municipal-2024-2027\/#primaryimage"},"thumbnailUrl":"https:\/\/www.nexoinformativo.mx\/wp-content\/uploads\/2024\/10\/PHOTO-2024-10-07-13-56-20-e1728331889911.jpg","keywords":["FuturoSostenible","ODSQuer\u00e9taro","Planeaci\u00f3nLargoPlazo","Quer\u00e9taroCrece"],"articleSection":["Municipios","\u00daltima Hora"],"inLanguage":"es","potentialAction":[{"@type":"CommentAction","name":"Comment","target":["https:\/\/www.nexoinformativo.mx\/index.php\/2024\/10\/07\/felifer-macias-apuesta-por-la-sostenibilidad-en-el-plan-municipal-2024-2027\/#respond"]}]},{"@type":"WebPage","@id":"https:\/\/www.nexoinformativo.mx\/index.php\/2024\/10\/07\/felifer-macias-apuesta-por-la-sostenibilidad-en-el-plan-municipal-2024-2027\/","url":"https:\/\/www.nexoinformativo.mx\/index.php\/2024\/10\/07\/felifer-macias-apuesta-por-la-sostenibilidad-en-el-plan-municipal-2024-2027\/","name":"Felifer Mac\u00edas apuesta por la sostenibilidad en el Plan Municipal 2024-2027 | Nexo Informativo Santiago de Quer\u00e9taro","isPartOf":{"@id":"https:\/\/www.nexoinformativo.mx\/#website"},"primaryImageOfPage":{"@id":"https:\/\/www.nexoinformativo.mx\/index.php\/2024\/10\/07\/felifer-macias-apuesta-por-la-sostenibilidad-en-el-plan-municipal-2024-2027\/#primaryimage"},"image":{"@id":"https:\/\/www.nexoinformativo.mx\/index.php\/2024\/10\/07\/felifer-macias-apuesta-por-la-sostenibilidad-en-el-plan-municipal-2024-2027\/#primaryimage"},"thumbnailUrl":"https:\/\/www.nexoinformativo.mx\/wp-content\/uploads\/2024\/10\/PHOTO-2024-10-07-13-56-20-e1728331889911.jpg","datePublished":"2024-10-07T19:00:54+00:00","dateModified":"2024-10-07T20:15:22+00:00","description":"Felifer Mac\u00edas apuesta por la sostenibilidad en el Plan Municipal 2024-2027","breadcrumb":{"@id":"https:\/\/www.nexoinformativo.mx\/index.php\/2024\/10\/07\/felifer-macias-apuesta-por-la-sostenibilidad-en-el-plan-municipal-2024-2027\/#breadcrumb"},"inLanguage":"es","potentialAction":[{"@type":"ReadAction","target":["https:\/\/www.nexoinformativo.mx\/index.php\/2024\/10\/07\/felifer-macias-apuesta-por-la-sostenibilidad-en-el-plan-municipal-2024-2027\/"]}]},{"@type":"ImageObject","inLanguage":"es","@id":"https:\/\/www.nexoinformativo.mx\/index.php\/2024\/10\/07\/felifer-macias-apuesta-por-la-sostenibilidad-en-el-plan-municipal-2024-2027\/#primaryimage","url":"https:\/\/www.nexoinformativo.mx\/wp-content\/uploads\/2024\/10\/PHOTO-2024-10-07-13-56-20-e1728331889911.jpg","contentUrl":"https:\/\/www.nexoinformativo.mx\/wp-content\/uploads\/2024\/10\/PHOTO-2024-10-07-13-56-20-e1728331889911.jpg","width":800,"height":533},{"@type":"BreadcrumbList","@id":"https:\/\/www.nexoinformativo.mx\/index.php\/2024\/10\/07\/felifer-macias-apuesta-por-la-sostenibilidad-en-el-plan-municipal-2024-2027\/#breadcrumb","itemListElement":[{"@type":"ListItem","position":1,"name":"Inicio","item":"https:\/\/www.nexoinformativo.mx\/"},{"@type":"ListItem","position":2,"name":"Felifer Mac\u00edas apuesta por la sostenibilidad en el Plan Municipal 2024-2027"}]},{"@type":"WebSite","@id":"https:\/\/www.nexoinformativo.mx\/#website","url":"https:\/\/www.nexoinformativo.mx\/","name":"Nexo Informativo Santiago de Quer\u00e9taro","description":"Explora NexoInformativo y convi\u00e9rtete en parte de una comunidad que valora el conocimiento y la verdad. Tu nexoinformativo es tu puente hacia una comprensi\u00f3n m\u00e1s profunda del mundo que te rodea.","publisher":{"@id":"https:\/\/www.nexoinformativo.mx\/#organization"},"potentialAction":[{"@type":"SearchAction","target":{"@type":"EntryPoint","urlTemplate":"https:\/\/www.nexoinformativo.mx\/?s={search_term_string}"},"query-input":{"@type":"PropertyValueSpecification","valueRequired":true,"valueName":"search_term_string"}}],"inLanguage":"es"},{"@type":"Organization","@id":"https:\/\/www.nexoinformativo.mx\/#organization","name":"Nexo Informativo Santiago de Quer\u00e9taro","url":"https:\/\/www.nexoinformativo.mx\/","logo":{"@type":"ImageObject","inLanguage":"es","@id":"https:\/\/www.nexoinformativo.mx\/#\/schema\/logo\/image\/","url":"https:\/\/www.nexoinformativo.mx\/wp-content\/uploads\/2024\/07\/nexoi-trasparente-2.png","contentUrl":"https:\/\/www.nexoinformativo.mx\/wp-content\/uploads\/2024\/07\/nexoi-trasparente-2.png","width":816,"height":339,"caption":"Nexo Informativo Santiago de Quer\u00e9taro"},"image":{"@id":"https:\/\/www.nexoinformativo.mx\/#\/schema\/logo\/image\/"},"sameAs":["https:\/\/www.facebook.com\/people\/Nexo-Informativo\/61564066885511\/"]},{"@type":"Person","@id":"https:\/\/www.nexoinformativo.mx\/#\/schema\/person\/7749d380ba08c8ca00d7bc76fd907b7d","name":"Nexo Informativo","image":{"@type":"ImageObject","inLanguage":"es","@id":"https:\/\/www.nexoinformativo.mx\/#\/schema\/person\/image\/","url":"https:\/\/secure.gravatar.com\/avatar\/dde2928154642a13d95f87ddf1ea9718fe2b46760a005c53e41ff5ad610704e6?s=96&d=mm&r=g","contentUrl":"https:\/\/secure.gravatar.com\/avatar\/dde2928154642a13d95f87ddf1ea9718fe2b46760a005c53e41ff5ad610704e6?s=96&d=mm&r=g","caption":"Nexo Informativo"},"url":"https:\/\/www.nexoinformativo.mx\/index.php\/author\/edicion\/"}]}},"_links":{"self":[{"href":"https:\/\/www.nexoinformativo.mx\/index.php\/wp-json\/wp\/v2\/posts\/2884","targetHints":{"allow":["GET"]}}],"collection":[{"href":"https:\/\/www.nexoinformativo.mx\/index.php\/wp-json\/wp\/v2\/posts"}],"about":[{"href":"https:\/\/www.nexoinformativo.mx\/index.php\/wp-json\/wp\/v2\/types\/post"}],"author":[{"embeddable":true,"href":"https:\/\/www.nexoinformativo.mx\/index.php\/wp-json\/wp\/v2\/users\/3"}],"replies":[{"embeddable":true,"href":"https:\/\/www.nexoinformativo.mx\/index.php\/wp-json\/wp\/v2\/comments?post=2884"}],"version-history":[{"count":4,"href":"https:\/\/www.nexoinformativo.mx\/index.php\/wp-json\/wp\/v2\/posts\/2884\/revisions"}],"predecessor-version":[{"id":2887,"href":"https:\/\/www.nexoinformativo.mx\/index.php\/wp-json\/wp\/v2\/posts\/2884\/revisions\/2887"}],"wp:featuredmedia":[{"embeddable":true,"href":"https:\/\/www.nexoinformativo.mx\/index.php\/wp-json\/wp\/v2\/media\/2885"}],"wp:attachment":[{"href":"https:\/\/www.nexoinformativo.mx\/index.php\/wp-json\/wp\/v2\/media?parent=2884"}],"wp:term":[{"taxonomy":"category","embeddable":true,"href":"https:\/\/www.nexoinformativo.mx\/index.php\/wp-json\/wp\/v2\/categories?post=2884"},{"taxonomy":"post_tag","embeddable":true,"href":"https:\/\/www.nexoinformativo.mx\/index.php\/wp-json\/wp\/v2\/tags?post=2884"}],"curies":[{"name":"wp","href":"https:\/\/api.w.org\/{rel}","templated":true}]}}