{"id":2890,"date":"2024-10-07T13:30:32","date_gmt":"2024-10-07T19:30:32","guid":{"rendered":"https:\/\/www.nexoinformativo.mx\/?p=2890"},"modified":"2024-10-07T15:05:52","modified_gmt":"2024-10-07T21:05:52","slug":"inicia-registro-de-pension-mujeres-bienestar-y-censo-de-salud-para-adultos-mayores-y-personas-con-discapacidad","status":"publish","type":"post","link":"https:\/\/www.nexoinformativo.mx\/index.php\/2024\/10\/07\/inicia-registro-de-pension-mujeres-bienestar-y-censo-de-salud-para-adultos-mayores-y-personas-con-discapacidad\/","title":{"rendered":"Inicia registro de Pensi\u00f3n Mujeres Bienestar y censo de salud para adultos mayores y personas con discapacidad"},"content":{"rendered":"<p style=\"text-align: justify;\">Ariadna Montiel Reyes, secretaria de Bienestar, anunci\u00f3 que a partir de hoy 7 de octubre comenzar\u00e1 el registro para la <strong>Pensi\u00f3n Mujeres Bienestar<\/strong>, dirigida a mujeres de <strong>60 a 64 a\u00f1os<\/strong>. Esta pensi\u00f3n busca reconocer el esfuerzo de las mujeres que trabajaron durante toda su vida, especialmente aquellas que no contaban con seguridad social. El apoyo ser\u00e1 de $3,000 pesos bimestrales y se entregar\u00e1 a partir de enero de 2025.<\/p>\n<p>&nbsp;<\/p>\n<p style=\"text-align: justify;\">El registro se llevar\u00e1 a cabo en los <strong>M\u00f3dulos de Bienestar,<\/strong> dando prioridad a las mujeres de los municipios con mayor poblaci\u00f3n ind\u00edgena, como un acto de justicia social para las comunidades originarias.\u00a0Paralelamente, se iniciar\u00e1 el Censo de Salud y Bienestar, que se realizar\u00e1 casa por casa a los derechohabientes de las pensiones para personas adultas mayores y con discapacidad.<\/p>\n<p>&nbsp;<\/p>\n<p style=\"text-align: justify;\">Durante el censo, se aplicar\u00e1 un cuestionario de salud con el fin de mejorar la atenci\u00f3n m\u00e9dica a domicilio. Se espera que en enero de 2025 se contraten 20,000 especialistas entre enfermeras, m\u00e9dicos y promotores de salud para atender las necesidades de esta poblaci\u00f3n.<\/p>\n<p>&nbsp;<\/p>\n<p style=\"text-align: justify;\">Montiel reafirm\u00f3 el compromiso del Gobierno de M\u00e9xico con los programas de bienestar, se\u00f1alando que estos seguir\u00e1n consolidando los derechos de los ciudadanos m\u00e1s vulnerables, mientras el pa\u00eds avanza en su Cuarta Transformaci\u00f3n.<\/p>\n<p>&nbsp;<\/p>\n<p style=\"text-align: justify;\"><strong>Requisitos para el registro de las solicitantes:<\/strong><\/p>\n<ol style=\"text-align: justify;\">\n<li>Identificaci\u00f3n oficial vigente<\/li>\n<li>Acta de nacimiento<\/li>\n<li>CURP<\/li>\n<li>Comprobante de domicilio<\/li>\n<li>Tel\u00e9fono de contacto<\/li>\n<li>Llenar Formato de Bienestar (gratuito)<\/li>\n<\/ol>\n<p>&nbsp;<\/p>\n<p style=\"text-align: justify;\">El gobierno insta a los beneficiarios a mantenerse informados a trav\u00e9s de los canales oficiales de la Secretar\u00eda de Bienestar.<\/p>\n<p>&nbsp;<\/p>\n<p style=\"text-align: center;\"><em><strong>\u00a1Informaci\u00f3n que transforma!<\/strong><\/em><\/p>\n","protected":false},"excerpt":{"rendered":"<p>Ariadna Montiel Reyes, secretaria de Bienestar, anunci\u00f3 que a partir de hoy 7 de octubre comenzar\u00e1 el registro para la Pensi\u00f3n Mujeres Bienestar, dirigida a mujeres de 60 a 64 a\u00f1os.<\/p>\n","protected":false},"author":3,"featured_media":2891,"comment_status":"open","ping_status":"open","sticky":false,"template":"","format":"standard","meta":{"footnotes":""},"categories":[88,58],"tags":[1158,985,1159,1157],"class_list":["post-2890","post","type-post","status-publish","format-standard","has-post-thumbnail","hentry","category-nacional","category-ultima-hora","tag-censosaludbienestar","tag-humanismomexicano","tag-justiciasocial","tag-pensionmujeresbienestar"],"yoast_head":"<!-- This site is optimized with the Yoast SEO plugin v25.0 - https:\/\/yoast.com\/wordpress\/plugins\/seo\/ -->\n<title>Inicia registro de Pensi\u00f3n Mujeres Bienestar y censo de salud para adultos mayores y personas con discapacidad | Nexo Informativo Santiago de Quer\u00e9taro<\/title>\n<meta name=\"description\" content=\"Inicia registro de Pensi\u00f3n Mujeres Bienestar y censo de salud para adultos mayores y personas con discapacidad\" \/>\n<meta name=\"robots\" content=\"index, follow, max-snippet:-1, max-image-preview:large, max-video-preview:-1\" \/>\n<link rel=\"canonical\" href=\"https:\/\/www.nexoinformativo.mx\/index.php\/2024\/10\/07\/inicia-registro-de-pension-mujeres-bienestar-y-censo-de-salud-para-adultos-mayores-y-personas-con-discapacidad\/\" \/>\n<meta property=\"og:locale\" content=\"es_MX\" \/>\n<meta property=\"og:type\" content=\"article\" \/>\n<meta property=\"og:title\" content=\"Inicia registro de Pensi\u00f3n Mujeres Bienestar y censo de salud para adultos mayores y personas con discapacidad | Nexo Informativo Santiago de Quer\u00e9taro\" \/>\n<meta property=\"og:description\" content=\"Inicia registro de Pensi\u00f3n Mujeres Bienestar y censo de salud para adultos mayores y personas con discapacidad\" \/>\n<meta property=\"og:url\" content=\"https:\/\/www.nexoinformativo.mx\/index.php\/2024\/10\/07\/inicia-registro-de-pension-mujeres-bienestar-y-censo-de-salud-para-adultos-mayores-y-personas-con-discapacidad\/\" \/>\n<meta property=\"og:site_name\" content=\"Nexo Informativo Santiago de Quer\u00e9taro\" \/>\n<meta property=\"article:publisher\" content=\"https:\/\/www.facebook.com\/people\/Nexo-Informativo\/61564066885511\/\" \/>\n<meta property=\"article:published_time\" content=\"2024-10-07T19:30:32+00:00\" \/>\n<meta property=\"article:modified_time\" content=\"2024-10-07T21:05:52+00:00\" \/>\n<meta property=\"og:image\" content=\"https:\/\/www.nexoinformativo.mx\/wp-content\/uploads\/2024\/10\/IMG_6749-e1728334786210.jpg\" \/>\n\t<meta property=\"og:image:width\" content=\"800\" \/>\n\t<meta property=\"og:image:height\" content=\"533\" \/>\n\t<meta property=\"og:image:type\" content=\"image\/jpeg\" \/>\n<meta name=\"author\" content=\"Nexo Informativo\" \/>\n<meta name=\"twitter:card\" content=\"summary_large_image\" \/>\n<meta name=\"twitter:label1\" content=\"Escrito por\" \/>\n\t<meta name=\"twitter:data1\" content=\"Nexo Informativo\" \/>\n\t<meta name=\"twitter:label2\" content=\"Tiempo de lectura\" \/>\n\t<meta name=\"twitter:data2\" content=\"2 minutos\" \/>\n<script type=\"application\/ld+json\" class=\"yoast-schema-graph\">{\"@context\":\"https:\/\/schema.org\",\"@graph\":[{\"@type\":\"Article\",\"@id\":\"https:\/\/www.nexoinformativo.mx\/index.php\/2024\/10\/07\/inicia-registro-de-pension-mujeres-bienestar-y-censo-de-salud-para-adultos-mayores-y-personas-con-discapacidad\/#article\",\"isPartOf\":{\"@id\":\"https:\/\/www.nexoinformativo.mx\/index.php\/2024\/10\/07\/inicia-registro-de-pension-mujeres-bienestar-y-censo-de-salud-para-adultos-mayores-y-personas-con-discapacidad\/\"},\"author\":{\"name\":\"Nexo Informativo\",\"@id\":\"https:\/\/www.nexoinformativo.mx\/#\/schema\/person\/7749d380ba08c8ca00d7bc76fd907b7d\"},\"headline\":\"Inicia registro de Pensi\u00f3n Mujeres Bienestar y censo de salud para adultos mayores y personas con discapacidad\",\"datePublished\":\"2024-10-07T19:30:32+00:00\",\"dateModified\":\"2024-10-07T21:05:52+00:00\",\"mainEntityOfPage\":{\"@id\":\"https:\/\/www.nexoinformativo.mx\/index.php\/2024\/10\/07\/inicia-registro-de-pension-mujeres-bienestar-y-censo-de-salud-para-adultos-mayores-y-personas-con-discapacidad\/\"},\"wordCount\":294,\"commentCount\":0,\"publisher\":{\"@id\":\"https:\/\/www.nexoinformativo.mx\/#organization\"},\"image\":{\"@id\":\"https:\/\/www.nexoinformativo.mx\/index.php\/2024\/10\/07\/inicia-registro-de-pension-mujeres-bienestar-y-censo-de-salud-para-adultos-mayores-y-personas-con-discapacidad\/#primaryimage\"},\"thumbnailUrl\":\"https:\/\/www.nexoinformativo.mx\/wp-content\/uploads\/2024\/10\/IMG_6749-e1728334786210.jpg\",\"keywords\":[\"CensoSaludBienestar\",\"HumanismoMexicano\",\"JusticiaSocial\",\"Pensi\u00f3nMujeresBienestar\"],\"articleSection\":[\"Nacional\",\"\u00daltima Hora\"],\"inLanguage\":\"es\",\"potentialAction\":[{\"@type\":\"CommentAction\",\"name\":\"Comment\",\"target\":[\"https:\/\/www.nexoinformativo.mx\/index.php\/2024\/10\/07\/inicia-registro-de-pension-mujeres-bienestar-y-censo-de-salud-para-adultos-mayores-y-personas-con-discapacidad\/#respond\"]}]},{\"@type\":\"WebPage\",\"@id\":\"https:\/\/www.nexoinformativo.mx\/index.php\/2024\/10\/07\/inicia-registro-de-pension-mujeres-bienestar-y-censo-de-salud-para-adultos-mayores-y-personas-con-discapacidad\/\",\"url\":\"https:\/\/www.nexoinformativo.mx\/index.php\/2024\/10\/07\/inicia-registro-de-pension-mujeres-bienestar-y-censo-de-salud-para-adultos-mayores-y-personas-con-discapacidad\/\",\"name\":\"Inicia registro de Pensi\u00f3n Mujeres Bienestar y censo de salud para adultos mayores y personas con discapacidad | Nexo Informativo Santiago de Quer\u00e9taro\",\"isPartOf\":{\"@id\":\"https:\/\/www.nexoinformativo.mx\/#website\"},\"primaryImageOfPage\":{\"@id\":\"https:\/\/www.nexoinformativo.mx\/index.php\/2024\/10\/07\/inicia-registro-de-pension-mujeres-bienestar-y-censo-de-salud-para-adultos-mayores-y-personas-con-discapacidad\/#primaryimage\"},\"image\":{\"@id\":\"https:\/\/www.nexoinformativo.mx\/index.php\/2024\/10\/07\/inicia-registro-de-pension-mujeres-bienestar-y-censo-de-salud-para-adultos-mayores-y-personas-con-discapacidad\/#primaryimage\"},\"thumbnailUrl\":\"https:\/\/www.nexoinformativo.mx\/wp-content\/uploads\/2024\/10\/IMG_6749-e1728334786210.jpg\",\"datePublished\":\"2024-10-07T19:30:32+00:00\",\"dateModified\":\"2024-10-07T21:05:52+00:00\",\"description\":\"Inicia registro de Pensi\u00f3n Mujeres Bienestar y censo de salud para adultos mayores y personas con discapacidad\",\"breadcrumb\":{\"@id\":\"https:\/\/www.nexoinformativo.mx\/index.php\/2024\/10\/07\/inicia-registro-de-pension-mujeres-bienestar-y-censo-de-salud-para-adultos-mayores-y-personas-con-discapacidad\/#breadcrumb\"},\"inLanguage\":\"es\",\"potentialAction\":[{\"@type\":\"ReadAction\",\"target\":[\"https:\/\/www.nexoinformativo.mx\/index.php\/2024\/10\/07\/inicia-registro-de-pension-mujeres-bienestar-y-censo-de-salud-para-adultos-mayores-y-personas-con-discapacidad\/\"]}]},{\"@type\":\"ImageObject\",\"inLanguage\":\"es\",\"@id\":\"https:\/\/www.nexoinformativo.mx\/index.php\/2024\/10\/07\/inicia-registro-de-pension-mujeres-bienestar-y-censo-de-salud-para-adultos-mayores-y-personas-con-discapacidad\/#primaryimage\",\"url\":\"https:\/\/www.nexoinformativo.mx\/wp-content\/uploads\/2024\/10\/IMG_6749-e1728334786210.jpg\",\"contentUrl\":\"https:\/\/www.nexoinformativo.mx\/wp-content\/uploads\/2024\/10\/IMG_6749-e1728334786210.jpg\",\"width\":800,\"height\":533},{\"@type\":\"BreadcrumbList\",\"@id\":\"https:\/\/www.nexoinformativo.mx\/index.php\/2024\/10\/07\/inicia-registro-de-pension-mujeres-bienestar-y-censo-de-salud-para-adultos-mayores-y-personas-con-discapacidad\/#breadcrumb\",\"itemListElement\":[{\"@type\":\"ListItem\",\"position\":1,\"name\":\"Inicio\",\"item\":\"https:\/\/www.nexoinformativo.mx\/\"},{\"@type\":\"ListItem\",\"position\":2,\"name\":\"Inicia registro de Pensi\u00f3n Mujeres Bienestar y censo de salud para adultos mayores y personas con discapacidad\"}]},{\"@type\":\"WebSite\",\"@id\":\"https:\/\/www.nexoinformativo.mx\/#website\",\"url\":\"https:\/\/www.nexoinformativo.mx\/\",\"name\":\"Nexo Informativo Santiago de Quer\u00e9taro\",\"description\":\"Explora NexoInformativo y convi\u00e9rtete en parte de una comunidad que valora el conocimiento y la verdad. Tu nexoinformativo es tu puente hacia una comprensi\u00f3n m\u00e1s profunda del mundo que te rodea.\",\"publisher\":{\"@id\":\"https:\/\/www.nexoinformativo.mx\/#organization\"},\"potentialAction\":[{\"@type\":\"SearchAction\",\"target\":{\"@type\":\"EntryPoint\",\"urlTemplate\":\"https:\/\/www.nexoinformativo.mx\/?s={search_term_string}\"},\"query-input\":{\"@type\":\"PropertyValueSpecification\",\"valueRequired\":true,\"valueName\":\"search_term_string\"}}],\"inLanguage\":\"es\"},{\"@type\":\"Organization\",\"@id\":\"https:\/\/www.nexoinformativo.mx\/#organization\",\"name\":\"Nexo Informativo Santiago de Quer\u00e9taro\",\"url\":\"https:\/\/www.nexoinformativo.mx\/\",\"logo\":{\"@type\":\"ImageObject\",\"inLanguage\":\"es\",\"@id\":\"https:\/\/www.nexoinformativo.mx\/#\/schema\/logo\/image\/\",\"url\":\"https:\/\/www.nexoinformativo.mx\/wp-content\/uploads\/2024\/07\/nexoi-trasparente-2.png\",\"contentUrl\":\"https:\/\/www.nexoinformativo.mx\/wp-content\/uploads\/2024\/07\/nexoi-trasparente-2.png\",\"width\":816,\"height\":339,\"caption\":\"Nexo Informativo Santiago de Quer\u00e9taro\"},\"image\":{\"@id\":\"https:\/\/www.nexoinformativo.mx\/#\/schema\/logo\/image\/\"},\"sameAs\":[\"https:\/\/www.facebook.com\/people\/Nexo-Informativo\/61564066885511\/\"]},{\"@type\":\"Person\",\"@id\":\"https:\/\/www.nexoinformativo.mx\/#\/schema\/person\/7749d380ba08c8ca00d7bc76fd907b7d\",\"name\":\"Nexo Informativo\",\"image\":{\"@type\":\"ImageObject\",\"inLanguage\":\"es\",\"@id\":\"https:\/\/www.nexoinformativo.mx\/#\/schema\/person\/image\/\",\"url\":\"https:\/\/secure.gravatar.com\/avatar\/dde2928154642a13d95f87ddf1ea9718fe2b46760a005c53e41ff5ad610704e6?s=96&d=mm&r=g\",\"contentUrl\":\"https:\/\/secure.gravatar.com\/avatar\/dde2928154642a13d95f87ddf1ea9718fe2b46760a005c53e41ff5ad610704e6?s=96&d=mm&r=g\",\"caption\":\"Nexo Informativo\"},\"url\":\"https:\/\/www.nexoinformativo.mx\/index.php\/author\/edicion\/\"}]}<\/script>\n<!-- \/ Yoast SEO plugin. -->","yoast_head_json":{"title":"Inicia registro de Pensi\u00f3n Mujeres Bienestar y censo de salud para adultos mayores y personas con discapacidad | Nexo Informativo Santiago de Quer\u00e9taro","description":"Inicia registro de Pensi\u00f3n Mujeres Bienestar y censo de salud para adultos mayores y personas con discapacidad","robots":{"index":"index","follow":"follow","max-snippet":"max-snippet:-1","max-image-preview":"max-image-preview:large","max-video-preview":"max-video-preview:-1"},"canonical":"https:\/\/www.nexoinformativo.mx\/index.php\/2024\/10\/07\/inicia-registro-de-pension-mujeres-bienestar-y-censo-de-salud-para-adultos-mayores-y-personas-con-discapacidad\/","og_locale":"es_MX","og_type":"article","og_title":"Inicia registro de Pensi\u00f3n Mujeres Bienestar y censo de salud para adultos mayores y personas con discapacidad | Nexo Informativo Santiago de Quer\u00e9taro","og_description":"Inicia registro de Pensi\u00f3n Mujeres Bienestar y censo de salud para adultos mayores y personas con discapacidad","og_url":"https:\/\/www.nexoinformativo.mx\/index.php\/2024\/10\/07\/inicia-registro-de-pension-mujeres-bienestar-y-censo-de-salud-para-adultos-mayores-y-personas-con-discapacidad\/","og_site_name":"Nexo Informativo Santiago de Quer\u00e9taro","article_publisher":"https:\/\/www.facebook.com\/people\/Nexo-Informativo\/61564066885511\/","article_published_time":"2024-10-07T19:30:32+00:00","article_modified_time":"2024-10-07T21:05:52+00:00","og_image":[{"width":800,"height":533,"url":"https:\/\/www.nexoinformativo.mx\/wp-content\/uploads\/2024\/10\/IMG_6749-e1728334786210.jpg","type":"image\/jpeg"}],"author":"Nexo Informativo","twitter_card":"summary_large_image","twitter_misc":{"Escrito por":"Nexo Informativo","Tiempo de lectura":"2 minutos"},"schema":{"@context":"https:\/\/schema.org","@graph":[{"@type":"Article","@id":"https:\/\/www.nexoinformativo.mx\/index.php\/2024\/10\/07\/inicia-registro-de-pension-mujeres-bienestar-y-censo-de-salud-para-adultos-mayores-y-personas-con-discapacidad\/#article","isPartOf":{"@id":"https:\/\/www.nexoinformativo.mx\/index.php\/2024\/10\/07\/inicia-registro-de-pension-mujeres-bienestar-y-censo-de-salud-para-adultos-mayores-y-personas-con-discapacidad\/"},"author":{"name":"Nexo Informativo","@id":"https:\/\/www.nexoinformativo.mx\/#\/schema\/person\/7749d380ba08c8ca00d7bc76fd907b7d"},"headline":"Inicia registro de Pensi\u00f3n Mujeres Bienestar y censo de salud para adultos mayores y personas con discapacidad","datePublished":"2024-10-07T19:30:32+00:00","dateModified":"2024-10-07T21:05:52+00:00","mainEntityOfPage":{"@id":"https:\/\/www.nexoinformativo.mx\/index.php\/2024\/10\/07\/inicia-registro-de-pension-mujeres-bienestar-y-censo-de-salud-para-adultos-mayores-y-personas-con-discapacidad\/"},"wordCount":294,"commentCount":0,"publisher":{"@id":"https:\/\/www.nexoinformativo.mx\/#organization"},"image":{"@id":"https:\/\/www.nexoinformativo.mx\/index.php\/2024\/10\/07\/inicia-registro-de-pension-mujeres-bienestar-y-censo-de-salud-para-adultos-mayores-y-personas-con-discapacidad\/#primaryimage"},"thumbnailUrl":"https:\/\/www.nexoinformativo.mx\/wp-content\/uploads\/2024\/10\/IMG_6749-e1728334786210.jpg","keywords":["CensoSaludBienestar","HumanismoMexicano","JusticiaSocial","Pensi\u00f3nMujeresBienestar"],"articleSection":["Nacional","\u00daltima Hora"],"inLanguage":"es","potentialAction":[{"@type":"CommentAction","name":"Comment","target":["https:\/\/www.nexoinformativo.mx\/index.php\/2024\/10\/07\/inicia-registro-de-pension-mujeres-bienestar-y-censo-de-salud-para-adultos-mayores-y-personas-con-discapacidad\/#respond"]}]},{"@type":"WebPage","@id":"https:\/\/www.nexoinformativo.mx\/index.php\/2024\/10\/07\/inicia-registro-de-pension-mujeres-bienestar-y-censo-de-salud-para-adultos-mayores-y-personas-con-discapacidad\/","url":"https:\/\/www.nexoinformativo.mx\/index.php\/2024\/10\/07\/inicia-registro-de-pension-mujeres-bienestar-y-censo-de-salud-para-adultos-mayores-y-personas-con-discapacidad\/","name":"Inicia registro de Pensi\u00f3n Mujeres Bienestar y censo de salud para adultos mayores y personas con discapacidad | Nexo Informativo Santiago de Quer\u00e9taro","isPartOf":{"@id":"https:\/\/www.nexoinformativo.mx\/#website"},"primaryImageOfPage":{"@id":"https:\/\/www.nexoinformativo.mx\/index.php\/2024\/10\/07\/inicia-registro-de-pension-mujeres-bienestar-y-censo-de-salud-para-adultos-mayores-y-personas-con-discapacidad\/#primaryimage"},"image":{"@id":"https:\/\/www.nexoinformativo.mx\/index.php\/2024\/10\/07\/inicia-registro-de-pension-mujeres-bienestar-y-censo-de-salud-para-adultos-mayores-y-personas-con-discapacidad\/#primaryimage"},"thumbnailUrl":"https:\/\/www.nexoinformativo.mx\/wp-content\/uploads\/2024\/10\/IMG_6749-e1728334786210.jpg","datePublished":"2024-10-07T19:30:32+00:00","dateModified":"2024-10-07T21:05:52+00:00","description":"Inicia registro de Pensi\u00f3n Mujeres Bienestar y censo de salud para adultos mayores y personas con discapacidad","breadcrumb":{"@id":"https:\/\/www.nexoinformativo.mx\/index.php\/2024\/10\/07\/inicia-registro-de-pension-mujeres-bienestar-y-censo-de-salud-para-adultos-mayores-y-personas-con-discapacidad\/#breadcrumb"},"inLanguage":"es","potentialAction":[{"@type":"ReadAction","target":["https:\/\/www.nexoinformativo.mx\/index.php\/2024\/10\/07\/inicia-registro-de-pension-mujeres-bienestar-y-censo-de-salud-para-adultos-mayores-y-personas-con-discapacidad\/"]}]},{"@type":"ImageObject","inLanguage":"es","@id":"https:\/\/www.nexoinformativo.mx\/index.php\/2024\/10\/07\/inicia-registro-de-pension-mujeres-bienestar-y-censo-de-salud-para-adultos-mayores-y-personas-con-discapacidad\/#primaryimage","url":"https:\/\/www.nexoinformativo.mx\/wp-content\/uploads\/2024\/10\/IMG_6749-e1728334786210.jpg","contentUrl":"https:\/\/www.nexoinformativo.mx\/wp-content\/uploads\/2024\/10\/IMG_6749-e1728334786210.jpg","width":800,"height":533},{"@type":"BreadcrumbList","@id":"https:\/\/www.nexoinformativo.mx\/index.php\/2024\/10\/07\/inicia-registro-de-pension-mujeres-bienestar-y-censo-de-salud-para-adultos-mayores-y-personas-con-discapacidad\/#breadcrumb","itemListElement":[{"@type":"ListItem","position":1,"name":"Inicio","item":"https:\/\/www.nexoinformativo.mx\/"},{"@type":"ListItem","position":2,"name":"Inicia registro de Pensi\u00f3n Mujeres Bienestar y censo de salud para adultos mayores y personas con discapacidad"}]},{"@type":"WebSite","@id":"https:\/\/www.nexoinformativo.mx\/#website","url":"https:\/\/www.nexoinformativo.mx\/","name":"Nexo Informativo Santiago de Quer\u00e9taro","description":"Explora NexoInformativo y convi\u00e9rtete en parte de una comunidad que valora el conocimiento y la verdad. Tu nexoinformativo es tu puente hacia una comprensi\u00f3n m\u00e1s profunda del mundo que te rodea.","publisher":{"@id":"https:\/\/www.nexoinformativo.mx\/#organization"},"potentialAction":[{"@type":"SearchAction","target":{"@type":"EntryPoint","urlTemplate":"https:\/\/www.nexoinformativo.mx\/?s={search_term_string}"},"query-input":{"@type":"PropertyValueSpecification","valueRequired":true,"valueName":"search_term_string"}}],"inLanguage":"es"},{"@type":"Organization","@id":"https:\/\/www.nexoinformativo.mx\/#organization","name":"Nexo Informativo Santiago de Quer\u00e9taro","url":"https:\/\/www.nexoinformativo.mx\/","logo":{"@type":"ImageObject","inLanguage":"es","@id":"https:\/\/www.nexoinformativo.mx\/#\/schema\/logo\/image\/","url":"https:\/\/www.nexoinformativo.mx\/wp-content\/uploads\/2024\/07\/nexoi-trasparente-2.png","contentUrl":"https:\/\/www.nexoinformativo.mx\/wp-content\/uploads\/2024\/07\/nexoi-trasparente-2.png","width":816,"height":339,"caption":"Nexo Informativo Santiago de Quer\u00e9taro"},"image":{"@id":"https:\/\/www.nexoinformativo.mx\/#\/schema\/logo\/image\/"},"sameAs":["https:\/\/www.facebook.com\/people\/Nexo-Informativo\/61564066885511\/"]},{"@type":"Person","@id":"https:\/\/www.nexoinformativo.mx\/#\/schema\/person\/7749d380ba08c8ca00d7bc76fd907b7d","name":"Nexo Informativo","image":{"@type":"ImageObject","inLanguage":"es","@id":"https:\/\/www.nexoinformativo.mx\/#\/schema\/person\/image\/","url":"https:\/\/secure.gravatar.com\/avatar\/dde2928154642a13d95f87ddf1ea9718fe2b46760a005c53e41ff5ad610704e6?s=96&d=mm&r=g","contentUrl":"https:\/\/secure.gravatar.com\/avatar\/dde2928154642a13d95f87ddf1ea9718fe2b46760a005c53e41ff5ad610704e6?s=96&d=mm&r=g","caption":"Nexo Informativo"},"url":"https:\/\/www.nexoinformativo.mx\/index.php\/author\/edicion\/"}]}},"_links":{"self":[{"href":"https:\/\/www.nexoinformativo.mx\/index.php\/wp-json\/wp\/v2\/posts\/2890","targetHints":{"allow":["GET"]}}],"collection":[{"href":"https:\/\/www.nexoinformativo.mx\/index.php\/wp-json\/wp\/v2\/posts"}],"about":[{"href":"https:\/\/www.nexoinformativo.mx\/index.php\/wp-json\/wp\/v2\/types\/post"}],"author":[{"embeddable":true,"href":"https:\/\/www.nexoinformativo.mx\/index.php\/wp-json\/wp\/v2\/users\/3"}],"replies":[{"embeddable":true,"href":"https:\/\/www.nexoinformativo.mx\/index.php\/wp-json\/wp\/v2\/comments?post=2890"}],"version-history":[{"count":3,"href":"https:\/\/www.nexoinformativo.mx\/index.php\/wp-json\/wp\/v2\/posts\/2890\/revisions"}],"predecessor-version":[{"id":2895,"href":"https:\/\/www.nexoinformativo.mx\/index.php\/wp-json\/wp\/v2\/posts\/2890\/revisions\/2895"}],"wp:featuredmedia":[{"embeddable":true,"href":"https:\/\/www.nexoinformativo.mx\/index.php\/wp-json\/wp\/v2\/media\/2891"}],"wp:attachment":[{"href":"https:\/\/www.nexoinformativo.mx\/index.php\/wp-json\/wp\/v2\/media?parent=2890"}],"wp:term":[{"taxonomy":"category","embeddable":true,"href":"https:\/\/www.nexoinformativo.mx\/index.php\/wp-json\/wp\/v2\/categories?post=2890"},{"taxonomy":"post_tag","embeddable":true,"href":"https:\/\/www.nexoinformativo.mx\/index.php\/wp-json\/wp\/v2\/tags?post=2890"}],"curies":[{"name":"wp","href":"https:\/\/api.w.org\/{rel}","templated":true}]}}