{"id":2896,"date":"2024-10-07T14:00:59","date_gmt":"2024-10-07T20:00:59","guid":{"rendered":"https:\/\/www.nexoinformativo.mx\/?p=2896"},"modified":"2024-10-07T15:13:06","modified_gmt":"2024-10-07T21:13:06","slug":"continuan-labores-sanitarias-en-guerrero-tras-paso-del-huracan-john","status":"publish","type":"post","link":"https:\/\/www.nexoinformativo.mx\/index.php\/2024\/10\/07\/continuan-labores-sanitarias-en-guerrero-tras-paso-del-huracan-john\/","title":{"rendered":"Contin\u00faan labores sanitarias en Guerrero tras paso del hurac\u00e1n John"},"content":{"rendered":"<p style=\"text-align: justify;\">Por instrucciones de la presidenta de M\u00e9xico, Claudia Sheinbaum Pardo, m\u00e1s de 3,393 profesionales de la saludsiguen trabajando en las zonas afectadas por el hurac\u00e1n John, en las regiones de la Costa Grande, Costa Chica y el puerto de Acapulco, Guerrero. Las acciones est\u00e1n coordinadas por la Secretar\u00eda de Salud federal, encabezando el Comando Operativo para la Seguridad en Salud.<\/p>\n<p>&nbsp;<\/p>\n<p style=\"text-align: justify;\">Hasta el momento, se han brindado mas de 13 mil atenciones m\u00e9dicas, abordando principalmente infecciones respiratorias agudas, enfermedades diarreicas agudas, conjuntivitis, dermatosis y micosis. Y en las unidades hospitalarias se han proporcionado 3,851 consultas de urgencia, y 213 consultas de salud mental. Se han desplegado 117 promotores de salud para realizar m\u00e1s de 14 mil 316 acciones enfocadas en la promoci\u00f3n del cuidado de la salud.<\/p>\n<p>&nbsp;<\/p>\n<p style=\"text-align: justify;\">El director general de Epidemiolog\u00eda de la Secretar\u00eda de Salud, Gabriel Garc\u00eda Rodr\u00edguez, inform\u00f3 que solo dos unidades m\u00e9dicas resultaron afectadas. Sin embargo, la infraestructura hospitalaria en general se encuentra funcionando pr\u00e1cticamente en su totalidad, con 682 unidades de atenci\u00f3n de primer nivel y 40 unidades hospitalarias en la regi\u00f3n.<\/p>\n<p>&nbsp;<\/p>\n<p style=\"text-align: justify;\">Las acciones incluyen medidas preventivas para evitar la propagaci\u00f3n de enfermedades como dengue, zika y c\u00f3lera, adem\u00e1s de fumigaciones, control de larvas y nebulizaci\u00f3n en las zonas afectadas. La presidenta Sheinbaum ha se\u00f1alado que el restablecimiento del agua potable y la rehabilitaci\u00f3n de caminos tambi\u00e9n son prioridad.<\/p>\n<p>&nbsp;<\/p>\n<p>&nbsp;<\/p>\n<p style=\"text-align: center;\"><em><strong>\u00a1Informaci\u00f3n que transforma!<\/strong><\/em><\/p>\n","protected":false},"excerpt":{"rendered":"<p>Por instrucciones de la presidenta de M\u00e9xico, Claudia Sheinbaum Pardo, m\u00e1s de 3,393 profesionales de la saludsiguen trabajando en las zonas afectadas por el hurac\u00e1n John, en las regiones de la Costa Grande, Costa Chica y el puerto de Acapulco, Guerrero.<\/p>\n","protected":false},"author":3,"featured_media":2897,"comment_status":"open","ping_status":"open","sticky":false,"template":"","format":"standard","meta":{"footnotes":""},"categories":[88,58],"tags":[1162,1161,918,1160],"class_list":["post-2896","post","type-post","status-publish","format-standard","has-post-thumbnail","hentry","category-nacional","category-ultima-hora","tag-atencionsanitaria","tag-bienestarparatodos","tag-huracanjohn","tag-saludparaguerrero"],"yoast_head":"<!-- This site is optimized with the Yoast SEO plugin v25.0 - https:\/\/yoast.com\/wordpress\/plugins\/seo\/ -->\n<title>Contin\u00faan labores sanitarias en Guerrero tras paso del hurac\u00e1n John | Nexo Informativo Santiago de Quer\u00e9taro<\/title>\n<meta name=\"description\" content=\"Contin\u00faan labores sanitarias en Guerrero tras paso del hurac\u00e1n John\" \/>\n<meta name=\"robots\" content=\"index, follow, max-snippet:-1, max-image-preview:large, max-video-preview:-1\" \/>\n<link rel=\"canonical\" href=\"https:\/\/www.nexoinformativo.mx\/index.php\/2024\/10\/07\/continuan-labores-sanitarias-en-guerrero-tras-paso-del-huracan-john\/\" \/>\n<meta property=\"og:locale\" content=\"es_MX\" \/>\n<meta property=\"og:type\" content=\"article\" \/>\n<meta property=\"og:title\" content=\"Contin\u00faan labores sanitarias en Guerrero tras paso del hurac\u00e1n John | Nexo Informativo Santiago de Quer\u00e9taro\" \/>\n<meta property=\"og:description\" content=\"Contin\u00faan labores sanitarias en Guerrero tras paso del hurac\u00e1n John\" \/>\n<meta property=\"og:url\" content=\"https:\/\/www.nexoinformativo.mx\/index.php\/2024\/10\/07\/continuan-labores-sanitarias-en-guerrero-tras-paso-del-huracan-john\/\" \/>\n<meta property=\"og:site_name\" content=\"Nexo Informativo Santiago de Quer\u00e9taro\" \/>\n<meta property=\"article:publisher\" content=\"https:\/\/www.facebook.com\/people\/Nexo-Informativo\/61564066885511\/\" \/>\n<meta property=\"article:published_time\" content=\"2024-10-07T20:00:59+00:00\" \/>\n<meta property=\"article:modified_time\" content=\"2024-10-07T21:13:06+00:00\" \/>\n<meta property=\"og:image\" content=\"https:\/\/www.nexoinformativo.mx\/wp-content\/uploads\/2024\/10\/IMG_6750.jpg\" \/>\n\t<meta property=\"og:image:width\" content=\"650\" \/>\n\t<meta property=\"og:image:height\" content=\"380\" \/>\n\t<meta property=\"og:image:type\" content=\"image\/jpeg\" \/>\n<meta name=\"author\" content=\"Nexo Informativo\" \/>\n<meta name=\"twitter:card\" content=\"summary_large_image\" \/>\n<meta name=\"twitter:label1\" content=\"Escrito por\" \/>\n\t<meta name=\"twitter:data1\" content=\"Nexo Informativo\" \/>\n\t<meta name=\"twitter:label2\" content=\"Tiempo de lectura\" \/>\n\t<meta name=\"twitter:data2\" content=\"2 minutos\" \/>\n<script type=\"application\/ld+json\" class=\"yoast-schema-graph\">{\"@context\":\"https:\/\/schema.org\",\"@graph\":[{\"@type\":\"Article\",\"@id\":\"https:\/\/www.nexoinformativo.mx\/index.php\/2024\/10\/07\/continuan-labores-sanitarias-en-guerrero-tras-paso-del-huracan-john\/#article\",\"isPartOf\":{\"@id\":\"https:\/\/www.nexoinformativo.mx\/index.php\/2024\/10\/07\/continuan-labores-sanitarias-en-guerrero-tras-paso-del-huracan-john\/\"},\"author\":{\"name\":\"Nexo Informativo\",\"@id\":\"https:\/\/www.nexoinformativo.mx\/#\/schema\/person\/7749d380ba08c8ca00d7bc76fd907b7d\"},\"headline\":\"Contin\u00faan labores sanitarias en Guerrero tras paso del hurac\u00e1n John\",\"datePublished\":\"2024-10-07T20:00:59+00:00\",\"dateModified\":\"2024-10-07T21:13:06+00:00\",\"mainEntityOfPage\":{\"@id\":\"https:\/\/www.nexoinformativo.mx\/index.php\/2024\/10\/07\/continuan-labores-sanitarias-en-guerrero-tras-paso-del-huracan-john\/\"},\"wordCount\":258,\"commentCount\":0,\"publisher\":{\"@id\":\"https:\/\/www.nexoinformativo.mx\/#organization\"},\"image\":{\"@id\":\"https:\/\/www.nexoinformativo.mx\/index.php\/2024\/10\/07\/continuan-labores-sanitarias-en-guerrero-tras-paso-del-huracan-john\/#primaryimage\"},\"thumbnailUrl\":\"https:\/\/www.nexoinformativo.mx\/wp-content\/uploads\/2024\/10\/IMG_6750.jpg\",\"keywords\":[\"Atenci\u00f3nSanitaria\",\"BienestarParaTodos\",\"Hurac\u00e1nJohn\",\"SaludParaGuerrero\"],\"articleSection\":[\"Nacional\",\"\u00daltima Hora\"],\"inLanguage\":\"es\",\"potentialAction\":[{\"@type\":\"CommentAction\",\"name\":\"Comment\",\"target\":[\"https:\/\/www.nexoinformativo.mx\/index.php\/2024\/10\/07\/continuan-labores-sanitarias-en-guerrero-tras-paso-del-huracan-john\/#respond\"]}]},{\"@type\":\"WebPage\",\"@id\":\"https:\/\/www.nexoinformativo.mx\/index.php\/2024\/10\/07\/continuan-labores-sanitarias-en-guerrero-tras-paso-del-huracan-john\/\",\"url\":\"https:\/\/www.nexoinformativo.mx\/index.php\/2024\/10\/07\/continuan-labores-sanitarias-en-guerrero-tras-paso-del-huracan-john\/\",\"name\":\"Contin\u00faan labores sanitarias en Guerrero tras paso del hurac\u00e1n John | Nexo Informativo Santiago de Quer\u00e9taro\",\"isPartOf\":{\"@id\":\"https:\/\/www.nexoinformativo.mx\/#website\"},\"primaryImageOfPage\":{\"@id\":\"https:\/\/www.nexoinformativo.mx\/index.php\/2024\/10\/07\/continuan-labores-sanitarias-en-guerrero-tras-paso-del-huracan-john\/#primaryimage\"},\"image\":{\"@id\":\"https:\/\/www.nexoinformativo.mx\/index.php\/2024\/10\/07\/continuan-labores-sanitarias-en-guerrero-tras-paso-del-huracan-john\/#primaryimage\"},\"thumbnailUrl\":\"https:\/\/www.nexoinformativo.mx\/wp-content\/uploads\/2024\/10\/IMG_6750.jpg\",\"datePublished\":\"2024-10-07T20:00:59+00:00\",\"dateModified\":\"2024-10-07T21:13:06+00:00\",\"description\":\"Contin\u00faan labores sanitarias en Guerrero tras paso del hurac\u00e1n John\",\"breadcrumb\":{\"@id\":\"https:\/\/www.nexoinformativo.mx\/index.php\/2024\/10\/07\/continuan-labores-sanitarias-en-guerrero-tras-paso-del-huracan-john\/#breadcrumb\"},\"inLanguage\":\"es\",\"potentialAction\":[{\"@type\":\"ReadAction\",\"target\":[\"https:\/\/www.nexoinformativo.mx\/index.php\/2024\/10\/07\/continuan-labores-sanitarias-en-guerrero-tras-paso-del-huracan-john\/\"]}]},{\"@type\":\"ImageObject\",\"inLanguage\":\"es\",\"@id\":\"https:\/\/www.nexoinformativo.mx\/index.php\/2024\/10\/07\/continuan-labores-sanitarias-en-guerrero-tras-paso-del-huracan-john\/#primaryimage\",\"url\":\"https:\/\/www.nexoinformativo.mx\/wp-content\/uploads\/2024\/10\/IMG_6750.jpg\",\"contentUrl\":\"https:\/\/www.nexoinformativo.mx\/wp-content\/uploads\/2024\/10\/IMG_6750.jpg\",\"width\":650,\"height\":380},{\"@type\":\"BreadcrumbList\",\"@id\":\"https:\/\/www.nexoinformativo.mx\/index.php\/2024\/10\/07\/continuan-labores-sanitarias-en-guerrero-tras-paso-del-huracan-john\/#breadcrumb\",\"itemListElement\":[{\"@type\":\"ListItem\",\"position\":1,\"name\":\"Inicio\",\"item\":\"https:\/\/www.nexoinformativo.mx\/\"},{\"@type\":\"ListItem\",\"position\":2,\"name\":\"Contin\u00faan labores sanitarias en Guerrero tras paso del hurac\u00e1n John\"}]},{\"@type\":\"WebSite\",\"@id\":\"https:\/\/www.nexoinformativo.mx\/#website\",\"url\":\"https:\/\/www.nexoinformativo.mx\/\",\"name\":\"Nexo Informativo Santiago de Quer\u00e9taro\",\"description\":\"Explora NexoInformativo y convi\u00e9rtete en parte de una comunidad que valora el conocimiento y la verdad. Tu nexoinformativo es tu puente hacia una comprensi\u00f3n m\u00e1s profunda del mundo que te rodea.\",\"publisher\":{\"@id\":\"https:\/\/www.nexoinformativo.mx\/#organization\"},\"potentialAction\":[{\"@type\":\"SearchAction\",\"target\":{\"@type\":\"EntryPoint\",\"urlTemplate\":\"https:\/\/www.nexoinformativo.mx\/?s={search_term_string}\"},\"query-input\":{\"@type\":\"PropertyValueSpecification\",\"valueRequired\":true,\"valueName\":\"search_term_string\"}}],\"inLanguage\":\"es\"},{\"@type\":\"Organization\",\"@id\":\"https:\/\/www.nexoinformativo.mx\/#organization\",\"name\":\"Nexo Informativo Santiago de Quer\u00e9taro\",\"url\":\"https:\/\/www.nexoinformativo.mx\/\",\"logo\":{\"@type\":\"ImageObject\",\"inLanguage\":\"es\",\"@id\":\"https:\/\/www.nexoinformativo.mx\/#\/schema\/logo\/image\/\",\"url\":\"https:\/\/www.nexoinformativo.mx\/wp-content\/uploads\/2024\/07\/nexoi-trasparente-2.png\",\"contentUrl\":\"https:\/\/www.nexoinformativo.mx\/wp-content\/uploads\/2024\/07\/nexoi-trasparente-2.png\",\"width\":816,\"height\":339,\"caption\":\"Nexo Informativo Santiago de Quer\u00e9taro\"},\"image\":{\"@id\":\"https:\/\/www.nexoinformativo.mx\/#\/schema\/logo\/image\/\"},\"sameAs\":[\"https:\/\/www.facebook.com\/people\/Nexo-Informativo\/61564066885511\/\"]},{\"@type\":\"Person\",\"@id\":\"https:\/\/www.nexoinformativo.mx\/#\/schema\/person\/7749d380ba08c8ca00d7bc76fd907b7d\",\"name\":\"Nexo Informativo\",\"image\":{\"@type\":\"ImageObject\",\"inLanguage\":\"es\",\"@id\":\"https:\/\/www.nexoinformativo.mx\/#\/schema\/person\/image\/\",\"url\":\"https:\/\/secure.gravatar.com\/avatar\/dde2928154642a13d95f87ddf1ea9718fe2b46760a005c53e41ff5ad610704e6?s=96&d=mm&r=g\",\"contentUrl\":\"https:\/\/secure.gravatar.com\/avatar\/dde2928154642a13d95f87ddf1ea9718fe2b46760a005c53e41ff5ad610704e6?s=96&d=mm&r=g\",\"caption\":\"Nexo Informativo\"},\"url\":\"https:\/\/www.nexoinformativo.mx\/index.php\/author\/edicion\/\"}]}<\/script>\n<!-- \/ Yoast SEO plugin. -->","yoast_head_json":{"title":"Contin\u00faan labores sanitarias en Guerrero tras paso del hurac\u00e1n John | Nexo Informativo Santiago de Quer\u00e9taro","description":"Contin\u00faan labores sanitarias en Guerrero tras paso del hurac\u00e1n John","robots":{"index":"index","follow":"follow","max-snippet":"max-snippet:-1","max-image-preview":"max-image-preview:large","max-video-preview":"max-video-preview:-1"},"canonical":"https:\/\/www.nexoinformativo.mx\/index.php\/2024\/10\/07\/continuan-labores-sanitarias-en-guerrero-tras-paso-del-huracan-john\/","og_locale":"es_MX","og_type":"article","og_title":"Contin\u00faan labores sanitarias en Guerrero tras paso del hurac\u00e1n John | Nexo Informativo Santiago de Quer\u00e9taro","og_description":"Contin\u00faan labores sanitarias en Guerrero tras paso del hurac\u00e1n John","og_url":"https:\/\/www.nexoinformativo.mx\/index.php\/2024\/10\/07\/continuan-labores-sanitarias-en-guerrero-tras-paso-del-huracan-john\/","og_site_name":"Nexo Informativo Santiago de Quer\u00e9taro","article_publisher":"https:\/\/www.facebook.com\/people\/Nexo-Informativo\/61564066885511\/","article_published_time":"2024-10-07T20:00:59+00:00","article_modified_time":"2024-10-07T21:13:06+00:00","og_image":[{"width":650,"height":380,"url":"https:\/\/www.nexoinformativo.mx\/wp-content\/uploads\/2024\/10\/IMG_6750.jpg","type":"image\/jpeg"}],"author":"Nexo Informativo","twitter_card":"summary_large_image","twitter_misc":{"Escrito por":"Nexo Informativo","Tiempo de lectura":"2 minutos"},"schema":{"@context":"https:\/\/schema.org","@graph":[{"@type":"Article","@id":"https:\/\/www.nexoinformativo.mx\/index.php\/2024\/10\/07\/continuan-labores-sanitarias-en-guerrero-tras-paso-del-huracan-john\/#article","isPartOf":{"@id":"https:\/\/www.nexoinformativo.mx\/index.php\/2024\/10\/07\/continuan-labores-sanitarias-en-guerrero-tras-paso-del-huracan-john\/"},"author":{"name":"Nexo Informativo","@id":"https:\/\/www.nexoinformativo.mx\/#\/schema\/person\/7749d380ba08c8ca00d7bc76fd907b7d"},"headline":"Contin\u00faan labores sanitarias en Guerrero tras paso del hurac\u00e1n John","datePublished":"2024-10-07T20:00:59+00:00","dateModified":"2024-10-07T21:13:06+00:00","mainEntityOfPage":{"@id":"https:\/\/www.nexoinformativo.mx\/index.php\/2024\/10\/07\/continuan-labores-sanitarias-en-guerrero-tras-paso-del-huracan-john\/"},"wordCount":258,"commentCount":0,"publisher":{"@id":"https:\/\/www.nexoinformativo.mx\/#organization"},"image":{"@id":"https:\/\/www.nexoinformativo.mx\/index.php\/2024\/10\/07\/continuan-labores-sanitarias-en-guerrero-tras-paso-del-huracan-john\/#primaryimage"},"thumbnailUrl":"https:\/\/www.nexoinformativo.mx\/wp-content\/uploads\/2024\/10\/IMG_6750.jpg","keywords":["Atenci\u00f3nSanitaria","BienestarParaTodos","Hurac\u00e1nJohn","SaludParaGuerrero"],"articleSection":["Nacional","\u00daltima Hora"],"inLanguage":"es","potentialAction":[{"@type":"CommentAction","name":"Comment","target":["https:\/\/www.nexoinformativo.mx\/index.php\/2024\/10\/07\/continuan-labores-sanitarias-en-guerrero-tras-paso-del-huracan-john\/#respond"]}]},{"@type":"WebPage","@id":"https:\/\/www.nexoinformativo.mx\/index.php\/2024\/10\/07\/continuan-labores-sanitarias-en-guerrero-tras-paso-del-huracan-john\/","url":"https:\/\/www.nexoinformativo.mx\/index.php\/2024\/10\/07\/continuan-labores-sanitarias-en-guerrero-tras-paso-del-huracan-john\/","name":"Contin\u00faan labores sanitarias en Guerrero tras paso del hurac\u00e1n John | Nexo Informativo Santiago de Quer\u00e9taro","isPartOf":{"@id":"https:\/\/www.nexoinformativo.mx\/#website"},"primaryImageOfPage":{"@id":"https:\/\/www.nexoinformativo.mx\/index.php\/2024\/10\/07\/continuan-labores-sanitarias-en-guerrero-tras-paso-del-huracan-john\/#primaryimage"},"image":{"@id":"https:\/\/www.nexoinformativo.mx\/index.php\/2024\/10\/07\/continuan-labores-sanitarias-en-guerrero-tras-paso-del-huracan-john\/#primaryimage"},"thumbnailUrl":"https:\/\/www.nexoinformativo.mx\/wp-content\/uploads\/2024\/10\/IMG_6750.jpg","datePublished":"2024-10-07T20:00:59+00:00","dateModified":"2024-10-07T21:13:06+00:00","description":"Contin\u00faan labores sanitarias en Guerrero tras paso del hurac\u00e1n John","breadcrumb":{"@id":"https:\/\/www.nexoinformativo.mx\/index.php\/2024\/10\/07\/continuan-labores-sanitarias-en-guerrero-tras-paso-del-huracan-john\/#breadcrumb"},"inLanguage":"es","potentialAction":[{"@type":"ReadAction","target":["https:\/\/www.nexoinformativo.mx\/index.php\/2024\/10\/07\/continuan-labores-sanitarias-en-guerrero-tras-paso-del-huracan-john\/"]}]},{"@type":"ImageObject","inLanguage":"es","@id":"https:\/\/www.nexoinformativo.mx\/index.php\/2024\/10\/07\/continuan-labores-sanitarias-en-guerrero-tras-paso-del-huracan-john\/#primaryimage","url":"https:\/\/www.nexoinformativo.mx\/wp-content\/uploads\/2024\/10\/IMG_6750.jpg","contentUrl":"https:\/\/www.nexoinformativo.mx\/wp-content\/uploads\/2024\/10\/IMG_6750.jpg","width":650,"height":380},{"@type":"BreadcrumbList","@id":"https:\/\/www.nexoinformativo.mx\/index.php\/2024\/10\/07\/continuan-labores-sanitarias-en-guerrero-tras-paso-del-huracan-john\/#breadcrumb","itemListElement":[{"@type":"ListItem","position":1,"name":"Inicio","item":"https:\/\/www.nexoinformativo.mx\/"},{"@type":"ListItem","position":2,"name":"Contin\u00faan labores sanitarias en Guerrero tras paso del hurac\u00e1n John"}]},{"@type":"WebSite","@id":"https:\/\/www.nexoinformativo.mx\/#website","url":"https:\/\/www.nexoinformativo.mx\/","name":"Nexo Informativo Santiago de Quer\u00e9taro","description":"Explora NexoInformativo y convi\u00e9rtete en parte de una comunidad que valora el conocimiento y la verdad. Tu nexoinformativo es tu puente hacia una comprensi\u00f3n m\u00e1s profunda del mundo que te rodea.","publisher":{"@id":"https:\/\/www.nexoinformativo.mx\/#organization"},"potentialAction":[{"@type":"SearchAction","target":{"@type":"EntryPoint","urlTemplate":"https:\/\/www.nexoinformativo.mx\/?s={search_term_string}"},"query-input":{"@type":"PropertyValueSpecification","valueRequired":true,"valueName":"search_term_string"}}],"inLanguage":"es"},{"@type":"Organization","@id":"https:\/\/www.nexoinformativo.mx\/#organization","name":"Nexo Informativo Santiago de Quer\u00e9taro","url":"https:\/\/www.nexoinformativo.mx\/","logo":{"@type":"ImageObject","inLanguage":"es","@id":"https:\/\/www.nexoinformativo.mx\/#\/schema\/logo\/image\/","url":"https:\/\/www.nexoinformativo.mx\/wp-content\/uploads\/2024\/07\/nexoi-trasparente-2.png","contentUrl":"https:\/\/www.nexoinformativo.mx\/wp-content\/uploads\/2024\/07\/nexoi-trasparente-2.png","width":816,"height":339,"caption":"Nexo Informativo Santiago de Quer\u00e9taro"},"image":{"@id":"https:\/\/www.nexoinformativo.mx\/#\/schema\/logo\/image\/"},"sameAs":["https:\/\/www.facebook.com\/people\/Nexo-Informativo\/61564066885511\/"]},{"@type":"Person","@id":"https:\/\/www.nexoinformativo.mx\/#\/schema\/person\/7749d380ba08c8ca00d7bc76fd907b7d","name":"Nexo Informativo","image":{"@type":"ImageObject","inLanguage":"es","@id":"https:\/\/www.nexoinformativo.mx\/#\/schema\/person\/image\/","url":"https:\/\/secure.gravatar.com\/avatar\/dde2928154642a13d95f87ddf1ea9718fe2b46760a005c53e41ff5ad610704e6?s=96&d=mm&r=g","contentUrl":"https:\/\/secure.gravatar.com\/avatar\/dde2928154642a13d95f87ddf1ea9718fe2b46760a005c53e41ff5ad610704e6?s=96&d=mm&r=g","caption":"Nexo Informativo"},"url":"https:\/\/www.nexoinformativo.mx\/index.php\/author\/edicion\/"}]}},"_links":{"self":[{"href":"https:\/\/www.nexoinformativo.mx\/index.php\/wp-json\/wp\/v2\/posts\/2896","targetHints":{"allow":["GET"]}}],"collection":[{"href":"https:\/\/www.nexoinformativo.mx\/index.php\/wp-json\/wp\/v2\/posts"}],"about":[{"href":"https:\/\/www.nexoinformativo.mx\/index.php\/wp-json\/wp\/v2\/types\/post"}],"author":[{"embeddable":true,"href":"https:\/\/www.nexoinformativo.mx\/index.php\/wp-json\/wp\/v2\/users\/3"}],"replies":[{"embeddable":true,"href":"https:\/\/www.nexoinformativo.mx\/index.php\/wp-json\/wp\/v2\/comments?post=2896"}],"version-history":[{"count":3,"href":"https:\/\/www.nexoinformativo.mx\/index.php\/wp-json\/wp\/v2\/posts\/2896\/revisions"}],"predecessor-version":[{"id":2899,"href":"https:\/\/www.nexoinformativo.mx\/index.php\/wp-json\/wp\/v2\/posts\/2896\/revisions\/2899"}],"wp:featuredmedia":[{"embeddable":true,"href":"https:\/\/www.nexoinformativo.mx\/index.php\/wp-json\/wp\/v2\/media\/2897"}],"wp:attachment":[{"href":"https:\/\/www.nexoinformativo.mx\/index.php\/wp-json\/wp\/v2\/media?parent=2896"}],"wp:term":[{"taxonomy":"category","embeddable":true,"href":"https:\/\/www.nexoinformativo.mx\/index.php\/wp-json\/wp\/v2\/categories?post=2896"},{"taxonomy":"post_tag","embeddable":true,"href":"https:\/\/www.nexoinformativo.mx\/index.php\/wp-json\/wp\/v2\/tags?post=2896"}],"curies":[{"name":"wp","href":"https:\/\/api.w.org\/{rel}","templated":true}]}}