{"id":2901,"date":"2024-10-07T16:00:15","date_gmt":"2024-10-07T22:00:15","guid":{"rendered":"https:\/\/www.nexoinformativo.mx\/?p=2901"},"modified":"2024-10-07T17:42:57","modified_gmt":"2024-10-07T23:42:57","slug":"el-impacto-de-la-inteligencia-artificial-en-la-educacion-superior-en-mexico-oportunidades-y-desafios","status":"publish","type":"post","link":"https:\/\/www.nexoinformativo.mx\/index.php\/2024\/10\/07\/el-impacto-de-la-inteligencia-artificial-en-la-educacion-superior-en-mexico-oportunidades-y-desafios\/","title":{"rendered":"El Impacto de la Inteligencia Artificial en la Educaci\u00f3n Superior en M\u00e9xico: Oportunidades y Desaf\u00edos"},"content":{"rendered":"<p style=\"text-align: justify;\">La llegada de la inteligencia artificial <strong>(IA)<\/strong> generativa a las aulas de educaci\u00f3n superior en M\u00e9xico ha desatado un debate entre acad\u00e9micos y estudiantes sobre sus implicaciones \u00e9ticas. Este fen\u00f3meno, ha transformado la forma en que se ense\u00f1a y se aprende, invita a una reflexi\u00f3n profunda sobre el papel que debe jugar la tecnolog\u00eda en el proceso educativo.<\/p>\n<p>&nbsp;<\/p>\n<p style=\"text-align: justify;\">El inter\u00e9s en la inteligencia artificial ha crecido en los \u00faltimos dos a\u00f1os, con la accesibilidad y eficacia de estas herramientas.\u00a0Santiago Fajer, director ejecutivo de la empresa mexicana de IA Xira, se\u00f1ala \u201c<strong>La IA generativa no solo reconoce patrones, sino que puede enriquecer el proceso educativo\u201d<\/strong>, aunque advierte sobre desaf\u00edos que plantea en t\u00e9rminos de veracidad de la informaci\u00f3n.<\/p>\n<p>&nbsp;<\/p>\n<p style=\"text-align: justify;\">Fajer destaca la importancia de aplicar la IA, sugiriendo que los educadores deben ser capaces de distinguir entre el trabajo humano y el generado por IA. Mar\u00eda Bel\u00e9n Correa, directora regional de Turnitin para Latam anunci\u00f3 el lanzamiento de un detector de escritura generada por IA, que ha sido adaptado al espa\u00f1ol.<\/p>\n<p>&nbsp;<\/p>\n<p style=\"text-align: justify;\">Esta herramienta plantea interrogantes sobre la autenticidad del trabajo acad\u00e9mico y la necesidad de que educadores y estudiantes comprendan las implicaciones de su uso. Surge la pregunta sobre c\u00f3mo integrarla en el aula.<\/p>\n<p>&nbsp;<\/p>\n<p style=\"text-align: justify;\">Se recomienda que los educadores no vean la IA como un enemigo, sino como un aliado y las instituciones deben adaptarse a la presencia de la IA en el aula, promoviendo un enfoque proactivo en lugar de prohibiciones.<\/p>\n<p>&nbsp;<\/p>\n<p style=\"text-align: justify;\">El futuro del aula con inteligencia artificial es incierto, pero se imagina un panorama en el que estas herramientas se integren naturalmente en el proceso educativo. La creatividad de los profesores y la colaboraci\u00f3n entre empresas de tecnolog\u00eda educativa e instituciones ser\u00e1n clave para maximizar el impacto positivo de la IA en el aprendizaje.<\/p>\n<p>&nbsp;<\/p>\n<p>&nbsp;<\/p>\n<p style=\"text-align: center;\"><strong><em>\u00a1Informaci\u00f3n que transforma!<\/em><\/strong><\/p>\n","protected":false},"excerpt":{"rendered":"<p>La llegada de la inteligencia artificial (IA) generativa a las aulas de educaci\u00f3n superior en M\u00e9xico ha desatado un debate entre acad\u00e9micos y estudiantes sobre sus implicaciones \u00e9ticas. Este fen\u00f3meno, ha transformado la forma en que se ense\u00f1a y se aprende, invita a una reflexi\u00f3n profunda sobre el papel que debe jugar la tecnolog\u00eda en [&hellip;]<\/p>\n","protected":false},"author":3,"featured_media":2902,"comment_status":"open","ping_status":"open","sticky":false,"template":"","format":"standard","meta":{"footnotes":""},"categories":[13,58],"tags":[1163,221,1128,1164],"class_list":["post-2901","post","type-post","status-publish","format-standard","has-post-thumbnail","hentry","category-tecnologia","category-ultima-hora","tag-educacionsuperior","tag-innovacioneducativa","tag-inteligenciaartificial","tag-tecnologia"],"yoast_head":"<!-- This site is optimized with the Yoast SEO plugin v25.0 - https:\/\/yoast.com\/wordpress\/plugins\/seo\/ -->\n<title>El Impacto de la Inteligencia Artificial en la Educaci\u00f3n Superior en M\u00e9xico: Oportunidades y Desaf\u00edos | Nexo Informativo Santiago de Quer\u00e9taro<\/title>\n<meta name=\"description\" content=\"El Impacto de la Inteligencia Artificial en la Educaci\u00f3n Superior en M\u00e9xico: Oportunidades y Desaf\u00edos\" \/>\n<meta name=\"robots\" content=\"index, follow, max-snippet:-1, max-image-preview:large, max-video-preview:-1\" \/>\n<link rel=\"canonical\" href=\"https:\/\/www.nexoinformativo.mx\/index.php\/2024\/10\/07\/el-impacto-de-la-inteligencia-artificial-en-la-educacion-superior-en-mexico-oportunidades-y-desafios\/\" \/>\n<meta property=\"og:locale\" content=\"es_MX\" \/>\n<meta property=\"og:type\" content=\"article\" \/>\n<meta property=\"og:title\" content=\"El Impacto de la Inteligencia Artificial en la Educaci\u00f3n Superior en M\u00e9xico: Oportunidades y Desaf\u00edos | Nexo Informativo Santiago de Quer\u00e9taro\" \/>\n<meta property=\"og:description\" content=\"El Impacto de la Inteligencia Artificial en la Educaci\u00f3n Superior en M\u00e9xico: Oportunidades y Desaf\u00edos\" \/>\n<meta property=\"og:url\" content=\"https:\/\/www.nexoinformativo.mx\/index.php\/2024\/10\/07\/el-impacto-de-la-inteligencia-artificial-en-la-educacion-superior-en-mexico-oportunidades-y-desafios\/\" \/>\n<meta property=\"og:site_name\" content=\"Nexo Informativo Santiago de Quer\u00e9taro\" \/>\n<meta property=\"article:publisher\" content=\"https:\/\/www.facebook.com\/people\/Nexo-Informativo\/61564066885511\/\" \/>\n<meta property=\"article:published_time\" content=\"2024-10-07T22:00:15+00:00\" \/>\n<meta property=\"article:modified_time\" content=\"2024-10-07T23:42:57+00:00\" \/>\n<meta property=\"og:image\" content=\"https:\/\/www.nexoinformativo.mx\/wp-content\/uploads\/2024\/10\/pexels-kindelmedia-8982693-scaled-e1728342985286.jpg\" \/>\n\t<meta property=\"og:image:width\" content=\"800\" \/>\n\t<meta property=\"og:image:height\" content=\"1067\" \/>\n\t<meta property=\"og:image:type\" content=\"image\/jpeg\" \/>\n<meta name=\"author\" content=\"Nexo Informativo\" \/>\n<meta name=\"twitter:card\" content=\"summary_large_image\" \/>\n<meta name=\"twitter:label1\" content=\"Escrito por\" \/>\n\t<meta name=\"twitter:data1\" content=\"Nexo Informativo\" \/>\n\t<meta name=\"twitter:label2\" content=\"Tiempo de lectura\" \/>\n\t<meta name=\"twitter:data2\" content=\"2 minutos\" \/>\n<script type=\"application\/ld+json\" class=\"yoast-schema-graph\">{\"@context\":\"https:\/\/schema.org\",\"@graph\":[{\"@type\":\"Article\",\"@id\":\"https:\/\/www.nexoinformativo.mx\/index.php\/2024\/10\/07\/el-impacto-de-la-inteligencia-artificial-en-la-educacion-superior-en-mexico-oportunidades-y-desafios\/#article\",\"isPartOf\":{\"@id\":\"https:\/\/www.nexoinformativo.mx\/index.php\/2024\/10\/07\/el-impacto-de-la-inteligencia-artificial-en-la-educacion-superior-en-mexico-oportunidades-y-desafios\/\"},\"author\":{\"name\":\"Nexo Informativo\",\"@id\":\"https:\/\/www.nexoinformativo.mx\/#\/schema\/person\/7749d380ba08c8ca00d7bc76fd907b7d\"},\"headline\":\"El Impacto de la Inteligencia Artificial en la Educaci\u00f3n Superior en M\u00e9xico: Oportunidades y Desaf\u00edos\",\"datePublished\":\"2024-10-07T22:00:15+00:00\",\"dateModified\":\"2024-10-07T23:42:57+00:00\",\"mainEntityOfPage\":{\"@id\":\"https:\/\/www.nexoinformativo.mx\/index.php\/2024\/10\/07\/el-impacto-de-la-inteligencia-artificial-en-la-educacion-superior-en-mexico-oportunidades-y-desafios\/\"},\"wordCount\":345,\"commentCount\":0,\"publisher\":{\"@id\":\"https:\/\/www.nexoinformativo.mx\/#organization\"},\"image\":{\"@id\":\"https:\/\/www.nexoinformativo.mx\/index.php\/2024\/10\/07\/el-impacto-de-la-inteligencia-artificial-en-la-educacion-superior-en-mexico-oportunidades-y-desafios\/#primaryimage\"},\"thumbnailUrl\":\"https:\/\/www.nexoinformativo.mx\/wp-content\/uploads\/2024\/10\/pexels-kindelmedia-8982693-scaled-e1728342985286.jpg\",\"keywords\":[\"Educaci\u00f3nSuperior\",\"Innovaci\u00f3nEducativa\",\"InteligenciaArtificial\",\"Tecnolog\u00eda\"],\"articleSection\":[\"Tecnolog\u00eda\",\"\u00daltima Hora\"],\"inLanguage\":\"es\",\"potentialAction\":[{\"@type\":\"CommentAction\",\"name\":\"Comment\",\"target\":[\"https:\/\/www.nexoinformativo.mx\/index.php\/2024\/10\/07\/el-impacto-de-la-inteligencia-artificial-en-la-educacion-superior-en-mexico-oportunidades-y-desafios\/#respond\"]}]},{\"@type\":\"WebPage\",\"@id\":\"https:\/\/www.nexoinformativo.mx\/index.php\/2024\/10\/07\/el-impacto-de-la-inteligencia-artificial-en-la-educacion-superior-en-mexico-oportunidades-y-desafios\/\",\"url\":\"https:\/\/www.nexoinformativo.mx\/index.php\/2024\/10\/07\/el-impacto-de-la-inteligencia-artificial-en-la-educacion-superior-en-mexico-oportunidades-y-desafios\/\",\"name\":\"El Impacto de la Inteligencia Artificial en la Educaci\u00f3n Superior en M\u00e9xico: Oportunidades y Desaf\u00edos | Nexo Informativo Santiago de Quer\u00e9taro\",\"isPartOf\":{\"@id\":\"https:\/\/www.nexoinformativo.mx\/#website\"},\"primaryImageOfPage\":{\"@id\":\"https:\/\/www.nexoinformativo.mx\/index.php\/2024\/10\/07\/el-impacto-de-la-inteligencia-artificial-en-la-educacion-superior-en-mexico-oportunidades-y-desafios\/#primaryimage\"},\"image\":{\"@id\":\"https:\/\/www.nexoinformativo.mx\/index.php\/2024\/10\/07\/el-impacto-de-la-inteligencia-artificial-en-la-educacion-superior-en-mexico-oportunidades-y-desafios\/#primaryimage\"},\"thumbnailUrl\":\"https:\/\/www.nexoinformativo.mx\/wp-content\/uploads\/2024\/10\/pexels-kindelmedia-8982693-scaled-e1728342985286.jpg\",\"datePublished\":\"2024-10-07T22:00:15+00:00\",\"dateModified\":\"2024-10-07T23:42:57+00:00\",\"description\":\"El Impacto de la Inteligencia Artificial en la Educaci\u00f3n Superior en M\u00e9xico: Oportunidades y Desaf\u00edos\",\"breadcrumb\":{\"@id\":\"https:\/\/www.nexoinformativo.mx\/index.php\/2024\/10\/07\/el-impacto-de-la-inteligencia-artificial-en-la-educacion-superior-en-mexico-oportunidades-y-desafios\/#breadcrumb\"},\"inLanguage\":\"es\",\"potentialAction\":[{\"@type\":\"ReadAction\",\"target\":[\"https:\/\/www.nexoinformativo.mx\/index.php\/2024\/10\/07\/el-impacto-de-la-inteligencia-artificial-en-la-educacion-superior-en-mexico-oportunidades-y-desafios\/\"]}]},{\"@type\":\"ImageObject\",\"inLanguage\":\"es\",\"@id\":\"https:\/\/www.nexoinformativo.mx\/index.php\/2024\/10\/07\/el-impacto-de-la-inteligencia-artificial-en-la-educacion-superior-en-mexico-oportunidades-y-desafios\/#primaryimage\",\"url\":\"https:\/\/www.nexoinformativo.mx\/wp-content\/uploads\/2024\/10\/pexels-kindelmedia-8982693-scaled-e1728342985286.jpg\",\"contentUrl\":\"https:\/\/www.nexoinformativo.mx\/wp-content\/uploads\/2024\/10\/pexels-kindelmedia-8982693-scaled-e1728342985286.jpg\",\"width\":800,\"height\":1067},{\"@type\":\"BreadcrumbList\",\"@id\":\"https:\/\/www.nexoinformativo.mx\/index.php\/2024\/10\/07\/el-impacto-de-la-inteligencia-artificial-en-la-educacion-superior-en-mexico-oportunidades-y-desafios\/#breadcrumb\",\"itemListElement\":[{\"@type\":\"ListItem\",\"position\":1,\"name\":\"Inicio\",\"item\":\"https:\/\/www.nexoinformativo.mx\/\"},{\"@type\":\"ListItem\",\"position\":2,\"name\":\"El Impacto de la Inteligencia Artificial en la Educaci\u00f3n Superior en M\u00e9xico: Oportunidades y Desaf\u00edos\"}]},{\"@type\":\"WebSite\",\"@id\":\"https:\/\/www.nexoinformativo.mx\/#website\",\"url\":\"https:\/\/www.nexoinformativo.mx\/\",\"name\":\"Nexo Informativo Santiago de Quer\u00e9taro\",\"description\":\"Explora NexoInformativo y convi\u00e9rtete en parte de una comunidad que valora el conocimiento y la verdad. Tu nexoinformativo es tu puente hacia una comprensi\u00f3n m\u00e1s profunda del mundo que te rodea.\",\"publisher\":{\"@id\":\"https:\/\/www.nexoinformativo.mx\/#organization\"},\"potentialAction\":[{\"@type\":\"SearchAction\",\"target\":{\"@type\":\"EntryPoint\",\"urlTemplate\":\"https:\/\/www.nexoinformativo.mx\/?s={search_term_string}\"},\"query-input\":{\"@type\":\"PropertyValueSpecification\",\"valueRequired\":true,\"valueName\":\"search_term_string\"}}],\"inLanguage\":\"es\"},{\"@type\":\"Organization\",\"@id\":\"https:\/\/www.nexoinformativo.mx\/#organization\",\"name\":\"Nexo Informativo Santiago de Quer\u00e9taro\",\"url\":\"https:\/\/www.nexoinformativo.mx\/\",\"logo\":{\"@type\":\"ImageObject\",\"inLanguage\":\"es\",\"@id\":\"https:\/\/www.nexoinformativo.mx\/#\/schema\/logo\/image\/\",\"url\":\"https:\/\/www.nexoinformativo.mx\/wp-content\/uploads\/2024\/07\/nexoi-trasparente-2.png\",\"contentUrl\":\"https:\/\/www.nexoinformativo.mx\/wp-content\/uploads\/2024\/07\/nexoi-trasparente-2.png\",\"width\":816,\"height\":339,\"caption\":\"Nexo Informativo Santiago de Quer\u00e9taro\"},\"image\":{\"@id\":\"https:\/\/www.nexoinformativo.mx\/#\/schema\/logo\/image\/\"},\"sameAs\":[\"https:\/\/www.facebook.com\/people\/Nexo-Informativo\/61564066885511\/\"]},{\"@type\":\"Person\",\"@id\":\"https:\/\/www.nexoinformativo.mx\/#\/schema\/person\/7749d380ba08c8ca00d7bc76fd907b7d\",\"name\":\"Nexo Informativo\",\"image\":{\"@type\":\"ImageObject\",\"inLanguage\":\"es\",\"@id\":\"https:\/\/www.nexoinformativo.mx\/#\/schema\/person\/image\/\",\"url\":\"https:\/\/secure.gravatar.com\/avatar\/dde2928154642a13d95f87ddf1ea9718fe2b46760a005c53e41ff5ad610704e6?s=96&d=mm&r=g\",\"contentUrl\":\"https:\/\/secure.gravatar.com\/avatar\/dde2928154642a13d95f87ddf1ea9718fe2b46760a005c53e41ff5ad610704e6?s=96&d=mm&r=g\",\"caption\":\"Nexo Informativo\"},\"url\":\"https:\/\/www.nexoinformativo.mx\/index.php\/author\/edicion\/\"}]}<\/script>\n<!-- \/ Yoast SEO plugin. -->","yoast_head_json":{"title":"El Impacto de la Inteligencia Artificial en la Educaci\u00f3n Superior en M\u00e9xico: Oportunidades y Desaf\u00edos | Nexo Informativo Santiago de Quer\u00e9taro","description":"El Impacto de la Inteligencia Artificial en la Educaci\u00f3n Superior en M\u00e9xico: Oportunidades y Desaf\u00edos","robots":{"index":"index","follow":"follow","max-snippet":"max-snippet:-1","max-image-preview":"max-image-preview:large","max-video-preview":"max-video-preview:-1"},"canonical":"https:\/\/www.nexoinformativo.mx\/index.php\/2024\/10\/07\/el-impacto-de-la-inteligencia-artificial-en-la-educacion-superior-en-mexico-oportunidades-y-desafios\/","og_locale":"es_MX","og_type":"article","og_title":"El Impacto de la Inteligencia Artificial en la Educaci\u00f3n Superior en M\u00e9xico: Oportunidades y Desaf\u00edos | Nexo Informativo Santiago de Quer\u00e9taro","og_description":"El Impacto de la Inteligencia Artificial en la Educaci\u00f3n Superior en M\u00e9xico: Oportunidades y Desaf\u00edos","og_url":"https:\/\/www.nexoinformativo.mx\/index.php\/2024\/10\/07\/el-impacto-de-la-inteligencia-artificial-en-la-educacion-superior-en-mexico-oportunidades-y-desafios\/","og_site_name":"Nexo Informativo Santiago de Quer\u00e9taro","article_publisher":"https:\/\/www.facebook.com\/people\/Nexo-Informativo\/61564066885511\/","article_published_time":"2024-10-07T22:00:15+00:00","article_modified_time":"2024-10-07T23:42:57+00:00","og_image":[{"width":800,"height":1067,"url":"https:\/\/www.nexoinformativo.mx\/wp-content\/uploads\/2024\/10\/pexels-kindelmedia-8982693-scaled-e1728342985286.jpg","type":"image\/jpeg"}],"author":"Nexo Informativo","twitter_card":"summary_large_image","twitter_misc":{"Escrito por":"Nexo Informativo","Tiempo de lectura":"2 minutos"},"schema":{"@context":"https:\/\/schema.org","@graph":[{"@type":"Article","@id":"https:\/\/www.nexoinformativo.mx\/index.php\/2024\/10\/07\/el-impacto-de-la-inteligencia-artificial-en-la-educacion-superior-en-mexico-oportunidades-y-desafios\/#article","isPartOf":{"@id":"https:\/\/www.nexoinformativo.mx\/index.php\/2024\/10\/07\/el-impacto-de-la-inteligencia-artificial-en-la-educacion-superior-en-mexico-oportunidades-y-desafios\/"},"author":{"name":"Nexo Informativo","@id":"https:\/\/www.nexoinformativo.mx\/#\/schema\/person\/7749d380ba08c8ca00d7bc76fd907b7d"},"headline":"El Impacto de la Inteligencia Artificial en la Educaci\u00f3n Superior en M\u00e9xico: Oportunidades y Desaf\u00edos","datePublished":"2024-10-07T22:00:15+00:00","dateModified":"2024-10-07T23:42:57+00:00","mainEntityOfPage":{"@id":"https:\/\/www.nexoinformativo.mx\/index.php\/2024\/10\/07\/el-impacto-de-la-inteligencia-artificial-en-la-educacion-superior-en-mexico-oportunidades-y-desafios\/"},"wordCount":345,"commentCount":0,"publisher":{"@id":"https:\/\/www.nexoinformativo.mx\/#organization"},"image":{"@id":"https:\/\/www.nexoinformativo.mx\/index.php\/2024\/10\/07\/el-impacto-de-la-inteligencia-artificial-en-la-educacion-superior-en-mexico-oportunidades-y-desafios\/#primaryimage"},"thumbnailUrl":"https:\/\/www.nexoinformativo.mx\/wp-content\/uploads\/2024\/10\/pexels-kindelmedia-8982693-scaled-e1728342985286.jpg","keywords":["Educaci\u00f3nSuperior","Innovaci\u00f3nEducativa","InteligenciaArtificial","Tecnolog\u00eda"],"articleSection":["Tecnolog\u00eda","\u00daltima Hora"],"inLanguage":"es","potentialAction":[{"@type":"CommentAction","name":"Comment","target":["https:\/\/www.nexoinformativo.mx\/index.php\/2024\/10\/07\/el-impacto-de-la-inteligencia-artificial-en-la-educacion-superior-en-mexico-oportunidades-y-desafios\/#respond"]}]},{"@type":"WebPage","@id":"https:\/\/www.nexoinformativo.mx\/index.php\/2024\/10\/07\/el-impacto-de-la-inteligencia-artificial-en-la-educacion-superior-en-mexico-oportunidades-y-desafios\/","url":"https:\/\/www.nexoinformativo.mx\/index.php\/2024\/10\/07\/el-impacto-de-la-inteligencia-artificial-en-la-educacion-superior-en-mexico-oportunidades-y-desafios\/","name":"El Impacto de la Inteligencia Artificial en la Educaci\u00f3n Superior en M\u00e9xico: Oportunidades y Desaf\u00edos | Nexo Informativo Santiago de Quer\u00e9taro","isPartOf":{"@id":"https:\/\/www.nexoinformativo.mx\/#website"},"primaryImageOfPage":{"@id":"https:\/\/www.nexoinformativo.mx\/index.php\/2024\/10\/07\/el-impacto-de-la-inteligencia-artificial-en-la-educacion-superior-en-mexico-oportunidades-y-desafios\/#primaryimage"},"image":{"@id":"https:\/\/www.nexoinformativo.mx\/index.php\/2024\/10\/07\/el-impacto-de-la-inteligencia-artificial-en-la-educacion-superior-en-mexico-oportunidades-y-desafios\/#primaryimage"},"thumbnailUrl":"https:\/\/www.nexoinformativo.mx\/wp-content\/uploads\/2024\/10\/pexels-kindelmedia-8982693-scaled-e1728342985286.jpg","datePublished":"2024-10-07T22:00:15+00:00","dateModified":"2024-10-07T23:42:57+00:00","description":"El Impacto de la Inteligencia Artificial en la Educaci\u00f3n Superior en M\u00e9xico: Oportunidades y Desaf\u00edos","breadcrumb":{"@id":"https:\/\/www.nexoinformativo.mx\/index.php\/2024\/10\/07\/el-impacto-de-la-inteligencia-artificial-en-la-educacion-superior-en-mexico-oportunidades-y-desafios\/#breadcrumb"},"inLanguage":"es","potentialAction":[{"@type":"ReadAction","target":["https:\/\/www.nexoinformativo.mx\/index.php\/2024\/10\/07\/el-impacto-de-la-inteligencia-artificial-en-la-educacion-superior-en-mexico-oportunidades-y-desafios\/"]}]},{"@type":"ImageObject","inLanguage":"es","@id":"https:\/\/www.nexoinformativo.mx\/index.php\/2024\/10\/07\/el-impacto-de-la-inteligencia-artificial-en-la-educacion-superior-en-mexico-oportunidades-y-desafios\/#primaryimage","url":"https:\/\/www.nexoinformativo.mx\/wp-content\/uploads\/2024\/10\/pexels-kindelmedia-8982693-scaled-e1728342985286.jpg","contentUrl":"https:\/\/www.nexoinformativo.mx\/wp-content\/uploads\/2024\/10\/pexels-kindelmedia-8982693-scaled-e1728342985286.jpg","width":800,"height":1067},{"@type":"BreadcrumbList","@id":"https:\/\/www.nexoinformativo.mx\/index.php\/2024\/10\/07\/el-impacto-de-la-inteligencia-artificial-en-la-educacion-superior-en-mexico-oportunidades-y-desafios\/#breadcrumb","itemListElement":[{"@type":"ListItem","position":1,"name":"Inicio","item":"https:\/\/www.nexoinformativo.mx\/"},{"@type":"ListItem","position":2,"name":"El Impacto de la Inteligencia Artificial en la Educaci\u00f3n Superior en M\u00e9xico: Oportunidades y Desaf\u00edos"}]},{"@type":"WebSite","@id":"https:\/\/www.nexoinformativo.mx\/#website","url":"https:\/\/www.nexoinformativo.mx\/","name":"Nexo Informativo Santiago de Quer\u00e9taro","description":"Explora NexoInformativo y convi\u00e9rtete en parte de una comunidad que valora el conocimiento y la verdad. Tu nexoinformativo es tu puente hacia una comprensi\u00f3n m\u00e1s profunda del mundo que te rodea.","publisher":{"@id":"https:\/\/www.nexoinformativo.mx\/#organization"},"potentialAction":[{"@type":"SearchAction","target":{"@type":"EntryPoint","urlTemplate":"https:\/\/www.nexoinformativo.mx\/?s={search_term_string}"},"query-input":{"@type":"PropertyValueSpecification","valueRequired":true,"valueName":"search_term_string"}}],"inLanguage":"es"},{"@type":"Organization","@id":"https:\/\/www.nexoinformativo.mx\/#organization","name":"Nexo Informativo Santiago de Quer\u00e9taro","url":"https:\/\/www.nexoinformativo.mx\/","logo":{"@type":"ImageObject","inLanguage":"es","@id":"https:\/\/www.nexoinformativo.mx\/#\/schema\/logo\/image\/","url":"https:\/\/www.nexoinformativo.mx\/wp-content\/uploads\/2024\/07\/nexoi-trasparente-2.png","contentUrl":"https:\/\/www.nexoinformativo.mx\/wp-content\/uploads\/2024\/07\/nexoi-trasparente-2.png","width":816,"height":339,"caption":"Nexo Informativo Santiago de Quer\u00e9taro"},"image":{"@id":"https:\/\/www.nexoinformativo.mx\/#\/schema\/logo\/image\/"},"sameAs":["https:\/\/www.facebook.com\/people\/Nexo-Informativo\/61564066885511\/"]},{"@type":"Person","@id":"https:\/\/www.nexoinformativo.mx\/#\/schema\/person\/7749d380ba08c8ca00d7bc76fd907b7d","name":"Nexo Informativo","image":{"@type":"ImageObject","inLanguage":"es","@id":"https:\/\/www.nexoinformativo.mx\/#\/schema\/person\/image\/","url":"https:\/\/secure.gravatar.com\/avatar\/dde2928154642a13d95f87ddf1ea9718fe2b46760a005c53e41ff5ad610704e6?s=96&d=mm&r=g","contentUrl":"https:\/\/secure.gravatar.com\/avatar\/dde2928154642a13d95f87ddf1ea9718fe2b46760a005c53e41ff5ad610704e6?s=96&d=mm&r=g","caption":"Nexo Informativo"},"url":"https:\/\/www.nexoinformativo.mx\/index.php\/author\/edicion\/"}]}},"_links":{"self":[{"href":"https:\/\/www.nexoinformativo.mx\/index.php\/wp-json\/wp\/v2\/posts\/2901","targetHints":{"allow":["GET"]}}],"collection":[{"href":"https:\/\/www.nexoinformativo.mx\/index.php\/wp-json\/wp\/v2\/posts"}],"about":[{"href":"https:\/\/www.nexoinformativo.mx\/index.php\/wp-json\/wp\/v2\/types\/post"}],"author":[{"embeddable":true,"href":"https:\/\/www.nexoinformativo.mx\/index.php\/wp-json\/wp\/v2\/users\/3"}],"replies":[{"embeddable":true,"href":"https:\/\/www.nexoinformativo.mx\/index.php\/wp-json\/wp\/v2\/comments?post=2901"}],"version-history":[{"count":12,"href":"https:\/\/www.nexoinformativo.mx\/index.php\/wp-json\/wp\/v2\/posts\/2901\/revisions"}],"predecessor-version":[{"id":2904,"href":"https:\/\/www.nexoinformativo.mx\/index.php\/wp-json\/wp\/v2\/posts\/2901\/revisions\/2904"}],"wp:featuredmedia":[{"embeddable":true,"href":"https:\/\/www.nexoinformativo.mx\/index.php\/wp-json\/wp\/v2\/media\/2902"}],"wp:attachment":[{"href":"https:\/\/www.nexoinformativo.mx\/index.php\/wp-json\/wp\/v2\/media?parent=2901"}],"wp:term":[{"taxonomy":"category","embeddable":true,"href":"https:\/\/www.nexoinformativo.mx\/index.php\/wp-json\/wp\/v2\/categories?post=2901"},{"taxonomy":"post_tag","embeddable":true,"href":"https:\/\/www.nexoinformativo.mx\/index.php\/wp-json\/wp\/v2\/tags?post=2901"}],"curies":[{"name":"wp","href":"https:\/\/api.w.org\/{rel}","templated":true}]}}