{"id":2916,"date":"2024-10-07T17:00:29","date_gmt":"2024-10-07T23:00:29","guid":{"rendered":"https:\/\/www.nexoinformativo.mx\/?p=2916"},"modified":"2024-10-07T21:03:05","modified_gmt":"2024-10-08T03:03:05","slug":"felifer-macias-toma-protesta-a-nuevos-funcionarios-en-queretaro-para-fortalecer-el-gobierno-municipal","status":"publish","type":"post","link":"https:\/\/www.nexoinformativo.mx\/index.php\/2024\/10\/07\/felifer-macias-toma-protesta-a-nuevos-funcionarios-en-queretaro-para-fortalecer-el-gobierno-municipal\/","title":{"rendered":"Felifer Mac\u00edas toma protesta a nuevos funcionarios en Quer\u00e9taro para fortalecer el gobierno municipal"},"content":{"rendered":"<p style=\"text-align: justify;\">En una sesi\u00f3n extraordinaria de Cabildo, el presidente municipal de Quer\u00e9taro, Felifer Mac\u00edas, tom\u00f3 protesta a los nuevos funcionarios que se integran al equipo del Ayuntamiento, los nombramientos incluyen a:<\/p>\n<p>&nbsp;<\/p>\n<ul>\n<li style=\"text-align: justify;\">Jes\u00fas Roberto Franco Gonz\u00e1lez como secretario del Ayuntamiento, ha ocupado este mismo cargo en administraciones pasadas y cuenta con una s\u00f3lida formaci\u00f3n acad\u00e9mica como maestro en Derecho por la Universidad Aut\u00f3noma de Quer\u00e9taro (UAQ).<\/li>\n<li style=\"text-align: justify;\">Jos\u00e9 Armando Presa Ortega como secretario de Servicios P\u00fablicos Municipales, es arquitecto por la UAQ y tiene experiencia en la Comisi\u00f3n Estatal de Aguas.<\/li>\n<li style=\"text-align: justify;\">Gabriela Valencia Garc\u00eda como directora del Registro Civil, es licenciada en Derecho con una maestr\u00eda en Administraci\u00f3n P\u00fablica por la UAQ y se ha destacado por su desempe\u00f1o en el Sistema Municipal DIF.<\/li>\n<li style=\"text-align: justify;\">Miguel Antonio Parrodi Espinosa como coordinador general del Comit\u00e9 de Planeaci\u00f3n para el Desarrollo Profesional, es licenciado en Derecho y maestro en Gobierno y Pol\u00edticas P\u00fablicas por la Universidad Panamericana.<\/li>\n<\/ul>\n<p>&nbsp;<\/p>\n<p style=\"text-align: justify;\">Durante la ceremonia, Felifer Mac\u00edas el compromiso de los nuevos funcionarios con la comunidad queretana. \u201cLes deseo todo el \u00e9xito en esta encomienda, pero tambi\u00e9n les pido un trabajo extraordinario de cercan\u00eda con la gente y alta eficiencia para atender las necesidades del Cabildo y las acciones en sus respectivas \u00e1reas\u201d, expres\u00f3 el presidente municipal.<\/p>\n<p>&nbsp;<\/p>\n<p style=\"text-align: justify;\">En la misma sesi\u00f3n solemne, Felifer Mac\u00edas tom\u00f3 protesta a Jorge Cevallos P\u00e9rez como regidor suplente, quien se une al H. Ayuntamiento de Quer\u00e9taro.<\/p>\n","protected":false},"excerpt":{"rendered":"<p>En una sesi\u00f3n extraordinaria de Cabildo, el presidente municipal de Quer\u00e9taro, Felifer Mac\u00edas, tom\u00f3 protesta a los nuevos funcionarios que se integran al equipo del Ayuntamiento, los nombramientos incluyen a:<\/p>\n","protected":false},"author":3,"featured_media":2917,"comment_status":"open","ping_status":"open","sticky":false,"template":"","format":"standard","meta":{"footnotes":""},"categories":[65,21,58],"tags":[1000,1165,1166,1167],"class_list":["post-2916","post","type-post","status-publish","format-standard","has-post-thumbnail","hentry","category-municipios","category-politica","category-ultima-hora","tag-felifermacias","tag-gobiernoeficiente","tag-nuevosfuncionarios","tag-queretarogobierno"],"yoast_head":"<!-- This site is optimized with the Yoast SEO plugin v25.0 - https:\/\/yoast.com\/wordpress\/plugins\/seo\/ -->\n<title>Felifer Mac\u00edas toma protesta a nuevos funcionarios en Quer\u00e9taro para fortalecer el gobierno municipal | Nexo Informativo Santiago de Quer\u00e9taro<\/title>\n<meta name=\"description\" content=\"Felifer Mac\u00edas toma protesta a nuevos funcionarios en Quer\u00e9taro para fortalecer el gobierno municipal\" \/>\n<meta name=\"robots\" content=\"index, follow, max-snippet:-1, max-image-preview:large, max-video-preview:-1\" \/>\n<link rel=\"canonical\" href=\"https:\/\/www.nexoinformativo.mx\/index.php\/2024\/10\/07\/felifer-macias-toma-protesta-a-nuevos-funcionarios-en-queretaro-para-fortalecer-el-gobierno-municipal\/\" \/>\n<meta property=\"og:locale\" content=\"es_MX\" \/>\n<meta property=\"og:type\" content=\"article\" \/>\n<meta property=\"og:title\" content=\"Felifer Mac\u00edas toma protesta a nuevos funcionarios en Quer\u00e9taro para fortalecer el gobierno municipal | Nexo Informativo Santiago de Quer\u00e9taro\" \/>\n<meta property=\"og:description\" content=\"Felifer Mac\u00edas toma protesta a nuevos funcionarios en Quer\u00e9taro para fortalecer el gobierno municipal\" \/>\n<meta property=\"og:url\" content=\"https:\/\/www.nexoinformativo.mx\/index.php\/2024\/10\/07\/felifer-macias-toma-protesta-a-nuevos-funcionarios-en-queretaro-para-fortalecer-el-gobierno-municipal\/\" \/>\n<meta property=\"og:site_name\" content=\"Nexo Informativo Santiago de Quer\u00e9taro\" \/>\n<meta property=\"article:publisher\" content=\"https:\/\/www.facebook.com\/people\/Nexo-Informativo\/61564066885511\/\" \/>\n<meta property=\"article:published_time\" content=\"2024-10-07T23:00:29+00:00\" \/>\n<meta property=\"article:modified_time\" content=\"2024-10-08T03:03:05+00:00\" \/>\n<meta property=\"og:image\" content=\"https:\/\/www.nexoinformativo.mx\/wp-content\/uploads\/2024\/10\/unnamed-1-1-e1728356364532.jpg\" \/>\n\t<meta property=\"og:image:width\" content=\"800\" \/>\n\t<meta property=\"og:image:height\" content=\"534\" \/>\n\t<meta property=\"og:image:type\" content=\"image\/jpeg\" \/>\n<meta name=\"author\" content=\"Nexo Informativo\" \/>\n<meta name=\"twitter:card\" content=\"summary_large_image\" \/>\n<meta name=\"twitter:label1\" content=\"Escrito por\" \/>\n\t<meta name=\"twitter:data1\" content=\"Nexo Informativo\" \/>\n\t<meta name=\"twitter:label2\" content=\"Tiempo de lectura\" \/>\n\t<meta name=\"twitter:data2\" content=\"2 minutos\" \/>\n<script type=\"application\/ld+json\" class=\"yoast-schema-graph\">{\"@context\":\"https:\/\/schema.org\",\"@graph\":[{\"@type\":\"Article\",\"@id\":\"https:\/\/www.nexoinformativo.mx\/index.php\/2024\/10\/07\/felifer-macias-toma-protesta-a-nuevos-funcionarios-en-queretaro-para-fortalecer-el-gobierno-municipal\/#article\",\"isPartOf\":{\"@id\":\"https:\/\/www.nexoinformativo.mx\/index.php\/2024\/10\/07\/felifer-macias-toma-protesta-a-nuevos-funcionarios-en-queretaro-para-fortalecer-el-gobierno-municipal\/\"},\"author\":{\"name\":\"Nexo Informativo\",\"@id\":\"https:\/\/www.nexoinformativo.mx\/#\/schema\/person\/7749d380ba08c8ca00d7bc76fd907b7d\"},\"headline\":\"Felifer Mac\u00edas toma protesta a nuevos funcionarios en Quer\u00e9taro para fortalecer el gobierno municipal\",\"datePublished\":\"2024-10-07T23:00:29+00:00\",\"dateModified\":\"2024-10-08T03:03:05+00:00\",\"mainEntityOfPage\":{\"@id\":\"https:\/\/www.nexoinformativo.mx\/index.php\/2024\/10\/07\/felifer-macias-toma-protesta-a-nuevos-funcionarios-en-queretaro-para-fortalecer-el-gobierno-municipal\/\"},\"wordCount\":276,\"commentCount\":0,\"publisher\":{\"@id\":\"https:\/\/www.nexoinformativo.mx\/#organization\"},\"image\":{\"@id\":\"https:\/\/www.nexoinformativo.mx\/index.php\/2024\/10\/07\/felifer-macias-toma-protesta-a-nuevos-funcionarios-en-queretaro-para-fortalecer-el-gobierno-municipal\/#primaryimage\"},\"thumbnailUrl\":\"https:\/\/www.nexoinformativo.mx\/wp-content\/uploads\/2024\/10\/unnamed-1-1-e1728356364532.jpg\",\"keywords\":[\"FeliferMac\u00edas\",\"GobiernoEficiente\",\"NuevosFuncionarios\",\"Quer\u00e9taroGobierno\"],\"articleSection\":[\"Municipios\",\"Pol\u00edtica\",\"\u00daltima Hora\"],\"inLanguage\":\"es\",\"potentialAction\":[{\"@type\":\"CommentAction\",\"name\":\"Comment\",\"target\":[\"https:\/\/www.nexoinformativo.mx\/index.php\/2024\/10\/07\/felifer-macias-toma-protesta-a-nuevos-funcionarios-en-queretaro-para-fortalecer-el-gobierno-municipal\/#respond\"]}]},{\"@type\":\"WebPage\",\"@id\":\"https:\/\/www.nexoinformativo.mx\/index.php\/2024\/10\/07\/felifer-macias-toma-protesta-a-nuevos-funcionarios-en-queretaro-para-fortalecer-el-gobierno-municipal\/\",\"url\":\"https:\/\/www.nexoinformativo.mx\/index.php\/2024\/10\/07\/felifer-macias-toma-protesta-a-nuevos-funcionarios-en-queretaro-para-fortalecer-el-gobierno-municipal\/\",\"name\":\"Felifer Mac\u00edas toma protesta a nuevos funcionarios en Quer\u00e9taro para fortalecer el gobierno municipal | Nexo Informativo Santiago de Quer\u00e9taro\",\"isPartOf\":{\"@id\":\"https:\/\/www.nexoinformativo.mx\/#website\"},\"primaryImageOfPage\":{\"@id\":\"https:\/\/www.nexoinformativo.mx\/index.php\/2024\/10\/07\/felifer-macias-toma-protesta-a-nuevos-funcionarios-en-queretaro-para-fortalecer-el-gobierno-municipal\/#primaryimage\"},\"image\":{\"@id\":\"https:\/\/www.nexoinformativo.mx\/index.php\/2024\/10\/07\/felifer-macias-toma-protesta-a-nuevos-funcionarios-en-queretaro-para-fortalecer-el-gobierno-municipal\/#primaryimage\"},\"thumbnailUrl\":\"https:\/\/www.nexoinformativo.mx\/wp-content\/uploads\/2024\/10\/unnamed-1-1-e1728356364532.jpg\",\"datePublished\":\"2024-10-07T23:00:29+00:00\",\"dateModified\":\"2024-10-08T03:03:05+00:00\",\"description\":\"Felifer Mac\u00edas toma protesta a nuevos funcionarios en Quer\u00e9taro para fortalecer el gobierno municipal\",\"breadcrumb\":{\"@id\":\"https:\/\/www.nexoinformativo.mx\/index.php\/2024\/10\/07\/felifer-macias-toma-protesta-a-nuevos-funcionarios-en-queretaro-para-fortalecer-el-gobierno-municipal\/#breadcrumb\"},\"inLanguage\":\"es\",\"potentialAction\":[{\"@type\":\"ReadAction\",\"target\":[\"https:\/\/www.nexoinformativo.mx\/index.php\/2024\/10\/07\/felifer-macias-toma-protesta-a-nuevos-funcionarios-en-queretaro-para-fortalecer-el-gobierno-municipal\/\"]}]},{\"@type\":\"ImageObject\",\"inLanguage\":\"es\",\"@id\":\"https:\/\/www.nexoinformativo.mx\/index.php\/2024\/10\/07\/felifer-macias-toma-protesta-a-nuevos-funcionarios-en-queretaro-para-fortalecer-el-gobierno-municipal\/#primaryimage\",\"url\":\"https:\/\/www.nexoinformativo.mx\/wp-content\/uploads\/2024\/10\/unnamed-1-1-e1728356364532.jpg\",\"contentUrl\":\"https:\/\/www.nexoinformativo.mx\/wp-content\/uploads\/2024\/10\/unnamed-1-1-e1728356364532.jpg\",\"width\":800,\"height\":534},{\"@type\":\"BreadcrumbList\",\"@id\":\"https:\/\/www.nexoinformativo.mx\/index.php\/2024\/10\/07\/felifer-macias-toma-protesta-a-nuevos-funcionarios-en-queretaro-para-fortalecer-el-gobierno-municipal\/#breadcrumb\",\"itemListElement\":[{\"@type\":\"ListItem\",\"position\":1,\"name\":\"Inicio\",\"item\":\"https:\/\/www.nexoinformativo.mx\/\"},{\"@type\":\"ListItem\",\"position\":2,\"name\":\"Felifer Mac\u00edas toma protesta a nuevos funcionarios en Quer\u00e9taro para fortalecer el gobierno municipal\"}]},{\"@type\":\"WebSite\",\"@id\":\"https:\/\/www.nexoinformativo.mx\/#website\",\"url\":\"https:\/\/www.nexoinformativo.mx\/\",\"name\":\"Nexo Informativo Santiago de Quer\u00e9taro\",\"description\":\"Explora NexoInformativo y convi\u00e9rtete en parte de una comunidad que valora el conocimiento y la verdad. Tu nexoinformativo es tu puente hacia una comprensi\u00f3n m\u00e1s profunda del mundo que te rodea.\",\"publisher\":{\"@id\":\"https:\/\/www.nexoinformativo.mx\/#organization\"},\"potentialAction\":[{\"@type\":\"SearchAction\",\"target\":{\"@type\":\"EntryPoint\",\"urlTemplate\":\"https:\/\/www.nexoinformativo.mx\/?s={search_term_string}\"},\"query-input\":{\"@type\":\"PropertyValueSpecification\",\"valueRequired\":true,\"valueName\":\"search_term_string\"}}],\"inLanguage\":\"es\"},{\"@type\":\"Organization\",\"@id\":\"https:\/\/www.nexoinformativo.mx\/#organization\",\"name\":\"Nexo Informativo Santiago de Quer\u00e9taro\",\"url\":\"https:\/\/www.nexoinformativo.mx\/\",\"logo\":{\"@type\":\"ImageObject\",\"inLanguage\":\"es\",\"@id\":\"https:\/\/www.nexoinformativo.mx\/#\/schema\/logo\/image\/\",\"url\":\"https:\/\/www.nexoinformativo.mx\/wp-content\/uploads\/2024\/07\/nexoi-trasparente-2.png\",\"contentUrl\":\"https:\/\/www.nexoinformativo.mx\/wp-content\/uploads\/2024\/07\/nexoi-trasparente-2.png\",\"width\":816,\"height\":339,\"caption\":\"Nexo Informativo Santiago de Quer\u00e9taro\"},\"image\":{\"@id\":\"https:\/\/www.nexoinformativo.mx\/#\/schema\/logo\/image\/\"},\"sameAs\":[\"https:\/\/www.facebook.com\/people\/Nexo-Informativo\/61564066885511\/\"]},{\"@type\":\"Person\",\"@id\":\"https:\/\/www.nexoinformativo.mx\/#\/schema\/person\/7749d380ba08c8ca00d7bc76fd907b7d\",\"name\":\"Nexo Informativo\",\"image\":{\"@type\":\"ImageObject\",\"inLanguage\":\"es\",\"@id\":\"https:\/\/www.nexoinformativo.mx\/#\/schema\/person\/image\/\",\"url\":\"https:\/\/secure.gravatar.com\/avatar\/dde2928154642a13d95f87ddf1ea9718fe2b46760a005c53e41ff5ad610704e6?s=96&d=mm&r=g\",\"contentUrl\":\"https:\/\/secure.gravatar.com\/avatar\/dde2928154642a13d95f87ddf1ea9718fe2b46760a005c53e41ff5ad610704e6?s=96&d=mm&r=g\",\"caption\":\"Nexo Informativo\"},\"url\":\"https:\/\/www.nexoinformativo.mx\/index.php\/author\/edicion\/\"}]}<\/script>\n<!-- \/ Yoast SEO plugin. -->","yoast_head_json":{"title":"Felifer Mac\u00edas toma protesta a nuevos funcionarios en Quer\u00e9taro para fortalecer el gobierno municipal | Nexo Informativo Santiago de Quer\u00e9taro","description":"Felifer Mac\u00edas toma protesta a nuevos funcionarios en Quer\u00e9taro para fortalecer el gobierno municipal","robots":{"index":"index","follow":"follow","max-snippet":"max-snippet:-1","max-image-preview":"max-image-preview:large","max-video-preview":"max-video-preview:-1"},"canonical":"https:\/\/www.nexoinformativo.mx\/index.php\/2024\/10\/07\/felifer-macias-toma-protesta-a-nuevos-funcionarios-en-queretaro-para-fortalecer-el-gobierno-municipal\/","og_locale":"es_MX","og_type":"article","og_title":"Felifer Mac\u00edas toma protesta a nuevos funcionarios en Quer\u00e9taro para fortalecer el gobierno municipal | Nexo Informativo Santiago de Quer\u00e9taro","og_description":"Felifer Mac\u00edas toma protesta a nuevos funcionarios en Quer\u00e9taro para fortalecer el gobierno municipal","og_url":"https:\/\/www.nexoinformativo.mx\/index.php\/2024\/10\/07\/felifer-macias-toma-protesta-a-nuevos-funcionarios-en-queretaro-para-fortalecer-el-gobierno-municipal\/","og_site_name":"Nexo Informativo Santiago de Quer\u00e9taro","article_publisher":"https:\/\/www.facebook.com\/people\/Nexo-Informativo\/61564066885511\/","article_published_time":"2024-10-07T23:00:29+00:00","article_modified_time":"2024-10-08T03:03:05+00:00","og_image":[{"width":800,"height":534,"url":"https:\/\/www.nexoinformativo.mx\/wp-content\/uploads\/2024\/10\/unnamed-1-1-e1728356364532.jpg","type":"image\/jpeg"}],"author":"Nexo Informativo","twitter_card":"summary_large_image","twitter_misc":{"Escrito por":"Nexo Informativo","Tiempo de lectura":"2 minutos"},"schema":{"@context":"https:\/\/schema.org","@graph":[{"@type":"Article","@id":"https:\/\/www.nexoinformativo.mx\/index.php\/2024\/10\/07\/felifer-macias-toma-protesta-a-nuevos-funcionarios-en-queretaro-para-fortalecer-el-gobierno-municipal\/#article","isPartOf":{"@id":"https:\/\/www.nexoinformativo.mx\/index.php\/2024\/10\/07\/felifer-macias-toma-protesta-a-nuevos-funcionarios-en-queretaro-para-fortalecer-el-gobierno-municipal\/"},"author":{"name":"Nexo Informativo","@id":"https:\/\/www.nexoinformativo.mx\/#\/schema\/person\/7749d380ba08c8ca00d7bc76fd907b7d"},"headline":"Felifer Mac\u00edas toma protesta a nuevos funcionarios en Quer\u00e9taro para fortalecer el gobierno municipal","datePublished":"2024-10-07T23:00:29+00:00","dateModified":"2024-10-08T03:03:05+00:00","mainEntityOfPage":{"@id":"https:\/\/www.nexoinformativo.mx\/index.php\/2024\/10\/07\/felifer-macias-toma-protesta-a-nuevos-funcionarios-en-queretaro-para-fortalecer-el-gobierno-municipal\/"},"wordCount":276,"commentCount":0,"publisher":{"@id":"https:\/\/www.nexoinformativo.mx\/#organization"},"image":{"@id":"https:\/\/www.nexoinformativo.mx\/index.php\/2024\/10\/07\/felifer-macias-toma-protesta-a-nuevos-funcionarios-en-queretaro-para-fortalecer-el-gobierno-municipal\/#primaryimage"},"thumbnailUrl":"https:\/\/www.nexoinformativo.mx\/wp-content\/uploads\/2024\/10\/unnamed-1-1-e1728356364532.jpg","keywords":["FeliferMac\u00edas","GobiernoEficiente","NuevosFuncionarios","Quer\u00e9taroGobierno"],"articleSection":["Municipios","Pol\u00edtica","\u00daltima Hora"],"inLanguage":"es","potentialAction":[{"@type":"CommentAction","name":"Comment","target":["https:\/\/www.nexoinformativo.mx\/index.php\/2024\/10\/07\/felifer-macias-toma-protesta-a-nuevos-funcionarios-en-queretaro-para-fortalecer-el-gobierno-municipal\/#respond"]}]},{"@type":"WebPage","@id":"https:\/\/www.nexoinformativo.mx\/index.php\/2024\/10\/07\/felifer-macias-toma-protesta-a-nuevos-funcionarios-en-queretaro-para-fortalecer-el-gobierno-municipal\/","url":"https:\/\/www.nexoinformativo.mx\/index.php\/2024\/10\/07\/felifer-macias-toma-protesta-a-nuevos-funcionarios-en-queretaro-para-fortalecer-el-gobierno-municipal\/","name":"Felifer Mac\u00edas toma protesta a nuevos funcionarios en Quer\u00e9taro para fortalecer el gobierno municipal | Nexo Informativo Santiago de Quer\u00e9taro","isPartOf":{"@id":"https:\/\/www.nexoinformativo.mx\/#website"},"primaryImageOfPage":{"@id":"https:\/\/www.nexoinformativo.mx\/index.php\/2024\/10\/07\/felifer-macias-toma-protesta-a-nuevos-funcionarios-en-queretaro-para-fortalecer-el-gobierno-municipal\/#primaryimage"},"image":{"@id":"https:\/\/www.nexoinformativo.mx\/index.php\/2024\/10\/07\/felifer-macias-toma-protesta-a-nuevos-funcionarios-en-queretaro-para-fortalecer-el-gobierno-municipal\/#primaryimage"},"thumbnailUrl":"https:\/\/www.nexoinformativo.mx\/wp-content\/uploads\/2024\/10\/unnamed-1-1-e1728356364532.jpg","datePublished":"2024-10-07T23:00:29+00:00","dateModified":"2024-10-08T03:03:05+00:00","description":"Felifer Mac\u00edas toma protesta a nuevos funcionarios en Quer\u00e9taro para fortalecer el gobierno municipal","breadcrumb":{"@id":"https:\/\/www.nexoinformativo.mx\/index.php\/2024\/10\/07\/felifer-macias-toma-protesta-a-nuevos-funcionarios-en-queretaro-para-fortalecer-el-gobierno-municipal\/#breadcrumb"},"inLanguage":"es","potentialAction":[{"@type":"ReadAction","target":["https:\/\/www.nexoinformativo.mx\/index.php\/2024\/10\/07\/felifer-macias-toma-protesta-a-nuevos-funcionarios-en-queretaro-para-fortalecer-el-gobierno-municipal\/"]}]},{"@type":"ImageObject","inLanguage":"es","@id":"https:\/\/www.nexoinformativo.mx\/index.php\/2024\/10\/07\/felifer-macias-toma-protesta-a-nuevos-funcionarios-en-queretaro-para-fortalecer-el-gobierno-municipal\/#primaryimage","url":"https:\/\/www.nexoinformativo.mx\/wp-content\/uploads\/2024\/10\/unnamed-1-1-e1728356364532.jpg","contentUrl":"https:\/\/www.nexoinformativo.mx\/wp-content\/uploads\/2024\/10\/unnamed-1-1-e1728356364532.jpg","width":800,"height":534},{"@type":"BreadcrumbList","@id":"https:\/\/www.nexoinformativo.mx\/index.php\/2024\/10\/07\/felifer-macias-toma-protesta-a-nuevos-funcionarios-en-queretaro-para-fortalecer-el-gobierno-municipal\/#breadcrumb","itemListElement":[{"@type":"ListItem","position":1,"name":"Inicio","item":"https:\/\/www.nexoinformativo.mx\/"},{"@type":"ListItem","position":2,"name":"Felifer Mac\u00edas toma protesta a nuevos funcionarios en Quer\u00e9taro para fortalecer el gobierno municipal"}]},{"@type":"WebSite","@id":"https:\/\/www.nexoinformativo.mx\/#website","url":"https:\/\/www.nexoinformativo.mx\/","name":"Nexo Informativo Santiago de Quer\u00e9taro","description":"Explora NexoInformativo y convi\u00e9rtete en parte de una comunidad que valora el conocimiento y la verdad. Tu nexoinformativo es tu puente hacia una comprensi\u00f3n m\u00e1s profunda del mundo que te rodea.","publisher":{"@id":"https:\/\/www.nexoinformativo.mx\/#organization"},"potentialAction":[{"@type":"SearchAction","target":{"@type":"EntryPoint","urlTemplate":"https:\/\/www.nexoinformativo.mx\/?s={search_term_string}"},"query-input":{"@type":"PropertyValueSpecification","valueRequired":true,"valueName":"search_term_string"}}],"inLanguage":"es"},{"@type":"Organization","@id":"https:\/\/www.nexoinformativo.mx\/#organization","name":"Nexo Informativo Santiago de Quer\u00e9taro","url":"https:\/\/www.nexoinformativo.mx\/","logo":{"@type":"ImageObject","inLanguage":"es","@id":"https:\/\/www.nexoinformativo.mx\/#\/schema\/logo\/image\/","url":"https:\/\/www.nexoinformativo.mx\/wp-content\/uploads\/2024\/07\/nexoi-trasparente-2.png","contentUrl":"https:\/\/www.nexoinformativo.mx\/wp-content\/uploads\/2024\/07\/nexoi-trasparente-2.png","width":816,"height":339,"caption":"Nexo Informativo Santiago de Quer\u00e9taro"},"image":{"@id":"https:\/\/www.nexoinformativo.mx\/#\/schema\/logo\/image\/"},"sameAs":["https:\/\/www.facebook.com\/people\/Nexo-Informativo\/61564066885511\/"]},{"@type":"Person","@id":"https:\/\/www.nexoinformativo.mx\/#\/schema\/person\/7749d380ba08c8ca00d7bc76fd907b7d","name":"Nexo Informativo","image":{"@type":"ImageObject","inLanguage":"es","@id":"https:\/\/www.nexoinformativo.mx\/#\/schema\/person\/image\/","url":"https:\/\/secure.gravatar.com\/avatar\/dde2928154642a13d95f87ddf1ea9718fe2b46760a005c53e41ff5ad610704e6?s=96&d=mm&r=g","contentUrl":"https:\/\/secure.gravatar.com\/avatar\/dde2928154642a13d95f87ddf1ea9718fe2b46760a005c53e41ff5ad610704e6?s=96&d=mm&r=g","caption":"Nexo Informativo"},"url":"https:\/\/www.nexoinformativo.mx\/index.php\/author\/edicion\/"}]}},"_links":{"self":[{"href":"https:\/\/www.nexoinformativo.mx\/index.php\/wp-json\/wp\/v2\/posts\/2916","targetHints":{"allow":["GET"]}}],"collection":[{"href":"https:\/\/www.nexoinformativo.mx\/index.php\/wp-json\/wp\/v2\/posts"}],"about":[{"href":"https:\/\/www.nexoinformativo.mx\/index.php\/wp-json\/wp\/v2\/types\/post"}],"author":[{"embeddable":true,"href":"https:\/\/www.nexoinformativo.mx\/index.php\/wp-json\/wp\/v2\/users\/3"}],"replies":[{"embeddable":true,"href":"https:\/\/www.nexoinformativo.mx\/index.php\/wp-json\/wp\/v2\/comments?post=2916"}],"version-history":[{"count":2,"href":"https:\/\/www.nexoinformativo.mx\/index.php\/wp-json\/wp\/v2\/posts\/2916\/revisions"}],"predecessor-version":[{"id":2919,"href":"https:\/\/www.nexoinformativo.mx\/index.php\/wp-json\/wp\/v2\/posts\/2916\/revisions\/2919"}],"wp:featuredmedia":[{"embeddable":true,"href":"https:\/\/www.nexoinformativo.mx\/index.php\/wp-json\/wp\/v2\/media\/2917"}],"wp:attachment":[{"href":"https:\/\/www.nexoinformativo.mx\/index.php\/wp-json\/wp\/v2\/media?parent=2916"}],"wp:term":[{"taxonomy":"category","embeddable":true,"href":"https:\/\/www.nexoinformativo.mx\/index.php\/wp-json\/wp\/v2\/categories?post=2916"},{"taxonomy":"post_tag","embeddable":true,"href":"https:\/\/www.nexoinformativo.mx\/index.php\/wp-json\/wp\/v2\/tags?post=2916"}],"curies":[{"name":"wp","href":"https:\/\/api.w.org\/{rel}","templated":true}]}}