{"id":2921,"date":"2024-10-08T09:00:58","date_gmt":"2024-10-08T15:00:58","guid":{"rendered":"https:\/\/www.nexoinformativo.mx\/?p=2921"},"modified":"2024-10-08T11:17:12","modified_gmt":"2024-10-08T17:17:12","slug":"queretaro-te-quiere-en-el-escenario-sedif-convoca-a-jovenes-talentos-para-el-festival-alegria-contigo-2024","status":"publish","type":"post","link":"https:\/\/www.nexoinformativo.mx\/index.php\/2024\/10\/08\/queretaro-te-quiere-en-el-escenario-sedif-convoca-a-jovenes-talentos-para-el-festival-alegria-contigo-2024\/","title":{"rendered":"\u00a1Quer\u00e9taro te quiere en el escenario! SEDIF convoca a j\u00f3venes talentos para el Festival Alegr\u00eda Contigo 2024"},"content":{"rendered":"<p style=\"text-align: justify;\" data-sourcepos=\"5:1-5:353\">\u00bfTienes entre 18 y 33 a\u00f1os y te apasiona la m\u00fasica, la danza o las artes esc\u00e9nicas? <strong>\u00a1Esta es tu oportunidad de brillar!<\/strong> El Sistema Estatal DIF lanz\u00f3 la convocatoria para formar parte del Festival Alegr\u00eda Contigo 2024, un evento que busca resaltar el talento local y promover la participaci\u00f3n de j\u00f3venes en actividades culturales.<\/p>\n<p>&nbsp;<\/p>\n<p style=\"text-align: justify;\" data-sourcepos=\"7:1-7:299\">La presidenta del Patronato del SEDIF, Car Herrera de Kuri, junto con el director general, \u00d3scar G\u00f3mez Niembro, dieron a conocer los detalles de esta emocionante iniciativa. La inscripci\u00f3n es gratuita y est\u00e1 abierta a todos los j\u00f3venes queretanos, incluyendo a personas con discapacidad.<\/p>\n<p>&nbsp;<\/p>\n<p style=\"text-align: justify;\" data-sourcepos=\"9:1-9:311\">Para participar, los interesados deber\u00e1n llenar un formato de registro y presentar algunos documentos como identificaci\u00f3n oficial y comprobante de domicilio. Adem\u00e1s, deber\u00e1n asistir a un casting que se llevar\u00e1 a cabo los s\u00e1bados y domingos de octubre en el Centro de Rehabilitaci\u00f3n Integral de Quer\u00e9taro (CRIQ) a un lado del estadio Corregidora a partir de las 11am.<\/p>\n<p>&nbsp;<\/p>\n<p style=\"text-align: justify;\" data-sourcepos=\"11:1-11:272\"><strong>&#8220;Queremos que todos los j\u00f3venes tengan la oportunidad de mostrar su talento y de formar parte de este gran festival&#8221;<\/strong>, expres\u00f3 Car Herrera de Kuri. &#8220;A trav\u00e9s de la cultura y el arte, podemos construir una sociedad m\u00e1s unida y con mayores oportunidades&#8221;.<\/p>\n<p>&nbsp;<\/p>\n<p style=\"text-align: center;\" data-sourcepos=\"11:1-11:272\"><em><strong>\u00a1Informaci\u00f3n que transforma!<\/strong><\/em><\/p>\n","protected":false},"excerpt":{"rendered":"<p>\u00bfTienes entre 18 y 33 a\u00f1os y te apasiona la m\u00fasica, la danza o las artes esc\u00e9nicas? \u00a1Esta es tu oportunidad de brillar! El Sistema Estatal DIF lanz\u00f3 la convocatoria para formar parte del Festival Alegr\u00eda Contigo 2024.<\/p>\n","protected":false},"author":3,"featured_media":2922,"comment_status":"open","ping_status":"open","sticky":false,"template":"","format":"standard","meta":{"footnotes":""},"categories":[50,58],"tags":[1168,1171,1172,1170,1169],"class_list":["post-2921","post","type-post","status-publish","format-standard","has-post-thumbnail","hentry","category-espectaculos","category-ultima-hora","tag-alegriacontigo2024","tag-casting","tag-juventud","tag-sedif","tag-talentoqueretano"],"yoast_head":"<!-- This site is optimized with the Yoast SEO plugin v25.0 - https:\/\/yoast.com\/wordpress\/plugins\/seo\/ -->\n<title>\u00a1Quer\u00e9taro te quiere en el escenario! SEDIF convoca a j\u00f3venes talentos para el Festival Alegr\u00eda Contigo 2024 | Nexo Informativo Santiago de Quer\u00e9taro<\/title>\n<meta name=\"description\" content=\"\u00a1Quer\u00e9taro te quiere en el escenario! SEDIF convoca a j\u00f3venes talentos para el Festival Alegr\u00eda Contigo 2024\" \/>\n<meta name=\"robots\" content=\"index, follow, max-snippet:-1, max-image-preview:large, max-video-preview:-1\" \/>\n<link rel=\"canonical\" href=\"https:\/\/www.nexoinformativo.mx\/index.php\/2024\/10\/08\/queretaro-te-quiere-en-el-escenario-sedif-convoca-a-jovenes-talentos-para-el-festival-alegria-contigo-2024\/\" \/>\n<meta property=\"og:locale\" content=\"es_MX\" \/>\n<meta property=\"og:type\" content=\"article\" \/>\n<meta property=\"og:title\" content=\"\u00a1Quer\u00e9taro te quiere en el escenario! SEDIF convoca a j\u00f3venes talentos para el Festival Alegr\u00eda Contigo 2024 | Nexo Informativo Santiago de Quer\u00e9taro\" \/>\n<meta property=\"og:description\" content=\"\u00a1Quer\u00e9taro te quiere en el escenario! SEDIF convoca a j\u00f3venes talentos para el Festival Alegr\u00eda Contigo 2024\" \/>\n<meta property=\"og:url\" content=\"https:\/\/www.nexoinformativo.mx\/index.php\/2024\/10\/08\/queretaro-te-quiere-en-el-escenario-sedif-convoca-a-jovenes-talentos-para-el-festival-alegria-contigo-2024\/\" \/>\n<meta property=\"og:site_name\" content=\"Nexo Informativo Santiago de Quer\u00e9taro\" \/>\n<meta property=\"article:publisher\" content=\"https:\/\/www.facebook.com\/people\/Nexo-Informativo\/61564066885511\/\" \/>\n<meta property=\"article:published_time\" content=\"2024-10-08T15:00:58+00:00\" \/>\n<meta property=\"article:modified_time\" content=\"2024-10-08T17:17:12+00:00\" \/>\n<meta property=\"og:image\" content=\"https:\/\/www.nexoinformativo.mx\/wp-content\/uploads\/2024\/10\/PHOTO-2024-10-08-10-48-45-e1728407415293.jpg\" \/>\n\t<meta property=\"og:image:width\" content=\"800\" \/>\n\t<meta property=\"og:image:height\" content=\"469\" \/>\n\t<meta property=\"og:image:type\" content=\"image\/jpeg\" \/>\n<meta name=\"author\" content=\"Nexo Informativo\" \/>\n<meta name=\"twitter:card\" content=\"summary_large_image\" \/>\n<meta name=\"twitter:label1\" content=\"Escrito por\" \/>\n\t<meta name=\"twitter:data1\" content=\"Nexo Informativo\" \/>\n\t<meta name=\"twitter:label2\" content=\"Tiempo de lectura\" \/>\n\t<meta name=\"twitter:data2\" content=\"2 minutos\" \/>\n<script type=\"application\/ld+json\" class=\"yoast-schema-graph\">{\"@context\":\"https:\/\/schema.org\",\"@graph\":[{\"@type\":\"Article\",\"@id\":\"https:\/\/www.nexoinformativo.mx\/index.php\/2024\/10\/08\/queretaro-te-quiere-en-el-escenario-sedif-convoca-a-jovenes-talentos-para-el-festival-alegria-contigo-2024\/#article\",\"isPartOf\":{\"@id\":\"https:\/\/www.nexoinformativo.mx\/index.php\/2024\/10\/08\/queretaro-te-quiere-en-el-escenario-sedif-convoca-a-jovenes-talentos-para-el-festival-alegria-contigo-2024\/\"},\"author\":{\"name\":\"Nexo Informativo\",\"@id\":\"https:\/\/www.nexoinformativo.mx\/#\/schema\/person\/7749d380ba08c8ca00d7bc76fd907b7d\"},\"headline\":\"\u00a1Quer\u00e9taro te quiere en el escenario! SEDIF convoca a j\u00f3venes talentos para el Festival Alegr\u00eda Contigo 2024\",\"datePublished\":\"2024-10-08T15:00:58+00:00\",\"dateModified\":\"2024-10-08T17:17:12+00:00\",\"mainEntityOfPage\":{\"@id\":\"https:\/\/www.nexoinformativo.mx\/index.php\/2024\/10\/08\/queretaro-te-quiere-en-el-escenario-sedif-convoca-a-jovenes-talentos-para-el-festival-alegria-contigo-2024\/\"},\"wordCount\":243,\"commentCount\":0,\"publisher\":{\"@id\":\"https:\/\/www.nexoinformativo.mx\/#organization\"},\"image\":{\"@id\":\"https:\/\/www.nexoinformativo.mx\/index.php\/2024\/10\/08\/queretaro-te-quiere-en-el-escenario-sedif-convoca-a-jovenes-talentos-para-el-festival-alegria-contigo-2024\/#primaryimage\"},\"thumbnailUrl\":\"https:\/\/www.nexoinformativo.mx\/wp-content\/uploads\/2024\/10\/PHOTO-2024-10-08-10-48-45-e1728407415293.jpg\",\"keywords\":[\"Alegr\u00edaContigo2024\",\"Casting\",\"Juventud\",\"SEDIF\",\"TalentoQueretano\"],\"articleSection\":[\"Espect\u00e1culos\",\"\u00daltima Hora\"],\"inLanguage\":\"es\",\"potentialAction\":[{\"@type\":\"CommentAction\",\"name\":\"Comment\",\"target\":[\"https:\/\/www.nexoinformativo.mx\/index.php\/2024\/10\/08\/queretaro-te-quiere-en-el-escenario-sedif-convoca-a-jovenes-talentos-para-el-festival-alegria-contigo-2024\/#respond\"]}]},{\"@type\":\"WebPage\",\"@id\":\"https:\/\/www.nexoinformativo.mx\/index.php\/2024\/10\/08\/queretaro-te-quiere-en-el-escenario-sedif-convoca-a-jovenes-talentos-para-el-festival-alegria-contigo-2024\/\",\"url\":\"https:\/\/www.nexoinformativo.mx\/index.php\/2024\/10\/08\/queretaro-te-quiere-en-el-escenario-sedif-convoca-a-jovenes-talentos-para-el-festival-alegria-contigo-2024\/\",\"name\":\"\u00a1Quer\u00e9taro te quiere en el escenario! SEDIF convoca a j\u00f3venes talentos para el Festival Alegr\u00eda Contigo 2024 | Nexo Informativo Santiago de Quer\u00e9taro\",\"isPartOf\":{\"@id\":\"https:\/\/www.nexoinformativo.mx\/#website\"},\"primaryImageOfPage\":{\"@id\":\"https:\/\/www.nexoinformativo.mx\/index.php\/2024\/10\/08\/queretaro-te-quiere-en-el-escenario-sedif-convoca-a-jovenes-talentos-para-el-festival-alegria-contigo-2024\/#primaryimage\"},\"image\":{\"@id\":\"https:\/\/www.nexoinformativo.mx\/index.php\/2024\/10\/08\/queretaro-te-quiere-en-el-escenario-sedif-convoca-a-jovenes-talentos-para-el-festival-alegria-contigo-2024\/#primaryimage\"},\"thumbnailUrl\":\"https:\/\/www.nexoinformativo.mx\/wp-content\/uploads\/2024\/10\/PHOTO-2024-10-08-10-48-45-e1728407415293.jpg\",\"datePublished\":\"2024-10-08T15:00:58+00:00\",\"dateModified\":\"2024-10-08T17:17:12+00:00\",\"description\":\"\u00a1Quer\u00e9taro te quiere en el escenario! SEDIF convoca a j\u00f3venes talentos para el Festival Alegr\u00eda Contigo 2024\",\"breadcrumb\":{\"@id\":\"https:\/\/www.nexoinformativo.mx\/index.php\/2024\/10\/08\/queretaro-te-quiere-en-el-escenario-sedif-convoca-a-jovenes-talentos-para-el-festival-alegria-contigo-2024\/#breadcrumb\"},\"inLanguage\":\"es\",\"potentialAction\":[{\"@type\":\"ReadAction\",\"target\":[\"https:\/\/www.nexoinformativo.mx\/index.php\/2024\/10\/08\/queretaro-te-quiere-en-el-escenario-sedif-convoca-a-jovenes-talentos-para-el-festival-alegria-contigo-2024\/\"]}]},{\"@type\":\"ImageObject\",\"inLanguage\":\"es\",\"@id\":\"https:\/\/www.nexoinformativo.mx\/index.php\/2024\/10\/08\/queretaro-te-quiere-en-el-escenario-sedif-convoca-a-jovenes-talentos-para-el-festival-alegria-contigo-2024\/#primaryimage\",\"url\":\"https:\/\/www.nexoinformativo.mx\/wp-content\/uploads\/2024\/10\/PHOTO-2024-10-08-10-48-45-e1728407415293.jpg\",\"contentUrl\":\"https:\/\/www.nexoinformativo.mx\/wp-content\/uploads\/2024\/10\/PHOTO-2024-10-08-10-48-45-e1728407415293.jpg\",\"width\":800,\"height\":469},{\"@type\":\"BreadcrumbList\",\"@id\":\"https:\/\/www.nexoinformativo.mx\/index.php\/2024\/10\/08\/queretaro-te-quiere-en-el-escenario-sedif-convoca-a-jovenes-talentos-para-el-festival-alegria-contigo-2024\/#breadcrumb\",\"itemListElement\":[{\"@type\":\"ListItem\",\"position\":1,\"name\":\"Inicio\",\"item\":\"https:\/\/www.nexoinformativo.mx\/\"},{\"@type\":\"ListItem\",\"position\":2,\"name\":\"\u00a1Quer\u00e9taro te quiere en el escenario! SEDIF convoca a j\u00f3venes talentos para el Festival Alegr\u00eda Contigo 2024\"}]},{\"@type\":\"WebSite\",\"@id\":\"https:\/\/www.nexoinformativo.mx\/#website\",\"url\":\"https:\/\/www.nexoinformativo.mx\/\",\"name\":\"Nexo Informativo Santiago de Quer\u00e9taro\",\"description\":\"Explora NexoInformativo y convi\u00e9rtete en parte de una comunidad que valora el conocimiento y la verdad. Tu nexoinformativo es tu puente hacia una comprensi\u00f3n m\u00e1s profunda del mundo que te rodea.\",\"publisher\":{\"@id\":\"https:\/\/www.nexoinformativo.mx\/#organization\"},\"potentialAction\":[{\"@type\":\"SearchAction\",\"target\":{\"@type\":\"EntryPoint\",\"urlTemplate\":\"https:\/\/www.nexoinformativo.mx\/?s={search_term_string}\"},\"query-input\":{\"@type\":\"PropertyValueSpecification\",\"valueRequired\":true,\"valueName\":\"search_term_string\"}}],\"inLanguage\":\"es\"},{\"@type\":\"Organization\",\"@id\":\"https:\/\/www.nexoinformativo.mx\/#organization\",\"name\":\"Nexo Informativo Santiago de Quer\u00e9taro\",\"url\":\"https:\/\/www.nexoinformativo.mx\/\",\"logo\":{\"@type\":\"ImageObject\",\"inLanguage\":\"es\",\"@id\":\"https:\/\/www.nexoinformativo.mx\/#\/schema\/logo\/image\/\",\"url\":\"https:\/\/www.nexoinformativo.mx\/wp-content\/uploads\/2024\/07\/nexoi-trasparente-2.png\",\"contentUrl\":\"https:\/\/www.nexoinformativo.mx\/wp-content\/uploads\/2024\/07\/nexoi-trasparente-2.png\",\"width\":816,\"height\":339,\"caption\":\"Nexo Informativo Santiago de Quer\u00e9taro\"},\"image\":{\"@id\":\"https:\/\/www.nexoinformativo.mx\/#\/schema\/logo\/image\/\"},\"sameAs\":[\"https:\/\/www.facebook.com\/people\/Nexo-Informativo\/61564066885511\/\"]},{\"@type\":\"Person\",\"@id\":\"https:\/\/www.nexoinformativo.mx\/#\/schema\/person\/7749d380ba08c8ca00d7bc76fd907b7d\",\"name\":\"Nexo Informativo\",\"image\":{\"@type\":\"ImageObject\",\"inLanguage\":\"es\",\"@id\":\"https:\/\/www.nexoinformativo.mx\/#\/schema\/person\/image\/\",\"url\":\"https:\/\/secure.gravatar.com\/avatar\/dde2928154642a13d95f87ddf1ea9718fe2b46760a005c53e41ff5ad610704e6?s=96&d=mm&r=g\",\"contentUrl\":\"https:\/\/secure.gravatar.com\/avatar\/dde2928154642a13d95f87ddf1ea9718fe2b46760a005c53e41ff5ad610704e6?s=96&d=mm&r=g\",\"caption\":\"Nexo Informativo\"},\"url\":\"https:\/\/www.nexoinformativo.mx\/index.php\/author\/edicion\/\"}]}<\/script>\n<!-- \/ Yoast SEO plugin. -->","yoast_head_json":{"title":"\u00a1Quer\u00e9taro te quiere en el escenario! SEDIF convoca a j\u00f3venes talentos para el Festival Alegr\u00eda Contigo 2024 | Nexo Informativo Santiago de Quer\u00e9taro","description":"\u00a1Quer\u00e9taro te quiere en el escenario! SEDIF convoca a j\u00f3venes talentos para el Festival Alegr\u00eda Contigo 2024","robots":{"index":"index","follow":"follow","max-snippet":"max-snippet:-1","max-image-preview":"max-image-preview:large","max-video-preview":"max-video-preview:-1"},"canonical":"https:\/\/www.nexoinformativo.mx\/index.php\/2024\/10\/08\/queretaro-te-quiere-en-el-escenario-sedif-convoca-a-jovenes-talentos-para-el-festival-alegria-contigo-2024\/","og_locale":"es_MX","og_type":"article","og_title":"\u00a1Quer\u00e9taro te quiere en el escenario! SEDIF convoca a j\u00f3venes talentos para el Festival Alegr\u00eda Contigo 2024 | Nexo Informativo Santiago de Quer\u00e9taro","og_description":"\u00a1Quer\u00e9taro te quiere en el escenario! SEDIF convoca a j\u00f3venes talentos para el Festival Alegr\u00eda Contigo 2024","og_url":"https:\/\/www.nexoinformativo.mx\/index.php\/2024\/10\/08\/queretaro-te-quiere-en-el-escenario-sedif-convoca-a-jovenes-talentos-para-el-festival-alegria-contigo-2024\/","og_site_name":"Nexo Informativo Santiago de Quer\u00e9taro","article_publisher":"https:\/\/www.facebook.com\/people\/Nexo-Informativo\/61564066885511\/","article_published_time":"2024-10-08T15:00:58+00:00","article_modified_time":"2024-10-08T17:17:12+00:00","og_image":[{"width":800,"height":469,"url":"https:\/\/www.nexoinformativo.mx\/wp-content\/uploads\/2024\/10\/PHOTO-2024-10-08-10-48-45-e1728407415293.jpg","type":"image\/jpeg"}],"author":"Nexo Informativo","twitter_card":"summary_large_image","twitter_misc":{"Escrito por":"Nexo Informativo","Tiempo de lectura":"2 minutos"},"schema":{"@context":"https:\/\/schema.org","@graph":[{"@type":"Article","@id":"https:\/\/www.nexoinformativo.mx\/index.php\/2024\/10\/08\/queretaro-te-quiere-en-el-escenario-sedif-convoca-a-jovenes-talentos-para-el-festival-alegria-contigo-2024\/#article","isPartOf":{"@id":"https:\/\/www.nexoinformativo.mx\/index.php\/2024\/10\/08\/queretaro-te-quiere-en-el-escenario-sedif-convoca-a-jovenes-talentos-para-el-festival-alegria-contigo-2024\/"},"author":{"name":"Nexo Informativo","@id":"https:\/\/www.nexoinformativo.mx\/#\/schema\/person\/7749d380ba08c8ca00d7bc76fd907b7d"},"headline":"\u00a1Quer\u00e9taro te quiere en el escenario! SEDIF convoca a j\u00f3venes talentos para el Festival Alegr\u00eda Contigo 2024","datePublished":"2024-10-08T15:00:58+00:00","dateModified":"2024-10-08T17:17:12+00:00","mainEntityOfPage":{"@id":"https:\/\/www.nexoinformativo.mx\/index.php\/2024\/10\/08\/queretaro-te-quiere-en-el-escenario-sedif-convoca-a-jovenes-talentos-para-el-festival-alegria-contigo-2024\/"},"wordCount":243,"commentCount":0,"publisher":{"@id":"https:\/\/www.nexoinformativo.mx\/#organization"},"image":{"@id":"https:\/\/www.nexoinformativo.mx\/index.php\/2024\/10\/08\/queretaro-te-quiere-en-el-escenario-sedif-convoca-a-jovenes-talentos-para-el-festival-alegria-contigo-2024\/#primaryimage"},"thumbnailUrl":"https:\/\/www.nexoinformativo.mx\/wp-content\/uploads\/2024\/10\/PHOTO-2024-10-08-10-48-45-e1728407415293.jpg","keywords":["Alegr\u00edaContigo2024","Casting","Juventud","SEDIF","TalentoQueretano"],"articleSection":["Espect\u00e1culos","\u00daltima Hora"],"inLanguage":"es","potentialAction":[{"@type":"CommentAction","name":"Comment","target":["https:\/\/www.nexoinformativo.mx\/index.php\/2024\/10\/08\/queretaro-te-quiere-en-el-escenario-sedif-convoca-a-jovenes-talentos-para-el-festival-alegria-contigo-2024\/#respond"]}]},{"@type":"WebPage","@id":"https:\/\/www.nexoinformativo.mx\/index.php\/2024\/10\/08\/queretaro-te-quiere-en-el-escenario-sedif-convoca-a-jovenes-talentos-para-el-festival-alegria-contigo-2024\/","url":"https:\/\/www.nexoinformativo.mx\/index.php\/2024\/10\/08\/queretaro-te-quiere-en-el-escenario-sedif-convoca-a-jovenes-talentos-para-el-festival-alegria-contigo-2024\/","name":"\u00a1Quer\u00e9taro te quiere en el escenario! SEDIF convoca a j\u00f3venes talentos para el Festival Alegr\u00eda Contigo 2024 | Nexo Informativo Santiago de Quer\u00e9taro","isPartOf":{"@id":"https:\/\/www.nexoinformativo.mx\/#website"},"primaryImageOfPage":{"@id":"https:\/\/www.nexoinformativo.mx\/index.php\/2024\/10\/08\/queretaro-te-quiere-en-el-escenario-sedif-convoca-a-jovenes-talentos-para-el-festival-alegria-contigo-2024\/#primaryimage"},"image":{"@id":"https:\/\/www.nexoinformativo.mx\/index.php\/2024\/10\/08\/queretaro-te-quiere-en-el-escenario-sedif-convoca-a-jovenes-talentos-para-el-festival-alegria-contigo-2024\/#primaryimage"},"thumbnailUrl":"https:\/\/www.nexoinformativo.mx\/wp-content\/uploads\/2024\/10\/PHOTO-2024-10-08-10-48-45-e1728407415293.jpg","datePublished":"2024-10-08T15:00:58+00:00","dateModified":"2024-10-08T17:17:12+00:00","description":"\u00a1Quer\u00e9taro te quiere en el escenario! SEDIF convoca a j\u00f3venes talentos para el Festival Alegr\u00eda Contigo 2024","breadcrumb":{"@id":"https:\/\/www.nexoinformativo.mx\/index.php\/2024\/10\/08\/queretaro-te-quiere-en-el-escenario-sedif-convoca-a-jovenes-talentos-para-el-festival-alegria-contigo-2024\/#breadcrumb"},"inLanguage":"es","potentialAction":[{"@type":"ReadAction","target":["https:\/\/www.nexoinformativo.mx\/index.php\/2024\/10\/08\/queretaro-te-quiere-en-el-escenario-sedif-convoca-a-jovenes-talentos-para-el-festival-alegria-contigo-2024\/"]}]},{"@type":"ImageObject","inLanguage":"es","@id":"https:\/\/www.nexoinformativo.mx\/index.php\/2024\/10\/08\/queretaro-te-quiere-en-el-escenario-sedif-convoca-a-jovenes-talentos-para-el-festival-alegria-contigo-2024\/#primaryimage","url":"https:\/\/www.nexoinformativo.mx\/wp-content\/uploads\/2024\/10\/PHOTO-2024-10-08-10-48-45-e1728407415293.jpg","contentUrl":"https:\/\/www.nexoinformativo.mx\/wp-content\/uploads\/2024\/10\/PHOTO-2024-10-08-10-48-45-e1728407415293.jpg","width":800,"height":469},{"@type":"BreadcrumbList","@id":"https:\/\/www.nexoinformativo.mx\/index.php\/2024\/10\/08\/queretaro-te-quiere-en-el-escenario-sedif-convoca-a-jovenes-talentos-para-el-festival-alegria-contigo-2024\/#breadcrumb","itemListElement":[{"@type":"ListItem","position":1,"name":"Inicio","item":"https:\/\/www.nexoinformativo.mx\/"},{"@type":"ListItem","position":2,"name":"\u00a1Quer\u00e9taro te quiere en el escenario! SEDIF convoca a j\u00f3venes talentos para el Festival Alegr\u00eda Contigo 2024"}]},{"@type":"WebSite","@id":"https:\/\/www.nexoinformativo.mx\/#website","url":"https:\/\/www.nexoinformativo.mx\/","name":"Nexo Informativo Santiago de Quer\u00e9taro","description":"Explora NexoInformativo y convi\u00e9rtete en parte de una comunidad que valora el conocimiento y la verdad. Tu nexoinformativo es tu puente hacia una comprensi\u00f3n m\u00e1s profunda del mundo que te rodea.","publisher":{"@id":"https:\/\/www.nexoinformativo.mx\/#organization"},"potentialAction":[{"@type":"SearchAction","target":{"@type":"EntryPoint","urlTemplate":"https:\/\/www.nexoinformativo.mx\/?s={search_term_string}"},"query-input":{"@type":"PropertyValueSpecification","valueRequired":true,"valueName":"search_term_string"}}],"inLanguage":"es"},{"@type":"Organization","@id":"https:\/\/www.nexoinformativo.mx\/#organization","name":"Nexo Informativo Santiago de Quer\u00e9taro","url":"https:\/\/www.nexoinformativo.mx\/","logo":{"@type":"ImageObject","inLanguage":"es","@id":"https:\/\/www.nexoinformativo.mx\/#\/schema\/logo\/image\/","url":"https:\/\/www.nexoinformativo.mx\/wp-content\/uploads\/2024\/07\/nexoi-trasparente-2.png","contentUrl":"https:\/\/www.nexoinformativo.mx\/wp-content\/uploads\/2024\/07\/nexoi-trasparente-2.png","width":816,"height":339,"caption":"Nexo Informativo Santiago de Quer\u00e9taro"},"image":{"@id":"https:\/\/www.nexoinformativo.mx\/#\/schema\/logo\/image\/"},"sameAs":["https:\/\/www.facebook.com\/people\/Nexo-Informativo\/61564066885511\/"]},{"@type":"Person","@id":"https:\/\/www.nexoinformativo.mx\/#\/schema\/person\/7749d380ba08c8ca00d7bc76fd907b7d","name":"Nexo Informativo","image":{"@type":"ImageObject","inLanguage":"es","@id":"https:\/\/www.nexoinformativo.mx\/#\/schema\/person\/image\/","url":"https:\/\/secure.gravatar.com\/avatar\/dde2928154642a13d95f87ddf1ea9718fe2b46760a005c53e41ff5ad610704e6?s=96&d=mm&r=g","contentUrl":"https:\/\/secure.gravatar.com\/avatar\/dde2928154642a13d95f87ddf1ea9718fe2b46760a005c53e41ff5ad610704e6?s=96&d=mm&r=g","caption":"Nexo Informativo"},"url":"https:\/\/www.nexoinformativo.mx\/index.php\/author\/edicion\/"}]}},"_links":{"self":[{"href":"https:\/\/www.nexoinformativo.mx\/index.php\/wp-json\/wp\/v2\/posts\/2921","targetHints":{"allow":["GET"]}}],"collection":[{"href":"https:\/\/www.nexoinformativo.mx\/index.php\/wp-json\/wp\/v2\/posts"}],"about":[{"href":"https:\/\/www.nexoinformativo.mx\/index.php\/wp-json\/wp\/v2\/types\/post"}],"author":[{"embeddable":true,"href":"https:\/\/www.nexoinformativo.mx\/index.php\/wp-json\/wp\/v2\/users\/3"}],"replies":[{"embeddable":true,"href":"https:\/\/www.nexoinformativo.mx\/index.php\/wp-json\/wp\/v2\/comments?post=2921"}],"version-history":[{"count":9,"href":"https:\/\/www.nexoinformativo.mx\/index.php\/wp-json\/wp\/v2\/posts\/2921\/revisions"}],"predecessor-version":[{"id":2925,"href":"https:\/\/www.nexoinformativo.mx\/index.php\/wp-json\/wp\/v2\/posts\/2921\/revisions\/2925"}],"wp:featuredmedia":[{"embeddable":true,"href":"https:\/\/www.nexoinformativo.mx\/index.php\/wp-json\/wp\/v2\/media\/2922"}],"wp:attachment":[{"href":"https:\/\/www.nexoinformativo.mx\/index.php\/wp-json\/wp\/v2\/media?parent=2921"}],"wp:term":[{"taxonomy":"category","embeddable":true,"href":"https:\/\/www.nexoinformativo.mx\/index.php\/wp-json\/wp\/v2\/categories?post=2921"},{"taxonomy":"post_tag","embeddable":true,"href":"https:\/\/www.nexoinformativo.mx\/index.php\/wp-json\/wp\/v2\/tags?post=2921"}],"curies":[{"name":"wp","href":"https:\/\/api.w.org\/{rel}","templated":true}]}}