{"id":2937,"date":"2024-10-08T10:00:35","date_gmt":"2024-10-08T16:00:35","guid":{"rendered":"https:\/\/www.nexoinformativo.mx\/?p=2937"},"modified":"2024-10-08T11:32:49","modified_gmt":"2024-10-08T17:32:49","slug":"proteccion-civil-estatal-fortalecera-coordinacion-con-los-municipios","status":"publish","type":"post","link":"https:\/\/www.nexoinformativo.mx\/index.php\/2024\/10\/08\/proteccion-civil-estatal-fortalecera-coordinacion-con-los-municipios\/","title":{"rendered":"Protecci\u00f3n Civil Estatal fortalecer\u00e1 coordinaci\u00f3n con los municipios"},"content":{"rendered":"<p style=\"text-align: justify;\" data-sourcepos=\"5:1-5:395\">El coordinador estatal de Protecci\u00f3n Civil, Javier Amaya, anunci\u00f3 que se reforzar\u00e1 la colaboraci\u00f3n con los municipios para garantizar la seguridad de la poblaci\u00f3n. En reuniones previas con los alcaldes electos, se establecieron las bases para trabajar de manera conjunta y ahora se buscar\u00e1 consolidar estas alianzas con los nuevos titulares de Protecci\u00f3n Civil municipal.<\/p>\n<p>&nbsp;<\/p>\n<p style=\"text-align: justify;\" data-sourcepos=\"7:1-7:281\"><strong>&#8220;Es fundamental mantener un di\u00e1logo constante con los municipios para establecer l\u00edneas de trabajo claras y eficientes&#8221;<\/strong>, afirm\u00f3 Amaya. &#8220;Nuestra prioridad es proteger a los ciudadanos y visitantes, y para lograrlo es indispensable trabajar de manera coordinada&#8221;.<\/p>\n<p>&nbsp;<\/p>\n<p style=\"text-align: justify;\" data-sourcepos=\"9:1-9:333\">El funcionario estatal destac\u00f3 la importancia de incrementar la inversi\u00f3n en equipamiento y capacitaci\u00f3n para fortalecer las capacidades de respuesta de los municipios ante cualquier emergencia. &#8220;Queremos que los municipios cuenten con los recursos necesarios para prevenir y atender cualquier situaci\u00f3n de riesgo&#8221;, se\u00f1al\u00f3.<\/p>\n<p>&nbsp;<\/p>\n<p style=\"text-align: justify;\" data-sourcepos=\"11:1-11:173\">En las pr\u00f3ximas semanas, Amaya se reunir\u00e1 con los titulares de Protecci\u00f3n Civil municipal para conocer sus planes de trabajo y ofrecerles todo el apoyo del gobierno estatal.<\/p>\n<p>&nbsp;<\/p>\n<p style=\"text-align: center;\" data-sourcepos=\"11:1-11:173\"><em><strong>\u00a1Informaci\u00f3n que transforma!<\/strong><\/em><\/p>\n","protected":false},"excerpt":{"rendered":"<p>El coordinador estatal de Protecci\u00f3n Civil, Javier Amaya, anunci\u00f3 que se reforzar\u00e1 la colaboraci\u00f3n con los municipios para garantizar la seguridad de la poblaci\u00f3n.<\/p>\n","protected":false},"author":3,"featured_media":2938,"comment_status":"open","ping_status":"open","sticky":false,"template":"","format":"standard","meta":{"footnotes":""},"categories":[65,58],"tags":[1173,1174,806,154,131],"class_list":["post-2937","post","type-post","status-publish","format-standard","has-post-thumbnail","hentry","category-municipios","category-ultima-hora","tag-coordinacion","tag-municipios","tag-prevencion","tag-proteccioncivil","tag-seguridad"],"yoast_head":"<!-- This site is optimized with the Yoast SEO plugin v25.0 - https:\/\/yoast.com\/wordpress\/plugins\/seo\/ -->\n<title>Protecci\u00f3n Civil Estatal fortalecer\u00e1 coordinaci\u00f3n con los municipios | Nexo Informativo Santiago de Quer\u00e9taro<\/title>\n<meta name=\"description\" content=\"Protecci\u00f3n Civil Estatal fortalecer\u00e1 coordinaci\u00f3n con los municipios\" \/>\n<meta name=\"robots\" content=\"index, follow, max-snippet:-1, max-image-preview:large, max-video-preview:-1\" \/>\n<link rel=\"canonical\" href=\"https:\/\/www.nexoinformativo.mx\/index.php\/2024\/10\/08\/proteccion-civil-estatal-fortalecera-coordinacion-con-los-municipios\/\" \/>\n<meta property=\"og:locale\" content=\"es_MX\" \/>\n<meta property=\"og:type\" content=\"article\" \/>\n<meta property=\"og:title\" content=\"Protecci\u00f3n Civil Estatal fortalecer\u00e1 coordinaci\u00f3n con los municipios | Nexo Informativo Santiago de Quer\u00e9taro\" \/>\n<meta property=\"og:description\" content=\"Protecci\u00f3n Civil Estatal fortalecer\u00e1 coordinaci\u00f3n con los municipios\" \/>\n<meta property=\"og:url\" content=\"https:\/\/www.nexoinformativo.mx\/index.php\/2024\/10\/08\/proteccion-civil-estatal-fortalecera-coordinacion-con-los-municipios\/\" \/>\n<meta property=\"og:site_name\" content=\"Nexo Informativo Santiago de Quer\u00e9taro\" \/>\n<meta property=\"article:publisher\" content=\"https:\/\/www.facebook.com\/people\/Nexo-Informativo\/61564066885511\/\" \/>\n<meta property=\"article:published_time\" content=\"2024-10-08T16:00:35+00:00\" \/>\n<meta property=\"article:modified_time\" content=\"2024-10-08T17:32:49+00:00\" \/>\n<meta property=\"og:image\" content=\"https:\/\/www.nexoinformativo.mx\/wp-content\/uploads\/2024\/10\/IMG_6769-e1728408663176.jpg\" \/>\n\t<meta property=\"og:image:width\" content=\"800\" \/>\n\t<meta property=\"og:image:height\" content=\"391\" \/>\n\t<meta property=\"og:image:type\" content=\"image\/jpeg\" \/>\n<meta name=\"author\" content=\"Nexo Informativo\" \/>\n<meta name=\"twitter:card\" content=\"summary_large_image\" \/>\n<meta name=\"twitter:label1\" content=\"Escrito por\" \/>\n\t<meta name=\"twitter:data1\" content=\"Nexo Informativo\" \/>\n\t<meta name=\"twitter:label2\" content=\"Tiempo de lectura\" \/>\n\t<meta name=\"twitter:data2\" content=\"1 minuto\" \/>\n<script type=\"application\/ld+json\" class=\"yoast-schema-graph\">{\"@context\":\"https:\/\/schema.org\",\"@graph\":[{\"@type\":\"Article\",\"@id\":\"https:\/\/www.nexoinformativo.mx\/index.php\/2024\/10\/08\/proteccion-civil-estatal-fortalecera-coordinacion-con-los-municipios\/#article\",\"isPartOf\":{\"@id\":\"https:\/\/www.nexoinformativo.mx\/index.php\/2024\/10\/08\/proteccion-civil-estatal-fortalecera-coordinacion-con-los-municipios\/\"},\"author\":{\"name\":\"Nexo Informativo\",\"@id\":\"https:\/\/www.nexoinformativo.mx\/#\/schema\/person\/7749d380ba08c8ca00d7bc76fd907b7d\"},\"headline\":\"Protecci\u00f3n Civil Estatal fortalecer\u00e1 coordinaci\u00f3n con los municipios\",\"datePublished\":\"2024-10-08T16:00:35+00:00\",\"dateModified\":\"2024-10-08T17:32:49+00:00\",\"mainEntityOfPage\":{\"@id\":\"https:\/\/www.nexoinformativo.mx\/index.php\/2024\/10\/08\/proteccion-civil-estatal-fortalecera-coordinacion-con-los-municipios\/\"},\"wordCount\":194,\"commentCount\":0,\"publisher\":{\"@id\":\"https:\/\/www.nexoinformativo.mx\/#organization\"},\"image\":{\"@id\":\"https:\/\/www.nexoinformativo.mx\/index.php\/2024\/10\/08\/proteccion-civil-estatal-fortalecera-coordinacion-con-los-municipios\/#primaryimage\"},\"thumbnailUrl\":\"https:\/\/www.nexoinformativo.mx\/wp-content\/uploads\/2024\/10\/IMG_6769-e1728408663176.jpg\",\"keywords\":[\"Coordinaci\u00f3n\",\"Municipios\",\"Prevenci\u00f3n\",\"proteccioncivil\",\"Seguridad\"],\"articleSection\":[\"Municipios\",\"\u00daltima Hora\"],\"inLanguage\":\"es\",\"potentialAction\":[{\"@type\":\"CommentAction\",\"name\":\"Comment\",\"target\":[\"https:\/\/www.nexoinformativo.mx\/index.php\/2024\/10\/08\/proteccion-civil-estatal-fortalecera-coordinacion-con-los-municipios\/#respond\"]}]},{\"@type\":\"WebPage\",\"@id\":\"https:\/\/www.nexoinformativo.mx\/index.php\/2024\/10\/08\/proteccion-civil-estatal-fortalecera-coordinacion-con-los-municipios\/\",\"url\":\"https:\/\/www.nexoinformativo.mx\/index.php\/2024\/10\/08\/proteccion-civil-estatal-fortalecera-coordinacion-con-los-municipios\/\",\"name\":\"Protecci\u00f3n Civil Estatal fortalecer\u00e1 coordinaci\u00f3n con los municipios | Nexo Informativo Santiago de Quer\u00e9taro\",\"isPartOf\":{\"@id\":\"https:\/\/www.nexoinformativo.mx\/#website\"},\"primaryImageOfPage\":{\"@id\":\"https:\/\/www.nexoinformativo.mx\/index.php\/2024\/10\/08\/proteccion-civil-estatal-fortalecera-coordinacion-con-los-municipios\/#primaryimage\"},\"image\":{\"@id\":\"https:\/\/www.nexoinformativo.mx\/index.php\/2024\/10\/08\/proteccion-civil-estatal-fortalecera-coordinacion-con-los-municipios\/#primaryimage\"},\"thumbnailUrl\":\"https:\/\/www.nexoinformativo.mx\/wp-content\/uploads\/2024\/10\/IMG_6769-e1728408663176.jpg\",\"datePublished\":\"2024-10-08T16:00:35+00:00\",\"dateModified\":\"2024-10-08T17:32:49+00:00\",\"description\":\"Protecci\u00f3n Civil Estatal fortalecer\u00e1 coordinaci\u00f3n con los municipios\",\"breadcrumb\":{\"@id\":\"https:\/\/www.nexoinformativo.mx\/index.php\/2024\/10\/08\/proteccion-civil-estatal-fortalecera-coordinacion-con-los-municipios\/#breadcrumb\"},\"inLanguage\":\"es\",\"potentialAction\":[{\"@type\":\"ReadAction\",\"target\":[\"https:\/\/www.nexoinformativo.mx\/index.php\/2024\/10\/08\/proteccion-civil-estatal-fortalecera-coordinacion-con-los-municipios\/\"]}]},{\"@type\":\"ImageObject\",\"inLanguage\":\"es\",\"@id\":\"https:\/\/www.nexoinformativo.mx\/index.php\/2024\/10\/08\/proteccion-civil-estatal-fortalecera-coordinacion-con-los-municipios\/#primaryimage\",\"url\":\"https:\/\/www.nexoinformativo.mx\/wp-content\/uploads\/2024\/10\/IMG_6769-e1728408663176.jpg\",\"contentUrl\":\"https:\/\/www.nexoinformativo.mx\/wp-content\/uploads\/2024\/10\/IMG_6769-e1728408663176.jpg\",\"width\":800,\"height\":391,\"caption\":\"Screenshot\"},{\"@type\":\"BreadcrumbList\",\"@id\":\"https:\/\/www.nexoinformativo.mx\/index.php\/2024\/10\/08\/proteccion-civil-estatal-fortalecera-coordinacion-con-los-municipios\/#breadcrumb\",\"itemListElement\":[{\"@type\":\"ListItem\",\"position\":1,\"name\":\"Inicio\",\"item\":\"https:\/\/www.nexoinformativo.mx\/\"},{\"@type\":\"ListItem\",\"position\":2,\"name\":\"Protecci\u00f3n Civil Estatal fortalecer\u00e1 coordinaci\u00f3n con los municipios\"}]},{\"@type\":\"WebSite\",\"@id\":\"https:\/\/www.nexoinformativo.mx\/#website\",\"url\":\"https:\/\/www.nexoinformativo.mx\/\",\"name\":\"Nexo Informativo Santiago de Quer\u00e9taro\",\"description\":\"Explora NexoInformativo y convi\u00e9rtete en parte de una comunidad que valora el conocimiento y la verdad. Tu nexoinformativo es tu puente hacia una comprensi\u00f3n m\u00e1s profunda del mundo que te rodea.\",\"publisher\":{\"@id\":\"https:\/\/www.nexoinformativo.mx\/#organization\"},\"potentialAction\":[{\"@type\":\"SearchAction\",\"target\":{\"@type\":\"EntryPoint\",\"urlTemplate\":\"https:\/\/www.nexoinformativo.mx\/?s={search_term_string}\"},\"query-input\":{\"@type\":\"PropertyValueSpecification\",\"valueRequired\":true,\"valueName\":\"search_term_string\"}}],\"inLanguage\":\"es\"},{\"@type\":\"Organization\",\"@id\":\"https:\/\/www.nexoinformativo.mx\/#organization\",\"name\":\"Nexo Informativo Santiago de Quer\u00e9taro\",\"url\":\"https:\/\/www.nexoinformativo.mx\/\",\"logo\":{\"@type\":\"ImageObject\",\"inLanguage\":\"es\",\"@id\":\"https:\/\/www.nexoinformativo.mx\/#\/schema\/logo\/image\/\",\"url\":\"https:\/\/www.nexoinformativo.mx\/wp-content\/uploads\/2024\/07\/nexoi-trasparente-2.png\",\"contentUrl\":\"https:\/\/www.nexoinformativo.mx\/wp-content\/uploads\/2024\/07\/nexoi-trasparente-2.png\",\"width\":816,\"height\":339,\"caption\":\"Nexo Informativo Santiago de Quer\u00e9taro\"},\"image\":{\"@id\":\"https:\/\/www.nexoinformativo.mx\/#\/schema\/logo\/image\/\"},\"sameAs\":[\"https:\/\/www.facebook.com\/people\/Nexo-Informativo\/61564066885511\/\"]},{\"@type\":\"Person\",\"@id\":\"https:\/\/www.nexoinformativo.mx\/#\/schema\/person\/7749d380ba08c8ca00d7bc76fd907b7d\",\"name\":\"Nexo Informativo\",\"image\":{\"@type\":\"ImageObject\",\"inLanguage\":\"es\",\"@id\":\"https:\/\/www.nexoinformativo.mx\/#\/schema\/person\/image\/\",\"url\":\"https:\/\/secure.gravatar.com\/avatar\/dde2928154642a13d95f87ddf1ea9718fe2b46760a005c53e41ff5ad610704e6?s=96&d=mm&r=g\",\"contentUrl\":\"https:\/\/secure.gravatar.com\/avatar\/dde2928154642a13d95f87ddf1ea9718fe2b46760a005c53e41ff5ad610704e6?s=96&d=mm&r=g\",\"caption\":\"Nexo Informativo\"},\"url\":\"https:\/\/www.nexoinformativo.mx\/index.php\/author\/edicion\/\"}]}<\/script>\n<!-- \/ Yoast SEO plugin. -->","yoast_head_json":{"title":"Protecci\u00f3n Civil Estatal fortalecer\u00e1 coordinaci\u00f3n con los municipios | Nexo Informativo Santiago de Quer\u00e9taro","description":"Protecci\u00f3n Civil Estatal fortalecer\u00e1 coordinaci\u00f3n con los municipios","robots":{"index":"index","follow":"follow","max-snippet":"max-snippet:-1","max-image-preview":"max-image-preview:large","max-video-preview":"max-video-preview:-1"},"canonical":"https:\/\/www.nexoinformativo.mx\/index.php\/2024\/10\/08\/proteccion-civil-estatal-fortalecera-coordinacion-con-los-municipios\/","og_locale":"es_MX","og_type":"article","og_title":"Protecci\u00f3n Civil Estatal fortalecer\u00e1 coordinaci\u00f3n con los municipios | Nexo Informativo Santiago de Quer\u00e9taro","og_description":"Protecci\u00f3n Civil Estatal fortalecer\u00e1 coordinaci\u00f3n con los municipios","og_url":"https:\/\/www.nexoinformativo.mx\/index.php\/2024\/10\/08\/proteccion-civil-estatal-fortalecera-coordinacion-con-los-municipios\/","og_site_name":"Nexo Informativo Santiago de Quer\u00e9taro","article_publisher":"https:\/\/www.facebook.com\/people\/Nexo-Informativo\/61564066885511\/","article_published_time":"2024-10-08T16:00:35+00:00","article_modified_time":"2024-10-08T17:32:49+00:00","og_image":[{"width":800,"height":391,"url":"https:\/\/www.nexoinformativo.mx\/wp-content\/uploads\/2024\/10\/IMG_6769-e1728408663176.jpg","type":"image\/jpeg"}],"author":"Nexo Informativo","twitter_card":"summary_large_image","twitter_misc":{"Escrito por":"Nexo Informativo","Tiempo de lectura":"1 minuto"},"schema":{"@context":"https:\/\/schema.org","@graph":[{"@type":"Article","@id":"https:\/\/www.nexoinformativo.mx\/index.php\/2024\/10\/08\/proteccion-civil-estatal-fortalecera-coordinacion-con-los-municipios\/#article","isPartOf":{"@id":"https:\/\/www.nexoinformativo.mx\/index.php\/2024\/10\/08\/proteccion-civil-estatal-fortalecera-coordinacion-con-los-municipios\/"},"author":{"name":"Nexo Informativo","@id":"https:\/\/www.nexoinformativo.mx\/#\/schema\/person\/7749d380ba08c8ca00d7bc76fd907b7d"},"headline":"Protecci\u00f3n Civil Estatal fortalecer\u00e1 coordinaci\u00f3n con los municipios","datePublished":"2024-10-08T16:00:35+00:00","dateModified":"2024-10-08T17:32:49+00:00","mainEntityOfPage":{"@id":"https:\/\/www.nexoinformativo.mx\/index.php\/2024\/10\/08\/proteccion-civil-estatal-fortalecera-coordinacion-con-los-municipios\/"},"wordCount":194,"commentCount":0,"publisher":{"@id":"https:\/\/www.nexoinformativo.mx\/#organization"},"image":{"@id":"https:\/\/www.nexoinformativo.mx\/index.php\/2024\/10\/08\/proteccion-civil-estatal-fortalecera-coordinacion-con-los-municipios\/#primaryimage"},"thumbnailUrl":"https:\/\/www.nexoinformativo.mx\/wp-content\/uploads\/2024\/10\/IMG_6769-e1728408663176.jpg","keywords":["Coordinaci\u00f3n","Municipios","Prevenci\u00f3n","proteccioncivil","Seguridad"],"articleSection":["Municipios","\u00daltima Hora"],"inLanguage":"es","potentialAction":[{"@type":"CommentAction","name":"Comment","target":["https:\/\/www.nexoinformativo.mx\/index.php\/2024\/10\/08\/proteccion-civil-estatal-fortalecera-coordinacion-con-los-municipios\/#respond"]}]},{"@type":"WebPage","@id":"https:\/\/www.nexoinformativo.mx\/index.php\/2024\/10\/08\/proteccion-civil-estatal-fortalecera-coordinacion-con-los-municipios\/","url":"https:\/\/www.nexoinformativo.mx\/index.php\/2024\/10\/08\/proteccion-civil-estatal-fortalecera-coordinacion-con-los-municipios\/","name":"Protecci\u00f3n Civil Estatal fortalecer\u00e1 coordinaci\u00f3n con los municipios | Nexo Informativo Santiago de Quer\u00e9taro","isPartOf":{"@id":"https:\/\/www.nexoinformativo.mx\/#website"},"primaryImageOfPage":{"@id":"https:\/\/www.nexoinformativo.mx\/index.php\/2024\/10\/08\/proteccion-civil-estatal-fortalecera-coordinacion-con-los-municipios\/#primaryimage"},"image":{"@id":"https:\/\/www.nexoinformativo.mx\/index.php\/2024\/10\/08\/proteccion-civil-estatal-fortalecera-coordinacion-con-los-municipios\/#primaryimage"},"thumbnailUrl":"https:\/\/www.nexoinformativo.mx\/wp-content\/uploads\/2024\/10\/IMG_6769-e1728408663176.jpg","datePublished":"2024-10-08T16:00:35+00:00","dateModified":"2024-10-08T17:32:49+00:00","description":"Protecci\u00f3n Civil Estatal fortalecer\u00e1 coordinaci\u00f3n con los municipios","breadcrumb":{"@id":"https:\/\/www.nexoinformativo.mx\/index.php\/2024\/10\/08\/proteccion-civil-estatal-fortalecera-coordinacion-con-los-municipios\/#breadcrumb"},"inLanguage":"es","potentialAction":[{"@type":"ReadAction","target":["https:\/\/www.nexoinformativo.mx\/index.php\/2024\/10\/08\/proteccion-civil-estatal-fortalecera-coordinacion-con-los-municipios\/"]}]},{"@type":"ImageObject","inLanguage":"es","@id":"https:\/\/www.nexoinformativo.mx\/index.php\/2024\/10\/08\/proteccion-civil-estatal-fortalecera-coordinacion-con-los-municipios\/#primaryimage","url":"https:\/\/www.nexoinformativo.mx\/wp-content\/uploads\/2024\/10\/IMG_6769-e1728408663176.jpg","contentUrl":"https:\/\/www.nexoinformativo.mx\/wp-content\/uploads\/2024\/10\/IMG_6769-e1728408663176.jpg","width":800,"height":391,"caption":"Screenshot"},{"@type":"BreadcrumbList","@id":"https:\/\/www.nexoinformativo.mx\/index.php\/2024\/10\/08\/proteccion-civil-estatal-fortalecera-coordinacion-con-los-municipios\/#breadcrumb","itemListElement":[{"@type":"ListItem","position":1,"name":"Inicio","item":"https:\/\/www.nexoinformativo.mx\/"},{"@type":"ListItem","position":2,"name":"Protecci\u00f3n Civil Estatal fortalecer\u00e1 coordinaci\u00f3n con los municipios"}]},{"@type":"WebSite","@id":"https:\/\/www.nexoinformativo.mx\/#website","url":"https:\/\/www.nexoinformativo.mx\/","name":"Nexo Informativo Santiago de Quer\u00e9taro","description":"Explora NexoInformativo y convi\u00e9rtete en parte de una comunidad que valora el conocimiento y la verdad. Tu nexoinformativo es tu puente hacia una comprensi\u00f3n m\u00e1s profunda del mundo que te rodea.","publisher":{"@id":"https:\/\/www.nexoinformativo.mx\/#organization"},"potentialAction":[{"@type":"SearchAction","target":{"@type":"EntryPoint","urlTemplate":"https:\/\/www.nexoinformativo.mx\/?s={search_term_string}"},"query-input":{"@type":"PropertyValueSpecification","valueRequired":true,"valueName":"search_term_string"}}],"inLanguage":"es"},{"@type":"Organization","@id":"https:\/\/www.nexoinformativo.mx\/#organization","name":"Nexo Informativo Santiago de Quer\u00e9taro","url":"https:\/\/www.nexoinformativo.mx\/","logo":{"@type":"ImageObject","inLanguage":"es","@id":"https:\/\/www.nexoinformativo.mx\/#\/schema\/logo\/image\/","url":"https:\/\/www.nexoinformativo.mx\/wp-content\/uploads\/2024\/07\/nexoi-trasparente-2.png","contentUrl":"https:\/\/www.nexoinformativo.mx\/wp-content\/uploads\/2024\/07\/nexoi-trasparente-2.png","width":816,"height":339,"caption":"Nexo Informativo Santiago de Quer\u00e9taro"},"image":{"@id":"https:\/\/www.nexoinformativo.mx\/#\/schema\/logo\/image\/"},"sameAs":["https:\/\/www.facebook.com\/people\/Nexo-Informativo\/61564066885511\/"]},{"@type":"Person","@id":"https:\/\/www.nexoinformativo.mx\/#\/schema\/person\/7749d380ba08c8ca00d7bc76fd907b7d","name":"Nexo Informativo","image":{"@type":"ImageObject","inLanguage":"es","@id":"https:\/\/www.nexoinformativo.mx\/#\/schema\/person\/image\/","url":"https:\/\/secure.gravatar.com\/avatar\/dde2928154642a13d95f87ddf1ea9718fe2b46760a005c53e41ff5ad610704e6?s=96&d=mm&r=g","contentUrl":"https:\/\/secure.gravatar.com\/avatar\/dde2928154642a13d95f87ddf1ea9718fe2b46760a005c53e41ff5ad610704e6?s=96&d=mm&r=g","caption":"Nexo Informativo"},"url":"https:\/\/www.nexoinformativo.mx\/index.php\/author\/edicion\/"}]}},"_links":{"self":[{"href":"https:\/\/www.nexoinformativo.mx\/index.php\/wp-json\/wp\/v2\/posts\/2937","targetHints":{"allow":["GET"]}}],"collection":[{"href":"https:\/\/www.nexoinformativo.mx\/index.php\/wp-json\/wp\/v2\/posts"}],"about":[{"href":"https:\/\/www.nexoinformativo.mx\/index.php\/wp-json\/wp\/v2\/types\/post"}],"author":[{"embeddable":true,"href":"https:\/\/www.nexoinformativo.mx\/index.php\/wp-json\/wp\/v2\/users\/3"}],"replies":[{"embeddable":true,"href":"https:\/\/www.nexoinformativo.mx\/index.php\/wp-json\/wp\/v2\/comments?post=2937"}],"version-history":[{"count":3,"href":"https:\/\/www.nexoinformativo.mx\/index.php\/wp-json\/wp\/v2\/posts\/2937\/revisions"}],"predecessor-version":[{"id":2942,"href":"https:\/\/www.nexoinformativo.mx\/index.php\/wp-json\/wp\/v2\/posts\/2937\/revisions\/2942"}],"wp:featuredmedia":[{"embeddable":true,"href":"https:\/\/www.nexoinformativo.mx\/index.php\/wp-json\/wp\/v2\/media\/2938"}],"wp:attachment":[{"href":"https:\/\/www.nexoinformativo.mx\/index.php\/wp-json\/wp\/v2\/media?parent=2937"}],"wp:term":[{"taxonomy":"category","embeddable":true,"href":"https:\/\/www.nexoinformativo.mx\/index.php\/wp-json\/wp\/v2\/categories?post=2937"},{"taxonomy":"post_tag","embeddable":true,"href":"https:\/\/www.nexoinformativo.mx\/index.php\/wp-json\/wp\/v2\/tags?post=2937"}],"curies":[{"name":"wp","href":"https:\/\/api.w.org\/{rel}","templated":true}]}}