{"id":2944,"date":"2024-10-08T12:00:41","date_gmt":"2024-10-08T18:00:41","guid":{"rendered":"https:\/\/www.nexoinformativo.mx\/?p=2944"},"modified":"2024-10-08T14:56:32","modified_gmt":"2024-10-08T20:56:32","slug":"sspc-presenta-la-estrategia-nacional-de-seguridad-bajo-el-liderazgo-de-claudia-sheinbaum","status":"publish","type":"post","link":"https:\/\/www.nexoinformativo.mx\/index.php\/2024\/10\/08\/sspc-presenta-la-estrategia-nacional-de-seguridad-bajo-el-liderazgo-de-claudia-sheinbaum\/","title":{"rendered":"SSPC presenta la Estrategia Nacional de Seguridad bajo el liderazgo de Claudia Sheinbaum"},"content":{"rendered":"<p style=\"text-align: justify;\">En el marco de la conferencia matutina &#8220;Las ma\u00f1aneras del pueblo&#8221;, la presidenta de M\u00e9xico, Claudia Sheinbaum, junto al secretario de Seguridad y Protecci\u00f3n Ciudadana <strong>(SSPC)<\/strong>, Omar Garc\u00eda Harfuch, present\u00f3 la nueva Estrategia Nacional de Seguridad, fundamentada en 4 pilares clave:<\/p>\n<p>&nbsp;<\/p>\n<ol>\n<li style=\"text-align: justify;\">Atenci\u00f3n a las causas sociales,<\/li>\n<li style=\"text-align: justify;\">Consolidaci\u00f3n de la Guardia Nacional,<\/li>\n<li style=\"text-align: justify;\">Fortalecimiento de la inteligencia<\/li>\n<li style=\"text-align: justify;\">Investigaci\u00f3n.<\/li>\n<\/ol>\n<p>&nbsp;<\/p>\n<p style=\"text-align: justify;\"><strong>Principales pilares de la estrategia Nacional de seguridad<\/strong><\/p>\n<ol style=\"text-align: justify;\">\n<li><strong>Atenci\u00f3n a las causas sociales:<\/strong> Se prioriza la atenci\u00f3n a las causas que generan la violencia y el crimen, fortaleciendo la proximidad social y la prevenci\u00f3n.<\/li>\n<li><strong>Consolidaci\u00f3n de la Guardia Nacional:<\/strong> Garc\u00eda Harfuch desminti\u00f3 la idea de una &#8220;militarizaci\u00f3n&#8221; del pa\u00eds. Se\u00f1al\u00f3 que la Guardia Nacional es una instituci\u00f3n policial que cuenta con el apoyo de la Secretar\u00eda de la Defensa Nacional (Sedena) para su profesionalizaci\u00f3n y capacitaci\u00f3n en derechos humanos.<\/li>\n<li><strong>Fortalecimiento de la inteligencia y la investigaci\u00f3n:<\/strong> Se crear\u00e1 una Subsecretar\u00eda de Inteligencia e Investigaci\u00f3n Policial, que trabajar\u00e1 en la identificaci\u00f3n y desmantelamiento de redes criminales.<\/li>\n<li style=\"text-align: justify;\"><strong>Coordinaci\u00f3n interinstitucional:<\/strong> Para garantizar la efectividad de esta estrategia, se reforzar\u00e1 la cooperaci\u00f3n entre diversas instituciones, como la Fiscal\u00eda General de la Rep\u00fablica y las fuerzas armadas, lo que permitir\u00e1 una intervenci\u00f3n m\u00e1s \u00e1gil y eficiente en regiones con alta incidencia delictiva.<\/li>\n<\/ol>\n<p>&nbsp;<\/p>\n<p style=\"text-align: justify;\">2 nuevas subsecretar\u00edas ser\u00e1n creadas dentro de la SSPC:<\/p>\n<ol>\n<li style=\"text-align: justify;\">La Subsecretar\u00eda de Inteligencia e Investigaci\u00f3n Policial.<\/li>\n<li style=\"text-align: justify;\">Subsecretar\u00eda de Prevenci\u00f3n, que estar\u00e1 a cargo de Esthela Dami\u00e1n Peralta.<\/li>\n<\/ol>\n<p>&nbsp;<\/p>\n<p style=\"text-align: justify;\">Harfuch destac\u00f3 que la estrategia ya ha comenzado a implementarse en estados como Guerrero donde se registra una alta incidencia de delitos de alto impacto. Adem\u00e1s, anunci\u00f3 que el gabinete de seguridad se trasladar\u00e1 a Culiac\u00e1n para supervisar las operaciones y colaborar con el gobernador de Sinaloa.<\/p>\n<p>&nbsp;<\/p>\n<p style=\"text-align: justify;\">Finalmente, Omar Garc\u00eda Harfuch agradeci\u00f3 el apoyo de la Fiscal\u00eda General de la Rep\u00fablica y las fuerzas armadas, subrayando que el compromiso del gobierno es lograr un M\u00e9xico m\u00e1s seguro, con una paz duradera.<\/p>\n<p>&nbsp;<\/p>\n<p style=\"text-align: center;\"><strong><em>\u00a1Informaci\u00f3n que transforma!<\/em><\/strong><\/p>\n","protected":false},"excerpt":{"rendered":"<p>En el marco de la conferencia matutina &#8220;Las ma\u00f1aneras del pueblo&#8221;, la presidenta de M\u00e9xico, Claudia Sheinbaum, junto al secretario de Seguridad y Protecci\u00f3n Ciudadana (SSPC), Omar Garc\u00eda Harfuch, present\u00f3 la nueva Estrategia Nacional de Seguridad, fundamentada en 4 pilares clave: &nbsp; Atenci\u00f3n a las causas sociales, Consolidaci\u00f3n de la Guardia Nacional, Fortalecimiento de la [&hellip;]<\/p>\n","protected":false},"author":3,"featured_media":2945,"comment_status":"open","ping_status":"open","sticky":false,"template":"","format":"standard","meta":{"footnotes":""},"categories":[88,58],"tags":[1176,1177,1178,1175],"class_list":["post-2944","post","type-post","status-publish","format-standard","has-post-thumbnail","hentry","category-nacional","category-ultima-hora","tag-estrategiadepaz","tag-guardianacionalfuerte","tag-inteligenciacontraelcrimen","tag-seguridadmexico"],"yoast_head":"<!-- This site is optimized with the Yoast SEO plugin v25.0 - https:\/\/yoast.com\/wordpress\/plugins\/seo\/ -->\n<title>SSPC presenta la Estrategia Nacional de Seguridad bajo el liderazgo de Claudia Sheinbaum | Nexo Informativo Santiago de Quer\u00e9taro<\/title>\n<meta name=\"description\" content=\"SSPC presenta la Estrategia Nacional de Seguridad bajo el liderazgo de Claudia Sheinbaum\" \/>\n<meta name=\"robots\" content=\"index, follow, max-snippet:-1, max-image-preview:large, max-video-preview:-1\" \/>\n<link rel=\"canonical\" href=\"https:\/\/www.nexoinformativo.mx\/index.php\/2024\/10\/08\/sspc-presenta-la-estrategia-nacional-de-seguridad-bajo-el-liderazgo-de-claudia-sheinbaum\/\" \/>\n<meta property=\"og:locale\" content=\"es_MX\" \/>\n<meta property=\"og:type\" content=\"article\" \/>\n<meta property=\"og:title\" content=\"SSPC presenta la Estrategia Nacional de Seguridad bajo el liderazgo de Claudia Sheinbaum | Nexo Informativo Santiago de Quer\u00e9taro\" \/>\n<meta property=\"og:description\" content=\"SSPC presenta la Estrategia Nacional de Seguridad bajo el liderazgo de Claudia Sheinbaum\" \/>\n<meta property=\"og:url\" content=\"https:\/\/www.nexoinformativo.mx\/index.php\/2024\/10\/08\/sspc-presenta-la-estrategia-nacional-de-seguridad-bajo-el-liderazgo-de-claudia-sheinbaum\/\" \/>\n<meta property=\"og:site_name\" content=\"Nexo Informativo Santiago de Quer\u00e9taro\" \/>\n<meta property=\"article:publisher\" content=\"https:\/\/www.facebook.com\/people\/Nexo-Informativo\/61564066885511\/\" \/>\n<meta property=\"article:published_time\" content=\"2024-10-08T18:00:41+00:00\" \/>\n<meta property=\"article:modified_time\" content=\"2024-10-08T20:56:32+00:00\" \/>\n<meta property=\"og:image\" content=\"https:\/\/www.nexoinformativo.mx\/wp-content\/uploads\/2024\/10\/IMG_6791.jpg\" \/>\n\t<meta property=\"og:image:width\" content=\"650\" \/>\n\t<meta property=\"og:image:height\" content=\"380\" \/>\n\t<meta property=\"og:image:type\" content=\"image\/jpeg\" \/>\n<meta name=\"author\" content=\"Nexo Informativo\" \/>\n<meta name=\"twitter:card\" content=\"summary_large_image\" \/>\n<meta name=\"twitter:label1\" content=\"Escrito por\" \/>\n\t<meta name=\"twitter:data1\" content=\"Nexo Informativo\" \/>\n\t<meta name=\"twitter:label2\" content=\"Tiempo de lectura\" \/>\n\t<meta name=\"twitter:data2\" content=\"2 minutos\" \/>\n<script type=\"application\/ld+json\" class=\"yoast-schema-graph\">{\"@context\":\"https:\/\/schema.org\",\"@graph\":[{\"@type\":\"Article\",\"@id\":\"https:\/\/www.nexoinformativo.mx\/index.php\/2024\/10\/08\/sspc-presenta-la-estrategia-nacional-de-seguridad-bajo-el-liderazgo-de-claudia-sheinbaum\/#article\",\"isPartOf\":{\"@id\":\"https:\/\/www.nexoinformativo.mx\/index.php\/2024\/10\/08\/sspc-presenta-la-estrategia-nacional-de-seguridad-bajo-el-liderazgo-de-claudia-sheinbaum\/\"},\"author\":{\"name\":\"Nexo Informativo\",\"@id\":\"https:\/\/www.nexoinformativo.mx\/#\/schema\/person\/7749d380ba08c8ca00d7bc76fd907b7d\"},\"headline\":\"SSPC presenta la Estrategia Nacional de Seguridad bajo el liderazgo de Claudia Sheinbaum\",\"datePublished\":\"2024-10-08T18:00:41+00:00\",\"dateModified\":\"2024-10-08T20:56:32+00:00\",\"mainEntityOfPage\":{\"@id\":\"https:\/\/www.nexoinformativo.mx\/index.php\/2024\/10\/08\/sspc-presenta-la-estrategia-nacional-de-seguridad-bajo-el-liderazgo-de-claudia-sheinbaum\/\"},\"wordCount\":375,\"commentCount\":0,\"publisher\":{\"@id\":\"https:\/\/www.nexoinformativo.mx\/#organization\"},\"image\":{\"@id\":\"https:\/\/www.nexoinformativo.mx\/index.php\/2024\/10\/08\/sspc-presenta-la-estrategia-nacional-de-seguridad-bajo-el-liderazgo-de-claudia-sheinbaum\/#primaryimage\"},\"thumbnailUrl\":\"https:\/\/www.nexoinformativo.mx\/wp-content\/uploads\/2024\/10\/IMG_6791.jpg\",\"keywords\":[\"EstrategiaDePaz\",\"GuardiaNacionalFuerte\",\"InteligenciaContraElCrimen\",\"SeguridadM\u00e9xico\"],\"articleSection\":[\"Nacional\",\"\u00daltima Hora\"],\"inLanguage\":\"es\",\"potentialAction\":[{\"@type\":\"CommentAction\",\"name\":\"Comment\",\"target\":[\"https:\/\/www.nexoinformativo.mx\/index.php\/2024\/10\/08\/sspc-presenta-la-estrategia-nacional-de-seguridad-bajo-el-liderazgo-de-claudia-sheinbaum\/#respond\"]}]},{\"@type\":\"WebPage\",\"@id\":\"https:\/\/www.nexoinformativo.mx\/index.php\/2024\/10\/08\/sspc-presenta-la-estrategia-nacional-de-seguridad-bajo-el-liderazgo-de-claudia-sheinbaum\/\",\"url\":\"https:\/\/www.nexoinformativo.mx\/index.php\/2024\/10\/08\/sspc-presenta-la-estrategia-nacional-de-seguridad-bajo-el-liderazgo-de-claudia-sheinbaum\/\",\"name\":\"SSPC presenta la Estrategia Nacional de Seguridad bajo el liderazgo de Claudia Sheinbaum | Nexo Informativo Santiago de Quer\u00e9taro\",\"isPartOf\":{\"@id\":\"https:\/\/www.nexoinformativo.mx\/#website\"},\"primaryImageOfPage\":{\"@id\":\"https:\/\/www.nexoinformativo.mx\/index.php\/2024\/10\/08\/sspc-presenta-la-estrategia-nacional-de-seguridad-bajo-el-liderazgo-de-claudia-sheinbaum\/#primaryimage\"},\"image\":{\"@id\":\"https:\/\/www.nexoinformativo.mx\/index.php\/2024\/10\/08\/sspc-presenta-la-estrategia-nacional-de-seguridad-bajo-el-liderazgo-de-claudia-sheinbaum\/#primaryimage\"},\"thumbnailUrl\":\"https:\/\/www.nexoinformativo.mx\/wp-content\/uploads\/2024\/10\/IMG_6791.jpg\",\"datePublished\":\"2024-10-08T18:00:41+00:00\",\"dateModified\":\"2024-10-08T20:56:32+00:00\",\"description\":\"SSPC presenta la Estrategia Nacional de Seguridad bajo el liderazgo de Claudia Sheinbaum\",\"breadcrumb\":{\"@id\":\"https:\/\/www.nexoinformativo.mx\/index.php\/2024\/10\/08\/sspc-presenta-la-estrategia-nacional-de-seguridad-bajo-el-liderazgo-de-claudia-sheinbaum\/#breadcrumb\"},\"inLanguage\":\"es\",\"potentialAction\":[{\"@type\":\"ReadAction\",\"target\":[\"https:\/\/www.nexoinformativo.mx\/index.php\/2024\/10\/08\/sspc-presenta-la-estrategia-nacional-de-seguridad-bajo-el-liderazgo-de-claudia-sheinbaum\/\"]}]},{\"@type\":\"ImageObject\",\"inLanguage\":\"es\",\"@id\":\"https:\/\/www.nexoinformativo.mx\/index.php\/2024\/10\/08\/sspc-presenta-la-estrategia-nacional-de-seguridad-bajo-el-liderazgo-de-claudia-sheinbaum\/#primaryimage\",\"url\":\"https:\/\/www.nexoinformativo.mx\/wp-content\/uploads\/2024\/10\/IMG_6791.jpg\",\"contentUrl\":\"https:\/\/www.nexoinformativo.mx\/wp-content\/uploads\/2024\/10\/IMG_6791.jpg\",\"width\":650,\"height\":380},{\"@type\":\"BreadcrumbList\",\"@id\":\"https:\/\/www.nexoinformativo.mx\/index.php\/2024\/10\/08\/sspc-presenta-la-estrategia-nacional-de-seguridad-bajo-el-liderazgo-de-claudia-sheinbaum\/#breadcrumb\",\"itemListElement\":[{\"@type\":\"ListItem\",\"position\":1,\"name\":\"Inicio\",\"item\":\"https:\/\/www.nexoinformativo.mx\/\"},{\"@type\":\"ListItem\",\"position\":2,\"name\":\"SSPC presenta la Estrategia Nacional de Seguridad bajo el liderazgo de Claudia Sheinbaum\"}]},{\"@type\":\"WebSite\",\"@id\":\"https:\/\/www.nexoinformativo.mx\/#website\",\"url\":\"https:\/\/www.nexoinformativo.mx\/\",\"name\":\"Nexo Informativo Santiago de Quer\u00e9taro\",\"description\":\"Explora NexoInformativo y convi\u00e9rtete en parte de una comunidad que valora el conocimiento y la verdad. Tu nexoinformativo es tu puente hacia una comprensi\u00f3n m\u00e1s profunda del mundo que te rodea.\",\"publisher\":{\"@id\":\"https:\/\/www.nexoinformativo.mx\/#organization\"},\"potentialAction\":[{\"@type\":\"SearchAction\",\"target\":{\"@type\":\"EntryPoint\",\"urlTemplate\":\"https:\/\/www.nexoinformativo.mx\/?s={search_term_string}\"},\"query-input\":{\"@type\":\"PropertyValueSpecification\",\"valueRequired\":true,\"valueName\":\"search_term_string\"}}],\"inLanguage\":\"es\"},{\"@type\":\"Organization\",\"@id\":\"https:\/\/www.nexoinformativo.mx\/#organization\",\"name\":\"Nexo Informativo Santiago de Quer\u00e9taro\",\"url\":\"https:\/\/www.nexoinformativo.mx\/\",\"logo\":{\"@type\":\"ImageObject\",\"inLanguage\":\"es\",\"@id\":\"https:\/\/www.nexoinformativo.mx\/#\/schema\/logo\/image\/\",\"url\":\"https:\/\/www.nexoinformativo.mx\/wp-content\/uploads\/2024\/07\/nexoi-trasparente-2.png\",\"contentUrl\":\"https:\/\/www.nexoinformativo.mx\/wp-content\/uploads\/2024\/07\/nexoi-trasparente-2.png\",\"width\":816,\"height\":339,\"caption\":\"Nexo Informativo Santiago de Quer\u00e9taro\"},\"image\":{\"@id\":\"https:\/\/www.nexoinformativo.mx\/#\/schema\/logo\/image\/\"},\"sameAs\":[\"https:\/\/www.facebook.com\/people\/Nexo-Informativo\/61564066885511\/\"]},{\"@type\":\"Person\",\"@id\":\"https:\/\/www.nexoinformativo.mx\/#\/schema\/person\/7749d380ba08c8ca00d7bc76fd907b7d\",\"name\":\"Nexo Informativo\",\"image\":{\"@type\":\"ImageObject\",\"inLanguage\":\"es\",\"@id\":\"https:\/\/www.nexoinformativo.mx\/#\/schema\/person\/image\/\",\"url\":\"https:\/\/secure.gravatar.com\/avatar\/dde2928154642a13d95f87ddf1ea9718fe2b46760a005c53e41ff5ad610704e6?s=96&d=mm&r=g\",\"contentUrl\":\"https:\/\/secure.gravatar.com\/avatar\/dde2928154642a13d95f87ddf1ea9718fe2b46760a005c53e41ff5ad610704e6?s=96&d=mm&r=g\",\"caption\":\"Nexo Informativo\"},\"url\":\"https:\/\/www.nexoinformativo.mx\/index.php\/author\/edicion\/\"}]}<\/script>\n<!-- \/ Yoast SEO plugin. -->","yoast_head_json":{"title":"SSPC presenta la Estrategia Nacional de Seguridad bajo el liderazgo de Claudia Sheinbaum | Nexo Informativo Santiago de Quer\u00e9taro","description":"SSPC presenta la Estrategia Nacional de Seguridad bajo el liderazgo de Claudia Sheinbaum","robots":{"index":"index","follow":"follow","max-snippet":"max-snippet:-1","max-image-preview":"max-image-preview:large","max-video-preview":"max-video-preview:-1"},"canonical":"https:\/\/www.nexoinformativo.mx\/index.php\/2024\/10\/08\/sspc-presenta-la-estrategia-nacional-de-seguridad-bajo-el-liderazgo-de-claudia-sheinbaum\/","og_locale":"es_MX","og_type":"article","og_title":"SSPC presenta la Estrategia Nacional de Seguridad bajo el liderazgo de Claudia Sheinbaum | Nexo Informativo Santiago de Quer\u00e9taro","og_description":"SSPC presenta la Estrategia Nacional de Seguridad bajo el liderazgo de Claudia Sheinbaum","og_url":"https:\/\/www.nexoinformativo.mx\/index.php\/2024\/10\/08\/sspc-presenta-la-estrategia-nacional-de-seguridad-bajo-el-liderazgo-de-claudia-sheinbaum\/","og_site_name":"Nexo Informativo Santiago de Quer\u00e9taro","article_publisher":"https:\/\/www.facebook.com\/people\/Nexo-Informativo\/61564066885511\/","article_published_time":"2024-10-08T18:00:41+00:00","article_modified_time":"2024-10-08T20:56:32+00:00","og_image":[{"width":650,"height":380,"url":"https:\/\/www.nexoinformativo.mx\/wp-content\/uploads\/2024\/10\/IMG_6791.jpg","type":"image\/jpeg"}],"author":"Nexo Informativo","twitter_card":"summary_large_image","twitter_misc":{"Escrito por":"Nexo Informativo","Tiempo de lectura":"2 minutos"},"schema":{"@context":"https:\/\/schema.org","@graph":[{"@type":"Article","@id":"https:\/\/www.nexoinformativo.mx\/index.php\/2024\/10\/08\/sspc-presenta-la-estrategia-nacional-de-seguridad-bajo-el-liderazgo-de-claudia-sheinbaum\/#article","isPartOf":{"@id":"https:\/\/www.nexoinformativo.mx\/index.php\/2024\/10\/08\/sspc-presenta-la-estrategia-nacional-de-seguridad-bajo-el-liderazgo-de-claudia-sheinbaum\/"},"author":{"name":"Nexo Informativo","@id":"https:\/\/www.nexoinformativo.mx\/#\/schema\/person\/7749d380ba08c8ca00d7bc76fd907b7d"},"headline":"SSPC presenta la Estrategia Nacional de Seguridad bajo el liderazgo de Claudia Sheinbaum","datePublished":"2024-10-08T18:00:41+00:00","dateModified":"2024-10-08T20:56:32+00:00","mainEntityOfPage":{"@id":"https:\/\/www.nexoinformativo.mx\/index.php\/2024\/10\/08\/sspc-presenta-la-estrategia-nacional-de-seguridad-bajo-el-liderazgo-de-claudia-sheinbaum\/"},"wordCount":375,"commentCount":0,"publisher":{"@id":"https:\/\/www.nexoinformativo.mx\/#organization"},"image":{"@id":"https:\/\/www.nexoinformativo.mx\/index.php\/2024\/10\/08\/sspc-presenta-la-estrategia-nacional-de-seguridad-bajo-el-liderazgo-de-claudia-sheinbaum\/#primaryimage"},"thumbnailUrl":"https:\/\/www.nexoinformativo.mx\/wp-content\/uploads\/2024\/10\/IMG_6791.jpg","keywords":["EstrategiaDePaz","GuardiaNacionalFuerte","InteligenciaContraElCrimen","SeguridadM\u00e9xico"],"articleSection":["Nacional","\u00daltima Hora"],"inLanguage":"es","potentialAction":[{"@type":"CommentAction","name":"Comment","target":["https:\/\/www.nexoinformativo.mx\/index.php\/2024\/10\/08\/sspc-presenta-la-estrategia-nacional-de-seguridad-bajo-el-liderazgo-de-claudia-sheinbaum\/#respond"]}]},{"@type":"WebPage","@id":"https:\/\/www.nexoinformativo.mx\/index.php\/2024\/10\/08\/sspc-presenta-la-estrategia-nacional-de-seguridad-bajo-el-liderazgo-de-claudia-sheinbaum\/","url":"https:\/\/www.nexoinformativo.mx\/index.php\/2024\/10\/08\/sspc-presenta-la-estrategia-nacional-de-seguridad-bajo-el-liderazgo-de-claudia-sheinbaum\/","name":"SSPC presenta la Estrategia Nacional de Seguridad bajo el liderazgo de Claudia Sheinbaum | Nexo Informativo Santiago de Quer\u00e9taro","isPartOf":{"@id":"https:\/\/www.nexoinformativo.mx\/#website"},"primaryImageOfPage":{"@id":"https:\/\/www.nexoinformativo.mx\/index.php\/2024\/10\/08\/sspc-presenta-la-estrategia-nacional-de-seguridad-bajo-el-liderazgo-de-claudia-sheinbaum\/#primaryimage"},"image":{"@id":"https:\/\/www.nexoinformativo.mx\/index.php\/2024\/10\/08\/sspc-presenta-la-estrategia-nacional-de-seguridad-bajo-el-liderazgo-de-claudia-sheinbaum\/#primaryimage"},"thumbnailUrl":"https:\/\/www.nexoinformativo.mx\/wp-content\/uploads\/2024\/10\/IMG_6791.jpg","datePublished":"2024-10-08T18:00:41+00:00","dateModified":"2024-10-08T20:56:32+00:00","description":"SSPC presenta la Estrategia Nacional de Seguridad bajo el liderazgo de Claudia Sheinbaum","breadcrumb":{"@id":"https:\/\/www.nexoinformativo.mx\/index.php\/2024\/10\/08\/sspc-presenta-la-estrategia-nacional-de-seguridad-bajo-el-liderazgo-de-claudia-sheinbaum\/#breadcrumb"},"inLanguage":"es","potentialAction":[{"@type":"ReadAction","target":["https:\/\/www.nexoinformativo.mx\/index.php\/2024\/10\/08\/sspc-presenta-la-estrategia-nacional-de-seguridad-bajo-el-liderazgo-de-claudia-sheinbaum\/"]}]},{"@type":"ImageObject","inLanguage":"es","@id":"https:\/\/www.nexoinformativo.mx\/index.php\/2024\/10\/08\/sspc-presenta-la-estrategia-nacional-de-seguridad-bajo-el-liderazgo-de-claudia-sheinbaum\/#primaryimage","url":"https:\/\/www.nexoinformativo.mx\/wp-content\/uploads\/2024\/10\/IMG_6791.jpg","contentUrl":"https:\/\/www.nexoinformativo.mx\/wp-content\/uploads\/2024\/10\/IMG_6791.jpg","width":650,"height":380},{"@type":"BreadcrumbList","@id":"https:\/\/www.nexoinformativo.mx\/index.php\/2024\/10\/08\/sspc-presenta-la-estrategia-nacional-de-seguridad-bajo-el-liderazgo-de-claudia-sheinbaum\/#breadcrumb","itemListElement":[{"@type":"ListItem","position":1,"name":"Inicio","item":"https:\/\/www.nexoinformativo.mx\/"},{"@type":"ListItem","position":2,"name":"SSPC presenta la Estrategia Nacional de Seguridad bajo el liderazgo de Claudia Sheinbaum"}]},{"@type":"WebSite","@id":"https:\/\/www.nexoinformativo.mx\/#website","url":"https:\/\/www.nexoinformativo.mx\/","name":"Nexo Informativo Santiago de Quer\u00e9taro","description":"Explora NexoInformativo y convi\u00e9rtete en parte de una comunidad que valora el conocimiento y la verdad. Tu nexoinformativo es tu puente hacia una comprensi\u00f3n m\u00e1s profunda del mundo que te rodea.","publisher":{"@id":"https:\/\/www.nexoinformativo.mx\/#organization"},"potentialAction":[{"@type":"SearchAction","target":{"@type":"EntryPoint","urlTemplate":"https:\/\/www.nexoinformativo.mx\/?s={search_term_string}"},"query-input":{"@type":"PropertyValueSpecification","valueRequired":true,"valueName":"search_term_string"}}],"inLanguage":"es"},{"@type":"Organization","@id":"https:\/\/www.nexoinformativo.mx\/#organization","name":"Nexo Informativo Santiago de Quer\u00e9taro","url":"https:\/\/www.nexoinformativo.mx\/","logo":{"@type":"ImageObject","inLanguage":"es","@id":"https:\/\/www.nexoinformativo.mx\/#\/schema\/logo\/image\/","url":"https:\/\/www.nexoinformativo.mx\/wp-content\/uploads\/2024\/07\/nexoi-trasparente-2.png","contentUrl":"https:\/\/www.nexoinformativo.mx\/wp-content\/uploads\/2024\/07\/nexoi-trasparente-2.png","width":816,"height":339,"caption":"Nexo Informativo Santiago de Quer\u00e9taro"},"image":{"@id":"https:\/\/www.nexoinformativo.mx\/#\/schema\/logo\/image\/"},"sameAs":["https:\/\/www.facebook.com\/people\/Nexo-Informativo\/61564066885511\/"]},{"@type":"Person","@id":"https:\/\/www.nexoinformativo.mx\/#\/schema\/person\/7749d380ba08c8ca00d7bc76fd907b7d","name":"Nexo Informativo","image":{"@type":"ImageObject","inLanguage":"es","@id":"https:\/\/www.nexoinformativo.mx\/#\/schema\/person\/image\/","url":"https:\/\/secure.gravatar.com\/avatar\/dde2928154642a13d95f87ddf1ea9718fe2b46760a005c53e41ff5ad610704e6?s=96&d=mm&r=g","contentUrl":"https:\/\/secure.gravatar.com\/avatar\/dde2928154642a13d95f87ddf1ea9718fe2b46760a005c53e41ff5ad610704e6?s=96&d=mm&r=g","caption":"Nexo Informativo"},"url":"https:\/\/www.nexoinformativo.mx\/index.php\/author\/edicion\/"}]}},"_links":{"self":[{"href":"https:\/\/www.nexoinformativo.mx\/index.php\/wp-json\/wp\/v2\/posts\/2944","targetHints":{"allow":["GET"]}}],"collection":[{"href":"https:\/\/www.nexoinformativo.mx\/index.php\/wp-json\/wp\/v2\/posts"}],"about":[{"href":"https:\/\/www.nexoinformativo.mx\/index.php\/wp-json\/wp\/v2\/types\/post"}],"author":[{"embeddable":true,"href":"https:\/\/www.nexoinformativo.mx\/index.php\/wp-json\/wp\/v2\/users\/3"}],"replies":[{"embeddable":true,"href":"https:\/\/www.nexoinformativo.mx\/index.php\/wp-json\/wp\/v2\/comments?post=2944"}],"version-history":[{"count":6,"href":"https:\/\/www.nexoinformativo.mx\/index.php\/wp-json\/wp\/v2\/posts\/2944\/revisions"}],"predecessor-version":[{"id":2975,"href":"https:\/\/www.nexoinformativo.mx\/index.php\/wp-json\/wp\/v2\/posts\/2944\/revisions\/2975"}],"wp:featuredmedia":[{"embeddable":true,"href":"https:\/\/www.nexoinformativo.mx\/index.php\/wp-json\/wp\/v2\/media\/2945"}],"wp:attachment":[{"href":"https:\/\/www.nexoinformativo.mx\/index.php\/wp-json\/wp\/v2\/media?parent=2944"}],"wp:term":[{"taxonomy":"category","embeddable":true,"href":"https:\/\/www.nexoinformativo.mx\/index.php\/wp-json\/wp\/v2\/categories?post=2944"},{"taxonomy":"post_tag","embeddable":true,"href":"https:\/\/www.nexoinformativo.mx\/index.php\/wp-json\/wp\/v2\/tags?post=2944"}],"curies":[{"name":"wp","href":"https:\/\/api.w.org\/{rel}","templated":true}]}}