{"id":2967,"date":"2024-10-08T13:00:03","date_gmt":"2024-10-08T19:00:03","guid":{"rendered":"https:\/\/www.nexoinformativo.mx\/?p=2967"},"modified":"2024-10-21T17:43:52","modified_gmt":"2024-10-21T23:43:52","slug":"mauricio-kuri-confia-en-resultados-de-la-fiscalia-tras-hechos-violentos-en-queretaro","status":"publish","type":"post","link":"https:\/\/www.nexoinformativo.mx\/index.php\/2024\/10\/08\/mauricio-kuri-confia-en-resultados-de-la-fiscalia-tras-hechos-violentos-en-queretaro\/","title":{"rendered":"Mauricio Kuri conf\u00eda en resultados de la Fiscal\u00eda tras hechos violentos en Quer\u00e9taro"},"content":{"rendered":"<p style=\"text-align: justify;\">El gobernador de Quer\u00e9taro, Mauricio Kuri Gonz\u00e1lez, expres\u00f3 su plena confianza en que la Fiscal\u00eda General del Estado obtendr\u00e1 resultados pronto sobre los recientes hechos violentos, incluyendo el ataque a unos m\u00fasicos en un centro nocturno y la balacera registrada recientemente. Kuri subray\u00f3 que su administraci\u00f3n est\u00e1 comprometida con el combate al crimen en la entidad.<\/p>\n<p>&nbsp;<\/p>\n<p style=\"text-align: justify;\">Kuri destac\u00f3 la colaboraci\u00f3n con la Guardia Nacional y el ej\u00e9rcito mexicano en diferentes operativos, como en la lucha contra el robo de combustible (huachicol). Adem\u00e1s, mencion\u00f3 que las autoridades estatales han recibido capacitaci\u00f3n por parte de una agencia de seguridad de EU para mejorar las habilidades de los polic\u00edas locales.<\/p>\n<p>&nbsp;<\/p>\n<p style=\"text-align: justify;\"><strong>&#8220;Estamos siempre buscando proteger a nuestro Quer\u00e9taro. Ayer tuvimos una capacitaci\u00f3n que est\u00e1 fortaleciendo a nuestros polic\u00edas, y el caso est\u00e1 siendo investigado por la Fiscal\u00eda y la presidencia municipal de Quer\u00e9taro&#8221;<\/strong>, se\u00f1al\u00f3 el mandatario.<\/p>\n<p>&nbsp;<\/p>\n<p style=\"text-align: justify;\">El gobernador reiter\u00f3 su compromiso de seguir trabajando para que Quer\u00e9taro se mantenga como una de las entidades m\u00e1s seguras del pa\u00eds. &#8220;Siempre buscaremos proteger a nuestro estado, coordinando esfuerzos con todas las instancias de seguridad para que los queretanos vivan en paz&#8221;, concluy\u00f3.<\/p>\n<p>&nbsp;<\/p>\n<p>&nbsp;<\/p>\n<p style=\"text-align: center;\"><em><strong>\u00a1Informaci\u00f3n que transforma!<\/strong><\/em><\/p>\n","protected":false},"excerpt":{"rendered":"<p>El gobernador de Quer\u00e9taro, Mauricio Kuri Gonz\u00e1lez, expres\u00f3 su plena confianza en que la Fiscal\u00eda General del Estado obtendr\u00e1 resultados pronto sobre los recientes hechos violentos, incluyendo el ataque a unos m\u00fasicos en un centro nocturno y la balacera registrada recientemente. Kuri subray\u00f3 que su administraci\u00f3n est\u00e1 comprometida con el combate al crimen en la [&hellip;]<\/p>\n","protected":false},"author":3,"featured_media":2968,"comment_status":"open","ping_status":"open","sticky":false,"template":"","format":"standard","meta":{"footnotes":""},"categories":[42],"tags":[640,637,1187,266],"class_list":["post-2967","post","type-post","status-publish","format-standard","has-post-thumbnail","hentry","category-estado","tag-combatealcrimen","tag-justiciaenqueretaro","tag-resultadosfiscalia","tag-seguridadqueretaro"],"yoast_head":"<!-- This site is optimized with the Yoast SEO plugin v25.0 - https:\/\/yoast.com\/wordpress\/plugins\/seo\/ -->\n<title>Mauricio Kuri conf\u00eda en resultados de la Fiscal\u00eda tras hechos violentos en Quer\u00e9taro | Nexo Informativo Santiago de Quer\u00e9taro<\/title>\n<meta name=\"description\" content=\"Mauricio Kuri conf\u00eda en resultados de la Fiscal\u00eda tras hechos violentos en Quer\u00e9taro\" \/>\n<meta name=\"robots\" content=\"index, follow, max-snippet:-1, max-image-preview:large, max-video-preview:-1\" \/>\n<link rel=\"canonical\" href=\"https:\/\/www.nexoinformativo.mx\/index.php\/2024\/10\/08\/mauricio-kuri-confia-en-resultados-de-la-fiscalia-tras-hechos-violentos-en-queretaro\/\" \/>\n<meta property=\"og:locale\" content=\"es_MX\" \/>\n<meta property=\"og:type\" content=\"article\" \/>\n<meta property=\"og:title\" content=\"Mauricio Kuri conf\u00eda en resultados de la Fiscal\u00eda tras hechos violentos en Quer\u00e9taro | Nexo Informativo Santiago de Quer\u00e9taro\" \/>\n<meta property=\"og:description\" content=\"Mauricio Kuri conf\u00eda en resultados de la Fiscal\u00eda tras hechos violentos en Quer\u00e9taro\" \/>\n<meta property=\"og:url\" content=\"https:\/\/www.nexoinformativo.mx\/index.php\/2024\/10\/08\/mauricio-kuri-confia-en-resultados-de-la-fiscalia-tras-hechos-violentos-en-queretaro\/\" \/>\n<meta property=\"og:site_name\" content=\"Nexo Informativo Santiago de Quer\u00e9taro\" \/>\n<meta property=\"article:publisher\" content=\"https:\/\/www.facebook.com\/people\/Nexo-Informativo\/61564066885511\/\" \/>\n<meta property=\"article:published_time\" content=\"2024-10-08T19:00:03+00:00\" \/>\n<meta property=\"article:modified_time\" content=\"2024-10-21T23:43:52+00:00\" \/>\n<meta property=\"og:image\" content=\"https:\/\/www.nexoinformativo.mx\/wp-content\/uploads\/2024\/10\/IMG_6803-e1728420615809.jpg\" \/>\n\t<meta property=\"og:image:width\" content=\"800\" \/>\n\t<meta property=\"og:image:height\" content=\"360\" \/>\n\t<meta property=\"og:image:type\" content=\"image\/jpeg\" \/>\n<meta name=\"author\" content=\"Nexo Informativo\" \/>\n<meta name=\"twitter:card\" content=\"summary_large_image\" \/>\n<meta name=\"twitter:label1\" content=\"Escrito por\" \/>\n\t<meta name=\"twitter:data1\" content=\"Nexo Informativo\" \/>\n\t<meta name=\"twitter:label2\" content=\"Tiempo de lectura\" \/>\n\t<meta name=\"twitter:data2\" content=\"2 minutos\" \/>\n<script type=\"application\/ld+json\" class=\"yoast-schema-graph\">{\"@context\":\"https:\/\/schema.org\",\"@graph\":[{\"@type\":\"Article\",\"@id\":\"https:\/\/www.nexoinformativo.mx\/index.php\/2024\/10\/08\/mauricio-kuri-confia-en-resultados-de-la-fiscalia-tras-hechos-violentos-en-queretaro\/#article\",\"isPartOf\":{\"@id\":\"https:\/\/www.nexoinformativo.mx\/index.php\/2024\/10\/08\/mauricio-kuri-confia-en-resultados-de-la-fiscalia-tras-hechos-violentos-en-queretaro\/\"},\"author\":{\"name\":\"Nexo Informativo\",\"@id\":\"https:\/\/www.nexoinformativo.mx\/#\/schema\/person\/7749d380ba08c8ca00d7bc76fd907b7d\"},\"headline\":\"Mauricio Kuri conf\u00eda en resultados de la Fiscal\u00eda tras hechos violentos en Quer\u00e9taro\",\"datePublished\":\"2024-10-08T19:00:03+00:00\",\"dateModified\":\"2024-10-21T23:43:52+00:00\",\"mainEntityOfPage\":{\"@id\":\"https:\/\/www.nexoinformativo.mx\/index.php\/2024\/10\/08\/mauricio-kuri-confia-en-resultados-de-la-fiscalia-tras-hechos-violentos-en-queretaro\/\"},\"wordCount\":230,\"commentCount\":0,\"publisher\":{\"@id\":\"https:\/\/www.nexoinformativo.mx\/#organization\"},\"image\":{\"@id\":\"https:\/\/www.nexoinformativo.mx\/index.php\/2024\/10\/08\/mauricio-kuri-confia-en-resultados-de-la-fiscalia-tras-hechos-violentos-en-queretaro\/#primaryimage\"},\"thumbnailUrl\":\"https:\/\/www.nexoinformativo.mx\/wp-content\/uploads\/2024\/10\/IMG_6803-e1728420615809.jpg\",\"keywords\":[\"CombateAlCrimen\",\"JusticiaEnQuer\u00e9taro\",\"ResultadosFiscal\u00eda\",\"SeguridadQueretaro\"],\"articleSection\":[\"Estado\"],\"inLanguage\":\"es\",\"potentialAction\":[{\"@type\":\"CommentAction\",\"name\":\"Comment\",\"target\":[\"https:\/\/www.nexoinformativo.mx\/index.php\/2024\/10\/08\/mauricio-kuri-confia-en-resultados-de-la-fiscalia-tras-hechos-violentos-en-queretaro\/#respond\"]}]},{\"@type\":\"WebPage\",\"@id\":\"https:\/\/www.nexoinformativo.mx\/index.php\/2024\/10\/08\/mauricio-kuri-confia-en-resultados-de-la-fiscalia-tras-hechos-violentos-en-queretaro\/\",\"url\":\"https:\/\/www.nexoinformativo.mx\/index.php\/2024\/10\/08\/mauricio-kuri-confia-en-resultados-de-la-fiscalia-tras-hechos-violentos-en-queretaro\/\",\"name\":\"Mauricio Kuri conf\u00eda en resultados de la Fiscal\u00eda tras hechos violentos en Quer\u00e9taro | Nexo Informativo Santiago de Quer\u00e9taro\",\"isPartOf\":{\"@id\":\"https:\/\/www.nexoinformativo.mx\/#website\"},\"primaryImageOfPage\":{\"@id\":\"https:\/\/www.nexoinformativo.mx\/index.php\/2024\/10\/08\/mauricio-kuri-confia-en-resultados-de-la-fiscalia-tras-hechos-violentos-en-queretaro\/#primaryimage\"},\"image\":{\"@id\":\"https:\/\/www.nexoinformativo.mx\/index.php\/2024\/10\/08\/mauricio-kuri-confia-en-resultados-de-la-fiscalia-tras-hechos-violentos-en-queretaro\/#primaryimage\"},\"thumbnailUrl\":\"https:\/\/www.nexoinformativo.mx\/wp-content\/uploads\/2024\/10\/IMG_6803-e1728420615809.jpg\",\"datePublished\":\"2024-10-08T19:00:03+00:00\",\"dateModified\":\"2024-10-21T23:43:52+00:00\",\"description\":\"Mauricio Kuri conf\u00eda en resultados de la Fiscal\u00eda tras hechos violentos en Quer\u00e9taro\",\"breadcrumb\":{\"@id\":\"https:\/\/www.nexoinformativo.mx\/index.php\/2024\/10\/08\/mauricio-kuri-confia-en-resultados-de-la-fiscalia-tras-hechos-violentos-en-queretaro\/#breadcrumb\"},\"inLanguage\":\"es\",\"potentialAction\":[{\"@type\":\"ReadAction\",\"target\":[\"https:\/\/www.nexoinformativo.mx\/index.php\/2024\/10\/08\/mauricio-kuri-confia-en-resultados-de-la-fiscalia-tras-hechos-violentos-en-queretaro\/\"]}]},{\"@type\":\"ImageObject\",\"inLanguage\":\"es\",\"@id\":\"https:\/\/www.nexoinformativo.mx\/index.php\/2024\/10\/08\/mauricio-kuri-confia-en-resultados-de-la-fiscalia-tras-hechos-violentos-en-queretaro\/#primaryimage\",\"url\":\"https:\/\/www.nexoinformativo.mx\/wp-content\/uploads\/2024\/10\/IMG_6803-e1728420615809.jpg\",\"contentUrl\":\"https:\/\/www.nexoinformativo.mx\/wp-content\/uploads\/2024\/10\/IMG_6803-e1728420615809.jpg\",\"width\":800,\"height\":360,\"caption\":\"Screenshot\"},{\"@type\":\"BreadcrumbList\",\"@id\":\"https:\/\/www.nexoinformativo.mx\/index.php\/2024\/10\/08\/mauricio-kuri-confia-en-resultados-de-la-fiscalia-tras-hechos-violentos-en-queretaro\/#breadcrumb\",\"itemListElement\":[{\"@type\":\"ListItem\",\"position\":1,\"name\":\"Inicio\",\"item\":\"https:\/\/www.nexoinformativo.mx\/\"},{\"@type\":\"ListItem\",\"position\":2,\"name\":\"Mauricio Kuri conf\u00eda en resultados de la Fiscal\u00eda tras hechos violentos en Quer\u00e9taro\"}]},{\"@type\":\"WebSite\",\"@id\":\"https:\/\/www.nexoinformativo.mx\/#website\",\"url\":\"https:\/\/www.nexoinformativo.mx\/\",\"name\":\"Nexo Informativo Santiago de Quer\u00e9taro\",\"description\":\"Explora NexoInformativo y convi\u00e9rtete en parte de una comunidad que valora el conocimiento y la verdad. Tu nexoinformativo es tu puente hacia una comprensi\u00f3n m\u00e1s profunda del mundo que te rodea.\",\"publisher\":{\"@id\":\"https:\/\/www.nexoinformativo.mx\/#organization\"},\"potentialAction\":[{\"@type\":\"SearchAction\",\"target\":{\"@type\":\"EntryPoint\",\"urlTemplate\":\"https:\/\/www.nexoinformativo.mx\/?s={search_term_string}\"},\"query-input\":{\"@type\":\"PropertyValueSpecification\",\"valueRequired\":true,\"valueName\":\"search_term_string\"}}],\"inLanguage\":\"es\"},{\"@type\":\"Organization\",\"@id\":\"https:\/\/www.nexoinformativo.mx\/#organization\",\"name\":\"Nexo Informativo Santiago de Quer\u00e9taro\",\"url\":\"https:\/\/www.nexoinformativo.mx\/\",\"logo\":{\"@type\":\"ImageObject\",\"inLanguage\":\"es\",\"@id\":\"https:\/\/www.nexoinformativo.mx\/#\/schema\/logo\/image\/\",\"url\":\"https:\/\/www.nexoinformativo.mx\/wp-content\/uploads\/2024\/07\/nexoi-trasparente-2.png\",\"contentUrl\":\"https:\/\/www.nexoinformativo.mx\/wp-content\/uploads\/2024\/07\/nexoi-trasparente-2.png\",\"width\":816,\"height\":339,\"caption\":\"Nexo Informativo Santiago de Quer\u00e9taro\"},\"image\":{\"@id\":\"https:\/\/www.nexoinformativo.mx\/#\/schema\/logo\/image\/\"},\"sameAs\":[\"https:\/\/www.facebook.com\/people\/Nexo-Informativo\/61564066885511\/\"]},{\"@type\":\"Person\",\"@id\":\"https:\/\/www.nexoinformativo.mx\/#\/schema\/person\/7749d380ba08c8ca00d7bc76fd907b7d\",\"name\":\"Nexo Informativo\",\"image\":{\"@type\":\"ImageObject\",\"inLanguage\":\"es\",\"@id\":\"https:\/\/www.nexoinformativo.mx\/#\/schema\/person\/image\/\",\"url\":\"https:\/\/secure.gravatar.com\/avatar\/dde2928154642a13d95f87ddf1ea9718fe2b46760a005c53e41ff5ad610704e6?s=96&d=mm&r=g\",\"contentUrl\":\"https:\/\/secure.gravatar.com\/avatar\/dde2928154642a13d95f87ddf1ea9718fe2b46760a005c53e41ff5ad610704e6?s=96&d=mm&r=g\",\"caption\":\"Nexo Informativo\"},\"url\":\"https:\/\/www.nexoinformativo.mx\/index.php\/author\/edicion\/\"}]}<\/script>\n<!-- \/ Yoast SEO plugin. -->","yoast_head_json":{"title":"Mauricio Kuri conf\u00eda en resultados de la Fiscal\u00eda tras hechos violentos en Quer\u00e9taro | Nexo Informativo Santiago de Quer\u00e9taro","description":"Mauricio Kuri conf\u00eda en resultados de la Fiscal\u00eda tras hechos violentos en Quer\u00e9taro","robots":{"index":"index","follow":"follow","max-snippet":"max-snippet:-1","max-image-preview":"max-image-preview:large","max-video-preview":"max-video-preview:-1"},"canonical":"https:\/\/www.nexoinformativo.mx\/index.php\/2024\/10\/08\/mauricio-kuri-confia-en-resultados-de-la-fiscalia-tras-hechos-violentos-en-queretaro\/","og_locale":"es_MX","og_type":"article","og_title":"Mauricio Kuri conf\u00eda en resultados de la Fiscal\u00eda tras hechos violentos en Quer\u00e9taro | Nexo Informativo Santiago de Quer\u00e9taro","og_description":"Mauricio Kuri conf\u00eda en resultados de la Fiscal\u00eda tras hechos violentos en Quer\u00e9taro","og_url":"https:\/\/www.nexoinformativo.mx\/index.php\/2024\/10\/08\/mauricio-kuri-confia-en-resultados-de-la-fiscalia-tras-hechos-violentos-en-queretaro\/","og_site_name":"Nexo Informativo Santiago de Quer\u00e9taro","article_publisher":"https:\/\/www.facebook.com\/people\/Nexo-Informativo\/61564066885511\/","article_published_time":"2024-10-08T19:00:03+00:00","article_modified_time":"2024-10-21T23:43:52+00:00","og_image":[{"width":800,"height":360,"url":"https:\/\/www.nexoinformativo.mx\/wp-content\/uploads\/2024\/10\/IMG_6803-e1728420615809.jpg","type":"image\/jpeg"}],"author":"Nexo Informativo","twitter_card":"summary_large_image","twitter_misc":{"Escrito por":"Nexo Informativo","Tiempo de lectura":"2 minutos"},"schema":{"@context":"https:\/\/schema.org","@graph":[{"@type":"Article","@id":"https:\/\/www.nexoinformativo.mx\/index.php\/2024\/10\/08\/mauricio-kuri-confia-en-resultados-de-la-fiscalia-tras-hechos-violentos-en-queretaro\/#article","isPartOf":{"@id":"https:\/\/www.nexoinformativo.mx\/index.php\/2024\/10\/08\/mauricio-kuri-confia-en-resultados-de-la-fiscalia-tras-hechos-violentos-en-queretaro\/"},"author":{"name":"Nexo Informativo","@id":"https:\/\/www.nexoinformativo.mx\/#\/schema\/person\/7749d380ba08c8ca00d7bc76fd907b7d"},"headline":"Mauricio Kuri conf\u00eda en resultados de la Fiscal\u00eda tras hechos violentos en Quer\u00e9taro","datePublished":"2024-10-08T19:00:03+00:00","dateModified":"2024-10-21T23:43:52+00:00","mainEntityOfPage":{"@id":"https:\/\/www.nexoinformativo.mx\/index.php\/2024\/10\/08\/mauricio-kuri-confia-en-resultados-de-la-fiscalia-tras-hechos-violentos-en-queretaro\/"},"wordCount":230,"commentCount":0,"publisher":{"@id":"https:\/\/www.nexoinformativo.mx\/#organization"},"image":{"@id":"https:\/\/www.nexoinformativo.mx\/index.php\/2024\/10\/08\/mauricio-kuri-confia-en-resultados-de-la-fiscalia-tras-hechos-violentos-en-queretaro\/#primaryimage"},"thumbnailUrl":"https:\/\/www.nexoinformativo.mx\/wp-content\/uploads\/2024\/10\/IMG_6803-e1728420615809.jpg","keywords":["CombateAlCrimen","JusticiaEnQuer\u00e9taro","ResultadosFiscal\u00eda","SeguridadQueretaro"],"articleSection":["Estado"],"inLanguage":"es","potentialAction":[{"@type":"CommentAction","name":"Comment","target":["https:\/\/www.nexoinformativo.mx\/index.php\/2024\/10\/08\/mauricio-kuri-confia-en-resultados-de-la-fiscalia-tras-hechos-violentos-en-queretaro\/#respond"]}]},{"@type":"WebPage","@id":"https:\/\/www.nexoinformativo.mx\/index.php\/2024\/10\/08\/mauricio-kuri-confia-en-resultados-de-la-fiscalia-tras-hechos-violentos-en-queretaro\/","url":"https:\/\/www.nexoinformativo.mx\/index.php\/2024\/10\/08\/mauricio-kuri-confia-en-resultados-de-la-fiscalia-tras-hechos-violentos-en-queretaro\/","name":"Mauricio Kuri conf\u00eda en resultados de la Fiscal\u00eda tras hechos violentos en Quer\u00e9taro | Nexo Informativo Santiago de Quer\u00e9taro","isPartOf":{"@id":"https:\/\/www.nexoinformativo.mx\/#website"},"primaryImageOfPage":{"@id":"https:\/\/www.nexoinformativo.mx\/index.php\/2024\/10\/08\/mauricio-kuri-confia-en-resultados-de-la-fiscalia-tras-hechos-violentos-en-queretaro\/#primaryimage"},"image":{"@id":"https:\/\/www.nexoinformativo.mx\/index.php\/2024\/10\/08\/mauricio-kuri-confia-en-resultados-de-la-fiscalia-tras-hechos-violentos-en-queretaro\/#primaryimage"},"thumbnailUrl":"https:\/\/www.nexoinformativo.mx\/wp-content\/uploads\/2024\/10\/IMG_6803-e1728420615809.jpg","datePublished":"2024-10-08T19:00:03+00:00","dateModified":"2024-10-21T23:43:52+00:00","description":"Mauricio Kuri conf\u00eda en resultados de la Fiscal\u00eda tras hechos violentos en Quer\u00e9taro","breadcrumb":{"@id":"https:\/\/www.nexoinformativo.mx\/index.php\/2024\/10\/08\/mauricio-kuri-confia-en-resultados-de-la-fiscalia-tras-hechos-violentos-en-queretaro\/#breadcrumb"},"inLanguage":"es","potentialAction":[{"@type":"ReadAction","target":["https:\/\/www.nexoinformativo.mx\/index.php\/2024\/10\/08\/mauricio-kuri-confia-en-resultados-de-la-fiscalia-tras-hechos-violentos-en-queretaro\/"]}]},{"@type":"ImageObject","inLanguage":"es","@id":"https:\/\/www.nexoinformativo.mx\/index.php\/2024\/10\/08\/mauricio-kuri-confia-en-resultados-de-la-fiscalia-tras-hechos-violentos-en-queretaro\/#primaryimage","url":"https:\/\/www.nexoinformativo.mx\/wp-content\/uploads\/2024\/10\/IMG_6803-e1728420615809.jpg","contentUrl":"https:\/\/www.nexoinformativo.mx\/wp-content\/uploads\/2024\/10\/IMG_6803-e1728420615809.jpg","width":800,"height":360,"caption":"Screenshot"},{"@type":"BreadcrumbList","@id":"https:\/\/www.nexoinformativo.mx\/index.php\/2024\/10\/08\/mauricio-kuri-confia-en-resultados-de-la-fiscalia-tras-hechos-violentos-en-queretaro\/#breadcrumb","itemListElement":[{"@type":"ListItem","position":1,"name":"Inicio","item":"https:\/\/www.nexoinformativo.mx\/"},{"@type":"ListItem","position":2,"name":"Mauricio Kuri conf\u00eda en resultados de la Fiscal\u00eda tras hechos violentos en Quer\u00e9taro"}]},{"@type":"WebSite","@id":"https:\/\/www.nexoinformativo.mx\/#website","url":"https:\/\/www.nexoinformativo.mx\/","name":"Nexo Informativo Santiago de Quer\u00e9taro","description":"Explora NexoInformativo y convi\u00e9rtete en parte de una comunidad que valora el conocimiento y la verdad. Tu nexoinformativo es tu puente hacia una comprensi\u00f3n m\u00e1s profunda del mundo que te rodea.","publisher":{"@id":"https:\/\/www.nexoinformativo.mx\/#organization"},"potentialAction":[{"@type":"SearchAction","target":{"@type":"EntryPoint","urlTemplate":"https:\/\/www.nexoinformativo.mx\/?s={search_term_string}"},"query-input":{"@type":"PropertyValueSpecification","valueRequired":true,"valueName":"search_term_string"}}],"inLanguage":"es"},{"@type":"Organization","@id":"https:\/\/www.nexoinformativo.mx\/#organization","name":"Nexo Informativo Santiago de Quer\u00e9taro","url":"https:\/\/www.nexoinformativo.mx\/","logo":{"@type":"ImageObject","inLanguage":"es","@id":"https:\/\/www.nexoinformativo.mx\/#\/schema\/logo\/image\/","url":"https:\/\/www.nexoinformativo.mx\/wp-content\/uploads\/2024\/07\/nexoi-trasparente-2.png","contentUrl":"https:\/\/www.nexoinformativo.mx\/wp-content\/uploads\/2024\/07\/nexoi-trasparente-2.png","width":816,"height":339,"caption":"Nexo Informativo Santiago de Quer\u00e9taro"},"image":{"@id":"https:\/\/www.nexoinformativo.mx\/#\/schema\/logo\/image\/"},"sameAs":["https:\/\/www.facebook.com\/people\/Nexo-Informativo\/61564066885511\/"]},{"@type":"Person","@id":"https:\/\/www.nexoinformativo.mx\/#\/schema\/person\/7749d380ba08c8ca00d7bc76fd907b7d","name":"Nexo Informativo","image":{"@type":"ImageObject","inLanguage":"es","@id":"https:\/\/www.nexoinformativo.mx\/#\/schema\/person\/image\/","url":"https:\/\/secure.gravatar.com\/avatar\/dde2928154642a13d95f87ddf1ea9718fe2b46760a005c53e41ff5ad610704e6?s=96&d=mm&r=g","contentUrl":"https:\/\/secure.gravatar.com\/avatar\/dde2928154642a13d95f87ddf1ea9718fe2b46760a005c53e41ff5ad610704e6?s=96&d=mm&r=g","caption":"Nexo Informativo"},"url":"https:\/\/www.nexoinformativo.mx\/index.php\/author\/edicion\/"}]}},"_links":{"self":[{"href":"https:\/\/www.nexoinformativo.mx\/index.php\/wp-json\/wp\/v2\/posts\/2967","targetHints":{"allow":["GET"]}}],"collection":[{"href":"https:\/\/www.nexoinformativo.mx\/index.php\/wp-json\/wp\/v2\/posts"}],"about":[{"href":"https:\/\/www.nexoinformativo.mx\/index.php\/wp-json\/wp\/v2\/types\/post"}],"author":[{"embeddable":true,"href":"https:\/\/www.nexoinformativo.mx\/index.php\/wp-json\/wp\/v2\/users\/3"}],"replies":[{"embeddable":true,"href":"https:\/\/www.nexoinformativo.mx\/index.php\/wp-json\/wp\/v2\/comments?post=2967"}],"version-history":[{"count":4,"href":"https:\/\/www.nexoinformativo.mx\/index.php\/wp-json\/wp\/v2\/posts\/2967\/revisions"}],"predecessor-version":[{"id":2970,"href":"https:\/\/www.nexoinformativo.mx\/index.php\/wp-json\/wp\/v2\/posts\/2967\/revisions\/2970"}],"wp:featuredmedia":[{"embeddable":true,"href":"https:\/\/www.nexoinformativo.mx\/index.php\/wp-json\/wp\/v2\/media\/2968"}],"wp:attachment":[{"href":"https:\/\/www.nexoinformativo.mx\/index.php\/wp-json\/wp\/v2\/media?parent=2967"}],"wp:term":[{"taxonomy":"category","embeddable":true,"href":"https:\/\/www.nexoinformativo.mx\/index.php\/wp-json\/wp\/v2\/categories?post=2967"},{"taxonomy":"post_tag","embeddable":true,"href":"https:\/\/www.nexoinformativo.mx\/index.php\/wp-json\/wp\/v2\/tags?post=2967"}],"curies":[{"name":"wp","href":"https:\/\/api.w.org\/{rel}","templated":true}]}}