{"id":2988,"date":"2024-10-08T17:00:23","date_gmt":"2024-10-08T23:00:23","guid":{"rendered":"https:\/\/www.nexoinformativo.mx\/?p=2988"},"modified":"2024-10-08T22:27:12","modified_gmt":"2024-10-09T04:27:12","slug":"ayuntamiento-de-queretaro-aprueba-calendario-de-sesiones-ordinarias-y-presenta-informe-del-dif","status":"publish","type":"post","link":"https:\/\/www.nexoinformativo.mx\/index.php\/2024\/10\/08\/ayuntamiento-de-queretaro-aprueba-calendario-de-sesiones-ordinarias-y-presenta-informe-del-dif\/","title":{"rendered":"Ayuntamiento de Quer\u00e9taro aprueba calendario de sesiones ordinarias y presenta informe del DIF"},"content":{"rendered":"<p style=\"text-align: justify;\" data-sourcepos=\"5:1-5:218\">En una sesi\u00f3n ordinaria de Cabildo, el Ayuntamiento de Quer\u00e9taro, encabezado por el presidente municipal Felifer Mac\u00edas, tom\u00f3 importantes decisiones que impactar\u00e1n en la vida de los ciudadanos.<\/p>\n<p>&nbsp;<\/p>\n<p style=\"text-align: justify;\" data-sourcepos=\"7:1-7:257\">Una de las principales resoluciones fue la aprobaci\u00f3n del calendario de sesiones ordinarias para el pr\u00f3ximo periodo. Este calendario, que se celebrar\u00e1 dos veces al mes, buscando garantizar la transparencia y la participaci\u00f3n ciudadana en la toma de decisiones.<\/p>\n<p>&nbsp;<\/p>\n<p style=\"text-align: justify;\" data-sourcepos=\"9:1-9:334\">Adem\u00e1s, se present\u00f3 el Tercer Informe de Actividades del Sistema Municipal DIF, el cual destac\u00f3 los logros alcanzados en materia de asistencia social durante los \u00faltimos meses. El DIF de Quer\u00e9taro brind\u00f3 apoyo a m\u00e1s de 55 mil personas, ofreciendo una amplia gama de servicios como alimentaci\u00f3n, atenci\u00f3n m\u00e9dica y programas educativos.<\/p>\n<\/p>\n<p>&nbsp;<\/p>\n<p style=\"text-align: justify;\"><strong>Aprobaci\u00f3n de actas:<\/strong> Se dieron lectura y aprobaci\u00f3n a las actas de las sesiones solemnes de instalaci\u00f3n del Ayuntamiento y de la primera sesi\u00f3n ordinaria.<\/p>\n<p style=\"text-align: justify;\"><strong>Designaci\u00f3n de coordinadores de fracciones:<\/strong> Se designaron a los representantes de las diferentes fracciones parlamentarias que integrar\u00e1n el Cabildo.<\/p>\n<p>&nbsp;<\/p>\n<p style=\"text-align: justify;\" data-sourcepos=\"16:1-16:156\">Con estas acciones, el Ayuntamiento de Quer\u00e9taro refrenda su compromiso de trabajar de manera transparente y eficiente en beneficio de todos los ciudadanos.<\/p>\n<\/p>\n<p>&nbsp;<\/p>\n<p style=\"text-align: center;\" data-sourcepos=\"16:1-16:156\"><strong><em>\u00a1Informaci\u00f3n que transforma!<\/em><\/strong><\/p>\n","protected":false},"excerpt":{"rendered":"<p>En una sesi\u00f3n ordinaria de Cabildo, el Ayuntamiento de Quer\u00e9taro, encabezado por el presidente municipal Felifer Mac\u00edas, tom\u00f3 importantes decisiones que impactar\u00e1n en la vida de los ciudadanos.<\/p>\n","protected":false},"author":3,"featured_media":2990,"comment_status":"open","ping_status":"open","sticky":false,"template":"","format":"standard","meta":{"footnotes":""},"categories":[65,58],"tags":[1195,1192,1194,1193],"class_list":["post-2988","post","type-post","status-publish","format-standard","has-post-thumbnail","hentry","category-municipios","category-ultima-hora","tag-asistenciasocial","tag-ayuntamientodequeretaro","tag-dif","tag-sesionesordinarias"],"yoast_head":"<!-- This site is optimized with the Yoast SEO plugin v25.0 - https:\/\/yoast.com\/wordpress\/plugins\/seo\/ -->\n<title>Ayuntamiento de Quer\u00e9taro aprueba calendario de sesiones ordinarias y presenta informe del DIF | Nexo Informativo Santiago de Quer\u00e9taro<\/title>\n<meta name=\"description\" content=\"Ayuntamiento de Quer\u00e9taro aprueba calendario de sesiones ordinarias y presenta informe del DIF\" \/>\n<meta name=\"robots\" content=\"index, follow, max-snippet:-1, max-image-preview:large, max-video-preview:-1\" \/>\n<link rel=\"canonical\" href=\"https:\/\/www.nexoinformativo.mx\/index.php\/2024\/10\/08\/ayuntamiento-de-queretaro-aprueba-calendario-de-sesiones-ordinarias-y-presenta-informe-del-dif\/\" \/>\n<meta property=\"og:locale\" content=\"es_MX\" \/>\n<meta property=\"og:type\" content=\"article\" \/>\n<meta property=\"og:title\" content=\"Ayuntamiento de Quer\u00e9taro aprueba calendario de sesiones ordinarias y presenta informe del DIF | Nexo Informativo Santiago de Quer\u00e9taro\" \/>\n<meta property=\"og:description\" content=\"Ayuntamiento de Quer\u00e9taro aprueba calendario de sesiones ordinarias y presenta informe del DIF\" \/>\n<meta property=\"og:url\" content=\"https:\/\/www.nexoinformativo.mx\/index.php\/2024\/10\/08\/ayuntamiento-de-queretaro-aprueba-calendario-de-sesiones-ordinarias-y-presenta-informe-del-dif\/\" \/>\n<meta property=\"og:site_name\" content=\"Nexo Informativo Santiago de Quer\u00e9taro\" \/>\n<meta property=\"article:publisher\" content=\"https:\/\/www.facebook.com\/people\/Nexo-Informativo\/61564066885511\/\" \/>\n<meta property=\"article:published_time\" content=\"2024-10-08T23:00:23+00:00\" \/>\n<meta property=\"article:modified_time\" content=\"2024-10-09T04:27:12+00:00\" \/>\n<meta property=\"og:image\" content=\"https:\/\/www.nexoinformativo.mx\/wp-content\/uploads\/2024\/10\/PHOTO-2024-10-08-21-09-00-e1728447426149.jpg\" \/>\n\t<meta property=\"og:image:width\" content=\"800\" \/>\n\t<meta property=\"og:image:height\" content=\"459\" \/>\n\t<meta property=\"og:image:type\" content=\"image\/jpeg\" \/>\n<meta name=\"author\" content=\"Nexo Informativo\" \/>\n<meta name=\"twitter:card\" content=\"summary_large_image\" \/>\n<meta name=\"twitter:label1\" content=\"Escrito por\" \/>\n\t<meta name=\"twitter:data1\" content=\"Nexo Informativo\" \/>\n\t<meta name=\"twitter:label2\" content=\"Tiempo de lectura\" \/>\n\t<meta name=\"twitter:data2\" content=\"2 minutos\" \/>\n<script type=\"application\/ld+json\" class=\"yoast-schema-graph\">{\"@context\":\"https:\/\/schema.org\",\"@graph\":[{\"@type\":\"Article\",\"@id\":\"https:\/\/www.nexoinformativo.mx\/index.php\/2024\/10\/08\/ayuntamiento-de-queretaro-aprueba-calendario-de-sesiones-ordinarias-y-presenta-informe-del-dif\/#article\",\"isPartOf\":{\"@id\":\"https:\/\/www.nexoinformativo.mx\/index.php\/2024\/10\/08\/ayuntamiento-de-queretaro-aprueba-calendario-de-sesiones-ordinarias-y-presenta-informe-del-dif\/\"},\"author\":{\"name\":\"Nexo Informativo\",\"@id\":\"https:\/\/www.nexoinformativo.mx\/#\/schema\/person\/7749d380ba08c8ca00d7bc76fd907b7d\"},\"headline\":\"Ayuntamiento de Quer\u00e9taro aprueba calendario de sesiones ordinarias y presenta informe del DIF\",\"datePublished\":\"2024-10-08T23:00:23+00:00\",\"dateModified\":\"2024-10-09T04:27:12+00:00\",\"mainEntityOfPage\":{\"@id\":\"https:\/\/www.nexoinformativo.mx\/index.php\/2024\/10\/08\/ayuntamiento-de-queretaro-aprueba-calendario-de-sesiones-ordinarias-y-presenta-informe-del-dif\/\"},\"wordCount\":228,\"commentCount\":0,\"publisher\":{\"@id\":\"https:\/\/www.nexoinformativo.mx\/#organization\"},\"image\":{\"@id\":\"https:\/\/www.nexoinformativo.mx\/index.php\/2024\/10\/08\/ayuntamiento-de-queretaro-aprueba-calendario-de-sesiones-ordinarias-y-presenta-informe-del-dif\/#primaryimage\"},\"thumbnailUrl\":\"https:\/\/www.nexoinformativo.mx\/wp-content\/uploads\/2024\/10\/PHOTO-2024-10-08-21-09-00-e1728447426149.jpg\",\"keywords\":[\"AsistenciaSocial\",\"AyuntamientoDeQuer\u00e9taro\",\"DIF\",\"SesionesOrdinarias\"],\"articleSection\":[\"Municipios\",\"\u00daltima Hora\"],\"inLanguage\":\"es\",\"potentialAction\":[{\"@type\":\"CommentAction\",\"name\":\"Comment\",\"target\":[\"https:\/\/www.nexoinformativo.mx\/index.php\/2024\/10\/08\/ayuntamiento-de-queretaro-aprueba-calendario-de-sesiones-ordinarias-y-presenta-informe-del-dif\/#respond\"]}]},{\"@type\":\"WebPage\",\"@id\":\"https:\/\/www.nexoinformativo.mx\/index.php\/2024\/10\/08\/ayuntamiento-de-queretaro-aprueba-calendario-de-sesiones-ordinarias-y-presenta-informe-del-dif\/\",\"url\":\"https:\/\/www.nexoinformativo.mx\/index.php\/2024\/10\/08\/ayuntamiento-de-queretaro-aprueba-calendario-de-sesiones-ordinarias-y-presenta-informe-del-dif\/\",\"name\":\"Ayuntamiento de Quer\u00e9taro aprueba calendario de sesiones ordinarias y presenta informe del DIF | Nexo Informativo Santiago de Quer\u00e9taro\",\"isPartOf\":{\"@id\":\"https:\/\/www.nexoinformativo.mx\/#website\"},\"primaryImageOfPage\":{\"@id\":\"https:\/\/www.nexoinformativo.mx\/index.php\/2024\/10\/08\/ayuntamiento-de-queretaro-aprueba-calendario-de-sesiones-ordinarias-y-presenta-informe-del-dif\/#primaryimage\"},\"image\":{\"@id\":\"https:\/\/www.nexoinformativo.mx\/index.php\/2024\/10\/08\/ayuntamiento-de-queretaro-aprueba-calendario-de-sesiones-ordinarias-y-presenta-informe-del-dif\/#primaryimage\"},\"thumbnailUrl\":\"https:\/\/www.nexoinformativo.mx\/wp-content\/uploads\/2024\/10\/PHOTO-2024-10-08-21-09-00-e1728447426149.jpg\",\"datePublished\":\"2024-10-08T23:00:23+00:00\",\"dateModified\":\"2024-10-09T04:27:12+00:00\",\"description\":\"Ayuntamiento de Quer\u00e9taro aprueba calendario de sesiones ordinarias y presenta informe del DIF\",\"breadcrumb\":{\"@id\":\"https:\/\/www.nexoinformativo.mx\/index.php\/2024\/10\/08\/ayuntamiento-de-queretaro-aprueba-calendario-de-sesiones-ordinarias-y-presenta-informe-del-dif\/#breadcrumb\"},\"inLanguage\":\"es\",\"potentialAction\":[{\"@type\":\"ReadAction\",\"target\":[\"https:\/\/www.nexoinformativo.mx\/index.php\/2024\/10\/08\/ayuntamiento-de-queretaro-aprueba-calendario-de-sesiones-ordinarias-y-presenta-informe-del-dif\/\"]}]},{\"@type\":\"ImageObject\",\"inLanguage\":\"es\",\"@id\":\"https:\/\/www.nexoinformativo.mx\/index.php\/2024\/10\/08\/ayuntamiento-de-queretaro-aprueba-calendario-de-sesiones-ordinarias-y-presenta-informe-del-dif\/#primaryimage\",\"url\":\"https:\/\/www.nexoinformativo.mx\/wp-content\/uploads\/2024\/10\/PHOTO-2024-10-08-21-09-00-e1728447426149.jpg\",\"contentUrl\":\"https:\/\/www.nexoinformativo.mx\/wp-content\/uploads\/2024\/10\/PHOTO-2024-10-08-21-09-00-e1728447426149.jpg\",\"width\":800,\"height\":459},{\"@type\":\"BreadcrumbList\",\"@id\":\"https:\/\/www.nexoinformativo.mx\/index.php\/2024\/10\/08\/ayuntamiento-de-queretaro-aprueba-calendario-de-sesiones-ordinarias-y-presenta-informe-del-dif\/#breadcrumb\",\"itemListElement\":[{\"@type\":\"ListItem\",\"position\":1,\"name\":\"Inicio\",\"item\":\"https:\/\/www.nexoinformativo.mx\/\"},{\"@type\":\"ListItem\",\"position\":2,\"name\":\"Ayuntamiento de Quer\u00e9taro aprueba calendario de sesiones ordinarias y presenta informe del DIF\"}]},{\"@type\":\"WebSite\",\"@id\":\"https:\/\/www.nexoinformativo.mx\/#website\",\"url\":\"https:\/\/www.nexoinformativo.mx\/\",\"name\":\"Nexo Informativo Santiago de Quer\u00e9taro\",\"description\":\"Explora NexoInformativo y convi\u00e9rtete en parte de una comunidad que valora el conocimiento y la verdad. Tu nexoinformativo es tu puente hacia una comprensi\u00f3n m\u00e1s profunda del mundo que te rodea.\",\"publisher\":{\"@id\":\"https:\/\/www.nexoinformativo.mx\/#organization\"},\"potentialAction\":[{\"@type\":\"SearchAction\",\"target\":{\"@type\":\"EntryPoint\",\"urlTemplate\":\"https:\/\/www.nexoinformativo.mx\/?s={search_term_string}\"},\"query-input\":{\"@type\":\"PropertyValueSpecification\",\"valueRequired\":true,\"valueName\":\"search_term_string\"}}],\"inLanguage\":\"es\"},{\"@type\":\"Organization\",\"@id\":\"https:\/\/www.nexoinformativo.mx\/#organization\",\"name\":\"Nexo Informativo Santiago de Quer\u00e9taro\",\"url\":\"https:\/\/www.nexoinformativo.mx\/\",\"logo\":{\"@type\":\"ImageObject\",\"inLanguage\":\"es\",\"@id\":\"https:\/\/www.nexoinformativo.mx\/#\/schema\/logo\/image\/\",\"url\":\"https:\/\/www.nexoinformativo.mx\/wp-content\/uploads\/2024\/07\/nexoi-trasparente-2.png\",\"contentUrl\":\"https:\/\/www.nexoinformativo.mx\/wp-content\/uploads\/2024\/07\/nexoi-trasparente-2.png\",\"width\":816,\"height\":339,\"caption\":\"Nexo Informativo Santiago de Quer\u00e9taro\"},\"image\":{\"@id\":\"https:\/\/www.nexoinformativo.mx\/#\/schema\/logo\/image\/\"},\"sameAs\":[\"https:\/\/www.facebook.com\/people\/Nexo-Informativo\/61564066885511\/\"]},{\"@type\":\"Person\",\"@id\":\"https:\/\/www.nexoinformativo.mx\/#\/schema\/person\/7749d380ba08c8ca00d7bc76fd907b7d\",\"name\":\"Nexo Informativo\",\"image\":{\"@type\":\"ImageObject\",\"inLanguage\":\"es\",\"@id\":\"https:\/\/www.nexoinformativo.mx\/#\/schema\/person\/image\/\",\"url\":\"https:\/\/secure.gravatar.com\/avatar\/dde2928154642a13d95f87ddf1ea9718fe2b46760a005c53e41ff5ad610704e6?s=96&d=mm&r=g\",\"contentUrl\":\"https:\/\/secure.gravatar.com\/avatar\/dde2928154642a13d95f87ddf1ea9718fe2b46760a005c53e41ff5ad610704e6?s=96&d=mm&r=g\",\"caption\":\"Nexo Informativo\"},\"url\":\"https:\/\/www.nexoinformativo.mx\/index.php\/author\/edicion\/\"}]}<\/script>\n<!-- \/ Yoast SEO plugin. -->","yoast_head_json":{"title":"Ayuntamiento de Quer\u00e9taro aprueba calendario de sesiones ordinarias y presenta informe del DIF | Nexo Informativo Santiago de Quer\u00e9taro","description":"Ayuntamiento de Quer\u00e9taro aprueba calendario de sesiones ordinarias y presenta informe del DIF","robots":{"index":"index","follow":"follow","max-snippet":"max-snippet:-1","max-image-preview":"max-image-preview:large","max-video-preview":"max-video-preview:-1"},"canonical":"https:\/\/www.nexoinformativo.mx\/index.php\/2024\/10\/08\/ayuntamiento-de-queretaro-aprueba-calendario-de-sesiones-ordinarias-y-presenta-informe-del-dif\/","og_locale":"es_MX","og_type":"article","og_title":"Ayuntamiento de Quer\u00e9taro aprueba calendario de sesiones ordinarias y presenta informe del DIF | Nexo Informativo Santiago de Quer\u00e9taro","og_description":"Ayuntamiento de Quer\u00e9taro aprueba calendario de sesiones ordinarias y presenta informe del DIF","og_url":"https:\/\/www.nexoinformativo.mx\/index.php\/2024\/10\/08\/ayuntamiento-de-queretaro-aprueba-calendario-de-sesiones-ordinarias-y-presenta-informe-del-dif\/","og_site_name":"Nexo Informativo Santiago de Quer\u00e9taro","article_publisher":"https:\/\/www.facebook.com\/people\/Nexo-Informativo\/61564066885511\/","article_published_time":"2024-10-08T23:00:23+00:00","article_modified_time":"2024-10-09T04:27:12+00:00","og_image":[{"width":800,"height":459,"url":"https:\/\/www.nexoinformativo.mx\/wp-content\/uploads\/2024\/10\/PHOTO-2024-10-08-21-09-00-e1728447426149.jpg","type":"image\/jpeg"}],"author":"Nexo Informativo","twitter_card":"summary_large_image","twitter_misc":{"Escrito por":"Nexo Informativo","Tiempo de lectura":"2 minutos"},"schema":{"@context":"https:\/\/schema.org","@graph":[{"@type":"Article","@id":"https:\/\/www.nexoinformativo.mx\/index.php\/2024\/10\/08\/ayuntamiento-de-queretaro-aprueba-calendario-de-sesiones-ordinarias-y-presenta-informe-del-dif\/#article","isPartOf":{"@id":"https:\/\/www.nexoinformativo.mx\/index.php\/2024\/10\/08\/ayuntamiento-de-queretaro-aprueba-calendario-de-sesiones-ordinarias-y-presenta-informe-del-dif\/"},"author":{"name":"Nexo Informativo","@id":"https:\/\/www.nexoinformativo.mx\/#\/schema\/person\/7749d380ba08c8ca00d7bc76fd907b7d"},"headline":"Ayuntamiento de Quer\u00e9taro aprueba calendario de sesiones ordinarias y presenta informe del DIF","datePublished":"2024-10-08T23:00:23+00:00","dateModified":"2024-10-09T04:27:12+00:00","mainEntityOfPage":{"@id":"https:\/\/www.nexoinformativo.mx\/index.php\/2024\/10\/08\/ayuntamiento-de-queretaro-aprueba-calendario-de-sesiones-ordinarias-y-presenta-informe-del-dif\/"},"wordCount":228,"commentCount":0,"publisher":{"@id":"https:\/\/www.nexoinformativo.mx\/#organization"},"image":{"@id":"https:\/\/www.nexoinformativo.mx\/index.php\/2024\/10\/08\/ayuntamiento-de-queretaro-aprueba-calendario-de-sesiones-ordinarias-y-presenta-informe-del-dif\/#primaryimage"},"thumbnailUrl":"https:\/\/www.nexoinformativo.mx\/wp-content\/uploads\/2024\/10\/PHOTO-2024-10-08-21-09-00-e1728447426149.jpg","keywords":["AsistenciaSocial","AyuntamientoDeQuer\u00e9taro","DIF","SesionesOrdinarias"],"articleSection":["Municipios","\u00daltima Hora"],"inLanguage":"es","potentialAction":[{"@type":"CommentAction","name":"Comment","target":["https:\/\/www.nexoinformativo.mx\/index.php\/2024\/10\/08\/ayuntamiento-de-queretaro-aprueba-calendario-de-sesiones-ordinarias-y-presenta-informe-del-dif\/#respond"]}]},{"@type":"WebPage","@id":"https:\/\/www.nexoinformativo.mx\/index.php\/2024\/10\/08\/ayuntamiento-de-queretaro-aprueba-calendario-de-sesiones-ordinarias-y-presenta-informe-del-dif\/","url":"https:\/\/www.nexoinformativo.mx\/index.php\/2024\/10\/08\/ayuntamiento-de-queretaro-aprueba-calendario-de-sesiones-ordinarias-y-presenta-informe-del-dif\/","name":"Ayuntamiento de Quer\u00e9taro aprueba calendario de sesiones ordinarias y presenta informe del DIF | Nexo Informativo Santiago de Quer\u00e9taro","isPartOf":{"@id":"https:\/\/www.nexoinformativo.mx\/#website"},"primaryImageOfPage":{"@id":"https:\/\/www.nexoinformativo.mx\/index.php\/2024\/10\/08\/ayuntamiento-de-queretaro-aprueba-calendario-de-sesiones-ordinarias-y-presenta-informe-del-dif\/#primaryimage"},"image":{"@id":"https:\/\/www.nexoinformativo.mx\/index.php\/2024\/10\/08\/ayuntamiento-de-queretaro-aprueba-calendario-de-sesiones-ordinarias-y-presenta-informe-del-dif\/#primaryimage"},"thumbnailUrl":"https:\/\/www.nexoinformativo.mx\/wp-content\/uploads\/2024\/10\/PHOTO-2024-10-08-21-09-00-e1728447426149.jpg","datePublished":"2024-10-08T23:00:23+00:00","dateModified":"2024-10-09T04:27:12+00:00","description":"Ayuntamiento de Quer\u00e9taro aprueba calendario de sesiones ordinarias y presenta informe del DIF","breadcrumb":{"@id":"https:\/\/www.nexoinformativo.mx\/index.php\/2024\/10\/08\/ayuntamiento-de-queretaro-aprueba-calendario-de-sesiones-ordinarias-y-presenta-informe-del-dif\/#breadcrumb"},"inLanguage":"es","potentialAction":[{"@type":"ReadAction","target":["https:\/\/www.nexoinformativo.mx\/index.php\/2024\/10\/08\/ayuntamiento-de-queretaro-aprueba-calendario-de-sesiones-ordinarias-y-presenta-informe-del-dif\/"]}]},{"@type":"ImageObject","inLanguage":"es","@id":"https:\/\/www.nexoinformativo.mx\/index.php\/2024\/10\/08\/ayuntamiento-de-queretaro-aprueba-calendario-de-sesiones-ordinarias-y-presenta-informe-del-dif\/#primaryimage","url":"https:\/\/www.nexoinformativo.mx\/wp-content\/uploads\/2024\/10\/PHOTO-2024-10-08-21-09-00-e1728447426149.jpg","contentUrl":"https:\/\/www.nexoinformativo.mx\/wp-content\/uploads\/2024\/10\/PHOTO-2024-10-08-21-09-00-e1728447426149.jpg","width":800,"height":459},{"@type":"BreadcrumbList","@id":"https:\/\/www.nexoinformativo.mx\/index.php\/2024\/10\/08\/ayuntamiento-de-queretaro-aprueba-calendario-de-sesiones-ordinarias-y-presenta-informe-del-dif\/#breadcrumb","itemListElement":[{"@type":"ListItem","position":1,"name":"Inicio","item":"https:\/\/www.nexoinformativo.mx\/"},{"@type":"ListItem","position":2,"name":"Ayuntamiento de Quer\u00e9taro aprueba calendario de sesiones ordinarias y presenta informe del DIF"}]},{"@type":"WebSite","@id":"https:\/\/www.nexoinformativo.mx\/#website","url":"https:\/\/www.nexoinformativo.mx\/","name":"Nexo Informativo Santiago de Quer\u00e9taro","description":"Explora NexoInformativo y convi\u00e9rtete en parte de una comunidad que valora el conocimiento y la verdad. Tu nexoinformativo es tu puente hacia una comprensi\u00f3n m\u00e1s profunda del mundo que te rodea.","publisher":{"@id":"https:\/\/www.nexoinformativo.mx\/#organization"},"potentialAction":[{"@type":"SearchAction","target":{"@type":"EntryPoint","urlTemplate":"https:\/\/www.nexoinformativo.mx\/?s={search_term_string}"},"query-input":{"@type":"PropertyValueSpecification","valueRequired":true,"valueName":"search_term_string"}}],"inLanguage":"es"},{"@type":"Organization","@id":"https:\/\/www.nexoinformativo.mx\/#organization","name":"Nexo Informativo Santiago de Quer\u00e9taro","url":"https:\/\/www.nexoinformativo.mx\/","logo":{"@type":"ImageObject","inLanguage":"es","@id":"https:\/\/www.nexoinformativo.mx\/#\/schema\/logo\/image\/","url":"https:\/\/www.nexoinformativo.mx\/wp-content\/uploads\/2024\/07\/nexoi-trasparente-2.png","contentUrl":"https:\/\/www.nexoinformativo.mx\/wp-content\/uploads\/2024\/07\/nexoi-trasparente-2.png","width":816,"height":339,"caption":"Nexo Informativo Santiago de Quer\u00e9taro"},"image":{"@id":"https:\/\/www.nexoinformativo.mx\/#\/schema\/logo\/image\/"},"sameAs":["https:\/\/www.facebook.com\/people\/Nexo-Informativo\/61564066885511\/"]},{"@type":"Person","@id":"https:\/\/www.nexoinformativo.mx\/#\/schema\/person\/7749d380ba08c8ca00d7bc76fd907b7d","name":"Nexo Informativo","image":{"@type":"ImageObject","inLanguage":"es","@id":"https:\/\/www.nexoinformativo.mx\/#\/schema\/person\/image\/","url":"https:\/\/secure.gravatar.com\/avatar\/dde2928154642a13d95f87ddf1ea9718fe2b46760a005c53e41ff5ad610704e6?s=96&d=mm&r=g","contentUrl":"https:\/\/secure.gravatar.com\/avatar\/dde2928154642a13d95f87ddf1ea9718fe2b46760a005c53e41ff5ad610704e6?s=96&d=mm&r=g","caption":"Nexo Informativo"},"url":"https:\/\/www.nexoinformativo.mx\/index.php\/author\/edicion\/"}]}},"_links":{"self":[{"href":"https:\/\/www.nexoinformativo.mx\/index.php\/wp-json\/wp\/v2\/posts\/2988","targetHints":{"allow":["GET"]}}],"collection":[{"href":"https:\/\/www.nexoinformativo.mx\/index.php\/wp-json\/wp\/v2\/posts"}],"about":[{"href":"https:\/\/www.nexoinformativo.mx\/index.php\/wp-json\/wp\/v2\/types\/post"}],"author":[{"embeddable":true,"href":"https:\/\/www.nexoinformativo.mx\/index.php\/wp-json\/wp\/v2\/users\/3"}],"replies":[{"embeddable":true,"href":"https:\/\/www.nexoinformativo.mx\/index.php\/wp-json\/wp\/v2\/comments?post=2988"}],"version-history":[{"count":15,"href":"https:\/\/www.nexoinformativo.mx\/index.php\/wp-json\/wp\/v2\/posts\/2988\/revisions"}],"predecessor-version":[{"id":2992,"href":"https:\/\/www.nexoinformativo.mx\/index.php\/wp-json\/wp\/v2\/posts\/2988\/revisions\/2992"}],"wp:featuredmedia":[{"embeddable":true,"href":"https:\/\/www.nexoinformativo.mx\/index.php\/wp-json\/wp\/v2\/media\/2990"}],"wp:attachment":[{"href":"https:\/\/www.nexoinformativo.mx\/index.php\/wp-json\/wp\/v2\/media?parent=2988"}],"wp:term":[{"taxonomy":"category","embeddable":true,"href":"https:\/\/www.nexoinformativo.mx\/index.php\/wp-json\/wp\/v2\/categories?post=2988"},{"taxonomy":"post_tag","embeddable":true,"href":"https:\/\/www.nexoinformativo.mx\/index.php\/wp-json\/wp\/v2\/tags?post=2988"}],"curies":[{"name":"wp","href":"https:\/\/api.w.org\/{rel}","templated":true}]}}