{"id":3005,"date":"2024-10-09T08:00:59","date_gmt":"2024-10-09T14:00:59","guid":{"rendered":"https:\/\/www.nexoinformativo.mx\/?p=3005"},"modified":"2024-10-09T18:31:36","modified_gmt":"2024-10-10T00:31:36","slug":"cinco-personas-son-ejecutadas-en-el-marques-autoridades-buscan-a-los-responsables","status":"publish","type":"post","link":"https:\/\/www.nexoinformativo.mx\/index.php\/2024\/10\/09\/cinco-personas-son-ejecutadas-en-el-marques-autoridades-buscan-a-los-responsables\/","title":{"rendered":"Cinco personas son ejecutadas en El Marqu\u00e9s; autoridades buscan a los responsables"},"content":{"rendered":"<p style=\"text-align: justify;\">Cinco personas fueron asesinadas al interior de una vivienda en la comunidad de Jes\u00fas Mar\u00eda, municipio de El Marqu\u00e9s, Quer\u00e9taro. Elementos policiacos se encuentran en la b\u00fasqueda de los responsables del crimen.<\/p>\n<p>&nbsp;<\/p>\n<p style=\"text-align: justify;\">De acuerdo con las autoridades, el incidente ocurri\u00f3 cerca de las 5:00 a.m., cuando se recibi\u00f3 una llamada de emergencia al 9-1-1, reportando varias detonaciones de arma de fuego. Al llegar al lugar, los polic\u00edas municipales encontraron a cuatro mujeres y un hombre sin vida dentro del domicilio.<\/p>\n<p>&nbsp;<\/p>\n<p style=\"text-align: justify;\">La polic\u00eda local inici\u00f3 una persecuci\u00f3n en un intento por detener a los responsables y ha solicitado el apoyo de corporaciones municipales metropolitanas vecinas para identificar a dos hombres que podr\u00edan estar involucrados en este hecho violento.<\/p>\n<p>&nbsp;<\/p>\n<p style=\"text-align: justify;\">Se presume que los atacantes huyeron a pie, dejando una camioneta abandonada en la escena del crimen, la cual fue asegurada por las autoridades. La Fiscal\u00eda General del Estado ya ha sido notificada y se espera que inicien las investigaciones correspondientes para esclarecer el caso.<\/p>\n<p>&nbsp;<\/p>\n<p style=\"text-align: center;\"><em><strong>\u00a1Informaci\u00f3n que transforma!<\/strong><\/em><\/p>\n","protected":false},"excerpt":{"rendered":"<p>Cinco personas fueron asesinadas al interior de una vivienda en la comunidad de Jes\u00fas Mar\u00eda, municipio de El Marqu\u00e9s, Quer\u00e9taro.<\/p>\n","protected":false},"author":3,"featured_media":3006,"comment_status":"open","ping_status":"open","sticky":false,"template":"","format":"standard","meta":{"footnotes":""},"categories":[137,58],"tags":[1196,1197,266,1198],"class_list":["post-3005","post","type-post","status-publish","format-standard","has-post-thumbnail","hentry","category-sucesos","category-ultima-hora","tag-crimenorganizado","tag-justiciaparalasvictimas","tag-seguridadqueretaro","tag-violenciaenelmarques"],"yoast_head":"<!-- This site is optimized with the Yoast SEO plugin v25.0 - https:\/\/yoast.com\/wordpress\/plugins\/seo\/ -->\n<title>Cinco personas son ejecutadas en El Marqu\u00e9s; autoridades buscan a los responsables | Nexo Informativo Santiago de Quer\u00e9taro<\/title>\n<meta name=\"robots\" content=\"index, follow, max-snippet:-1, max-image-preview:large, max-video-preview:-1\" \/>\n<link rel=\"canonical\" href=\"https:\/\/www.nexoinformativo.mx\/index.php\/2024\/10\/09\/cinco-personas-son-ejecutadas-en-el-marques-autoridades-buscan-a-los-responsables\/\" \/>\n<meta property=\"og:locale\" content=\"es_MX\" \/>\n<meta property=\"og:type\" content=\"article\" \/>\n<meta property=\"og:title\" content=\"Cinco personas son ejecutadas en El Marqu\u00e9s; autoridades buscan a los responsables | Nexo Informativo Santiago de Quer\u00e9taro\" \/>\n<meta property=\"og:description\" content=\"Cinco personas fueron asesinadas al interior de una vivienda en la comunidad de Jes\u00fas Mar\u00eda, municipio de El Marqu\u00e9s, Quer\u00e9taro.\" \/>\n<meta property=\"og:url\" content=\"https:\/\/www.nexoinformativo.mx\/index.php\/2024\/10\/09\/cinco-personas-son-ejecutadas-en-el-marques-autoridades-buscan-a-los-responsables\/\" \/>\n<meta property=\"og:site_name\" content=\"Nexo Informativo Santiago de Quer\u00e9taro\" \/>\n<meta property=\"article:publisher\" content=\"https:\/\/www.facebook.com\/people\/Nexo-Informativo\/61564066885511\/\" \/>\n<meta property=\"article:published_time\" content=\"2024-10-09T14:00:59+00:00\" \/>\n<meta property=\"article:modified_time\" content=\"2024-10-10T00:31:36+00:00\" \/>\n<meta property=\"og:image\" content=\"https:\/\/www.nexoinformativo.mx\/wp-content\/uploads\/2024\/10\/unnamed-6-e1728487225310.jpg\" \/>\n\t<meta property=\"og:image:width\" content=\"800\" \/>\n\t<meta property=\"og:image:height\" content=\"460\" \/>\n\t<meta property=\"og:image:type\" content=\"image\/jpeg\" \/>\n<meta name=\"author\" content=\"Nexo Informativo\" \/>\n<meta name=\"twitter:card\" content=\"summary_large_image\" \/>\n<meta name=\"twitter:label1\" content=\"Escrito por\" \/>\n\t<meta name=\"twitter:data1\" content=\"Nexo Informativo\" \/>\n\t<meta name=\"twitter:label2\" content=\"Tiempo de lectura\" \/>\n\t<meta name=\"twitter:data2\" content=\"1 minuto\" \/>\n<script type=\"application\/ld+json\" class=\"yoast-schema-graph\">{\"@context\":\"https:\/\/schema.org\",\"@graph\":[{\"@type\":\"Article\",\"@id\":\"https:\/\/www.nexoinformativo.mx\/index.php\/2024\/10\/09\/cinco-personas-son-ejecutadas-en-el-marques-autoridades-buscan-a-los-responsables\/#article\",\"isPartOf\":{\"@id\":\"https:\/\/www.nexoinformativo.mx\/index.php\/2024\/10\/09\/cinco-personas-son-ejecutadas-en-el-marques-autoridades-buscan-a-los-responsables\/\"},\"author\":{\"name\":\"Nexo Informativo\",\"@id\":\"https:\/\/www.nexoinformativo.mx\/#\/schema\/person\/7749d380ba08c8ca00d7bc76fd907b7d\"},\"headline\":\"Cinco personas son ejecutadas en El Marqu\u00e9s; autoridades buscan a los responsables\",\"datePublished\":\"2024-10-09T14:00:59+00:00\",\"dateModified\":\"2024-10-10T00:31:36+00:00\",\"mainEntityOfPage\":{\"@id\":\"https:\/\/www.nexoinformativo.mx\/index.php\/2024\/10\/09\/cinco-personas-son-ejecutadas-en-el-marques-autoridades-buscan-a-los-responsables\/\"},\"wordCount\":194,\"commentCount\":0,\"publisher\":{\"@id\":\"https:\/\/www.nexoinformativo.mx\/#organization\"},\"image\":{\"@id\":\"https:\/\/www.nexoinformativo.mx\/index.php\/2024\/10\/09\/cinco-personas-son-ejecutadas-en-el-marques-autoridades-buscan-a-los-responsables\/#primaryimage\"},\"thumbnailUrl\":\"https:\/\/www.nexoinformativo.mx\/wp-content\/uploads\/2024\/10\/unnamed-6-e1728487225310.jpg\",\"keywords\":[\"CrimenOrganizado\",\"JusticiaParaLasV\u00edctimas\",\"SeguridadQueretaro\",\"ViolenciaEnElMarqu\u00e9s\"],\"articleSection\":[\"Sucesos\",\"\u00daltima Hora\"],\"inLanguage\":\"es\",\"potentialAction\":[{\"@type\":\"CommentAction\",\"name\":\"Comment\",\"target\":[\"https:\/\/www.nexoinformativo.mx\/index.php\/2024\/10\/09\/cinco-personas-son-ejecutadas-en-el-marques-autoridades-buscan-a-los-responsables\/#respond\"]}]},{\"@type\":\"WebPage\",\"@id\":\"https:\/\/www.nexoinformativo.mx\/index.php\/2024\/10\/09\/cinco-personas-son-ejecutadas-en-el-marques-autoridades-buscan-a-los-responsables\/\",\"url\":\"https:\/\/www.nexoinformativo.mx\/index.php\/2024\/10\/09\/cinco-personas-son-ejecutadas-en-el-marques-autoridades-buscan-a-los-responsables\/\",\"name\":\"Cinco personas son ejecutadas en El Marqu\u00e9s; autoridades buscan a los responsables | Nexo Informativo Santiago de Quer\u00e9taro\",\"isPartOf\":{\"@id\":\"https:\/\/www.nexoinformativo.mx\/#website\"},\"primaryImageOfPage\":{\"@id\":\"https:\/\/www.nexoinformativo.mx\/index.php\/2024\/10\/09\/cinco-personas-son-ejecutadas-en-el-marques-autoridades-buscan-a-los-responsables\/#primaryimage\"},\"image\":{\"@id\":\"https:\/\/www.nexoinformativo.mx\/index.php\/2024\/10\/09\/cinco-personas-son-ejecutadas-en-el-marques-autoridades-buscan-a-los-responsables\/#primaryimage\"},\"thumbnailUrl\":\"https:\/\/www.nexoinformativo.mx\/wp-content\/uploads\/2024\/10\/unnamed-6-e1728487225310.jpg\",\"datePublished\":\"2024-10-09T14:00:59+00:00\",\"dateModified\":\"2024-10-10T00:31:36+00:00\",\"breadcrumb\":{\"@id\":\"https:\/\/www.nexoinformativo.mx\/index.php\/2024\/10\/09\/cinco-personas-son-ejecutadas-en-el-marques-autoridades-buscan-a-los-responsables\/#breadcrumb\"},\"inLanguage\":\"es\",\"potentialAction\":[{\"@type\":\"ReadAction\",\"target\":[\"https:\/\/www.nexoinformativo.mx\/index.php\/2024\/10\/09\/cinco-personas-son-ejecutadas-en-el-marques-autoridades-buscan-a-los-responsables\/\"]}]},{\"@type\":\"ImageObject\",\"inLanguage\":\"es\",\"@id\":\"https:\/\/www.nexoinformativo.mx\/index.php\/2024\/10\/09\/cinco-personas-son-ejecutadas-en-el-marques-autoridades-buscan-a-los-responsables\/#primaryimage\",\"url\":\"https:\/\/www.nexoinformativo.mx\/wp-content\/uploads\/2024\/10\/unnamed-6-e1728487225310.jpg\",\"contentUrl\":\"https:\/\/www.nexoinformativo.mx\/wp-content\/uploads\/2024\/10\/unnamed-6-e1728487225310.jpg\",\"width\":800,\"height\":460},{\"@type\":\"BreadcrumbList\",\"@id\":\"https:\/\/www.nexoinformativo.mx\/index.php\/2024\/10\/09\/cinco-personas-son-ejecutadas-en-el-marques-autoridades-buscan-a-los-responsables\/#breadcrumb\",\"itemListElement\":[{\"@type\":\"ListItem\",\"position\":1,\"name\":\"Inicio\",\"item\":\"https:\/\/www.nexoinformativo.mx\/\"},{\"@type\":\"ListItem\",\"position\":2,\"name\":\"Cinco personas son ejecutadas en El Marqu\u00e9s; autoridades buscan a los responsables\"}]},{\"@type\":\"WebSite\",\"@id\":\"https:\/\/www.nexoinformativo.mx\/#website\",\"url\":\"https:\/\/www.nexoinformativo.mx\/\",\"name\":\"Nexo Informativo Santiago de Quer\u00e9taro\",\"description\":\"Explora NexoInformativo y convi\u00e9rtete en parte de una comunidad que valora el conocimiento y la verdad. Tu nexoinformativo es tu puente hacia una comprensi\u00f3n m\u00e1s profunda del mundo que te rodea.\",\"publisher\":{\"@id\":\"https:\/\/www.nexoinformativo.mx\/#organization\"},\"potentialAction\":[{\"@type\":\"SearchAction\",\"target\":{\"@type\":\"EntryPoint\",\"urlTemplate\":\"https:\/\/www.nexoinformativo.mx\/?s={search_term_string}\"},\"query-input\":{\"@type\":\"PropertyValueSpecification\",\"valueRequired\":true,\"valueName\":\"search_term_string\"}}],\"inLanguage\":\"es\"},{\"@type\":\"Organization\",\"@id\":\"https:\/\/www.nexoinformativo.mx\/#organization\",\"name\":\"Nexo Informativo Santiago de Quer\u00e9taro\",\"url\":\"https:\/\/www.nexoinformativo.mx\/\",\"logo\":{\"@type\":\"ImageObject\",\"inLanguage\":\"es\",\"@id\":\"https:\/\/www.nexoinformativo.mx\/#\/schema\/logo\/image\/\",\"url\":\"https:\/\/www.nexoinformativo.mx\/wp-content\/uploads\/2024\/07\/nexoi-trasparente-2.png\",\"contentUrl\":\"https:\/\/www.nexoinformativo.mx\/wp-content\/uploads\/2024\/07\/nexoi-trasparente-2.png\",\"width\":816,\"height\":339,\"caption\":\"Nexo Informativo Santiago de Quer\u00e9taro\"},\"image\":{\"@id\":\"https:\/\/www.nexoinformativo.mx\/#\/schema\/logo\/image\/\"},\"sameAs\":[\"https:\/\/www.facebook.com\/people\/Nexo-Informativo\/61564066885511\/\"]},{\"@type\":\"Person\",\"@id\":\"https:\/\/www.nexoinformativo.mx\/#\/schema\/person\/7749d380ba08c8ca00d7bc76fd907b7d\",\"name\":\"Nexo Informativo\",\"image\":{\"@type\":\"ImageObject\",\"inLanguage\":\"es\",\"@id\":\"https:\/\/www.nexoinformativo.mx\/#\/schema\/person\/image\/\",\"url\":\"https:\/\/secure.gravatar.com\/avatar\/dde2928154642a13d95f87ddf1ea9718fe2b46760a005c53e41ff5ad610704e6?s=96&d=mm&r=g\",\"contentUrl\":\"https:\/\/secure.gravatar.com\/avatar\/dde2928154642a13d95f87ddf1ea9718fe2b46760a005c53e41ff5ad610704e6?s=96&d=mm&r=g\",\"caption\":\"Nexo Informativo\"},\"url\":\"https:\/\/www.nexoinformativo.mx\/index.php\/author\/edicion\/\"}]}<\/script>\n<!-- \/ Yoast SEO plugin. -->","yoast_head_json":{"title":"Cinco personas son ejecutadas en El Marqu\u00e9s; autoridades buscan a los responsables | Nexo Informativo Santiago de Quer\u00e9taro","robots":{"index":"index","follow":"follow","max-snippet":"max-snippet:-1","max-image-preview":"max-image-preview:large","max-video-preview":"max-video-preview:-1"},"canonical":"https:\/\/www.nexoinformativo.mx\/index.php\/2024\/10\/09\/cinco-personas-son-ejecutadas-en-el-marques-autoridades-buscan-a-los-responsables\/","og_locale":"es_MX","og_type":"article","og_title":"Cinco personas son ejecutadas en El Marqu\u00e9s; autoridades buscan a los responsables | Nexo Informativo Santiago de Quer\u00e9taro","og_description":"Cinco personas fueron asesinadas al interior de una vivienda en la comunidad de Jes\u00fas Mar\u00eda, municipio de El Marqu\u00e9s, Quer\u00e9taro.","og_url":"https:\/\/www.nexoinformativo.mx\/index.php\/2024\/10\/09\/cinco-personas-son-ejecutadas-en-el-marques-autoridades-buscan-a-los-responsables\/","og_site_name":"Nexo Informativo Santiago de Quer\u00e9taro","article_publisher":"https:\/\/www.facebook.com\/people\/Nexo-Informativo\/61564066885511\/","article_published_time":"2024-10-09T14:00:59+00:00","article_modified_time":"2024-10-10T00:31:36+00:00","og_image":[{"width":800,"height":460,"url":"https:\/\/www.nexoinformativo.mx\/wp-content\/uploads\/2024\/10\/unnamed-6-e1728487225310.jpg","type":"image\/jpeg"}],"author":"Nexo Informativo","twitter_card":"summary_large_image","twitter_misc":{"Escrito por":"Nexo Informativo","Tiempo de lectura":"1 minuto"},"schema":{"@context":"https:\/\/schema.org","@graph":[{"@type":"Article","@id":"https:\/\/www.nexoinformativo.mx\/index.php\/2024\/10\/09\/cinco-personas-son-ejecutadas-en-el-marques-autoridades-buscan-a-los-responsables\/#article","isPartOf":{"@id":"https:\/\/www.nexoinformativo.mx\/index.php\/2024\/10\/09\/cinco-personas-son-ejecutadas-en-el-marques-autoridades-buscan-a-los-responsables\/"},"author":{"name":"Nexo Informativo","@id":"https:\/\/www.nexoinformativo.mx\/#\/schema\/person\/7749d380ba08c8ca00d7bc76fd907b7d"},"headline":"Cinco personas son ejecutadas en El Marqu\u00e9s; autoridades buscan a los responsables","datePublished":"2024-10-09T14:00:59+00:00","dateModified":"2024-10-10T00:31:36+00:00","mainEntityOfPage":{"@id":"https:\/\/www.nexoinformativo.mx\/index.php\/2024\/10\/09\/cinco-personas-son-ejecutadas-en-el-marques-autoridades-buscan-a-los-responsables\/"},"wordCount":194,"commentCount":0,"publisher":{"@id":"https:\/\/www.nexoinformativo.mx\/#organization"},"image":{"@id":"https:\/\/www.nexoinformativo.mx\/index.php\/2024\/10\/09\/cinco-personas-son-ejecutadas-en-el-marques-autoridades-buscan-a-los-responsables\/#primaryimage"},"thumbnailUrl":"https:\/\/www.nexoinformativo.mx\/wp-content\/uploads\/2024\/10\/unnamed-6-e1728487225310.jpg","keywords":["CrimenOrganizado","JusticiaParaLasV\u00edctimas","SeguridadQueretaro","ViolenciaEnElMarqu\u00e9s"],"articleSection":["Sucesos","\u00daltima Hora"],"inLanguage":"es","potentialAction":[{"@type":"CommentAction","name":"Comment","target":["https:\/\/www.nexoinformativo.mx\/index.php\/2024\/10\/09\/cinco-personas-son-ejecutadas-en-el-marques-autoridades-buscan-a-los-responsables\/#respond"]}]},{"@type":"WebPage","@id":"https:\/\/www.nexoinformativo.mx\/index.php\/2024\/10\/09\/cinco-personas-son-ejecutadas-en-el-marques-autoridades-buscan-a-los-responsables\/","url":"https:\/\/www.nexoinformativo.mx\/index.php\/2024\/10\/09\/cinco-personas-son-ejecutadas-en-el-marques-autoridades-buscan-a-los-responsables\/","name":"Cinco personas son ejecutadas en El Marqu\u00e9s; autoridades buscan a los responsables | Nexo Informativo Santiago de Quer\u00e9taro","isPartOf":{"@id":"https:\/\/www.nexoinformativo.mx\/#website"},"primaryImageOfPage":{"@id":"https:\/\/www.nexoinformativo.mx\/index.php\/2024\/10\/09\/cinco-personas-son-ejecutadas-en-el-marques-autoridades-buscan-a-los-responsables\/#primaryimage"},"image":{"@id":"https:\/\/www.nexoinformativo.mx\/index.php\/2024\/10\/09\/cinco-personas-son-ejecutadas-en-el-marques-autoridades-buscan-a-los-responsables\/#primaryimage"},"thumbnailUrl":"https:\/\/www.nexoinformativo.mx\/wp-content\/uploads\/2024\/10\/unnamed-6-e1728487225310.jpg","datePublished":"2024-10-09T14:00:59+00:00","dateModified":"2024-10-10T00:31:36+00:00","breadcrumb":{"@id":"https:\/\/www.nexoinformativo.mx\/index.php\/2024\/10\/09\/cinco-personas-son-ejecutadas-en-el-marques-autoridades-buscan-a-los-responsables\/#breadcrumb"},"inLanguage":"es","potentialAction":[{"@type":"ReadAction","target":["https:\/\/www.nexoinformativo.mx\/index.php\/2024\/10\/09\/cinco-personas-son-ejecutadas-en-el-marques-autoridades-buscan-a-los-responsables\/"]}]},{"@type":"ImageObject","inLanguage":"es","@id":"https:\/\/www.nexoinformativo.mx\/index.php\/2024\/10\/09\/cinco-personas-son-ejecutadas-en-el-marques-autoridades-buscan-a-los-responsables\/#primaryimage","url":"https:\/\/www.nexoinformativo.mx\/wp-content\/uploads\/2024\/10\/unnamed-6-e1728487225310.jpg","contentUrl":"https:\/\/www.nexoinformativo.mx\/wp-content\/uploads\/2024\/10\/unnamed-6-e1728487225310.jpg","width":800,"height":460},{"@type":"BreadcrumbList","@id":"https:\/\/www.nexoinformativo.mx\/index.php\/2024\/10\/09\/cinco-personas-son-ejecutadas-en-el-marques-autoridades-buscan-a-los-responsables\/#breadcrumb","itemListElement":[{"@type":"ListItem","position":1,"name":"Inicio","item":"https:\/\/www.nexoinformativo.mx\/"},{"@type":"ListItem","position":2,"name":"Cinco personas son ejecutadas en El Marqu\u00e9s; autoridades buscan a los responsables"}]},{"@type":"WebSite","@id":"https:\/\/www.nexoinformativo.mx\/#website","url":"https:\/\/www.nexoinformativo.mx\/","name":"Nexo Informativo Santiago de Quer\u00e9taro","description":"Explora NexoInformativo y convi\u00e9rtete en parte de una comunidad que valora el conocimiento y la verdad. Tu nexoinformativo es tu puente hacia una comprensi\u00f3n m\u00e1s profunda del mundo que te rodea.","publisher":{"@id":"https:\/\/www.nexoinformativo.mx\/#organization"},"potentialAction":[{"@type":"SearchAction","target":{"@type":"EntryPoint","urlTemplate":"https:\/\/www.nexoinformativo.mx\/?s={search_term_string}"},"query-input":{"@type":"PropertyValueSpecification","valueRequired":true,"valueName":"search_term_string"}}],"inLanguage":"es"},{"@type":"Organization","@id":"https:\/\/www.nexoinformativo.mx\/#organization","name":"Nexo Informativo Santiago de Quer\u00e9taro","url":"https:\/\/www.nexoinformativo.mx\/","logo":{"@type":"ImageObject","inLanguage":"es","@id":"https:\/\/www.nexoinformativo.mx\/#\/schema\/logo\/image\/","url":"https:\/\/www.nexoinformativo.mx\/wp-content\/uploads\/2024\/07\/nexoi-trasparente-2.png","contentUrl":"https:\/\/www.nexoinformativo.mx\/wp-content\/uploads\/2024\/07\/nexoi-trasparente-2.png","width":816,"height":339,"caption":"Nexo Informativo Santiago de Quer\u00e9taro"},"image":{"@id":"https:\/\/www.nexoinformativo.mx\/#\/schema\/logo\/image\/"},"sameAs":["https:\/\/www.facebook.com\/people\/Nexo-Informativo\/61564066885511\/"]},{"@type":"Person","@id":"https:\/\/www.nexoinformativo.mx\/#\/schema\/person\/7749d380ba08c8ca00d7bc76fd907b7d","name":"Nexo Informativo","image":{"@type":"ImageObject","inLanguage":"es","@id":"https:\/\/www.nexoinformativo.mx\/#\/schema\/person\/image\/","url":"https:\/\/secure.gravatar.com\/avatar\/dde2928154642a13d95f87ddf1ea9718fe2b46760a005c53e41ff5ad610704e6?s=96&d=mm&r=g","contentUrl":"https:\/\/secure.gravatar.com\/avatar\/dde2928154642a13d95f87ddf1ea9718fe2b46760a005c53e41ff5ad610704e6?s=96&d=mm&r=g","caption":"Nexo Informativo"},"url":"https:\/\/www.nexoinformativo.mx\/index.php\/author\/edicion\/"}]}},"_links":{"self":[{"href":"https:\/\/www.nexoinformativo.mx\/index.php\/wp-json\/wp\/v2\/posts\/3005","targetHints":{"allow":["GET"]}}],"collection":[{"href":"https:\/\/www.nexoinformativo.mx\/index.php\/wp-json\/wp\/v2\/posts"}],"about":[{"href":"https:\/\/www.nexoinformativo.mx\/index.php\/wp-json\/wp\/v2\/types\/post"}],"author":[{"embeddable":true,"href":"https:\/\/www.nexoinformativo.mx\/index.php\/wp-json\/wp\/v2\/users\/3"}],"replies":[{"embeddable":true,"href":"https:\/\/www.nexoinformativo.mx\/index.php\/wp-json\/wp\/v2\/comments?post=3005"}],"version-history":[{"count":4,"href":"https:\/\/www.nexoinformativo.mx\/index.php\/wp-json\/wp\/v2\/posts\/3005\/revisions"}],"predecessor-version":[{"id":3107,"href":"https:\/\/www.nexoinformativo.mx\/index.php\/wp-json\/wp\/v2\/posts\/3005\/revisions\/3107"}],"wp:featuredmedia":[{"embeddable":true,"href":"https:\/\/www.nexoinformativo.mx\/index.php\/wp-json\/wp\/v2\/media\/3006"}],"wp:attachment":[{"href":"https:\/\/www.nexoinformativo.mx\/index.php\/wp-json\/wp\/v2\/media?parent=3005"}],"wp:term":[{"taxonomy":"category","embeddable":true,"href":"https:\/\/www.nexoinformativo.mx\/index.php\/wp-json\/wp\/v2\/categories?post=3005"},{"taxonomy":"post_tag","embeddable":true,"href":"https:\/\/www.nexoinformativo.mx\/index.php\/wp-json\/wp\/v2\/tags?post=3005"}],"curies":[{"name":"wp","href":"https:\/\/api.w.org\/{rel}","templated":true}]}}