{"id":3015,"date":"2024-10-09T12:04:26","date_gmt":"2024-10-09T18:04:26","guid":{"rendered":"https:\/\/www.nexoinformativo.mx\/?p=3015"},"modified":"2024-10-09T18:27:08","modified_gmt":"2024-10-10T00:27:08","slug":"unen-esfuerzos-para-fortalecer-la-soberania-alimentaria-en-mexico","status":"publish","type":"post","link":"https:\/\/www.nexoinformativo.mx\/index.php\/2024\/10\/09\/unen-esfuerzos-para-fortalecer-la-soberania-alimentaria-en-mexico\/","title":{"rendered":"Unen esfuerzos para fortalecer la soberan\u00eda alimentaria en M\u00e9xico"},"content":{"rendered":"\r\n<p style=\"margin-top: var(--wp--preset--spacing--10); margin-bottom: var(--wp--preset--spacing--10); text-align: justify;\">El secretario de Agricultura y Desarrollo Rural, Julio Berdegu\u00e9 Sacrist\u00e1n, y representantes de la Asociaci\u00f3n Mexicana de Secretarios de Desarrollo Agropecuario (AMSDA) se reunieron para fortalecer la colaboraci\u00f3n y avanzar en la construcci\u00f3n de una pol\u00edtica agroalimentaria que garantice la seguridad alimentaria de M\u00e9xico.<\/p>\r\n\r\n\r\n\r\n\r\n\r\n\r\n\r\n<p style=\"margin-top: var(--wp--preset--spacing--10); margin-bottom: var(--wp--preset--spacing--10); text-align: justify;\">En este encuentro, se destac\u00f3 la importancia de trabajar de manera conjunta para impulsar el desarrollo del campo y las costas, as\u00ed como para reducir la pobreza en estas regiones. El secretario Berdegu\u00e9 resalt\u00f3 que la soberan\u00eda alimentaria es un eje central de la pol\u00edtica p\u00fablica del gobierno actual, y que se buscar\u00e1 garantizar el acceso a alimentos saludables y nutritivos para toda la poblaci\u00f3n.<\/p>\r\n\r\n\r\n\r\n\r\n\r\n\r\n\r\n<p style=\"text-align: justify;\">Para alcanzar estos objetivos, se implementar\u00e1n diversas acciones como:<\/p>\r\n\r\n\r\n\r\n<ul class=\"wp-block-list\" style=\"text-align: justify;\">\r\n<li><strong>Fortalecimiento de programas existentes:\u00a0<\/strong>Se continuar\u00e1n apoyando programas como Producci\u00f3n y Fertilizantes para el Bienestar, Precios de Garant\u00eda y Bienpesca.<\/li>\r\n\r\n\r\n\r\n<li><strong>Nuevos programas:\u00a0<\/strong>Se impulsar\u00e1n iniciativas como la autosuficiencia de ma\u00edz blanco y frijol, Alimentaci\u00f3n para el Bienestar y el fortalecimiento de Liconsa.<\/li>\r\n\r\n\r\n\r\n<li><strong>Planes regionales:<\/strong>\u00a0Se pondr\u00e1n en marcha planes espec\u00edficos para regiones como Campeche y Tabasco, enfocados en el arroz y la leche, as\u00ed como en el apoyo a la peque\u00f1a ganader\u00eda y la pesca sostenible.<\/li>\r\n\r\n\r\n\r\n<li style=\"margin-top: var(--wp--preset--spacing--10); margin-bottom: var(--wp--preset--spacing--10);\"><strong>Innovaci\u00f3n y tecnolog\u00eda:<\/strong>\u00a0Se aprovechar\u00e1n los conocimientos y recursos de instituciones como el INIFAP, el SNICS y el Senasica para impulsar la innovaci\u00f3n y la tecnolog\u00eda en el sector agroalimentario.<\/li>\r\n<\/ul>\r\n\r\n\r\n\r\n<p style=\"text-align: justify;\">El presidente de la AMSDA, Cuauht\u00e9moc Ram\u00edrez Romero, coincidi\u00f3 con el secretario Berdegu\u00e9 en la importancia de trabajar en conjunto para atender las necesidades del campo y las costas mexicanas. Asimismo, se comprometi\u00f3 a seguir colaborando con la Secretar\u00eda de Agricultura para impulsar pol\u00edticas p\u00fablicas que beneficien a los productores y a la poblaci\u00f3n en general.<\/p>\r\n<p>&nbsp;<\/p>\r\n<p style=\"text-align: center;\"><em><strong>\u00a1Informaci\u00f3n que transforma!<\/strong><\/em><\/p>\r\n\r\n\r\n\r\n<p style=\"text-align: justify;\">\u00a0<\/p>\r\n","protected":false},"excerpt":{"rendered":"<p>El secretario de Agricultura y Desarrollo Rural, Julio Berdegu\u00e9 Sacrist\u00e1n, y representantes de la Asociaci\u00f3n Mexicana de Secretarios de Desarrollo Agropecuario (AMSDA) se reunieron para fortalecer la colaboraci\u00f3n y avanzar en la construcci\u00f3n de una pol\u00edtica agroalimentaria que garantice la seguridad alimentaria de M\u00e9xico.<\/p>\n","protected":false},"author":3,"featured_media":3032,"comment_status":"open","ping_status":"open","sticky":false,"template":"","format":"standard","meta":{"footnotes":""},"categories":[88,58],"tags":[1204,1205,133,1206],"class_list":["post-3015","post","type-post","status-publish","format-standard","has-post-thumbnail","hentry","category-nacional","category-ultima-hora","tag-agricultura","tag-amsda","tag-queretaro","tag-soberaniaalimentaria"],"yoast_head":"<!-- This site is optimized with the Yoast SEO plugin v25.0 - https:\/\/yoast.com\/wordpress\/plugins\/seo\/ -->\n<title>Unen esfuerzos para fortalecer la soberan\u00eda alimentaria en M\u00e9xico | Nexo Informativo Santiago de Quer\u00e9taro<\/title>\n<meta name=\"robots\" content=\"index, follow, max-snippet:-1, max-image-preview:large, max-video-preview:-1\" \/>\n<link rel=\"canonical\" href=\"https:\/\/www.nexoinformativo.mx\/index.php\/2024\/10\/09\/unen-esfuerzos-para-fortalecer-la-soberania-alimentaria-en-mexico\/\" \/>\n<meta property=\"og:locale\" content=\"es_MX\" \/>\n<meta property=\"og:type\" content=\"article\" \/>\n<meta property=\"og:title\" content=\"Unen esfuerzos para fortalecer la soberan\u00eda alimentaria en M\u00e9xico | Nexo Informativo Santiago de Quer\u00e9taro\" \/>\n<meta property=\"og:description\" content=\"El secretario de Agricultura y Desarrollo Rural, Julio Berdegu\u00e9 Sacrist\u00e1n, y representantes de la Asociaci\u00f3n Mexicana de Secretarios de Desarrollo Agropecuario (AMSDA) se reunieron para fortalecer la colaboraci\u00f3n y avanzar en la construcci\u00f3n de una pol\u00edtica agroalimentaria que garantice la seguridad alimentaria de M\u00e9xico.\" \/>\n<meta property=\"og:url\" content=\"https:\/\/www.nexoinformativo.mx\/index.php\/2024\/10\/09\/unen-esfuerzos-para-fortalecer-la-soberania-alimentaria-en-mexico\/\" \/>\n<meta property=\"og:site_name\" content=\"Nexo Informativo Santiago de Quer\u00e9taro\" \/>\n<meta property=\"article:publisher\" content=\"https:\/\/www.facebook.com\/people\/Nexo-Informativo\/61564066885511\/\" \/>\n<meta property=\"article:published_time\" content=\"2024-10-09T18:04:26+00:00\" \/>\n<meta property=\"article:modified_time\" content=\"2024-10-10T00:27:08+00:00\" \/>\n<meta property=\"og:image\" content=\"https:\/\/www.nexoinformativo.mx\/wp-content\/uploads\/2024\/10\/1000198137-e1728499250617.jpg\" \/>\n\t<meta property=\"og:image:width\" content=\"800\" \/>\n\t<meta property=\"og:image:height\" content=\"533\" \/>\n\t<meta property=\"og:image:type\" content=\"image\/jpeg\" \/>\n<meta name=\"author\" content=\"Nexo Informativo\" \/>\n<meta name=\"twitter:card\" content=\"summary_large_image\" \/>\n<meta name=\"twitter:label1\" content=\"Escrito por\" \/>\n\t<meta name=\"twitter:data1\" content=\"Nexo Informativo\" \/>\n\t<meta name=\"twitter:label2\" content=\"Tiempo de lectura\" \/>\n\t<meta name=\"twitter:data2\" content=\"2 minutos\" \/>\n<script type=\"application\/ld+json\" class=\"yoast-schema-graph\">{\"@context\":\"https:\/\/schema.org\",\"@graph\":[{\"@type\":\"Article\",\"@id\":\"https:\/\/www.nexoinformativo.mx\/index.php\/2024\/10\/09\/unen-esfuerzos-para-fortalecer-la-soberania-alimentaria-en-mexico\/#article\",\"isPartOf\":{\"@id\":\"https:\/\/www.nexoinformativo.mx\/index.php\/2024\/10\/09\/unen-esfuerzos-para-fortalecer-la-soberania-alimentaria-en-mexico\/\"},\"author\":{\"name\":\"Nexo Informativo\",\"@id\":\"https:\/\/www.nexoinformativo.mx\/#\/schema\/person\/7749d380ba08c8ca00d7bc76fd907b7d\"},\"headline\":\"Unen esfuerzos para fortalecer la soberan\u00eda alimentaria en M\u00e9xico\",\"datePublished\":\"2024-10-09T18:04:26+00:00\",\"dateModified\":\"2024-10-10T00:27:08+00:00\",\"mainEntityOfPage\":{\"@id\":\"https:\/\/www.nexoinformativo.mx\/index.php\/2024\/10\/09\/unen-esfuerzos-para-fortalecer-la-soberania-alimentaria-en-mexico\/\"},\"wordCount\":328,\"commentCount\":0,\"publisher\":{\"@id\":\"https:\/\/www.nexoinformativo.mx\/#organization\"},\"image\":{\"@id\":\"https:\/\/www.nexoinformativo.mx\/index.php\/2024\/10\/09\/unen-esfuerzos-para-fortalecer-la-soberania-alimentaria-en-mexico\/#primaryimage\"},\"thumbnailUrl\":\"https:\/\/www.nexoinformativo.mx\/wp-content\/uploads\/2024\/10\/1000198137-e1728499250617.jpg\",\"keywords\":[\"Agricultura\",\"AMSDA\",\"Quer\u00e9taro\",\"SoberaniaAlimentaria\"],\"articleSection\":[\"Nacional\",\"\u00daltima Hora\"],\"inLanguage\":\"es\",\"potentialAction\":[{\"@type\":\"CommentAction\",\"name\":\"Comment\",\"target\":[\"https:\/\/www.nexoinformativo.mx\/index.php\/2024\/10\/09\/unen-esfuerzos-para-fortalecer-la-soberania-alimentaria-en-mexico\/#respond\"]}]},{\"@type\":\"WebPage\",\"@id\":\"https:\/\/www.nexoinformativo.mx\/index.php\/2024\/10\/09\/unen-esfuerzos-para-fortalecer-la-soberania-alimentaria-en-mexico\/\",\"url\":\"https:\/\/www.nexoinformativo.mx\/index.php\/2024\/10\/09\/unen-esfuerzos-para-fortalecer-la-soberania-alimentaria-en-mexico\/\",\"name\":\"Unen esfuerzos para fortalecer la soberan\u00eda alimentaria en M\u00e9xico | Nexo Informativo Santiago de Quer\u00e9taro\",\"isPartOf\":{\"@id\":\"https:\/\/www.nexoinformativo.mx\/#website\"},\"primaryImageOfPage\":{\"@id\":\"https:\/\/www.nexoinformativo.mx\/index.php\/2024\/10\/09\/unen-esfuerzos-para-fortalecer-la-soberania-alimentaria-en-mexico\/#primaryimage\"},\"image\":{\"@id\":\"https:\/\/www.nexoinformativo.mx\/index.php\/2024\/10\/09\/unen-esfuerzos-para-fortalecer-la-soberania-alimentaria-en-mexico\/#primaryimage\"},\"thumbnailUrl\":\"https:\/\/www.nexoinformativo.mx\/wp-content\/uploads\/2024\/10\/1000198137-e1728499250617.jpg\",\"datePublished\":\"2024-10-09T18:04:26+00:00\",\"dateModified\":\"2024-10-10T00:27:08+00:00\",\"breadcrumb\":{\"@id\":\"https:\/\/www.nexoinformativo.mx\/index.php\/2024\/10\/09\/unen-esfuerzos-para-fortalecer-la-soberania-alimentaria-en-mexico\/#breadcrumb\"},\"inLanguage\":\"es\",\"potentialAction\":[{\"@type\":\"ReadAction\",\"target\":[\"https:\/\/www.nexoinformativo.mx\/index.php\/2024\/10\/09\/unen-esfuerzos-para-fortalecer-la-soberania-alimentaria-en-mexico\/\"]}]},{\"@type\":\"ImageObject\",\"inLanguage\":\"es\",\"@id\":\"https:\/\/www.nexoinformativo.mx\/index.php\/2024\/10\/09\/unen-esfuerzos-para-fortalecer-la-soberania-alimentaria-en-mexico\/#primaryimage\",\"url\":\"https:\/\/www.nexoinformativo.mx\/wp-content\/uploads\/2024\/10\/1000198137-e1728499250617.jpg\",\"contentUrl\":\"https:\/\/www.nexoinformativo.mx\/wp-content\/uploads\/2024\/10\/1000198137-e1728499250617.jpg\",\"width\":800,\"height\":533},{\"@type\":\"BreadcrumbList\",\"@id\":\"https:\/\/www.nexoinformativo.mx\/index.php\/2024\/10\/09\/unen-esfuerzos-para-fortalecer-la-soberania-alimentaria-en-mexico\/#breadcrumb\",\"itemListElement\":[{\"@type\":\"ListItem\",\"position\":1,\"name\":\"Inicio\",\"item\":\"https:\/\/www.nexoinformativo.mx\/\"},{\"@type\":\"ListItem\",\"position\":2,\"name\":\"Unen esfuerzos para fortalecer la soberan\u00eda alimentaria en M\u00e9xico\"}]},{\"@type\":\"WebSite\",\"@id\":\"https:\/\/www.nexoinformativo.mx\/#website\",\"url\":\"https:\/\/www.nexoinformativo.mx\/\",\"name\":\"Nexo Informativo Santiago de Quer\u00e9taro\",\"description\":\"Explora NexoInformativo y convi\u00e9rtete en parte de una comunidad que valora el conocimiento y la verdad. Tu nexoinformativo es tu puente hacia una comprensi\u00f3n m\u00e1s profunda del mundo que te rodea.\",\"publisher\":{\"@id\":\"https:\/\/www.nexoinformativo.mx\/#organization\"},\"potentialAction\":[{\"@type\":\"SearchAction\",\"target\":{\"@type\":\"EntryPoint\",\"urlTemplate\":\"https:\/\/www.nexoinformativo.mx\/?s={search_term_string}\"},\"query-input\":{\"@type\":\"PropertyValueSpecification\",\"valueRequired\":true,\"valueName\":\"search_term_string\"}}],\"inLanguage\":\"es\"},{\"@type\":\"Organization\",\"@id\":\"https:\/\/www.nexoinformativo.mx\/#organization\",\"name\":\"Nexo Informativo Santiago de Quer\u00e9taro\",\"url\":\"https:\/\/www.nexoinformativo.mx\/\",\"logo\":{\"@type\":\"ImageObject\",\"inLanguage\":\"es\",\"@id\":\"https:\/\/www.nexoinformativo.mx\/#\/schema\/logo\/image\/\",\"url\":\"https:\/\/www.nexoinformativo.mx\/wp-content\/uploads\/2024\/07\/nexoi-trasparente-2.png\",\"contentUrl\":\"https:\/\/www.nexoinformativo.mx\/wp-content\/uploads\/2024\/07\/nexoi-trasparente-2.png\",\"width\":816,\"height\":339,\"caption\":\"Nexo Informativo Santiago de Quer\u00e9taro\"},\"image\":{\"@id\":\"https:\/\/www.nexoinformativo.mx\/#\/schema\/logo\/image\/\"},\"sameAs\":[\"https:\/\/www.facebook.com\/people\/Nexo-Informativo\/61564066885511\/\"]},{\"@type\":\"Person\",\"@id\":\"https:\/\/www.nexoinformativo.mx\/#\/schema\/person\/7749d380ba08c8ca00d7bc76fd907b7d\",\"name\":\"Nexo Informativo\",\"image\":{\"@type\":\"ImageObject\",\"inLanguage\":\"es\",\"@id\":\"https:\/\/www.nexoinformativo.mx\/#\/schema\/person\/image\/\",\"url\":\"https:\/\/secure.gravatar.com\/avatar\/dde2928154642a13d95f87ddf1ea9718fe2b46760a005c53e41ff5ad610704e6?s=96&d=mm&r=g\",\"contentUrl\":\"https:\/\/secure.gravatar.com\/avatar\/dde2928154642a13d95f87ddf1ea9718fe2b46760a005c53e41ff5ad610704e6?s=96&d=mm&r=g\",\"caption\":\"Nexo Informativo\"},\"url\":\"https:\/\/www.nexoinformativo.mx\/index.php\/author\/edicion\/\"}]}<\/script>\n<!-- \/ Yoast SEO plugin. -->","yoast_head_json":{"title":"Unen esfuerzos para fortalecer la soberan\u00eda alimentaria en M\u00e9xico | Nexo Informativo Santiago de Quer\u00e9taro","robots":{"index":"index","follow":"follow","max-snippet":"max-snippet:-1","max-image-preview":"max-image-preview:large","max-video-preview":"max-video-preview:-1"},"canonical":"https:\/\/www.nexoinformativo.mx\/index.php\/2024\/10\/09\/unen-esfuerzos-para-fortalecer-la-soberania-alimentaria-en-mexico\/","og_locale":"es_MX","og_type":"article","og_title":"Unen esfuerzos para fortalecer la soberan\u00eda alimentaria en M\u00e9xico | Nexo Informativo Santiago de Quer\u00e9taro","og_description":"El secretario de Agricultura y Desarrollo Rural, Julio Berdegu\u00e9 Sacrist\u00e1n, y representantes de la Asociaci\u00f3n Mexicana de Secretarios de Desarrollo Agropecuario (AMSDA) se reunieron para fortalecer la colaboraci\u00f3n y avanzar en la construcci\u00f3n de una pol\u00edtica agroalimentaria que garantice la seguridad alimentaria de M\u00e9xico.","og_url":"https:\/\/www.nexoinformativo.mx\/index.php\/2024\/10\/09\/unen-esfuerzos-para-fortalecer-la-soberania-alimentaria-en-mexico\/","og_site_name":"Nexo Informativo Santiago de Quer\u00e9taro","article_publisher":"https:\/\/www.facebook.com\/people\/Nexo-Informativo\/61564066885511\/","article_published_time":"2024-10-09T18:04:26+00:00","article_modified_time":"2024-10-10T00:27:08+00:00","og_image":[{"width":800,"height":533,"url":"https:\/\/www.nexoinformativo.mx\/wp-content\/uploads\/2024\/10\/1000198137-e1728499250617.jpg","type":"image\/jpeg"}],"author":"Nexo Informativo","twitter_card":"summary_large_image","twitter_misc":{"Escrito por":"Nexo Informativo","Tiempo de lectura":"2 minutos"},"schema":{"@context":"https:\/\/schema.org","@graph":[{"@type":"Article","@id":"https:\/\/www.nexoinformativo.mx\/index.php\/2024\/10\/09\/unen-esfuerzos-para-fortalecer-la-soberania-alimentaria-en-mexico\/#article","isPartOf":{"@id":"https:\/\/www.nexoinformativo.mx\/index.php\/2024\/10\/09\/unen-esfuerzos-para-fortalecer-la-soberania-alimentaria-en-mexico\/"},"author":{"name":"Nexo Informativo","@id":"https:\/\/www.nexoinformativo.mx\/#\/schema\/person\/7749d380ba08c8ca00d7bc76fd907b7d"},"headline":"Unen esfuerzos para fortalecer la soberan\u00eda alimentaria en M\u00e9xico","datePublished":"2024-10-09T18:04:26+00:00","dateModified":"2024-10-10T00:27:08+00:00","mainEntityOfPage":{"@id":"https:\/\/www.nexoinformativo.mx\/index.php\/2024\/10\/09\/unen-esfuerzos-para-fortalecer-la-soberania-alimentaria-en-mexico\/"},"wordCount":328,"commentCount":0,"publisher":{"@id":"https:\/\/www.nexoinformativo.mx\/#organization"},"image":{"@id":"https:\/\/www.nexoinformativo.mx\/index.php\/2024\/10\/09\/unen-esfuerzos-para-fortalecer-la-soberania-alimentaria-en-mexico\/#primaryimage"},"thumbnailUrl":"https:\/\/www.nexoinformativo.mx\/wp-content\/uploads\/2024\/10\/1000198137-e1728499250617.jpg","keywords":["Agricultura","AMSDA","Quer\u00e9taro","SoberaniaAlimentaria"],"articleSection":["Nacional","\u00daltima Hora"],"inLanguage":"es","potentialAction":[{"@type":"CommentAction","name":"Comment","target":["https:\/\/www.nexoinformativo.mx\/index.php\/2024\/10\/09\/unen-esfuerzos-para-fortalecer-la-soberania-alimentaria-en-mexico\/#respond"]}]},{"@type":"WebPage","@id":"https:\/\/www.nexoinformativo.mx\/index.php\/2024\/10\/09\/unen-esfuerzos-para-fortalecer-la-soberania-alimentaria-en-mexico\/","url":"https:\/\/www.nexoinformativo.mx\/index.php\/2024\/10\/09\/unen-esfuerzos-para-fortalecer-la-soberania-alimentaria-en-mexico\/","name":"Unen esfuerzos para fortalecer la soberan\u00eda alimentaria en M\u00e9xico | Nexo Informativo Santiago de Quer\u00e9taro","isPartOf":{"@id":"https:\/\/www.nexoinformativo.mx\/#website"},"primaryImageOfPage":{"@id":"https:\/\/www.nexoinformativo.mx\/index.php\/2024\/10\/09\/unen-esfuerzos-para-fortalecer-la-soberania-alimentaria-en-mexico\/#primaryimage"},"image":{"@id":"https:\/\/www.nexoinformativo.mx\/index.php\/2024\/10\/09\/unen-esfuerzos-para-fortalecer-la-soberania-alimentaria-en-mexico\/#primaryimage"},"thumbnailUrl":"https:\/\/www.nexoinformativo.mx\/wp-content\/uploads\/2024\/10\/1000198137-e1728499250617.jpg","datePublished":"2024-10-09T18:04:26+00:00","dateModified":"2024-10-10T00:27:08+00:00","breadcrumb":{"@id":"https:\/\/www.nexoinformativo.mx\/index.php\/2024\/10\/09\/unen-esfuerzos-para-fortalecer-la-soberania-alimentaria-en-mexico\/#breadcrumb"},"inLanguage":"es","potentialAction":[{"@type":"ReadAction","target":["https:\/\/www.nexoinformativo.mx\/index.php\/2024\/10\/09\/unen-esfuerzos-para-fortalecer-la-soberania-alimentaria-en-mexico\/"]}]},{"@type":"ImageObject","inLanguage":"es","@id":"https:\/\/www.nexoinformativo.mx\/index.php\/2024\/10\/09\/unen-esfuerzos-para-fortalecer-la-soberania-alimentaria-en-mexico\/#primaryimage","url":"https:\/\/www.nexoinformativo.mx\/wp-content\/uploads\/2024\/10\/1000198137-e1728499250617.jpg","contentUrl":"https:\/\/www.nexoinformativo.mx\/wp-content\/uploads\/2024\/10\/1000198137-e1728499250617.jpg","width":800,"height":533},{"@type":"BreadcrumbList","@id":"https:\/\/www.nexoinformativo.mx\/index.php\/2024\/10\/09\/unen-esfuerzos-para-fortalecer-la-soberania-alimentaria-en-mexico\/#breadcrumb","itemListElement":[{"@type":"ListItem","position":1,"name":"Inicio","item":"https:\/\/www.nexoinformativo.mx\/"},{"@type":"ListItem","position":2,"name":"Unen esfuerzos para fortalecer la soberan\u00eda alimentaria en M\u00e9xico"}]},{"@type":"WebSite","@id":"https:\/\/www.nexoinformativo.mx\/#website","url":"https:\/\/www.nexoinformativo.mx\/","name":"Nexo Informativo Santiago de Quer\u00e9taro","description":"Explora NexoInformativo y convi\u00e9rtete en parte de una comunidad que valora el conocimiento y la verdad. Tu nexoinformativo es tu puente hacia una comprensi\u00f3n m\u00e1s profunda del mundo que te rodea.","publisher":{"@id":"https:\/\/www.nexoinformativo.mx\/#organization"},"potentialAction":[{"@type":"SearchAction","target":{"@type":"EntryPoint","urlTemplate":"https:\/\/www.nexoinformativo.mx\/?s={search_term_string}"},"query-input":{"@type":"PropertyValueSpecification","valueRequired":true,"valueName":"search_term_string"}}],"inLanguage":"es"},{"@type":"Organization","@id":"https:\/\/www.nexoinformativo.mx\/#organization","name":"Nexo Informativo Santiago de Quer\u00e9taro","url":"https:\/\/www.nexoinformativo.mx\/","logo":{"@type":"ImageObject","inLanguage":"es","@id":"https:\/\/www.nexoinformativo.mx\/#\/schema\/logo\/image\/","url":"https:\/\/www.nexoinformativo.mx\/wp-content\/uploads\/2024\/07\/nexoi-trasparente-2.png","contentUrl":"https:\/\/www.nexoinformativo.mx\/wp-content\/uploads\/2024\/07\/nexoi-trasparente-2.png","width":816,"height":339,"caption":"Nexo Informativo Santiago de Quer\u00e9taro"},"image":{"@id":"https:\/\/www.nexoinformativo.mx\/#\/schema\/logo\/image\/"},"sameAs":["https:\/\/www.facebook.com\/people\/Nexo-Informativo\/61564066885511\/"]},{"@type":"Person","@id":"https:\/\/www.nexoinformativo.mx\/#\/schema\/person\/7749d380ba08c8ca00d7bc76fd907b7d","name":"Nexo Informativo","image":{"@type":"ImageObject","inLanguage":"es","@id":"https:\/\/www.nexoinformativo.mx\/#\/schema\/person\/image\/","url":"https:\/\/secure.gravatar.com\/avatar\/dde2928154642a13d95f87ddf1ea9718fe2b46760a005c53e41ff5ad610704e6?s=96&d=mm&r=g","contentUrl":"https:\/\/secure.gravatar.com\/avatar\/dde2928154642a13d95f87ddf1ea9718fe2b46760a005c53e41ff5ad610704e6?s=96&d=mm&r=g","caption":"Nexo Informativo"},"url":"https:\/\/www.nexoinformativo.mx\/index.php\/author\/edicion\/"}]}},"_links":{"self":[{"href":"https:\/\/www.nexoinformativo.mx\/index.php\/wp-json\/wp\/v2\/posts\/3015","targetHints":{"allow":["GET"]}}],"collection":[{"href":"https:\/\/www.nexoinformativo.mx\/index.php\/wp-json\/wp\/v2\/posts"}],"about":[{"href":"https:\/\/www.nexoinformativo.mx\/index.php\/wp-json\/wp\/v2\/types\/post"}],"author":[{"embeddable":true,"href":"https:\/\/www.nexoinformativo.mx\/index.php\/wp-json\/wp\/v2\/users\/3"}],"replies":[{"embeddable":true,"href":"https:\/\/www.nexoinformativo.mx\/index.php\/wp-json\/wp\/v2\/comments?post=3015"}],"version-history":[{"count":8,"href":"https:\/\/www.nexoinformativo.mx\/index.php\/wp-json\/wp\/v2\/posts\/3015\/revisions"}],"predecessor-version":[{"id":3100,"href":"https:\/\/www.nexoinformativo.mx\/index.php\/wp-json\/wp\/v2\/posts\/3015\/revisions\/3100"}],"wp:featuredmedia":[{"embeddable":true,"href":"https:\/\/www.nexoinformativo.mx\/index.php\/wp-json\/wp\/v2\/media\/3032"}],"wp:attachment":[{"href":"https:\/\/www.nexoinformativo.mx\/index.php\/wp-json\/wp\/v2\/media?parent=3015"}],"wp:term":[{"taxonomy":"category","embeddable":true,"href":"https:\/\/www.nexoinformativo.mx\/index.php\/wp-json\/wp\/v2\/categories?post=3015"},{"taxonomy":"post_tag","embeddable":true,"href":"https:\/\/www.nexoinformativo.mx\/index.php\/wp-json\/wp\/v2\/tags?post=3015"}],"curies":[{"name":"wp","href":"https:\/\/api.w.org\/{rel}","templated":true}]}}