{"id":3035,"date":"2024-10-09T12:00:00","date_gmt":"2024-10-09T18:00:00","guid":{"rendered":"https:\/\/www.nexoinformativo.mx\/?p=3035"},"modified":"2024-10-09T18:28:30","modified_gmt":"2024-10-10T00:28:30","slug":"violento-intento-de-robo-a-autobus-en-el-marques-pasajeros-salen-ilesos","status":"publish","type":"post","link":"https:\/\/www.nexoinformativo.mx\/index.php\/2024\/10\/09\/violento-intento-de-robo-a-autobus-en-el-marques-pasajeros-salen-ilesos\/","title":{"rendered":"Violento intento de robo a autob\u00fas en El Marqu\u00e9s, pasajeros salen ilesos"},"content":{"rendered":"\r\n<p style=\"margin-top: var(--wp--preset--spacing--10); margin-bottom: var(--wp--preset--spacing--10); text-align: justify;\">Pasajeros y el conductor de un autob\u00fas de la l\u00ednea \u00d3mnibus de M\u00e9xico fueron v\u00edctimas de un intento de robo con violencia mientras circulaban por el Libramiento Noreste (Chichimequillas), en el municipio de El Marqu\u00e9s. Los delincuentes dispararon al veh\u00edculo para obligar al chofer a detenerse, pero este continu\u00f3 su camino.<\/p>\r\n\r\n\r\n\r\n<p style=\"margin-top: var(--wp--preset--spacing--10); margin-bottom: var(--wp--preset--spacing--10); text-align: justify;\">El incidente ocurri\u00f3 el martes pasado, aproximadamente un kil\u00f3metro antes de llegar a la caseta de cobro, cuando el autob\u00fas se dirig\u00eda de Toluca a Quer\u00e9taro. La unidad recibi\u00f3 varios impactos de bala en el parabrisas y en las ventanas. Afortunadamente, no se reportaron personas lesionadas, y el conductor del autob\u00fas logr\u00f3 llegar a la Terminal de Autobuses de Quer\u00e9taro (TAQ).<\/p>\r\n\r\n\r\n\r\n<p style=\"margin-top: var(--wp--preset--spacing--10); margin-bottom: var(--wp--preset--spacing--10); text-align: justify;\">Una vez en la terminal, se notific\u00f3 a las autoridades y elementos de la Polic\u00eda Estatal (PoEs) y de la Fiscal\u00eda General del Estado (FGE) tomaron conocimiento del hecho para iniciar las investigaciones correspondientes. La empresa \u00d3mnibus de M\u00e9xico no ofreci\u00f3 detalles sobre el incidente.<\/p>\r\n<p>&nbsp;<\/p>\r\n<p style=\"text-align: center;\"><em><strong>\u00a1Informaci\u00f3n que transforma!<\/strong><\/em><\/p>\r\n","protected":false},"excerpt":{"rendered":"<p>Pasajeros y el conductor de un autob\u00fas de la l\u00ednea \u00d3mnibus de M\u00e9xico fueron v\u00edctimas de un intento de robo con violencia mientras circulaban por el Libramiento Noreste (Chichimequillas), en el municipio de El Marqu\u00e9s.<\/p>\n","protected":false},"author":3,"featured_media":3038,"comment_status":"open","ping_status":"open","sticky":false,"template":"","format":"standard","meta":{"footnotes":""},"categories":[137,58],"tags":[242,1212,1213,596],"class_list":["post-3035","post","type-post","status-publish","format-standard","has-post-thumbnail","hentry","category-sucesos","category-ultima-hora","tag-queretaroseguro","tag-roboconviolencia","tag-seguridadencarreteras","tag-transportepublico"],"yoast_head":"<!-- This site is optimized with the Yoast SEO plugin v25.0 - https:\/\/yoast.com\/wordpress\/plugins\/seo\/ -->\n<title>Violento intento de robo a autob\u00fas en El Marqu\u00e9s, pasajeros salen ilesos | Nexo Informativo Santiago de Quer\u00e9taro<\/title>\n<meta name=\"description\" content=\"Violento intento de robo a autob\u00fas en El Marqu\u00e9s, pasajeros salen ilesos\" \/>\n<meta name=\"robots\" content=\"index, follow, max-snippet:-1, max-image-preview:large, max-video-preview:-1\" \/>\n<link rel=\"canonical\" href=\"https:\/\/www.nexoinformativo.mx\/index.php\/2024\/10\/09\/violento-intento-de-robo-a-autobus-en-el-marques-pasajeros-salen-ilesos\/\" \/>\n<meta property=\"og:locale\" content=\"es_MX\" \/>\n<meta property=\"og:type\" content=\"article\" \/>\n<meta property=\"og:title\" content=\"Violento intento de robo a autob\u00fas en El Marqu\u00e9s, pasajeros salen ilesos | Nexo Informativo Santiago de Quer\u00e9taro\" \/>\n<meta property=\"og:description\" content=\"Violento intento de robo a autob\u00fas en El Marqu\u00e9s, pasajeros salen ilesos\" \/>\n<meta property=\"og:url\" content=\"https:\/\/www.nexoinformativo.mx\/index.php\/2024\/10\/09\/violento-intento-de-robo-a-autobus-en-el-marques-pasajeros-salen-ilesos\/\" \/>\n<meta property=\"og:site_name\" content=\"Nexo Informativo Santiago de Quer\u00e9taro\" \/>\n<meta property=\"article:publisher\" content=\"https:\/\/www.facebook.com\/people\/Nexo-Informativo\/61564066885511\/\" \/>\n<meta property=\"article:published_time\" content=\"2024-10-09T18:00:00+00:00\" \/>\n<meta property=\"article:modified_time\" content=\"2024-10-10T00:28:30+00:00\" \/>\n<meta property=\"og:image\" content=\"https:\/\/www.nexoinformativo.mx\/wp-content\/uploads\/2024\/10\/unnamed-3-1.jpg\" \/>\n\t<meta property=\"og:image:width\" content=\"719\" \/>\n\t<meta property=\"og:image:height\" content=\"1280\" \/>\n\t<meta property=\"og:image:type\" content=\"image\/jpeg\" \/>\n<meta name=\"author\" content=\"Nexo Informativo\" \/>\n<meta name=\"twitter:card\" content=\"summary_large_image\" \/>\n<meta name=\"twitter:label1\" content=\"Escrito por\" \/>\n\t<meta name=\"twitter:data1\" content=\"Nexo Informativo\" \/>\n\t<meta name=\"twitter:label2\" content=\"Tiempo de lectura\" \/>\n\t<meta name=\"twitter:data2\" content=\"1 minuto\" \/>\n<script type=\"application\/ld+json\" class=\"yoast-schema-graph\">{\"@context\":\"https:\/\/schema.org\",\"@graph\":[{\"@type\":\"Article\",\"@id\":\"https:\/\/www.nexoinformativo.mx\/index.php\/2024\/10\/09\/violento-intento-de-robo-a-autobus-en-el-marques-pasajeros-salen-ilesos\/#article\",\"isPartOf\":{\"@id\":\"https:\/\/www.nexoinformativo.mx\/index.php\/2024\/10\/09\/violento-intento-de-robo-a-autobus-en-el-marques-pasajeros-salen-ilesos\/\"},\"author\":{\"name\":\"Nexo Informativo\",\"@id\":\"https:\/\/www.nexoinformativo.mx\/#\/schema\/person\/7749d380ba08c8ca00d7bc76fd907b7d\"},\"headline\":\"Violento intento de robo a autob\u00fas en El Marqu\u00e9s, pasajeros salen ilesos\",\"datePublished\":\"2024-10-09T18:00:00+00:00\",\"dateModified\":\"2024-10-10T00:28:30+00:00\",\"mainEntityOfPage\":{\"@id\":\"https:\/\/www.nexoinformativo.mx\/index.php\/2024\/10\/09\/violento-intento-de-robo-a-autobus-en-el-marques-pasajeros-salen-ilesos\/\"},\"wordCount\":191,\"commentCount\":0,\"publisher\":{\"@id\":\"https:\/\/www.nexoinformativo.mx\/#organization\"},\"image\":{\"@id\":\"https:\/\/www.nexoinformativo.mx\/index.php\/2024\/10\/09\/violento-intento-de-robo-a-autobus-en-el-marques-pasajeros-salen-ilesos\/#primaryimage\"},\"thumbnailUrl\":\"https:\/\/www.nexoinformativo.mx\/wp-content\/uploads\/2024\/10\/unnamed-3-1.jpg\",\"keywords\":[\"QueretaroSeguro\",\"RoboConViolencia\",\"SeguridadEnCarreteras\",\"TransporteP\u00fablico\"],\"articleSection\":[\"Sucesos\",\"\u00daltima Hora\"],\"inLanguage\":\"es\",\"potentialAction\":[{\"@type\":\"CommentAction\",\"name\":\"Comment\",\"target\":[\"https:\/\/www.nexoinformativo.mx\/index.php\/2024\/10\/09\/violento-intento-de-robo-a-autobus-en-el-marques-pasajeros-salen-ilesos\/#respond\"]}]},{\"@type\":\"WebPage\",\"@id\":\"https:\/\/www.nexoinformativo.mx\/index.php\/2024\/10\/09\/violento-intento-de-robo-a-autobus-en-el-marques-pasajeros-salen-ilesos\/\",\"url\":\"https:\/\/www.nexoinformativo.mx\/index.php\/2024\/10\/09\/violento-intento-de-robo-a-autobus-en-el-marques-pasajeros-salen-ilesos\/\",\"name\":\"Violento intento de robo a autob\u00fas en El Marqu\u00e9s, pasajeros salen ilesos | Nexo Informativo Santiago de Quer\u00e9taro\",\"isPartOf\":{\"@id\":\"https:\/\/www.nexoinformativo.mx\/#website\"},\"primaryImageOfPage\":{\"@id\":\"https:\/\/www.nexoinformativo.mx\/index.php\/2024\/10\/09\/violento-intento-de-robo-a-autobus-en-el-marques-pasajeros-salen-ilesos\/#primaryimage\"},\"image\":{\"@id\":\"https:\/\/www.nexoinformativo.mx\/index.php\/2024\/10\/09\/violento-intento-de-robo-a-autobus-en-el-marques-pasajeros-salen-ilesos\/#primaryimage\"},\"thumbnailUrl\":\"https:\/\/www.nexoinformativo.mx\/wp-content\/uploads\/2024\/10\/unnamed-3-1.jpg\",\"datePublished\":\"2024-10-09T18:00:00+00:00\",\"dateModified\":\"2024-10-10T00:28:30+00:00\",\"description\":\"Violento intento de robo a autob\u00fas en El Marqu\u00e9s, pasajeros salen ilesos\",\"breadcrumb\":{\"@id\":\"https:\/\/www.nexoinformativo.mx\/index.php\/2024\/10\/09\/violento-intento-de-robo-a-autobus-en-el-marques-pasajeros-salen-ilesos\/#breadcrumb\"},\"inLanguage\":\"es\",\"potentialAction\":[{\"@type\":\"ReadAction\",\"target\":[\"https:\/\/www.nexoinformativo.mx\/index.php\/2024\/10\/09\/violento-intento-de-robo-a-autobus-en-el-marques-pasajeros-salen-ilesos\/\"]}]},{\"@type\":\"ImageObject\",\"inLanguage\":\"es\",\"@id\":\"https:\/\/www.nexoinformativo.mx\/index.php\/2024\/10\/09\/violento-intento-de-robo-a-autobus-en-el-marques-pasajeros-salen-ilesos\/#primaryimage\",\"url\":\"https:\/\/www.nexoinformativo.mx\/wp-content\/uploads\/2024\/10\/unnamed-3-1.jpg\",\"contentUrl\":\"https:\/\/www.nexoinformativo.mx\/wp-content\/uploads\/2024\/10\/unnamed-3-1.jpg\",\"width\":719,\"height\":1280},{\"@type\":\"BreadcrumbList\",\"@id\":\"https:\/\/www.nexoinformativo.mx\/index.php\/2024\/10\/09\/violento-intento-de-robo-a-autobus-en-el-marques-pasajeros-salen-ilesos\/#breadcrumb\",\"itemListElement\":[{\"@type\":\"ListItem\",\"position\":1,\"name\":\"Inicio\",\"item\":\"https:\/\/www.nexoinformativo.mx\/\"},{\"@type\":\"ListItem\",\"position\":2,\"name\":\"Violento intento de robo a autob\u00fas en El Marqu\u00e9s, pasajeros salen ilesos\"}]},{\"@type\":\"WebSite\",\"@id\":\"https:\/\/www.nexoinformativo.mx\/#website\",\"url\":\"https:\/\/www.nexoinformativo.mx\/\",\"name\":\"Nexo Informativo Santiago de Quer\u00e9taro\",\"description\":\"Explora NexoInformativo y convi\u00e9rtete en parte de una comunidad que valora el conocimiento y la verdad. Tu nexoinformativo es tu puente hacia una comprensi\u00f3n m\u00e1s profunda del mundo que te rodea.\",\"publisher\":{\"@id\":\"https:\/\/www.nexoinformativo.mx\/#organization\"},\"potentialAction\":[{\"@type\":\"SearchAction\",\"target\":{\"@type\":\"EntryPoint\",\"urlTemplate\":\"https:\/\/www.nexoinformativo.mx\/?s={search_term_string}\"},\"query-input\":{\"@type\":\"PropertyValueSpecification\",\"valueRequired\":true,\"valueName\":\"search_term_string\"}}],\"inLanguage\":\"es\"},{\"@type\":\"Organization\",\"@id\":\"https:\/\/www.nexoinformativo.mx\/#organization\",\"name\":\"Nexo Informativo Santiago de Quer\u00e9taro\",\"url\":\"https:\/\/www.nexoinformativo.mx\/\",\"logo\":{\"@type\":\"ImageObject\",\"inLanguage\":\"es\",\"@id\":\"https:\/\/www.nexoinformativo.mx\/#\/schema\/logo\/image\/\",\"url\":\"https:\/\/www.nexoinformativo.mx\/wp-content\/uploads\/2024\/07\/nexoi-trasparente-2.png\",\"contentUrl\":\"https:\/\/www.nexoinformativo.mx\/wp-content\/uploads\/2024\/07\/nexoi-trasparente-2.png\",\"width\":816,\"height\":339,\"caption\":\"Nexo Informativo Santiago de Quer\u00e9taro\"},\"image\":{\"@id\":\"https:\/\/www.nexoinformativo.mx\/#\/schema\/logo\/image\/\"},\"sameAs\":[\"https:\/\/www.facebook.com\/people\/Nexo-Informativo\/61564066885511\/\"]},{\"@type\":\"Person\",\"@id\":\"https:\/\/www.nexoinformativo.mx\/#\/schema\/person\/7749d380ba08c8ca00d7bc76fd907b7d\",\"name\":\"Nexo Informativo\",\"image\":{\"@type\":\"ImageObject\",\"inLanguage\":\"es\",\"@id\":\"https:\/\/www.nexoinformativo.mx\/#\/schema\/person\/image\/\",\"url\":\"https:\/\/secure.gravatar.com\/avatar\/dde2928154642a13d95f87ddf1ea9718fe2b46760a005c53e41ff5ad610704e6?s=96&d=mm&r=g\",\"contentUrl\":\"https:\/\/secure.gravatar.com\/avatar\/dde2928154642a13d95f87ddf1ea9718fe2b46760a005c53e41ff5ad610704e6?s=96&d=mm&r=g\",\"caption\":\"Nexo Informativo\"},\"url\":\"https:\/\/www.nexoinformativo.mx\/index.php\/author\/edicion\/\"}]}<\/script>\n<!-- \/ Yoast SEO plugin. -->","yoast_head_json":{"title":"Violento intento de robo a autob\u00fas en El Marqu\u00e9s, pasajeros salen ilesos | Nexo Informativo Santiago de Quer\u00e9taro","description":"Violento intento de robo a autob\u00fas en El Marqu\u00e9s, pasajeros salen ilesos","robots":{"index":"index","follow":"follow","max-snippet":"max-snippet:-1","max-image-preview":"max-image-preview:large","max-video-preview":"max-video-preview:-1"},"canonical":"https:\/\/www.nexoinformativo.mx\/index.php\/2024\/10\/09\/violento-intento-de-robo-a-autobus-en-el-marques-pasajeros-salen-ilesos\/","og_locale":"es_MX","og_type":"article","og_title":"Violento intento de robo a autob\u00fas en El Marqu\u00e9s, pasajeros salen ilesos | Nexo Informativo Santiago de Quer\u00e9taro","og_description":"Violento intento de robo a autob\u00fas en El Marqu\u00e9s, pasajeros salen ilesos","og_url":"https:\/\/www.nexoinformativo.mx\/index.php\/2024\/10\/09\/violento-intento-de-robo-a-autobus-en-el-marques-pasajeros-salen-ilesos\/","og_site_name":"Nexo Informativo Santiago de Quer\u00e9taro","article_publisher":"https:\/\/www.facebook.com\/people\/Nexo-Informativo\/61564066885511\/","article_published_time":"2024-10-09T18:00:00+00:00","article_modified_time":"2024-10-10T00:28:30+00:00","og_image":[{"width":719,"height":1280,"url":"https:\/\/www.nexoinformativo.mx\/wp-content\/uploads\/2024\/10\/unnamed-3-1.jpg","type":"image\/jpeg"}],"author":"Nexo Informativo","twitter_card":"summary_large_image","twitter_misc":{"Escrito por":"Nexo Informativo","Tiempo de lectura":"1 minuto"},"schema":{"@context":"https:\/\/schema.org","@graph":[{"@type":"Article","@id":"https:\/\/www.nexoinformativo.mx\/index.php\/2024\/10\/09\/violento-intento-de-robo-a-autobus-en-el-marques-pasajeros-salen-ilesos\/#article","isPartOf":{"@id":"https:\/\/www.nexoinformativo.mx\/index.php\/2024\/10\/09\/violento-intento-de-robo-a-autobus-en-el-marques-pasajeros-salen-ilesos\/"},"author":{"name":"Nexo Informativo","@id":"https:\/\/www.nexoinformativo.mx\/#\/schema\/person\/7749d380ba08c8ca00d7bc76fd907b7d"},"headline":"Violento intento de robo a autob\u00fas en El Marqu\u00e9s, pasajeros salen ilesos","datePublished":"2024-10-09T18:00:00+00:00","dateModified":"2024-10-10T00:28:30+00:00","mainEntityOfPage":{"@id":"https:\/\/www.nexoinformativo.mx\/index.php\/2024\/10\/09\/violento-intento-de-robo-a-autobus-en-el-marques-pasajeros-salen-ilesos\/"},"wordCount":191,"commentCount":0,"publisher":{"@id":"https:\/\/www.nexoinformativo.mx\/#organization"},"image":{"@id":"https:\/\/www.nexoinformativo.mx\/index.php\/2024\/10\/09\/violento-intento-de-robo-a-autobus-en-el-marques-pasajeros-salen-ilesos\/#primaryimage"},"thumbnailUrl":"https:\/\/www.nexoinformativo.mx\/wp-content\/uploads\/2024\/10\/unnamed-3-1.jpg","keywords":["QueretaroSeguro","RoboConViolencia","SeguridadEnCarreteras","TransporteP\u00fablico"],"articleSection":["Sucesos","\u00daltima Hora"],"inLanguage":"es","potentialAction":[{"@type":"CommentAction","name":"Comment","target":["https:\/\/www.nexoinformativo.mx\/index.php\/2024\/10\/09\/violento-intento-de-robo-a-autobus-en-el-marques-pasajeros-salen-ilesos\/#respond"]}]},{"@type":"WebPage","@id":"https:\/\/www.nexoinformativo.mx\/index.php\/2024\/10\/09\/violento-intento-de-robo-a-autobus-en-el-marques-pasajeros-salen-ilesos\/","url":"https:\/\/www.nexoinformativo.mx\/index.php\/2024\/10\/09\/violento-intento-de-robo-a-autobus-en-el-marques-pasajeros-salen-ilesos\/","name":"Violento intento de robo a autob\u00fas en El Marqu\u00e9s, pasajeros salen ilesos | Nexo Informativo Santiago de Quer\u00e9taro","isPartOf":{"@id":"https:\/\/www.nexoinformativo.mx\/#website"},"primaryImageOfPage":{"@id":"https:\/\/www.nexoinformativo.mx\/index.php\/2024\/10\/09\/violento-intento-de-robo-a-autobus-en-el-marques-pasajeros-salen-ilesos\/#primaryimage"},"image":{"@id":"https:\/\/www.nexoinformativo.mx\/index.php\/2024\/10\/09\/violento-intento-de-robo-a-autobus-en-el-marques-pasajeros-salen-ilesos\/#primaryimage"},"thumbnailUrl":"https:\/\/www.nexoinformativo.mx\/wp-content\/uploads\/2024\/10\/unnamed-3-1.jpg","datePublished":"2024-10-09T18:00:00+00:00","dateModified":"2024-10-10T00:28:30+00:00","description":"Violento intento de robo a autob\u00fas en El Marqu\u00e9s, pasajeros salen ilesos","breadcrumb":{"@id":"https:\/\/www.nexoinformativo.mx\/index.php\/2024\/10\/09\/violento-intento-de-robo-a-autobus-en-el-marques-pasajeros-salen-ilesos\/#breadcrumb"},"inLanguage":"es","potentialAction":[{"@type":"ReadAction","target":["https:\/\/www.nexoinformativo.mx\/index.php\/2024\/10\/09\/violento-intento-de-robo-a-autobus-en-el-marques-pasajeros-salen-ilesos\/"]}]},{"@type":"ImageObject","inLanguage":"es","@id":"https:\/\/www.nexoinformativo.mx\/index.php\/2024\/10\/09\/violento-intento-de-robo-a-autobus-en-el-marques-pasajeros-salen-ilesos\/#primaryimage","url":"https:\/\/www.nexoinformativo.mx\/wp-content\/uploads\/2024\/10\/unnamed-3-1.jpg","contentUrl":"https:\/\/www.nexoinformativo.mx\/wp-content\/uploads\/2024\/10\/unnamed-3-1.jpg","width":719,"height":1280},{"@type":"BreadcrumbList","@id":"https:\/\/www.nexoinformativo.mx\/index.php\/2024\/10\/09\/violento-intento-de-robo-a-autobus-en-el-marques-pasajeros-salen-ilesos\/#breadcrumb","itemListElement":[{"@type":"ListItem","position":1,"name":"Inicio","item":"https:\/\/www.nexoinformativo.mx\/"},{"@type":"ListItem","position":2,"name":"Violento intento de robo a autob\u00fas en El Marqu\u00e9s, pasajeros salen ilesos"}]},{"@type":"WebSite","@id":"https:\/\/www.nexoinformativo.mx\/#website","url":"https:\/\/www.nexoinformativo.mx\/","name":"Nexo Informativo Santiago de Quer\u00e9taro","description":"Explora NexoInformativo y convi\u00e9rtete en parte de una comunidad que valora el conocimiento y la verdad. Tu nexoinformativo es tu puente hacia una comprensi\u00f3n m\u00e1s profunda del mundo que te rodea.","publisher":{"@id":"https:\/\/www.nexoinformativo.mx\/#organization"},"potentialAction":[{"@type":"SearchAction","target":{"@type":"EntryPoint","urlTemplate":"https:\/\/www.nexoinformativo.mx\/?s={search_term_string}"},"query-input":{"@type":"PropertyValueSpecification","valueRequired":true,"valueName":"search_term_string"}}],"inLanguage":"es"},{"@type":"Organization","@id":"https:\/\/www.nexoinformativo.mx\/#organization","name":"Nexo Informativo Santiago de Quer\u00e9taro","url":"https:\/\/www.nexoinformativo.mx\/","logo":{"@type":"ImageObject","inLanguage":"es","@id":"https:\/\/www.nexoinformativo.mx\/#\/schema\/logo\/image\/","url":"https:\/\/www.nexoinformativo.mx\/wp-content\/uploads\/2024\/07\/nexoi-trasparente-2.png","contentUrl":"https:\/\/www.nexoinformativo.mx\/wp-content\/uploads\/2024\/07\/nexoi-trasparente-2.png","width":816,"height":339,"caption":"Nexo Informativo Santiago de Quer\u00e9taro"},"image":{"@id":"https:\/\/www.nexoinformativo.mx\/#\/schema\/logo\/image\/"},"sameAs":["https:\/\/www.facebook.com\/people\/Nexo-Informativo\/61564066885511\/"]},{"@type":"Person","@id":"https:\/\/www.nexoinformativo.mx\/#\/schema\/person\/7749d380ba08c8ca00d7bc76fd907b7d","name":"Nexo Informativo","image":{"@type":"ImageObject","inLanguage":"es","@id":"https:\/\/www.nexoinformativo.mx\/#\/schema\/person\/image\/","url":"https:\/\/secure.gravatar.com\/avatar\/dde2928154642a13d95f87ddf1ea9718fe2b46760a005c53e41ff5ad610704e6?s=96&d=mm&r=g","contentUrl":"https:\/\/secure.gravatar.com\/avatar\/dde2928154642a13d95f87ddf1ea9718fe2b46760a005c53e41ff5ad610704e6?s=96&d=mm&r=g","caption":"Nexo Informativo"},"url":"https:\/\/www.nexoinformativo.mx\/index.php\/author\/edicion\/"}]}},"_links":{"self":[{"href":"https:\/\/www.nexoinformativo.mx\/index.php\/wp-json\/wp\/v2\/posts\/3035","targetHints":{"allow":["GET"]}}],"collection":[{"href":"https:\/\/www.nexoinformativo.mx\/index.php\/wp-json\/wp\/v2\/posts"}],"about":[{"href":"https:\/\/www.nexoinformativo.mx\/index.php\/wp-json\/wp\/v2\/types\/post"}],"author":[{"embeddable":true,"href":"https:\/\/www.nexoinformativo.mx\/index.php\/wp-json\/wp\/v2\/users\/3"}],"replies":[{"embeddable":true,"href":"https:\/\/www.nexoinformativo.mx\/index.php\/wp-json\/wp\/v2\/comments?post=3035"}],"version-history":[{"count":3,"href":"https:\/\/www.nexoinformativo.mx\/index.php\/wp-json\/wp\/v2\/posts\/3035\/revisions"}],"predecessor-version":[{"id":3102,"href":"https:\/\/www.nexoinformativo.mx\/index.php\/wp-json\/wp\/v2\/posts\/3035\/revisions\/3102"}],"wp:featuredmedia":[{"embeddable":true,"href":"https:\/\/www.nexoinformativo.mx\/index.php\/wp-json\/wp\/v2\/media\/3038"}],"wp:attachment":[{"href":"https:\/\/www.nexoinformativo.mx\/index.php\/wp-json\/wp\/v2\/media?parent=3035"}],"wp:term":[{"taxonomy":"category","embeddable":true,"href":"https:\/\/www.nexoinformativo.mx\/index.php\/wp-json\/wp\/v2\/categories?post=3035"},{"taxonomy":"post_tag","embeddable":true,"href":"https:\/\/www.nexoinformativo.mx\/index.php\/wp-json\/wp\/v2\/tags?post=3035"}],"curies":[{"name":"wp","href":"https:\/\/api.w.org\/{rel}","templated":true}]}}