{"id":3046,"date":"2024-10-09T14:09:26","date_gmt":"2024-10-09T20:09:26","guid":{"rendered":"https:\/\/www.nexoinformativo.mx\/?p=3046"},"modified":"2024-10-09T18:51:28","modified_gmt":"2024-10-10T00:51:28","slug":"cinco-personas-pierden-la-vida-en-ataque-armado-en-el-marques-queretaro","status":"publish","type":"post","link":"https:\/\/www.nexoinformativo.mx\/index.php\/2024\/10\/09\/cinco-personas-pierden-la-vida-en-ataque-armado-en-el-marques-queretaro\/","title":{"rendered":"La Fiscal\u00eda informa de Cinco personas pierden la vida en ataque armado en El Marqu\u00e9s, Quer\u00e9taro"},"content":{"rendered":"\r\n<p style=\"margin-top: var(--wp--preset--spacing--10); margin-bottom: var(--wp--preset--spacing--10); text-align: justify;\">La madrugada de este mi\u00e9rcoles, la\u00a0<strong>Fiscal\u00eda General del Estado de Quer\u00e9taro<\/strong>\u00a0inform\u00f3 sobre un tr\u00e1gico incidente en el municipio de\u00a0<strong>El Marqu\u00e9s<\/strong>, donde cinco personas adultas perdieron la vida tras ser agredidas con arma de fuego. El hecho ha generado conmoci\u00f3n en la comunidad y ha dado lugar a una investigaci\u00f3n exhaustiva por parte de las autoridades competentes.<\/p>\r\n\r\n\r\n\r\n<p style=\"margin-top: var(--wp--preset--spacing--10); margin-bottom: var(--wp--preset--spacing--10); text-align: justify;\">Seg\u00fan la\u00a0<strong>Fiscal\u00eda<\/strong>, las personas fallecidas eran originarias del estado de\u00a0<strong>Guanajuato<\/strong>\u00a0y contaban con diversas carpetas de investigaci\u00f3n en dicha entidad. Adem\u00e1s, hab\u00edan sido v\u00edctimas de un intento de agresi\u00f3n previo en su estado natal, motivo por el cual recientemente se trasladaron a\u00a0<strong>El Marqu\u00e9s<\/strong>\u00a0en busca de seguridad.<\/p>\r\n\r\n\r\n\r\n<p style=\"margin-top: var(--wp--preset--spacing--10); margin-bottom: var(--wp--preset--spacing--10); text-align: justify;\">Las investigaciones est\u00e1n siendo llevadas a cabo por fiscales especializados, junto con peritos y polic\u00edas, que est\u00e1n procesando la escena del crimen y recopilando pruebas para esclarecer los hechos. En coordinaci\u00f3n con las autoridades de\u00a0<strong>Guanajuato<\/strong>, el equipo de investigaci\u00f3n busca obtener informaci\u00f3n que permita avanzar en el proceso judicial, el cual se est\u00e1 llevando bajo estrictos protocolos de\u00a0<strong>Derechos Humanos<\/strong>\u00a0y con perspectiva de g\u00e9nero.<\/p>\r\n\r\n\r\n\r\n<p style=\"margin-top: var(--wp--preset--spacing--10); margin-bottom: var(--wp--preset--spacing--10); text-align: justify;\">Hasta el momento, no se han revelado detalles adicionales sobre los posibles m\u00f3viles del ataque ni sobre los responsables. La\u00a0<strong>Fiscal\u00eda<\/strong>\u00a0ha asegurado que brindar\u00e1 m\u00e1s informaci\u00f3n conforme el proceso penal lo permita.<\/p>\r\n<p>&nbsp;<\/p>\r\n<p style=\"text-align: center;\"><em><strong>\u00a1Informaci\u00f3n que transforma!<\/strong><\/em><\/p>\r\n","protected":false},"excerpt":{"rendered":"<p>La madrugada de este mi\u00e9rcoles, la\u00a0Fiscal\u00eda General del Estado de Quer\u00e9taro\u00a0inform\u00f3 sobre un tr\u00e1gico incidente en el municipio de\u00a0El Marqu\u00e9s, donde cinco personas adultas perdieron la vida tras ser agredidas con arma de fuego. El hecho ha generado conmoci\u00f3n en la comunidad y ha dado lugar a una investigaci\u00f3n exhaustiva por parte de las autoridades [&hellip;]<\/p>\n","protected":false},"author":3,"featured_media":3051,"comment_status":"open","ping_status":"open","sticky":false,"template":"","format":"standard","meta":{"footnotes":""},"categories":[65,137,58],"tags":[1221,1117,1220],"class_list":["post-3046","post","type-post","status-publish","format-standard","has-post-thumbnail","hentry","category-municipios","category-sucesos","category-ultima-hora","tag-fiscaliaqueratro","tag-investigacionencurso","tag-seguridadesmarques"],"yoast_head":"<!-- This site is optimized with the Yoast SEO plugin v25.0 - https:\/\/yoast.com\/wordpress\/plugins\/seo\/ -->\n<title>La Fiscal\u00eda informa de Cinco personas pierden la vida en ataque armado en El Marqu\u00e9s, Quer\u00e9taro | Nexo Informativo Santiago de Quer\u00e9taro<\/title>\n<meta name=\"robots\" content=\"index, follow, max-snippet:-1, max-image-preview:large, max-video-preview:-1\" \/>\n<link rel=\"canonical\" href=\"https:\/\/www.nexoinformativo.mx\/index.php\/2024\/10\/09\/cinco-personas-pierden-la-vida-en-ataque-armado-en-el-marques-queretaro\/\" \/>\n<meta property=\"og:locale\" content=\"es_MX\" \/>\n<meta property=\"og:type\" content=\"article\" \/>\n<meta property=\"og:title\" content=\"La Fiscal\u00eda informa de Cinco personas pierden la vida en ataque armado en El Marqu\u00e9s, Quer\u00e9taro | Nexo Informativo Santiago de Quer\u00e9taro\" \/>\n<meta property=\"og:description\" content=\"La madrugada de este mi\u00e9rcoles, la\u00a0Fiscal\u00eda General del Estado de Quer\u00e9taro\u00a0inform\u00f3 sobre un tr\u00e1gico incidente en el municipio de\u00a0El Marqu\u00e9s, donde cinco personas adultas perdieron la vida tras ser agredidas con arma de fuego. El hecho ha generado conmoci\u00f3n en la comunidad y ha dado lugar a una investigaci\u00f3n exhaustiva por parte de las autoridades [&hellip;]\" \/>\n<meta property=\"og:url\" content=\"https:\/\/www.nexoinformativo.mx\/index.php\/2024\/10\/09\/cinco-personas-pierden-la-vida-en-ataque-armado-en-el-marques-queretaro\/\" \/>\n<meta property=\"og:site_name\" content=\"Nexo Informativo Santiago de Quer\u00e9taro\" \/>\n<meta property=\"article:publisher\" content=\"https:\/\/www.facebook.com\/people\/Nexo-Informativo\/61564066885511\/\" \/>\n<meta property=\"article:published_time\" content=\"2024-10-09T20:09:26+00:00\" \/>\n<meta property=\"article:modified_time\" content=\"2024-10-10T00:51:28+00:00\" \/>\n<meta property=\"og:image\" content=\"https:\/\/www.nexoinformativo.mx\/wp-content\/uploads\/2024\/10\/IMG_6812.jpg\" \/>\n\t<meta property=\"og:image:width\" content=\"622\" \/>\n\t<meta property=\"og:image:height\" content=\"415\" \/>\n\t<meta property=\"og:image:type\" content=\"image\/jpeg\" \/>\n<meta name=\"author\" content=\"Nexo Informativo\" \/>\n<meta name=\"twitter:card\" content=\"summary_large_image\" \/>\n<meta name=\"twitter:label1\" content=\"Escrito por\" \/>\n\t<meta name=\"twitter:data1\" content=\"Nexo Informativo\" \/>\n\t<meta name=\"twitter:label2\" content=\"Tiempo de lectura\" \/>\n\t<meta name=\"twitter:data2\" content=\"2 minutos\" \/>\n<script type=\"application\/ld+json\" class=\"yoast-schema-graph\">{\"@context\":\"https:\/\/schema.org\",\"@graph\":[{\"@type\":\"Article\",\"@id\":\"https:\/\/www.nexoinformativo.mx\/index.php\/2024\/10\/09\/cinco-personas-pierden-la-vida-en-ataque-armado-en-el-marques-queretaro\/#article\",\"isPartOf\":{\"@id\":\"https:\/\/www.nexoinformativo.mx\/index.php\/2024\/10\/09\/cinco-personas-pierden-la-vida-en-ataque-armado-en-el-marques-queretaro\/\"},\"author\":{\"name\":\"Nexo Informativo\",\"@id\":\"https:\/\/www.nexoinformativo.mx\/#\/schema\/person\/7749d380ba08c8ca00d7bc76fd907b7d\"},\"headline\":\"La Fiscal\u00eda informa de Cinco personas pierden la vida en ataque armado en El Marqu\u00e9s, Quer\u00e9taro\",\"datePublished\":\"2024-10-09T20:09:26+00:00\",\"dateModified\":\"2024-10-10T00:51:28+00:00\",\"mainEntityOfPage\":{\"@id\":\"https:\/\/www.nexoinformativo.mx\/index.php\/2024\/10\/09\/cinco-personas-pierden-la-vida-en-ataque-armado-en-el-marques-queretaro\/\"},\"wordCount\":258,\"commentCount\":0,\"publisher\":{\"@id\":\"https:\/\/www.nexoinformativo.mx\/#organization\"},\"image\":{\"@id\":\"https:\/\/www.nexoinformativo.mx\/index.php\/2024\/10\/09\/cinco-personas-pierden-la-vida-en-ataque-armado-en-el-marques-queretaro\/#primaryimage\"},\"thumbnailUrl\":\"https:\/\/www.nexoinformativo.mx\/wp-content\/uploads\/2024\/10\/IMG_6812.jpg\",\"keywords\":[\"FiscaliaQueratro\",\"Investigaci\u00f3nEnCurso\",\"seguridadesMarques\"],\"articleSection\":[\"Municipios\",\"Sucesos\",\"\u00daltima Hora\"],\"inLanguage\":\"es\",\"potentialAction\":[{\"@type\":\"CommentAction\",\"name\":\"Comment\",\"target\":[\"https:\/\/www.nexoinformativo.mx\/index.php\/2024\/10\/09\/cinco-personas-pierden-la-vida-en-ataque-armado-en-el-marques-queretaro\/#respond\"]}]},{\"@type\":\"WebPage\",\"@id\":\"https:\/\/www.nexoinformativo.mx\/index.php\/2024\/10\/09\/cinco-personas-pierden-la-vida-en-ataque-armado-en-el-marques-queretaro\/\",\"url\":\"https:\/\/www.nexoinformativo.mx\/index.php\/2024\/10\/09\/cinco-personas-pierden-la-vida-en-ataque-armado-en-el-marques-queretaro\/\",\"name\":\"La Fiscal\u00eda informa de Cinco personas pierden la vida en ataque armado en El Marqu\u00e9s, Quer\u00e9taro | Nexo Informativo Santiago de Quer\u00e9taro\",\"isPartOf\":{\"@id\":\"https:\/\/www.nexoinformativo.mx\/#website\"},\"primaryImageOfPage\":{\"@id\":\"https:\/\/www.nexoinformativo.mx\/index.php\/2024\/10\/09\/cinco-personas-pierden-la-vida-en-ataque-armado-en-el-marques-queretaro\/#primaryimage\"},\"image\":{\"@id\":\"https:\/\/www.nexoinformativo.mx\/index.php\/2024\/10\/09\/cinco-personas-pierden-la-vida-en-ataque-armado-en-el-marques-queretaro\/#primaryimage\"},\"thumbnailUrl\":\"https:\/\/www.nexoinformativo.mx\/wp-content\/uploads\/2024\/10\/IMG_6812.jpg\",\"datePublished\":\"2024-10-09T20:09:26+00:00\",\"dateModified\":\"2024-10-10T00:51:28+00:00\",\"breadcrumb\":{\"@id\":\"https:\/\/www.nexoinformativo.mx\/index.php\/2024\/10\/09\/cinco-personas-pierden-la-vida-en-ataque-armado-en-el-marques-queretaro\/#breadcrumb\"},\"inLanguage\":\"es\",\"potentialAction\":[{\"@type\":\"ReadAction\",\"target\":[\"https:\/\/www.nexoinformativo.mx\/index.php\/2024\/10\/09\/cinco-personas-pierden-la-vida-en-ataque-armado-en-el-marques-queretaro\/\"]}]},{\"@type\":\"ImageObject\",\"inLanguage\":\"es\",\"@id\":\"https:\/\/www.nexoinformativo.mx\/index.php\/2024\/10\/09\/cinco-personas-pierden-la-vida-en-ataque-armado-en-el-marques-queretaro\/#primaryimage\",\"url\":\"https:\/\/www.nexoinformativo.mx\/wp-content\/uploads\/2024\/10\/IMG_6812.jpg\",\"contentUrl\":\"https:\/\/www.nexoinformativo.mx\/wp-content\/uploads\/2024\/10\/IMG_6812.jpg\",\"width\":622,\"height\":415},{\"@type\":\"BreadcrumbList\",\"@id\":\"https:\/\/www.nexoinformativo.mx\/index.php\/2024\/10\/09\/cinco-personas-pierden-la-vida-en-ataque-armado-en-el-marques-queretaro\/#breadcrumb\",\"itemListElement\":[{\"@type\":\"ListItem\",\"position\":1,\"name\":\"Inicio\",\"item\":\"https:\/\/www.nexoinformativo.mx\/\"},{\"@type\":\"ListItem\",\"position\":2,\"name\":\"La Fiscal\u00eda informa de Cinco personas pierden la vida en ataque armado en El Marqu\u00e9s, Quer\u00e9taro\"}]},{\"@type\":\"WebSite\",\"@id\":\"https:\/\/www.nexoinformativo.mx\/#website\",\"url\":\"https:\/\/www.nexoinformativo.mx\/\",\"name\":\"Nexo Informativo Santiago de Quer\u00e9taro\",\"description\":\"Explora NexoInformativo y convi\u00e9rtete en parte de una comunidad que valora el conocimiento y la verdad. Tu nexoinformativo es tu puente hacia una comprensi\u00f3n m\u00e1s profunda del mundo que te rodea.\",\"publisher\":{\"@id\":\"https:\/\/www.nexoinformativo.mx\/#organization\"},\"potentialAction\":[{\"@type\":\"SearchAction\",\"target\":{\"@type\":\"EntryPoint\",\"urlTemplate\":\"https:\/\/www.nexoinformativo.mx\/?s={search_term_string}\"},\"query-input\":{\"@type\":\"PropertyValueSpecification\",\"valueRequired\":true,\"valueName\":\"search_term_string\"}}],\"inLanguage\":\"es\"},{\"@type\":\"Organization\",\"@id\":\"https:\/\/www.nexoinformativo.mx\/#organization\",\"name\":\"Nexo Informativo Santiago de Quer\u00e9taro\",\"url\":\"https:\/\/www.nexoinformativo.mx\/\",\"logo\":{\"@type\":\"ImageObject\",\"inLanguage\":\"es\",\"@id\":\"https:\/\/www.nexoinformativo.mx\/#\/schema\/logo\/image\/\",\"url\":\"https:\/\/www.nexoinformativo.mx\/wp-content\/uploads\/2024\/07\/nexoi-trasparente-2.png\",\"contentUrl\":\"https:\/\/www.nexoinformativo.mx\/wp-content\/uploads\/2024\/07\/nexoi-trasparente-2.png\",\"width\":816,\"height\":339,\"caption\":\"Nexo Informativo Santiago de Quer\u00e9taro\"},\"image\":{\"@id\":\"https:\/\/www.nexoinformativo.mx\/#\/schema\/logo\/image\/\"},\"sameAs\":[\"https:\/\/www.facebook.com\/people\/Nexo-Informativo\/61564066885511\/\"]},{\"@type\":\"Person\",\"@id\":\"https:\/\/www.nexoinformativo.mx\/#\/schema\/person\/7749d380ba08c8ca00d7bc76fd907b7d\",\"name\":\"Nexo Informativo\",\"image\":{\"@type\":\"ImageObject\",\"inLanguage\":\"es\",\"@id\":\"https:\/\/www.nexoinformativo.mx\/#\/schema\/person\/image\/\",\"url\":\"https:\/\/secure.gravatar.com\/avatar\/dde2928154642a13d95f87ddf1ea9718fe2b46760a005c53e41ff5ad610704e6?s=96&d=mm&r=g\",\"contentUrl\":\"https:\/\/secure.gravatar.com\/avatar\/dde2928154642a13d95f87ddf1ea9718fe2b46760a005c53e41ff5ad610704e6?s=96&d=mm&r=g\",\"caption\":\"Nexo Informativo\"},\"url\":\"https:\/\/www.nexoinformativo.mx\/index.php\/author\/edicion\/\"}]}<\/script>\n<!-- \/ Yoast SEO plugin. -->","yoast_head_json":{"title":"La Fiscal\u00eda informa de Cinco personas pierden la vida en ataque armado en El Marqu\u00e9s, Quer\u00e9taro | Nexo Informativo Santiago de Quer\u00e9taro","robots":{"index":"index","follow":"follow","max-snippet":"max-snippet:-1","max-image-preview":"max-image-preview:large","max-video-preview":"max-video-preview:-1"},"canonical":"https:\/\/www.nexoinformativo.mx\/index.php\/2024\/10\/09\/cinco-personas-pierden-la-vida-en-ataque-armado-en-el-marques-queretaro\/","og_locale":"es_MX","og_type":"article","og_title":"La Fiscal\u00eda informa de Cinco personas pierden la vida en ataque armado en El Marqu\u00e9s, Quer\u00e9taro | Nexo Informativo Santiago de Quer\u00e9taro","og_description":"La madrugada de este mi\u00e9rcoles, la\u00a0Fiscal\u00eda General del Estado de Quer\u00e9taro\u00a0inform\u00f3 sobre un tr\u00e1gico incidente en el municipio de\u00a0El Marqu\u00e9s, donde cinco personas adultas perdieron la vida tras ser agredidas con arma de fuego. El hecho ha generado conmoci\u00f3n en la comunidad y ha dado lugar a una investigaci\u00f3n exhaustiva por parte de las autoridades [&hellip;]","og_url":"https:\/\/www.nexoinformativo.mx\/index.php\/2024\/10\/09\/cinco-personas-pierden-la-vida-en-ataque-armado-en-el-marques-queretaro\/","og_site_name":"Nexo Informativo Santiago de Quer\u00e9taro","article_publisher":"https:\/\/www.facebook.com\/people\/Nexo-Informativo\/61564066885511\/","article_published_time":"2024-10-09T20:09:26+00:00","article_modified_time":"2024-10-10T00:51:28+00:00","og_image":[{"width":622,"height":415,"url":"https:\/\/www.nexoinformativo.mx\/wp-content\/uploads\/2024\/10\/IMG_6812.jpg","type":"image\/jpeg"}],"author":"Nexo Informativo","twitter_card":"summary_large_image","twitter_misc":{"Escrito por":"Nexo Informativo","Tiempo de lectura":"2 minutos"},"schema":{"@context":"https:\/\/schema.org","@graph":[{"@type":"Article","@id":"https:\/\/www.nexoinformativo.mx\/index.php\/2024\/10\/09\/cinco-personas-pierden-la-vida-en-ataque-armado-en-el-marques-queretaro\/#article","isPartOf":{"@id":"https:\/\/www.nexoinformativo.mx\/index.php\/2024\/10\/09\/cinco-personas-pierden-la-vida-en-ataque-armado-en-el-marques-queretaro\/"},"author":{"name":"Nexo Informativo","@id":"https:\/\/www.nexoinformativo.mx\/#\/schema\/person\/7749d380ba08c8ca00d7bc76fd907b7d"},"headline":"La Fiscal\u00eda informa de Cinco personas pierden la vida en ataque armado en El Marqu\u00e9s, Quer\u00e9taro","datePublished":"2024-10-09T20:09:26+00:00","dateModified":"2024-10-10T00:51:28+00:00","mainEntityOfPage":{"@id":"https:\/\/www.nexoinformativo.mx\/index.php\/2024\/10\/09\/cinco-personas-pierden-la-vida-en-ataque-armado-en-el-marques-queretaro\/"},"wordCount":258,"commentCount":0,"publisher":{"@id":"https:\/\/www.nexoinformativo.mx\/#organization"},"image":{"@id":"https:\/\/www.nexoinformativo.mx\/index.php\/2024\/10\/09\/cinco-personas-pierden-la-vida-en-ataque-armado-en-el-marques-queretaro\/#primaryimage"},"thumbnailUrl":"https:\/\/www.nexoinformativo.mx\/wp-content\/uploads\/2024\/10\/IMG_6812.jpg","keywords":["FiscaliaQueratro","Investigaci\u00f3nEnCurso","seguridadesMarques"],"articleSection":["Municipios","Sucesos","\u00daltima Hora"],"inLanguage":"es","potentialAction":[{"@type":"CommentAction","name":"Comment","target":["https:\/\/www.nexoinformativo.mx\/index.php\/2024\/10\/09\/cinco-personas-pierden-la-vida-en-ataque-armado-en-el-marques-queretaro\/#respond"]}]},{"@type":"WebPage","@id":"https:\/\/www.nexoinformativo.mx\/index.php\/2024\/10\/09\/cinco-personas-pierden-la-vida-en-ataque-armado-en-el-marques-queretaro\/","url":"https:\/\/www.nexoinformativo.mx\/index.php\/2024\/10\/09\/cinco-personas-pierden-la-vida-en-ataque-armado-en-el-marques-queretaro\/","name":"La Fiscal\u00eda informa de Cinco personas pierden la vida en ataque armado en El Marqu\u00e9s, Quer\u00e9taro | Nexo Informativo Santiago de Quer\u00e9taro","isPartOf":{"@id":"https:\/\/www.nexoinformativo.mx\/#website"},"primaryImageOfPage":{"@id":"https:\/\/www.nexoinformativo.mx\/index.php\/2024\/10\/09\/cinco-personas-pierden-la-vida-en-ataque-armado-en-el-marques-queretaro\/#primaryimage"},"image":{"@id":"https:\/\/www.nexoinformativo.mx\/index.php\/2024\/10\/09\/cinco-personas-pierden-la-vida-en-ataque-armado-en-el-marques-queretaro\/#primaryimage"},"thumbnailUrl":"https:\/\/www.nexoinformativo.mx\/wp-content\/uploads\/2024\/10\/IMG_6812.jpg","datePublished":"2024-10-09T20:09:26+00:00","dateModified":"2024-10-10T00:51:28+00:00","breadcrumb":{"@id":"https:\/\/www.nexoinformativo.mx\/index.php\/2024\/10\/09\/cinco-personas-pierden-la-vida-en-ataque-armado-en-el-marques-queretaro\/#breadcrumb"},"inLanguage":"es","potentialAction":[{"@type":"ReadAction","target":["https:\/\/www.nexoinformativo.mx\/index.php\/2024\/10\/09\/cinco-personas-pierden-la-vida-en-ataque-armado-en-el-marques-queretaro\/"]}]},{"@type":"ImageObject","inLanguage":"es","@id":"https:\/\/www.nexoinformativo.mx\/index.php\/2024\/10\/09\/cinco-personas-pierden-la-vida-en-ataque-armado-en-el-marques-queretaro\/#primaryimage","url":"https:\/\/www.nexoinformativo.mx\/wp-content\/uploads\/2024\/10\/IMG_6812.jpg","contentUrl":"https:\/\/www.nexoinformativo.mx\/wp-content\/uploads\/2024\/10\/IMG_6812.jpg","width":622,"height":415},{"@type":"BreadcrumbList","@id":"https:\/\/www.nexoinformativo.mx\/index.php\/2024\/10\/09\/cinco-personas-pierden-la-vida-en-ataque-armado-en-el-marques-queretaro\/#breadcrumb","itemListElement":[{"@type":"ListItem","position":1,"name":"Inicio","item":"https:\/\/www.nexoinformativo.mx\/"},{"@type":"ListItem","position":2,"name":"La Fiscal\u00eda informa de Cinco personas pierden la vida en ataque armado en El Marqu\u00e9s, Quer\u00e9taro"}]},{"@type":"WebSite","@id":"https:\/\/www.nexoinformativo.mx\/#website","url":"https:\/\/www.nexoinformativo.mx\/","name":"Nexo Informativo Santiago de Quer\u00e9taro","description":"Explora NexoInformativo y convi\u00e9rtete en parte de una comunidad que valora el conocimiento y la verdad. Tu nexoinformativo es tu puente hacia una comprensi\u00f3n m\u00e1s profunda del mundo que te rodea.","publisher":{"@id":"https:\/\/www.nexoinformativo.mx\/#organization"},"potentialAction":[{"@type":"SearchAction","target":{"@type":"EntryPoint","urlTemplate":"https:\/\/www.nexoinformativo.mx\/?s={search_term_string}"},"query-input":{"@type":"PropertyValueSpecification","valueRequired":true,"valueName":"search_term_string"}}],"inLanguage":"es"},{"@type":"Organization","@id":"https:\/\/www.nexoinformativo.mx\/#organization","name":"Nexo Informativo Santiago de Quer\u00e9taro","url":"https:\/\/www.nexoinformativo.mx\/","logo":{"@type":"ImageObject","inLanguage":"es","@id":"https:\/\/www.nexoinformativo.mx\/#\/schema\/logo\/image\/","url":"https:\/\/www.nexoinformativo.mx\/wp-content\/uploads\/2024\/07\/nexoi-trasparente-2.png","contentUrl":"https:\/\/www.nexoinformativo.mx\/wp-content\/uploads\/2024\/07\/nexoi-trasparente-2.png","width":816,"height":339,"caption":"Nexo Informativo Santiago de Quer\u00e9taro"},"image":{"@id":"https:\/\/www.nexoinformativo.mx\/#\/schema\/logo\/image\/"},"sameAs":["https:\/\/www.facebook.com\/people\/Nexo-Informativo\/61564066885511\/"]},{"@type":"Person","@id":"https:\/\/www.nexoinformativo.mx\/#\/schema\/person\/7749d380ba08c8ca00d7bc76fd907b7d","name":"Nexo Informativo","image":{"@type":"ImageObject","inLanguage":"es","@id":"https:\/\/www.nexoinformativo.mx\/#\/schema\/person\/image\/","url":"https:\/\/secure.gravatar.com\/avatar\/dde2928154642a13d95f87ddf1ea9718fe2b46760a005c53e41ff5ad610704e6?s=96&d=mm&r=g","contentUrl":"https:\/\/secure.gravatar.com\/avatar\/dde2928154642a13d95f87ddf1ea9718fe2b46760a005c53e41ff5ad610704e6?s=96&d=mm&r=g","caption":"Nexo Informativo"},"url":"https:\/\/www.nexoinformativo.mx\/index.php\/author\/edicion\/"}]}},"_links":{"self":[{"href":"https:\/\/www.nexoinformativo.mx\/index.php\/wp-json\/wp\/v2\/posts\/3046","targetHints":{"allow":["GET"]}}],"collection":[{"href":"https:\/\/www.nexoinformativo.mx\/index.php\/wp-json\/wp\/v2\/posts"}],"about":[{"href":"https:\/\/www.nexoinformativo.mx\/index.php\/wp-json\/wp\/v2\/types\/post"}],"author":[{"embeddable":true,"href":"https:\/\/www.nexoinformativo.mx\/index.php\/wp-json\/wp\/v2\/users\/3"}],"replies":[{"embeddable":true,"href":"https:\/\/www.nexoinformativo.mx\/index.php\/wp-json\/wp\/v2\/comments?post=3046"}],"version-history":[{"count":5,"href":"https:\/\/www.nexoinformativo.mx\/index.php\/wp-json\/wp\/v2\/posts\/3046\/revisions"}],"predecessor-version":[{"id":3109,"href":"https:\/\/www.nexoinformativo.mx\/index.php\/wp-json\/wp\/v2\/posts\/3046\/revisions\/3109"}],"wp:featuredmedia":[{"embeddable":true,"href":"https:\/\/www.nexoinformativo.mx\/index.php\/wp-json\/wp\/v2\/media\/3051"}],"wp:attachment":[{"href":"https:\/\/www.nexoinformativo.mx\/index.php\/wp-json\/wp\/v2\/media?parent=3046"}],"wp:term":[{"taxonomy":"category","embeddable":true,"href":"https:\/\/www.nexoinformativo.mx\/index.php\/wp-json\/wp\/v2\/categories?post=3046"},{"taxonomy":"post_tag","embeddable":true,"href":"https:\/\/www.nexoinformativo.mx\/index.php\/wp-json\/wp\/v2\/tags?post=3046"}],"curies":[{"name":"wp","href":"https:\/\/api.w.org\/{rel}","templated":true}]}}