{"id":3054,"date":"2024-10-09T12:00:00","date_gmt":"2024-10-09T18:00:00","guid":{"rendered":"https:\/\/www.nexoinformativo.mx\/?p=3054"},"modified":"2024-10-09T18:29:22","modified_gmt":"2024-10-10T00:29:22","slug":"policia-estatal-de-san-juan-del-rio-detiene-a-hombre-con-orden-de-aprehension-por-abuso-sexual","status":"publish","type":"post","link":"https:\/\/www.nexoinformativo.mx\/index.php\/2024\/10\/09\/policia-estatal-de-san-juan-del-rio-detiene-a-hombre-con-orden-de-aprehension-por-abuso-sexual\/","title":{"rendered":"Polic\u00eda Estatal de San Juan del R\u00edo detiene a hombre con orden de aprehensi\u00f3n por abuso sexual"},"content":{"rendered":"\r\n<p style=\"margin-top: var(--wp--preset--spacing--10); margin-bottom: var(--wp--preset--spacing--10); text-align: justify;\">En San Juan del R\u00edo, elementos de la Polic\u00eda Estatal (POES) detuvieron a un hombre con orden de aprehensi\u00f3n por abuso sexual en la colonia El Roc\u00edo. Los oficiales realizaban operativos de prevenci\u00f3n cuando notaron que el sujeto intentaba esconderse entre veh\u00edculos estacionados, mostrando un comportamiento evasivo.<\/p>\r\n\r\n\r\n\r\n<p style=\"margin-top: var(--wp--preset--spacing--10); margin-bottom: var(--wp--preset--spacing--10); text-align: justify;\">Al verificar sus datos en el Sistema Plataforma M\u00e9xico, confirmaron que el individuo ten\u00eda una orden de aprehensi\u00f3n vigente por abuso sexual. Tras su detenci\u00f3n, fue entregado a la Fiscal\u00eda General del Estado para que se contin\u00fae con el proceso judicial correspondiente.<\/p>\r\n<p>&nbsp;<\/p>\r\n<p style=\"text-align: center;\"><em><strong>\u00a1Informaci\u00f3n que transforma!<\/strong><\/em><\/p>\r\n","protected":false},"excerpt":{"rendered":"<p>En San Juan del R\u00edo, elementos de la Polic\u00eda Estatal (POES) detuvieron a un hombre con orden de aprehensi\u00f3n por abuso sexual en la colonia El Roc\u00edo<\/p>\n","protected":false},"author":3,"featured_media":3057,"comment_status":"open","ping_status":"open","sticky":false,"template":"","format":"standard","meta":{"footnotes":""},"categories":[65,137,58],"tags":[1217,480,382,266],"class_list":["post-3054","post","type-post","status-publish","format-standard","has-post-thumbnail","hentry","category-municipios","category-sucesos","category-ultima-hora","tag-abusosexual","tag-justicia","tag-sanjuandelrio","tag-seguridadqueretaro"],"yoast_head":"<!-- This site is optimized with the Yoast SEO plugin v25.0 - https:\/\/yoast.com\/wordpress\/plugins\/seo\/ -->\n<title>Polic\u00eda Estatal de San Juan del R\u00edo detiene a hombre con orden de aprehensi\u00f3n por abuso sexual | Nexo Informativo Santiago de Quer\u00e9taro<\/title>\n<meta name=\"description\" content=\"Polic\u00eda Estatal de San Juan del R\u00edo detiene a hombre con orden de aprehensi\u00f3n por abuso sexual\" \/>\n<meta name=\"robots\" content=\"index, follow, max-snippet:-1, max-image-preview:large, max-video-preview:-1\" \/>\n<link rel=\"canonical\" href=\"https:\/\/www.nexoinformativo.mx\/index.php\/2024\/10\/09\/policia-estatal-de-san-juan-del-rio-detiene-a-hombre-con-orden-de-aprehension-por-abuso-sexual\/\" \/>\n<meta property=\"og:locale\" content=\"es_MX\" \/>\n<meta property=\"og:type\" content=\"article\" \/>\n<meta property=\"og:title\" content=\"Polic\u00eda Estatal de San Juan del R\u00edo detiene a hombre con orden de aprehensi\u00f3n por abuso sexual | Nexo Informativo Santiago de Quer\u00e9taro\" \/>\n<meta property=\"og:description\" content=\"Polic\u00eda Estatal de San Juan del R\u00edo detiene a hombre con orden de aprehensi\u00f3n por abuso sexual\" \/>\n<meta property=\"og:url\" content=\"https:\/\/www.nexoinformativo.mx\/index.php\/2024\/10\/09\/policia-estatal-de-san-juan-del-rio-detiene-a-hombre-con-orden-de-aprehension-por-abuso-sexual\/\" \/>\n<meta property=\"og:site_name\" content=\"Nexo Informativo Santiago de Quer\u00e9taro\" \/>\n<meta property=\"article:publisher\" content=\"https:\/\/www.facebook.com\/people\/Nexo-Informativo\/61564066885511\/\" \/>\n<meta property=\"article:published_time\" content=\"2024-10-09T18:00:00+00:00\" \/>\n<meta property=\"article:modified_time\" content=\"2024-10-10T00:29:22+00:00\" \/>\n<meta property=\"og:image\" content=\"https:\/\/www.nexoinformativo.mx\/wp-content\/uploads\/2024\/10\/unnamed-4-1-e1728504861596.jpg\" \/>\n\t<meta property=\"og:image:width\" content=\"800\" \/>\n\t<meta property=\"og:image:height\" content=\"1067\" \/>\n\t<meta property=\"og:image:type\" content=\"image\/jpeg\" \/>\n<meta name=\"author\" content=\"Nexo Informativo\" \/>\n<meta name=\"twitter:card\" content=\"summary_large_image\" \/>\n<meta name=\"twitter:label1\" content=\"Escrito por\" \/>\n\t<meta name=\"twitter:data1\" content=\"Nexo Informativo\" \/>\n\t<meta name=\"twitter:label2\" content=\"Tiempo de lectura\" \/>\n\t<meta name=\"twitter:data2\" content=\"1 minuto\" \/>\n<script type=\"application\/ld+json\" class=\"yoast-schema-graph\">{\"@context\":\"https:\/\/schema.org\",\"@graph\":[{\"@type\":\"Article\",\"@id\":\"https:\/\/www.nexoinformativo.mx\/index.php\/2024\/10\/09\/policia-estatal-de-san-juan-del-rio-detiene-a-hombre-con-orden-de-aprehension-por-abuso-sexual\/#article\",\"isPartOf\":{\"@id\":\"https:\/\/www.nexoinformativo.mx\/index.php\/2024\/10\/09\/policia-estatal-de-san-juan-del-rio-detiene-a-hombre-con-orden-de-aprehension-por-abuso-sexual\/\"},\"author\":{\"name\":\"Nexo Informativo\",\"@id\":\"https:\/\/www.nexoinformativo.mx\/#\/schema\/person\/7749d380ba08c8ca00d7bc76fd907b7d\"},\"headline\":\"Polic\u00eda Estatal de San Juan del R\u00edo detiene a hombre con orden de aprehensi\u00f3n por abuso sexual\",\"datePublished\":\"2024-10-09T18:00:00+00:00\",\"dateModified\":\"2024-10-10T00:29:22+00:00\",\"mainEntityOfPage\":{\"@id\":\"https:\/\/www.nexoinformativo.mx\/index.php\/2024\/10\/09\/policia-estatal-de-san-juan-del-rio-detiene-a-hombre-con-orden-de-aprehension-por-abuso-sexual\/\"},\"wordCount\":126,\"commentCount\":0,\"publisher\":{\"@id\":\"https:\/\/www.nexoinformativo.mx\/#organization\"},\"image\":{\"@id\":\"https:\/\/www.nexoinformativo.mx\/index.php\/2024\/10\/09\/policia-estatal-de-san-juan-del-rio-detiene-a-hombre-con-orden-de-aprehension-por-abuso-sexual\/#primaryimage\"},\"thumbnailUrl\":\"https:\/\/www.nexoinformativo.mx\/wp-content\/uploads\/2024\/10\/unnamed-4-1-e1728504861596.jpg\",\"keywords\":[\"AbusoSexual\",\"Justicia\",\"SanJuanDelR\u00edo\",\"SeguridadQueretaro\"],\"articleSection\":[\"Municipios\",\"Sucesos\",\"\u00daltima Hora\"],\"inLanguage\":\"es\",\"potentialAction\":[{\"@type\":\"CommentAction\",\"name\":\"Comment\",\"target\":[\"https:\/\/www.nexoinformativo.mx\/index.php\/2024\/10\/09\/policia-estatal-de-san-juan-del-rio-detiene-a-hombre-con-orden-de-aprehension-por-abuso-sexual\/#respond\"]}]},{\"@type\":\"WebPage\",\"@id\":\"https:\/\/www.nexoinformativo.mx\/index.php\/2024\/10\/09\/policia-estatal-de-san-juan-del-rio-detiene-a-hombre-con-orden-de-aprehension-por-abuso-sexual\/\",\"url\":\"https:\/\/www.nexoinformativo.mx\/index.php\/2024\/10\/09\/policia-estatal-de-san-juan-del-rio-detiene-a-hombre-con-orden-de-aprehension-por-abuso-sexual\/\",\"name\":\"Polic\u00eda Estatal de San Juan del R\u00edo detiene a hombre con orden de aprehensi\u00f3n por abuso sexual | Nexo Informativo Santiago de Quer\u00e9taro\",\"isPartOf\":{\"@id\":\"https:\/\/www.nexoinformativo.mx\/#website\"},\"primaryImageOfPage\":{\"@id\":\"https:\/\/www.nexoinformativo.mx\/index.php\/2024\/10\/09\/policia-estatal-de-san-juan-del-rio-detiene-a-hombre-con-orden-de-aprehension-por-abuso-sexual\/#primaryimage\"},\"image\":{\"@id\":\"https:\/\/www.nexoinformativo.mx\/index.php\/2024\/10\/09\/policia-estatal-de-san-juan-del-rio-detiene-a-hombre-con-orden-de-aprehension-por-abuso-sexual\/#primaryimage\"},\"thumbnailUrl\":\"https:\/\/www.nexoinformativo.mx\/wp-content\/uploads\/2024\/10\/unnamed-4-1-e1728504861596.jpg\",\"datePublished\":\"2024-10-09T18:00:00+00:00\",\"dateModified\":\"2024-10-10T00:29:22+00:00\",\"description\":\"Polic\u00eda Estatal de San Juan del R\u00edo detiene a hombre con orden de aprehensi\u00f3n por abuso sexual\",\"breadcrumb\":{\"@id\":\"https:\/\/www.nexoinformativo.mx\/index.php\/2024\/10\/09\/policia-estatal-de-san-juan-del-rio-detiene-a-hombre-con-orden-de-aprehension-por-abuso-sexual\/#breadcrumb\"},\"inLanguage\":\"es\",\"potentialAction\":[{\"@type\":\"ReadAction\",\"target\":[\"https:\/\/www.nexoinformativo.mx\/index.php\/2024\/10\/09\/policia-estatal-de-san-juan-del-rio-detiene-a-hombre-con-orden-de-aprehension-por-abuso-sexual\/\"]}]},{\"@type\":\"ImageObject\",\"inLanguage\":\"es\",\"@id\":\"https:\/\/www.nexoinformativo.mx\/index.php\/2024\/10\/09\/policia-estatal-de-san-juan-del-rio-detiene-a-hombre-con-orden-de-aprehension-por-abuso-sexual\/#primaryimage\",\"url\":\"https:\/\/www.nexoinformativo.mx\/wp-content\/uploads\/2024\/10\/unnamed-4-1-e1728504861596.jpg\",\"contentUrl\":\"https:\/\/www.nexoinformativo.mx\/wp-content\/uploads\/2024\/10\/unnamed-4-1-e1728504861596.jpg\",\"width\":800,\"height\":1067},{\"@type\":\"BreadcrumbList\",\"@id\":\"https:\/\/www.nexoinformativo.mx\/index.php\/2024\/10\/09\/policia-estatal-de-san-juan-del-rio-detiene-a-hombre-con-orden-de-aprehension-por-abuso-sexual\/#breadcrumb\",\"itemListElement\":[{\"@type\":\"ListItem\",\"position\":1,\"name\":\"Inicio\",\"item\":\"https:\/\/www.nexoinformativo.mx\/\"},{\"@type\":\"ListItem\",\"position\":2,\"name\":\"Polic\u00eda Estatal de San Juan del R\u00edo detiene a hombre con orden de aprehensi\u00f3n por abuso sexual\"}]},{\"@type\":\"WebSite\",\"@id\":\"https:\/\/www.nexoinformativo.mx\/#website\",\"url\":\"https:\/\/www.nexoinformativo.mx\/\",\"name\":\"Nexo Informativo Santiago de Quer\u00e9taro\",\"description\":\"Explora NexoInformativo y convi\u00e9rtete en parte de una comunidad que valora el conocimiento y la verdad. Tu nexoinformativo es tu puente hacia una comprensi\u00f3n m\u00e1s profunda del mundo que te rodea.\",\"publisher\":{\"@id\":\"https:\/\/www.nexoinformativo.mx\/#organization\"},\"potentialAction\":[{\"@type\":\"SearchAction\",\"target\":{\"@type\":\"EntryPoint\",\"urlTemplate\":\"https:\/\/www.nexoinformativo.mx\/?s={search_term_string}\"},\"query-input\":{\"@type\":\"PropertyValueSpecification\",\"valueRequired\":true,\"valueName\":\"search_term_string\"}}],\"inLanguage\":\"es\"},{\"@type\":\"Organization\",\"@id\":\"https:\/\/www.nexoinformativo.mx\/#organization\",\"name\":\"Nexo Informativo Santiago de Quer\u00e9taro\",\"url\":\"https:\/\/www.nexoinformativo.mx\/\",\"logo\":{\"@type\":\"ImageObject\",\"inLanguage\":\"es\",\"@id\":\"https:\/\/www.nexoinformativo.mx\/#\/schema\/logo\/image\/\",\"url\":\"https:\/\/www.nexoinformativo.mx\/wp-content\/uploads\/2024\/07\/nexoi-trasparente-2.png\",\"contentUrl\":\"https:\/\/www.nexoinformativo.mx\/wp-content\/uploads\/2024\/07\/nexoi-trasparente-2.png\",\"width\":816,\"height\":339,\"caption\":\"Nexo Informativo Santiago de Quer\u00e9taro\"},\"image\":{\"@id\":\"https:\/\/www.nexoinformativo.mx\/#\/schema\/logo\/image\/\"},\"sameAs\":[\"https:\/\/www.facebook.com\/people\/Nexo-Informativo\/61564066885511\/\"]},{\"@type\":\"Person\",\"@id\":\"https:\/\/www.nexoinformativo.mx\/#\/schema\/person\/7749d380ba08c8ca00d7bc76fd907b7d\",\"name\":\"Nexo Informativo\",\"image\":{\"@type\":\"ImageObject\",\"inLanguage\":\"es\",\"@id\":\"https:\/\/www.nexoinformativo.mx\/#\/schema\/person\/image\/\",\"url\":\"https:\/\/secure.gravatar.com\/avatar\/dde2928154642a13d95f87ddf1ea9718fe2b46760a005c53e41ff5ad610704e6?s=96&d=mm&r=g\",\"contentUrl\":\"https:\/\/secure.gravatar.com\/avatar\/dde2928154642a13d95f87ddf1ea9718fe2b46760a005c53e41ff5ad610704e6?s=96&d=mm&r=g\",\"caption\":\"Nexo Informativo\"},\"url\":\"https:\/\/www.nexoinformativo.mx\/index.php\/author\/edicion\/\"}]}<\/script>\n<!-- \/ Yoast SEO plugin. -->","yoast_head_json":{"title":"Polic\u00eda Estatal de San Juan del R\u00edo detiene a hombre con orden de aprehensi\u00f3n por abuso sexual | Nexo Informativo Santiago de Quer\u00e9taro","description":"Polic\u00eda Estatal de San Juan del R\u00edo detiene a hombre con orden de aprehensi\u00f3n por abuso sexual","robots":{"index":"index","follow":"follow","max-snippet":"max-snippet:-1","max-image-preview":"max-image-preview:large","max-video-preview":"max-video-preview:-1"},"canonical":"https:\/\/www.nexoinformativo.mx\/index.php\/2024\/10\/09\/policia-estatal-de-san-juan-del-rio-detiene-a-hombre-con-orden-de-aprehension-por-abuso-sexual\/","og_locale":"es_MX","og_type":"article","og_title":"Polic\u00eda Estatal de San Juan del R\u00edo detiene a hombre con orden de aprehensi\u00f3n por abuso sexual | Nexo Informativo Santiago de Quer\u00e9taro","og_description":"Polic\u00eda Estatal de San Juan del R\u00edo detiene a hombre con orden de aprehensi\u00f3n por abuso sexual","og_url":"https:\/\/www.nexoinformativo.mx\/index.php\/2024\/10\/09\/policia-estatal-de-san-juan-del-rio-detiene-a-hombre-con-orden-de-aprehension-por-abuso-sexual\/","og_site_name":"Nexo Informativo Santiago de Quer\u00e9taro","article_publisher":"https:\/\/www.facebook.com\/people\/Nexo-Informativo\/61564066885511\/","article_published_time":"2024-10-09T18:00:00+00:00","article_modified_time":"2024-10-10T00:29:22+00:00","og_image":[{"width":800,"height":1067,"url":"https:\/\/www.nexoinformativo.mx\/wp-content\/uploads\/2024\/10\/unnamed-4-1-e1728504861596.jpg","type":"image\/jpeg"}],"author":"Nexo Informativo","twitter_card":"summary_large_image","twitter_misc":{"Escrito por":"Nexo Informativo","Tiempo de lectura":"1 minuto"},"schema":{"@context":"https:\/\/schema.org","@graph":[{"@type":"Article","@id":"https:\/\/www.nexoinformativo.mx\/index.php\/2024\/10\/09\/policia-estatal-de-san-juan-del-rio-detiene-a-hombre-con-orden-de-aprehension-por-abuso-sexual\/#article","isPartOf":{"@id":"https:\/\/www.nexoinformativo.mx\/index.php\/2024\/10\/09\/policia-estatal-de-san-juan-del-rio-detiene-a-hombre-con-orden-de-aprehension-por-abuso-sexual\/"},"author":{"name":"Nexo Informativo","@id":"https:\/\/www.nexoinformativo.mx\/#\/schema\/person\/7749d380ba08c8ca00d7bc76fd907b7d"},"headline":"Polic\u00eda Estatal de San Juan del R\u00edo detiene a hombre con orden de aprehensi\u00f3n por abuso sexual","datePublished":"2024-10-09T18:00:00+00:00","dateModified":"2024-10-10T00:29:22+00:00","mainEntityOfPage":{"@id":"https:\/\/www.nexoinformativo.mx\/index.php\/2024\/10\/09\/policia-estatal-de-san-juan-del-rio-detiene-a-hombre-con-orden-de-aprehension-por-abuso-sexual\/"},"wordCount":126,"commentCount":0,"publisher":{"@id":"https:\/\/www.nexoinformativo.mx\/#organization"},"image":{"@id":"https:\/\/www.nexoinformativo.mx\/index.php\/2024\/10\/09\/policia-estatal-de-san-juan-del-rio-detiene-a-hombre-con-orden-de-aprehension-por-abuso-sexual\/#primaryimage"},"thumbnailUrl":"https:\/\/www.nexoinformativo.mx\/wp-content\/uploads\/2024\/10\/unnamed-4-1-e1728504861596.jpg","keywords":["AbusoSexual","Justicia","SanJuanDelR\u00edo","SeguridadQueretaro"],"articleSection":["Municipios","Sucesos","\u00daltima Hora"],"inLanguage":"es","potentialAction":[{"@type":"CommentAction","name":"Comment","target":["https:\/\/www.nexoinformativo.mx\/index.php\/2024\/10\/09\/policia-estatal-de-san-juan-del-rio-detiene-a-hombre-con-orden-de-aprehension-por-abuso-sexual\/#respond"]}]},{"@type":"WebPage","@id":"https:\/\/www.nexoinformativo.mx\/index.php\/2024\/10\/09\/policia-estatal-de-san-juan-del-rio-detiene-a-hombre-con-orden-de-aprehension-por-abuso-sexual\/","url":"https:\/\/www.nexoinformativo.mx\/index.php\/2024\/10\/09\/policia-estatal-de-san-juan-del-rio-detiene-a-hombre-con-orden-de-aprehension-por-abuso-sexual\/","name":"Polic\u00eda Estatal de San Juan del R\u00edo detiene a hombre con orden de aprehensi\u00f3n por abuso sexual | Nexo Informativo Santiago de Quer\u00e9taro","isPartOf":{"@id":"https:\/\/www.nexoinformativo.mx\/#website"},"primaryImageOfPage":{"@id":"https:\/\/www.nexoinformativo.mx\/index.php\/2024\/10\/09\/policia-estatal-de-san-juan-del-rio-detiene-a-hombre-con-orden-de-aprehension-por-abuso-sexual\/#primaryimage"},"image":{"@id":"https:\/\/www.nexoinformativo.mx\/index.php\/2024\/10\/09\/policia-estatal-de-san-juan-del-rio-detiene-a-hombre-con-orden-de-aprehension-por-abuso-sexual\/#primaryimage"},"thumbnailUrl":"https:\/\/www.nexoinformativo.mx\/wp-content\/uploads\/2024\/10\/unnamed-4-1-e1728504861596.jpg","datePublished":"2024-10-09T18:00:00+00:00","dateModified":"2024-10-10T00:29:22+00:00","description":"Polic\u00eda Estatal de San Juan del R\u00edo detiene a hombre con orden de aprehensi\u00f3n por abuso sexual","breadcrumb":{"@id":"https:\/\/www.nexoinformativo.mx\/index.php\/2024\/10\/09\/policia-estatal-de-san-juan-del-rio-detiene-a-hombre-con-orden-de-aprehension-por-abuso-sexual\/#breadcrumb"},"inLanguage":"es","potentialAction":[{"@type":"ReadAction","target":["https:\/\/www.nexoinformativo.mx\/index.php\/2024\/10\/09\/policia-estatal-de-san-juan-del-rio-detiene-a-hombre-con-orden-de-aprehension-por-abuso-sexual\/"]}]},{"@type":"ImageObject","inLanguage":"es","@id":"https:\/\/www.nexoinformativo.mx\/index.php\/2024\/10\/09\/policia-estatal-de-san-juan-del-rio-detiene-a-hombre-con-orden-de-aprehension-por-abuso-sexual\/#primaryimage","url":"https:\/\/www.nexoinformativo.mx\/wp-content\/uploads\/2024\/10\/unnamed-4-1-e1728504861596.jpg","contentUrl":"https:\/\/www.nexoinformativo.mx\/wp-content\/uploads\/2024\/10\/unnamed-4-1-e1728504861596.jpg","width":800,"height":1067},{"@type":"BreadcrumbList","@id":"https:\/\/www.nexoinformativo.mx\/index.php\/2024\/10\/09\/policia-estatal-de-san-juan-del-rio-detiene-a-hombre-con-orden-de-aprehension-por-abuso-sexual\/#breadcrumb","itemListElement":[{"@type":"ListItem","position":1,"name":"Inicio","item":"https:\/\/www.nexoinformativo.mx\/"},{"@type":"ListItem","position":2,"name":"Polic\u00eda Estatal de San Juan del R\u00edo detiene a hombre con orden de aprehensi\u00f3n por abuso sexual"}]},{"@type":"WebSite","@id":"https:\/\/www.nexoinformativo.mx\/#website","url":"https:\/\/www.nexoinformativo.mx\/","name":"Nexo Informativo Santiago de Quer\u00e9taro","description":"Explora NexoInformativo y convi\u00e9rtete en parte de una comunidad que valora el conocimiento y la verdad. Tu nexoinformativo es tu puente hacia una comprensi\u00f3n m\u00e1s profunda del mundo que te rodea.","publisher":{"@id":"https:\/\/www.nexoinformativo.mx\/#organization"},"potentialAction":[{"@type":"SearchAction","target":{"@type":"EntryPoint","urlTemplate":"https:\/\/www.nexoinformativo.mx\/?s={search_term_string}"},"query-input":{"@type":"PropertyValueSpecification","valueRequired":true,"valueName":"search_term_string"}}],"inLanguage":"es"},{"@type":"Organization","@id":"https:\/\/www.nexoinformativo.mx\/#organization","name":"Nexo Informativo Santiago de Quer\u00e9taro","url":"https:\/\/www.nexoinformativo.mx\/","logo":{"@type":"ImageObject","inLanguage":"es","@id":"https:\/\/www.nexoinformativo.mx\/#\/schema\/logo\/image\/","url":"https:\/\/www.nexoinformativo.mx\/wp-content\/uploads\/2024\/07\/nexoi-trasparente-2.png","contentUrl":"https:\/\/www.nexoinformativo.mx\/wp-content\/uploads\/2024\/07\/nexoi-trasparente-2.png","width":816,"height":339,"caption":"Nexo Informativo Santiago de Quer\u00e9taro"},"image":{"@id":"https:\/\/www.nexoinformativo.mx\/#\/schema\/logo\/image\/"},"sameAs":["https:\/\/www.facebook.com\/people\/Nexo-Informativo\/61564066885511\/"]},{"@type":"Person","@id":"https:\/\/www.nexoinformativo.mx\/#\/schema\/person\/7749d380ba08c8ca00d7bc76fd907b7d","name":"Nexo Informativo","image":{"@type":"ImageObject","inLanguage":"es","@id":"https:\/\/www.nexoinformativo.mx\/#\/schema\/person\/image\/","url":"https:\/\/secure.gravatar.com\/avatar\/dde2928154642a13d95f87ddf1ea9718fe2b46760a005c53e41ff5ad610704e6?s=96&d=mm&r=g","contentUrl":"https:\/\/secure.gravatar.com\/avatar\/dde2928154642a13d95f87ddf1ea9718fe2b46760a005c53e41ff5ad610704e6?s=96&d=mm&r=g","caption":"Nexo Informativo"},"url":"https:\/\/www.nexoinformativo.mx\/index.php\/author\/edicion\/"}]}},"_links":{"self":[{"href":"https:\/\/www.nexoinformativo.mx\/index.php\/wp-json\/wp\/v2\/posts\/3054","targetHints":{"allow":["GET"]}}],"collection":[{"href":"https:\/\/www.nexoinformativo.mx\/index.php\/wp-json\/wp\/v2\/posts"}],"about":[{"href":"https:\/\/www.nexoinformativo.mx\/index.php\/wp-json\/wp\/v2\/types\/post"}],"author":[{"embeddable":true,"href":"https:\/\/www.nexoinformativo.mx\/index.php\/wp-json\/wp\/v2\/users\/3"}],"replies":[{"embeddable":true,"href":"https:\/\/www.nexoinformativo.mx\/index.php\/wp-json\/wp\/v2\/comments?post=3054"}],"version-history":[{"count":3,"href":"https:\/\/www.nexoinformativo.mx\/index.php\/wp-json\/wp\/v2\/posts\/3054\/revisions"}],"predecessor-version":[{"id":3104,"href":"https:\/\/www.nexoinformativo.mx\/index.php\/wp-json\/wp\/v2\/posts\/3054\/revisions\/3104"}],"wp:featuredmedia":[{"embeddable":true,"href":"https:\/\/www.nexoinformativo.mx\/index.php\/wp-json\/wp\/v2\/media\/3057"}],"wp:attachment":[{"href":"https:\/\/www.nexoinformativo.mx\/index.php\/wp-json\/wp\/v2\/media?parent=3054"}],"wp:term":[{"taxonomy":"category","embeddable":true,"href":"https:\/\/www.nexoinformativo.mx\/index.php\/wp-json\/wp\/v2\/categories?post=3054"},{"taxonomy":"post_tag","embeddable":true,"href":"https:\/\/www.nexoinformativo.mx\/index.php\/wp-json\/wp\/v2\/tags?post=3054"}],"curies":[{"name":"wp","href":"https:\/\/api.w.org\/{rel}","templated":true}]}}