{"id":3117,"date":"2024-10-09T20:00:18","date_gmt":"2024-10-10T02:00:18","guid":{"rendered":"https:\/\/www.nexoinformativo.mx\/?p=3117"},"modified":"2024-10-09T23:04:21","modified_gmt":"2024-10-10T05:04:21","slug":"felifer-macias-refuerza-su-compromiso-con-la-policia-municipal-de-queretaro","status":"publish","type":"post","link":"https:\/\/www.nexoinformativo.mx\/index.php\/2024\/10\/09\/felifer-macias-refuerza-su-compromiso-con-la-policia-municipal-de-queretaro\/","title":{"rendered":"Felifer Mac\u00edas refuerza su compromiso con la Polic\u00eda Municipal de Quer\u00e9taro"},"content":{"rendered":"<p style=\"text-align: justify;\">El presidente municipal de Quer\u00e9taro, <strong>Felifer Mac\u00edas<\/strong>, reafirm\u00f3 su compromiso con la seguridad p\u00fablica durante una reuni\u00f3n con el personal operativo y administrativo de la Secretar\u00eda de Seguridad P\u00fablica. Mac\u00edas enfatiz\u00f3 que su principal objetivo es mejorar la calidad de vida de los elementos policiales, proporcionando mejores <strong>herramientas<\/strong>, <strong>infraestructura<\/strong>, <strong>equipamiento<\/strong> y <strong>capacitaci\u00f3n<\/strong>.<\/p>\n<p>&nbsp;<\/p>\n<p style=\"text-align: justify;\">\u201cMi compromiso es con la seguridad y el bienestar de ustedes. Quiero que sepan que siempre tendr\u00e1n mi apoyo mientras realizan su trabajo, y que lo har\u00e1n en condiciones adecuadas, con todo el equipo necesario para responder de manera efectiva a los llamados de emergencia\u201d, declar\u00f3 Felifer Mac\u00edas.<\/p>\n<p>&nbsp;<\/p>\n<p style=\"text-align: justify;\">Durante el encuentro, anunci\u00f3 que en diciembre presentar\u00e1 un <strong>programa de fortalecimiento policial<\/strong>, que incluir\u00e1 un <strong>aumento de la fuerza policial<\/strong>, mejoras salariales y la creaci\u00f3n de nuevas divisiones dentro de la Guardia Municipal, como la <strong>Guardia C\u00edvica<\/strong>, <strong>Vial<\/strong> y <strong>Auxiliar<\/strong>, lo que incrementar\u00e1 la capacidad de respuesta y brindar\u00e1 una mayor protecci\u00f3n a la ciudadan\u00eda.<\/p>\n<p>&nbsp;<\/p>\n<p style=\"text-align: justify;\">Este plan forma parte de los esfuerzos del gobierno municipal por mejorar la <strong>prevenci\u00f3n del delito<\/strong> y garantizar un entorno m\u00e1s seguro para todas y todos los queretanos.<\/p>\n<p>&nbsp;<\/p>\n<p style=\"text-align: center;\"><em><strong>\u00a1Informaci\u00f3n que transforma!<\/strong><\/em><\/p>\n","protected":false},"excerpt":{"rendered":"<p>El presidente municipal de Quer\u00e9taro, Felifer Mac\u00edas, reafirm\u00f3 su compromiso con la seguridad p\u00fablica durante una reuni\u00f3n con el personal operativo y administrativo de la Secretar\u00eda de Seguridad P\u00fablica.<\/p>\n","protected":false},"author":3,"featured_media":3120,"comment_status":"open","ping_status":"open","sticky":false,"template":"","format":"standard","meta":{"footnotes":""},"categories":[65,58],"tags":[1229,1228,242,266],"class_list":["post-3117","post","type-post","status-publish","format-standard","has-post-thumbnail","hentry","category-municipios","category-ultima-hora","tag-compromisoconlapolicia","tag-fortalecimientopolicial","tag-queretaroseguro","tag-seguridadqueretaro"],"yoast_head":"<!-- This site is optimized with the Yoast SEO plugin v25.0 - https:\/\/yoast.com\/wordpress\/plugins\/seo\/ -->\n<title>Felifer Mac\u00edas refuerza su compromiso con la Polic\u00eda Municipal de Quer\u00e9taro | Nexo Informativo Santiago de Quer\u00e9taro<\/title>\n<meta name=\"description\" content=\"Felifer Mac\u00edas refuerza su compromiso con la Polic\u00eda Municipal de Quer\u00e9taro\" \/>\n<meta name=\"robots\" content=\"index, follow, max-snippet:-1, max-image-preview:large, max-video-preview:-1\" \/>\n<link rel=\"canonical\" href=\"https:\/\/www.nexoinformativo.mx\/index.php\/2024\/10\/09\/felifer-macias-refuerza-su-compromiso-con-la-policia-municipal-de-queretaro\/\" \/>\n<meta property=\"og:locale\" content=\"es_MX\" \/>\n<meta property=\"og:type\" content=\"article\" \/>\n<meta property=\"og:title\" content=\"Felifer Mac\u00edas refuerza su compromiso con la Polic\u00eda Municipal de Quer\u00e9taro | Nexo Informativo Santiago de Quer\u00e9taro\" \/>\n<meta property=\"og:description\" content=\"Felifer Mac\u00edas refuerza su compromiso con la Polic\u00eda Municipal de Quer\u00e9taro\" \/>\n<meta property=\"og:url\" content=\"https:\/\/www.nexoinformativo.mx\/index.php\/2024\/10\/09\/felifer-macias-refuerza-su-compromiso-con-la-policia-municipal-de-queretaro\/\" \/>\n<meta property=\"og:site_name\" content=\"Nexo Informativo Santiago de Quer\u00e9taro\" \/>\n<meta property=\"article:publisher\" content=\"https:\/\/www.facebook.com\/people\/Nexo-Informativo\/61564066885511\/\" \/>\n<meta property=\"article:published_time\" content=\"2024-10-10T02:00:18+00:00\" \/>\n<meta property=\"article:modified_time\" content=\"2024-10-10T05:04:21+00:00\" \/>\n<meta property=\"og:image\" content=\"https:\/\/www.nexoinformativo.mx\/wp-content\/uploads\/2024\/10\/PHOTO-2024-10-09-21-49-24-e1728536457515.jpg\" \/>\n\t<meta property=\"og:image:width\" content=\"800\" \/>\n\t<meta property=\"og:image:height\" content=\"533\" \/>\n\t<meta property=\"og:image:type\" content=\"image\/jpeg\" \/>\n<meta name=\"author\" content=\"Nexo Informativo\" \/>\n<meta name=\"twitter:card\" content=\"summary_large_image\" \/>\n<meta name=\"twitter:label1\" content=\"Escrito por\" \/>\n\t<meta name=\"twitter:data1\" content=\"Nexo Informativo\" \/>\n\t<meta name=\"twitter:label2\" content=\"Tiempo de lectura\" \/>\n\t<meta name=\"twitter:data2\" content=\"2 minutos\" \/>\n<script type=\"application\/ld+json\" class=\"yoast-schema-graph\">{\"@context\":\"https:\/\/schema.org\",\"@graph\":[{\"@type\":\"Article\",\"@id\":\"https:\/\/www.nexoinformativo.mx\/index.php\/2024\/10\/09\/felifer-macias-refuerza-su-compromiso-con-la-policia-municipal-de-queretaro\/#article\",\"isPartOf\":{\"@id\":\"https:\/\/www.nexoinformativo.mx\/index.php\/2024\/10\/09\/felifer-macias-refuerza-su-compromiso-con-la-policia-municipal-de-queretaro\/\"},\"author\":{\"name\":\"Nexo Informativo\",\"@id\":\"https:\/\/www.nexoinformativo.mx\/#\/schema\/person\/7749d380ba08c8ca00d7bc76fd907b7d\"},\"headline\":\"Felifer Mac\u00edas refuerza su compromiso con la Polic\u00eda Municipal de Quer\u00e9taro\",\"datePublished\":\"2024-10-10T02:00:18+00:00\",\"dateModified\":\"2024-10-10T05:04:21+00:00\",\"mainEntityOfPage\":{\"@id\":\"https:\/\/www.nexoinformativo.mx\/index.php\/2024\/10\/09\/felifer-macias-refuerza-su-compromiso-con-la-policia-municipal-de-queretaro\/\"},\"wordCount\":223,\"commentCount\":0,\"publisher\":{\"@id\":\"https:\/\/www.nexoinformativo.mx\/#organization\"},\"image\":{\"@id\":\"https:\/\/www.nexoinformativo.mx\/index.php\/2024\/10\/09\/felifer-macias-refuerza-su-compromiso-con-la-policia-municipal-de-queretaro\/#primaryimage\"},\"thumbnailUrl\":\"https:\/\/www.nexoinformativo.mx\/wp-content\/uploads\/2024\/10\/PHOTO-2024-10-09-21-49-24-e1728536457515.jpg\",\"keywords\":[\"CompromisoConLaPolic\u00eda\",\"FortalecimientoPolicial\",\"QueretaroSeguro\",\"SeguridadQueretaro\"],\"articleSection\":[\"Municipios\",\"\u00daltima Hora\"],\"inLanguage\":\"es\",\"potentialAction\":[{\"@type\":\"CommentAction\",\"name\":\"Comment\",\"target\":[\"https:\/\/www.nexoinformativo.mx\/index.php\/2024\/10\/09\/felifer-macias-refuerza-su-compromiso-con-la-policia-municipal-de-queretaro\/#respond\"]}]},{\"@type\":\"WebPage\",\"@id\":\"https:\/\/www.nexoinformativo.mx\/index.php\/2024\/10\/09\/felifer-macias-refuerza-su-compromiso-con-la-policia-municipal-de-queretaro\/\",\"url\":\"https:\/\/www.nexoinformativo.mx\/index.php\/2024\/10\/09\/felifer-macias-refuerza-su-compromiso-con-la-policia-municipal-de-queretaro\/\",\"name\":\"Felifer Mac\u00edas refuerza su compromiso con la Polic\u00eda Municipal de Quer\u00e9taro | Nexo Informativo Santiago de Quer\u00e9taro\",\"isPartOf\":{\"@id\":\"https:\/\/www.nexoinformativo.mx\/#website\"},\"primaryImageOfPage\":{\"@id\":\"https:\/\/www.nexoinformativo.mx\/index.php\/2024\/10\/09\/felifer-macias-refuerza-su-compromiso-con-la-policia-municipal-de-queretaro\/#primaryimage\"},\"image\":{\"@id\":\"https:\/\/www.nexoinformativo.mx\/index.php\/2024\/10\/09\/felifer-macias-refuerza-su-compromiso-con-la-policia-municipal-de-queretaro\/#primaryimage\"},\"thumbnailUrl\":\"https:\/\/www.nexoinformativo.mx\/wp-content\/uploads\/2024\/10\/PHOTO-2024-10-09-21-49-24-e1728536457515.jpg\",\"datePublished\":\"2024-10-10T02:00:18+00:00\",\"dateModified\":\"2024-10-10T05:04:21+00:00\",\"description\":\"Felifer Mac\u00edas refuerza su compromiso con la Polic\u00eda Municipal de Quer\u00e9taro\",\"breadcrumb\":{\"@id\":\"https:\/\/www.nexoinformativo.mx\/index.php\/2024\/10\/09\/felifer-macias-refuerza-su-compromiso-con-la-policia-municipal-de-queretaro\/#breadcrumb\"},\"inLanguage\":\"es\",\"potentialAction\":[{\"@type\":\"ReadAction\",\"target\":[\"https:\/\/www.nexoinformativo.mx\/index.php\/2024\/10\/09\/felifer-macias-refuerza-su-compromiso-con-la-policia-municipal-de-queretaro\/\"]}]},{\"@type\":\"ImageObject\",\"inLanguage\":\"es\",\"@id\":\"https:\/\/www.nexoinformativo.mx\/index.php\/2024\/10\/09\/felifer-macias-refuerza-su-compromiso-con-la-policia-municipal-de-queretaro\/#primaryimage\",\"url\":\"https:\/\/www.nexoinformativo.mx\/wp-content\/uploads\/2024\/10\/PHOTO-2024-10-09-21-49-24-e1728536457515.jpg\",\"contentUrl\":\"https:\/\/www.nexoinformativo.mx\/wp-content\/uploads\/2024\/10\/PHOTO-2024-10-09-21-49-24-e1728536457515.jpg\",\"width\":800,\"height\":533},{\"@type\":\"BreadcrumbList\",\"@id\":\"https:\/\/www.nexoinformativo.mx\/index.php\/2024\/10\/09\/felifer-macias-refuerza-su-compromiso-con-la-policia-municipal-de-queretaro\/#breadcrumb\",\"itemListElement\":[{\"@type\":\"ListItem\",\"position\":1,\"name\":\"Inicio\",\"item\":\"https:\/\/www.nexoinformativo.mx\/\"},{\"@type\":\"ListItem\",\"position\":2,\"name\":\"Felifer Mac\u00edas refuerza su compromiso con la Polic\u00eda Municipal de Quer\u00e9taro\"}]},{\"@type\":\"WebSite\",\"@id\":\"https:\/\/www.nexoinformativo.mx\/#website\",\"url\":\"https:\/\/www.nexoinformativo.mx\/\",\"name\":\"Nexo Informativo Santiago de Quer\u00e9taro\",\"description\":\"Explora NexoInformativo y convi\u00e9rtete en parte de una comunidad que valora el conocimiento y la verdad. Tu nexoinformativo es tu puente hacia una comprensi\u00f3n m\u00e1s profunda del mundo que te rodea.\",\"publisher\":{\"@id\":\"https:\/\/www.nexoinformativo.mx\/#organization\"},\"potentialAction\":[{\"@type\":\"SearchAction\",\"target\":{\"@type\":\"EntryPoint\",\"urlTemplate\":\"https:\/\/www.nexoinformativo.mx\/?s={search_term_string}\"},\"query-input\":{\"@type\":\"PropertyValueSpecification\",\"valueRequired\":true,\"valueName\":\"search_term_string\"}}],\"inLanguage\":\"es\"},{\"@type\":\"Organization\",\"@id\":\"https:\/\/www.nexoinformativo.mx\/#organization\",\"name\":\"Nexo Informativo Santiago de Quer\u00e9taro\",\"url\":\"https:\/\/www.nexoinformativo.mx\/\",\"logo\":{\"@type\":\"ImageObject\",\"inLanguage\":\"es\",\"@id\":\"https:\/\/www.nexoinformativo.mx\/#\/schema\/logo\/image\/\",\"url\":\"https:\/\/www.nexoinformativo.mx\/wp-content\/uploads\/2024\/07\/nexoi-trasparente-2.png\",\"contentUrl\":\"https:\/\/www.nexoinformativo.mx\/wp-content\/uploads\/2024\/07\/nexoi-trasparente-2.png\",\"width\":816,\"height\":339,\"caption\":\"Nexo Informativo Santiago de Quer\u00e9taro\"},\"image\":{\"@id\":\"https:\/\/www.nexoinformativo.mx\/#\/schema\/logo\/image\/\"},\"sameAs\":[\"https:\/\/www.facebook.com\/people\/Nexo-Informativo\/61564066885511\/\"]},{\"@type\":\"Person\",\"@id\":\"https:\/\/www.nexoinformativo.mx\/#\/schema\/person\/7749d380ba08c8ca00d7bc76fd907b7d\",\"name\":\"Nexo Informativo\",\"image\":{\"@type\":\"ImageObject\",\"inLanguage\":\"es\",\"@id\":\"https:\/\/www.nexoinformativo.mx\/#\/schema\/person\/image\/\",\"url\":\"https:\/\/secure.gravatar.com\/avatar\/dde2928154642a13d95f87ddf1ea9718fe2b46760a005c53e41ff5ad610704e6?s=96&d=mm&r=g\",\"contentUrl\":\"https:\/\/secure.gravatar.com\/avatar\/dde2928154642a13d95f87ddf1ea9718fe2b46760a005c53e41ff5ad610704e6?s=96&d=mm&r=g\",\"caption\":\"Nexo Informativo\"},\"url\":\"https:\/\/www.nexoinformativo.mx\/index.php\/author\/edicion\/\"}]}<\/script>\n<!-- \/ Yoast SEO plugin. -->","yoast_head_json":{"title":"Felifer Mac\u00edas refuerza su compromiso con la Polic\u00eda Municipal de Quer\u00e9taro | Nexo Informativo Santiago de Quer\u00e9taro","description":"Felifer Mac\u00edas refuerza su compromiso con la Polic\u00eda Municipal de Quer\u00e9taro","robots":{"index":"index","follow":"follow","max-snippet":"max-snippet:-1","max-image-preview":"max-image-preview:large","max-video-preview":"max-video-preview:-1"},"canonical":"https:\/\/www.nexoinformativo.mx\/index.php\/2024\/10\/09\/felifer-macias-refuerza-su-compromiso-con-la-policia-municipal-de-queretaro\/","og_locale":"es_MX","og_type":"article","og_title":"Felifer Mac\u00edas refuerza su compromiso con la Polic\u00eda Municipal de Quer\u00e9taro | Nexo Informativo Santiago de Quer\u00e9taro","og_description":"Felifer Mac\u00edas refuerza su compromiso con la Polic\u00eda Municipal de Quer\u00e9taro","og_url":"https:\/\/www.nexoinformativo.mx\/index.php\/2024\/10\/09\/felifer-macias-refuerza-su-compromiso-con-la-policia-municipal-de-queretaro\/","og_site_name":"Nexo Informativo Santiago de Quer\u00e9taro","article_publisher":"https:\/\/www.facebook.com\/people\/Nexo-Informativo\/61564066885511\/","article_published_time":"2024-10-10T02:00:18+00:00","article_modified_time":"2024-10-10T05:04:21+00:00","og_image":[{"width":800,"height":533,"url":"https:\/\/www.nexoinformativo.mx\/wp-content\/uploads\/2024\/10\/PHOTO-2024-10-09-21-49-24-e1728536457515.jpg","type":"image\/jpeg"}],"author":"Nexo Informativo","twitter_card":"summary_large_image","twitter_misc":{"Escrito por":"Nexo Informativo","Tiempo de lectura":"2 minutos"},"schema":{"@context":"https:\/\/schema.org","@graph":[{"@type":"Article","@id":"https:\/\/www.nexoinformativo.mx\/index.php\/2024\/10\/09\/felifer-macias-refuerza-su-compromiso-con-la-policia-municipal-de-queretaro\/#article","isPartOf":{"@id":"https:\/\/www.nexoinformativo.mx\/index.php\/2024\/10\/09\/felifer-macias-refuerza-su-compromiso-con-la-policia-municipal-de-queretaro\/"},"author":{"name":"Nexo Informativo","@id":"https:\/\/www.nexoinformativo.mx\/#\/schema\/person\/7749d380ba08c8ca00d7bc76fd907b7d"},"headline":"Felifer Mac\u00edas refuerza su compromiso con la Polic\u00eda Municipal de Quer\u00e9taro","datePublished":"2024-10-10T02:00:18+00:00","dateModified":"2024-10-10T05:04:21+00:00","mainEntityOfPage":{"@id":"https:\/\/www.nexoinformativo.mx\/index.php\/2024\/10\/09\/felifer-macias-refuerza-su-compromiso-con-la-policia-municipal-de-queretaro\/"},"wordCount":223,"commentCount":0,"publisher":{"@id":"https:\/\/www.nexoinformativo.mx\/#organization"},"image":{"@id":"https:\/\/www.nexoinformativo.mx\/index.php\/2024\/10\/09\/felifer-macias-refuerza-su-compromiso-con-la-policia-municipal-de-queretaro\/#primaryimage"},"thumbnailUrl":"https:\/\/www.nexoinformativo.mx\/wp-content\/uploads\/2024\/10\/PHOTO-2024-10-09-21-49-24-e1728536457515.jpg","keywords":["CompromisoConLaPolic\u00eda","FortalecimientoPolicial","QueretaroSeguro","SeguridadQueretaro"],"articleSection":["Municipios","\u00daltima Hora"],"inLanguage":"es","potentialAction":[{"@type":"CommentAction","name":"Comment","target":["https:\/\/www.nexoinformativo.mx\/index.php\/2024\/10\/09\/felifer-macias-refuerza-su-compromiso-con-la-policia-municipal-de-queretaro\/#respond"]}]},{"@type":"WebPage","@id":"https:\/\/www.nexoinformativo.mx\/index.php\/2024\/10\/09\/felifer-macias-refuerza-su-compromiso-con-la-policia-municipal-de-queretaro\/","url":"https:\/\/www.nexoinformativo.mx\/index.php\/2024\/10\/09\/felifer-macias-refuerza-su-compromiso-con-la-policia-municipal-de-queretaro\/","name":"Felifer Mac\u00edas refuerza su compromiso con la Polic\u00eda Municipal de Quer\u00e9taro | Nexo Informativo Santiago de Quer\u00e9taro","isPartOf":{"@id":"https:\/\/www.nexoinformativo.mx\/#website"},"primaryImageOfPage":{"@id":"https:\/\/www.nexoinformativo.mx\/index.php\/2024\/10\/09\/felifer-macias-refuerza-su-compromiso-con-la-policia-municipal-de-queretaro\/#primaryimage"},"image":{"@id":"https:\/\/www.nexoinformativo.mx\/index.php\/2024\/10\/09\/felifer-macias-refuerza-su-compromiso-con-la-policia-municipal-de-queretaro\/#primaryimage"},"thumbnailUrl":"https:\/\/www.nexoinformativo.mx\/wp-content\/uploads\/2024\/10\/PHOTO-2024-10-09-21-49-24-e1728536457515.jpg","datePublished":"2024-10-10T02:00:18+00:00","dateModified":"2024-10-10T05:04:21+00:00","description":"Felifer Mac\u00edas refuerza su compromiso con la Polic\u00eda Municipal de Quer\u00e9taro","breadcrumb":{"@id":"https:\/\/www.nexoinformativo.mx\/index.php\/2024\/10\/09\/felifer-macias-refuerza-su-compromiso-con-la-policia-municipal-de-queretaro\/#breadcrumb"},"inLanguage":"es","potentialAction":[{"@type":"ReadAction","target":["https:\/\/www.nexoinformativo.mx\/index.php\/2024\/10\/09\/felifer-macias-refuerza-su-compromiso-con-la-policia-municipal-de-queretaro\/"]}]},{"@type":"ImageObject","inLanguage":"es","@id":"https:\/\/www.nexoinformativo.mx\/index.php\/2024\/10\/09\/felifer-macias-refuerza-su-compromiso-con-la-policia-municipal-de-queretaro\/#primaryimage","url":"https:\/\/www.nexoinformativo.mx\/wp-content\/uploads\/2024\/10\/PHOTO-2024-10-09-21-49-24-e1728536457515.jpg","contentUrl":"https:\/\/www.nexoinformativo.mx\/wp-content\/uploads\/2024\/10\/PHOTO-2024-10-09-21-49-24-e1728536457515.jpg","width":800,"height":533},{"@type":"BreadcrumbList","@id":"https:\/\/www.nexoinformativo.mx\/index.php\/2024\/10\/09\/felifer-macias-refuerza-su-compromiso-con-la-policia-municipal-de-queretaro\/#breadcrumb","itemListElement":[{"@type":"ListItem","position":1,"name":"Inicio","item":"https:\/\/www.nexoinformativo.mx\/"},{"@type":"ListItem","position":2,"name":"Felifer Mac\u00edas refuerza su compromiso con la Polic\u00eda Municipal de Quer\u00e9taro"}]},{"@type":"WebSite","@id":"https:\/\/www.nexoinformativo.mx\/#website","url":"https:\/\/www.nexoinformativo.mx\/","name":"Nexo Informativo Santiago de Quer\u00e9taro","description":"Explora NexoInformativo y convi\u00e9rtete en parte de una comunidad que valora el conocimiento y la verdad. Tu nexoinformativo es tu puente hacia una comprensi\u00f3n m\u00e1s profunda del mundo que te rodea.","publisher":{"@id":"https:\/\/www.nexoinformativo.mx\/#organization"},"potentialAction":[{"@type":"SearchAction","target":{"@type":"EntryPoint","urlTemplate":"https:\/\/www.nexoinformativo.mx\/?s={search_term_string}"},"query-input":{"@type":"PropertyValueSpecification","valueRequired":true,"valueName":"search_term_string"}}],"inLanguage":"es"},{"@type":"Organization","@id":"https:\/\/www.nexoinformativo.mx\/#organization","name":"Nexo Informativo Santiago de Quer\u00e9taro","url":"https:\/\/www.nexoinformativo.mx\/","logo":{"@type":"ImageObject","inLanguage":"es","@id":"https:\/\/www.nexoinformativo.mx\/#\/schema\/logo\/image\/","url":"https:\/\/www.nexoinformativo.mx\/wp-content\/uploads\/2024\/07\/nexoi-trasparente-2.png","contentUrl":"https:\/\/www.nexoinformativo.mx\/wp-content\/uploads\/2024\/07\/nexoi-trasparente-2.png","width":816,"height":339,"caption":"Nexo Informativo Santiago de Quer\u00e9taro"},"image":{"@id":"https:\/\/www.nexoinformativo.mx\/#\/schema\/logo\/image\/"},"sameAs":["https:\/\/www.facebook.com\/people\/Nexo-Informativo\/61564066885511\/"]},{"@type":"Person","@id":"https:\/\/www.nexoinformativo.mx\/#\/schema\/person\/7749d380ba08c8ca00d7bc76fd907b7d","name":"Nexo Informativo","image":{"@type":"ImageObject","inLanguage":"es","@id":"https:\/\/www.nexoinformativo.mx\/#\/schema\/person\/image\/","url":"https:\/\/secure.gravatar.com\/avatar\/dde2928154642a13d95f87ddf1ea9718fe2b46760a005c53e41ff5ad610704e6?s=96&d=mm&r=g","contentUrl":"https:\/\/secure.gravatar.com\/avatar\/dde2928154642a13d95f87ddf1ea9718fe2b46760a005c53e41ff5ad610704e6?s=96&d=mm&r=g","caption":"Nexo Informativo"},"url":"https:\/\/www.nexoinformativo.mx\/index.php\/author\/edicion\/"}]}},"_links":{"self":[{"href":"https:\/\/www.nexoinformativo.mx\/index.php\/wp-json\/wp\/v2\/posts\/3117","targetHints":{"allow":["GET"]}}],"collection":[{"href":"https:\/\/www.nexoinformativo.mx\/index.php\/wp-json\/wp\/v2\/posts"}],"about":[{"href":"https:\/\/www.nexoinformativo.mx\/index.php\/wp-json\/wp\/v2\/types\/post"}],"author":[{"embeddable":true,"href":"https:\/\/www.nexoinformativo.mx\/index.php\/wp-json\/wp\/v2\/users\/3"}],"replies":[{"embeddable":true,"href":"https:\/\/www.nexoinformativo.mx\/index.php\/wp-json\/wp\/v2\/comments?post=3117"}],"version-history":[{"count":2,"href":"https:\/\/www.nexoinformativo.mx\/index.php\/wp-json\/wp\/v2\/posts\/3117\/revisions"}],"predecessor-version":[{"id":3123,"href":"https:\/\/www.nexoinformativo.mx\/index.php\/wp-json\/wp\/v2\/posts\/3117\/revisions\/3123"}],"wp:featuredmedia":[{"embeddable":true,"href":"https:\/\/www.nexoinformativo.mx\/index.php\/wp-json\/wp\/v2\/media\/3120"}],"wp:attachment":[{"href":"https:\/\/www.nexoinformativo.mx\/index.php\/wp-json\/wp\/v2\/media?parent=3117"}],"wp:term":[{"taxonomy":"category","embeddable":true,"href":"https:\/\/www.nexoinformativo.mx\/index.php\/wp-json\/wp\/v2\/categories?post=3117"},{"taxonomy":"post_tag","embeddable":true,"href":"https:\/\/www.nexoinformativo.mx\/index.php\/wp-json\/wp\/v2\/tags?post=3117"}],"curies":[{"name":"wp","href":"https:\/\/api.w.org\/{rel}","templated":true}]}}