{"id":3237,"date":"2024-10-11T10:00:01","date_gmt":"2024-10-11T16:00:01","guid":{"rendered":"https:\/\/www.nexoinformativo.mx\/?p=3237"},"modified":"2024-10-11T12:14:02","modified_gmt":"2024-10-11T18:14:02","slug":"el-presidente-municipal-de-pedro-escobedo-juan-alberto-nava-cruz-analiza-aumento-salarial-para-policias-municipales","status":"publish","type":"post","link":"https:\/\/www.nexoinformativo.mx\/index.php\/2024\/10\/11\/el-presidente-municipal-de-pedro-escobedo-juan-alberto-nava-cruz-analiza-aumento-salarial-para-policias-municipales\/","title":{"rendered":"El presidente municipal de Pedro Escobedo, Juan Alberto Nava Cruz analiza aumento salarial para polic\u00edas municipales"},"content":{"rendered":"<p style=\"text-align: justify;\">El presidente municipal de Pedro Escobedo, Juan Alberto Nava Cruz, anunci\u00f3 que se est\u00e1 evaluando un incremento en el salario de los elementos policiacos antes de que termine el a\u00f1o. Actualmente, un polic\u00eda en el municipio percibe un salario de 5,200 pesos quincenales, por lo que las autoridades est\u00e1n revisando las finanzas municipales para concretar un aumento.<\/p>\n<p>&nbsp;<\/p>\n<p style=\"text-align: justify;\">Nava Cruz destac\u00f3 que el objetivo principal es regularizar los salarios de los polic\u00edas para que cuenten con una mejor remuneraci\u00f3n, reconociendo su importancia en el mantenimiento de la seguridad en Pedro Escobedo. &#8220;Queremos una seguridad que nos atienda y trabaje porque necesitamos mejores condiciones para los oficiales&#8221;, expres\u00f3.<\/p>\n<p>&nbsp;<\/p>\n<p style=\"text-align: justify;\">Adem\u00e1s del incremento salarial, se est\u00e1 planeando una inversi\u00f3n para mejorar el parque vehicular, ya que varias patrullas se encuentran fuera de servicio. Estas acciones buscan fortalecer la capacidad operativa de la polic\u00eda municipal y garantizar una mayor seguridad para los ciudadanos.<\/p>\n<p>&nbsp;<\/p>\n<p style=\"text-align: center;\"><em><strong>\u00a1Informaci\u00f3n que transforma!<\/strong><\/em><\/p>\n","protected":false},"excerpt":{"rendered":"<p>El presidente municipal de Pedro Escobedo, Juan Alberto Nava Cruz, anunci\u00f3 que se est\u00e1 evaluando un incremento en el salario de los elementos policiacos antes de que termine el a\u00f1o.<\/p>\n","protected":false},"author":3,"featured_media":3246,"comment_status":"open","ping_status":"open","sticky":false,"template":"","format":"standard","meta":{"footnotes":""},"categories":[65,58],"tags":[1292,167,256,207],"class_list":["post-3237","post","type-post","status-publish","format-standard","has-post-thumbnail","hentry","category-municipios","category-ultima-hora","tag-aumentosalarial","tag-pedroescobedo","tag-policiasmunicipales","tag-seguridadpublica"],"yoast_head":"<!-- This site is optimized with the Yoast SEO plugin v25.0 - https:\/\/yoast.com\/wordpress\/plugins\/seo\/ -->\n<title>El presidente municipal de Pedro Escobedo, Juan Alberto Nava Cruz analiza aumento salarial para polic\u00edas municipales | Nexo Informativo Santiago de Quer\u00e9taro<\/title>\n<meta name=\"description\" content=\"El presidente municipal de Pedro Escobedo, Juan Alberto Nava Cruz analiza aumento salarial para polic\u00edas municipales\" \/>\n<meta name=\"robots\" content=\"index, follow, max-snippet:-1, max-image-preview:large, max-video-preview:-1\" \/>\n<link rel=\"canonical\" href=\"https:\/\/www.nexoinformativo.mx\/index.php\/2024\/10\/11\/el-presidente-municipal-de-pedro-escobedo-juan-alberto-nava-cruz-analiza-aumento-salarial-para-policias-municipales\/\" \/>\n<meta property=\"og:locale\" content=\"es_MX\" \/>\n<meta property=\"og:type\" content=\"article\" \/>\n<meta property=\"og:title\" content=\"El presidente municipal de Pedro Escobedo, Juan Alberto Nava Cruz analiza aumento salarial para polic\u00edas municipales | Nexo Informativo Santiago de Quer\u00e9taro\" \/>\n<meta property=\"og:description\" content=\"El presidente municipal de Pedro Escobedo, Juan Alberto Nava Cruz analiza aumento salarial para polic\u00edas municipales\" \/>\n<meta property=\"og:url\" content=\"https:\/\/www.nexoinformativo.mx\/index.php\/2024\/10\/11\/el-presidente-municipal-de-pedro-escobedo-juan-alberto-nava-cruz-analiza-aumento-salarial-para-policias-municipales\/\" \/>\n<meta property=\"og:site_name\" content=\"Nexo Informativo Santiago de Quer\u00e9taro\" \/>\n<meta property=\"article:publisher\" content=\"https:\/\/www.facebook.com\/people\/Nexo-Informativo\/61564066885511\/\" \/>\n<meta property=\"article:published_time\" content=\"2024-10-11T16:00:01+00:00\" \/>\n<meta property=\"article:modified_time\" content=\"2024-10-11T18:14:02+00:00\" \/>\n<meta property=\"og:image\" content=\"https:\/\/www.nexoinformativo.mx\/wp-content\/uploads\/2024\/10\/unnamed-1-3-e1728670399749.jpg\" \/>\n\t<meta property=\"og:image:width\" content=\"800\" \/>\n\t<meta property=\"og:image:height\" content=\"536\" \/>\n\t<meta property=\"og:image:type\" content=\"image\/jpeg\" \/>\n<meta name=\"author\" content=\"Nexo Informativo\" \/>\n<meta name=\"twitter:card\" content=\"summary_large_image\" \/>\n<meta name=\"twitter:label1\" content=\"Escrito por\" \/>\n\t<meta name=\"twitter:data1\" content=\"Nexo Informativo\" \/>\n\t<meta name=\"twitter:label2\" content=\"Tiempo de lectura\" \/>\n\t<meta name=\"twitter:data2\" content=\"1 minuto\" \/>\n<script type=\"application\/ld+json\" class=\"yoast-schema-graph\">{\"@context\":\"https:\/\/schema.org\",\"@graph\":[{\"@type\":\"Article\",\"@id\":\"https:\/\/www.nexoinformativo.mx\/index.php\/2024\/10\/11\/el-presidente-municipal-de-pedro-escobedo-juan-alberto-nava-cruz-analiza-aumento-salarial-para-policias-municipales\/#article\",\"isPartOf\":{\"@id\":\"https:\/\/www.nexoinformativo.mx\/index.php\/2024\/10\/11\/el-presidente-municipal-de-pedro-escobedo-juan-alberto-nava-cruz-analiza-aumento-salarial-para-policias-municipales\/\"},\"author\":{\"name\":\"Nexo Informativo\",\"@id\":\"https:\/\/www.nexoinformativo.mx\/#\/schema\/person\/7749d380ba08c8ca00d7bc76fd907b7d\"},\"headline\":\"El presidente municipal de Pedro Escobedo, Juan Alberto Nava Cruz analiza aumento salarial para polic\u00edas municipales\",\"datePublished\":\"2024-10-11T16:00:01+00:00\",\"dateModified\":\"2024-10-11T18:14:02+00:00\",\"mainEntityOfPage\":{\"@id\":\"https:\/\/www.nexoinformativo.mx\/index.php\/2024\/10\/11\/el-presidente-municipal-de-pedro-escobedo-juan-alberto-nava-cruz-analiza-aumento-salarial-para-policias-municipales\/\"},\"wordCount\":179,\"commentCount\":0,\"publisher\":{\"@id\":\"https:\/\/www.nexoinformativo.mx\/#organization\"},\"image\":{\"@id\":\"https:\/\/www.nexoinformativo.mx\/index.php\/2024\/10\/11\/el-presidente-municipal-de-pedro-escobedo-juan-alberto-nava-cruz-analiza-aumento-salarial-para-policias-municipales\/#primaryimage\"},\"thumbnailUrl\":\"https:\/\/www.nexoinformativo.mx\/wp-content\/uploads\/2024\/10\/unnamed-1-3-e1728670399749.jpg\",\"keywords\":[\"AumentoSalarial\",\"PedroEscobedo\",\"PoliciasMunicipales\",\"SeguridadP\u00fablica\"],\"articleSection\":[\"Municipios\",\"\u00daltima Hora\"],\"inLanguage\":\"es\",\"potentialAction\":[{\"@type\":\"CommentAction\",\"name\":\"Comment\",\"target\":[\"https:\/\/www.nexoinformativo.mx\/index.php\/2024\/10\/11\/el-presidente-municipal-de-pedro-escobedo-juan-alberto-nava-cruz-analiza-aumento-salarial-para-policias-municipales\/#respond\"]}]},{\"@type\":\"WebPage\",\"@id\":\"https:\/\/www.nexoinformativo.mx\/index.php\/2024\/10\/11\/el-presidente-municipal-de-pedro-escobedo-juan-alberto-nava-cruz-analiza-aumento-salarial-para-policias-municipales\/\",\"url\":\"https:\/\/www.nexoinformativo.mx\/index.php\/2024\/10\/11\/el-presidente-municipal-de-pedro-escobedo-juan-alberto-nava-cruz-analiza-aumento-salarial-para-policias-municipales\/\",\"name\":\"El presidente municipal de Pedro Escobedo, Juan Alberto Nava Cruz analiza aumento salarial para polic\u00edas municipales | Nexo Informativo Santiago de Quer\u00e9taro\",\"isPartOf\":{\"@id\":\"https:\/\/www.nexoinformativo.mx\/#website\"},\"primaryImageOfPage\":{\"@id\":\"https:\/\/www.nexoinformativo.mx\/index.php\/2024\/10\/11\/el-presidente-municipal-de-pedro-escobedo-juan-alberto-nava-cruz-analiza-aumento-salarial-para-policias-municipales\/#primaryimage\"},\"image\":{\"@id\":\"https:\/\/www.nexoinformativo.mx\/index.php\/2024\/10\/11\/el-presidente-municipal-de-pedro-escobedo-juan-alberto-nava-cruz-analiza-aumento-salarial-para-policias-municipales\/#primaryimage\"},\"thumbnailUrl\":\"https:\/\/www.nexoinformativo.mx\/wp-content\/uploads\/2024\/10\/unnamed-1-3-e1728670399749.jpg\",\"datePublished\":\"2024-10-11T16:00:01+00:00\",\"dateModified\":\"2024-10-11T18:14:02+00:00\",\"description\":\"El presidente municipal de Pedro Escobedo, Juan Alberto Nava Cruz analiza aumento salarial para polic\u00edas municipales\",\"breadcrumb\":{\"@id\":\"https:\/\/www.nexoinformativo.mx\/index.php\/2024\/10\/11\/el-presidente-municipal-de-pedro-escobedo-juan-alberto-nava-cruz-analiza-aumento-salarial-para-policias-municipales\/#breadcrumb\"},\"inLanguage\":\"es\",\"potentialAction\":[{\"@type\":\"ReadAction\",\"target\":[\"https:\/\/www.nexoinformativo.mx\/index.php\/2024\/10\/11\/el-presidente-municipal-de-pedro-escobedo-juan-alberto-nava-cruz-analiza-aumento-salarial-para-policias-municipales\/\"]}]},{\"@type\":\"ImageObject\",\"inLanguage\":\"es\",\"@id\":\"https:\/\/www.nexoinformativo.mx\/index.php\/2024\/10\/11\/el-presidente-municipal-de-pedro-escobedo-juan-alberto-nava-cruz-analiza-aumento-salarial-para-policias-municipales\/#primaryimage\",\"url\":\"https:\/\/www.nexoinformativo.mx\/wp-content\/uploads\/2024\/10\/unnamed-1-3-e1728670399749.jpg\",\"contentUrl\":\"https:\/\/www.nexoinformativo.mx\/wp-content\/uploads\/2024\/10\/unnamed-1-3-e1728670399749.jpg\",\"width\":800,\"height\":536},{\"@type\":\"BreadcrumbList\",\"@id\":\"https:\/\/www.nexoinformativo.mx\/index.php\/2024\/10\/11\/el-presidente-municipal-de-pedro-escobedo-juan-alberto-nava-cruz-analiza-aumento-salarial-para-policias-municipales\/#breadcrumb\",\"itemListElement\":[{\"@type\":\"ListItem\",\"position\":1,\"name\":\"Inicio\",\"item\":\"https:\/\/www.nexoinformativo.mx\/\"},{\"@type\":\"ListItem\",\"position\":2,\"name\":\"El presidente municipal de Pedro Escobedo, Juan Alberto Nava Cruz analiza aumento salarial para polic\u00edas municipales\"}]},{\"@type\":\"WebSite\",\"@id\":\"https:\/\/www.nexoinformativo.mx\/#website\",\"url\":\"https:\/\/www.nexoinformativo.mx\/\",\"name\":\"Nexo Informativo Santiago de Quer\u00e9taro\",\"description\":\"Explora NexoInformativo y convi\u00e9rtete en parte de una comunidad que valora el conocimiento y la verdad. Tu nexoinformativo es tu puente hacia una comprensi\u00f3n m\u00e1s profunda del mundo que te rodea.\",\"publisher\":{\"@id\":\"https:\/\/www.nexoinformativo.mx\/#organization\"},\"potentialAction\":[{\"@type\":\"SearchAction\",\"target\":{\"@type\":\"EntryPoint\",\"urlTemplate\":\"https:\/\/www.nexoinformativo.mx\/?s={search_term_string}\"},\"query-input\":{\"@type\":\"PropertyValueSpecification\",\"valueRequired\":true,\"valueName\":\"search_term_string\"}}],\"inLanguage\":\"es\"},{\"@type\":\"Organization\",\"@id\":\"https:\/\/www.nexoinformativo.mx\/#organization\",\"name\":\"Nexo Informativo Santiago de Quer\u00e9taro\",\"url\":\"https:\/\/www.nexoinformativo.mx\/\",\"logo\":{\"@type\":\"ImageObject\",\"inLanguage\":\"es\",\"@id\":\"https:\/\/www.nexoinformativo.mx\/#\/schema\/logo\/image\/\",\"url\":\"https:\/\/www.nexoinformativo.mx\/wp-content\/uploads\/2024\/07\/nexoi-trasparente-2.png\",\"contentUrl\":\"https:\/\/www.nexoinformativo.mx\/wp-content\/uploads\/2024\/07\/nexoi-trasparente-2.png\",\"width\":816,\"height\":339,\"caption\":\"Nexo Informativo Santiago de Quer\u00e9taro\"},\"image\":{\"@id\":\"https:\/\/www.nexoinformativo.mx\/#\/schema\/logo\/image\/\"},\"sameAs\":[\"https:\/\/www.facebook.com\/people\/Nexo-Informativo\/61564066885511\/\"]},{\"@type\":\"Person\",\"@id\":\"https:\/\/www.nexoinformativo.mx\/#\/schema\/person\/7749d380ba08c8ca00d7bc76fd907b7d\",\"name\":\"Nexo Informativo\",\"image\":{\"@type\":\"ImageObject\",\"inLanguage\":\"es\",\"@id\":\"https:\/\/www.nexoinformativo.mx\/#\/schema\/person\/image\/\",\"url\":\"https:\/\/secure.gravatar.com\/avatar\/dde2928154642a13d95f87ddf1ea9718fe2b46760a005c53e41ff5ad610704e6?s=96&d=mm&r=g\",\"contentUrl\":\"https:\/\/secure.gravatar.com\/avatar\/dde2928154642a13d95f87ddf1ea9718fe2b46760a005c53e41ff5ad610704e6?s=96&d=mm&r=g\",\"caption\":\"Nexo Informativo\"},\"url\":\"https:\/\/www.nexoinformativo.mx\/index.php\/author\/edicion\/\"}]}<\/script>\n<!-- \/ Yoast SEO plugin. -->","yoast_head_json":{"title":"El presidente municipal de Pedro Escobedo, Juan Alberto Nava Cruz analiza aumento salarial para polic\u00edas municipales | Nexo Informativo Santiago de Quer\u00e9taro","description":"El presidente municipal de Pedro Escobedo, Juan Alberto Nava Cruz analiza aumento salarial para polic\u00edas municipales","robots":{"index":"index","follow":"follow","max-snippet":"max-snippet:-1","max-image-preview":"max-image-preview:large","max-video-preview":"max-video-preview:-1"},"canonical":"https:\/\/www.nexoinformativo.mx\/index.php\/2024\/10\/11\/el-presidente-municipal-de-pedro-escobedo-juan-alberto-nava-cruz-analiza-aumento-salarial-para-policias-municipales\/","og_locale":"es_MX","og_type":"article","og_title":"El presidente municipal de Pedro Escobedo, Juan Alberto Nava Cruz analiza aumento salarial para polic\u00edas municipales | Nexo Informativo Santiago de Quer\u00e9taro","og_description":"El presidente municipal de Pedro Escobedo, Juan Alberto Nava Cruz analiza aumento salarial para polic\u00edas municipales","og_url":"https:\/\/www.nexoinformativo.mx\/index.php\/2024\/10\/11\/el-presidente-municipal-de-pedro-escobedo-juan-alberto-nava-cruz-analiza-aumento-salarial-para-policias-municipales\/","og_site_name":"Nexo Informativo Santiago de Quer\u00e9taro","article_publisher":"https:\/\/www.facebook.com\/people\/Nexo-Informativo\/61564066885511\/","article_published_time":"2024-10-11T16:00:01+00:00","article_modified_time":"2024-10-11T18:14:02+00:00","og_image":[{"width":800,"height":536,"url":"https:\/\/www.nexoinformativo.mx\/wp-content\/uploads\/2024\/10\/unnamed-1-3-e1728670399749.jpg","type":"image\/jpeg"}],"author":"Nexo Informativo","twitter_card":"summary_large_image","twitter_misc":{"Escrito por":"Nexo Informativo","Tiempo de lectura":"1 minuto"},"schema":{"@context":"https:\/\/schema.org","@graph":[{"@type":"Article","@id":"https:\/\/www.nexoinformativo.mx\/index.php\/2024\/10\/11\/el-presidente-municipal-de-pedro-escobedo-juan-alberto-nava-cruz-analiza-aumento-salarial-para-policias-municipales\/#article","isPartOf":{"@id":"https:\/\/www.nexoinformativo.mx\/index.php\/2024\/10\/11\/el-presidente-municipal-de-pedro-escobedo-juan-alberto-nava-cruz-analiza-aumento-salarial-para-policias-municipales\/"},"author":{"name":"Nexo Informativo","@id":"https:\/\/www.nexoinformativo.mx\/#\/schema\/person\/7749d380ba08c8ca00d7bc76fd907b7d"},"headline":"El presidente municipal de Pedro Escobedo, Juan Alberto Nava Cruz analiza aumento salarial para polic\u00edas municipales","datePublished":"2024-10-11T16:00:01+00:00","dateModified":"2024-10-11T18:14:02+00:00","mainEntityOfPage":{"@id":"https:\/\/www.nexoinformativo.mx\/index.php\/2024\/10\/11\/el-presidente-municipal-de-pedro-escobedo-juan-alberto-nava-cruz-analiza-aumento-salarial-para-policias-municipales\/"},"wordCount":179,"commentCount":0,"publisher":{"@id":"https:\/\/www.nexoinformativo.mx\/#organization"},"image":{"@id":"https:\/\/www.nexoinformativo.mx\/index.php\/2024\/10\/11\/el-presidente-municipal-de-pedro-escobedo-juan-alberto-nava-cruz-analiza-aumento-salarial-para-policias-municipales\/#primaryimage"},"thumbnailUrl":"https:\/\/www.nexoinformativo.mx\/wp-content\/uploads\/2024\/10\/unnamed-1-3-e1728670399749.jpg","keywords":["AumentoSalarial","PedroEscobedo","PoliciasMunicipales","SeguridadP\u00fablica"],"articleSection":["Municipios","\u00daltima Hora"],"inLanguage":"es","potentialAction":[{"@type":"CommentAction","name":"Comment","target":["https:\/\/www.nexoinformativo.mx\/index.php\/2024\/10\/11\/el-presidente-municipal-de-pedro-escobedo-juan-alberto-nava-cruz-analiza-aumento-salarial-para-policias-municipales\/#respond"]}]},{"@type":"WebPage","@id":"https:\/\/www.nexoinformativo.mx\/index.php\/2024\/10\/11\/el-presidente-municipal-de-pedro-escobedo-juan-alberto-nava-cruz-analiza-aumento-salarial-para-policias-municipales\/","url":"https:\/\/www.nexoinformativo.mx\/index.php\/2024\/10\/11\/el-presidente-municipal-de-pedro-escobedo-juan-alberto-nava-cruz-analiza-aumento-salarial-para-policias-municipales\/","name":"El presidente municipal de Pedro Escobedo, Juan Alberto Nava Cruz analiza aumento salarial para polic\u00edas municipales | Nexo Informativo Santiago de Quer\u00e9taro","isPartOf":{"@id":"https:\/\/www.nexoinformativo.mx\/#website"},"primaryImageOfPage":{"@id":"https:\/\/www.nexoinformativo.mx\/index.php\/2024\/10\/11\/el-presidente-municipal-de-pedro-escobedo-juan-alberto-nava-cruz-analiza-aumento-salarial-para-policias-municipales\/#primaryimage"},"image":{"@id":"https:\/\/www.nexoinformativo.mx\/index.php\/2024\/10\/11\/el-presidente-municipal-de-pedro-escobedo-juan-alberto-nava-cruz-analiza-aumento-salarial-para-policias-municipales\/#primaryimage"},"thumbnailUrl":"https:\/\/www.nexoinformativo.mx\/wp-content\/uploads\/2024\/10\/unnamed-1-3-e1728670399749.jpg","datePublished":"2024-10-11T16:00:01+00:00","dateModified":"2024-10-11T18:14:02+00:00","description":"El presidente municipal de Pedro Escobedo, Juan Alberto Nava Cruz analiza aumento salarial para polic\u00edas municipales","breadcrumb":{"@id":"https:\/\/www.nexoinformativo.mx\/index.php\/2024\/10\/11\/el-presidente-municipal-de-pedro-escobedo-juan-alberto-nava-cruz-analiza-aumento-salarial-para-policias-municipales\/#breadcrumb"},"inLanguage":"es","potentialAction":[{"@type":"ReadAction","target":["https:\/\/www.nexoinformativo.mx\/index.php\/2024\/10\/11\/el-presidente-municipal-de-pedro-escobedo-juan-alberto-nava-cruz-analiza-aumento-salarial-para-policias-municipales\/"]}]},{"@type":"ImageObject","inLanguage":"es","@id":"https:\/\/www.nexoinformativo.mx\/index.php\/2024\/10\/11\/el-presidente-municipal-de-pedro-escobedo-juan-alberto-nava-cruz-analiza-aumento-salarial-para-policias-municipales\/#primaryimage","url":"https:\/\/www.nexoinformativo.mx\/wp-content\/uploads\/2024\/10\/unnamed-1-3-e1728670399749.jpg","contentUrl":"https:\/\/www.nexoinformativo.mx\/wp-content\/uploads\/2024\/10\/unnamed-1-3-e1728670399749.jpg","width":800,"height":536},{"@type":"BreadcrumbList","@id":"https:\/\/www.nexoinformativo.mx\/index.php\/2024\/10\/11\/el-presidente-municipal-de-pedro-escobedo-juan-alberto-nava-cruz-analiza-aumento-salarial-para-policias-municipales\/#breadcrumb","itemListElement":[{"@type":"ListItem","position":1,"name":"Inicio","item":"https:\/\/www.nexoinformativo.mx\/"},{"@type":"ListItem","position":2,"name":"El presidente municipal de Pedro Escobedo, Juan Alberto Nava Cruz analiza aumento salarial para polic\u00edas municipales"}]},{"@type":"WebSite","@id":"https:\/\/www.nexoinformativo.mx\/#website","url":"https:\/\/www.nexoinformativo.mx\/","name":"Nexo Informativo Santiago de Quer\u00e9taro","description":"Explora NexoInformativo y convi\u00e9rtete en parte de una comunidad que valora el conocimiento y la verdad. Tu nexoinformativo es tu puente hacia una comprensi\u00f3n m\u00e1s profunda del mundo que te rodea.","publisher":{"@id":"https:\/\/www.nexoinformativo.mx\/#organization"},"potentialAction":[{"@type":"SearchAction","target":{"@type":"EntryPoint","urlTemplate":"https:\/\/www.nexoinformativo.mx\/?s={search_term_string}"},"query-input":{"@type":"PropertyValueSpecification","valueRequired":true,"valueName":"search_term_string"}}],"inLanguage":"es"},{"@type":"Organization","@id":"https:\/\/www.nexoinformativo.mx\/#organization","name":"Nexo Informativo Santiago de Quer\u00e9taro","url":"https:\/\/www.nexoinformativo.mx\/","logo":{"@type":"ImageObject","inLanguage":"es","@id":"https:\/\/www.nexoinformativo.mx\/#\/schema\/logo\/image\/","url":"https:\/\/www.nexoinformativo.mx\/wp-content\/uploads\/2024\/07\/nexoi-trasparente-2.png","contentUrl":"https:\/\/www.nexoinformativo.mx\/wp-content\/uploads\/2024\/07\/nexoi-trasparente-2.png","width":816,"height":339,"caption":"Nexo Informativo Santiago de Quer\u00e9taro"},"image":{"@id":"https:\/\/www.nexoinformativo.mx\/#\/schema\/logo\/image\/"},"sameAs":["https:\/\/www.facebook.com\/people\/Nexo-Informativo\/61564066885511\/"]},{"@type":"Person","@id":"https:\/\/www.nexoinformativo.mx\/#\/schema\/person\/7749d380ba08c8ca00d7bc76fd907b7d","name":"Nexo Informativo","image":{"@type":"ImageObject","inLanguage":"es","@id":"https:\/\/www.nexoinformativo.mx\/#\/schema\/person\/image\/","url":"https:\/\/secure.gravatar.com\/avatar\/dde2928154642a13d95f87ddf1ea9718fe2b46760a005c53e41ff5ad610704e6?s=96&d=mm&r=g","contentUrl":"https:\/\/secure.gravatar.com\/avatar\/dde2928154642a13d95f87ddf1ea9718fe2b46760a005c53e41ff5ad610704e6?s=96&d=mm&r=g","caption":"Nexo Informativo"},"url":"https:\/\/www.nexoinformativo.mx\/index.php\/author\/edicion\/"}]}},"_links":{"self":[{"href":"https:\/\/www.nexoinformativo.mx\/index.php\/wp-json\/wp\/v2\/posts\/3237","targetHints":{"allow":["GET"]}}],"collection":[{"href":"https:\/\/www.nexoinformativo.mx\/index.php\/wp-json\/wp\/v2\/posts"}],"about":[{"href":"https:\/\/www.nexoinformativo.mx\/index.php\/wp-json\/wp\/v2\/types\/post"}],"author":[{"embeddable":true,"href":"https:\/\/www.nexoinformativo.mx\/index.php\/wp-json\/wp\/v2\/users\/3"}],"replies":[{"embeddable":true,"href":"https:\/\/www.nexoinformativo.mx\/index.php\/wp-json\/wp\/v2\/comments?post=3237"}],"version-history":[{"count":1,"href":"https:\/\/www.nexoinformativo.mx\/index.php\/wp-json\/wp\/v2\/posts\/3237\/revisions"}],"predecessor-version":[{"id":3247,"href":"https:\/\/www.nexoinformativo.mx\/index.php\/wp-json\/wp\/v2\/posts\/3237\/revisions\/3247"}],"wp:featuredmedia":[{"embeddable":true,"href":"https:\/\/www.nexoinformativo.mx\/index.php\/wp-json\/wp\/v2\/media\/3246"}],"wp:attachment":[{"href":"https:\/\/www.nexoinformativo.mx\/index.php\/wp-json\/wp\/v2\/media?parent=3237"}],"wp:term":[{"taxonomy":"category","embeddable":true,"href":"https:\/\/www.nexoinformativo.mx\/index.php\/wp-json\/wp\/v2\/categories?post=3237"},{"taxonomy":"post_tag","embeddable":true,"href":"https:\/\/www.nexoinformativo.mx\/index.php\/wp-json\/wp\/v2\/tags?post=3237"}],"curies":[{"name":"wp","href":"https:\/\/api.w.org\/{rel}","templated":true}]}}