{"id":3238,"date":"2024-10-11T09:00:08","date_gmt":"2024-10-11T15:00:08","guid":{"rendered":"https:\/\/www.nexoinformativo.mx\/?p=3238"},"modified":"2024-10-21T17:42:37","modified_gmt":"2024-10-21T23:42:37","slug":"el-gobernador-mauricio-kuri-avanza-en-el-proyecto-de-regeneracion-de-agua-el-batan-ante-conagua","status":"publish","type":"post","link":"https:\/\/www.nexoinformativo.mx\/index.php\/2024\/10\/11\/el-gobernador-mauricio-kuri-avanza-en-el-proyecto-de-regeneracion-de-agua-el-batan-ante-conagua\/","title":{"rendered":"El gobernador Mauricio Kuri avanza en el proyecto de regeneraci\u00f3n de agua, El Bat\u00e1n ante Conagua"},"content":{"rendered":"<p style=\"text-align: justify;\">El gobernador del estado de Quer\u00e9taro, Mauricio Kuri Gonz\u00e1lez, se reuni\u00f3 recientemente con Efra\u00edn Morales L\u00f3pez, titular de la Comisi\u00f3n Nacional del Agua (Conagua), para dar seguimiento al proyecto del Sistema de Regeneraci\u00f3n de Agua El Bat\u00e1n.<\/p>\n<p>&nbsp;<\/p>\n<p style=\"text-align: justify;\">Este encuentro tuvo como objetivo revisar los avances en las acciones que buscan garantizar la sustentabilidad del agua en la entidad, un recurso vital para la poblaci\u00f3n. Durante la reuni\u00f3n, Kuri y Morales L\u00f3pez reafirmaron su compromiso de consolidar iniciativas necesarias para asegurar que los queretanos tengan acceso al agua.<\/p>\n<p>&nbsp;<\/p>\n<p style=\"text-align: justify;\">Ambos funcionarios subrayaron la importancia de trabajar de manera coordinada y cumplir con los plazos establecidos, lo que es fundamental para el \u00e9xito del proyecto en marcha. El proyecto <strong>El Bat\u00e1n<\/strong> es una de las iniciativas m\u00e1s relevantes en la gesti\u00f3n del agua en Quer\u00e9taro, y representa un esfuerzo significativo para enfrentar los desaf\u00edos h\u00eddricos que enfrenta la regi\u00f3n.<\/p>\n<p>&nbsp;<\/p>\n<p style=\"text-align: justify;\">La colaboraci\u00f3n entre el gobierno estatal y la <strong>Conagua<\/strong> es esencial para llevar a cabo este ambicioso plan, que busca mejorar el acceso al agua, y tambi\u00e9n promover su uso sustentable. El gobernador Kuri y el titular de Conagua coincidieron en la necesidad de continuar sumando esfuerzos hasta la total consolidaci\u00f3n del sistema, lo que beneficiar\u00e1 a la poblaci\u00f3n queretana y garantizar\u00e1 el uso adecuado de este recurso esencial.<\/p>\n<p>&nbsp;<\/p>\n<p style=\"text-align: justify;\">La gesti\u00f3n del agua es una prioridad para la administraci\u00f3n estatal, y este tipo de reuniones son clave para avanzar en los proyectos que impactan directamente en la calidad de vida de los ciudadanos.<\/p>\n<p>&nbsp;<\/p>\n<p style=\"text-align: center;\"><em><strong>\u00a1Informaci\u00f3n que transforma!<\/strong><\/em><\/p>\n","protected":false},"excerpt":{"rendered":"<p>El gobernador del estado de Quer\u00e9taro, Mauricio Kuri Gonz\u00e1lez, se reuni\u00f3 recientemente con Efra\u00edn Morales L\u00f3pez, titular de la Comisi\u00f3n Nacional del Agua (Conagua), para dar seguimiento al proyecto del Sistema de Regeneraci\u00f3n de Agua El Bat\u00e1n.<\/p>\n","protected":false},"author":3,"featured_media":3240,"comment_status":"open","ping_status":"open","sticky":false,"template":"","format":"standard","meta":{"footnotes":""},"categories":[42],"tags":[1289,1291,1290,133],"class_list":["post-3238","post","type-post","status-publish","format-standard","has-post-thumbnail","hentry","category-estado","tag-aguasustentable","tag-elbatan","tag-gobernadorkuri","tag-queretaro"],"yoast_head":"<!-- This site is optimized with the Yoast SEO plugin v25.0 - https:\/\/yoast.com\/wordpress\/plugins\/seo\/ -->\n<title>El gobernador Mauricio Kuri avanza en el proyecto de regeneraci\u00f3n de agua, El Bat\u00e1n ante Conagua | Nexo Informativo Santiago de Quer\u00e9taro<\/title>\n<meta name=\"description\" content=\"El gobernador Mauricio Kuri avanza en el proyecto de regeneraci\u00f3n de agua, El Bat\u00e1n ante Conagua\" \/>\n<meta name=\"robots\" content=\"index, follow, max-snippet:-1, max-image-preview:large, max-video-preview:-1\" \/>\n<link rel=\"canonical\" href=\"https:\/\/www.nexoinformativo.mx\/index.php\/2024\/10\/11\/el-gobernador-mauricio-kuri-avanza-en-el-proyecto-de-regeneracion-de-agua-el-batan-ante-conagua\/\" \/>\n<meta property=\"og:locale\" content=\"es_MX\" \/>\n<meta property=\"og:type\" content=\"article\" \/>\n<meta property=\"og:title\" content=\"El gobernador Mauricio Kuri avanza en el proyecto de regeneraci\u00f3n de agua, El Bat\u00e1n ante Conagua | Nexo Informativo Santiago de Quer\u00e9taro\" \/>\n<meta property=\"og:description\" content=\"El gobernador Mauricio Kuri avanza en el proyecto de regeneraci\u00f3n de agua, El Bat\u00e1n ante Conagua\" \/>\n<meta property=\"og:url\" content=\"https:\/\/www.nexoinformativo.mx\/index.php\/2024\/10\/11\/el-gobernador-mauricio-kuri-avanza-en-el-proyecto-de-regeneracion-de-agua-el-batan-ante-conagua\/\" \/>\n<meta property=\"og:site_name\" content=\"Nexo Informativo Santiago de Quer\u00e9taro\" \/>\n<meta property=\"article:publisher\" content=\"https:\/\/www.facebook.com\/people\/Nexo-Informativo\/61564066885511\/\" \/>\n<meta property=\"article:published_time\" content=\"2024-10-11T15:00:08+00:00\" \/>\n<meta property=\"article:modified_time\" content=\"2024-10-21T23:42:37+00:00\" \/>\n<meta property=\"og:image\" content=\"https:\/\/www.nexoinformativo.mx\/wp-content\/uploads\/2024\/10\/PHOTO-2024-10-11-10-18-55-e1728669988477.jpg\" \/>\n\t<meta property=\"og:image:width\" content=\"800\" \/>\n\t<meta property=\"og:image:height\" content=\"1000\" \/>\n\t<meta property=\"og:image:type\" content=\"image\/jpeg\" \/>\n<meta name=\"author\" content=\"Nexo Informativo\" \/>\n<meta name=\"twitter:card\" content=\"summary_large_image\" \/>\n<meta name=\"twitter:label1\" content=\"Escrito por\" \/>\n\t<meta name=\"twitter:data1\" content=\"Nexo Informativo\" \/>\n\t<meta name=\"twitter:label2\" content=\"Tiempo de lectura\" \/>\n\t<meta name=\"twitter:data2\" content=\"2 minutos\" \/>\n<script type=\"application\/ld+json\" class=\"yoast-schema-graph\">{\"@context\":\"https:\/\/schema.org\",\"@graph\":[{\"@type\":\"Article\",\"@id\":\"https:\/\/www.nexoinformativo.mx\/index.php\/2024\/10\/11\/el-gobernador-mauricio-kuri-avanza-en-el-proyecto-de-regeneracion-de-agua-el-batan-ante-conagua\/#article\",\"isPartOf\":{\"@id\":\"https:\/\/www.nexoinformativo.mx\/index.php\/2024\/10\/11\/el-gobernador-mauricio-kuri-avanza-en-el-proyecto-de-regeneracion-de-agua-el-batan-ante-conagua\/\"},\"author\":{\"name\":\"Nexo Informativo\",\"@id\":\"https:\/\/www.nexoinformativo.mx\/#\/schema\/person\/7749d380ba08c8ca00d7bc76fd907b7d\"},\"headline\":\"El gobernador Mauricio Kuri avanza en el proyecto de regeneraci\u00f3n de agua, El Bat\u00e1n ante Conagua\",\"datePublished\":\"2024-10-11T15:00:08+00:00\",\"dateModified\":\"2024-10-21T23:42:37+00:00\",\"mainEntityOfPage\":{\"@id\":\"https:\/\/www.nexoinformativo.mx\/index.php\/2024\/10\/11\/el-gobernador-mauricio-kuri-avanza-en-el-proyecto-de-regeneracion-de-agua-el-batan-ante-conagua\/\"},\"wordCount\":299,\"commentCount\":0,\"publisher\":{\"@id\":\"https:\/\/www.nexoinformativo.mx\/#organization\"},\"image\":{\"@id\":\"https:\/\/www.nexoinformativo.mx\/index.php\/2024\/10\/11\/el-gobernador-mauricio-kuri-avanza-en-el-proyecto-de-regeneracion-de-agua-el-batan-ante-conagua\/#primaryimage\"},\"thumbnailUrl\":\"https:\/\/www.nexoinformativo.mx\/wp-content\/uploads\/2024\/10\/PHOTO-2024-10-11-10-18-55-e1728669988477.jpg\",\"keywords\":[\"AguaSustentable\",\"ElBat\u00e1n\",\"GobernadorKuri\",\"Quer\u00e9taro\"],\"articleSection\":[\"Estado\"],\"inLanguage\":\"es\",\"potentialAction\":[{\"@type\":\"CommentAction\",\"name\":\"Comment\",\"target\":[\"https:\/\/www.nexoinformativo.mx\/index.php\/2024\/10\/11\/el-gobernador-mauricio-kuri-avanza-en-el-proyecto-de-regeneracion-de-agua-el-batan-ante-conagua\/#respond\"]}]},{\"@type\":\"WebPage\",\"@id\":\"https:\/\/www.nexoinformativo.mx\/index.php\/2024\/10\/11\/el-gobernador-mauricio-kuri-avanza-en-el-proyecto-de-regeneracion-de-agua-el-batan-ante-conagua\/\",\"url\":\"https:\/\/www.nexoinformativo.mx\/index.php\/2024\/10\/11\/el-gobernador-mauricio-kuri-avanza-en-el-proyecto-de-regeneracion-de-agua-el-batan-ante-conagua\/\",\"name\":\"El gobernador Mauricio Kuri avanza en el proyecto de regeneraci\u00f3n de agua, El Bat\u00e1n ante Conagua | Nexo Informativo Santiago de Quer\u00e9taro\",\"isPartOf\":{\"@id\":\"https:\/\/www.nexoinformativo.mx\/#website\"},\"primaryImageOfPage\":{\"@id\":\"https:\/\/www.nexoinformativo.mx\/index.php\/2024\/10\/11\/el-gobernador-mauricio-kuri-avanza-en-el-proyecto-de-regeneracion-de-agua-el-batan-ante-conagua\/#primaryimage\"},\"image\":{\"@id\":\"https:\/\/www.nexoinformativo.mx\/index.php\/2024\/10\/11\/el-gobernador-mauricio-kuri-avanza-en-el-proyecto-de-regeneracion-de-agua-el-batan-ante-conagua\/#primaryimage\"},\"thumbnailUrl\":\"https:\/\/www.nexoinformativo.mx\/wp-content\/uploads\/2024\/10\/PHOTO-2024-10-11-10-18-55-e1728669988477.jpg\",\"datePublished\":\"2024-10-11T15:00:08+00:00\",\"dateModified\":\"2024-10-21T23:42:37+00:00\",\"description\":\"El gobernador Mauricio Kuri avanza en el proyecto de regeneraci\u00f3n de agua, El Bat\u00e1n ante Conagua\",\"breadcrumb\":{\"@id\":\"https:\/\/www.nexoinformativo.mx\/index.php\/2024\/10\/11\/el-gobernador-mauricio-kuri-avanza-en-el-proyecto-de-regeneracion-de-agua-el-batan-ante-conagua\/#breadcrumb\"},\"inLanguage\":\"es\",\"potentialAction\":[{\"@type\":\"ReadAction\",\"target\":[\"https:\/\/www.nexoinformativo.mx\/index.php\/2024\/10\/11\/el-gobernador-mauricio-kuri-avanza-en-el-proyecto-de-regeneracion-de-agua-el-batan-ante-conagua\/\"]}]},{\"@type\":\"ImageObject\",\"inLanguage\":\"es\",\"@id\":\"https:\/\/www.nexoinformativo.mx\/index.php\/2024\/10\/11\/el-gobernador-mauricio-kuri-avanza-en-el-proyecto-de-regeneracion-de-agua-el-batan-ante-conagua\/#primaryimage\",\"url\":\"https:\/\/www.nexoinformativo.mx\/wp-content\/uploads\/2024\/10\/PHOTO-2024-10-11-10-18-55-e1728669988477.jpg\",\"contentUrl\":\"https:\/\/www.nexoinformativo.mx\/wp-content\/uploads\/2024\/10\/PHOTO-2024-10-11-10-18-55-e1728669988477.jpg\",\"width\":800,\"height\":1000},{\"@type\":\"BreadcrumbList\",\"@id\":\"https:\/\/www.nexoinformativo.mx\/index.php\/2024\/10\/11\/el-gobernador-mauricio-kuri-avanza-en-el-proyecto-de-regeneracion-de-agua-el-batan-ante-conagua\/#breadcrumb\",\"itemListElement\":[{\"@type\":\"ListItem\",\"position\":1,\"name\":\"Inicio\",\"item\":\"https:\/\/www.nexoinformativo.mx\/\"},{\"@type\":\"ListItem\",\"position\":2,\"name\":\"El gobernador Mauricio Kuri avanza en el proyecto de regeneraci\u00f3n de agua, El Bat\u00e1n ante Conagua\"}]},{\"@type\":\"WebSite\",\"@id\":\"https:\/\/www.nexoinformativo.mx\/#website\",\"url\":\"https:\/\/www.nexoinformativo.mx\/\",\"name\":\"Nexo Informativo Santiago de Quer\u00e9taro\",\"description\":\"Explora NexoInformativo y convi\u00e9rtete en parte de una comunidad que valora el conocimiento y la verdad. Tu nexoinformativo es tu puente hacia una comprensi\u00f3n m\u00e1s profunda del mundo que te rodea.\",\"publisher\":{\"@id\":\"https:\/\/www.nexoinformativo.mx\/#organization\"},\"potentialAction\":[{\"@type\":\"SearchAction\",\"target\":{\"@type\":\"EntryPoint\",\"urlTemplate\":\"https:\/\/www.nexoinformativo.mx\/?s={search_term_string}\"},\"query-input\":{\"@type\":\"PropertyValueSpecification\",\"valueRequired\":true,\"valueName\":\"search_term_string\"}}],\"inLanguage\":\"es\"},{\"@type\":\"Organization\",\"@id\":\"https:\/\/www.nexoinformativo.mx\/#organization\",\"name\":\"Nexo Informativo Santiago de Quer\u00e9taro\",\"url\":\"https:\/\/www.nexoinformativo.mx\/\",\"logo\":{\"@type\":\"ImageObject\",\"inLanguage\":\"es\",\"@id\":\"https:\/\/www.nexoinformativo.mx\/#\/schema\/logo\/image\/\",\"url\":\"https:\/\/www.nexoinformativo.mx\/wp-content\/uploads\/2024\/07\/nexoi-trasparente-2.png\",\"contentUrl\":\"https:\/\/www.nexoinformativo.mx\/wp-content\/uploads\/2024\/07\/nexoi-trasparente-2.png\",\"width\":816,\"height\":339,\"caption\":\"Nexo Informativo Santiago de Quer\u00e9taro\"},\"image\":{\"@id\":\"https:\/\/www.nexoinformativo.mx\/#\/schema\/logo\/image\/\"},\"sameAs\":[\"https:\/\/www.facebook.com\/people\/Nexo-Informativo\/61564066885511\/\"]},{\"@type\":\"Person\",\"@id\":\"https:\/\/www.nexoinformativo.mx\/#\/schema\/person\/7749d380ba08c8ca00d7bc76fd907b7d\",\"name\":\"Nexo Informativo\",\"image\":{\"@type\":\"ImageObject\",\"inLanguage\":\"es\",\"@id\":\"https:\/\/www.nexoinformativo.mx\/#\/schema\/person\/image\/\",\"url\":\"https:\/\/secure.gravatar.com\/avatar\/dde2928154642a13d95f87ddf1ea9718fe2b46760a005c53e41ff5ad610704e6?s=96&d=mm&r=g\",\"contentUrl\":\"https:\/\/secure.gravatar.com\/avatar\/dde2928154642a13d95f87ddf1ea9718fe2b46760a005c53e41ff5ad610704e6?s=96&d=mm&r=g\",\"caption\":\"Nexo Informativo\"},\"url\":\"https:\/\/www.nexoinformativo.mx\/index.php\/author\/edicion\/\"}]}<\/script>\n<!-- \/ Yoast SEO plugin. -->","yoast_head_json":{"title":"El gobernador Mauricio Kuri avanza en el proyecto de regeneraci\u00f3n de agua, El Bat\u00e1n ante Conagua | Nexo Informativo Santiago de Quer\u00e9taro","description":"El gobernador Mauricio Kuri avanza en el proyecto de regeneraci\u00f3n de agua, El Bat\u00e1n ante Conagua","robots":{"index":"index","follow":"follow","max-snippet":"max-snippet:-1","max-image-preview":"max-image-preview:large","max-video-preview":"max-video-preview:-1"},"canonical":"https:\/\/www.nexoinformativo.mx\/index.php\/2024\/10\/11\/el-gobernador-mauricio-kuri-avanza-en-el-proyecto-de-regeneracion-de-agua-el-batan-ante-conagua\/","og_locale":"es_MX","og_type":"article","og_title":"El gobernador Mauricio Kuri avanza en el proyecto de regeneraci\u00f3n de agua, El Bat\u00e1n ante Conagua | Nexo Informativo Santiago de Quer\u00e9taro","og_description":"El gobernador Mauricio Kuri avanza en el proyecto de regeneraci\u00f3n de agua, El Bat\u00e1n ante Conagua","og_url":"https:\/\/www.nexoinformativo.mx\/index.php\/2024\/10\/11\/el-gobernador-mauricio-kuri-avanza-en-el-proyecto-de-regeneracion-de-agua-el-batan-ante-conagua\/","og_site_name":"Nexo Informativo Santiago de Quer\u00e9taro","article_publisher":"https:\/\/www.facebook.com\/people\/Nexo-Informativo\/61564066885511\/","article_published_time":"2024-10-11T15:00:08+00:00","article_modified_time":"2024-10-21T23:42:37+00:00","og_image":[{"width":800,"height":1000,"url":"https:\/\/www.nexoinformativo.mx\/wp-content\/uploads\/2024\/10\/PHOTO-2024-10-11-10-18-55-e1728669988477.jpg","type":"image\/jpeg"}],"author":"Nexo Informativo","twitter_card":"summary_large_image","twitter_misc":{"Escrito por":"Nexo Informativo","Tiempo de lectura":"2 minutos"},"schema":{"@context":"https:\/\/schema.org","@graph":[{"@type":"Article","@id":"https:\/\/www.nexoinformativo.mx\/index.php\/2024\/10\/11\/el-gobernador-mauricio-kuri-avanza-en-el-proyecto-de-regeneracion-de-agua-el-batan-ante-conagua\/#article","isPartOf":{"@id":"https:\/\/www.nexoinformativo.mx\/index.php\/2024\/10\/11\/el-gobernador-mauricio-kuri-avanza-en-el-proyecto-de-regeneracion-de-agua-el-batan-ante-conagua\/"},"author":{"name":"Nexo Informativo","@id":"https:\/\/www.nexoinformativo.mx\/#\/schema\/person\/7749d380ba08c8ca00d7bc76fd907b7d"},"headline":"El gobernador Mauricio Kuri avanza en el proyecto de regeneraci\u00f3n de agua, El Bat\u00e1n ante Conagua","datePublished":"2024-10-11T15:00:08+00:00","dateModified":"2024-10-21T23:42:37+00:00","mainEntityOfPage":{"@id":"https:\/\/www.nexoinformativo.mx\/index.php\/2024\/10\/11\/el-gobernador-mauricio-kuri-avanza-en-el-proyecto-de-regeneracion-de-agua-el-batan-ante-conagua\/"},"wordCount":299,"commentCount":0,"publisher":{"@id":"https:\/\/www.nexoinformativo.mx\/#organization"},"image":{"@id":"https:\/\/www.nexoinformativo.mx\/index.php\/2024\/10\/11\/el-gobernador-mauricio-kuri-avanza-en-el-proyecto-de-regeneracion-de-agua-el-batan-ante-conagua\/#primaryimage"},"thumbnailUrl":"https:\/\/www.nexoinformativo.mx\/wp-content\/uploads\/2024\/10\/PHOTO-2024-10-11-10-18-55-e1728669988477.jpg","keywords":["AguaSustentable","ElBat\u00e1n","GobernadorKuri","Quer\u00e9taro"],"articleSection":["Estado"],"inLanguage":"es","potentialAction":[{"@type":"CommentAction","name":"Comment","target":["https:\/\/www.nexoinformativo.mx\/index.php\/2024\/10\/11\/el-gobernador-mauricio-kuri-avanza-en-el-proyecto-de-regeneracion-de-agua-el-batan-ante-conagua\/#respond"]}]},{"@type":"WebPage","@id":"https:\/\/www.nexoinformativo.mx\/index.php\/2024\/10\/11\/el-gobernador-mauricio-kuri-avanza-en-el-proyecto-de-regeneracion-de-agua-el-batan-ante-conagua\/","url":"https:\/\/www.nexoinformativo.mx\/index.php\/2024\/10\/11\/el-gobernador-mauricio-kuri-avanza-en-el-proyecto-de-regeneracion-de-agua-el-batan-ante-conagua\/","name":"El gobernador Mauricio Kuri avanza en el proyecto de regeneraci\u00f3n de agua, El Bat\u00e1n ante Conagua | Nexo Informativo Santiago de Quer\u00e9taro","isPartOf":{"@id":"https:\/\/www.nexoinformativo.mx\/#website"},"primaryImageOfPage":{"@id":"https:\/\/www.nexoinformativo.mx\/index.php\/2024\/10\/11\/el-gobernador-mauricio-kuri-avanza-en-el-proyecto-de-regeneracion-de-agua-el-batan-ante-conagua\/#primaryimage"},"image":{"@id":"https:\/\/www.nexoinformativo.mx\/index.php\/2024\/10\/11\/el-gobernador-mauricio-kuri-avanza-en-el-proyecto-de-regeneracion-de-agua-el-batan-ante-conagua\/#primaryimage"},"thumbnailUrl":"https:\/\/www.nexoinformativo.mx\/wp-content\/uploads\/2024\/10\/PHOTO-2024-10-11-10-18-55-e1728669988477.jpg","datePublished":"2024-10-11T15:00:08+00:00","dateModified":"2024-10-21T23:42:37+00:00","description":"El gobernador Mauricio Kuri avanza en el proyecto de regeneraci\u00f3n de agua, El Bat\u00e1n ante Conagua","breadcrumb":{"@id":"https:\/\/www.nexoinformativo.mx\/index.php\/2024\/10\/11\/el-gobernador-mauricio-kuri-avanza-en-el-proyecto-de-regeneracion-de-agua-el-batan-ante-conagua\/#breadcrumb"},"inLanguage":"es","potentialAction":[{"@type":"ReadAction","target":["https:\/\/www.nexoinformativo.mx\/index.php\/2024\/10\/11\/el-gobernador-mauricio-kuri-avanza-en-el-proyecto-de-regeneracion-de-agua-el-batan-ante-conagua\/"]}]},{"@type":"ImageObject","inLanguage":"es","@id":"https:\/\/www.nexoinformativo.mx\/index.php\/2024\/10\/11\/el-gobernador-mauricio-kuri-avanza-en-el-proyecto-de-regeneracion-de-agua-el-batan-ante-conagua\/#primaryimage","url":"https:\/\/www.nexoinformativo.mx\/wp-content\/uploads\/2024\/10\/PHOTO-2024-10-11-10-18-55-e1728669988477.jpg","contentUrl":"https:\/\/www.nexoinformativo.mx\/wp-content\/uploads\/2024\/10\/PHOTO-2024-10-11-10-18-55-e1728669988477.jpg","width":800,"height":1000},{"@type":"BreadcrumbList","@id":"https:\/\/www.nexoinformativo.mx\/index.php\/2024\/10\/11\/el-gobernador-mauricio-kuri-avanza-en-el-proyecto-de-regeneracion-de-agua-el-batan-ante-conagua\/#breadcrumb","itemListElement":[{"@type":"ListItem","position":1,"name":"Inicio","item":"https:\/\/www.nexoinformativo.mx\/"},{"@type":"ListItem","position":2,"name":"El gobernador Mauricio Kuri avanza en el proyecto de regeneraci\u00f3n de agua, El Bat\u00e1n ante Conagua"}]},{"@type":"WebSite","@id":"https:\/\/www.nexoinformativo.mx\/#website","url":"https:\/\/www.nexoinformativo.mx\/","name":"Nexo Informativo Santiago de Quer\u00e9taro","description":"Explora NexoInformativo y convi\u00e9rtete en parte de una comunidad que valora el conocimiento y la verdad. Tu nexoinformativo es tu puente hacia una comprensi\u00f3n m\u00e1s profunda del mundo que te rodea.","publisher":{"@id":"https:\/\/www.nexoinformativo.mx\/#organization"},"potentialAction":[{"@type":"SearchAction","target":{"@type":"EntryPoint","urlTemplate":"https:\/\/www.nexoinformativo.mx\/?s={search_term_string}"},"query-input":{"@type":"PropertyValueSpecification","valueRequired":true,"valueName":"search_term_string"}}],"inLanguage":"es"},{"@type":"Organization","@id":"https:\/\/www.nexoinformativo.mx\/#organization","name":"Nexo Informativo Santiago de Quer\u00e9taro","url":"https:\/\/www.nexoinformativo.mx\/","logo":{"@type":"ImageObject","inLanguage":"es","@id":"https:\/\/www.nexoinformativo.mx\/#\/schema\/logo\/image\/","url":"https:\/\/www.nexoinformativo.mx\/wp-content\/uploads\/2024\/07\/nexoi-trasparente-2.png","contentUrl":"https:\/\/www.nexoinformativo.mx\/wp-content\/uploads\/2024\/07\/nexoi-trasparente-2.png","width":816,"height":339,"caption":"Nexo Informativo Santiago de Quer\u00e9taro"},"image":{"@id":"https:\/\/www.nexoinformativo.mx\/#\/schema\/logo\/image\/"},"sameAs":["https:\/\/www.facebook.com\/people\/Nexo-Informativo\/61564066885511\/"]},{"@type":"Person","@id":"https:\/\/www.nexoinformativo.mx\/#\/schema\/person\/7749d380ba08c8ca00d7bc76fd907b7d","name":"Nexo Informativo","image":{"@type":"ImageObject","inLanguage":"es","@id":"https:\/\/www.nexoinformativo.mx\/#\/schema\/person\/image\/","url":"https:\/\/secure.gravatar.com\/avatar\/dde2928154642a13d95f87ddf1ea9718fe2b46760a005c53e41ff5ad610704e6?s=96&d=mm&r=g","contentUrl":"https:\/\/secure.gravatar.com\/avatar\/dde2928154642a13d95f87ddf1ea9718fe2b46760a005c53e41ff5ad610704e6?s=96&d=mm&r=g","caption":"Nexo Informativo"},"url":"https:\/\/www.nexoinformativo.mx\/index.php\/author\/edicion\/"}]}},"_links":{"self":[{"href":"https:\/\/www.nexoinformativo.mx\/index.php\/wp-json\/wp\/v2\/posts\/3238","targetHints":{"allow":["GET"]}}],"collection":[{"href":"https:\/\/www.nexoinformativo.mx\/index.php\/wp-json\/wp\/v2\/posts"}],"about":[{"href":"https:\/\/www.nexoinformativo.mx\/index.php\/wp-json\/wp\/v2\/types\/post"}],"author":[{"embeddable":true,"href":"https:\/\/www.nexoinformativo.mx\/index.php\/wp-json\/wp\/v2\/users\/3"}],"replies":[{"embeddable":true,"href":"https:\/\/www.nexoinformativo.mx\/index.php\/wp-json\/wp\/v2\/comments?post=3238"}],"version-history":[{"count":6,"href":"https:\/\/www.nexoinformativo.mx\/index.php\/wp-json\/wp\/v2\/posts\/3238\/revisions"}],"predecessor-version":[{"id":3242,"href":"https:\/\/www.nexoinformativo.mx\/index.php\/wp-json\/wp\/v2\/posts\/3238\/revisions\/3242"}],"wp:featuredmedia":[{"embeddable":true,"href":"https:\/\/www.nexoinformativo.mx\/index.php\/wp-json\/wp\/v2\/media\/3240"}],"wp:attachment":[{"href":"https:\/\/www.nexoinformativo.mx\/index.php\/wp-json\/wp\/v2\/media?parent=3238"}],"wp:term":[{"taxonomy":"category","embeddable":true,"href":"https:\/\/www.nexoinformativo.mx\/index.php\/wp-json\/wp\/v2\/categories?post=3238"},{"taxonomy":"post_tag","embeddable":true,"href":"https:\/\/www.nexoinformativo.mx\/index.php\/wp-json\/wp\/v2\/tags?post=3238"}],"curies":[{"name":"wp","href":"https:\/\/api.w.org\/{rel}","templated":true}]}}